{"id":27827,"date":"2025-11-02T13:50:55","date_gmt":"2025-11-02T12:50:55","guid":{"rendered":"https:\/\/evertonfc.cz\/?p=27827"},"modified":"2025-11-03T12:29:31","modified_gmt":"2025-11-03T11:29:31","slug":"preview-sunderland-everton-8","status":"publish","type":"post","link":"https:\/\/evertonfc.cz\/index.php\/2025\/11\/02\/preview-sunderland-everton-8\/","title":{"rendered":"Preview: Sunderland \u2013 Everton"},"content":{"rendered":"<h4>Karamelky sa bud\u00fa sna\u017ei\u0165 oklepa\u0165 z nepr\u00edjemnej dvojitej facky, ktor\u00fa schytali od City a Spurs, ke\u010f v pondelok cestuj\u00fa na severov\u00fdchod k rozbehnut\u00e9mu Sunderlandu.<\/h4>\n<p>Dve prehry po sebe \u2013 p\u00e4\u0165 inkasovan\u00fdch g\u00f3lov bez jedinej odpovede \u2013 to nie je pr\u00e1ve vizitka, ktor\u00fa by si David Moyes s hrdos\u0165ou zar\u00e1moval. Napriek tomu, \u017ee sa jeho mu\u017estvo v\u00e4\u010d\u0161inu sez\u00f3ny dr\u017ealo v sol\u00eddnej defenz\u00edvnej forme, t\u00e1to dvojz\u00e1pasov\u00e1 miz\u00e9ria znamen\u00e1 prv\u00fa s\u00e9riu por\u00e1\u017eok v sez\u00f3ne. A ak by Everton prehral aj tret\u00edkr\u00e1t po sebe, bol by to nepekn\u00fd n\u00e1vrat do okt\u00f3bra 2011 \u2013 naposledy, ke\u010f sa to Moyesovi stalo.<\/p>\n<p>A \u017eeby Blues trikr\u00e1t po sebe prehrali bez g\u00f3lu? To sa naposledy pod \u0160k\u00f3tov\u00fdm veden\u00edm stalo e\u0161te v roku 2005. Tentoraz teda ide o reakciu. A hoci by bolo fajn, keby bola elegantn\u00e1 a s \u00fasmevom, realita je tak\u00e1, \u017ee nov\u00e1\u010dik Sunderland nebude \u017eiadny \u0161tatista. Black Cats toti\u017e lietaj\u00fa vysoko. Zatia\u013e \u0161tvrt\u00e9 miesto v tabu\u013eke po piatich v\u00fdhrach z deviatich z\u00e1pasov a \u010derstv\u00fd skalp Chelsea (2:1) hovoria jasne.<\/p>\n<p>Everton medzit\u00fdm klesol na 14. prie\u010dku s 11 bodmi. Z\u00e1pas bude ma\u0165 osobit\u00fd n\u00e1boj pre Davida Moyesa aj Jordana Pickforda. Obaja s d\u00e1vnou stopou v klube zo Stadium of Light. Bude to z\u00e1rove\u0148 prv\u00e9 vz\u00e1jomn\u00e9 stretnutie oboch t\u00edmov od sez\u00f3ny 2016\/17. A hostia v posledn\u00fdch \u00f4smich n\u00e1v\u0161tev\u00e1ch Sunderlandu vyhrali len dvakr\u00e1t.<\/p>\n<h4><strong>Ani nov\u00e1\u010dikovia u\u017e nie s\u00fa to, \u010do b\u00fdvali&#8230;<\/strong><\/h4>\n<p>Po dvoch sez\u00f3nach, ke\u010f v\u0161etk\u00fdch \u0161es\u0165 novopost\u00fapen\u00fdch t\u00edmov hne\u010f letelo nasp\u00e4\u0165 dolu, Mackems ukazuj\u00fa, \u017ee hist\u00f3ria sa nemus\u00ed opakova\u0165. A pozor, Burnley aj Leeds, \u010fal\u0161\u00ed nov\u00e1\u010dikovia, sa dr\u017eia tie\u017e mimo zostupov\u00e9ho p\u00e1sma. Southampton m\u00f4\u017ee ticho z\u00e1vidie\u0165. Na prv\u00fd poh\u013ead by to mohlo znamena\u0165 menej \u201epovinn\u00fdch\u201c bodov pre Everton, ale \u00faprimne, my sme u\u017e p\u00e1r sez\u00f3n klub, ktor\u00fd si vie nalo\u017ei\u0165 aj s\u00e1m.<\/p>\n<p>Za posledn\u00e9 dva roky len Wolves a Bournemouth stratili proti nov\u00e1\u010dikom viac bodov ako Everton. Vlani sme ako jedin\u00ed okrem Brightonu remizovali \u010di prehrali so v\u0161etk\u00fdmi tromi \u2013 Leicesterom, Ipswichom a Southamptonom. A jedin\u00fd Everton (okrem samotn\u00e9ho Ipswichu) dok\u00e1zal dokonca prehra\u0165 so Saints. Tak\u017ee, ak Sunderland men\u00ed osud nov\u00e1\u010dikov, mo\u017eno by Everton mohol kone\u010dne zmeni\u0165 aj ten svoj.<\/p>\n<p>Teoreticky to nemus\u00ed by\u0165 bezn\u00e1dejn\u00e9. Na\u0161e probl\u00e9my proti slab\u0161\u00edm s\u00faperom dlhodobo pramenia z nedostatku kreativity \u2013 nedok\u00e1\u017eeme sa preb\u00edja\u0165 cez zatiahnut\u00e9 obrany. Ale Sunderland, nabuden\u00fd v\u00fdhrou nad Chelsea, sa doma bude chcie\u0165 uk\u00e1za\u0165, nie sa len br\u00e1ni\u0165. A to by mohlo otvori\u0165 priestor na na\u0161e proti\u00fatoky.<\/p>\n<p>Op\u00e4\u0165 \u0161tatisticky &#8211; v z\u00e1pasoch, kde Sunderland nedal loptu s\u00faperovi a kontroloval hru, prehral- Proti United aj proti Burnley. Najlep\u0161ie hraj\u00fa, ke\u010f m\u00f4\u017eu vy\u0161tartova\u0165 z hlbokej obrany. Maj\u00fa tretiu najlep\u0161iu defenz\u00edvu ligy, ale ofenz\u00edvne to nie je \u017eiadna kanon\u00e1da. Priemer len nie\u010do cez g\u00f3l na z\u00e1pas a najmenej striel na br\u00e1nu v lige.<\/p>\n<p>Aj brank\u00e1r Robin Roefs je d\u00f4vod, pre\u010do s\u00fa tak vysoko. Je druh\u00fd najlep\u0161\u00ed v lige v \u201ezabr\u00e1nen\u00fdch g\u00f3loch\u201c a hrdina z\u00e1pasov s Crystal Palace aj Nottinghamom. Ak v\u0161ak Everton ostane vern\u00fd pomalej hre po kr\u00eddlach \u2013 s nekone\u010dn\u00fdmi centrami Grealisha a Ndiayeho \u2013 bude to probl\u00e9m. Sunderland je druh\u00fd najlep\u0161\u00ed t\u00edm v lige v blokovan\u00ed centrov. Preto je mo\u017eno \u010das, aby Moyes naozaj nie\u010do zmenil.<\/p>\n<h4><strong>\u010cas na ofenz\u00edvnu revol\u00faciu?<\/strong><\/h4>\n<p>Beto a Barry \u2013 to aspo\u0148 foneticky znie ako tandem, ktor\u00fd by mal d\u00e1va\u0165 g\u00f3ly. Ale realita? Dokopy maj\u00fa jeden. Obaja patria medzi najmenej efekt\u00edvnych \u00fato\u010dn\u00edkov v\u00a0lige. Priemerne okolo 2,5 strely na z\u00e1pas, z toho minimum na br\u00e1nu. Everton si pritom vyprac\u00fava \u0161ance: pod\u013ea xG (12,5) patr\u00ed do prvej desiatky, ale premenen\u00fdch je len dev\u00e4\u0165 g\u00f3lov. Hor\u0161ie vyu\u017eitie \u0161anc\u00ed maj\u00fa u\u017e len Crystal Palace a Nottingham.<\/p>\n<p>Aj preto sa hovor\u00ed, \u017ee Moyes zva\u017euje nov\u0161\u00ed pr\u00edstup k hre dopredu. Pravdupovediac \u2013 hor\u0161ie to u\u017e by\u0165 nem\u00f4\u017ee. G\u00f3ly vyschli, a to tak, \u017ee by ich \u010dlovek h\u013eadal s pr\u00fatikom. Moyes s\u00edce za\u010d\u00edna viac d\u00f4verova\u0165 Merlinovi R\u00f6hlovi, ale zatia\u013e to nie je hr\u00e1\u010d, ktor\u00fd by z\u00e1pasy prekl\u00e1pal. A ke\u010f k tomu prir\u00e1tame absenciu Dwighta McNeila, ktor\u00e9ho \u0160k\u00f3t odsunul, ch\u00fdbaj\u00fa n\u00e1m nielen g\u00f3ly, ale aj n\u00e1paditos\u0165 v \u00fatoku.<\/p>\n<p>Charly Alcaraz by teoreticky mohol by\u0165 rie\u0161en\u00edm. M\u00e1 schopnos\u0165 aspo\u0148 vystreli\u0165, ak u\u017e nie sk\u00f3rova\u0165. Ale Moyes mu d\u00e1va priestor len na p\u00e1r min\u00fat pred z\u00e1vere\u010dn\u00fdm hvizdom. A Tyler Dibling? Chlapec sa musel po presune o 200 m\u00ed\u013e na sever c\u00edti\u0165, akoby prist\u00e1l v paralelnom vesm\u00edre, kde jeho talent zrazu prestal d\u00e1va\u0165 zmysel.<\/p>\n<p>Objavila sa teda \u0161pekul\u00e1cia, \u017ee Iliman Ndiaye by mohol by\u0165 presunut\u00fd do stredu \u00fatoku. Vlani bol najlep\u0161\u00edm strelcom s 11 g\u00f3lmi a t\u00fato sez\u00f3nu si poradil aj na kr\u00eddle. Po\u010das tla\u010dovej konferencie mana\u017e\u00e9r na ot\u00e1zku, \u010di ho sk\u00fasi ako deviatku na c\u00edpe \u00fatoku, odpovedal klasicky vyh\u00fdbavo.<\/p>\n<h4 style=\"text-align: center;\"><em>David Moyes:<\/em><\/h4>\n<blockquote><p><span style=\"font-size: 12pt;\"><em>\u201eSamozrejme, chceme, aby na\u0161i \u00fato\u010dn\u00edci d\u00e1vali viac g\u00f3lov. Nech u\u017e povieme \u010doko\u013evek, vytv\u00e1rame si viac \u0161anc\u00ed, m\u00e1me viac dr\u017eania lopty ako predt\u00fdm, sme tvorivej\u0161\u00ed v tom, \u010do rob\u00edme \u2013 tak\u017ee pr\u00e1ve tu d\u00fafame, \u017ee z toho vz\u00edde e\u0161te viac pr\u00edle\u017eitost\u00ed a \u00fato\u010dn\u00edci ich premenia. V posledn\u00fdch z\u00e1pasoch sme sa nedostali na koniec dvoch-troch situ\u00e1ci\u00ed, ktor\u00e9 by v in\u00fd de\u0148 skon\u010dili g\u00f3lom \u2013 a to men\u00ed v\u00fdsledok aj n\u00e1ladu. <\/em><\/span><span style=\"font-size: 12pt;\"><em>Je to \u0165a\u017ek\u00e9 pre kohoko\u013evek, futbalisti m\u00f4\u017eu strati\u0165 sebavedomie, ke\u010f im forma trochu od\u00edde \u2013 \u010di u\u017e je to \u00fato\u010dn\u00edk, stop\u00e9r alebo brank\u00e1r \u2013 v\u0161etci potrebuj\u00fa sebavedomie, aby hrali dobre.<\/em><\/span><\/p>\n<p><span style=\"font-size: 12pt;\"><em>Ale \u00fato\u010dn\u00edci s\u00fa t\u00ed, ktor\u00ed \u017eij\u00fa z pocitu, \u017ee d\u00e1vaj\u00fa g\u00f3ly. Tak\u017ee jedin\u00e9, \u010do m\u00f4\u017eeme urobi\u0165, je neust\u00e1le ich dost\u00e1va\u0165 do spr\u00e1vnych poz\u00edci\u00ed a veri\u0165, \u017ee tie g\u00f3ly pr\u00eddu. A my mus\u00edme z\u00e1rove\u0148 posiela\u0165 dostatok l\u00f4pt do \u0161estn\u00e1stky, aby tie \u0161ance v\u00f4bec mali. <\/em><\/span><span style=\"font-size: 12pt;\"><em>Pozriem sa aj na in\u00e9 mo\u017enosti. Ak nedost\u00e1vam to, \u010do chcem, mus\u00edm sk\u00fasi\u0165 nie\u010do in\u00e9. M\u00e1me dvoch klasick\u00fdch \u00fato\u010dn\u00edkov, ale ak by sme dali Iliho do stredu, men\u00ed to sp\u00f4sob, ak\u00fdm budujeme \u00fatok. <\/em><em>Nie\u010do mo\u017eno vysk\u00fa\u0161ame, ale hlavu do piesku ur\u010dite neschov\u00e1vame.\u201c<\/em><\/span><\/p><\/blockquote>\n<h4><strong>Zdravotn\u00fd stav<\/strong><\/h4>\n<p>Everton bude hra\u0165 bez Jarrada Branthwaiteho a Nathana Pattersona. Branthwaite bude dlh\u0161\u00ed \u010das mimo hry po tom, \u010do musel podst\u00fapi\u0165 oper\u00e1ciu kv\u00f4li zraneniu hamstringu. Patterson medzit\u00fdm podst\u00fapil \u201emal\u00fd z\u00e1krok na slabin\u00e1ch\u201c a nebude k dispoz\u00edcii v tomto z\u00e1pase. Za Sunderland nenast\u00fapia Habib Diarra a Romaine Mundle. Ot\u00e1zny je \u0161tart Hjeldeho a Cirkina, ale Aji Alese by sa mal po otrase mozgu vr\u00e1ti\u0165.<\/p>\n<h4><strong>Klubov\u00e9 novinky<\/strong><\/h4>\n<p>Hill Dickinson Stadium cez v\u00edkend hostil druh\u00fd z\u00e1pas Rugby League Ashes medzi Anglickom a Austr\u00e1liou. Prv\u00e9 ne-futbalov\u00e9 podujatie na novom \u0161tadi\u00f3ne. Tradi\u010dn\u00fd s\u00faboj, ktor\u00fd sa hral naposledy pred 22 rokmi, sa vr\u00e1til vo ve\u013ekom \u0161t\u00fdle, a Austr\u00e1lia vyhrala aj na na\u0161om tr\u00e1vniku. Ot\u00e1zka je, ako ve\u013emi to pozna\u010d\u00ed ihrisko, ktor\u00e9 sn\u00e1\u010f po\u010das sez\u00f3ny u\u017e viac z\u00e1\u0165a\u017ee nedostane. Tak\u00fd Tottenham s ple\u0161inami by vedel rozpr\u00e1va\u0165&#8230;<\/p>\n<p>Nov\u00fd sponzor na obzore! Everton poveril agent\u00faru Range Sports, aby po skon\u010den\u00ed zmluvy so Stake.com (\u00a310m ro\u010dne) na\u0161la nov\u00e9ho partnera na dresy. Od bud\u00facej sez\u00f3ny toti\u017e vstupuje do platnosti z\u00e1kaz reklamy na hazardn\u00e9 spolo\u010dnosti na dresoch Premier League. Cie\u013eom je pril\u00e1ka\u0165 \u201e\u010dist\u00e9\u201c zna\u010dky \u2013 z oblast\u00ed technol\u00f3gi\u00ed, automobilov\u00e9ho priemyslu, financi\u00ed, zdravotn\u00edctva \u010di cestovania. Nov\u00fd domov na brehu Mersey a stabilita pod vlastn\u00edctvom Friedkin Group by mohli EFC pom\u00f4c\u0165 uzavrie\u0165 v\u00e4\u010d\u0161ie, dlhodobej\u0161ie kontrakty.<\/p>\n<h4><em><strong>Resum\u00e9?<\/strong><\/em><\/h4>\n<p>Na severe sa neleskne len svetlo maj\u00e1kov, ale aj \u0161anca, \u017ee sa kone\u010dne traf\u00edme do br\u00e1ny. Moyes potrebuje \u010derstv\u00fa reakciu. Najlep\u0161ie oxid\u00e1ciu nov\u00fdch cukrov. Sunderland mo\u017eno lieta, ale aj lietaj\u00face ma\u010dky ob\u010das narazia do svetla&#8230; alebo do hoci\u010doho. Verte mi, viem o \u010dom hovor\u00edm! A pr\u00e1ve tam, na severe, sa bude l\u00e1ma\u0165, \u010di sa Everton prebud\u00ed, alebo bude pokra\u010dova\u0165 v temnom, u\u017e novembrovom bl\u00faden\u00ed&#8230;<\/p>\n<h3 style=\"text-align: center;\"><span style=\"color: #3366ff;\"><strong><em>Up The Toffees !!!<\/em><\/strong><\/span><\/h3>\n<p><strong>\u010co:<\/strong>\u00a0Sunderland AFC \u2013 Everton FC, 10. kolo Premier League<br \/>\n<strong>Kedy:<\/strong>\u00a03.11. 2025 od 21:00 SE\u010c<br \/>\n<strong>Ako:\u00a0<\/strong>CANAL+Sport (komentuje Pavel Tyl\u0161ar)<br \/>\n<strong>Kde:<\/strong>\u00a0Stadium of Light \u2013 Monkwearmouth, Sunderland SR5 1SU (kapacita: 48 707)<br \/>\n<strong>Rozhodca:<\/strong>\u00a0Tom Bramall<strong> \u00a0Asistenti:<\/strong>\u00a0C. Hatzidakis, R. West<strong> \u00a0\u0160tvrt\u00fd rozhodca:<\/strong>\u00a0T. Harrington<br \/>\n<strong>VAR:\u00a0<\/strong>Michael Salisbury<strong> \u00a0Asistent VAR:\u00a0<\/strong>Tim Wood<\/p>\n","protected":false},"excerpt":{"rendered":"<p>Karamelky sa bud\u00fa sna\u017ei\u0165 oklepa\u0165 z nepr\u00edjemnej dvojitej facky, ktor\u00fa schytali od City a Spurs, ke\u010f v pondelok cestuj\u00fa na severov\u00fdchod k rozbehnut\u00e9mu Sunderlandu.<\/p>\n","protected":false},"author":1,"featured_media":25541,"comment_status":"open","ping_status":"closed","sticky":false,"template":"","format":"standard","meta":{"_eb_attr":"","_monsterinsights_skip_tracking":false,"_monsterinsights_sitenote_active":false,"_monsterinsights_sitenote_note":"","_monsterinsights_sitenote_category":0,"footnotes":""},"categories":[4],"tags":[],"yoast_head":"<!-- This site is optimized with the Yoast SEO plugin v23.4 - https:\/\/yoast.com\/wordpress\/plugins\/seo\/ -->\n<title>Preview: Sunderland \u2013 Everton - Official Czech &amp; Slovak Everton Supporters&#039; Club<\/title>\n<meta name=\"robots\" content=\"index, follow, max-snippet:-1, max-image-preview:large, max-video-preview:-1\" \/>\n<link rel=\"canonical\" href=\"https:\/\/evertonfc.cz\/index.php\/2025\/11\/02\/preview-sunderland-everton-8\/\" \/>\n<meta property=\"og:locale\" content=\"cs_CZ\" \/>\n<meta property=\"og:type\" content=\"article\" \/>\n<meta property=\"og:title\" content=\"Preview: Sunderland \u2013 Everton - Official Czech &amp; Slovak Everton Supporters&#039; Club\" \/>\n<meta property=\"og:description\" content=\"Karamelky sa bud\u00fa sna\u017ei\u0165 oklepa\u0165 z nepr\u00edjemnej dvojitej facky, ktor\u00fa schytali od City a Spurs, ke\u010f v pondelok cestuj\u00fa na severov\u00fdchod k rozbehnut\u00e9mu Sunderlandu.\" \/>\n<meta property=\"og:url\" content=\"https:\/\/evertonfc.cz\/index.php\/2025\/11\/02\/preview-sunderland-everton-8\/\" \/>\n<meta property=\"og:site_name\" content=\"Official Czech &amp; Slovak Everton Supporters&#039; Club\" \/>\n<meta property=\"article:publisher\" content=\"https:\/\/www.facebook.com\/everton.fans.cz.sk\" \/>\n<meta property=\"article:published_time\" content=\"2025-11-02T12:50:55+00:00\" \/>\n<meta property=\"article:modified_time\" content=\"2025-11-03T11:29:31+00:00\" \/>\n<meta property=\"og:image\" content=\"https:\/\/evertonfc.cz\/wp-content\/uploads\/2024\/11\/Sunderland-VS-Everton.png\" \/>\n\t<meta property=\"og:image:width\" content=\"720\" \/>\n\t<meta property=\"og:image:height\" content=\"405\" \/>\n\t<meta property=\"og:image:type\" content=\"image\/png\" \/>\n<meta name=\"author\" content=\"BlueBlooded\" \/>\n<meta name=\"twitter:card\" content=\"summary_large_image\" \/>\n<meta name=\"twitter:label1\" content=\"Napsal(a)\" \/>\n\t<meta name=\"twitter:data1\" content=\"BlueBlooded\" \/>\n\t<meta name=\"twitter:label2\" content=\"Odhadovan\u00e1 doba \u010dten\u00ed\" \/>\n\t<meta name=\"twitter:data2\" content=\"6 minut\" \/>\n<script type=\"application\/ld+json\" class=\"yoast-schema-graph\">{\"@context\":\"https:\/\/schema.org\",\"@graph\":[{\"@type\":\"Article\",\"@id\":\"https:\/\/evertonfc.cz\/index.php\/2025\/11\/02\/preview-sunderland-everton-8\/#article\",\"isPartOf\":{\"@id\":\"https:\/\/evertonfc.cz\/index.php\/2025\/11\/02\/preview-sunderland-everton-8\/\"},\"author\":{\"name\":\"BlueBlooded\",\"@id\":\"https:\/\/evertonfc.cz\/#\/schema\/person\/d4493b8cbea51532597fbc4685698916\"},\"headline\":\"Preview: Sunderland \u2013 Everton\",\"datePublished\":\"2025-11-02T12:50:55+00:00\",\"dateModified\":\"2025-11-03T11:29:31+00:00\",\"mainEntityOfPage\":{\"@id\":\"https:\/\/evertonfc.cz\/index.php\/2025\/11\/02\/preview-sunderland-everton-8\/\"},\"wordCount\":1541,\"commentCount\":5,\"publisher\":{\"@id\":\"https:\/\/evertonfc.cz\/#organization\"},\"image\":{\"@id\":\"https:\/\/evertonfc.cz\/index.php\/2025\/11\/02\/preview-sunderland-everton-8\/#primaryimage\"},\"thumbnailUrl\":\"https:\/\/evertonfc.cz\/wp-content\/uploads\/2024\/11\/Sunderland-VS-Everton.png\",\"articleSection\":[\"Z\u00e1pasy\"],\"inLanguage\":\"cs\",\"potentialAction\":[{\"@type\":\"CommentAction\",\"name\":\"Comment\",\"target\":[\"https:\/\/evertonfc.cz\/index.php\/2025\/11\/02\/preview-sunderland-everton-8\/#respond\"]}]},{\"@type\":\"WebPage\",\"@id\":\"https:\/\/evertonfc.cz\/index.php\/2025\/11\/02\/preview-sunderland-everton-8\/\",\"url\":\"https:\/\/evertonfc.cz\/index.php\/2025\/11\/02\/preview-sunderland-everton-8\/\",\"name\":\"Preview: Sunderland \u2013 Everton - Official Czech &amp; Slovak Everton Supporters&#039; Club\",\"isPartOf\":{\"@id\":\"https:\/\/evertonfc.cz\/#website\"},\"primaryImageOfPage\":{\"@id\":\"https:\/\/evertonfc.cz\/index.php\/2025\/11\/02\/preview-sunderland-everton-8\/#primaryimage\"},\"image\":{\"@id\":\"https:\/\/evertonfc.cz\/index.php\/2025\/11\/02\/preview-sunderland-everton-8\/#primaryimage\"},\"thumbnailUrl\":\"https:\/\/evertonfc.cz\/wp-content\/uploads\/2024\/11\/Sunderland-VS-Everton.png\",\"datePublished\":\"2025-11-02T12:50:55+00:00\",\"dateModified\":\"2025-11-03T11:29:31+00:00\",\"breadcrumb\":{\"@id\":\"https:\/\/evertonfc.cz\/index.php\/2025\/11\/02\/preview-sunderland-everton-8\/#breadcrumb\"},\"inLanguage\":\"cs\",\"potentialAction\":[{\"@type\":\"ReadAction\",\"target\":[\"https:\/\/evertonfc.cz\/index.php\/2025\/11\/02\/preview-sunderland-everton-8\/\"]}]},{\"@type\":\"ImageObject\",\"inLanguage\":\"cs\",\"@id\":\"https:\/\/evertonfc.cz\/index.php\/2025\/11\/02\/preview-sunderland-everton-8\/#primaryimage\",\"url\":\"https:\/\/evertonfc.cz\/wp-content\/uploads\/2024\/11\/Sunderland-VS-Everton.png\",\"contentUrl\":\"https:\/\/evertonfc.cz\/wp-content\/uploads\/2024\/11\/Sunderland-VS-Everton.png\",\"width\":720,\"height\":405},{\"@type\":\"BreadcrumbList\",\"@id\":\"https:\/\/evertonfc.cz\/index.php\/2025\/11\/02\/preview-sunderland-everton-8\/#breadcrumb\",\"itemListElement\":[{\"@type\":\"ListItem\",\"position\":1,\"name\":\"Home\",\"item\":\"https:\/\/evertonfc.cz\/\"},{\"@type\":\"ListItem\",\"position\":2,\"name\":\"Preview: Sunderland \u2013 Everton\"}]},{\"@type\":\"WebSite\",\"@id\":\"https:\/\/evertonfc.cz\/#website\",\"url\":\"https:\/\/evertonfc.cz\/\",\"name\":\"Official Czech &amp; Slovak Everton Supporters&#039; Club\",\"description\":\"\",\"publisher\":{\"@id\":\"https:\/\/evertonfc.cz\/#organization\"},\"potentialAction\":[{\"@type\":\"SearchAction\",\"target\":{\"@type\":\"EntryPoint\",\"urlTemplate\":\"https:\/\/evertonfc.cz\/?s={search_term_string}\"},\"query-input\":{\"@type\":\"PropertyValueSpecification\",\"valueRequired\":true,\"valueName\":\"search_term_string\"}}],\"inLanguage\":\"cs\"},{\"@type\":\"Organization\",\"@id\":\"https:\/\/evertonfc.cz\/#organization\",\"name\":\"Official Czech & Slovak Everton Supporters' Club\",\"url\":\"https:\/\/evertonfc.cz\/\",\"logo\":{\"@type\":\"ImageObject\",\"inLanguage\":\"cs\",\"@id\":\"https:\/\/evertonfc.cz\/#\/schema\/logo\/image\/\",\"url\":\"https:\/\/evertonfc.cz\/wp-content\/uploads\/2019\/05\/logo.png\",\"contentUrl\":\"https:\/\/evertonfc.cz\/wp-content\/uploads\/2019\/05\/logo.png\",\"width\":112,\"height\":112,\"caption\":\"Official Czech & Slovak Everton Supporters' Club\"},\"image\":{\"@id\":\"https:\/\/evertonfc.cz\/#\/schema\/logo\/image\/\"},\"sameAs\":[\"https:\/\/www.facebook.com\/everton.fans.cz.sk\"]},{\"@type\":\"Person\",\"@id\":\"https:\/\/evertonfc.cz\/#\/schema\/person\/d4493b8cbea51532597fbc4685698916\",\"name\":\"BlueBlooded\",\"url\":\"https:\/\/evertonfc.cz\/index.php\/author\/admin\/\"}]}<\/script>\n<!-- \/ Yoast SEO plugin. -->","yoast_head_json":{"title":"Preview: Sunderland \u2013 Everton - Official Czech &amp; Slovak Everton Supporters&#039; Club","robots":{"index":"index","follow":"follow","max-snippet":"max-snippet:-1","max-image-preview":"max-image-preview:large","max-video-preview":"max-video-preview:-1"},"canonical":"https:\/\/evertonfc.cz\/index.php\/2025\/11\/02\/preview-sunderland-everton-8\/","og_locale":"cs_CZ","og_type":"article","og_title":"Preview: Sunderland \u2013 Everton - Official Czech &amp; Slovak Everton Supporters&#039; Club","og_description":"Karamelky sa bud\u00fa sna\u017ei\u0165 oklepa\u0165 z nepr\u00edjemnej dvojitej facky, ktor\u00fa schytali od City a Spurs, ke\u010f v pondelok cestuj\u00fa na severov\u00fdchod k rozbehnut\u00e9mu Sunderlandu.","og_url":"https:\/\/evertonfc.cz\/index.php\/2025\/11\/02\/preview-sunderland-everton-8\/","og_site_name":"Official Czech &amp; Slovak Everton Supporters&#039; Club","article_publisher":"https:\/\/www.facebook.com\/everton.fans.cz.sk","article_published_time":"2025-11-02T12:50:55+00:00","article_modified_time":"2025-11-03T11:29:31+00:00","og_image":[{"width":720,"height":405,"url":"https:\/\/evertonfc.cz\/wp-content\/uploads\/2024\/11\/Sunderland-VS-Everton.png","type":"image\/png"}],"author":"BlueBlooded","twitter_card":"summary_large_image","twitter_misc":{"Napsal(a)":"BlueBlooded","Odhadovan\u00e1 doba \u010dten\u00ed":"6 minut"},"schema":{"@context":"https:\/\/schema.org","@graph":[{"@type":"Article","@id":"https:\/\/evertonfc.cz\/index.php\/2025\/11\/02\/preview-sunderland-everton-8\/#article","isPartOf":{"@id":"https:\/\/evertonfc.cz\/index.php\/2025\/11\/02\/preview-sunderland-everton-8\/"},"author":{"name":"BlueBlooded","@id":"https:\/\/evertonfc.cz\/#\/schema\/person\/d4493b8cbea51532597fbc4685698916"},"headline":"Preview: Sunderland \u2013 Everton","datePublished":"2025-11-02T12:50:55+00:00","dateModified":"2025-11-03T11:29:31+00:00","mainEntityOfPage":{"@id":"https:\/\/evertonfc.cz\/index.php\/2025\/11\/02\/preview-sunderland-everton-8\/"},"wordCount":1541,"commentCount":5,"publisher":{"@id":"https:\/\/evertonfc.cz\/#organization"},"image":{"@id":"https:\/\/evertonfc.cz\/index.php\/2025\/11\/02\/preview-sunderland-everton-8\/#primaryimage"},"thumbnailUrl":"https:\/\/evertonfc.cz\/wp-content\/uploads\/2024\/11\/Sunderland-VS-Everton.png","articleSection":["Z\u00e1pasy"],"inLanguage":"cs","potentialAction":[{"@type":"CommentAction","name":"Comment","target":["https:\/\/evertonfc.cz\/index.php\/2025\/11\/02\/preview-sunderland-everton-8\/#respond"]}]},{"@type":"WebPage","@id":"https:\/\/evertonfc.cz\/index.php\/2025\/11\/02\/preview-sunderland-everton-8\/","url":"https:\/\/evertonfc.cz\/index.php\/2025\/11\/02\/preview-sunderland-everton-8\/","name":"Preview: Sunderland \u2013 Everton - Official Czech &amp; Slovak Everton Supporters&#039; Club","isPartOf":{"@id":"https:\/\/evertonfc.cz\/#website"},"primaryImageOfPage":{"@id":"https:\/\/evertonfc.cz\/index.php\/2025\/11\/02\/preview-sunderland-everton-8\/#primaryimage"},"image":{"@id":"https:\/\/evertonfc.cz\/index.php\/2025\/11\/02\/preview-sunderland-everton-8\/#primaryimage"},"thumbnailUrl":"https:\/\/evertonfc.cz\/wp-content\/uploads\/2024\/11\/Sunderland-VS-Everton.png","datePublished":"2025-11-02T12:50:55+00:00","dateModified":"2025-11-03T11:29:31+00:00","breadcrumb":{"@id":"https:\/\/evertonfc.cz\/index.php\/2025\/11\/02\/preview-sunderland-everton-8\/#breadcrumb"},"inLanguage":"cs","potentialAction":[{"@type":"ReadAction","target":["https:\/\/evertonfc.cz\/index.php\/2025\/11\/02\/preview-sunderland-everton-8\/"]}]},{"@type":"ImageObject","inLanguage":"cs","@id":"https:\/\/evertonfc.cz\/index.php\/2025\/11\/02\/preview-sunderland-everton-8\/#primaryimage","url":"https:\/\/evertonfc.cz\/wp-content\/uploads\/2024\/11\/Sunderland-VS-Everton.png","contentUrl":"https:\/\/evertonfc.cz\/wp-content\/uploads\/2024\/11\/Sunderland-VS-Everton.png","width":720,"height":405},{"@type":"BreadcrumbList","@id":"https:\/\/evertonfc.cz\/index.php\/2025\/11\/02\/preview-sunderland-everton-8\/#breadcrumb","itemListElement":[{"@type":"ListItem","position":1,"name":"Home","item":"https:\/\/evertonfc.cz\/"},{"@type":"ListItem","position":2,"name":"Preview: Sunderland \u2013 Everton"}]},{"@type":"WebSite","@id":"https:\/\/evertonfc.cz\/#website","url":"https:\/\/evertonfc.cz\/","name":"Official Czech &amp; Slovak Everton Supporters&#039; Club","description":"","publisher":{"@id":"https:\/\/evertonfc.cz\/#organization"},"potentialAction":[{"@type":"SearchAction","target":{"@type":"EntryPoint","urlTemplate":"https:\/\/evertonfc.cz\/?s={search_term_string}"},"query-input":{"@type":"PropertyValueSpecification","valueRequired":true,"valueName":"search_term_string"}}],"inLanguage":"cs"},{"@type":"Organization","@id":"https:\/\/evertonfc.cz\/#organization","name":"Official Czech & Slovak Everton Supporters' Club","url":"https:\/\/evertonfc.cz\/","logo":{"@type":"ImageObject","inLanguage":"cs","@id":"https:\/\/evertonfc.cz\/#\/schema\/logo\/image\/","url":"https:\/\/evertonfc.cz\/wp-content\/uploads\/2019\/05\/logo.png","contentUrl":"https:\/\/evertonfc.cz\/wp-content\/uploads\/2019\/05\/logo.png","width":112,"height":112,"caption":"Official Czech & Slovak Everton Supporters' Club"},"image":{"@id":"https:\/\/evertonfc.cz\/#\/schema\/logo\/image\/"},"sameAs":["https:\/\/www.facebook.com\/everton.fans.cz.sk"]},{"@type":"Person","@id":"https:\/\/evertonfc.cz\/#\/schema\/person\/d4493b8cbea51532597fbc4685698916","name":"BlueBlooded","url":"https:\/\/evertonfc.cz\/index.php\/author\/admin\/"}]}},"_links":{"self":[{"href":"https:\/\/evertonfc.cz\/index.php\/wp-json\/wp\/v2\/posts\/27827"}],"collection":[{"href":"https:\/\/evertonfc.cz\/index.php\/wp-json\/wp\/v2\/posts"}],"about":[{"href":"https:\/\/evertonfc.cz\/index.php\/wp-json\/wp\/v2\/types\/post"}],"author":[{"embeddable":true,"href":"https:\/\/evertonfc.cz\/index.php\/wp-json\/wp\/v2\/users\/1"}],"replies":[{"embeddable":true,"href":"https:\/\/evertonfc.cz\/index.php\/wp-json\/wp\/v2\/comments?post=27827"}],"version-history":[{"count":9,"href":"https:\/\/evertonfc.cz\/index.php\/wp-json\/wp\/v2\/posts\/27827\/revisions"}],"predecessor-version":[{"id":27836,"href":"https:\/\/evertonfc.cz\/index.php\/wp-json\/wp\/v2\/posts\/27827\/revisions\/27836"}],"wp:featuredmedia":[{"embeddable":true,"href":"https:\/\/evertonfc.cz\/index.php\/wp-json\/wp\/v2\/media\/25541"}],"wp:attachment":[{"href":"https:\/\/evertonfc.cz\/index.php\/wp-json\/wp\/v2\/media?parent=27827"}],"wp:term":[{"taxonomy":"category","embeddable":true,"href":"https:\/\/evertonfc.cz\/index.php\/wp-json\/wp\/v2\/categories?post=27827"},{"taxonomy":"post_tag","embeddable":true,"href":"https:\/\/evertonfc.cz\/index.php\/wp-json\/wp\/v2\/tags?post=27827"}],"curies":[{"name":"wp","href":"https:\/\/api.w.org\/{rel}","templated":true}]}}