{"id":27846,"date":"2025-11-03T22:57:50","date_gmt":"2025-11-03T21:57:50","guid":{"rendered":"https:\/\/evertonfc.cz\/?p=27846"},"modified":"2025-11-04T20:32:44","modified_gmt":"2025-11-04T19:32:44","slug":"sunderland-everton-11-3","status":"publish","type":"post","link":"https:\/\/evertonfc.cz\/index.php\/2025\/11\/03\/sunderland-everton-11-3\/","title":{"rendered":"Sunderland &#8211; Everton 1:1"},"content":{"rendered":"<h4>Po skv\u011bl\u00e9 p\u016flhodin\u011b n\u00e1sledovala velmi dietn\u00ed hodina. \u0160\u0165astn\u00fd to bod.<\/h4>\n<p>Everton do z\u00e1pasu nastoupil v o\u010dek\u00e1van\u00e9 sestav\u011b, Beto po sv\u00fdch \u0161patn\u00fdch v\u00fdkonech tedy usedl na lavi\u010dku. V neobvykl\u00e9 celo\u010dern\u00e9 kombinaci se m\u00e1lem ujal veden\u00ed v 1. minut\u011b, Garner ale dalekonosnou st\u0159elou netrefil za\u0159\u00edzen\u00ed. A kdy\u017e dv\u011b akce dvojice Ndiaye-Barry skon\u010dily dv\u011bma bloky obrany, tak vzal senegalsk\u00fd \u00fato\u010dn\u00edk odpov\u011bdnost individu\u00e1ln\u011b na sebe. P\u0159es 3 soupe\u0159e s m\u00ed\u010dem p\u0159e\u0161el, ne\u017e ho stihli atakovat dal\u0161\u00ed 2, tak u\u017e vyst\u0159elil zpoza v\u00e1pna k prav\u00e9 ty\u010di a poslal kulat\u00fd m\u00ed\u010d za Roefse &#8211; <strong>0:1!<\/strong>. Ten tak mohl maxim\u00e1ln\u011b zklaman\u011b rozhodit rukama, p\u0159ihr\u00e1vku si p\u0159ipsal agiln\u00ed Barry.<\/p>\n<p>Ndiaye byl i u dal\u0161\u00edho d\u016fle\u017eit\u00e9ho momentu. Rozhod\u010d\u00ed mu faul na \u017elutou kartu na Sadikiho v\u016fbe nep\u00edskl, ten si po t\u0159ech sekund\u00e1ch vybil zlost na Garnerovi. A\u010d m\u011bl b\u00fdt Sadiki vylou\u010den, tak dostal \u017elutou kartu, druhou inkasoval dom\u00e1c\u00ed Mukiele za protesty. Chyb\u011blo m\u00e1lo, aby o t\u0159i minuty pozd\u011bji to bylo 0:2, centr Dewsburyho-Halla zleva se dostal ke Grealishovi, ale jeho st\u0159ela skon\u010dila na ty\u010di. Vynikaj\u00edc\u00ed t\u0159icetiminutovka skon\u010dila vylo\u017eenou \u0161anc\u00ed Barryho po centru Grealishe, ale francouzsk\u00e9mu hro\u0165\u00e1kovi se ale poda\u0159ilo z asi 4 metr\u016f p\u0159est\u0159elit.<\/p>\n<p>A tak se osm\u011blili dom\u00e1c\u00ed, Sadiki z\u00edskal \u017elutou kartu na Barrym, \u0161ance m\u011bli v rychl\u00e9m sledu Traor\u00e9, a Isidor, le\u010d bez sk\u00f3rov\u00e1n\u00ed. Polo\u010das vyvrcholil vylo\u017eenou \u0161anc\u00ed Ballarda, jeho\u017e hlavi\u010dka m\u011bla kvality mnou zm\u00edn\u011bn\u00e9 Barryho \u0161ance.<\/p>\n<p>Co se nepovedlo Sunderlandu na konci prvn\u00ed p\u016fle, to se povedlo zaslou\u017een\u011b v 50. sekund\u011b druh\u00e9ho polo\u010dasu. Kapit\u00e1n Xhaka vyst\u0159elil zpoza v\u00e1pna, druh\u00fd kapit\u00e1n Tarkowski te\u010doval m\u00ed\u010d mimo dosah Pickforda &#8211;\u00a0<strong>1:1!\u00a0<\/strong>Everton se za\u010dal pouze br\u00e1nit, musel nav\u00edc vynucen\u011b st\u0159\u00eddat, kdy\u017e zran\u011bn\u00e9ho Ndiayeho vyst\u0159\u00eddal McNeil. Na\u0161t\u011bst\u00ed jeho zran\u011bn\u00ed nen\u00ed v\u00e1\u017en\u00e9.<\/p>\n<p>P\u0159i pokra\u010dov\u00e1n\u00ed n\u00e1poru \u010cern\u00fdch ko\u010dek byli aktivn\u00ed Isidor a Mukiele, po st\u0159ele Sadikiho do ruky Keanea se zkoumalo video kv\u016fli mo\u017en\u00e9 penalt\u011b, ale v\u00fdsledkem byl roh. Po dvou sp\u00e1len\u00fdch p\u0159\u00edle\u017eitostech se do vylo\u017een\u00e9 \u0161ance zbl\u00edzka dostal Mukiele, ale i on hlavou p\u0159est\u0159elil. Nakonec mohl odv\u00e9zt v\u0161echny body Everton. Alcar\u00e1z situaci dva na jednoho (s Betem, kter\u00fd vyst\u0159\u00eddal Barryho) nezvl\u00e1dl a nakonec je\u0161t\u011b p\u0159ed odp\u00edsk\u00e1n\u00edm konce utk\u00e1n\u00ed vid\u011bl \u017elutou kartu za faul na Humea.<\/p>\n<p>S p\u0159imou\u0159en\u00fdma o\u010dima se tento ma\u010d d\u00e1 ozna\u010dit za utk\u00e1n\u00ed dvou polo\u010das\u016f, p\u0159i\u010dem\u017e v\u00fdkon ve druh\u00e9 p\u016fli Moyes v\u00fdsti\u017en\u011b ozna\u010dil za &#8222;mizern\u00fd&#8220;.<\/p>\n<p><strong>Branky:<\/strong>\u00a0<span data-source=\"lightstreamer\" data-grid=\"main\" data-item=\"item_1001382\" data-field=\"scorers\">46. Xhaka \u2013 15. Ndiaye<\/span><\/p>\n<p><strong>\u017dlut\u00e9 karty:<\/strong>\u00a0<span data-source=\"lightstreamer\" data-grid=\"main\" data-item=\"item_1001382\" data-field=\"cards\">17. Sadiki, 18. Mukiele, 54. Hume \u2013 32. Barry, 90. + 5. Alcar\u00e1z<\/span><\/p>\n<p><strong>Sunderland:<\/strong>\u00a0<span data-source=\"lightstreamer\" data-grid=\"main\" data-item=\"item_1001382\" data-field=\"report1\">Roefs \u2013 Hume, Mukiele, Ballard, Geertruida, Mandava \u2013 B. Traor\u00e9 (82. Talbi), Xhaka, Sadiki, Le F\u00e9e \u2013 Isidor (82. Brobbey)<\/span><\/p>\n<p><strong>Everton:<\/strong>\u00a0<span data-source=\"lightstreamer\" data-grid=\"main\" data-item=\"item_1001382\" data-field=\"report2\">Pickford \u2013 O&#8217;Brien (82. Iroegbunam), Tarkowski, Keane, Mykolenko \u2013 Gueye, Garner \u2013 Ndiaye (62. McNeil), Dewsbury-Hall (82. Alcar\u00e1z), Grealish \u2013 Barry (57. Beto)<\/span><\/p>\n<p><strong>Rozhod\u010d\u00ed:\u00a0<\/strong>Thomas Bramall\u00a0<strong>Div\u00e1ci: <\/strong>41 476 <strong>Mu\u017e z\u00e1pasu redakce: <\/strong>Granit Xhaka<\/p>\n","protected":false},"excerpt":{"rendered":"<p>Po skv\u011bl\u00e9 p\u016flhodin\u011b n\u00e1sledovala velmi dietn\u00ed hodina. \u0160\u0165astn\u00fd to bod.<\/p>\n","protected":false},"author":12,"featured_media":27851,"comment_status":"open","ping_status":"closed","sticky":false,"template":"","format":"standard","meta":{"_eb_attr":"","_monsterinsights_skip_tracking":false,"_monsterinsights_sitenote_active":false,"_monsterinsights_sitenote_note":"","_monsterinsights_sitenote_category":0,"footnotes":""},"categories":[4],"tags":[],"yoast_head":"<!-- This site is optimized with the Yoast SEO plugin v23.4 - https:\/\/yoast.com\/wordpress\/plugins\/seo\/ -->\n<title>Sunderland - Everton 1:1 - Official Czech &amp; Slovak Everton Supporters&#039; Club<\/title>\n<meta name=\"description\" content=\"Po skv\u011bl\u00e9 p\u016flhodin\u011b n\u00e1sledovala velmi dietn\u00ed hodina. \u0160\u0165astn\u00fd to bod.\" \/>\n<meta name=\"robots\" content=\"index, follow, max-snippet:-1, max-image-preview:large, max-video-preview:-1\" \/>\n<link rel=\"canonical\" href=\"https:\/\/evertonfc.cz\/index.php\/2025\/11\/03\/sunderland-everton-11-3\/\" \/>\n<meta property=\"og:locale\" content=\"cs_CZ\" \/>\n<meta property=\"og:type\" content=\"article\" \/>\n<meta property=\"og:title\" content=\"Sunderland - Everton 1:1 - Official Czech &amp; Slovak Everton Supporters&#039; Club\" \/>\n<meta property=\"og:description\" content=\"Po skv\u011bl\u00e9 p\u016flhodin\u011b n\u00e1sledovala velmi dietn\u00ed hodina. \u0160\u0165astn\u00fd to bod.\" \/>\n<meta property=\"og:url\" content=\"https:\/\/evertonfc.cz\/index.php\/2025\/11\/03\/sunderland-everton-11-3\/\" \/>\n<meta property=\"og:site_name\" content=\"Official Czech &amp; Slovak Everton Supporters&#039; Club\" \/>\n<meta property=\"article:publisher\" content=\"https:\/\/www.facebook.com\/everton.fans.cz.sk\" \/>\n<meta property=\"article:published_time\" content=\"2025-11-03T21:57:50+00:00\" \/>\n<meta property=\"article:modified_time\" content=\"2025-11-04T19:32:44+00:00\" \/>\n<meta property=\"og:image\" content=\"https:\/\/evertonfc.cz\/wp-content\/uploads\/2025\/11\/sunderland_3_11_2025.png\" \/>\n\t<meta property=\"og:image:width\" content=\"720\" \/>\n\t<meta property=\"og:image:height\" content=\"405\" \/>\n\t<meta property=\"og:image:type\" content=\"image\/png\" \/>\n<meta name=\"author\" content=\"Javor\" \/>\n<meta name=\"twitter:card\" content=\"summary_large_image\" \/>\n<meta name=\"twitter:creator\" content=\"@LoudinJan\" \/>\n<meta name=\"twitter:label1\" content=\"Napsal(a)\" \/>\n\t<meta name=\"twitter:data1\" content=\"Javor\" \/>\n\t<meta name=\"twitter:label2\" content=\"Odhadovan\u00e1 doba \u010dten\u00ed\" \/>\n\t<meta name=\"twitter:data2\" content=\"3 minuty\" \/>\n<script type=\"application\/ld+json\" class=\"yoast-schema-graph\">{\"@context\":\"https:\/\/schema.org\",\"@graph\":[{\"@type\":\"Article\",\"@id\":\"https:\/\/evertonfc.cz\/index.php\/2025\/11\/03\/sunderland-everton-11-3\/#article\",\"isPartOf\":{\"@id\":\"https:\/\/evertonfc.cz\/index.php\/2025\/11\/03\/sunderland-everton-11-3\/\"},\"author\":{\"name\":\"Javor\",\"@id\":\"https:\/\/evertonfc.cz\/#\/schema\/person\/b30daf6a5852f4811f8207a17ec1bf78\"},\"headline\":\"Sunderland &#8211; Everton 1:1\",\"datePublished\":\"2025-11-03T21:57:50+00:00\",\"dateModified\":\"2025-11-04T19:32:44+00:00\",\"mainEntityOfPage\":{\"@id\":\"https:\/\/evertonfc.cz\/index.php\/2025\/11\/03\/sunderland-everton-11-3\/\"},\"wordCount\":554,\"commentCount\":5,\"publisher\":{\"@id\":\"https:\/\/evertonfc.cz\/#organization\"},\"image\":{\"@id\":\"https:\/\/evertonfc.cz\/index.php\/2025\/11\/03\/sunderland-everton-11-3\/#primaryimage\"},\"thumbnailUrl\":\"https:\/\/evertonfc.cz\/wp-content\/uploads\/2025\/11\/sunderland_3_11_2025.png\",\"articleSection\":[\"Z\u00e1pasy\"],\"inLanguage\":\"cs\",\"potentialAction\":[{\"@type\":\"CommentAction\",\"name\":\"Comment\",\"target\":[\"https:\/\/evertonfc.cz\/index.php\/2025\/11\/03\/sunderland-everton-11-3\/#respond\"]}]},{\"@type\":\"WebPage\",\"@id\":\"https:\/\/evertonfc.cz\/index.php\/2025\/11\/03\/sunderland-everton-11-3\/\",\"url\":\"https:\/\/evertonfc.cz\/index.php\/2025\/11\/03\/sunderland-everton-11-3\/\",\"name\":\"Sunderland - Everton 1:1 - Official Czech &amp; Slovak Everton Supporters&#039; Club\",\"isPartOf\":{\"@id\":\"https:\/\/evertonfc.cz\/#website\"},\"primaryImageOfPage\":{\"@id\":\"https:\/\/evertonfc.cz\/index.php\/2025\/11\/03\/sunderland-everton-11-3\/#primaryimage\"},\"image\":{\"@id\":\"https:\/\/evertonfc.cz\/index.php\/2025\/11\/03\/sunderland-everton-11-3\/#primaryimage\"},\"thumbnailUrl\":\"https:\/\/evertonfc.cz\/wp-content\/uploads\/2025\/11\/sunderland_3_11_2025.png\",\"datePublished\":\"2025-11-03T21:57:50+00:00\",\"dateModified\":\"2025-11-04T19:32:44+00:00\",\"description\":\"Po skv\u011bl\u00e9 p\u016flhodin\u011b n\u00e1sledovala velmi dietn\u00ed hodina. \u0160\u0165astn\u00fd to bod.\",\"breadcrumb\":{\"@id\":\"https:\/\/evertonfc.cz\/index.php\/2025\/11\/03\/sunderland-everton-11-3\/#breadcrumb\"},\"inLanguage\":\"cs\",\"potentialAction\":[{\"@type\":\"ReadAction\",\"target\":[\"https:\/\/evertonfc.cz\/index.php\/2025\/11\/03\/sunderland-everton-11-3\/\"]}]},{\"@type\":\"ImageObject\",\"inLanguage\":\"cs\",\"@id\":\"https:\/\/evertonfc.cz\/index.php\/2025\/11\/03\/sunderland-everton-11-3\/#primaryimage\",\"url\":\"https:\/\/evertonfc.cz\/wp-content\/uploads\/2025\/11\/sunderland_3_11_2025.png\",\"contentUrl\":\"https:\/\/evertonfc.cz\/wp-content\/uploads\/2025\/11\/sunderland_3_11_2025.png\",\"width\":720,\"height\":405},{\"@type\":\"BreadcrumbList\",\"@id\":\"https:\/\/evertonfc.cz\/index.php\/2025\/11\/03\/sunderland-everton-11-3\/#breadcrumb\",\"itemListElement\":[{\"@type\":\"ListItem\",\"position\":1,\"name\":\"Home\",\"item\":\"https:\/\/evertonfc.cz\/\"},{\"@type\":\"ListItem\",\"position\":2,\"name\":\"Sunderland &#8211; Everton 1:1\"}]},{\"@type\":\"WebSite\",\"@id\":\"https:\/\/evertonfc.cz\/#website\",\"url\":\"https:\/\/evertonfc.cz\/\",\"name\":\"Official Czech &amp; Slovak Everton Supporters&#039; Club\",\"description\":\"\",\"publisher\":{\"@id\":\"https:\/\/evertonfc.cz\/#organization\"},\"potentialAction\":[{\"@type\":\"SearchAction\",\"target\":{\"@type\":\"EntryPoint\",\"urlTemplate\":\"https:\/\/evertonfc.cz\/?s={search_term_string}\"},\"query-input\":{\"@type\":\"PropertyValueSpecification\",\"valueRequired\":true,\"valueName\":\"search_term_string\"}}],\"inLanguage\":\"cs\"},{\"@type\":\"Organization\",\"@id\":\"https:\/\/evertonfc.cz\/#organization\",\"name\":\"Official Czech & Slovak Everton Supporters' Club\",\"url\":\"https:\/\/evertonfc.cz\/\",\"logo\":{\"@type\":\"ImageObject\",\"inLanguage\":\"cs\",\"@id\":\"https:\/\/evertonfc.cz\/#\/schema\/logo\/image\/\",\"url\":\"https:\/\/evertonfc.cz\/wp-content\/uploads\/2019\/05\/logo.png\",\"contentUrl\":\"https:\/\/evertonfc.cz\/wp-content\/uploads\/2019\/05\/logo.png\",\"width\":112,\"height\":112,\"caption\":\"Official Czech & Slovak Everton Supporters' Club\"},\"image\":{\"@id\":\"https:\/\/evertonfc.cz\/#\/schema\/logo\/image\/\"},\"sameAs\":[\"https:\/\/www.facebook.com\/everton.fans.cz.sk\"]},{\"@type\":\"Person\",\"@id\":\"https:\/\/evertonfc.cz\/#\/schema\/person\/b30daf6a5852f4811f8207a17ec1bf78\",\"name\":\"Javor\",\"sameAs\":[\"https:\/\/x.com\/LoudinJan\"],\"url\":\"https:\/\/evertonfc.cz\/index.php\/author\/javor\/\"}]}<\/script>\n<!-- \/ Yoast SEO plugin. -->","yoast_head_json":{"title":"Sunderland - Everton 1:1 - Official Czech &amp; Slovak Everton Supporters&#039; Club","description":"Po skv\u011bl\u00e9 p\u016flhodin\u011b n\u00e1sledovala velmi dietn\u00ed hodina. \u0160\u0165astn\u00fd to bod.","robots":{"index":"index","follow":"follow","max-snippet":"max-snippet:-1","max-image-preview":"max-image-preview:large","max-video-preview":"max-video-preview:-1"},"canonical":"https:\/\/evertonfc.cz\/index.php\/2025\/11\/03\/sunderland-everton-11-3\/","og_locale":"cs_CZ","og_type":"article","og_title":"Sunderland - Everton 1:1 - Official Czech &amp; Slovak Everton Supporters&#039; Club","og_description":"Po skv\u011bl\u00e9 p\u016flhodin\u011b n\u00e1sledovala velmi dietn\u00ed hodina. \u0160\u0165astn\u00fd to bod.","og_url":"https:\/\/evertonfc.cz\/index.php\/2025\/11\/03\/sunderland-everton-11-3\/","og_site_name":"Official Czech &amp; Slovak Everton Supporters&#039; Club","article_publisher":"https:\/\/www.facebook.com\/everton.fans.cz.sk","article_published_time":"2025-11-03T21:57:50+00:00","article_modified_time":"2025-11-04T19:32:44+00:00","og_image":[{"width":720,"height":405,"url":"https:\/\/evertonfc.cz\/wp-content\/uploads\/2025\/11\/sunderland_3_11_2025.png","type":"image\/png"}],"author":"Javor","twitter_card":"summary_large_image","twitter_creator":"@LoudinJan","twitter_misc":{"Napsal(a)":"Javor","Odhadovan\u00e1 doba \u010dten\u00ed":"3 minuty"},"schema":{"@context":"https:\/\/schema.org","@graph":[{"@type":"Article","@id":"https:\/\/evertonfc.cz\/index.php\/2025\/11\/03\/sunderland-everton-11-3\/#article","isPartOf":{"@id":"https:\/\/evertonfc.cz\/index.php\/2025\/11\/03\/sunderland-everton-11-3\/"},"author":{"name":"Javor","@id":"https:\/\/evertonfc.cz\/#\/schema\/person\/b30daf6a5852f4811f8207a17ec1bf78"},"headline":"Sunderland &#8211; Everton 1:1","datePublished":"2025-11-03T21:57:50+00:00","dateModified":"2025-11-04T19:32:44+00:00","mainEntityOfPage":{"@id":"https:\/\/evertonfc.cz\/index.php\/2025\/11\/03\/sunderland-everton-11-3\/"},"wordCount":554,"commentCount":5,"publisher":{"@id":"https:\/\/evertonfc.cz\/#organization"},"image":{"@id":"https:\/\/evertonfc.cz\/index.php\/2025\/11\/03\/sunderland-everton-11-3\/#primaryimage"},"thumbnailUrl":"https:\/\/evertonfc.cz\/wp-content\/uploads\/2025\/11\/sunderland_3_11_2025.png","articleSection":["Z\u00e1pasy"],"inLanguage":"cs","potentialAction":[{"@type":"CommentAction","name":"Comment","target":["https:\/\/evertonfc.cz\/index.php\/2025\/11\/03\/sunderland-everton-11-3\/#respond"]}]},{"@type":"WebPage","@id":"https:\/\/evertonfc.cz\/index.php\/2025\/11\/03\/sunderland-everton-11-3\/","url":"https:\/\/evertonfc.cz\/index.php\/2025\/11\/03\/sunderland-everton-11-3\/","name":"Sunderland - Everton 1:1 - Official Czech &amp; Slovak Everton Supporters&#039; Club","isPartOf":{"@id":"https:\/\/evertonfc.cz\/#website"},"primaryImageOfPage":{"@id":"https:\/\/evertonfc.cz\/index.php\/2025\/11\/03\/sunderland-everton-11-3\/#primaryimage"},"image":{"@id":"https:\/\/evertonfc.cz\/index.php\/2025\/11\/03\/sunderland-everton-11-3\/#primaryimage"},"thumbnailUrl":"https:\/\/evertonfc.cz\/wp-content\/uploads\/2025\/11\/sunderland_3_11_2025.png","datePublished":"2025-11-03T21:57:50+00:00","dateModified":"2025-11-04T19:32:44+00:00","description":"Po skv\u011bl\u00e9 p\u016flhodin\u011b n\u00e1sledovala velmi dietn\u00ed hodina. \u0160\u0165astn\u00fd to bod.","breadcrumb":{"@id":"https:\/\/evertonfc.cz\/index.php\/2025\/11\/03\/sunderland-everton-11-3\/#breadcrumb"},"inLanguage":"cs","potentialAction":[{"@type":"ReadAction","target":["https:\/\/evertonfc.cz\/index.php\/2025\/11\/03\/sunderland-everton-11-3\/"]}]},{"@type":"ImageObject","inLanguage":"cs","@id":"https:\/\/evertonfc.cz\/index.php\/2025\/11\/03\/sunderland-everton-11-3\/#primaryimage","url":"https:\/\/evertonfc.cz\/wp-content\/uploads\/2025\/11\/sunderland_3_11_2025.png","contentUrl":"https:\/\/evertonfc.cz\/wp-content\/uploads\/2025\/11\/sunderland_3_11_2025.png","width":720,"height":405},{"@type":"BreadcrumbList","@id":"https:\/\/evertonfc.cz\/index.php\/2025\/11\/03\/sunderland-everton-11-3\/#breadcrumb","itemListElement":[{"@type":"ListItem","position":1,"name":"Home","item":"https:\/\/evertonfc.cz\/"},{"@type":"ListItem","position":2,"name":"Sunderland &#8211; Everton 1:1"}]},{"@type":"WebSite","@id":"https:\/\/evertonfc.cz\/#website","url":"https:\/\/evertonfc.cz\/","name":"Official Czech &amp; Slovak Everton Supporters&#039; Club","description":"","publisher":{"@id":"https:\/\/evertonfc.cz\/#organization"},"potentialAction":[{"@type":"SearchAction","target":{"@type":"EntryPoint","urlTemplate":"https:\/\/evertonfc.cz\/?s={search_term_string}"},"query-input":{"@type":"PropertyValueSpecification","valueRequired":true,"valueName":"search_term_string"}}],"inLanguage":"cs"},{"@type":"Organization","@id":"https:\/\/evertonfc.cz\/#organization","name":"Official Czech & Slovak Everton Supporters' Club","url":"https:\/\/evertonfc.cz\/","logo":{"@type":"ImageObject","inLanguage":"cs","@id":"https:\/\/evertonfc.cz\/#\/schema\/logo\/image\/","url":"https:\/\/evertonfc.cz\/wp-content\/uploads\/2019\/05\/logo.png","contentUrl":"https:\/\/evertonfc.cz\/wp-content\/uploads\/2019\/05\/logo.png","width":112,"height":112,"caption":"Official Czech & Slovak Everton Supporters' Club"},"image":{"@id":"https:\/\/evertonfc.cz\/#\/schema\/logo\/image\/"},"sameAs":["https:\/\/www.facebook.com\/everton.fans.cz.sk"]},{"@type":"Person","@id":"https:\/\/evertonfc.cz\/#\/schema\/person\/b30daf6a5852f4811f8207a17ec1bf78","name":"Javor","sameAs":["https:\/\/x.com\/LoudinJan"],"url":"https:\/\/evertonfc.cz\/index.php\/author\/javor\/"}]}},"_links":{"self":[{"href":"https:\/\/evertonfc.cz\/index.php\/wp-json\/wp\/v2\/posts\/27846"}],"collection":[{"href":"https:\/\/evertonfc.cz\/index.php\/wp-json\/wp\/v2\/posts"}],"about":[{"href":"https:\/\/evertonfc.cz\/index.php\/wp-json\/wp\/v2\/types\/post"}],"author":[{"embeddable":true,"href":"https:\/\/evertonfc.cz\/index.php\/wp-json\/wp\/v2\/users\/12"}],"replies":[{"embeddable":true,"href":"https:\/\/evertonfc.cz\/index.php\/wp-json\/wp\/v2\/comments?post=27846"}],"version-history":[{"count":8,"href":"https:\/\/evertonfc.cz\/index.php\/wp-json\/wp\/v2\/posts\/27846\/revisions"}],"predecessor-version":[{"id":27859,"href":"https:\/\/evertonfc.cz\/index.php\/wp-json\/wp\/v2\/posts\/27846\/revisions\/27859"}],"wp:featuredmedia":[{"embeddable":true,"href":"https:\/\/evertonfc.cz\/index.php\/wp-json\/wp\/v2\/media\/27851"}],"wp:attachment":[{"href":"https:\/\/evertonfc.cz\/index.php\/wp-json\/wp\/v2\/media?parent=27846"}],"wp:term":[{"taxonomy":"category","embeddable":true,"href":"https:\/\/evertonfc.cz\/index.php\/wp-json\/wp\/v2\/categories?post=27846"},{"taxonomy":"post_tag","embeddable":true,"href":"https:\/\/evertonfc.cz\/index.php\/wp-json\/wp\/v2\/tags?post=27846"}],"curies":[{"name":"wp","href":"https:\/\/api.w.org\/{rel}","templated":true}]}}