{"id":27870,"date":"2025-11-08T07:40:05","date_gmt":"2025-11-08T06:40:05","guid":{"rendered":"https:\/\/evertonfc.cz\/?p=27870"},"modified":"2025-11-09T17:23:50","modified_gmt":"2025-11-09T16:23:50","slug":"preview-everton-fulham-12","status":"publish","type":"post","link":"https:\/\/evertonfc.cz\/index.php\/2025\/11\/08\/preview-everton-fulham-12\/","title":{"rendered":"Preview: Everton &#8211; Fulham"},"content":{"rendered":"<h4>Kdo by cht\u011bl Teteho, kdy\u017e m\u00e1me, ehm, tak kr\u00e1sn\u00fd stadion? Ani jeden z t\u00fdm\u016f nen\u00ed na vln\u011b, o to slad\u0161\u00ed bude chu\u0165 v\u00edt\u011bzstv\u00ed.<\/h4>\n<p>Everton je 3 z\u00e1pasy bez v\u00fdhry, Fulham sice na Craven Cottage rozp\u00e1ral Vlky, ale po 4 por\u00e1\u017ek\u00e1ch bylo na \u010dase. V\u00a0osmifin\u00e1le Ligov\u00e9ho poh\u00e1ru se natr\u00e1pili ve Wycombe, ne\u017e si m\u00edsto ve \u010dtvrtfin\u00e1le vyst\u0159\u00edleli v\u00a0penalt\u00e1ch.<\/p>\n<p>Everton je tak v posledn\u00edch kolech bohat\u0161\u00ed jen o p\u00e1r rem\u00edz. Doma bychom je ale sb\u00edrat necht\u011bli. Obzvl\u00e1\u0161\u0165, kdy\u017e se Moyes bl\u00ed\u017e\u00ed k mezn\u00edku. V\u00edt\u011bzstv\u00ed proti Fulhamu by ochutnal ji\u017e po dvac\u00e1t\u00e9 (zat\u00edm jich m\u00e1 19 z 32 pokus\u016f). Dostal by se\u00a0 do spole\u010dnosti dua Ferguson-Wenger, kte\u0159\u00ed zat\u00edm jako jedin\u00ed dok\u00e1zali n\u011bkoho poko\u0159it tolikr\u00e1t.<\/p>\n<p>K tomu bude pot\u0159eba vy\u0159e\u0161it ochabuj\u00edc\u00ed \u00fatok. Ve vzpom\u00ednk\u00e1ch je vzestupn\u00e1 tendence Beattie-Johnson-Yakubu, ale te\u010f by to cht\u011blo vz\u00edt zkratkou. Dok\u00e1\u017ee vyt\u00e1hnout Beta na level Marcus Bent, \u010di Barryho alespo\u0148 na Jermainea Beckforda? Nemus\u00ed pr\u0161et, sta\u010d\u00ed, kdy\u017e kape.<\/p>\n<h4>Ze soupe\u0159ova t\u00e1bora<\/h4>\n<p>Silva si dr\u017eel na Goodisonu proti sv\u00e9mu b\u00fdval\u00e9mu zam\u011bstnavateli v\u00fdte\u010dnou bilanci. Vloni v \u0159\u00edjnu mu je\u0161t\u011b Dyche utnul s\u00e9rii 3 v\u00edtezstv\u00ed a letos v kv\u011btnu v\u00fdhrou v Lond\u00fdn\u011b utnul Moyes 5 let \u010dek\u00e1n\u00ed na v\u00fdhru. M\u016f\u017eeme tak za\u010d\u00edt budovat novou s\u00e9rii, k\u00e9\u017e by byla podobn\u00e1 t\u00e9 dom\u00e1c\u00ed z let 1961-2018. Everton doma por\u00e1\u017eel Fulham na po\u017e\u00e1d\u00e1n\u00ed, celkem dvaadvacetkr\u00e1t.<\/p>\n<p>Cotaggers nebyli v\u00a0p\u0159estupn\u00edm obdob\u00ed v\u016fbec aktivn\u00ed a Silva si vymodlil alespo\u0148 posilu do \u00fatoku, ze \u0160ach\u0165aru p\u0159ivedl mlad\u00e9ho Brazilce Kevina. Ten se zat\u00edm rozkouk\u00e1v\u00e1, tak\u017ee v\u00a0\u010dele tabulky st\u0159elc\u016f je letos Own Goals se 3 z\u00e1sahy. Druh\u00fd je obr\u00e1nce Sessegnon se 2 brankami, stejn\u011b m\u00e1 Harry Wilson. Nejsme v\u00a0tom sami, v\u00edte?<\/p>\n<p>Evertonu bude chyb\u011bt st\u00e1le Branthwaite a Patterson, Fulham se mus\u00ed obej\u00edt bez Antoneeho Robinsona. Jestli Moyes p\u0159ekvap\u00ed n\u011bjakou zm\u011bnou, to v\u00e1m sl\u00edbit nem\u016f\u017eeme, ale Ndiaye je zdr\u00e1v, tak\u017ee se budete moci kochat. A t\u0159eba pak vyst\u0159el\u00ed i n\u011bkter\u00e1 z t\u011bch motyk (nic ve zl\u00e9m, ho\u0161i). COYB!<\/p>\n<p><strong>Co:<\/strong>\u00a0Everton FC \u2013 Fulham FC, 11. kolo Premier League<br \/>\n<strong>Kdy:<\/strong>\u00a08. 11. 2025 od 16:00<br \/>\n<strong>Kde:<\/strong>\u00a0Hill Dickinson Stadium \u2013 Bramley-Moore Dock, Regent Rd, Liverpool L5 9SR (kapacita: 52 769)<br \/>\n<strong>TV:<\/strong>\u00a0od 15:55 na stanici Canal+ Sport4, komentuje Marek Sk\u00e1\u010dik<br \/>\n<strong>Rozhod\u010d\u00ed:<\/strong>\u00a0Andy Madley\u2013 Nicholas Hopton, Steven Meredith <strong>\u010ctvrt\u00fd rozhod\u010d\u00ed:<\/strong>\u00a0Ben Toner<br \/>\n<strong>Videorozhod\u010d\u00ed:<\/strong>\u00a0Stuart Attwell\u00a0\u00a0<strong>Asistent videorozhod\u010d\u00edho:<\/strong>\u00a0Constantine Hatzidakis<\/p>\n","protected":false},"excerpt":{"rendered":"<p>Kdo by cht\u011bl Teteho, kdy\u017e m\u00e1me, ehm, tak kr\u00e1sn\u00fd stadion? Ani jeden z\u00a0t\u00fdm\u016f nen\u00ed na vln\u011b, o to slad\u0161\u00ed bude chu\u0165 v\u00edt\u011bzstv\u00ed.<\/p>\n","protected":false},"author":10,"featured_media":27873,"comment_status":"open","ping_status":"closed","sticky":false,"template":"","format":"standard","meta":{"_eb_attr":"","_monsterinsights_skip_tracking":false,"_monsterinsights_sitenote_active":false,"_monsterinsights_sitenote_note":"","_monsterinsights_sitenote_category":0,"footnotes":""},"categories":[4],"tags":[],"yoast_head":"<!-- This site is optimized with the Yoast SEO plugin v23.4 - https:\/\/yoast.com\/wordpress\/plugins\/seo\/ -->\n<title>Preview: Everton - Fulham - Official Czech &amp; Slovak Everton Supporters&#039; Club<\/title>\n<meta name=\"robots\" content=\"index, follow, max-snippet:-1, max-image-preview:large, max-video-preview:-1\" \/>\n<link rel=\"canonical\" href=\"https:\/\/evertonfc.cz\/index.php\/2025\/11\/08\/preview-everton-fulham-12\/\" \/>\n<meta property=\"og:locale\" content=\"cs_CZ\" \/>\n<meta property=\"og:type\" content=\"article\" \/>\n<meta property=\"og:title\" content=\"Preview: Everton - Fulham - Official Czech &amp; Slovak Everton Supporters&#039; Club\" \/>\n<meta property=\"og:description\" content=\"Kdo by cht\u011bl Teteho, kdy\u017e m\u00e1me, ehm, tak kr\u00e1sn\u00fd stadion? Ani jeden z\u00a0t\u00fdm\u016f nen\u00ed na vln\u011b, o to slad\u0161\u00ed bude chu\u0165 v\u00edt\u011bzstv\u00ed.\" \/>\n<meta property=\"og:url\" content=\"https:\/\/evertonfc.cz\/index.php\/2025\/11\/08\/preview-everton-fulham-12\/\" \/>\n<meta property=\"og:site_name\" content=\"Official Czech &amp; Slovak Everton Supporters&#039; Club\" \/>\n<meta property=\"article:publisher\" content=\"https:\/\/www.facebook.com\/everton.fans.cz.sk\" \/>\n<meta property=\"article:published_time\" content=\"2025-11-08T06:40:05+00:00\" \/>\n<meta property=\"article:modified_time\" content=\"2025-11-09T16:23:50+00:00\" \/>\n<meta property=\"og:image\" content=\"https:\/\/evertonfc.cz\/wp-content\/uploads\/2025\/11\/Everton-BMD-Fulham.png\" \/>\n\t<meta property=\"og:image:width\" content=\"720\" \/>\n\t<meta property=\"og:image:height\" content=\"405\" \/>\n\t<meta property=\"og:image:type\" content=\"image\/png\" \/>\n<meta name=\"author\" content=\"Fip\" \/>\n<meta name=\"twitter:card\" content=\"summary_large_image\" \/>\n<meta name=\"twitter:label1\" content=\"Napsal(a)\" \/>\n\t<meta name=\"twitter:data1\" content=\"Fip\" \/>\n\t<meta name=\"twitter:label2\" content=\"Odhadovan\u00e1 doba \u010dten\u00ed\" \/>\n\t<meta name=\"twitter:data2\" content=\"3 minuty\" \/>\n<script type=\"application\/ld+json\" class=\"yoast-schema-graph\">{\"@context\":\"https:\/\/schema.org\",\"@graph\":[{\"@type\":\"Article\",\"@id\":\"https:\/\/evertonfc.cz\/index.php\/2025\/11\/08\/preview-everton-fulham-12\/#article\",\"isPartOf\":{\"@id\":\"https:\/\/evertonfc.cz\/index.php\/2025\/11\/08\/preview-everton-fulham-12\/\"},\"author\":{\"name\":\"Fip\",\"@id\":\"https:\/\/evertonfc.cz\/#\/schema\/person\/35904009755e8eaa0dc1a5f5f0419002\"},\"headline\":\"Preview: Everton &#8211; Fulham\",\"datePublished\":\"2025-11-08T06:40:05+00:00\",\"dateModified\":\"2025-11-09T16:23:50+00:00\",\"mainEntityOfPage\":{\"@id\":\"https:\/\/evertonfc.cz\/index.php\/2025\/11\/08\/preview-everton-fulham-12\/\"},\"wordCount\":459,\"commentCount\":3,\"publisher\":{\"@id\":\"https:\/\/evertonfc.cz\/#organization\"},\"image\":{\"@id\":\"https:\/\/evertonfc.cz\/index.php\/2025\/11\/08\/preview-everton-fulham-12\/#primaryimage\"},\"thumbnailUrl\":\"https:\/\/evertonfc.cz\/wp-content\/uploads\/2025\/11\/Everton-BMD-Fulham.png\",\"articleSection\":[\"Z\u00e1pasy\"],\"inLanguage\":\"cs\",\"potentialAction\":[{\"@type\":\"CommentAction\",\"name\":\"Comment\",\"target\":[\"https:\/\/evertonfc.cz\/index.php\/2025\/11\/08\/preview-everton-fulham-12\/#respond\"]}]},{\"@type\":\"WebPage\",\"@id\":\"https:\/\/evertonfc.cz\/index.php\/2025\/11\/08\/preview-everton-fulham-12\/\",\"url\":\"https:\/\/evertonfc.cz\/index.php\/2025\/11\/08\/preview-everton-fulham-12\/\",\"name\":\"Preview: Everton - Fulham - Official Czech &amp; Slovak Everton Supporters&#039; Club\",\"isPartOf\":{\"@id\":\"https:\/\/evertonfc.cz\/#website\"},\"primaryImageOfPage\":{\"@id\":\"https:\/\/evertonfc.cz\/index.php\/2025\/11\/08\/preview-everton-fulham-12\/#primaryimage\"},\"image\":{\"@id\":\"https:\/\/evertonfc.cz\/index.php\/2025\/11\/08\/preview-everton-fulham-12\/#primaryimage\"},\"thumbnailUrl\":\"https:\/\/evertonfc.cz\/wp-content\/uploads\/2025\/11\/Everton-BMD-Fulham.png\",\"datePublished\":\"2025-11-08T06:40:05+00:00\",\"dateModified\":\"2025-11-09T16:23:50+00:00\",\"breadcrumb\":{\"@id\":\"https:\/\/evertonfc.cz\/index.php\/2025\/11\/08\/preview-everton-fulham-12\/#breadcrumb\"},\"inLanguage\":\"cs\",\"potentialAction\":[{\"@type\":\"ReadAction\",\"target\":[\"https:\/\/evertonfc.cz\/index.php\/2025\/11\/08\/preview-everton-fulham-12\/\"]}]},{\"@type\":\"ImageObject\",\"inLanguage\":\"cs\",\"@id\":\"https:\/\/evertonfc.cz\/index.php\/2025\/11\/08\/preview-everton-fulham-12\/#primaryimage\",\"url\":\"https:\/\/evertonfc.cz\/wp-content\/uploads\/2025\/11\/Everton-BMD-Fulham.png\",\"contentUrl\":\"https:\/\/evertonfc.cz\/wp-content\/uploads\/2025\/11\/Everton-BMD-Fulham.png\",\"width\":720,\"height\":405},{\"@type\":\"BreadcrumbList\",\"@id\":\"https:\/\/evertonfc.cz\/index.php\/2025\/11\/08\/preview-everton-fulham-12\/#breadcrumb\",\"itemListElement\":[{\"@type\":\"ListItem\",\"position\":1,\"name\":\"Home\",\"item\":\"https:\/\/evertonfc.cz\/\"},{\"@type\":\"ListItem\",\"position\":2,\"name\":\"Preview: Everton &#8211; Fulham\"}]},{\"@type\":\"WebSite\",\"@id\":\"https:\/\/evertonfc.cz\/#website\",\"url\":\"https:\/\/evertonfc.cz\/\",\"name\":\"Official Czech &amp; Slovak Everton Supporters&#039; Club\",\"description\":\"\",\"publisher\":{\"@id\":\"https:\/\/evertonfc.cz\/#organization\"},\"potentialAction\":[{\"@type\":\"SearchAction\",\"target\":{\"@type\":\"EntryPoint\",\"urlTemplate\":\"https:\/\/evertonfc.cz\/?s={search_term_string}\"},\"query-input\":{\"@type\":\"PropertyValueSpecification\",\"valueRequired\":true,\"valueName\":\"search_term_string\"}}],\"inLanguage\":\"cs\"},{\"@type\":\"Organization\",\"@id\":\"https:\/\/evertonfc.cz\/#organization\",\"name\":\"Official Czech & Slovak Everton Supporters' Club\",\"url\":\"https:\/\/evertonfc.cz\/\",\"logo\":{\"@type\":\"ImageObject\",\"inLanguage\":\"cs\",\"@id\":\"https:\/\/evertonfc.cz\/#\/schema\/logo\/image\/\",\"url\":\"https:\/\/evertonfc.cz\/wp-content\/uploads\/2019\/05\/logo.png\",\"contentUrl\":\"https:\/\/evertonfc.cz\/wp-content\/uploads\/2019\/05\/logo.png\",\"width\":112,\"height\":112,\"caption\":\"Official Czech & Slovak Everton Supporters' Club\"},\"image\":{\"@id\":\"https:\/\/evertonfc.cz\/#\/schema\/logo\/image\/\"},\"sameAs\":[\"https:\/\/www.facebook.com\/everton.fans.cz.sk\"]},{\"@type\":\"Person\",\"@id\":\"https:\/\/evertonfc.cz\/#\/schema\/person\/35904009755e8eaa0dc1a5f5f0419002\",\"name\":\"Fip\",\"url\":\"https:\/\/evertonfc.cz\/index.php\/author\/fip\/\"}]}<\/script>\n<!-- \/ Yoast SEO plugin. -->","yoast_head_json":{"title":"Preview: Everton - Fulham - Official Czech &amp; Slovak Everton Supporters&#039; Club","robots":{"index":"index","follow":"follow","max-snippet":"max-snippet:-1","max-image-preview":"max-image-preview:large","max-video-preview":"max-video-preview:-1"},"canonical":"https:\/\/evertonfc.cz\/index.php\/2025\/11\/08\/preview-everton-fulham-12\/","og_locale":"cs_CZ","og_type":"article","og_title":"Preview: Everton - Fulham - Official Czech &amp; Slovak Everton Supporters&#039; Club","og_description":"Kdo by cht\u011bl Teteho, kdy\u017e m\u00e1me, ehm, tak kr\u00e1sn\u00fd stadion? Ani jeden z\u00a0t\u00fdm\u016f nen\u00ed na vln\u011b, o to slad\u0161\u00ed bude chu\u0165 v\u00edt\u011bzstv\u00ed.","og_url":"https:\/\/evertonfc.cz\/index.php\/2025\/11\/08\/preview-everton-fulham-12\/","og_site_name":"Official Czech &amp; Slovak Everton Supporters&#039; Club","article_publisher":"https:\/\/www.facebook.com\/everton.fans.cz.sk","article_published_time":"2025-11-08T06:40:05+00:00","article_modified_time":"2025-11-09T16:23:50+00:00","og_image":[{"width":720,"height":405,"url":"https:\/\/evertonfc.cz\/wp-content\/uploads\/2025\/11\/Everton-BMD-Fulham.png","type":"image\/png"}],"author":"Fip","twitter_card":"summary_large_image","twitter_misc":{"Napsal(a)":"Fip","Odhadovan\u00e1 doba \u010dten\u00ed":"3 minuty"},"schema":{"@context":"https:\/\/schema.org","@graph":[{"@type":"Article","@id":"https:\/\/evertonfc.cz\/index.php\/2025\/11\/08\/preview-everton-fulham-12\/#article","isPartOf":{"@id":"https:\/\/evertonfc.cz\/index.php\/2025\/11\/08\/preview-everton-fulham-12\/"},"author":{"name":"Fip","@id":"https:\/\/evertonfc.cz\/#\/schema\/person\/35904009755e8eaa0dc1a5f5f0419002"},"headline":"Preview: Everton &#8211; Fulham","datePublished":"2025-11-08T06:40:05+00:00","dateModified":"2025-11-09T16:23:50+00:00","mainEntityOfPage":{"@id":"https:\/\/evertonfc.cz\/index.php\/2025\/11\/08\/preview-everton-fulham-12\/"},"wordCount":459,"commentCount":3,"publisher":{"@id":"https:\/\/evertonfc.cz\/#organization"},"image":{"@id":"https:\/\/evertonfc.cz\/index.php\/2025\/11\/08\/preview-everton-fulham-12\/#primaryimage"},"thumbnailUrl":"https:\/\/evertonfc.cz\/wp-content\/uploads\/2025\/11\/Everton-BMD-Fulham.png","articleSection":["Z\u00e1pasy"],"inLanguage":"cs","potentialAction":[{"@type":"CommentAction","name":"Comment","target":["https:\/\/evertonfc.cz\/index.php\/2025\/11\/08\/preview-everton-fulham-12\/#respond"]}]},{"@type":"WebPage","@id":"https:\/\/evertonfc.cz\/index.php\/2025\/11\/08\/preview-everton-fulham-12\/","url":"https:\/\/evertonfc.cz\/index.php\/2025\/11\/08\/preview-everton-fulham-12\/","name":"Preview: Everton - Fulham - Official Czech &amp; Slovak Everton Supporters&#039; Club","isPartOf":{"@id":"https:\/\/evertonfc.cz\/#website"},"primaryImageOfPage":{"@id":"https:\/\/evertonfc.cz\/index.php\/2025\/11\/08\/preview-everton-fulham-12\/#primaryimage"},"image":{"@id":"https:\/\/evertonfc.cz\/index.php\/2025\/11\/08\/preview-everton-fulham-12\/#primaryimage"},"thumbnailUrl":"https:\/\/evertonfc.cz\/wp-content\/uploads\/2025\/11\/Everton-BMD-Fulham.png","datePublished":"2025-11-08T06:40:05+00:00","dateModified":"2025-11-09T16:23:50+00:00","breadcrumb":{"@id":"https:\/\/evertonfc.cz\/index.php\/2025\/11\/08\/preview-everton-fulham-12\/#breadcrumb"},"inLanguage":"cs","potentialAction":[{"@type":"ReadAction","target":["https:\/\/evertonfc.cz\/index.php\/2025\/11\/08\/preview-everton-fulham-12\/"]}]},{"@type":"ImageObject","inLanguage":"cs","@id":"https:\/\/evertonfc.cz\/index.php\/2025\/11\/08\/preview-everton-fulham-12\/#primaryimage","url":"https:\/\/evertonfc.cz\/wp-content\/uploads\/2025\/11\/Everton-BMD-Fulham.png","contentUrl":"https:\/\/evertonfc.cz\/wp-content\/uploads\/2025\/11\/Everton-BMD-Fulham.png","width":720,"height":405},{"@type":"BreadcrumbList","@id":"https:\/\/evertonfc.cz\/index.php\/2025\/11\/08\/preview-everton-fulham-12\/#breadcrumb","itemListElement":[{"@type":"ListItem","position":1,"name":"Home","item":"https:\/\/evertonfc.cz\/"},{"@type":"ListItem","position":2,"name":"Preview: Everton &#8211; Fulham"}]},{"@type":"WebSite","@id":"https:\/\/evertonfc.cz\/#website","url":"https:\/\/evertonfc.cz\/","name":"Official Czech &amp; Slovak Everton Supporters&#039; Club","description":"","publisher":{"@id":"https:\/\/evertonfc.cz\/#organization"},"potentialAction":[{"@type":"SearchAction","target":{"@type":"EntryPoint","urlTemplate":"https:\/\/evertonfc.cz\/?s={search_term_string}"},"query-input":{"@type":"PropertyValueSpecification","valueRequired":true,"valueName":"search_term_string"}}],"inLanguage":"cs"},{"@type":"Organization","@id":"https:\/\/evertonfc.cz\/#organization","name":"Official Czech & Slovak Everton Supporters' Club","url":"https:\/\/evertonfc.cz\/","logo":{"@type":"ImageObject","inLanguage":"cs","@id":"https:\/\/evertonfc.cz\/#\/schema\/logo\/image\/","url":"https:\/\/evertonfc.cz\/wp-content\/uploads\/2019\/05\/logo.png","contentUrl":"https:\/\/evertonfc.cz\/wp-content\/uploads\/2019\/05\/logo.png","width":112,"height":112,"caption":"Official Czech & Slovak Everton Supporters' Club"},"image":{"@id":"https:\/\/evertonfc.cz\/#\/schema\/logo\/image\/"},"sameAs":["https:\/\/www.facebook.com\/everton.fans.cz.sk"]},{"@type":"Person","@id":"https:\/\/evertonfc.cz\/#\/schema\/person\/35904009755e8eaa0dc1a5f5f0419002","name":"Fip","url":"https:\/\/evertonfc.cz\/index.php\/author\/fip\/"}]}},"_links":{"self":[{"href":"https:\/\/evertonfc.cz\/index.php\/wp-json\/wp\/v2\/posts\/27870"}],"collection":[{"href":"https:\/\/evertonfc.cz\/index.php\/wp-json\/wp\/v2\/posts"}],"about":[{"href":"https:\/\/evertonfc.cz\/index.php\/wp-json\/wp\/v2\/types\/post"}],"author":[{"embeddable":true,"href":"https:\/\/evertonfc.cz\/index.php\/wp-json\/wp\/v2\/users\/10"}],"replies":[{"embeddable":true,"href":"https:\/\/evertonfc.cz\/index.php\/wp-json\/wp\/v2\/comments?post=27870"}],"version-history":[{"count":5,"href":"https:\/\/evertonfc.cz\/index.php\/wp-json\/wp\/v2\/posts\/27870\/revisions"}],"predecessor-version":[{"id":27881,"href":"https:\/\/evertonfc.cz\/index.php\/wp-json\/wp\/v2\/posts\/27870\/revisions\/27881"}],"wp:featuredmedia":[{"embeddable":true,"href":"https:\/\/evertonfc.cz\/index.php\/wp-json\/wp\/v2\/media\/27873"}],"wp:attachment":[{"href":"https:\/\/evertonfc.cz\/index.php\/wp-json\/wp\/v2\/media?parent=27870"}],"wp:term":[{"taxonomy":"category","embeddable":true,"href":"https:\/\/evertonfc.cz\/index.php\/wp-json\/wp\/v2\/categories?post=27870"},{"taxonomy":"post_tag","embeddable":true,"href":"https:\/\/evertonfc.cz\/index.php\/wp-json\/wp\/v2\/tags?post=27870"}],"curies":[{"name":"wp","href":"https:\/\/api.w.org\/{rel}","templated":true}]}}