{"id":27883,"date":"2025-11-12T21:16:08","date_gmt":"2025-11-12T20:16:08","guid":{"rendered":"https:\/\/evertonfc.cz\/?p=27883"},"modified":"2025-11-13T13:20:25","modified_gmt":"2025-11-13T12:20:25","slug":"everton-w-manchester-city-w-12","status":"publish","type":"post","link":"https:\/\/evertonfc.cz\/index.php\/2025\/11\/12\/everton-w-manchester-city-w-12\/","title":{"rendered":"Everton W &#8211; Manchester City W 1:2"},"content":{"rendered":"<h4>T\u011bsn\u00e1 prohra po velmi solidn\u00edm v\u00fdkonu proti siln\u00e9mu soupe\u0159i.<\/h4>\n<p>Uchaze\u010dky o ligov\u00fd titul zav\u00edtaly na Goodison Park a bylo jasn\u00e9, \u017ee n\u00e1s ne\u010dek\u00e1 snadn\u00fd z\u00e1pas.\u00a0 Ishikawa nastoupila v z\u00e1kladu do stopersk\u00e9 dvojice s Mace, kde nahradila Stenevik l\u00e9\u010d\u00edc\u00ed se s poran\u011bn\u00fdmi hamstringy. Snoeijs a Holmgaard se zas\u00e1hly do hry aspo\u0148 z lavi\u010dky, jinak se nikdo dal\u0161\u00ed z marodky do sestavy nevr\u00e1til.<\/p>\n<h4>Prvn\u00ed polo\u010das<\/h4>\n<p>Za\u010d\u00e1tek z\u00e1pasu nenechal nikoho na pochyb\u00e1ch o tom, kter\u00fd z t\u00fdm\u016f na h\u0159i\u0161ti bojuje o \u010delo tabulky a kter\u00fd sm\u011b\u0159uje k sestupov\u00e9m u m\u00edstu. U\u017e ve druh\u00e9 minut\u011b mohla sk\u00f3rovat Miedema, st\u0159ela ji ale nesedla. Neujala se ani st\u0159ela Shaw a za n\u00e1s ze sporadick\u00e9 akce p\u00e1lila do n\u00e1ru\u010de brank\u00e1\u0159ky Vignola. Ve 21. minut\u011b si Miedema poradila s Mace a z mal\u00e9ho v\u00e1pna z obt\u00ed\u017en\u00e9 pozice obst\u0159elila vyb\u011bhnuv\u0161\u00ed Ramsey &#8211; <strong>0:1<\/strong>.<\/p>\n<p>Obdr\u017een\u00fd g\u00f3l n\u00e1s vybudil ke zv\u00fd\u0161en\u00ed obr\u00e1tek. S\u00e1zeli jsme na proti\u00fatoky zejm\u00e9na n\u00e1kopy dop\u0159edu p\u0159es pravou stranu s rychlonohou Payne nebo z pr\u016fnik\u016f Pacheco po lev\u00e9m k\u0159\u00eddle. Vytrval\u00fd d\u00e9\u0161\u0165 znesnad\u0148oval hru ob\u011bma t\u00fdm\u016fm, na na\u0161\u00ed stran\u011b p\u0159in\u00e1\u0161el probl\u00e9my hlavn\u011b Payne, kter\u00e1 dvakr\u00e1t v nad\u011bjn\u00e9 pozici podklouzla. Ve 40. minut\u011b p\u0159enesla Mace n\u00e1dhern\u011b hru daleko dop\u0159edu na nab\u00edhaj\u00edc\u00ed Payne. Nigerijsk\u00e1 reprezentantka posunula m\u00ed\u010d d\u00e1le ke Gago, kter\u00e1 pati\u010dkou p\u0159ekonala Yamashitu &#8211; <strong>1:1<\/strong>. Je \u0161koda, \u017ee p\u0159ed koncem polo\u010dasu mohla zv\u00fd\u0161it Vignola,, ale jej\u00ed st\u0159ela z halfvoleje sm\u011b\u0159ovala vysoko nad.<\/p>\n<h4>Druh\u00fd polo\u010das<\/h4>\n<p>Po paouze za\u010daly oba t\u00fdmy svi\u017en\u011b. Ov\u0161em \u00fasp\u011b\u0161n\u011bj\u0161\u00ed byly Citizens. V 54. minut\u011b poslala pas do v\u00e1pna Ouahabi. Shaw v hlavi\u010dkov\u00e9m souboji p\u0159esko\u010dila Ishikawu a zv\u00fd\u0161ila veden\u00ed hostek na <strong>1:2<\/strong>. Na\u0161e snaha p\u0159inejmen\u0161\u00edm o vyrovn\u00e1n\u00ed byla obrovsk\u00e1. Nejbl\u00ed\u017ee k jej\u00edmu napln\u011bn\u00ed m\u011bla jedovat\u00e1 st\u0159eva Vignoly zastaven\u00e1 \u017eerd\u00ed branky. A tak\u00e9 st\u0159ela Kitegawy (po v\u00fdborn\u00e9 akci Robinson), kter\u00e1 ov\u0161em byla zastavena jej\u00ed krajankou v brance Citizens. Do konce polo\u010dasu se u\u017e ani jednomu z t\u00fdm\u016f zm\u011bnit sk\u00f3re nepoda\u0159ilo a tak z\u00e1pas skon\u010dil na\u0161\u00ed t\u011bsnou por\u00e1\u017ekou.<\/p>\n<h4>Shrnut\u00ed<\/h4>\n<p>Taktick\u00fd pokyn tradi\u010dn\u011b ochrapt\u011bl\u00e9ho Soerensena &#8222;Fight hard, fight hard!&#8220; byl na\u0161\u00edm v\u00fdkonem napln\u011bn bezezbytku. Ale do sk\u00f3re se jej p\u0159etavit nepoda\u0159ilo. Kone\u010dn\u00fd v\u00fdsledek tak vynesl Citizens do \u010dela tabulky a n\u00e1s bohu\u017eel seslal jen \u010dty\u0159i body od p\u00e1sma sestupu. Pokud dok\u00e1\u017eeme v nastaven\u00e9 \u00farovni vydr\u017eet, tak pevn\u011b v\u011b\u0159\u00edm, \u017ee se za\u010dneme prod\u00edrat do vy\u0161\u0161\u00edch pater tabulky. Bylo by u\u017e na \u010dase. Vyzkou\u0161et si to m\u016f\u017eeme v ned\u011bli 16.11. kde vyraz\u00edme na n\u00e1v\u0161t\u011bvu podobn\u011b se tr\u00e1p\u00edc\u00edch Hammers. <strong><span style=\"color: #0000ff;\">COYBG!<\/span><\/strong><\/p>\n<p style=\"text-align: right;\"><span style=\"font-size: 8pt;\"><em>Fotografie: Ishikawa v souboji se Shaw (zdroj: fawslfulltime.co.uk)<\/em><\/span><\/p>\n<p><strong>G\u00f3ly: <\/strong>Gago (40\u00b4)- Miedema (21\u00b4), Shaw (54\u00b4)\u00a0 \u00a0<strong>\u017dK:<\/strong> Pacheco, Snoeijs<\/p>\n<p><strong>Everton (4-4-2):<\/strong> Ramsey; Fern\u00e1ndez (K. Holmgaard 61&#8242;)<span class=\"visually-hidden ssrcss-1f39n02-VisuallyHidden e16en2lz0\">, Mace, <\/span><span class=\"visually-hidden ssrcss-1f39n02-VisuallyHidden e16en2lz0\">Ishikawa, <\/span><span aria-hidden=\"true\">Pacheco (Kitagawa 73&#8242;); <\/span>van Gool (Snoeijs 61&#8242;),<span class=\"visually-hidden ssrcss-1f39n02-VisuallyHidden e16en2lz0\">\u00a0Wheeler, <\/span><span class=\"visually-hidden ssrcss-1f39n02-VisuallyHidden e16en2lz0\">Vignola, <\/span>Hayashi; Payne (Robinson 61&#8242;), Gago (Momiki 81&#8242;)<\/p>\n<p><strong>City (4-2-3-1):\u00a0<\/strong>Yamashita; Casparij, <span class=\"visually-hidden ssrcss-1f39n02-VisuallyHidden e16en2lz0\">Rose, <\/span><span class=\"visually-hidden ssrcss-1f39n02-VisuallyHidden e16en2lz0\">Knaak (Prior 61&#8242;), <\/span><span class=\"visually-hidden ssrcss-1f39n02-VisuallyHidden e16en2lz0\">Ouahabi; <\/span>Hasegawa<span class=\"visually-hidden ssrcss-1f39n02-VisuallyHidden e16en2lz0\">, Blindkilde Brown (Clinton 81&#8242;); <\/span>Beney (Hemp 61&#8242;), <span class=\"visually-hidden ssrcss-1f39n02-VisuallyHidden e16en2lz0\">Miedema (Lohmann 81&#8242;), <\/span><span class=\"visually-hidden ssrcss-1f39n02-VisuallyHidden e16en2lz0\">Fujino; Shaw<\/span><\/p>\n<p><strong>Rozhod\u010d\u00ed:<\/strong> William Davis\u00a0 <strong>Div\u00e1ci:<\/strong> 3 042 (Goodison Park)<\/p>\n<p><iframe loading=\"lazy\" title=\"FULL MATCH: Everton v Manchester City | Barclays WSL 25\/26\" width=\"1140\" height=\"641\" src=\"https:\/\/www.youtube.com\/embed\/0zG22UkPBds?feature=oembed\" frameborder=\"0\" allow=\"accelerometer; autoplay; clipboard-write; encrypted-media; gyroscope; picture-in-picture; web-share\" referrerpolicy=\"strict-origin-when-cross-origin\" allowfullscreen><\/iframe><\/p>\n","protected":false},"excerpt":{"rendered":"<p>T\u011bsn\u00e1 prohra po velmi solidn\u00edm v\u00fdkonu proti siln\u00e9mu soupe\u0159i.\u00a0<\/p>\n","protected":false},"author":26,"featured_media":27895,"comment_status":"open","ping_status":"closed","sticky":false,"template":"","format":"standard","meta":{"_eb_attr":"","_monsterinsights_skip_tracking":false,"_monsterinsights_sitenote_active":false,"_monsterinsights_sitenote_note":"","_monsterinsights_sitenote_category":0,"footnotes":""},"categories":[110],"tags":[],"yoast_head":"<!-- This site is optimized with the Yoast SEO plugin v23.4 - https:\/\/yoast.com\/wordpress\/plugins\/seo\/ -->\n<title>Everton W - Manchester City W 1:2 - Official Czech &amp; Slovak Everton Supporters&#039; Club<\/title>\n<meta name=\"robots\" content=\"index, follow, max-snippet:-1, max-image-preview:large, max-video-preview:-1\" \/>\n<link rel=\"canonical\" href=\"https:\/\/evertonfc.cz\/index.php\/2025\/11\/12\/everton-w-manchester-city-w-12\/\" \/>\n<meta property=\"og:locale\" content=\"cs_CZ\" \/>\n<meta property=\"og:type\" content=\"article\" \/>\n<meta property=\"og:title\" content=\"Everton W - Manchester City W 1:2 - Official Czech &amp; Slovak Everton Supporters&#039; Club\" \/>\n<meta property=\"og:description\" content=\"T\u011bsn\u00e1 prohra po velmi solidn\u00edm v\u00fdkonu proti siln\u00e9mu soupe\u0159i.\u00a0\" \/>\n<meta property=\"og:url\" content=\"https:\/\/evertonfc.cz\/index.php\/2025\/11\/12\/everton-w-manchester-city-w-12\/\" \/>\n<meta property=\"og:site_name\" content=\"Official Czech &amp; Slovak Everton Supporters&#039; Club\" \/>\n<meta property=\"article:publisher\" content=\"https:\/\/www.facebook.com\/everton.fans.cz.sk\" \/>\n<meta property=\"article:published_time\" content=\"2025-11-12T20:16:08+00:00\" \/>\n<meta property=\"article:modified_time\" content=\"2025-11-13T12:20:25+00:00\" \/>\n<meta property=\"og:image\" content=\"https:\/\/evertonfc.cz\/wp-content\/uploads\/2025\/11\/Everton-vs-City-9_11_2025-web-.jpg\" \/>\n\t<meta property=\"og:image:width\" content=\"720\" \/>\n\t<meta property=\"og:image:height\" content=\"405\" \/>\n\t<meta property=\"og:image:type\" content=\"image\/jpeg\" \/>\n<meta name=\"author\" content=\"Karamela\" \/>\n<meta name=\"twitter:card\" content=\"summary_large_image\" \/>\n<meta name=\"twitter:label1\" content=\"Napsal(a)\" \/>\n\t<meta name=\"twitter:data1\" content=\"Karamela\" \/>\n\t<meta name=\"twitter:label2\" content=\"Odhadovan\u00e1 doba \u010dten\u00ed\" \/>\n\t<meta name=\"twitter:data2\" content=\"3 minuty\" \/>\n<script type=\"application\/ld+json\" class=\"yoast-schema-graph\">{\"@context\":\"https:\/\/schema.org\",\"@graph\":[{\"@type\":\"Article\",\"@id\":\"https:\/\/evertonfc.cz\/index.php\/2025\/11\/12\/everton-w-manchester-city-w-12\/#article\",\"isPartOf\":{\"@id\":\"https:\/\/evertonfc.cz\/index.php\/2025\/11\/12\/everton-w-manchester-city-w-12\/\"},\"author\":{\"name\":\"Karamela\",\"@id\":\"https:\/\/evertonfc.cz\/#\/schema\/person\/e9a24a80a32efa1344dd2c4e5882185c\"},\"headline\":\"Everton W &#8211; Manchester City W 1:2\",\"datePublished\":\"2025-11-12T20:16:08+00:00\",\"dateModified\":\"2025-11-13T12:20:25+00:00\",\"mainEntityOfPage\":{\"@id\":\"https:\/\/evertonfc.cz\/index.php\/2025\/11\/12\/everton-w-manchester-city-w-12\/\"},\"wordCount\":611,\"commentCount\":0,\"publisher\":{\"@id\":\"https:\/\/evertonfc.cz\/#organization\"},\"image\":{\"@id\":\"https:\/\/evertonfc.cz\/index.php\/2025\/11\/12\/everton-w-manchester-city-w-12\/#primaryimage\"},\"thumbnailUrl\":\"https:\/\/evertonfc.cz\/wp-content\/uploads\/2025\/11\/Everton-vs-City-9_11_2025-web-.jpg\",\"articleSection\":[\"Everton Women\"],\"inLanguage\":\"cs\",\"potentialAction\":[{\"@type\":\"CommentAction\",\"name\":\"Comment\",\"target\":[\"https:\/\/evertonfc.cz\/index.php\/2025\/11\/12\/everton-w-manchester-city-w-12\/#respond\"]}]},{\"@type\":\"WebPage\",\"@id\":\"https:\/\/evertonfc.cz\/index.php\/2025\/11\/12\/everton-w-manchester-city-w-12\/\",\"url\":\"https:\/\/evertonfc.cz\/index.php\/2025\/11\/12\/everton-w-manchester-city-w-12\/\",\"name\":\"Everton W - Manchester City W 1:2 - Official Czech &amp; Slovak Everton Supporters&#039; Club\",\"isPartOf\":{\"@id\":\"https:\/\/evertonfc.cz\/#website\"},\"primaryImageOfPage\":{\"@id\":\"https:\/\/evertonfc.cz\/index.php\/2025\/11\/12\/everton-w-manchester-city-w-12\/#primaryimage\"},\"image\":{\"@id\":\"https:\/\/evertonfc.cz\/index.php\/2025\/11\/12\/everton-w-manchester-city-w-12\/#primaryimage\"},\"thumbnailUrl\":\"https:\/\/evertonfc.cz\/wp-content\/uploads\/2025\/11\/Everton-vs-City-9_11_2025-web-.jpg\",\"datePublished\":\"2025-11-12T20:16:08+00:00\",\"dateModified\":\"2025-11-13T12:20:25+00:00\",\"breadcrumb\":{\"@id\":\"https:\/\/evertonfc.cz\/index.php\/2025\/11\/12\/everton-w-manchester-city-w-12\/#breadcrumb\"},\"inLanguage\":\"cs\",\"potentialAction\":[{\"@type\":\"ReadAction\",\"target\":[\"https:\/\/evertonfc.cz\/index.php\/2025\/11\/12\/everton-w-manchester-city-w-12\/\"]}]},{\"@type\":\"ImageObject\",\"inLanguage\":\"cs\",\"@id\":\"https:\/\/evertonfc.cz\/index.php\/2025\/11\/12\/everton-w-manchester-city-w-12\/#primaryimage\",\"url\":\"https:\/\/evertonfc.cz\/wp-content\/uploads\/2025\/11\/Everton-vs-City-9_11_2025-web-.jpg\",\"contentUrl\":\"https:\/\/evertonfc.cz\/wp-content\/uploads\/2025\/11\/Everton-vs-City-9_11_2025-web-.jpg\",\"width\":720,\"height\":405},{\"@type\":\"BreadcrumbList\",\"@id\":\"https:\/\/evertonfc.cz\/index.php\/2025\/11\/12\/everton-w-manchester-city-w-12\/#breadcrumb\",\"itemListElement\":[{\"@type\":\"ListItem\",\"position\":1,\"name\":\"Home\",\"item\":\"https:\/\/evertonfc.cz\/\"},{\"@type\":\"ListItem\",\"position\":2,\"name\":\"Everton W &#8211; Manchester City W 1:2\"}]},{\"@type\":\"WebSite\",\"@id\":\"https:\/\/evertonfc.cz\/#website\",\"url\":\"https:\/\/evertonfc.cz\/\",\"name\":\"Official Czech &amp; Slovak Everton Supporters&#039; Club\",\"description\":\"\",\"publisher\":{\"@id\":\"https:\/\/evertonfc.cz\/#organization\"},\"potentialAction\":[{\"@type\":\"SearchAction\",\"target\":{\"@type\":\"EntryPoint\",\"urlTemplate\":\"https:\/\/evertonfc.cz\/?s={search_term_string}\"},\"query-input\":{\"@type\":\"PropertyValueSpecification\",\"valueRequired\":true,\"valueName\":\"search_term_string\"}}],\"inLanguage\":\"cs\"},{\"@type\":\"Organization\",\"@id\":\"https:\/\/evertonfc.cz\/#organization\",\"name\":\"Official Czech & Slovak Everton Supporters' Club\",\"url\":\"https:\/\/evertonfc.cz\/\",\"logo\":{\"@type\":\"ImageObject\",\"inLanguage\":\"cs\",\"@id\":\"https:\/\/evertonfc.cz\/#\/schema\/logo\/image\/\",\"url\":\"https:\/\/evertonfc.cz\/wp-content\/uploads\/2019\/05\/logo.png\",\"contentUrl\":\"https:\/\/evertonfc.cz\/wp-content\/uploads\/2019\/05\/logo.png\",\"width\":112,\"height\":112,\"caption\":\"Official Czech & Slovak Everton Supporters' Club\"},\"image\":{\"@id\":\"https:\/\/evertonfc.cz\/#\/schema\/logo\/image\/\"},\"sameAs\":[\"https:\/\/www.facebook.com\/everton.fans.cz.sk\"]},{\"@type\":\"Person\",\"@id\":\"https:\/\/evertonfc.cz\/#\/schema\/person\/e9a24a80a32efa1344dd2c4e5882185c\",\"name\":\"Karamela\",\"url\":\"https:\/\/evertonfc.cz\/index.php\/author\/karamela\/\"}]}<\/script>\n<!-- \/ Yoast SEO plugin. -->","yoast_head_json":{"title":"Everton W - Manchester City W 1:2 - Official Czech &amp; Slovak Everton Supporters&#039; Club","robots":{"index":"index","follow":"follow","max-snippet":"max-snippet:-1","max-image-preview":"max-image-preview:large","max-video-preview":"max-video-preview:-1"},"canonical":"https:\/\/evertonfc.cz\/index.php\/2025\/11\/12\/everton-w-manchester-city-w-12\/","og_locale":"cs_CZ","og_type":"article","og_title":"Everton W - Manchester City W 1:2 - Official Czech &amp; Slovak Everton Supporters&#039; Club","og_description":"T\u011bsn\u00e1 prohra po velmi solidn\u00edm v\u00fdkonu proti siln\u00e9mu soupe\u0159i.\u00a0","og_url":"https:\/\/evertonfc.cz\/index.php\/2025\/11\/12\/everton-w-manchester-city-w-12\/","og_site_name":"Official Czech &amp; Slovak Everton Supporters&#039; Club","article_publisher":"https:\/\/www.facebook.com\/everton.fans.cz.sk","article_published_time":"2025-11-12T20:16:08+00:00","article_modified_time":"2025-11-13T12:20:25+00:00","og_image":[{"width":720,"height":405,"url":"https:\/\/evertonfc.cz\/wp-content\/uploads\/2025\/11\/Everton-vs-City-9_11_2025-web-.jpg","type":"image\/jpeg"}],"author":"Karamela","twitter_card":"summary_large_image","twitter_misc":{"Napsal(a)":"Karamela","Odhadovan\u00e1 doba \u010dten\u00ed":"3 minuty"},"schema":{"@context":"https:\/\/schema.org","@graph":[{"@type":"Article","@id":"https:\/\/evertonfc.cz\/index.php\/2025\/11\/12\/everton-w-manchester-city-w-12\/#article","isPartOf":{"@id":"https:\/\/evertonfc.cz\/index.php\/2025\/11\/12\/everton-w-manchester-city-w-12\/"},"author":{"name":"Karamela","@id":"https:\/\/evertonfc.cz\/#\/schema\/person\/e9a24a80a32efa1344dd2c4e5882185c"},"headline":"Everton W &#8211; Manchester City W 1:2","datePublished":"2025-11-12T20:16:08+00:00","dateModified":"2025-11-13T12:20:25+00:00","mainEntityOfPage":{"@id":"https:\/\/evertonfc.cz\/index.php\/2025\/11\/12\/everton-w-manchester-city-w-12\/"},"wordCount":611,"commentCount":0,"publisher":{"@id":"https:\/\/evertonfc.cz\/#organization"},"image":{"@id":"https:\/\/evertonfc.cz\/index.php\/2025\/11\/12\/everton-w-manchester-city-w-12\/#primaryimage"},"thumbnailUrl":"https:\/\/evertonfc.cz\/wp-content\/uploads\/2025\/11\/Everton-vs-City-9_11_2025-web-.jpg","articleSection":["Everton Women"],"inLanguage":"cs","potentialAction":[{"@type":"CommentAction","name":"Comment","target":["https:\/\/evertonfc.cz\/index.php\/2025\/11\/12\/everton-w-manchester-city-w-12\/#respond"]}]},{"@type":"WebPage","@id":"https:\/\/evertonfc.cz\/index.php\/2025\/11\/12\/everton-w-manchester-city-w-12\/","url":"https:\/\/evertonfc.cz\/index.php\/2025\/11\/12\/everton-w-manchester-city-w-12\/","name":"Everton W - Manchester City W 1:2 - Official Czech &amp; Slovak Everton Supporters&#039; Club","isPartOf":{"@id":"https:\/\/evertonfc.cz\/#website"},"primaryImageOfPage":{"@id":"https:\/\/evertonfc.cz\/index.php\/2025\/11\/12\/everton-w-manchester-city-w-12\/#primaryimage"},"image":{"@id":"https:\/\/evertonfc.cz\/index.php\/2025\/11\/12\/everton-w-manchester-city-w-12\/#primaryimage"},"thumbnailUrl":"https:\/\/evertonfc.cz\/wp-content\/uploads\/2025\/11\/Everton-vs-City-9_11_2025-web-.jpg","datePublished":"2025-11-12T20:16:08+00:00","dateModified":"2025-11-13T12:20:25+00:00","breadcrumb":{"@id":"https:\/\/evertonfc.cz\/index.php\/2025\/11\/12\/everton-w-manchester-city-w-12\/#breadcrumb"},"inLanguage":"cs","potentialAction":[{"@type":"ReadAction","target":["https:\/\/evertonfc.cz\/index.php\/2025\/11\/12\/everton-w-manchester-city-w-12\/"]}]},{"@type":"ImageObject","inLanguage":"cs","@id":"https:\/\/evertonfc.cz\/index.php\/2025\/11\/12\/everton-w-manchester-city-w-12\/#primaryimage","url":"https:\/\/evertonfc.cz\/wp-content\/uploads\/2025\/11\/Everton-vs-City-9_11_2025-web-.jpg","contentUrl":"https:\/\/evertonfc.cz\/wp-content\/uploads\/2025\/11\/Everton-vs-City-9_11_2025-web-.jpg","width":720,"height":405},{"@type":"BreadcrumbList","@id":"https:\/\/evertonfc.cz\/index.php\/2025\/11\/12\/everton-w-manchester-city-w-12\/#breadcrumb","itemListElement":[{"@type":"ListItem","position":1,"name":"Home","item":"https:\/\/evertonfc.cz\/"},{"@type":"ListItem","position":2,"name":"Everton W &#8211; Manchester City W 1:2"}]},{"@type":"WebSite","@id":"https:\/\/evertonfc.cz\/#website","url":"https:\/\/evertonfc.cz\/","name":"Official Czech &amp; Slovak Everton Supporters&#039; Club","description":"","publisher":{"@id":"https:\/\/evertonfc.cz\/#organization"},"potentialAction":[{"@type":"SearchAction","target":{"@type":"EntryPoint","urlTemplate":"https:\/\/evertonfc.cz\/?s={search_term_string}"},"query-input":{"@type":"PropertyValueSpecification","valueRequired":true,"valueName":"search_term_string"}}],"inLanguage":"cs"},{"@type":"Organization","@id":"https:\/\/evertonfc.cz\/#organization","name":"Official Czech & Slovak Everton Supporters' Club","url":"https:\/\/evertonfc.cz\/","logo":{"@type":"ImageObject","inLanguage":"cs","@id":"https:\/\/evertonfc.cz\/#\/schema\/logo\/image\/","url":"https:\/\/evertonfc.cz\/wp-content\/uploads\/2019\/05\/logo.png","contentUrl":"https:\/\/evertonfc.cz\/wp-content\/uploads\/2019\/05\/logo.png","width":112,"height":112,"caption":"Official Czech & Slovak Everton Supporters' Club"},"image":{"@id":"https:\/\/evertonfc.cz\/#\/schema\/logo\/image\/"},"sameAs":["https:\/\/www.facebook.com\/everton.fans.cz.sk"]},{"@type":"Person","@id":"https:\/\/evertonfc.cz\/#\/schema\/person\/e9a24a80a32efa1344dd2c4e5882185c","name":"Karamela","url":"https:\/\/evertonfc.cz\/index.php\/author\/karamela\/"}]}},"_links":{"self":[{"href":"https:\/\/evertonfc.cz\/index.php\/wp-json\/wp\/v2\/posts\/27883"}],"collection":[{"href":"https:\/\/evertonfc.cz\/index.php\/wp-json\/wp\/v2\/posts"}],"about":[{"href":"https:\/\/evertonfc.cz\/index.php\/wp-json\/wp\/v2\/types\/post"}],"author":[{"embeddable":true,"href":"https:\/\/evertonfc.cz\/index.php\/wp-json\/wp\/v2\/users\/26"}],"replies":[{"embeddable":true,"href":"https:\/\/evertonfc.cz\/index.php\/wp-json\/wp\/v2\/comments?post=27883"}],"version-history":[{"count":6,"href":"https:\/\/evertonfc.cz\/index.php\/wp-json\/wp\/v2\/posts\/27883\/revisions"}],"predecessor-version":[{"id":27898,"href":"https:\/\/evertonfc.cz\/index.php\/wp-json\/wp\/v2\/posts\/27883\/revisions\/27898"}],"wp:featuredmedia":[{"embeddable":true,"href":"https:\/\/evertonfc.cz\/index.php\/wp-json\/wp\/v2\/media\/27895"}],"wp:attachment":[{"href":"https:\/\/evertonfc.cz\/index.php\/wp-json\/wp\/v2\/media?parent=27883"}],"wp:term":[{"taxonomy":"category","embeddable":true,"href":"https:\/\/evertonfc.cz\/index.php\/wp-json\/wp\/v2\/categories?post=27883"},{"taxonomy":"post_tag","embeddable":true,"href":"https:\/\/evertonfc.cz\/index.php\/wp-json\/wp\/v2\/tags?post=27883"}],"curies":[{"name":"wp","href":"https:\/\/api.w.org\/{rel}","templated":true}]}}