{"id":27900,"date":"2025-11-13T19:58:14","date_gmt":"2025-11-13T18:58:14","guid":{"rendered":"https:\/\/evertonfc.cz\/?p=27900"},"modified":"2025-11-18T09:47:17","modified_gmt":"2025-11-18T08:47:17","slug":"stadiony-pro-zensky-fotbal-dalsi-druh","status":"publish","type":"post","link":"https:\/\/evertonfc.cz\/index.php\/2025\/11\/13\/stadiony-pro-zensky-fotbal-dalsi-druh\/","title":{"rendered":"Stadi\u00f3ny pro \u017eensk\u00fd fotbal &#8211; dal\u0161\u00ed druh?"},"content":{"rendered":"<h4>Podle WSL byly fotbalov\u00e9 stadi\u00f3ny historicky konstruovan\u00e9 pro pot\u0159eby mu\u017e\u016f a mu\u017esk\u00e9ho fotbalu. Je proto t\u0159eba je p\u0159izp\u016fsobit pot\u0159eb\u00e1m \u017eensk\u00e9ho fotbalu s ohledem na specifick\u00e9 pot\u0159eby hr\u00e1\u010dek a okruhu p\u0159\u00edznivc\u016f \u017eensk\u00e9 hry.<\/h4>\n<p>WSL p\u0159edstavila materi\u00e1l, kter\u00fd ozna\u010dila jako &#8222;prvn\u00ed sv\u011btov\u00e1 designov\u00e1 doporu\u010den\u00ed&#8220; pro \u00fapravu st\u00e1vaj\u00edc\u00edch fotbalov\u00fdch stadi\u00f3n\u016f, nebo pro stavbu nov\u00fdch tak, aby l\u00e9pe vyhovovaly \u017een\u00e1m v \u00e9\u0159e vzestupu \u017eensk\u00e9ho fotbalu. WSL chce, aby elitn\u00ed stadiony byly navr\u017een\u00e9 nebo modernizovan\u00e9 s inkluzivn\u011bj\u0161\u00edm a p\u0159\u00edstupn\u011bj\u0161\u00edm z\u00e1zem\u00edm pro fanou\u0161ky i hr\u00e1\u010dky. Na p\u0159\u00edprav\u011b doporu\u010den\u00ed se pod\u00edlely fanou\u0161ci, kluby, hr\u00e1\u010dky, mana\u017ee\u0159i a tren\u00e9\u0159i, architekti i design\u00e9\u0159i.<\/p>\n<p>Jak se &#8222;\u017eensk\u00e9&#8220; stadi\u00f3ny li\u0161\u00ed od &#8222;mu\u017esk\u00fdch&#8220;? Seznam kl\u00ed\u010dov\u00fdch designov\u00fdch prvk\u016f je pom\u011brn\u011b dlouh\u00fd. Zahrnuje \u0161atny a toalety p\u0159izp\u016fsoben\u00e9 \u017eensk\u00fdm pot\u0159eb\u00e1m, prostory pro rodi\u010de a opatrovn\u00edky, rodinn\u00e9 toalety i m\u00edsta ur\u010den\u00e1 pro kojen\u00ed. P\u0159edpokl\u00e1d\u00e1 se, \u017ee 45 % toalet bude pro \u017eeny, 45 % pro mu\u017ee a 10 % gendrov\u011b neutr\u00e1ln\u00edch.<\/p>\n<p>Rovn\u011b\u017e z\u00e1\u017eitek z n\u00e1v\u0161t\u011bvy z\u00e1pasu by m\u011bl b\u00fdt zlep\u0161en \u00fapravou sedadel i rozestupu mezi nimi s ohledem na \u017eeny. Takt\u00e9\u017e by m\u011bla b\u00fdt na stadionu mo\u017enost posadit se do &#8222;alkohol free&#8220; z\u00f3ny.<\/p>\n<div class=\"QcsUad BDJ8fb BLojaf sMVRZe hCXDsb wneUed\">\n<div class=\"usGWQd\">\n<div class=\"KkbLmb\">\n<div class=\"lRu31\" dir=\"ltr\"><span class=\"HwtZe\" lang=\"cs\"><span class=\"jCAhz ChMk0b\"><span class=\"ryNqvb\">Hannah Buckley, \u0161\u00e9fov\u00e1 odd\u011blen\u00ed bezpe\u010dnosti, udr\u017eitelnosti a infrastruktury WSL uvedla: \u201eJsme nad\u0161eni, \u017ee m\u016f\u017eeme p\u0159edstavit tento dokument \u2013 uk\u00e1zalo se, \u017ee stadiony specifikovan\u00e9 pro \u017eeny jsou slep\u00fdm m\u00edstem fotbalov\u00e9ho pr\u016fmyslu. Ochota v\u0161ech z\u00fa\u010dastn\u011bn\u00fdch stran spojit se se sv\u00fdmi odborn\u00fdmi znalostmi a poznatky je inspirativn\u00ed.&#8220;<\/span><\/span><\/span><\/div>\n<\/div>\n<div dir=\"ltr\" style=\"text-align: right;\"><span style=\"font-size: 8pt;\"><em>Zdroj: https:\/\/www.bbc.com\/sport\/football\/articles\/c1wl197jw9qo<\/em><\/span><\/div>\n<div dir=\"ltr\" style=\"text-align: right;\"><span style=\"font-size: 8pt;\"><em>Fotografie:\u00a0 https:\/\/www.theguardian.com<\/em><\/span><\/div>\n<\/div>\n<\/div>\n","protected":false},"excerpt":{"rendered":"<p>Podle WSL byly fotbalov\u00e9 stadi\u00f3ny historicky konstruovan\u00e9 pro pot\u0159eby mu\u017e\u016f a mu\u017esk\u00e9ho fotbalu. Je proto t\u0159eba je p\u0159izp\u016fsobit pot\u0159eb\u00e1m \u017eensk\u00e9ho fotbalu s ohledem na specifick\u00e9 pot\u0159eby hr\u00e1\u010dek a okruhu p\u0159\u00edznivc\u016f \u017eensk\u00e9 hry.\u00a0<\/p>\n","protected":false},"author":26,"featured_media":27901,"comment_status":"open","ping_status":"closed","sticky":false,"template":"","format":"standard","meta":{"_eb_attr":"","_monsterinsights_skip_tracking":false,"_monsterinsights_sitenote_active":false,"_monsterinsights_sitenote_note":"","_monsterinsights_sitenote_category":0,"footnotes":""},"categories":[110],"tags":[],"yoast_head":"<!-- This site is optimized with the Yoast SEO plugin v23.4 - https:\/\/yoast.com\/wordpress\/plugins\/seo\/ -->\n<title>Stadi\u00f3ny pro \u017eensk\u00fd fotbal - dal\u0161\u00ed druh? - Official Czech &amp; Slovak Everton Supporters&#039; Club<\/title>\n<meta name=\"robots\" content=\"index, follow, max-snippet:-1, max-image-preview:large, max-video-preview:-1\" \/>\n<link rel=\"canonical\" href=\"https:\/\/evertonfc.cz\/index.php\/2025\/11\/13\/stadiony-pro-zensky-fotbal-dalsi-druh\/\" \/>\n<meta property=\"og:locale\" content=\"cs_CZ\" \/>\n<meta property=\"og:type\" content=\"article\" \/>\n<meta property=\"og:title\" content=\"Stadi\u00f3ny pro \u017eensk\u00fd fotbal - dal\u0161\u00ed druh? - Official Czech &amp; Slovak Everton Supporters&#039; Club\" \/>\n<meta property=\"og:description\" content=\"Podle WSL byly fotbalov\u00e9 stadi\u00f3ny historicky konstruovan\u00e9 pro pot\u0159eby mu\u017e\u016f a mu\u017esk\u00e9ho fotbalu. Je proto t\u0159eba je p\u0159izp\u016fsobit pot\u0159eb\u00e1m \u017eensk\u00e9ho fotbalu s ohledem na specifick\u00e9 pot\u0159eby hr\u00e1\u010dek a okruhu p\u0159\u00edznivc\u016f \u017eensk\u00e9 hry.\u00a0\" \/>\n<meta property=\"og:url\" content=\"https:\/\/evertonfc.cz\/index.php\/2025\/11\/13\/stadiony-pro-zensky-fotbal-dalsi-druh\/\" \/>\n<meta property=\"og:site_name\" content=\"Official Czech &amp; Slovak Everton Supporters&#039; Club\" \/>\n<meta property=\"article:publisher\" content=\"https:\/\/www.facebook.com\/everton.fans.cz.sk\" \/>\n<meta property=\"article:published_time\" content=\"2025-11-13T18:58:14+00:00\" \/>\n<meta property=\"article:modified_time\" content=\"2025-11-18T08:47:17+00:00\" \/>\n<meta property=\"og:image\" content=\"https:\/\/evertonfc.cz\/wp-content\/uploads\/2025\/11\/Goodison-Park-13_11_2025-web.jpg\" \/>\n\t<meta property=\"og:image:width\" content=\"720\" \/>\n\t<meta property=\"og:image:height\" content=\"405\" \/>\n\t<meta property=\"og:image:type\" content=\"image\/jpeg\" \/>\n<meta name=\"author\" content=\"Karamela\" \/>\n<meta name=\"twitter:card\" content=\"summary_large_image\" \/>\n<meta name=\"twitter:label1\" content=\"Napsal(a)\" \/>\n\t<meta name=\"twitter:data1\" content=\"Karamela\" \/>\n\t<meta name=\"twitter:label2\" content=\"Odhadovan\u00e1 doba \u010dten\u00ed\" \/>\n\t<meta name=\"twitter:data2\" content=\"2 minuty\" \/>\n<script type=\"application\/ld+json\" class=\"yoast-schema-graph\">{\"@context\":\"https:\/\/schema.org\",\"@graph\":[{\"@type\":\"Article\",\"@id\":\"https:\/\/evertonfc.cz\/index.php\/2025\/11\/13\/stadiony-pro-zensky-fotbal-dalsi-druh\/#article\",\"isPartOf\":{\"@id\":\"https:\/\/evertonfc.cz\/index.php\/2025\/11\/13\/stadiony-pro-zensky-fotbal-dalsi-druh\/\"},\"author\":{\"name\":\"Karamela\",\"@id\":\"https:\/\/evertonfc.cz\/#\/schema\/person\/e9a24a80a32efa1344dd2c4e5882185c\"},\"headline\":\"Stadi\u00f3ny pro \u017eensk\u00fd fotbal &#8211; dal\u0161\u00ed druh?\",\"datePublished\":\"2025-11-13T18:58:14+00:00\",\"dateModified\":\"2025-11-18T08:47:17+00:00\",\"mainEntityOfPage\":{\"@id\":\"https:\/\/evertonfc.cz\/index.php\/2025\/11\/13\/stadiony-pro-zensky-fotbal-dalsi-druh\/\"},\"wordCount\":334,\"commentCount\":4,\"publisher\":{\"@id\":\"https:\/\/evertonfc.cz\/#organization\"},\"image\":{\"@id\":\"https:\/\/evertonfc.cz\/index.php\/2025\/11\/13\/stadiony-pro-zensky-fotbal-dalsi-druh\/#primaryimage\"},\"thumbnailUrl\":\"https:\/\/evertonfc.cz\/wp-content\/uploads\/2025\/11\/Goodison-Park-13_11_2025-web.jpg\",\"articleSection\":[\"Everton Women\"],\"inLanguage\":\"cs\",\"potentialAction\":[{\"@type\":\"CommentAction\",\"name\":\"Comment\",\"target\":[\"https:\/\/evertonfc.cz\/index.php\/2025\/11\/13\/stadiony-pro-zensky-fotbal-dalsi-druh\/#respond\"]}]},{\"@type\":\"WebPage\",\"@id\":\"https:\/\/evertonfc.cz\/index.php\/2025\/11\/13\/stadiony-pro-zensky-fotbal-dalsi-druh\/\",\"url\":\"https:\/\/evertonfc.cz\/index.php\/2025\/11\/13\/stadiony-pro-zensky-fotbal-dalsi-druh\/\",\"name\":\"Stadi\u00f3ny pro \u017eensk\u00fd fotbal - dal\u0161\u00ed druh? - Official Czech &amp; Slovak Everton Supporters&#039; Club\",\"isPartOf\":{\"@id\":\"https:\/\/evertonfc.cz\/#website\"},\"primaryImageOfPage\":{\"@id\":\"https:\/\/evertonfc.cz\/index.php\/2025\/11\/13\/stadiony-pro-zensky-fotbal-dalsi-druh\/#primaryimage\"},\"image\":{\"@id\":\"https:\/\/evertonfc.cz\/index.php\/2025\/11\/13\/stadiony-pro-zensky-fotbal-dalsi-druh\/#primaryimage\"},\"thumbnailUrl\":\"https:\/\/evertonfc.cz\/wp-content\/uploads\/2025\/11\/Goodison-Park-13_11_2025-web.jpg\",\"datePublished\":\"2025-11-13T18:58:14+00:00\",\"dateModified\":\"2025-11-18T08:47:17+00:00\",\"breadcrumb\":{\"@id\":\"https:\/\/evertonfc.cz\/index.php\/2025\/11\/13\/stadiony-pro-zensky-fotbal-dalsi-druh\/#breadcrumb\"},\"inLanguage\":\"cs\",\"potentialAction\":[{\"@type\":\"ReadAction\",\"target\":[\"https:\/\/evertonfc.cz\/index.php\/2025\/11\/13\/stadiony-pro-zensky-fotbal-dalsi-druh\/\"]}]},{\"@type\":\"ImageObject\",\"inLanguage\":\"cs\",\"@id\":\"https:\/\/evertonfc.cz\/index.php\/2025\/11\/13\/stadiony-pro-zensky-fotbal-dalsi-druh\/#primaryimage\",\"url\":\"https:\/\/evertonfc.cz\/wp-content\/uploads\/2025\/11\/Goodison-Park-13_11_2025-web.jpg\",\"contentUrl\":\"https:\/\/evertonfc.cz\/wp-content\/uploads\/2025\/11\/Goodison-Park-13_11_2025-web.jpg\",\"width\":720,\"height\":405},{\"@type\":\"BreadcrumbList\",\"@id\":\"https:\/\/evertonfc.cz\/index.php\/2025\/11\/13\/stadiony-pro-zensky-fotbal-dalsi-druh\/#breadcrumb\",\"itemListElement\":[{\"@type\":\"ListItem\",\"position\":1,\"name\":\"Home\",\"item\":\"https:\/\/evertonfc.cz\/\"},{\"@type\":\"ListItem\",\"position\":2,\"name\":\"Stadi\u00f3ny pro \u017eensk\u00fd fotbal &#8211; dal\u0161\u00ed druh?\"}]},{\"@type\":\"WebSite\",\"@id\":\"https:\/\/evertonfc.cz\/#website\",\"url\":\"https:\/\/evertonfc.cz\/\",\"name\":\"Official Czech &amp; Slovak Everton Supporters&#039; Club\",\"description\":\"\",\"publisher\":{\"@id\":\"https:\/\/evertonfc.cz\/#organization\"},\"potentialAction\":[{\"@type\":\"SearchAction\",\"target\":{\"@type\":\"EntryPoint\",\"urlTemplate\":\"https:\/\/evertonfc.cz\/?s={search_term_string}\"},\"query-input\":{\"@type\":\"PropertyValueSpecification\",\"valueRequired\":true,\"valueName\":\"search_term_string\"}}],\"inLanguage\":\"cs\"},{\"@type\":\"Organization\",\"@id\":\"https:\/\/evertonfc.cz\/#organization\",\"name\":\"Official Czech & Slovak Everton Supporters' Club\",\"url\":\"https:\/\/evertonfc.cz\/\",\"logo\":{\"@type\":\"ImageObject\",\"inLanguage\":\"cs\",\"@id\":\"https:\/\/evertonfc.cz\/#\/schema\/logo\/image\/\",\"url\":\"https:\/\/evertonfc.cz\/wp-content\/uploads\/2019\/05\/logo.png\",\"contentUrl\":\"https:\/\/evertonfc.cz\/wp-content\/uploads\/2019\/05\/logo.png\",\"width\":112,\"height\":112,\"caption\":\"Official Czech & Slovak Everton Supporters' Club\"},\"image\":{\"@id\":\"https:\/\/evertonfc.cz\/#\/schema\/logo\/image\/\"},\"sameAs\":[\"https:\/\/www.facebook.com\/everton.fans.cz.sk\"]},{\"@type\":\"Person\",\"@id\":\"https:\/\/evertonfc.cz\/#\/schema\/person\/e9a24a80a32efa1344dd2c4e5882185c\",\"name\":\"Karamela\",\"url\":\"https:\/\/evertonfc.cz\/index.php\/author\/karamela\/\"}]}<\/script>\n<!-- \/ Yoast SEO plugin. -->","yoast_head_json":{"title":"Stadi\u00f3ny pro \u017eensk\u00fd fotbal - dal\u0161\u00ed druh? - Official Czech &amp; Slovak Everton Supporters&#039; Club","robots":{"index":"index","follow":"follow","max-snippet":"max-snippet:-1","max-image-preview":"max-image-preview:large","max-video-preview":"max-video-preview:-1"},"canonical":"https:\/\/evertonfc.cz\/index.php\/2025\/11\/13\/stadiony-pro-zensky-fotbal-dalsi-druh\/","og_locale":"cs_CZ","og_type":"article","og_title":"Stadi\u00f3ny pro \u017eensk\u00fd fotbal - dal\u0161\u00ed druh? - Official Czech &amp; Slovak Everton Supporters&#039; Club","og_description":"Podle WSL byly fotbalov\u00e9 stadi\u00f3ny historicky konstruovan\u00e9 pro pot\u0159eby mu\u017e\u016f a mu\u017esk\u00e9ho fotbalu. Je proto t\u0159eba je p\u0159izp\u016fsobit pot\u0159eb\u00e1m \u017eensk\u00e9ho fotbalu s ohledem na specifick\u00e9 pot\u0159eby hr\u00e1\u010dek a okruhu p\u0159\u00edznivc\u016f \u017eensk\u00e9 hry.\u00a0","og_url":"https:\/\/evertonfc.cz\/index.php\/2025\/11\/13\/stadiony-pro-zensky-fotbal-dalsi-druh\/","og_site_name":"Official Czech &amp; Slovak Everton Supporters&#039; Club","article_publisher":"https:\/\/www.facebook.com\/everton.fans.cz.sk","article_published_time":"2025-11-13T18:58:14+00:00","article_modified_time":"2025-11-18T08:47:17+00:00","og_image":[{"width":720,"height":405,"url":"https:\/\/evertonfc.cz\/wp-content\/uploads\/2025\/11\/Goodison-Park-13_11_2025-web.jpg","type":"image\/jpeg"}],"author":"Karamela","twitter_card":"summary_large_image","twitter_misc":{"Napsal(a)":"Karamela","Odhadovan\u00e1 doba \u010dten\u00ed":"2 minuty"},"schema":{"@context":"https:\/\/schema.org","@graph":[{"@type":"Article","@id":"https:\/\/evertonfc.cz\/index.php\/2025\/11\/13\/stadiony-pro-zensky-fotbal-dalsi-druh\/#article","isPartOf":{"@id":"https:\/\/evertonfc.cz\/index.php\/2025\/11\/13\/stadiony-pro-zensky-fotbal-dalsi-druh\/"},"author":{"name":"Karamela","@id":"https:\/\/evertonfc.cz\/#\/schema\/person\/e9a24a80a32efa1344dd2c4e5882185c"},"headline":"Stadi\u00f3ny pro \u017eensk\u00fd fotbal &#8211; dal\u0161\u00ed druh?","datePublished":"2025-11-13T18:58:14+00:00","dateModified":"2025-11-18T08:47:17+00:00","mainEntityOfPage":{"@id":"https:\/\/evertonfc.cz\/index.php\/2025\/11\/13\/stadiony-pro-zensky-fotbal-dalsi-druh\/"},"wordCount":334,"commentCount":4,"publisher":{"@id":"https:\/\/evertonfc.cz\/#organization"},"image":{"@id":"https:\/\/evertonfc.cz\/index.php\/2025\/11\/13\/stadiony-pro-zensky-fotbal-dalsi-druh\/#primaryimage"},"thumbnailUrl":"https:\/\/evertonfc.cz\/wp-content\/uploads\/2025\/11\/Goodison-Park-13_11_2025-web.jpg","articleSection":["Everton Women"],"inLanguage":"cs","potentialAction":[{"@type":"CommentAction","name":"Comment","target":["https:\/\/evertonfc.cz\/index.php\/2025\/11\/13\/stadiony-pro-zensky-fotbal-dalsi-druh\/#respond"]}]},{"@type":"WebPage","@id":"https:\/\/evertonfc.cz\/index.php\/2025\/11\/13\/stadiony-pro-zensky-fotbal-dalsi-druh\/","url":"https:\/\/evertonfc.cz\/index.php\/2025\/11\/13\/stadiony-pro-zensky-fotbal-dalsi-druh\/","name":"Stadi\u00f3ny pro \u017eensk\u00fd fotbal - dal\u0161\u00ed druh? - Official Czech &amp; Slovak Everton Supporters&#039; Club","isPartOf":{"@id":"https:\/\/evertonfc.cz\/#website"},"primaryImageOfPage":{"@id":"https:\/\/evertonfc.cz\/index.php\/2025\/11\/13\/stadiony-pro-zensky-fotbal-dalsi-druh\/#primaryimage"},"image":{"@id":"https:\/\/evertonfc.cz\/index.php\/2025\/11\/13\/stadiony-pro-zensky-fotbal-dalsi-druh\/#primaryimage"},"thumbnailUrl":"https:\/\/evertonfc.cz\/wp-content\/uploads\/2025\/11\/Goodison-Park-13_11_2025-web.jpg","datePublished":"2025-11-13T18:58:14+00:00","dateModified":"2025-11-18T08:47:17+00:00","breadcrumb":{"@id":"https:\/\/evertonfc.cz\/index.php\/2025\/11\/13\/stadiony-pro-zensky-fotbal-dalsi-druh\/#breadcrumb"},"inLanguage":"cs","potentialAction":[{"@type":"ReadAction","target":["https:\/\/evertonfc.cz\/index.php\/2025\/11\/13\/stadiony-pro-zensky-fotbal-dalsi-druh\/"]}]},{"@type":"ImageObject","inLanguage":"cs","@id":"https:\/\/evertonfc.cz\/index.php\/2025\/11\/13\/stadiony-pro-zensky-fotbal-dalsi-druh\/#primaryimage","url":"https:\/\/evertonfc.cz\/wp-content\/uploads\/2025\/11\/Goodison-Park-13_11_2025-web.jpg","contentUrl":"https:\/\/evertonfc.cz\/wp-content\/uploads\/2025\/11\/Goodison-Park-13_11_2025-web.jpg","width":720,"height":405},{"@type":"BreadcrumbList","@id":"https:\/\/evertonfc.cz\/index.php\/2025\/11\/13\/stadiony-pro-zensky-fotbal-dalsi-druh\/#breadcrumb","itemListElement":[{"@type":"ListItem","position":1,"name":"Home","item":"https:\/\/evertonfc.cz\/"},{"@type":"ListItem","position":2,"name":"Stadi\u00f3ny pro \u017eensk\u00fd fotbal &#8211; dal\u0161\u00ed druh?"}]},{"@type":"WebSite","@id":"https:\/\/evertonfc.cz\/#website","url":"https:\/\/evertonfc.cz\/","name":"Official Czech &amp; Slovak Everton Supporters&#039; Club","description":"","publisher":{"@id":"https:\/\/evertonfc.cz\/#organization"},"potentialAction":[{"@type":"SearchAction","target":{"@type":"EntryPoint","urlTemplate":"https:\/\/evertonfc.cz\/?s={search_term_string}"},"query-input":{"@type":"PropertyValueSpecification","valueRequired":true,"valueName":"search_term_string"}}],"inLanguage":"cs"},{"@type":"Organization","@id":"https:\/\/evertonfc.cz\/#organization","name":"Official Czech & Slovak Everton Supporters' Club","url":"https:\/\/evertonfc.cz\/","logo":{"@type":"ImageObject","inLanguage":"cs","@id":"https:\/\/evertonfc.cz\/#\/schema\/logo\/image\/","url":"https:\/\/evertonfc.cz\/wp-content\/uploads\/2019\/05\/logo.png","contentUrl":"https:\/\/evertonfc.cz\/wp-content\/uploads\/2019\/05\/logo.png","width":112,"height":112,"caption":"Official Czech & Slovak Everton Supporters' Club"},"image":{"@id":"https:\/\/evertonfc.cz\/#\/schema\/logo\/image\/"},"sameAs":["https:\/\/www.facebook.com\/everton.fans.cz.sk"]},{"@type":"Person","@id":"https:\/\/evertonfc.cz\/#\/schema\/person\/e9a24a80a32efa1344dd2c4e5882185c","name":"Karamela","url":"https:\/\/evertonfc.cz\/index.php\/author\/karamela\/"}]}},"_links":{"self":[{"href":"https:\/\/evertonfc.cz\/index.php\/wp-json\/wp\/v2\/posts\/27900"}],"collection":[{"href":"https:\/\/evertonfc.cz\/index.php\/wp-json\/wp\/v2\/posts"}],"about":[{"href":"https:\/\/evertonfc.cz\/index.php\/wp-json\/wp\/v2\/types\/post"}],"author":[{"embeddable":true,"href":"https:\/\/evertonfc.cz\/index.php\/wp-json\/wp\/v2\/users\/26"}],"replies":[{"embeddable":true,"href":"https:\/\/evertonfc.cz\/index.php\/wp-json\/wp\/v2\/comments?post=27900"}],"version-history":[{"count":6,"href":"https:\/\/evertonfc.cz\/index.php\/wp-json\/wp\/v2\/posts\/27900\/revisions"}],"predecessor-version":[{"id":27907,"href":"https:\/\/evertonfc.cz\/index.php\/wp-json\/wp\/v2\/posts\/27900\/revisions\/27907"}],"wp:featuredmedia":[{"embeddable":true,"href":"https:\/\/evertonfc.cz\/index.php\/wp-json\/wp\/v2\/media\/27901"}],"wp:attachment":[{"href":"https:\/\/evertonfc.cz\/index.php\/wp-json\/wp\/v2\/media?parent=27900"}],"wp:term":[{"taxonomy":"category","embeddable":true,"href":"https:\/\/evertonfc.cz\/index.php\/wp-json\/wp\/v2\/categories?post=27900"},{"taxonomy":"post_tag","embeddable":true,"href":"https:\/\/evertonfc.cz\/index.php\/wp-json\/wp\/v2\/tags?post=27900"}],"curies":[{"name":"wp","href":"https:\/\/api.w.org\/{rel}","templated":true}]}}