{"id":27909,"date":"2025-11-20T10:34:09","date_gmt":"2025-11-20T09:34:09","guid":{"rendered":"https:\/\/evertonfc.cz\/?p=27909"},"modified":"2025-11-22T12:40:28","modified_gmt":"2025-11-22T11:40:28","slug":"west-ham-w-everton-w-31","status":"publish","type":"post","link":"https:\/\/evertonfc.cz\/index.php\/2025\/11\/20\/west-ham-w-everton-w-31\/","title":{"rendered":"West Ham W &#8211; Everton W 3:1"},"content":{"rendered":"<h4>Pot\u00e9, co jsme sehr\u00e1li dom\u00e1c\u00ed vyrovnanou partii s Citizens jsme si dojeli pro jednozna\u010dn\u00fd v\u00fdprask ke kandid\u00e1tk\u00e1m sestupu.<\/h4>\n<p>Nejlep\u0161\u00ed hr\u00e1\u010dka z\u00e1pasu s Manchestery City Kelly Gago vypadla ze sestavy pro poran\u011bn\u00fd hamstring. Do Lond\u00fdna s t\u00fdmem neodjela ani Maz Pacheco kv\u016fli poran\u011bn\u00e9mu kotn\u00edku. Vzhledem k sou\u010dasn\u00e9 form\u011b obou hr\u00e1\u010dek to bylo citeln\u00e9 oslaben\u00ed. Nicm\u00e9n\u011b na pap\u00edrov\u011b slabou\u010dk\u00e9 Hammers jsme m\u011bli sta\u010dit i tak. Bohu\u017eel, nestalo se. Po sebev\u011bdom\u00e9m v\u00fdkonu West Ham opr\u00e1vn\u011bn\u011b zaregistroval prvn\u00ed leto\u0161n\u00ed v\u00fdhru a n\u00e1m zbyly jen o\u010di pro pl\u00e1\u010d a mana\u017eer na odvol\u00e1n\u00ed.<\/p>\n<h4>Prvn\u00ed polo\u010das<\/h4>\n<p>Prvn\u00ed p\u016flhodina z\u00e1pasu byla relativn\u011b vyrovnan\u00e1. V obran\u011b jsme nep\u016fsobili pr\u00e1v\u011b dvakr\u00e1t jist\u011b, nicm\u00e9n\u011b Payne a Vignola na k\u0159\u00eddlech si po\u010d\u00ednaly aktivn\u011b a vyvol\u00e1valy optimismus mezi p\u0159ihl\u00ed\u017eej\u00edc\u00edmi Evertonians. Sice z toho \u017e\u00e1dn\u00e1 jasn\u00e1 \u0161ance nevyplynula, ale nad\u011bje st\u00e1le \u017eila. Bohu\u017eel tato nad\u011bje vzala za sv\u00e9 ve 30. minut\u011b, kdy Denton pravd\u011bpodobn\u011b ne\u00famysln\u011b vyst\u0159elila z t\u011b\u017ek\u00e9ho \u00fahlu na na\u0161\u00ed branku a Ramsey jej\u00ed vla\u017enou st\u0159elu fat\u00e1ln\u011b podcenila &#8211; <strong>1:0<\/strong>. Ne\u017e jsme se dok\u00e1zali vzpamatovat tak p\u0159i\u0161la druh\u00e1 r\u00e1na v podob\u011b rohu a n\u00e1sledn\u00e9 hlavi\u010dky Tysiak. A\u010d str\u00e1\u017eena dv\u011bma na\u0161imi hr\u00e1\u010dkami (Mace a van Gool), dok\u00e1zala je ob\u011b p\u0159esko\u010dit a zv\u00fd\u0161it na <strong>2:0<\/strong>. Od tohoto okam\u017eiku jsme p\u016fsobili vysloven\u011b bezradn\u011b a nepokryt\u011b \u00fap\u011bnliv\u011b vyhl\u00ed\u017eeli polo\u010dasovou p\u0159est\u00e1vku.<\/p>\n<h4>Druh\u00fd polo\u010das<\/h4>\n<p>Pokud n\u011bkdo doufal, \u017ee o pauze prob\u011bhla \u00fa\u010dinn\u00e1 motiva\u010dn\u00ed promluva spojen\u00e1 se zm\u011bnou taktiky, tak se m\u00fdlil. Promluva tedy mo\u017en\u00e1 prob\u011bhla, ale \u017ealostn\u00fd v\u00fdkon pokra\u010doval. Vrcholn\u00fdm \u010d\u00edslem byl t\u0159et\u00ed g\u00f3l Irons hned z kraje druh\u00e9 p\u016fle, kdy Martinez deklasovala na\u0161e duo Ishikawa &#8211; Kategawa a p\u0159idala t\u0159et\u00ed branku dom\u00e1c\u00edch &#8211; <strong>3:0<\/strong>. Za n\u00e1s t\u00e9m\u011b\u0159 odpov\u011bd\u011bla Momiki, bohu\u017eel m\u00ed\u010d z jej\u00ed kopa\u010dky minul ty\u010dku snad o p\u011bt centimetr\u016f. I Hammers m\u00e1lem p\u0159idaly \u010dtvrt\u00fd z\u00e1\u0159ez, ale Hanshaw\u00a0 trefila jen \u017eer\u010f. V posledn\u00edch minut\u00e1ch upl\u00fdvaj\u00edc\u00edho z\u00e1pasov\u00e9ho \u010dasu jsme p\u0159eci jen dok\u00e1zali p\u0159ij\u00edt s g\u00f3lem \u00fat\u011bchy: Po p\u011bkn\u011b zahran\u00e9m p\u0159\u00edm\u00e9m kopu Momiki vyu\u017eila Snoeijs bez v\u00e1h\u00e1n\u00ed p\u0159ihr\u00e1vku Ishikawy a uzav\u0159ela sk\u00f3re z\u00e1pasu na <strong>3:1<\/strong>.<\/p>\n<h4>Shrnut\u00ed<\/h4>\n<p>V\u0161echno \u0161patn\u011b. Krom ran osudu postupn\u011b likviduj\u00edc\u00ed na\u0161e kl\u00ed\u010dov\u00e9 hr\u00e1\u010dky je zde velk\u00fd prostor pro na\u0161e opakovan\u00e9 chyby. Obrana je nejist\u00e1 a pomal\u00e1. Soupe\u0159i o tom dob\u0159e v\u011bd\u00ed a nestyd\u00ed se toho vyu\u017e\u00edt. P\u0159i vysok\u00e9m presingu (s jak\u00fdm na n\u00e1s vyrukoval West Ham, ale kter\u00fd na n\u00e1s plat\u00ed prakticky kdykoliv) propad\u00e1me panice a nedok\u00e1\u017eeme m\u00ed\u010de ani zpracovat, nato\u017e pak p\u0159esn\u011b p\u0159ihr\u00e1t, o kolmici dop\u0159edu ani nemluv\u011b. Spol\u00e9h\u00e1n\u00ed na proti\u00fatoky bez funguj\u00edc\u00ed hrotov\u00e9 hr\u00e1\u010dky nen\u00ed \u00fa\u010dinn\u00e9. A ani technicky zdatn\u00e9 hr\u00e1\u010dky typu Vignoly nebo Momiki nedok\u00e1\u017e\u00ed bez \u00fa\u010dinn\u00e9 podpory ostatn\u00edch divy.\u00a0 V\u00edcem\u00e9n\u011b tot\u00e9\u017e zde p\u00ed\u0161eme u\u017e nejm\u00e9n\u011b rok. Nezd\u00e1 se, \u017ee by Soerensen byl schopn\u00fd s t\u00edm n\u011bco prov\u00e9st. Nep\u0159i\u0161el \u010das uva\u017eovat o jin\u00e9m mana\u017eerovi? <span style=\"color: #0000ff;\"><strong>COYBG!<\/strong><\/span><\/p>\n<p style=\"text-align: right;\"><span class=\"visually-hidden ssrcss-1f39n02-VisuallyHidden e16en2lz0\" style=\"font-size: 8pt;\"><em>Fotografie: Ruby Mace (zdroj: Getty Images via roayalbluemersey.sbnation.com)<\/em><\/span><\/p>\n<p><strong>G\u00f3ly:<\/strong> Denton (32\u00b4), Tysiak (41\u00b4), Martinez (54\u00b4)- Snoeijs (88\u00b4)\u00a0 <strong>\u017dK: <\/strong>Tysiak &#8211; Fern\u00e1ndez, Wheeler, Payne<\/p>\n<p><strong>Hammers (3-4-3):<\/strong> Szemik; Endo (Cemal 93&#8242;), <span class=\"visually-hidden ssrcss-1f39n02-VisuallyHidden e16en2lz0\">Tysiak, <\/span><span class=\"visually-hidden ssrcss-1f39n02-VisuallyHidden e16en2lz0\">Zadorsky; <\/span>Denton, <span class=\"visually-hidden ssrcss-1f39n02-VisuallyHidden e16en2lz0\">Gorry, <\/span><span class=\"visually-hidden ssrcss-1f39n02-VisuallyHidden e16en2lz0\">Siren, <\/span>Hanshaw; Ueki (Morgan 80&#8242;), <span class=\"visually-hidden ssrcss-1f39n02-VisuallyHidden e16en2lz0\">Martinez (Brasero-Carreira 93&#8242;), <\/span><span class=\"visually-hidden ssrcss-1f39n02-VisuallyHidden e16en2lz0\">Asseyi<\/span><\/p>\n<p><strong>Toffees (4-4-2):<\/strong> Ramsey; Fern\u00e1ndez, <span class=\"visually-hidden ssrcss-1f39n02-VisuallyHidden e16en2lz0\">Mace, <\/span><span class=\"visually-hidden ssrcss-1f39n02-VisuallyHidden e16en2lz0\"> Ishikawa, <\/span><span class=\"visually-hidden ssrcss-1f39n02-VisuallyHidden e16en2lz0\">Kitagawa (Hobson 64&#8242;); v<\/span>an Gool (Holmgaard 46&#8242;)<span class=\"visually-hidden ssrcss-1f39n02-VisuallyHidden e16en2lz0\">, Wheeler, <\/span><span class=\"visually-hidden ssrcss-1f39n02-VisuallyHidden e16en2lz0\">Vignola, <\/span><span class=\"visually-hidden ssrcss-1f39n02-VisuallyHidden e16en2lz0\">Hayashi (Momiki 57&#8242;); Payne, Robinson (Snoeijs 46&#8242;)<\/span><\/p>\n<p><strong>Rozhod\u010d\u00ed: <\/strong>Declan Brown\u00a0 <strong>Div\u00e1ci:<\/strong> 1 139 (Victoria Road, Dagenham)<\/p>\n<p><iframe loading=\"lazy\" title=\"Clinical Finishing From The Hammers! | West Ham United v Everton Highlights | Barclays WSL 25\/26\" width=\"1140\" height=\"641\" src=\"https:\/\/www.youtube.com\/embed\/OUYu7KjnZbI?feature=oembed\" frameborder=\"0\" allow=\"accelerometer; autoplay; clipboard-write; encrypted-media; gyroscope; picture-in-picture; web-share\" referrerpolicy=\"strict-origin-when-cross-origin\" allowfullscreen><\/iframe><\/p>\n","protected":false},"excerpt":{"rendered":"<p>Pot\u00e9, co jsme sehr\u00e1li dom\u00e1c\u00ed vyrovnanou partii s Citizens jsme si dojeli pro jednozna\u010dn\u00fd v\u00fdprask ke kandid\u00e1tk\u00e1m sestupu.<\/p>\n","protected":false},"author":26,"featured_media":27910,"comment_status":"open","ping_status":"closed","sticky":false,"template":"","format":"standard","meta":{"_eb_attr":"","_monsterinsights_skip_tracking":false,"_monsterinsights_sitenote_active":false,"_monsterinsights_sitenote_note":"","_monsterinsights_sitenote_category":0,"footnotes":""},"categories":[110],"tags":[],"yoast_head":"<!-- This site is optimized with the Yoast SEO plugin v23.4 - https:\/\/yoast.com\/wordpress\/plugins\/seo\/ -->\n<title>West Ham W - Everton W 3:1 - Official Czech &amp; Slovak Everton Supporters&#039; Club<\/title>\n<meta name=\"robots\" content=\"index, follow, max-snippet:-1, max-image-preview:large, max-video-preview:-1\" \/>\n<link rel=\"canonical\" href=\"https:\/\/evertonfc.cz\/index.php\/2025\/11\/20\/west-ham-w-everton-w-31\/\" \/>\n<meta property=\"og:locale\" content=\"cs_CZ\" \/>\n<meta property=\"og:type\" content=\"article\" \/>\n<meta property=\"og:title\" content=\"West Ham W - Everton W 3:1 - Official Czech &amp; Slovak Everton Supporters&#039; Club\" \/>\n<meta property=\"og:description\" content=\"Pot\u00e9, co jsme sehr\u00e1li dom\u00e1c\u00ed vyrovnanou partii s Citizens jsme si dojeli pro jednozna\u010dn\u00fd v\u00fdprask ke kandid\u00e1tk\u00e1m sestupu.\" \/>\n<meta property=\"og:url\" content=\"https:\/\/evertonfc.cz\/index.php\/2025\/11\/20\/west-ham-w-everton-w-31\/\" \/>\n<meta property=\"og:site_name\" content=\"Official Czech &amp; Slovak Everton Supporters&#039; Club\" \/>\n<meta property=\"article:publisher\" content=\"https:\/\/www.facebook.com\/everton.fans.cz.sk\" \/>\n<meta property=\"article:published_time\" content=\"2025-11-20T09:34:09+00:00\" \/>\n<meta property=\"article:modified_time\" content=\"2025-11-22T11:40:28+00:00\" \/>\n<meta property=\"og:image\" content=\"https:\/\/evertonfc.cz\/wp-content\/uploads\/2025\/11\/Mace-vs-West-Ham16_11_2025-web.jpg\" \/>\n\t<meta property=\"og:image:width\" content=\"720\" \/>\n\t<meta property=\"og:image:height\" content=\"405\" \/>\n\t<meta property=\"og:image:type\" content=\"image\/jpeg\" \/>\n<meta name=\"author\" content=\"Karamela\" \/>\n<meta name=\"twitter:card\" content=\"summary_large_image\" \/>\n<meta name=\"twitter:label1\" content=\"Napsal(a)\" \/>\n\t<meta name=\"twitter:data1\" content=\"Karamela\" \/>\n\t<meta name=\"twitter:label2\" content=\"Odhadovan\u00e1 doba \u010dten\u00ed\" \/>\n\t<meta name=\"twitter:data2\" content=\"3 minuty\" \/>\n<script type=\"application\/ld+json\" class=\"yoast-schema-graph\">{\"@context\":\"https:\/\/schema.org\",\"@graph\":[{\"@type\":\"Article\",\"@id\":\"https:\/\/evertonfc.cz\/index.php\/2025\/11\/20\/west-ham-w-everton-w-31\/#article\",\"isPartOf\":{\"@id\":\"https:\/\/evertonfc.cz\/index.php\/2025\/11\/20\/west-ham-w-everton-w-31\/\"},\"author\":{\"name\":\"Karamela\",\"@id\":\"https:\/\/evertonfc.cz\/#\/schema\/person\/e9a24a80a32efa1344dd2c4e5882185c\"},\"headline\":\"West Ham W &#8211; Everton W 3:1\",\"datePublished\":\"2025-11-20T09:34:09+00:00\",\"dateModified\":\"2025-11-22T11:40:28+00:00\",\"mainEntityOfPage\":{\"@id\":\"https:\/\/evertonfc.cz\/index.php\/2025\/11\/20\/west-ham-w-everton-w-31\/\"},\"wordCount\":693,\"commentCount\":0,\"publisher\":{\"@id\":\"https:\/\/evertonfc.cz\/#organization\"},\"image\":{\"@id\":\"https:\/\/evertonfc.cz\/index.php\/2025\/11\/20\/west-ham-w-everton-w-31\/#primaryimage\"},\"thumbnailUrl\":\"https:\/\/evertonfc.cz\/wp-content\/uploads\/2025\/11\/Mace-vs-West-Ham16_11_2025-web.jpg\",\"articleSection\":[\"Everton Women\"],\"inLanguage\":\"cs\",\"potentialAction\":[{\"@type\":\"CommentAction\",\"name\":\"Comment\",\"target\":[\"https:\/\/evertonfc.cz\/index.php\/2025\/11\/20\/west-ham-w-everton-w-31\/#respond\"]}]},{\"@type\":\"WebPage\",\"@id\":\"https:\/\/evertonfc.cz\/index.php\/2025\/11\/20\/west-ham-w-everton-w-31\/\",\"url\":\"https:\/\/evertonfc.cz\/index.php\/2025\/11\/20\/west-ham-w-everton-w-31\/\",\"name\":\"West Ham W - Everton W 3:1 - Official Czech &amp; Slovak Everton Supporters&#039; Club\",\"isPartOf\":{\"@id\":\"https:\/\/evertonfc.cz\/#website\"},\"primaryImageOfPage\":{\"@id\":\"https:\/\/evertonfc.cz\/index.php\/2025\/11\/20\/west-ham-w-everton-w-31\/#primaryimage\"},\"image\":{\"@id\":\"https:\/\/evertonfc.cz\/index.php\/2025\/11\/20\/west-ham-w-everton-w-31\/#primaryimage\"},\"thumbnailUrl\":\"https:\/\/evertonfc.cz\/wp-content\/uploads\/2025\/11\/Mace-vs-West-Ham16_11_2025-web.jpg\",\"datePublished\":\"2025-11-20T09:34:09+00:00\",\"dateModified\":\"2025-11-22T11:40:28+00:00\",\"breadcrumb\":{\"@id\":\"https:\/\/evertonfc.cz\/index.php\/2025\/11\/20\/west-ham-w-everton-w-31\/#breadcrumb\"},\"inLanguage\":\"cs\",\"potentialAction\":[{\"@type\":\"ReadAction\",\"target\":[\"https:\/\/evertonfc.cz\/index.php\/2025\/11\/20\/west-ham-w-everton-w-31\/\"]}]},{\"@type\":\"ImageObject\",\"inLanguage\":\"cs\",\"@id\":\"https:\/\/evertonfc.cz\/index.php\/2025\/11\/20\/west-ham-w-everton-w-31\/#primaryimage\",\"url\":\"https:\/\/evertonfc.cz\/wp-content\/uploads\/2025\/11\/Mace-vs-West-Ham16_11_2025-web.jpg\",\"contentUrl\":\"https:\/\/evertonfc.cz\/wp-content\/uploads\/2025\/11\/Mace-vs-West-Ham16_11_2025-web.jpg\",\"width\":720,\"height\":405},{\"@type\":\"BreadcrumbList\",\"@id\":\"https:\/\/evertonfc.cz\/index.php\/2025\/11\/20\/west-ham-w-everton-w-31\/#breadcrumb\",\"itemListElement\":[{\"@type\":\"ListItem\",\"position\":1,\"name\":\"Home\",\"item\":\"https:\/\/evertonfc.cz\/\"},{\"@type\":\"ListItem\",\"position\":2,\"name\":\"West Ham W &#8211; Everton W 3:1\"}]},{\"@type\":\"WebSite\",\"@id\":\"https:\/\/evertonfc.cz\/#website\",\"url\":\"https:\/\/evertonfc.cz\/\",\"name\":\"Official Czech &amp; Slovak Everton Supporters&#039; Club\",\"description\":\"\",\"publisher\":{\"@id\":\"https:\/\/evertonfc.cz\/#organization\"},\"potentialAction\":[{\"@type\":\"SearchAction\",\"target\":{\"@type\":\"EntryPoint\",\"urlTemplate\":\"https:\/\/evertonfc.cz\/?s={search_term_string}\"},\"query-input\":{\"@type\":\"PropertyValueSpecification\",\"valueRequired\":true,\"valueName\":\"search_term_string\"}}],\"inLanguage\":\"cs\"},{\"@type\":\"Organization\",\"@id\":\"https:\/\/evertonfc.cz\/#organization\",\"name\":\"Official Czech & Slovak Everton Supporters' Club\",\"url\":\"https:\/\/evertonfc.cz\/\",\"logo\":{\"@type\":\"ImageObject\",\"inLanguage\":\"cs\",\"@id\":\"https:\/\/evertonfc.cz\/#\/schema\/logo\/image\/\",\"url\":\"https:\/\/evertonfc.cz\/wp-content\/uploads\/2019\/05\/logo.png\",\"contentUrl\":\"https:\/\/evertonfc.cz\/wp-content\/uploads\/2019\/05\/logo.png\",\"width\":112,\"height\":112,\"caption\":\"Official Czech & Slovak Everton Supporters' Club\"},\"image\":{\"@id\":\"https:\/\/evertonfc.cz\/#\/schema\/logo\/image\/\"},\"sameAs\":[\"https:\/\/www.facebook.com\/everton.fans.cz.sk\"]},{\"@type\":\"Person\",\"@id\":\"https:\/\/evertonfc.cz\/#\/schema\/person\/e9a24a80a32efa1344dd2c4e5882185c\",\"name\":\"Karamela\",\"url\":\"https:\/\/evertonfc.cz\/index.php\/author\/karamela\/\"}]}<\/script>\n<!-- \/ Yoast SEO plugin. -->","yoast_head_json":{"title":"West Ham W - Everton W 3:1 - Official Czech &amp; Slovak Everton Supporters&#039; Club","robots":{"index":"index","follow":"follow","max-snippet":"max-snippet:-1","max-image-preview":"max-image-preview:large","max-video-preview":"max-video-preview:-1"},"canonical":"https:\/\/evertonfc.cz\/index.php\/2025\/11\/20\/west-ham-w-everton-w-31\/","og_locale":"cs_CZ","og_type":"article","og_title":"West Ham W - Everton W 3:1 - Official Czech &amp; Slovak Everton Supporters&#039; Club","og_description":"Pot\u00e9, co jsme sehr\u00e1li dom\u00e1c\u00ed vyrovnanou partii s Citizens jsme si dojeli pro jednozna\u010dn\u00fd v\u00fdprask ke kandid\u00e1tk\u00e1m sestupu.","og_url":"https:\/\/evertonfc.cz\/index.php\/2025\/11\/20\/west-ham-w-everton-w-31\/","og_site_name":"Official Czech &amp; Slovak Everton Supporters&#039; Club","article_publisher":"https:\/\/www.facebook.com\/everton.fans.cz.sk","article_published_time":"2025-11-20T09:34:09+00:00","article_modified_time":"2025-11-22T11:40:28+00:00","og_image":[{"width":720,"height":405,"url":"https:\/\/evertonfc.cz\/wp-content\/uploads\/2025\/11\/Mace-vs-West-Ham16_11_2025-web.jpg","type":"image\/jpeg"}],"author":"Karamela","twitter_card":"summary_large_image","twitter_misc":{"Napsal(a)":"Karamela","Odhadovan\u00e1 doba \u010dten\u00ed":"3 minuty"},"schema":{"@context":"https:\/\/schema.org","@graph":[{"@type":"Article","@id":"https:\/\/evertonfc.cz\/index.php\/2025\/11\/20\/west-ham-w-everton-w-31\/#article","isPartOf":{"@id":"https:\/\/evertonfc.cz\/index.php\/2025\/11\/20\/west-ham-w-everton-w-31\/"},"author":{"name":"Karamela","@id":"https:\/\/evertonfc.cz\/#\/schema\/person\/e9a24a80a32efa1344dd2c4e5882185c"},"headline":"West Ham W &#8211; Everton W 3:1","datePublished":"2025-11-20T09:34:09+00:00","dateModified":"2025-11-22T11:40:28+00:00","mainEntityOfPage":{"@id":"https:\/\/evertonfc.cz\/index.php\/2025\/11\/20\/west-ham-w-everton-w-31\/"},"wordCount":693,"commentCount":0,"publisher":{"@id":"https:\/\/evertonfc.cz\/#organization"},"image":{"@id":"https:\/\/evertonfc.cz\/index.php\/2025\/11\/20\/west-ham-w-everton-w-31\/#primaryimage"},"thumbnailUrl":"https:\/\/evertonfc.cz\/wp-content\/uploads\/2025\/11\/Mace-vs-West-Ham16_11_2025-web.jpg","articleSection":["Everton Women"],"inLanguage":"cs","potentialAction":[{"@type":"CommentAction","name":"Comment","target":["https:\/\/evertonfc.cz\/index.php\/2025\/11\/20\/west-ham-w-everton-w-31\/#respond"]}]},{"@type":"WebPage","@id":"https:\/\/evertonfc.cz\/index.php\/2025\/11\/20\/west-ham-w-everton-w-31\/","url":"https:\/\/evertonfc.cz\/index.php\/2025\/11\/20\/west-ham-w-everton-w-31\/","name":"West Ham W - Everton W 3:1 - Official Czech &amp; Slovak Everton Supporters&#039; Club","isPartOf":{"@id":"https:\/\/evertonfc.cz\/#website"},"primaryImageOfPage":{"@id":"https:\/\/evertonfc.cz\/index.php\/2025\/11\/20\/west-ham-w-everton-w-31\/#primaryimage"},"image":{"@id":"https:\/\/evertonfc.cz\/index.php\/2025\/11\/20\/west-ham-w-everton-w-31\/#primaryimage"},"thumbnailUrl":"https:\/\/evertonfc.cz\/wp-content\/uploads\/2025\/11\/Mace-vs-West-Ham16_11_2025-web.jpg","datePublished":"2025-11-20T09:34:09+00:00","dateModified":"2025-11-22T11:40:28+00:00","breadcrumb":{"@id":"https:\/\/evertonfc.cz\/index.php\/2025\/11\/20\/west-ham-w-everton-w-31\/#breadcrumb"},"inLanguage":"cs","potentialAction":[{"@type":"ReadAction","target":["https:\/\/evertonfc.cz\/index.php\/2025\/11\/20\/west-ham-w-everton-w-31\/"]}]},{"@type":"ImageObject","inLanguage":"cs","@id":"https:\/\/evertonfc.cz\/index.php\/2025\/11\/20\/west-ham-w-everton-w-31\/#primaryimage","url":"https:\/\/evertonfc.cz\/wp-content\/uploads\/2025\/11\/Mace-vs-West-Ham16_11_2025-web.jpg","contentUrl":"https:\/\/evertonfc.cz\/wp-content\/uploads\/2025\/11\/Mace-vs-West-Ham16_11_2025-web.jpg","width":720,"height":405},{"@type":"BreadcrumbList","@id":"https:\/\/evertonfc.cz\/index.php\/2025\/11\/20\/west-ham-w-everton-w-31\/#breadcrumb","itemListElement":[{"@type":"ListItem","position":1,"name":"Home","item":"https:\/\/evertonfc.cz\/"},{"@type":"ListItem","position":2,"name":"West Ham W &#8211; Everton W 3:1"}]},{"@type":"WebSite","@id":"https:\/\/evertonfc.cz\/#website","url":"https:\/\/evertonfc.cz\/","name":"Official Czech &amp; Slovak Everton Supporters&#039; Club","description":"","publisher":{"@id":"https:\/\/evertonfc.cz\/#organization"},"potentialAction":[{"@type":"SearchAction","target":{"@type":"EntryPoint","urlTemplate":"https:\/\/evertonfc.cz\/?s={search_term_string}"},"query-input":{"@type":"PropertyValueSpecification","valueRequired":true,"valueName":"search_term_string"}}],"inLanguage":"cs"},{"@type":"Organization","@id":"https:\/\/evertonfc.cz\/#organization","name":"Official Czech & Slovak Everton Supporters' Club","url":"https:\/\/evertonfc.cz\/","logo":{"@type":"ImageObject","inLanguage":"cs","@id":"https:\/\/evertonfc.cz\/#\/schema\/logo\/image\/","url":"https:\/\/evertonfc.cz\/wp-content\/uploads\/2019\/05\/logo.png","contentUrl":"https:\/\/evertonfc.cz\/wp-content\/uploads\/2019\/05\/logo.png","width":112,"height":112,"caption":"Official Czech & Slovak Everton Supporters' Club"},"image":{"@id":"https:\/\/evertonfc.cz\/#\/schema\/logo\/image\/"},"sameAs":["https:\/\/www.facebook.com\/everton.fans.cz.sk"]},{"@type":"Person","@id":"https:\/\/evertonfc.cz\/#\/schema\/person\/e9a24a80a32efa1344dd2c4e5882185c","name":"Karamela","url":"https:\/\/evertonfc.cz\/index.php\/author\/karamela\/"}]}},"_links":{"self":[{"href":"https:\/\/evertonfc.cz\/index.php\/wp-json\/wp\/v2\/posts\/27909"}],"collection":[{"href":"https:\/\/evertonfc.cz\/index.php\/wp-json\/wp\/v2\/posts"}],"about":[{"href":"https:\/\/evertonfc.cz\/index.php\/wp-json\/wp\/v2\/types\/post"}],"author":[{"embeddable":true,"href":"https:\/\/evertonfc.cz\/index.php\/wp-json\/wp\/v2\/users\/26"}],"replies":[{"embeddable":true,"href":"https:\/\/evertonfc.cz\/index.php\/wp-json\/wp\/v2\/comments?post=27909"}],"version-history":[{"count":4,"href":"https:\/\/evertonfc.cz\/index.php\/wp-json\/wp\/v2\/posts\/27909\/revisions"}],"predecessor-version":[{"id":27914,"href":"https:\/\/evertonfc.cz\/index.php\/wp-json\/wp\/v2\/posts\/27909\/revisions\/27914"}],"wp:featuredmedia":[{"embeddable":true,"href":"https:\/\/evertonfc.cz\/index.php\/wp-json\/wp\/v2\/media\/27910"}],"wp:attachment":[{"href":"https:\/\/evertonfc.cz\/index.php\/wp-json\/wp\/v2\/media?parent=27909"}],"wp:term":[{"taxonomy":"category","embeddable":true,"href":"https:\/\/evertonfc.cz\/index.php\/wp-json\/wp\/v2\/categories?post=27909"},{"taxonomy":"post_tag","embeddable":true,"href":"https:\/\/evertonfc.cz\/index.php\/wp-json\/wp\/v2\/tags?post=27909"}],"curies":[{"name":"wp","href":"https:\/\/api.w.org\/{rel}","templated":true}]}}