{"id":27915,"date":"2025-11-24T17:27:47","date_gmt":"2025-11-24T16:27:47","guid":{"rendered":"https:\/\/evertonfc.cz\/?p=27915"},"modified":"2025-11-24T17:30:37","modified_gmt":"2025-11-24T16:30:37","slug":"preview-manchester-united-everton-14","status":"publish","type":"post","link":"https:\/\/evertonfc.cz\/index.php\/2025\/11\/24\/preview-manchester-united-everton-14\/","title":{"rendered":"Preview: Manchester United \u2013 Everton"},"content":{"rendered":"<h4>Toffees sa vracaj\u00fa po 16-d\u0148ovej pauze do Premier League a \u010dak\u00e1 ich Old Trafford \u2013 miesto, kde sa v posledn\u00fdch dek\u00e1dach tr\u00e1pia mo\u017eno viac ne\u017e kdeko\u013evek inde.<\/h4>\n<p>Dve v\u00fdhry za 33 rokov hovoria za v\u0161etko. Naposledy tam uspel Roberto Mart\u00ednez, ke\u010f United tr\u00e9noval David Moyes. Ten ist\u00fd Moyes, ktor\u00fd sa vr\u00e1ti na miesto \u010dinu aj v pondelok ve\u010der \u2013 tentokr\u00e1t u\u017e znovu na lavi\u010dke Evertonu.<\/p>\n<p>Toffees \u0161li do reprezenta\u010dnej pauzy s povzbudzuj\u00facim v\u00ed\u0165azstvom 2:0 nad Fulhamom. Idrissa Gana Gueye a Michael Keane zariadili koniec trojz\u00e1pasovej s\u00e9rie bez v\u00fdhry a Everton k tomu pridal aj najdominantnej\u0161\u00ed v\u00fdkon za posledn\u00fa dobu. Loptu mali v sieti a\u017e p\u00e4\u0165kr\u00e1t, aj ke\u010f tri g\u00f3ly zru\u0161il zdvihnut\u00fd z\u00e1stavn\u00edk.<\/p>\n<p>A prv\u00fdkr\u00e1t od septembra (0:0 s Aston Villou) udr\u017eali \u010dist\u00e9 konto. Moyesov t\u00edm je aktu\u00e1lne trin\u00e1sty so ziskom 15 bodov, len tri body od prvej desiatky. A kone\u010dne \u2013 \u017eiadne prest\u00e1vky a\u017e do marca! Pre Evertonians to bola prekliata sez\u00f3nna mechanika: zaka\u017ed\u00fdm, ke\u010f sa t\u00edm rozbehol a vyhral, pri\u0161la reprezenta\u010dn\u00e1 prest\u00e1vka a preru\u0161ila rytmus. Aj tentokr\u00e1t plat\u00ed, \u017ee Toffees id\u00fa do z\u00e1pasu po v\u00fdhre. V\u0161ak David?<\/p>\n<h4><strong>Zmeny v\u00a0zostave?<\/strong><\/h4>\n<p>Hoci Fulham nepredviedol ve\u013ea, Everton bol lep\u0161\u00ed v ka\u017edej f\u00e1ze. Najv\u00e4\u010d\u0161\u00edm highlightom z\u00e1pasu bol Thierno Barry \u2013 surov\u00fd talent. Ale jeho doteraz najlep\u0161\u00ed v\u00fdkon v modrom mu priniesol zasl\u00fa\u017een\u00fd aplauz. Malo by mu to prida\u0165 sebavedomie, a aj preto sa o\u010dak\u00e1va, \u017ee bude vies\u0165 \u00fatok aj na Old Trafforde. O\u010dak\u00e1vanie sa len zn\u00e1sobilo t\u00fdm, \u017ee Everton musel \u010daka\u0165 a\u017e do pondelka. V\u00fdsledky ostatn\u00fdch t\u00edmov v\u0161ak hraj\u00fa do kar\u00e1t: v\u00ed\u0165azstvo n\u00e1s dostane nad Liverpool a v\u00fdhra o dva g\u00f3ly \u010di viac n\u00e1s m\u00f4\u017ee posun\u00fa\u0165 aj pred United.<\/p>\n<p>\u00c1no, m\u00e1 to tak\u00fd \u201chere we go again\u201d vibe, ale st\u00e1le&#8230; T\u00fdm sa dost\u00e1vame k tomu, \u017ee Merlin R\u00f6hl do z\u00e1pasu ur\u010dite nezasiahne. Pre\u0161iel oper\u00e1ciou trieslovej prietr\u017ee a bude mimo nieko\u013eko t\u00fd\u017ed\u0148ov. V mar\u00f3dke je aj Jarrad Branthwaite a Nathan Patterson. Jake O\u2019Brien sa m\u00f4\u017ee vr\u00e1ti\u0165 na prav\u00fd kraj obrany, \u010do by umo\u017enilo Jamesovi Garnerovi posun\u00fa\u0165 sa sp\u00e4\u0165 do stredu po\u013ea a pom\u00f4c\u0165 Gueyemu kontrolova\u0165 tempo v s\u00faboji s United.<\/p>\n<h4><strong>Red Devils v\u00a0n\u00e1znakoch<\/strong> <strong>formy<\/strong><\/h4>\n<p>United sa po katastrof\u00e1lnom \u0161tarte sez\u00f3ny pomaly zbiera. S\u00fa na s\u00e9rii piatich z\u00e1pasov bez prehry \u2013 porazili Sunderland, Liverpool aj Brighton, a n\u00e1sledne remizovali s Nottinghamom a Tottenhamom. Ich posledn\u00fd z\u00e1pas na p\u00f4de Spurs bol \u0161ialenstvo: United smerovali k v\u00fdhre 1:0, ke\u010f zrazu Tel s Richarlisonom oto\u010dili z\u00e1pas v priebehu siedmich min\u00fat. Napokon ich zachr\u00e1nil de Ligt hlavi\u010dkou v 96. min\u00fate.<\/p>\n<p>R\u00faben Amorim balansuje na hrane \u2013 trv\u00e1 na syst\u00e9me 3-4-3 aj napriek tomu, \u017ee kab\u00edna na to nie je ide\u00e1lne postaven\u00e1. Tlaku v\u0161ak odol\u00e1va aj preto, \u017ee United menia mana\u017e\u00e9rov tak \u010dasto ako Everton, a vedenie nechce \u010fal\u0161iu ro\u0161\u00e1du. Po potupnej prehre s Grimsby to vyzeralo zle, ale odvtedy sa t\u00edm stabilizuje. Najv\u00e4\u010d\u0161ie slabiny United s\u00fa v obrane, no v \u00fatoku ich v\u00fdrazne o\u017eivili letn\u00e9 posily Bryan Mbeumo a Matheus Cunha.<\/p>\n<p>A potom je tu historick\u00e1 bilancia: United vyhrali v Premier League proti Evertonu u\u017e 42-kr\u00e1t \u2013 viac ne\u017e proti komuko\u013evek in\u00e9mu. Jeden\u00e1s\u0165 z\u00e1pasov bez prehry proti Toffees, a na Old Trafforde prehrali len raz z posledn\u00fdch 32 pokusov. Benjamin \u0160e\u0161ko bude takmer ur\u010dite ch\u00fdba\u0165 pre zranenie kolena z duelu s Tottenhamom. Lisandro Mart\u00ednez a Harry Maguire s\u00fa ot\u00e1zni. Kobbie Mainoo pre zranenie vynechal Spurs a je \u201cminor doubt\u201d.<\/p>\n<h4><strong>Naposledy takmer v\u00fdhra<\/strong><\/h4>\n<p>Vo febru\u00e1ri Everton predviedol fantastick\u00fd prv\u00fd pol\u010das \u2013 g\u00f3ly Doucour\u00e9ho a Beta znamenali vedenie 2:0 a United boli v trosk\u00e1ch. Dom\u00e1ci sa zlep\u0161ili a\u017e po prest\u00e1vke, ale aj tak mali minimum \u0161anc\u00ed. Potom pri\u0161la brilantn\u00e1 priama strela Fernandesa a o osem min\u00fat nesk\u00f4r par\u00e1dny volej Ugarteho \u2013 a bolo 2:2.<\/p>\n<p>Najv\u00e4\u010d\u0161ia kontroverzia v\u0161ak pri\u0161la v z\u00e1vere. Everton mal ma\u0165 penaltu za faul na Ashleyho Younga od Maguirea aj de Ligta. VAR v\u0161ak preveril len kontakt Maguirea a vyhodnotil, \u017ee nesta\u010d\u00ed. Z\u00e1ber na jasn\u00e9 \u0165ahanie dresu od de Ligta sa do hodnotenia v\u00f4bec nedostal. Z\u00e1pas tak skon\u010dil rem\u00edzou a Toffees pri\u0161li o v\u00fdhru&#8230;<\/p>\n<h3 style=\"text-align: center;\"><span style=\"color: #3366ff;\"><strong><em>Up The Toffees !!!<\/em><\/strong><\/span><\/h3>\n<p><strong>\u010co:<\/strong>\u00a0Manchester United FC \u2013 Everton FC, 12. kolo Premier League<br \/>\n<strong>Kedy:<\/strong>\u00a024.11. 2025 od 21:00 SE\u010c<br \/>\n<strong>Ako:\u00a0<\/strong>CANAL+Sport (komentuje Mat\u00fa\u0161 Luk\u00e1\u010d)<br \/>\n<strong>Kde:<\/strong>\u00a0Old Trafford \u2013 Sir Matt Busby Way, Stretford, Manchester M16 0RA (kapacita: 74 310)<br \/>\n<strong>Rozhodca:<\/strong>\u00a0Tony Harrington\u00a0 <strong>Asistenti:<\/strong> N. Hopton, C. Taylor<strong>\u00a0 \u0160tvrt\u00fd rozhodca:<\/strong>\u00a0A. Taylor<br \/>\n<strong>VAR:\u00a0<\/strong>Paul Howard\u00a0 <strong>Asistent VAR:\u00a0<\/strong>Sian Massey-Ellis<\/p>\n","protected":false},"excerpt":{"rendered":"<p>Toffees sa vracaj\u00fa po 16-d\u0148ovej pauze do Premier League a \u010dak\u00e1 ich Old Trafford \u2013 miesto, kde sa v posledn\u00fdch dek\u00e1dach tr\u00e1pia mo\u017eno viac ne\u017e kdeko\u013evek inde.<\/p>\n","protected":false},"author":1,"featured_media":13968,"comment_status":"open","ping_status":"closed","sticky":false,"template":"","format":"standard","meta":{"_eb_attr":"","_monsterinsights_skip_tracking":false,"_monsterinsights_sitenote_active":false,"_monsterinsights_sitenote_note":"","_monsterinsights_sitenote_category":0,"footnotes":""},"categories":[4],"tags":[],"yoast_head":"<!-- This site is optimized with the Yoast SEO plugin v23.4 - https:\/\/yoast.com\/wordpress\/plugins\/seo\/ -->\n<title>Preview: Manchester United \u2013 Everton - Official Czech &amp; Slovak Everton Supporters&#039; Club<\/title>\n<meta name=\"robots\" content=\"index, follow, max-snippet:-1, max-image-preview:large, max-video-preview:-1\" \/>\n<link rel=\"canonical\" href=\"https:\/\/evertonfc.cz\/index.php\/2025\/11\/24\/preview-manchester-united-everton-14\/\" \/>\n<meta property=\"og:locale\" content=\"cs_CZ\" \/>\n<meta property=\"og:type\" content=\"article\" \/>\n<meta property=\"og:title\" content=\"Preview: Manchester United \u2013 Everton - Official Czech &amp; Slovak Everton Supporters&#039; Club\" \/>\n<meta property=\"og:description\" content=\"Toffees sa vracaj\u00fa po 16-d\u0148ovej pauze do Premier League a \u010dak\u00e1 ich Old Trafford \u2013 miesto, kde sa v posledn\u00fdch dek\u00e1dach tr\u00e1pia mo\u017eno viac ne\u017e kdeko\u013evek inde.\" \/>\n<meta property=\"og:url\" content=\"https:\/\/evertonfc.cz\/index.php\/2025\/11\/24\/preview-manchester-united-everton-14\/\" \/>\n<meta property=\"og:site_name\" content=\"Official Czech &amp; Slovak Everton Supporters&#039; Club\" \/>\n<meta property=\"article:publisher\" content=\"https:\/\/www.facebook.com\/everton.fans.cz.sk\" \/>\n<meta property=\"article:published_time\" content=\"2025-11-24T16:27:47+00:00\" \/>\n<meta property=\"article:modified_time\" content=\"2025-11-24T16:30:37+00:00\" \/>\n<meta property=\"og:image\" content=\"https:\/\/evertonfc.cz\/wp-content\/uploads\/2021\/02\/Manchester-United-VS-Everton.jpg\" \/>\n\t<meta property=\"og:image:width\" content=\"720\" \/>\n\t<meta property=\"og:image:height\" content=\"405\" \/>\n\t<meta property=\"og:image:type\" content=\"image\/jpeg\" \/>\n<meta name=\"author\" content=\"BlueBlooded\" \/>\n<meta name=\"twitter:card\" content=\"summary_large_image\" \/>\n<meta name=\"twitter:label1\" content=\"Napsal(a)\" \/>\n\t<meta name=\"twitter:data1\" content=\"BlueBlooded\" \/>\n\t<meta name=\"twitter:label2\" content=\"Odhadovan\u00e1 doba \u010dten\u00ed\" \/>\n\t<meta name=\"twitter:data2\" content=\"4 minuty\" \/>\n<script type=\"application\/ld+json\" class=\"yoast-schema-graph\">{\"@context\":\"https:\/\/schema.org\",\"@graph\":[{\"@type\":\"Article\",\"@id\":\"https:\/\/evertonfc.cz\/index.php\/2025\/11\/24\/preview-manchester-united-everton-14\/#article\",\"isPartOf\":{\"@id\":\"https:\/\/evertonfc.cz\/index.php\/2025\/11\/24\/preview-manchester-united-everton-14\/\"},\"author\":{\"name\":\"BlueBlooded\",\"@id\":\"https:\/\/evertonfc.cz\/#\/schema\/person\/d4493b8cbea51532597fbc4685698916\"},\"headline\":\"Preview: Manchester United \u2013 Everton\",\"datePublished\":\"2025-11-24T16:27:47+00:00\",\"dateModified\":\"2025-11-24T16:30:37+00:00\",\"mainEntityOfPage\":{\"@id\":\"https:\/\/evertonfc.cz\/index.php\/2025\/11\/24\/preview-manchester-united-everton-14\/\"},\"wordCount\":841,\"commentCount\":3,\"publisher\":{\"@id\":\"https:\/\/evertonfc.cz\/#organization\"},\"image\":{\"@id\":\"https:\/\/evertonfc.cz\/index.php\/2025\/11\/24\/preview-manchester-united-everton-14\/#primaryimage\"},\"thumbnailUrl\":\"https:\/\/evertonfc.cz\/wp-content\/uploads\/2021\/02\/Manchester-United-VS-Everton.jpg\",\"articleSection\":[\"Z\u00e1pasy\"],\"inLanguage\":\"cs\",\"potentialAction\":[{\"@type\":\"CommentAction\",\"name\":\"Comment\",\"target\":[\"https:\/\/evertonfc.cz\/index.php\/2025\/11\/24\/preview-manchester-united-everton-14\/#respond\"]}]},{\"@type\":\"WebPage\",\"@id\":\"https:\/\/evertonfc.cz\/index.php\/2025\/11\/24\/preview-manchester-united-everton-14\/\",\"url\":\"https:\/\/evertonfc.cz\/index.php\/2025\/11\/24\/preview-manchester-united-everton-14\/\",\"name\":\"Preview: Manchester United \u2013 Everton - Official Czech &amp; Slovak Everton Supporters&#039; Club\",\"isPartOf\":{\"@id\":\"https:\/\/evertonfc.cz\/#website\"},\"primaryImageOfPage\":{\"@id\":\"https:\/\/evertonfc.cz\/index.php\/2025\/11\/24\/preview-manchester-united-everton-14\/#primaryimage\"},\"image\":{\"@id\":\"https:\/\/evertonfc.cz\/index.php\/2025\/11\/24\/preview-manchester-united-everton-14\/#primaryimage\"},\"thumbnailUrl\":\"https:\/\/evertonfc.cz\/wp-content\/uploads\/2021\/02\/Manchester-United-VS-Everton.jpg\",\"datePublished\":\"2025-11-24T16:27:47+00:00\",\"dateModified\":\"2025-11-24T16:30:37+00:00\",\"breadcrumb\":{\"@id\":\"https:\/\/evertonfc.cz\/index.php\/2025\/11\/24\/preview-manchester-united-everton-14\/#breadcrumb\"},\"inLanguage\":\"cs\",\"potentialAction\":[{\"@type\":\"ReadAction\",\"target\":[\"https:\/\/evertonfc.cz\/index.php\/2025\/11\/24\/preview-manchester-united-everton-14\/\"]}]},{\"@type\":\"ImageObject\",\"inLanguage\":\"cs\",\"@id\":\"https:\/\/evertonfc.cz\/index.php\/2025\/11\/24\/preview-manchester-united-everton-14\/#primaryimage\",\"url\":\"https:\/\/evertonfc.cz\/wp-content\/uploads\/2021\/02\/Manchester-United-VS-Everton.jpg\",\"contentUrl\":\"https:\/\/evertonfc.cz\/wp-content\/uploads\/2021\/02\/Manchester-United-VS-Everton.jpg\",\"width\":720,\"height\":405},{\"@type\":\"BreadcrumbList\",\"@id\":\"https:\/\/evertonfc.cz\/index.php\/2025\/11\/24\/preview-manchester-united-everton-14\/#breadcrumb\",\"itemListElement\":[{\"@type\":\"ListItem\",\"position\":1,\"name\":\"Home\",\"item\":\"https:\/\/evertonfc.cz\/\"},{\"@type\":\"ListItem\",\"position\":2,\"name\":\"Preview: Manchester United \u2013 Everton\"}]},{\"@type\":\"WebSite\",\"@id\":\"https:\/\/evertonfc.cz\/#website\",\"url\":\"https:\/\/evertonfc.cz\/\",\"name\":\"Official Czech &amp; Slovak Everton Supporters&#039; Club\",\"description\":\"\",\"publisher\":{\"@id\":\"https:\/\/evertonfc.cz\/#organization\"},\"potentialAction\":[{\"@type\":\"SearchAction\",\"target\":{\"@type\":\"EntryPoint\",\"urlTemplate\":\"https:\/\/evertonfc.cz\/?s={search_term_string}\"},\"query-input\":{\"@type\":\"PropertyValueSpecification\",\"valueRequired\":true,\"valueName\":\"search_term_string\"}}],\"inLanguage\":\"cs\"},{\"@type\":\"Organization\",\"@id\":\"https:\/\/evertonfc.cz\/#organization\",\"name\":\"Official Czech & Slovak Everton Supporters' Club\",\"url\":\"https:\/\/evertonfc.cz\/\",\"logo\":{\"@type\":\"ImageObject\",\"inLanguage\":\"cs\",\"@id\":\"https:\/\/evertonfc.cz\/#\/schema\/logo\/image\/\",\"url\":\"https:\/\/evertonfc.cz\/wp-content\/uploads\/2019\/05\/logo.png\",\"contentUrl\":\"https:\/\/evertonfc.cz\/wp-content\/uploads\/2019\/05\/logo.png\",\"width\":112,\"height\":112,\"caption\":\"Official Czech & Slovak Everton Supporters' Club\"},\"image\":{\"@id\":\"https:\/\/evertonfc.cz\/#\/schema\/logo\/image\/\"},\"sameAs\":[\"https:\/\/www.facebook.com\/everton.fans.cz.sk\"]},{\"@type\":\"Person\",\"@id\":\"https:\/\/evertonfc.cz\/#\/schema\/person\/d4493b8cbea51532597fbc4685698916\",\"name\":\"BlueBlooded\",\"url\":\"https:\/\/evertonfc.cz\/index.php\/author\/admin\/\"}]}<\/script>\n<!-- \/ Yoast SEO plugin. -->","yoast_head_json":{"title":"Preview: Manchester United \u2013 Everton - Official Czech &amp; Slovak Everton Supporters&#039; Club","robots":{"index":"index","follow":"follow","max-snippet":"max-snippet:-1","max-image-preview":"max-image-preview:large","max-video-preview":"max-video-preview:-1"},"canonical":"https:\/\/evertonfc.cz\/index.php\/2025\/11\/24\/preview-manchester-united-everton-14\/","og_locale":"cs_CZ","og_type":"article","og_title":"Preview: Manchester United \u2013 Everton - Official Czech &amp; Slovak Everton Supporters&#039; Club","og_description":"Toffees sa vracaj\u00fa po 16-d\u0148ovej pauze do Premier League a \u010dak\u00e1 ich Old Trafford \u2013 miesto, kde sa v posledn\u00fdch dek\u00e1dach tr\u00e1pia mo\u017eno viac ne\u017e kdeko\u013evek inde.","og_url":"https:\/\/evertonfc.cz\/index.php\/2025\/11\/24\/preview-manchester-united-everton-14\/","og_site_name":"Official Czech &amp; Slovak Everton Supporters&#039; Club","article_publisher":"https:\/\/www.facebook.com\/everton.fans.cz.sk","article_published_time":"2025-11-24T16:27:47+00:00","article_modified_time":"2025-11-24T16:30:37+00:00","og_image":[{"width":720,"height":405,"url":"https:\/\/evertonfc.cz\/wp-content\/uploads\/2021\/02\/Manchester-United-VS-Everton.jpg","type":"image\/jpeg"}],"author":"BlueBlooded","twitter_card":"summary_large_image","twitter_misc":{"Napsal(a)":"BlueBlooded","Odhadovan\u00e1 doba \u010dten\u00ed":"4 minuty"},"schema":{"@context":"https:\/\/schema.org","@graph":[{"@type":"Article","@id":"https:\/\/evertonfc.cz\/index.php\/2025\/11\/24\/preview-manchester-united-everton-14\/#article","isPartOf":{"@id":"https:\/\/evertonfc.cz\/index.php\/2025\/11\/24\/preview-manchester-united-everton-14\/"},"author":{"name":"BlueBlooded","@id":"https:\/\/evertonfc.cz\/#\/schema\/person\/d4493b8cbea51532597fbc4685698916"},"headline":"Preview: Manchester United \u2013 Everton","datePublished":"2025-11-24T16:27:47+00:00","dateModified":"2025-11-24T16:30:37+00:00","mainEntityOfPage":{"@id":"https:\/\/evertonfc.cz\/index.php\/2025\/11\/24\/preview-manchester-united-everton-14\/"},"wordCount":841,"commentCount":3,"publisher":{"@id":"https:\/\/evertonfc.cz\/#organization"},"image":{"@id":"https:\/\/evertonfc.cz\/index.php\/2025\/11\/24\/preview-manchester-united-everton-14\/#primaryimage"},"thumbnailUrl":"https:\/\/evertonfc.cz\/wp-content\/uploads\/2021\/02\/Manchester-United-VS-Everton.jpg","articleSection":["Z\u00e1pasy"],"inLanguage":"cs","potentialAction":[{"@type":"CommentAction","name":"Comment","target":["https:\/\/evertonfc.cz\/index.php\/2025\/11\/24\/preview-manchester-united-everton-14\/#respond"]}]},{"@type":"WebPage","@id":"https:\/\/evertonfc.cz\/index.php\/2025\/11\/24\/preview-manchester-united-everton-14\/","url":"https:\/\/evertonfc.cz\/index.php\/2025\/11\/24\/preview-manchester-united-everton-14\/","name":"Preview: Manchester United \u2013 Everton - Official Czech &amp; Slovak Everton Supporters&#039; Club","isPartOf":{"@id":"https:\/\/evertonfc.cz\/#website"},"primaryImageOfPage":{"@id":"https:\/\/evertonfc.cz\/index.php\/2025\/11\/24\/preview-manchester-united-everton-14\/#primaryimage"},"image":{"@id":"https:\/\/evertonfc.cz\/index.php\/2025\/11\/24\/preview-manchester-united-everton-14\/#primaryimage"},"thumbnailUrl":"https:\/\/evertonfc.cz\/wp-content\/uploads\/2021\/02\/Manchester-United-VS-Everton.jpg","datePublished":"2025-11-24T16:27:47+00:00","dateModified":"2025-11-24T16:30:37+00:00","breadcrumb":{"@id":"https:\/\/evertonfc.cz\/index.php\/2025\/11\/24\/preview-manchester-united-everton-14\/#breadcrumb"},"inLanguage":"cs","potentialAction":[{"@type":"ReadAction","target":["https:\/\/evertonfc.cz\/index.php\/2025\/11\/24\/preview-manchester-united-everton-14\/"]}]},{"@type":"ImageObject","inLanguage":"cs","@id":"https:\/\/evertonfc.cz\/index.php\/2025\/11\/24\/preview-manchester-united-everton-14\/#primaryimage","url":"https:\/\/evertonfc.cz\/wp-content\/uploads\/2021\/02\/Manchester-United-VS-Everton.jpg","contentUrl":"https:\/\/evertonfc.cz\/wp-content\/uploads\/2021\/02\/Manchester-United-VS-Everton.jpg","width":720,"height":405},{"@type":"BreadcrumbList","@id":"https:\/\/evertonfc.cz\/index.php\/2025\/11\/24\/preview-manchester-united-everton-14\/#breadcrumb","itemListElement":[{"@type":"ListItem","position":1,"name":"Home","item":"https:\/\/evertonfc.cz\/"},{"@type":"ListItem","position":2,"name":"Preview: Manchester United \u2013 Everton"}]},{"@type":"WebSite","@id":"https:\/\/evertonfc.cz\/#website","url":"https:\/\/evertonfc.cz\/","name":"Official Czech &amp; Slovak Everton Supporters&#039; Club","description":"","publisher":{"@id":"https:\/\/evertonfc.cz\/#organization"},"potentialAction":[{"@type":"SearchAction","target":{"@type":"EntryPoint","urlTemplate":"https:\/\/evertonfc.cz\/?s={search_term_string}"},"query-input":{"@type":"PropertyValueSpecification","valueRequired":true,"valueName":"search_term_string"}}],"inLanguage":"cs"},{"@type":"Organization","@id":"https:\/\/evertonfc.cz\/#organization","name":"Official Czech & Slovak Everton Supporters' Club","url":"https:\/\/evertonfc.cz\/","logo":{"@type":"ImageObject","inLanguage":"cs","@id":"https:\/\/evertonfc.cz\/#\/schema\/logo\/image\/","url":"https:\/\/evertonfc.cz\/wp-content\/uploads\/2019\/05\/logo.png","contentUrl":"https:\/\/evertonfc.cz\/wp-content\/uploads\/2019\/05\/logo.png","width":112,"height":112,"caption":"Official Czech & Slovak Everton Supporters' Club"},"image":{"@id":"https:\/\/evertonfc.cz\/#\/schema\/logo\/image\/"},"sameAs":["https:\/\/www.facebook.com\/everton.fans.cz.sk"]},{"@type":"Person","@id":"https:\/\/evertonfc.cz\/#\/schema\/person\/d4493b8cbea51532597fbc4685698916","name":"BlueBlooded","url":"https:\/\/evertonfc.cz\/index.php\/author\/admin\/"}]}},"_links":{"self":[{"href":"https:\/\/evertonfc.cz\/index.php\/wp-json\/wp\/v2\/posts\/27915"}],"collection":[{"href":"https:\/\/evertonfc.cz\/index.php\/wp-json\/wp\/v2\/posts"}],"about":[{"href":"https:\/\/evertonfc.cz\/index.php\/wp-json\/wp\/v2\/types\/post"}],"author":[{"embeddable":true,"href":"https:\/\/evertonfc.cz\/index.php\/wp-json\/wp\/v2\/users\/1"}],"replies":[{"embeddable":true,"href":"https:\/\/evertonfc.cz\/index.php\/wp-json\/wp\/v2\/comments?post=27915"}],"version-history":[{"count":6,"href":"https:\/\/evertonfc.cz\/index.php\/wp-json\/wp\/v2\/posts\/27915\/revisions"}],"predecessor-version":[{"id":27921,"href":"https:\/\/evertonfc.cz\/index.php\/wp-json\/wp\/v2\/posts\/27915\/revisions\/27921"}],"wp:featuredmedia":[{"embeddable":true,"href":"https:\/\/evertonfc.cz\/index.php\/wp-json\/wp\/v2\/media\/13968"}],"wp:attachment":[{"href":"https:\/\/evertonfc.cz\/index.php\/wp-json\/wp\/v2\/media?parent=27915"}],"wp:term":[{"taxonomy":"category","embeddable":true,"href":"https:\/\/evertonfc.cz\/index.php\/wp-json\/wp\/v2\/categories?post=27915"},{"taxonomy":"post_tag","embeddable":true,"href":"https:\/\/evertonfc.cz\/index.php\/wp-json\/wp\/v2\/tags?post=27915"}],"curies":[{"name":"wp","href":"https:\/\/api.w.org\/{rel}","templated":true}]}}