{"id":27922,"date":"2025-11-24T23:03:22","date_gmt":"2025-11-24T22:03:22","guid":{"rendered":"https:\/\/evertonfc.cz\/?p=27922"},"modified":"2025-11-24T23:28:34","modified_gmt":"2025-11-24T22:28:34","slug":"manchester-united-everton-0-1","status":"publish","type":"post","link":"https:\/\/evertonfc.cz\/index.php\/2025\/11\/24\/manchester-united-everton-0-1\/","title":{"rendered":"Manchester United \u2013 Everton 0:1"},"content":{"rendered":"<h4>Let\u00ed vzduchem facka. Let\u00ed klidn\u00fdm letem racka. Kde asi p\u0159istane? Kdo ji dostane?<\/h4>\n<p>Ani Jarom\u00edr Nohavica asi netu\u0161il, \u017ee proklet\u00ed Old Traffordu zlom\u00ed a\u017e hork\u00e1 roztr\u017eka mezi spoluhr\u00e1\u010di. Poj\u010fme ale postupn\u011b, jak se rodilo prvn\u00ed v\u00edt\u011bzstv\u00ed Blues od roku 2013 v kdysi slavn\u00e9m Divadle sn\u016f.<\/p>\n<p data-start=\"100\" data-end=\"385\">David Moyes poprv\u00e9 v aktu\u00e1ln\u00ed ligov\u00e9 sez\u00f3n\u011b za\u0159adil do z\u00e1kladn\u00ed sestavy kapit\u00e1na Seamuse Colemana, kter\u00fd se vr\u00e1til z reprezenta\u010dn\u00edho srazu po dvou velmi poveden\u00fdch vystoupen\u00edch za Irsko. James Garner se d\u00edky tomu p\u0159esunul z obrany zp\u011bt do z\u00e1lohy, kde mu m\u00edsto uvolnil Iroegbunam.<\/p>\n<p data-start=\"387\" data-end=\"528\">Dom\u00e1c\u00edm chyb\u011bly letn\u00ed \u00fato\u010dn\u00e9 posily Cunha a \u0160e\u0161ko. Celkem 130 milion\u016f liber tak z\u016fstalo jen na tribun\u011b (p\u0159\u00edpadn\u011b doma u televizn\u00ed obrazovky).<\/p>\n<p data-start=\"530\" data-end=\"676\">37let\u00fd Coleman ale nakonec na h\u0159i\u0161ti vydr\u017eel pouze deset minut, ne\u017e musel kv\u016fli zran\u011bn\u00ed odstoupit. Nahradil ho jeho krajan Jake O\u2019Brien.<\/p>\n<p data-start=\"678\" data-end=\"1067\">Poveden\u00fd vstup Evertonu do utk\u00e1n\u00ed zhatila 13. minuta. Dom\u00e1c\u00ed se a\u017e p\u0159\u00edli\u0161 snadno dostali do brejku, a po ned\u016frazu v obran\u011b Evertonu nav\u00edc nebezpe\u010dn\u011b zakon\u010doval Fernandes. Akci si pot\u00e9 velmi hlasit\u011b dohr\u00e1vali Keane s Gueyem, do\u0161lo i na strk\u00e1n\u00ed a Gueye nakonec spoluhr\u00e1\u010di vlepil facku. Rozhod\u010d\u00ed Harrington nev\u00e1hal a uk\u00e1zal raritn\u00ed, ale zcela zaslou\u017eenou \u010dervenou kartu.<\/p>\n<p data-start=\"678\" data-end=\"1067\"><img loading=\"lazy\" decoding=\"async\" class=\"aligncenter wp-image-27933 size-full\" src=\"https:\/\/evertonfc.cz\/wp-content\/uploads\/2025\/11\/gana_23_11_2025.png\" alt=\"\" width=\"634\" height=\"425\" srcset=\"https:\/\/evertonfc.cz\/wp-content\/uploads\/2025\/11\/gana_23_11_2025.png 634w, https:\/\/evertonfc.cz\/wp-content\/uploads\/2025\/11\/gana_23_11_2025-300x201.png 300w\" sizes=\"(max-width: 634px) 100vw, 634px\" \/><\/p>\n<p data-start=\"678\" data-end=\"1067\">Toffees p\u0159e\u017eili \u00favodn\u00ed chv\u00edle \u0161oku v oslaben\u00ed a postupn\u011b se za\u010dali osm\u011blovat, kdy\u017e vyu\u017e\u00edvali le\u017e\u00e9rn\u00edho tempa United. Ve 29. minut\u011b p\u0159evzal Kiernan Dewsbury-Hall m\u00ed\u010d ve st\u0159edu h\u0159i\u0161t\u011b, pom\u011brn\u011b snadno pro\u0161el k v\u00e1pnu, p\u0159esto\u017ee kolem n\u011bj st\u00e1li a\u017e \u010dty\u0159i protihr\u00e1\u010di, a kr\u00e1snou, lehce te\u010dovanou st\u0159elou do rohu br\u00e1ny otev\u0159el sk\u00f3re \u2013<strong> 0:1<\/strong>. Odpov\u011b\u010f dom\u00e1c\u00edch p\u0159i\u0161la t\u00e9m\u011b\u0159 okam\u017eit\u011b, ale Dorgu nedok\u00e1zal t\u011b\u017ek\u00fd volej vm\u011bstnat mezi t\u0159i ty\u010de.<\/p>\n<p data-start=\"678\" data-end=\"1067\">Everton pokra\u010doval ve state\u010dn\u00e9m a tak\u00e9 fotbalov\u00e9m v\u00fdkonu, kdy dok\u00e1zal umn\u011b kombinovat na mal\u00e9m prostoru i proti po\u010detn\u00ed p\u0159evaze. United se v\u0161ak postupn\u011b dost\u00e1vali do nebezpe\u010dn\u00fdch situac\u00ed a po jedn\u00e9 z nich p\u0159ed polo\u010dasovou p\u0159est\u00e1vkou vyp\u00e1lil z d\u00e1lky ost\u0159e Fernandes. Pickford se p\u011bkn\u011b prolet\u011bt.<\/p>\n<p data-start=\"678\" data-end=\"1067\">Manchester po p\u0159est\u00e1vce za\u010dal dominovat a dr\u017eel m\u00ed\u010d a\u017e 80 procent \u010dasu. Z o\u010dek\u00e1van\u00e9ho tlaku p\u0159ich\u00e1zely i \u0161ance. Po hodin\u011b hry nejprve Pickford vyrazil Mbeumovu jedovatou st\u0159elu a vz\u00e1p\u011bt\u00ed p\u00e1lil t\u011bsn\u011b vedle st\u0159\u00eddaj\u00edc\u00ed Mount. Angli\u010dan o p\u00e1r minut pozd\u011bji p\u0159ipravil ide\u00e1ln\u00ed p\u0159\u00edle\u017eitost pro sv\u00e9ho kapit\u00e1na Fernandese, kter\u00fd v\u0161ak zpoza mal\u00e9ho v\u00e1pna zvolil podivn\u00e9 zakon\u010den\u00ed \u0161ajtl\u00ed a m\u00ed\u010d skon\u010dil vysoko nad br\u00e1nou.<\/p>\n<p data-start=\"678\" data-end=\"1067\">V 79. minut\u011b Keane prohr\u00e1l snad prvn\u00ed osobn\u00ed souboj ve vlastn\u00edm v\u00e1pn\u011b, z \u010deho\u017e vze\u0161la velmi nebezpe\u010dn\u00e1 hlavi\u010dka Zirkzeeho, kterou Pickford kone\u010dky prst\u016f po tyg\u0159\u00edm skoku vy\u0161kr\u00e1bl na roh.<\/p>\n<p data-start=\"678\" data-end=\"1067\">Zirkzee si nedal pokoj a byl bezpochyby nejaktivn\u011bj\u0161\u00edm zakon\u010dovatelem v dom\u00e1c\u00edm dresu. Proti sob\u011b v\u0161ak m\u011bl Pickforda. Anglick\u00e1 reprezenta\u010dn\u00ed jedni\u010dka dnes zamkla br\u00e1nu Evertonu a dovedla sv\u016fj t\u00fdm k cenn\u00fdm t\u0159em bod\u016fm.<\/p>\n<p><strong>Branka:<\/strong> 29. Dewsbury-Hall<\/p>\n<p><strong>\u017dK:<\/strong> 45+2. Mbeumo, 48. Casemiro<\/p>\n<p><strong>\u010cK:<\/strong> 13. Gueye<\/p>\n<p><strong>Manchester United:<\/strong> Lammens &#8211; Yoro, De Ligt, Shaw &#8211; Mazraoui (46. Mount), Casemiro (49. Mainoo), Fernandes, Dorgu (58. Dalot) &#8211; Mbeumo, Diallo, Zirkzee<\/p>\n<p><strong>Everton:<\/strong> Pickford &#8211; Coleman (10. O\u2019Brien), Keane, Tarkowski, Mykolenko &#8211; Garner, Gueye &#8211; Ndiaye (81. Beto), Dewsbury-Hall (88. Alcaraz), Grealish (88. McNeil) &#8211; Barry (81. Iroegbunam)<\/p>\n<p><strong>Rozhod\u010d\u00ed:<\/strong> Tony Harrington\u00a0\u00a0<strong>Div\u00e1ci:<\/strong> 75 635\u00a0\u00a0<strong>Mu\u017e z\u00e1pasu redakce:<\/strong> Jordan Pickford<\/p>\n","protected":false},"excerpt":{"rendered":"<p>Let\u00ed vzduchem facka. Let\u00ed klidn\u00fdm letem racka. Kde asi p\u0159istane? Kdo ji dostane?<\/p>\n","protected":false},"author":6,"featured_media":27927,"comment_status":"open","ping_status":"closed","sticky":false,"template":"","format":"standard","meta":{"_eb_attr":"","_monsterinsights_skip_tracking":false,"_monsterinsights_sitenote_active":false,"_monsterinsights_sitenote_note":"","_monsterinsights_sitenote_category":0,"footnotes":""},"categories":[4],"tags":[],"yoast_head":"<!-- This site is optimized with the Yoast SEO plugin v23.4 - https:\/\/yoast.com\/wordpress\/plugins\/seo\/ -->\n<title>Manchester United \u2013 Everton 0:1 - Official Czech &amp; Slovak Everton Supporters&#039; Club<\/title>\n<meta name=\"description\" content=\"Let\u00ed vzduchem facka. Let\u00ed klidn\u00fdm letem racka. Kde asi p\u0159istane? Kdo ji dostane?\" \/>\n<meta name=\"robots\" content=\"index, follow, max-snippet:-1, max-image-preview:large, max-video-preview:-1\" \/>\n<link rel=\"canonical\" href=\"https:\/\/evertonfc.cz\/index.php\/2025\/11\/24\/manchester-united-everton-0-1\/\" \/>\n<meta property=\"og:locale\" content=\"cs_CZ\" \/>\n<meta property=\"og:type\" content=\"article\" \/>\n<meta property=\"og:title\" content=\"Manchester United \u2013 Everton 0:1 - Official Czech &amp; Slovak Everton Supporters&#039; Club\" \/>\n<meta property=\"og:description\" content=\"Let\u00ed vzduchem facka. Let\u00ed klidn\u00fdm letem racka. Kde asi p\u0159istane? Kdo ji dostane?\" \/>\n<meta property=\"og:url\" content=\"https:\/\/evertonfc.cz\/index.php\/2025\/11\/24\/manchester-united-everton-0-1\/\" \/>\n<meta property=\"og:site_name\" content=\"Official Czech &amp; Slovak Everton Supporters&#039; Club\" \/>\n<meta property=\"article:publisher\" content=\"https:\/\/www.facebook.com\/everton.fans.cz.sk\" \/>\n<meta property=\"article:published_time\" content=\"2025-11-24T22:03:22+00:00\" \/>\n<meta property=\"article:modified_time\" content=\"2025-11-24T22:28:34+00:00\" \/>\n<meta property=\"og:image\" content=\"https:\/\/evertonfc.cz\/wp-content\/uploads\/2025\/11\/gueye_23_11_2025.jpg\" \/>\n\t<meta property=\"og:image:width\" content=\"720\" \/>\n\t<meta property=\"og:image:height\" content=\"405\" \/>\n\t<meta property=\"og:image:type\" content=\"image\/jpeg\" \/>\n<meta name=\"author\" content=\"Ri\u010di\" \/>\n<meta name=\"twitter:card\" content=\"summary_large_image\" \/>\n<meta name=\"twitter:creator\" content=\"@rbrejsa\" \/>\n<meta name=\"twitter:label1\" content=\"Napsal(a)\" \/>\n\t<meta name=\"twitter:data1\" content=\"Ri\u010di\" \/>\n\t<meta name=\"twitter:label2\" content=\"Odhadovan\u00e1 doba \u010dten\u00ed\" \/>\n\t<meta name=\"twitter:data2\" content=\"4 minuty\" \/>\n<script type=\"application\/ld+json\" class=\"yoast-schema-graph\">{\"@context\":\"https:\/\/schema.org\",\"@graph\":[{\"@type\":\"Article\",\"@id\":\"https:\/\/evertonfc.cz\/index.php\/2025\/11\/24\/manchester-united-everton-0-1\/#article\",\"isPartOf\":{\"@id\":\"https:\/\/evertonfc.cz\/index.php\/2025\/11\/24\/manchester-united-everton-0-1\/\"},\"author\":{\"name\":\"Ri\u010di\",\"@id\":\"https:\/\/evertonfc.cz\/#\/schema\/person\/f7a5daedb2ffee98480bc70e191aaef1\"},\"headline\":\"Manchester United \u2013 Everton 0:1\",\"datePublished\":\"2025-11-24T22:03:22+00:00\",\"dateModified\":\"2025-11-24T22:28:34+00:00\",\"mainEntityOfPage\":{\"@id\":\"https:\/\/evertonfc.cz\/index.php\/2025\/11\/24\/manchester-united-everton-0-1\/\"},\"wordCount\":641,\"commentCount\":9,\"publisher\":{\"@id\":\"https:\/\/evertonfc.cz\/#organization\"},\"image\":{\"@id\":\"https:\/\/evertonfc.cz\/index.php\/2025\/11\/24\/manchester-united-everton-0-1\/#primaryimage\"},\"thumbnailUrl\":\"https:\/\/evertonfc.cz\/wp-content\/uploads\/2025\/11\/gueye_23_11_2025.jpg\",\"articleSection\":[\"Z\u00e1pasy\"],\"inLanguage\":\"cs\",\"potentialAction\":[{\"@type\":\"CommentAction\",\"name\":\"Comment\",\"target\":[\"https:\/\/evertonfc.cz\/index.php\/2025\/11\/24\/manchester-united-everton-0-1\/#respond\"]}]},{\"@type\":\"WebPage\",\"@id\":\"https:\/\/evertonfc.cz\/index.php\/2025\/11\/24\/manchester-united-everton-0-1\/\",\"url\":\"https:\/\/evertonfc.cz\/index.php\/2025\/11\/24\/manchester-united-everton-0-1\/\",\"name\":\"Manchester United \u2013 Everton 0:1 - Official Czech &amp; Slovak Everton Supporters&#039; Club\",\"isPartOf\":{\"@id\":\"https:\/\/evertonfc.cz\/#website\"},\"primaryImageOfPage\":{\"@id\":\"https:\/\/evertonfc.cz\/index.php\/2025\/11\/24\/manchester-united-everton-0-1\/#primaryimage\"},\"image\":{\"@id\":\"https:\/\/evertonfc.cz\/index.php\/2025\/11\/24\/manchester-united-everton-0-1\/#primaryimage\"},\"thumbnailUrl\":\"https:\/\/evertonfc.cz\/wp-content\/uploads\/2025\/11\/gueye_23_11_2025.jpg\",\"datePublished\":\"2025-11-24T22:03:22+00:00\",\"dateModified\":\"2025-11-24T22:28:34+00:00\",\"description\":\"Let\u00ed vzduchem facka. Let\u00ed klidn\u00fdm letem racka. Kde asi p\u0159istane? Kdo ji dostane?\",\"breadcrumb\":{\"@id\":\"https:\/\/evertonfc.cz\/index.php\/2025\/11\/24\/manchester-united-everton-0-1\/#breadcrumb\"},\"inLanguage\":\"cs\",\"potentialAction\":[{\"@type\":\"ReadAction\",\"target\":[\"https:\/\/evertonfc.cz\/index.php\/2025\/11\/24\/manchester-united-everton-0-1\/\"]}]},{\"@type\":\"ImageObject\",\"inLanguage\":\"cs\",\"@id\":\"https:\/\/evertonfc.cz\/index.php\/2025\/11\/24\/manchester-united-everton-0-1\/#primaryimage\",\"url\":\"https:\/\/evertonfc.cz\/wp-content\/uploads\/2025\/11\/gueye_23_11_2025.jpg\",\"contentUrl\":\"https:\/\/evertonfc.cz\/wp-content\/uploads\/2025\/11\/gueye_23_11_2025.jpg\",\"width\":720,\"height\":405},{\"@type\":\"BreadcrumbList\",\"@id\":\"https:\/\/evertonfc.cz\/index.php\/2025\/11\/24\/manchester-united-everton-0-1\/#breadcrumb\",\"itemListElement\":[{\"@type\":\"ListItem\",\"position\":1,\"name\":\"Home\",\"item\":\"https:\/\/evertonfc.cz\/\"},{\"@type\":\"ListItem\",\"position\":2,\"name\":\"Manchester United \u2013 Everton 0:1\"}]},{\"@type\":\"WebSite\",\"@id\":\"https:\/\/evertonfc.cz\/#website\",\"url\":\"https:\/\/evertonfc.cz\/\",\"name\":\"Official Czech &amp; Slovak Everton Supporters&#039; Club\",\"description\":\"\",\"publisher\":{\"@id\":\"https:\/\/evertonfc.cz\/#organization\"},\"potentialAction\":[{\"@type\":\"SearchAction\",\"target\":{\"@type\":\"EntryPoint\",\"urlTemplate\":\"https:\/\/evertonfc.cz\/?s={search_term_string}\"},\"query-input\":{\"@type\":\"PropertyValueSpecification\",\"valueRequired\":true,\"valueName\":\"search_term_string\"}}],\"inLanguage\":\"cs\"},{\"@type\":\"Organization\",\"@id\":\"https:\/\/evertonfc.cz\/#organization\",\"name\":\"Official Czech & Slovak Everton Supporters' Club\",\"url\":\"https:\/\/evertonfc.cz\/\",\"logo\":{\"@type\":\"ImageObject\",\"inLanguage\":\"cs\",\"@id\":\"https:\/\/evertonfc.cz\/#\/schema\/logo\/image\/\",\"url\":\"https:\/\/evertonfc.cz\/wp-content\/uploads\/2019\/05\/logo.png\",\"contentUrl\":\"https:\/\/evertonfc.cz\/wp-content\/uploads\/2019\/05\/logo.png\",\"width\":112,\"height\":112,\"caption\":\"Official Czech & Slovak Everton Supporters' Club\"},\"image\":{\"@id\":\"https:\/\/evertonfc.cz\/#\/schema\/logo\/image\/\"},\"sameAs\":[\"https:\/\/www.facebook.com\/everton.fans.cz.sk\"]},{\"@type\":\"Person\",\"@id\":\"https:\/\/evertonfc.cz\/#\/schema\/person\/f7a5daedb2ffee98480bc70e191aaef1\",\"name\":\"Ri\u010di\",\"sameAs\":[\"https:\/\/x.com\/rbrejsa\"],\"url\":\"https:\/\/evertonfc.cz\/index.php\/author\/rici\/\"}]}<\/script>\n<!-- \/ Yoast SEO plugin. -->","yoast_head_json":{"title":"Manchester United \u2013 Everton 0:1 - Official Czech &amp; Slovak Everton Supporters&#039; Club","description":"Let\u00ed vzduchem facka. Let\u00ed klidn\u00fdm letem racka. Kde asi p\u0159istane? Kdo ji dostane?","robots":{"index":"index","follow":"follow","max-snippet":"max-snippet:-1","max-image-preview":"max-image-preview:large","max-video-preview":"max-video-preview:-1"},"canonical":"https:\/\/evertonfc.cz\/index.php\/2025\/11\/24\/manchester-united-everton-0-1\/","og_locale":"cs_CZ","og_type":"article","og_title":"Manchester United \u2013 Everton 0:1 - Official Czech &amp; Slovak Everton Supporters&#039; Club","og_description":"Let\u00ed vzduchem facka. Let\u00ed klidn\u00fdm letem racka. Kde asi p\u0159istane? Kdo ji dostane?","og_url":"https:\/\/evertonfc.cz\/index.php\/2025\/11\/24\/manchester-united-everton-0-1\/","og_site_name":"Official Czech &amp; Slovak Everton Supporters&#039; Club","article_publisher":"https:\/\/www.facebook.com\/everton.fans.cz.sk","article_published_time":"2025-11-24T22:03:22+00:00","article_modified_time":"2025-11-24T22:28:34+00:00","og_image":[{"width":720,"height":405,"url":"https:\/\/evertonfc.cz\/wp-content\/uploads\/2025\/11\/gueye_23_11_2025.jpg","type":"image\/jpeg"}],"author":"Ri\u010di","twitter_card":"summary_large_image","twitter_creator":"@rbrejsa","twitter_misc":{"Napsal(a)":"Ri\u010di","Odhadovan\u00e1 doba \u010dten\u00ed":"4 minuty"},"schema":{"@context":"https:\/\/schema.org","@graph":[{"@type":"Article","@id":"https:\/\/evertonfc.cz\/index.php\/2025\/11\/24\/manchester-united-everton-0-1\/#article","isPartOf":{"@id":"https:\/\/evertonfc.cz\/index.php\/2025\/11\/24\/manchester-united-everton-0-1\/"},"author":{"name":"Ri\u010di","@id":"https:\/\/evertonfc.cz\/#\/schema\/person\/f7a5daedb2ffee98480bc70e191aaef1"},"headline":"Manchester United \u2013 Everton 0:1","datePublished":"2025-11-24T22:03:22+00:00","dateModified":"2025-11-24T22:28:34+00:00","mainEntityOfPage":{"@id":"https:\/\/evertonfc.cz\/index.php\/2025\/11\/24\/manchester-united-everton-0-1\/"},"wordCount":641,"commentCount":9,"publisher":{"@id":"https:\/\/evertonfc.cz\/#organization"},"image":{"@id":"https:\/\/evertonfc.cz\/index.php\/2025\/11\/24\/manchester-united-everton-0-1\/#primaryimage"},"thumbnailUrl":"https:\/\/evertonfc.cz\/wp-content\/uploads\/2025\/11\/gueye_23_11_2025.jpg","articleSection":["Z\u00e1pasy"],"inLanguage":"cs","potentialAction":[{"@type":"CommentAction","name":"Comment","target":["https:\/\/evertonfc.cz\/index.php\/2025\/11\/24\/manchester-united-everton-0-1\/#respond"]}]},{"@type":"WebPage","@id":"https:\/\/evertonfc.cz\/index.php\/2025\/11\/24\/manchester-united-everton-0-1\/","url":"https:\/\/evertonfc.cz\/index.php\/2025\/11\/24\/manchester-united-everton-0-1\/","name":"Manchester United \u2013 Everton 0:1 - Official Czech &amp; Slovak Everton Supporters&#039; Club","isPartOf":{"@id":"https:\/\/evertonfc.cz\/#website"},"primaryImageOfPage":{"@id":"https:\/\/evertonfc.cz\/index.php\/2025\/11\/24\/manchester-united-everton-0-1\/#primaryimage"},"image":{"@id":"https:\/\/evertonfc.cz\/index.php\/2025\/11\/24\/manchester-united-everton-0-1\/#primaryimage"},"thumbnailUrl":"https:\/\/evertonfc.cz\/wp-content\/uploads\/2025\/11\/gueye_23_11_2025.jpg","datePublished":"2025-11-24T22:03:22+00:00","dateModified":"2025-11-24T22:28:34+00:00","description":"Let\u00ed vzduchem facka. Let\u00ed klidn\u00fdm letem racka. Kde asi p\u0159istane? Kdo ji dostane?","breadcrumb":{"@id":"https:\/\/evertonfc.cz\/index.php\/2025\/11\/24\/manchester-united-everton-0-1\/#breadcrumb"},"inLanguage":"cs","potentialAction":[{"@type":"ReadAction","target":["https:\/\/evertonfc.cz\/index.php\/2025\/11\/24\/manchester-united-everton-0-1\/"]}]},{"@type":"ImageObject","inLanguage":"cs","@id":"https:\/\/evertonfc.cz\/index.php\/2025\/11\/24\/manchester-united-everton-0-1\/#primaryimage","url":"https:\/\/evertonfc.cz\/wp-content\/uploads\/2025\/11\/gueye_23_11_2025.jpg","contentUrl":"https:\/\/evertonfc.cz\/wp-content\/uploads\/2025\/11\/gueye_23_11_2025.jpg","width":720,"height":405},{"@type":"BreadcrumbList","@id":"https:\/\/evertonfc.cz\/index.php\/2025\/11\/24\/manchester-united-everton-0-1\/#breadcrumb","itemListElement":[{"@type":"ListItem","position":1,"name":"Home","item":"https:\/\/evertonfc.cz\/"},{"@type":"ListItem","position":2,"name":"Manchester United \u2013 Everton 0:1"}]},{"@type":"WebSite","@id":"https:\/\/evertonfc.cz\/#website","url":"https:\/\/evertonfc.cz\/","name":"Official Czech &amp; Slovak Everton Supporters&#039; Club","description":"","publisher":{"@id":"https:\/\/evertonfc.cz\/#organization"},"potentialAction":[{"@type":"SearchAction","target":{"@type":"EntryPoint","urlTemplate":"https:\/\/evertonfc.cz\/?s={search_term_string}"},"query-input":{"@type":"PropertyValueSpecification","valueRequired":true,"valueName":"search_term_string"}}],"inLanguage":"cs"},{"@type":"Organization","@id":"https:\/\/evertonfc.cz\/#organization","name":"Official Czech & Slovak Everton Supporters' Club","url":"https:\/\/evertonfc.cz\/","logo":{"@type":"ImageObject","inLanguage":"cs","@id":"https:\/\/evertonfc.cz\/#\/schema\/logo\/image\/","url":"https:\/\/evertonfc.cz\/wp-content\/uploads\/2019\/05\/logo.png","contentUrl":"https:\/\/evertonfc.cz\/wp-content\/uploads\/2019\/05\/logo.png","width":112,"height":112,"caption":"Official Czech & Slovak Everton Supporters' Club"},"image":{"@id":"https:\/\/evertonfc.cz\/#\/schema\/logo\/image\/"},"sameAs":["https:\/\/www.facebook.com\/everton.fans.cz.sk"]},{"@type":"Person","@id":"https:\/\/evertonfc.cz\/#\/schema\/person\/f7a5daedb2ffee98480bc70e191aaef1","name":"Ri\u010di","sameAs":["https:\/\/x.com\/rbrejsa"],"url":"https:\/\/evertonfc.cz\/index.php\/author\/rici\/"}]}},"_links":{"self":[{"href":"https:\/\/evertonfc.cz\/index.php\/wp-json\/wp\/v2\/posts\/27922"}],"collection":[{"href":"https:\/\/evertonfc.cz\/index.php\/wp-json\/wp\/v2\/posts"}],"about":[{"href":"https:\/\/evertonfc.cz\/index.php\/wp-json\/wp\/v2\/types\/post"}],"author":[{"embeddable":true,"href":"https:\/\/evertonfc.cz\/index.php\/wp-json\/wp\/v2\/users\/6"}],"replies":[{"embeddable":true,"href":"https:\/\/evertonfc.cz\/index.php\/wp-json\/wp\/v2\/comments?post=27922"}],"version-history":[{"count":11,"href":"https:\/\/evertonfc.cz\/index.php\/wp-json\/wp\/v2\/posts\/27922\/revisions"}],"predecessor-version":[{"id":27936,"href":"https:\/\/evertonfc.cz\/index.php\/wp-json\/wp\/v2\/posts\/27922\/revisions\/27936"}],"wp:featuredmedia":[{"embeddable":true,"href":"https:\/\/evertonfc.cz\/index.php\/wp-json\/wp\/v2\/media\/27927"}],"wp:attachment":[{"href":"https:\/\/evertonfc.cz\/index.php\/wp-json\/wp\/v2\/media?parent=27922"}],"wp:term":[{"taxonomy":"category","embeddable":true,"href":"https:\/\/evertonfc.cz\/index.php\/wp-json\/wp\/v2\/categories?post=27922"},{"taxonomy":"post_tag","embeddable":true,"href":"https:\/\/evertonfc.cz\/index.php\/wp-json\/wp\/v2\/tags?post=27922"}],"curies":[{"name":"wp","href":"https:\/\/api.w.org\/{rel}","templated":true}]}}