{"id":27941,"date":"2025-11-27T15:57:08","date_gmt":"2025-11-27T14:57:08","guid":{"rendered":"https:\/\/evertonfc.cz\/?p=27941"},"modified":"2026-03-21T14:25:13","modified_gmt":"2026-03-21T13:25:13","slug":"wlc-newcastle-w-everton-w-13","status":"publish","type":"post","link":"https:\/\/evertonfc.cz\/index.php\/2025\/11\/27\/wlc-newcastle-w-everton-w-13\/","title":{"rendered":"WLC: Newcastle W &#8211; Everton W 1:3"},"content":{"rendered":"<h4>Posledn\u00ed kolo skupinov\u00e9 f\u00e1ze ligov\u00e9ho poh\u00e1ru pro n\u00e1s znamenalo v\u00fdhru nad druholigov\u00fdm soupe\u0159em i rozlou\u010den\u00ed se z touto sout\u011b\u017e\u00ed.<\/h4>\n<p>Do sestavy se po zran\u011bn\u00ed vr\u00e1tila Brosnan a rovn\u011b\u017e Gago se zotavila ze svalov\u00e9ho poran\u011bn\u00ed. Na Tyne and Ware jsme tak dorazili v na\u0161\u00ed nejsiln\u011bj\u0161\u00ed dostupn\u00e9 sestav\u011b. I kdy\u017e u\u017e p\u0159ed z\u00e1pasem bylo jasn\u00e9, \u017ee ze skupiny nepostoup\u00edme, nehodlali jsme z\u00e1pas s aktu\u00e1ln\u011b 4. t\u00fdmem WSL 2 jakkoliv podcenit.<\/p>\n<h4>Prvn\u00ed polo\u010das<\/h4>\n<p>Od za\u010d\u00e1tku z\u00e1pasu bylo z\u0159ejm\u00e9, \u017ee jsme cestu na severov\u00fdchod Anglie nev\u00e1\u017eili proto, abychom z\u00e1pas\u00a0 odehr\u00e1li jen form\u00e1ln\u011b. Od prvn\u00edch minut se n\u00e1m da\u0159ilo dostat straky pod tlak, hlavn\u011b d\u00edky zda\u0159il\u00e9 h\u0159e na\u0161ich z\u00e1lo\u017en\u00edch \u0159ad. Op\u011bt se potvrdilo, \u017ee m\u00e1me-li dostatek \u010dasu, dok\u00e1\u017eeme hr\u00e1t efektivn\u011b, n\u00e1padit\u011b a \u00fa\u010dinn\u011b. A soupe\u0159ky n\u00e1m tentokr\u00e1t (bohu\u017eel pro n\u011b) onen \u010das poskytly. B\u0159evno prudce nast\u0159elen\u00e9\u00a0 z kopa\u010dky Kitegawy mohlo b\u00fdt pro dom\u00e1c\u00ed prvn\u00edm varov\u00e1n\u00edm. Zanedlouho Payne p\u00e1lila p\u0159\u00edmo do rukavic Moan. Po p\u016flhodin\u011b hry Cooper pom\u011brn\u011b nevyb\u00edrav\u011b a jednozna\u010dn\u011b srazila zezadu Wheeler. Kdy\u017e se na\u0161e Australanka zt\u011b\u017eka zvedla ze zem\u011b, postavila se k na\u0159\u00edzen\u00e9mu p\u0159\u00edm\u00e9mu kopu Momiki a ranou k bli\u017e\u0161\u00ed ty\u010di zaznamenala prvn\u00ed g\u00f3l z\u00e1pasu &#8211; <strong>0:1<\/strong>. N\u00e1\u0161 tlak nepolevoval, ale do konce polo\u010dasu z\u016fstalo sk\u00f3re nezm\u011bn\u011bn\u00e9.<\/p>\n<p><strong>Druh\u00fd polo\u010das<\/strong><\/p>\n<p>Newcastle zbran\u011b neslo\u017eil. Na za\u010d\u00e1tku druh\u00e9ho polo\u010dasu se o srovn\u00e1n\u00ed pokusila\u00a0 Jordan Nobbs, na\u0161t\u011bst\u00ed Brosnan byla pozorn\u00e1.\u00a0 Evertonsk\u00e1 j\u00edzda pokra\u010dovala. Dor\u00e1\u017eku Payne vykop\u00e1vala obr\u00e1nkyn\u011b strak z brankov\u00e9 \u010d\u00e1ry. V 72. minut\u011b Snoeijs po spolupr\u00e1ci s Payne zv\u00fd\u0161ila na <strong>0:2<\/strong>. O dv\u011b minuty pozd\u011bji p\u0159edvedla brank\u00e1\u0159ka dom\u00e1c\u00edch Moan nepochopitelnou chybu, kdy\u017e se pokusila obej\u00edt kli\u010dkou Snoeijs. To se ji nikoliv p\u0159ekvapiv\u011b nepovedlo a Payne p\u0159idala g\u00f3l na <strong>0:3<\/strong>.O n\u011bkolik minut pozd\u011bji byla Snoeijs po faulu Mannion nucena st\u0159\u00eddat a na h\u0159i\u0161t\u011b si tak p\u0159i\u0161la pro cenn\u00e9 minuty zku\u0161enost\u00ed Jones. V 79. minut\u011b Newcastle po rohu sn\u00ed\u017eil d\u00edky st\u0159ele Lumsden, kter\u00e9 ov\u0161em p\u0159edch\u00e1zel ignorovan\u00fd faul Murphy na na\u0161\u00ed brank\u00e1\u0159ku. Ale jednalo se ji\u017e jen o labut\u00ed p\u00edse\u0148 strak a my si mohli odv\u00e9zt zaslou\u017een\u00e9 v\u00edt\u011bzstv\u00ed.<\/p>\n<h4>Shrnut\u00ed<\/h4>\n<p>Dobr\u00fd v\u00fdkon proti slab\u0161\u00edmu soupe\u0159i. Hayashi a Vignola v z\u00e1loze je v\u00fdborn\u00e1 kombinace. V\u011b\u0159me, \u017ee se jim povede podobn\u011b i v ligov\u00fdch z\u00e1pasech, velmi nal\u00e9hav\u011b to pot\u0159ebujeme. Jak zde bylo ji\u017e d\u0159\u00edve uvedeno, na na\u0161e dal\u0161\u00ed (ne)\u00fa\u010dinkov\u00e1n\u00ed v poh\u00e1ru sice z\u00e1pas vliv nem\u011bl, ale na\u0161\u00ed tak t\u011b\u017ece zkou\u0161enou psychiku by zvednout mohl. Zvednut\u00ed bude v\u011bru t\u0159eba, proto\u017ee 7.12. n\u00e1s \u010dek\u00e1 Chelsea. Tak tedy <strong><span style=\"color: #0000ff;\">COYBG!<\/span><\/strong><\/p>\n<p style=\"text-align: right;\"><span style=\"font-size: 8pt;\"><em>Fotografie: Honoka Hayashi (zdroj: Getty Images via https:\/\/royalbluemersey.sbnation.com)<\/em><\/span><\/p>\n<p><strong>G\u00f3ly: <\/strong>Lumsden (79\u00b4) &#8211; Momiki (31\u00b4), Snoeijs (72\u00b4), Payne (74\u00b4)\u00a0 <strong>\u017dK:<\/strong> McQade, Mannion &#8211; Fern\u00e1ndez, Hayashi<\/p>\n<p><strong>Magpies (4-4-2): <\/strong>Moan; Cataldo<span class=\"visually-hidden ssrcss-1f39n02-VisuallyHidden e16en2lz0\">, Grec, <\/span><span class=\"visually-hidden ssrcss-1f39n02-VisuallyHidden e16en2lz0\">Cooper (Mannion 46&#8242;), <\/span><span class=\"visually-hidden ssrcss-1f39n02-VisuallyHidden e16en2lz0\">Purfield (Stokes 75&#8242;); <\/span>Lumsden (Freeman 94&#8242;)<span class=\"visually-hidden ssrcss-1f39n02-VisuallyHidden e16en2lz0\">, Nobbs, <\/span><span class=\"visually-hidden ssrcss-1f39n02-VisuallyHidden e16en2lz0\">McQuade, <\/span><span class=\"visually-hidden ssrcss-1f39n02-VisuallyHidden e16en2lz0\">Gregory (Pike 75&#8242;); <\/span>Murphy<span class=\"visually-hidden ssrcss-1f39n02-VisuallyHidden e16en2lz0\">, Hayles (Sevenius 54&#8242;)<\/span><\/p>\n<p><strong>Toffees (4-4-2): <\/strong>Brosnan; Kitagawa<span class=\"visually-hidden ssrcss-1f39n02-VisuallyHidden e16en2lz0\">, Fern\u00e1ndez (Weir 77&#8242;), <\/span><span class=\"visually-hidden ssrcss-1f39n02-VisuallyHidden e16en2lz0\">Mace, <\/span><span class=\"visually-hidden ssrcss-1f39n02-VisuallyHidden e16en2lz0\">Ishikawa (Holmgaard 77&#8242;); <\/span>Wheeler<span class=\"visually-hidden ssrcss-1f39n02-VisuallyHidden e16en2lz0\">, Hayashi, <\/span><span class=\"visually-hidden ssrcss-1f39n02-VisuallyHidden e16en2lz0\">Vignola (van Gool 77&#8242;), <\/span><span class=\"visually-hidden ssrcss-1f39n02-VisuallyHidden e16en2lz0\">Momiki; Payne, Gago (Snoeijs 46&#8242;) (E. Jones 83&#8242;)<\/span><\/p>\n<p><strong>Rozhod\u010d\u00ed:<\/strong> Adewunmi Soneye<\/p>\n<p><iframe loading=\"lazy\" title=\"Momiki&#039;s Stunning Free-Kick \ud83e\udd2f Newcastle v Everton Highlights | Subway Women&#039;s League Cup 25\/26\" width=\"1140\" height=\"641\" src=\"https:\/\/www.youtube.com\/embed\/WRbcvpDo_AQ?feature=oembed\" frameborder=\"0\" allow=\"accelerometer; autoplay; clipboard-write; encrypted-media; gyroscope; picture-in-picture; web-share\" referrerpolicy=\"strict-origin-when-cross-origin\" allowfullscreen><\/iframe><\/p>\n<p style=\"text-align: right;\">\n","protected":false},"excerpt":{"rendered":"<p>Posledn\u00ed kolo skupinov\u00e9 f\u00e1ze ligov\u00e9ho poh\u00e1ru pro n\u00e1s znamenalo v\u00fdhru nad druholigov\u00fdm soupe\u0159em i rozlou\u010den\u00ed se z touto sout\u011b\u017e\u00ed.<\/p>\n","protected":false},"author":26,"featured_media":27953,"comment_status":"open","ping_status":"closed","sticky":false,"template":"","format":"standard","meta":{"_eb_attr":"","_monsterinsights_skip_tracking":false,"_monsterinsights_sitenote_active":false,"_monsterinsights_sitenote_note":"","_monsterinsights_sitenote_category":0,"footnotes":""},"categories":[110],"tags":[],"yoast_head":"<!-- This site is optimized with the Yoast SEO plugin v23.4 - https:\/\/yoast.com\/wordpress\/plugins\/seo\/ -->\n<title>WLC: Newcastle W - Everton W 1:3 - Official Czech &amp; Slovak Everton Supporters&#039; Club<\/title>\n<meta name=\"robots\" content=\"index, follow, max-snippet:-1, max-image-preview:large, max-video-preview:-1\" \/>\n<link rel=\"canonical\" href=\"https:\/\/evertonfc.cz\/index.php\/2025\/11\/27\/wlc-newcastle-w-everton-w-13\/\" \/>\n<meta property=\"og:locale\" content=\"cs_CZ\" \/>\n<meta property=\"og:type\" content=\"article\" \/>\n<meta property=\"og:title\" content=\"WLC: Newcastle W - Everton W 1:3 - Official Czech &amp; Slovak Everton Supporters&#039; Club\" \/>\n<meta property=\"og:description\" content=\"Posledn\u00ed kolo skupinov\u00e9 f\u00e1ze ligov\u00e9ho poh\u00e1ru pro n\u00e1s znamenalo v\u00fdhru nad druholigov\u00fdm soupe\u0159em i rozlou\u010den\u00ed se z touto sout\u011b\u017e\u00ed.\" \/>\n<meta property=\"og:url\" content=\"https:\/\/evertonfc.cz\/index.php\/2025\/11\/27\/wlc-newcastle-w-everton-w-13\/\" \/>\n<meta property=\"og:site_name\" content=\"Official Czech &amp; Slovak Everton Supporters&#039; Club\" \/>\n<meta property=\"article:publisher\" content=\"https:\/\/www.facebook.com\/everton.fans.cz.sk\" \/>\n<meta property=\"article:published_time\" content=\"2025-11-27T14:57:08+00:00\" \/>\n<meta property=\"article:modified_time\" content=\"2026-03-21T13:25:13+00:00\" \/>\n<meta property=\"og:image\" content=\"https:\/\/evertonfc.cz\/wp-content\/uploads\/2025\/11\/Hayashi-vs.-Newcastle-23_11_2025-web.jpg\" \/>\n\t<meta property=\"og:image:width\" content=\"720\" \/>\n\t<meta property=\"og:image:height\" content=\"405\" \/>\n\t<meta property=\"og:image:type\" content=\"image\/jpeg\" \/>\n<meta name=\"author\" content=\"Karamela\" \/>\n<meta name=\"twitter:card\" content=\"summary_large_image\" \/>\n<meta name=\"twitter:label1\" content=\"Napsal(a)\" \/>\n\t<meta name=\"twitter:data1\" content=\"Karamela\" \/>\n\t<meta name=\"twitter:label2\" content=\"Odhadovan\u00e1 doba \u010dten\u00ed\" \/>\n\t<meta name=\"twitter:data2\" content=\"3 minuty\" \/>\n<script type=\"application\/ld+json\" class=\"yoast-schema-graph\">{\"@context\":\"https:\/\/schema.org\",\"@graph\":[{\"@type\":\"Article\",\"@id\":\"https:\/\/evertonfc.cz\/index.php\/2025\/11\/27\/wlc-newcastle-w-everton-w-13\/#article\",\"isPartOf\":{\"@id\":\"https:\/\/evertonfc.cz\/index.php\/2025\/11\/27\/wlc-newcastle-w-everton-w-13\/\"},\"author\":{\"name\":\"Karamela\",\"@id\":\"https:\/\/evertonfc.cz\/#\/schema\/person\/e9a24a80a32efa1344dd2c4e5882185c\"},\"headline\":\"WLC: Newcastle W &#8211; Everton W 1:3\",\"datePublished\":\"2025-11-27T14:57:08+00:00\",\"dateModified\":\"2026-03-21T13:25:13+00:00\",\"mainEntityOfPage\":{\"@id\":\"https:\/\/evertonfc.cz\/index.php\/2025\/11\/27\/wlc-newcastle-w-everton-w-13\/\"},\"wordCount\":613,\"commentCount\":1,\"publisher\":{\"@id\":\"https:\/\/evertonfc.cz\/#organization\"},\"image\":{\"@id\":\"https:\/\/evertonfc.cz\/index.php\/2025\/11\/27\/wlc-newcastle-w-everton-w-13\/#primaryimage\"},\"thumbnailUrl\":\"https:\/\/evertonfc.cz\/wp-content\/uploads\/2025\/11\/Hayashi-vs.-Newcastle-23_11_2025-web.jpg\",\"articleSection\":[\"Everton Women\"],\"inLanguage\":\"cs\",\"potentialAction\":[{\"@type\":\"CommentAction\",\"name\":\"Comment\",\"target\":[\"https:\/\/evertonfc.cz\/index.php\/2025\/11\/27\/wlc-newcastle-w-everton-w-13\/#respond\"]}]},{\"@type\":\"WebPage\",\"@id\":\"https:\/\/evertonfc.cz\/index.php\/2025\/11\/27\/wlc-newcastle-w-everton-w-13\/\",\"url\":\"https:\/\/evertonfc.cz\/index.php\/2025\/11\/27\/wlc-newcastle-w-everton-w-13\/\",\"name\":\"WLC: Newcastle W - Everton W 1:3 - Official Czech &amp; Slovak Everton Supporters&#039; Club\",\"isPartOf\":{\"@id\":\"https:\/\/evertonfc.cz\/#website\"},\"primaryImageOfPage\":{\"@id\":\"https:\/\/evertonfc.cz\/index.php\/2025\/11\/27\/wlc-newcastle-w-everton-w-13\/#primaryimage\"},\"image\":{\"@id\":\"https:\/\/evertonfc.cz\/index.php\/2025\/11\/27\/wlc-newcastle-w-everton-w-13\/#primaryimage\"},\"thumbnailUrl\":\"https:\/\/evertonfc.cz\/wp-content\/uploads\/2025\/11\/Hayashi-vs.-Newcastle-23_11_2025-web.jpg\",\"datePublished\":\"2025-11-27T14:57:08+00:00\",\"dateModified\":\"2026-03-21T13:25:13+00:00\",\"breadcrumb\":{\"@id\":\"https:\/\/evertonfc.cz\/index.php\/2025\/11\/27\/wlc-newcastle-w-everton-w-13\/#breadcrumb\"},\"inLanguage\":\"cs\",\"potentialAction\":[{\"@type\":\"ReadAction\",\"target\":[\"https:\/\/evertonfc.cz\/index.php\/2025\/11\/27\/wlc-newcastle-w-everton-w-13\/\"]}]},{\"@type\":\"ImageObject\",\"inLanguage\":\"cs\",\"@id\":\"https:\/\/evertonfc.cz\/index.php\/2025\/11\/27\/wlc-newcastle-w-everton-w-13\/#primaryimage\",\"url\":\"https:\/\/evertonfc.cz\/wp-content\/uploads\/2025\/11\/Hayashi-vs.-Newcastle-23_11_2025-web.jpg\",\"contentUrl\":\"https:\/\/evertonfc.cz\/wp-content\/uploads\/2025\/11\/Hayashi-vs.-Newcastle-23_11_2025-web.jpg\",\"width\":720,\"height\":405},{\"@type\":\"BreadcrumbList\",\"@id\":\"https:\/\/evertonfc.cz\/index.php\/2025\/11\/27\/wlc-newcastle-w-everton-w-13\/#breadcrumb\",\"itemListElement\":[{\"@type\":\"ListItem\",\"position\":1,\"name\":\"Home\",\"item\":\"https:\/\/evertonfc.cz\/\"},{\"@type\":\"ListItem\",\"position\":2,\"name\":\"WLC: Newcastle W &#8211; Everton W 1:3\"}]},{\"@type\":\"WebSite\",\"@id\":\"https:\/\/evertonfc.cz\/#website\",\"url\":\"https:\/\/evertonfc.cz\/\",\"name\":\"Official Czech &amp; Slovak Everton Supporters&#039; Club\",\"description\":\"\",\"publisher\":{\"@id\":\"https:\/\/evertonfc.cz\/#organization\"},\"potentialAction\":[{\"@type\":\"SearchAction\",\"target\":{\"@type\":\"EntryPoint\",\"urlTemplate\":\"https:\/\/evertonfc.cz\/?s={search_term_string}\"},\"query-input\":{\"@type\":\"PropertyValueSpecification\",\"valueRequired\":true,\"valueName\":\"search_term_string\"}}],\"inLanguage\":\"cs\"},{\"@type\":\"Organization\",\"@id\":\"https:\/\/evertonfc.cz\/#organization\",\"name\":\"Official Czech & Slovak Everton Supporters' Club\",\"url\":\"https:\/\/evertonfc.cz\/\",\"logo\":{\"@type\":\"ImageObject\",\"inLanguage\":\"cs\",\"@id\":\"https:\/\/evertonfc.cz\/#\/schema\/logo\/image\/\",\"url\":\"https:\/\/evertonfc.cz\/wp-content\/uploads\/2019\/05\/logo.png\",\"contentUrl\":\"https:\/\/evertonfc.cz\/wp-content\/uploads\/2019\/05\/logo.png\",\"width\":112,\"height\":112,\"caption\":\"Official Czech & Slovak Everton Supporters' Club\"},\"image\":{\"@id\":\"https:\/\/evertonfc.cz\/#\/schema\/logo\/image\/\"},\"sameAs\":[\"https:\/\/www.facebook.com\/everton.fans.cz.sk\"]},{\"@type\":\"Person\",\"@id\":\"https:\/\/evertonfc.cz\/#\/schema\/person\/e9a24a80a32efa1344dd2c4e5882185c\",\"name\":\"Karamela\",\"url\":\"https:\/\/evertonfc.cz\/index.php\/author\/karamela\/\"}]}<\/script>\n<!-- \/ Yoast SEO plugin. -->","yoast_head_json":{"title":"WLC: Newcastle W - Everton W 1:3 - Official Czech &amp; Slovak Everton Supporters&#039; Club","robots":{"index":"index","follow":"follow","max-snippet":"max-snippet:-1","max-image-preview":"max-image-preview:large","max-video-preview":"max-video-preview:-1"},"canonical":"https:\/\/evertonfc.cz\/index.php\/2025\/11\/27\/wlc-newcastle-w-everton-w-13\/","og_locale":"cs_CZ","og_type":"article","og_title":"WLC: Newcastle W - Everton W 1:3 - Official Czech &amp; Slovak Everton Supporters&#039; Club","og_description":"Posledn\u00ed kolo skupinov\u00e9 f\u00e1ze ligov\u00e9ho poh\u00e1ru pro n\u00e1s znamenalo v\u00fdhru nad druholigov\u00fdm soupe\u0159em i rozlou\u010den\u00ed se z touto sout\u011b\u017e\u00ed.","og_url":"https:\/\/evertonfc.cz\/index.php\/2025\/11\/27\/wlc-newcastle-w-everton-w-13\/","og_site_name":"Official Czech &amp; Slovak Everton Supporters&#039; Club","article_publisher":"https:\/\/www.facebook.com\/everton.fans.cz.sk","article_published_time":"2025-11-27T14:57:08+00:00","article_modified_time":"2026-03-21T13:25:13+00:00","og_image":[{"width":720,"height":405,"url":"https:\/\/evertonfc.cz\/wp-content\/uploads\/2025\/11\/Hayashi-vs.-Newcastle-23_11_2025-web.jpg","type":"image\/jpeg"}],"author":"Karamela","twitter_card":"summary_large_image","twitter_misc":{"Napsal(a)":"Karamela","Odhadovan\u00e1 doba \u010dten\u00ed":"3 minuty"},"schema":{"@context":"https:\/\/schema.org","@graph":[{"@type":"Article","@id":"https:\/\/evertonfc.cz\/index.php\/2025\/11\/27\/wlc-newcastle-w-everton-w-13\/#article","isPartOf":{"@id":"https:\/\/evertonfc.cz\/index.php\/2025\/11\/27\/wlc-newcastle-w-everton-w-13\/"},"author":{"name":"Karamela","@id":"https:\/\/evertonfc.cz\/#\/schema\/person\/e9a24a80a32efa1344dd2c4e5882185c"},"headline":"WLC: Newcastle W &#8211; Everton W 1:3","datePublished":"2025-11-27T14:57:08+00:00","dateModified":"2026-03-21T13:25:13+00:00","mainEntityOfPage":{"@id":"https:\/\/evertonfc.cz\/index.php\/2025\/11\/27\/wlc-newcastle-w-everton-w-13\/"},"wordCount":613,"commentCount":1,"publisher":{"@id":"https:\/\/evertonfc.cz\/#organization"},"image":{"@id":"https:\/\/evertonfc.cz\/index.php\/2025\/11\/27\/wlc-newcastle-w-everton-w-13\/#primaryimage"},"thumbnailUrl":"https:\/\/evertonfc.cz\/wp-content\/uploads\/2025\/11\/Hayashi-vs.-Newcastle-23_11_2025-web.jpg","articleSection":["Everton Women"],"inLanguage":"cs","potentialAction":[{"@type":"CommentAction","name":"Comment","target":["https:\/\/evertonfc.cz\/index.php\/2025\/11\/27\/wlc-newcastle-w-everton-w-13\/#respond"]}]},{"@type":"WebPage","@id":"https:\/\/evertonfc.cz\/index.php\/2025\/11\/27\/wlc-newcastle-w-everton-w-13\/","url":"https:\/\/evertonfc.cz\/index.php\/2025\/11\/27\/wlc-newcastle-w-everton-w-13\/","name":"WLC: Newcastle W - Everton W 1:3 - Official Czech &amp; Slovak Everton Supporters&#039; Club","isPartOf":{"@id":"https:\/\/evertonfc.cz\/#website"},"primaryImageOfPage":{"@id":"https:\/\/evertonfc.cz\/index.php\/2025\/11\/27\/wlc-newcastle-w-everton-w-13\/#primaryimage"},"image":{"@id":"https:\/\/evertonfc.cz\/index.php\/2025\/11\/27\/wlc-newcastle-w-everton-w-13\/#primaryimage"},"thumbnailUrl":"https:\/\/evertonfc.cz\/wp-content\/uploads\/2025\/11\/Hayashi-vs.-Newcastle-23_11_2025-web.jpg","datePublished":"2025-11-27T14:57:08+00:00","dateModified":"2026-03-21T13:25:13+00:00","breadcrumb":{"@id":"https:\/\/evertonfc.cz\/index.php\/2025\/11\/27\/wlc-newcastle-w-everton-w-13\/#breadcrumb"},"inLanguage":"cs","potentialAction":[{"@type":"ReadAction","target":["https:\/\/evertonfc.cz\/index.php\/2025\/11\/27\/wlc-newcastle-w-everton-w-13\/"]}]},{"@type":"ImageObject","inLanguage":"cs","@id":"https:\/\/evertonfc.cz\/index.php\/2025\/11\/27\/wlc-newcastle-w-everton-w-13\/#primaryimage","url":"https:\/\/evertonfc.cz\/wp-content\/uploads\/2025\/11\/Hayashi-vs.-Newcastle-23_11_2025-web.jpg","contentUrl":"https:\/\/evertonfc.cz\/wp-content\/uploads\/2025\/11\/Hayashi-vs.-Newcastle-23_11_2025-web.jpg","width":720,"height":405},{"@type":"BreadcrumbList","@id":"https:\/\/evertonfc.cz\/index.php\/2025\/11\/27\/wlc-newcastle-w-everton-w-13\/#breadcrumb","itemListElement":[{"@type":"ListItem","position":1,"name":"Home","item":"https:\/\/evertonfc.cz\/"},{"@type":"ListItem","position":2,"name":"WLC: Newcastle W &#8211; Everton W 1:3"}]},{"@type":"WebSite","@id":"https:\/\/evertonfc.cz\/#website","url":"https:\/\/evertonfc.cz\/","name":"Official Czech &amp; Slovak Everton Supporters&#039; Club","description":"","publisher":{"@id":"https:\/\/evertonfc.cz\/#organization"},"potentialAction":[{"@type":"SearchAction","target":{"@type":"EntryPoint","urlTemplate":"https:\/\/evertonfc.cz\/?s={search_term_string}"},"query-input":{"@type":"PropertyValueSpecification","valueRequired":true,"valueName":"search_term_string"}}],"inLanguage":"cs"},{"@type":"Organization","@id":"https:\/\/evertonfc.cz\/#organization","name":"Official Czech & Slovak Everton Supporters' Club","url":"https:\/\/evertonfc.cz\/","logo":{"@type":"ImageObject","inLanguage":"cs","@id":"https:\/\/evertonfc.cz\/#\/schema\/logo\/image\/","url":"https:\/\/evertonfc.cz\/wp-content\/uploads\/2019\/05\/logo.png","contentUrl":"https:\/\/evertonfc.cz\/wp-content\/uploads\/2019\/05\/logo.png","width":112,"height":112,"caption":"Official Czech & Slovak Everton Supporters' Club"},"image":{"@id":"https:\/\/evertonfc.cz\/#\/schema\/logo\/image\/"},"sameAs":["https:\/\/www.facebook.com\/everton.fans.cz.sk"]},{"@type":"Person","@id":"https:\/\/evertonfc.cz\/#\/schema\/person\/e9a24a80a32efa1344dd2c4e5882185c","name":"Karamela","url":"https:\/\/evertonfc.cz\/index.php\/author\/karamela\/"}]}},"_links":{"self":[{"href":"https:\/\/evertonfc.cz\/index.php\/wp-json\/wp\/v2\/posts\/27941"}],"collection":[{"href":"https:\/\/evertonfc.cz\/index.php\/wp-json\/wp\/v2\/posts"}],"about":[{"href":"https:\/\/evertonfc.cz\/index.php\/wp-json\/wp\/v2\/types\/post"}],"author":[{"embeddable":true,"href":"https:\/\/evertonfc.cz\/index.php\/wp-json\/wp\/v2\/users\/26"}],"replies":[{"embeddable":true,"href":"https:\/\/evertonfc.cz\/index.php\/wp-json\/wp\/v2\/comments?post=27941"}],"version-history":[{"count":8,"href":"https:\/\/evertonfc.cz\/index.php\/wp-json\/wp\/v2\/posts\/27941\/revisions"}],"predecessor-version":[{"id":28065,"href":"https:\/\/evertonfc.cz\/index.php\/wp-json\/wp\/v2\/posts\/27941\/revisions\/28065"}],"wp:featuredmedia":[{"embeddable":true,"href":"https:\/\/evertonfc.cz\/index.php\/wp-json\/wp\/v2\/media\/27953"}],"wp:attachment":[{"href":"https:\/\/evertonfc.cz\/index.php\/wp-json\/wp\/v2\/media?parent=27941"}],"wp:term":[{"taxonomy":"category","embeddable":true,"href":"https:\/\/evertonfc.cz\/index.php\/wp-json\/wp\/v2\/categories?post=27941"},{"taxonomy":"post_tag","embeddable":true,"href":"https:\/\/evertonfc.cz\/index.php\/wp-json\/wp\/v2\/tags?post=27941"}],"curies":[{"name":"wp","href":"https:\/\/api.w.org\/{rel}","templated":true}]}}