{"id":27960,"date":"2025-11-28T21:57:56","date_gmt":"2025-11-28T20:57:56","guid":{"rendered":"https:\/\/evertonfc.cz\/?p=27960"},"modified":"2025-11-29T09:25:35","modified_gmt":"2025-11-29T08:25:35","slug":"preview-everton-newcastle-united-13","status":"publish","type":"post","link":"https:\/\/evertonfc.cz\/index.php\/2025\/11\/28\/preview-everton-newcastle-united-13\/","title":{"rendered":"Preview: Everton &#8211; Newcastle United"},"content":{"rendered":"<h4>V Petr\u017ealce uvid\u00edme, jak Eddie Howe narozeninov\u00fd d\u00e1rek nedostane. Je \u010das na stabilizaci st\u0159edu.<\/h4>\n<p>Ani jednomu t\u00fdmu se kdov\u00edjak neda\u0159\u00ed. Je tedy pravdou, \u017ee dom\u00e1c\u00ed se mohou chlubit dv\u011bma v\u00fdhrami nad Fulhamem a Manchesterem United, p\u0159i\u010dem\u017e v nich nedostali branku, le\u010d s 11. m\u00edstem spokojeni b\u00fdti nemohou. B1 a B2 st\u00e1le nemohou poslat rybu do \u010de\u0159enu..<\/p>\n<p>K v\u00fdh\u0159e nad Old Trafford zaj\u00edmav\u00fdm zp\u016fsobem do\u0161lo. Gana se stal t\u0159et\u00edm hr\u00e1\u010dem v tomto stolet\u00ed v Premier League, kter\u00fd byl vylou\u010den za facku spoluhr\u00e1\u010di. To bylo ve 13. minut\u011b. Hra v deseti nezabr\u00e1nila Kingsburymu-Hallovi ve vs\u00edt\u011bn\u00ed jedin\u00e9 branky utk\u00e1n\u00ed. Senegalsk\u00fd z\u00e1lo\u017en\u00edk ale vynech\u00e1 t\u0159i utk\u00e1n\u00ed, nezahraje si tedy v \u00fater\u00fd proti Bournemouthu, nestihne ani managersk\u00e9 derby Moyes vs Dyche. Everton se okam\u017eit\u011b v\u016f\u010di t\u0159\u00edz\u00e1pasov\u00e9mu trestu odvolal, ale napaden\u00e9 rozhodnut\u00ed bylo potvrzeno. Dal\u0161\u00edmi absent\u00e9ry jsou Seamus Coleman, kter\u00fd laboruje s mal\u00fdm zran\u011bn\u00edm v oblasti stehna a po operaci k\u00fdly se zotavovav\u0161\u00ed Merlin R\u00f6hl. Ten si u\u017e v tomto kalend\u00e1\u0159n\u00edm roce nezahraje. Chyb\u011bt budou st\u00e1le Jarrad Branthwaite s Nathanem Pattersonem, ten aspo\u0148 za\u010dal tr\u00e9novat.<\/p>\n<p>Newcastle za\u017e\u00edv\u00e1 \u0161patnou ligovou sezonu. Je schopen prohr\u00e1t na Brentfordu i na West Hamu, n\u00e1sledn\u011b pot\u00e9 doma vyhr\u00e1t nad Manchesterem City. Ale ztr\u00e1t bylo hodn\u011b a se \u010dtrn\u00e1ctou pozic\u00ed nem\u016f\u017ee panovat spokojenost. Na druhou stranu se da\u0159\u00ed v poh\u00e1rech &#8211; v LM jsou Straky 11. a maj\u00ed p\u0159ed sebou dom\u00e1c\u00ed \u010dtvrtfin\u00e1le Ligov\u00e9ho poh\u00e1ru proti Fulhamu. \u00da\u010dast Svena Botmana, Yoana Wissy a Nicka Popea je s otazn\u00edkem, zcela ur\u010dit\u011b k dispozici nebude Kieran Trippier.<\/p>\n<div class=\"single-entry-summary\">\n<div class=\"wprt-container\">\n<p><strong>Co:\u00a0<\/strong>Everton FC \u2013 Newcastle United FC, 13. kolo Premier League<br \/>\n<strong>Kdy:\u00a0<\/strong>29. listopadu 2025 od 18:30<br \/>\n<strong>Kde:\u00a0<\/strong>Hill Dickinson Stadium \u2013 Bramley-Moore Dock, Regent Rd, Liverpool L5 9SR (kapacita: 52 769)<br \/>\n<strong>TV:\u00a0<\/strong>P\u0159\u00edm\u00fd p\u0159enos na stanici Canal+ sport, komentuje Jarom\u00edr Bos\u00e1k<br \/>\n<strong>Rozhod\u010d\u00ed:\u00a0<\/strong>Craig Pawson \u2013 Lee Betts, Matt Wilkes <strong>\u010ctvrt\u00fd rozhod\u010d\u00ed:<\/strong> Dean Whitestone<br \/>\n<strong>Videorozhod\u010d\u00ed: <\/strong>Darren England <strong>Asistent videorozhod\u010d\u00edho: <\/strong>Craig Taylor<\/p>\n<\/div>\n<\/div>\n","protected":false},"excerpt":{"rendered":"<p>V Petr\u017ealce uvid\u00edme, jak Eddie Howe narozeninov\u00fd d\u00e1rek nedostane. Je \u010das na stabilizaci st\u0159edu.<\/p>\n","protected":false},"author":12,"featured_media":27967,"comment_status":"open","ping_status":"closed","sticky":false,"template":"","format":"standard","meta":{"_eb_attr":"","_monsterinsights_skip_tracking":false,"_monsterinsights_sitenote_active":false,"_monsterinsights_sitenote_note":"","_monsterinsights_sitenote_category":0,"footnotes":""},"categories":[4],"tags":[],"yoast_head":"<!-- This site is optimized with the Yoast SEO plugin v23.4 - https:\/\/yoast.com\/wordpress\/plugins\/seo\/ -->\n<title>Preview: Everton - Newcastle United - Official Czech &amp; Slovak Everton Supporters&#039; Club<\/title>\n<meta name=\"description\" content=\"Je \u010das na stabilizaci st\u0159edu.\" \/>\n<meta name=\"robots\" content=\"index, follow, max-snippet:-1, max-image-preview:large, max-video-preview:-1\" \/>\n<link rel=\"canonical\" href=\"https:\/\/evertonfc.cz\/index.php\/2025\/11\/28\/preview-everton-newcastle-united-13\/\" \/>\n<meta property=\"og:locale\" content=\"cs_CZ\" \/>\n<meta property=\"og:type\" content=\"article\" \/>\n<meta property=\"og:title\" content=\"Preview: Everton - Newcastle United - Official Czech &amp; Slovak Everton Supporters&#039; Club\" \/>\n<meta property=\"og:description\" content=\"Je \u010das na stabilizaci st\u0159edu.\" \/>\n<meta property=\"og:url\" content=\"https:\/\/evertonfc.cz\/index.php\/2025\/11\/28\/preview-everton-newcastle-united-13\/\" \/>\n<meta property=\"og:site_name\" content=\"Official Czech &amp; Slovak Everton Supporters&#039; Club\" \/>\n<meta property=\"article:publisher\" content=\"https:\/\/www.facebook.com\/everton.fans.cz.sk\" \/>\n<meta property=\"article:published_time\" content=\"2025-11-28T20:57:56+00:00\" \/>\n<meta property=\"article:modified_time\" content=\"2025-11-29T08:25:35+00:00\" \/>\n<meta property=\"og:image\" content=\"https:\/\/evertonfc.cz\/wp-content\/uploads\/2025\/11\/Everton-BMD-Newcastle.png\" \/>\n\t<meta property=\"og:image:width\" content=\"720\" \/>\n\t<meta property=\"og:image:height\" content=\"405\" \/>\n\t<meta property=\"og:image:type\" content=\"image\/png\" \/>\n<meta name=\"author\" content=\"Javor\" \/>\n<meta name=\"twitter:card\" content=\"summary_large_image\" \/>\n<meta name=\"twitter:creator\" content=\"@LoudinJan\" \/>\n<meta name=\"twitter:label1\" content=\"Napsal(a)\" \/>\n\t<meta name=\"twitter:data1\" content=\"Javor\" \/>\n\t<meta name=\"twitter:label2\" content=\"Odhadovan\u00e1 doba \u010dten\u00ed\" \/>\n\t<meta name=\"twitter:data2\" content=\"2 minuty\" \/>\n<script type=\"application\/ld+json\" class=\"yoast-schema-graph\">{\"@context\":\"https:\/\/schema.org\",\"@graph\":[{\"@type\":\"Article\",\"@id\":\"https:\/\/evertonfc.cz\/index.php\/2025\/11\/28\/preview-everton-newcastle-united-13\/#article\",\"isPartOf\":{\"@id\":\"https:\/\/evertonfc.cz\/index.php\/2025\/11\/28\/preview-everton-newcastle-united-13\/\"},\"author\":{\"name\":\"Javor\",\"@id\":\"https:\/\/evertonfc.cz\/#\/schema\/person\/b30daf6a5852f4811f8207a17ec1bf78\"},\"headline\":\"Preview: Everton &#8211; Newcastle United\",\"datePublished\":\"2025-11-28T20:57:56+00:00\",\"dateModified\":\"2025-11-29T08:25:35+00:00\",\"mainEntityOfPage\":{\"@id\":\"https:\/\/evertonfc.cz\/index.php\/2025\/11\/28\/preview-everton-newcastle-united-13\/\"},\"wordCount\":369,\"commentCount\":0,\"publisher\":{\"@id\":\"https:\/\/evertonfc.cz\/#organization\"},\"image\":{\"@id\":\"https:\/\/evertonfc.cz\/index.php\/2025\/11\/28\/preview-everton-newcastle-united-13\/#primaryimage\"},\"thumbnailUrl\":\"https:\/\/evertonfc.cz\/wp-content\/uploads\/2025\/11\/Everton-BMD-Newcastle.png\",\"articleSection\":[\"Z\u00e1pasy\"],\"inLanguage\":\"cs\",\"potentialAction\":[{\"@type\":\"CommentAction\",\"name\":\"Comment\",\"target\":[\"https:\/\/evertonfc.cz\/index.php\/2025\/11\/28\/preview-everton-newcastle-united-13\/#respond\"]}]},{\"@type\":\"WebPage\",\"@id\":\"https:\/\/evertonfc.cz\/index.php\/2025\/11\/28\/preview-everton-newcastle-united-13\/\",\"url\":\"https:\/\/evertonfc.cz\/index.php\/2025\/11\/28\/preview-everton-newcastle-united-13\/\",\"name\":\"Preview: Everton - Newcastle United - Official Czech &amp; Slovak Everton Supporters&#039; Club\",\"isPartOf\":{\"@id\":\"https:\/\/evertonfc.cz\/#website\"},\"primaryImageOfPage\":{\"@id\":\"https:\/\/evertonfc.cz\/index.php\/2025\/11\/28\/preview-everton-newcastle-united-13\/#primaryimage\"},\"image\":{\"@id\":\"https:\/\/evertonfc.cz\/index.php\/2025\/11\/28\/preview-everton-newcastle-united-13\/#primaryimage\"},\"thumbnailUrl\":\"https:\/\/evertonfc.cz\/wp-content\/uploads\/2025\/11\/Everton-BMD-Newcastle.png\",\"datePublished\":\"2025-11-28T20:57:56+00:00\",\"dateModified\":\"2025-11-29T08:25:35+00:00\",\"description\":\"Je \u010das na stabilizaci st\u0159edu.\",\"breadcrumb\":{\"@id\":\"https:\/\/evertonfc.cz\/index.php\/2025\/11\/28\/preview-everton-newcastle-united-13\/#breadcrumb\"},\"inLanguage\":\"cs\",\"potentialAction\":[{\"@type\":\"ReadAction\",\"target\":[\"https:\/\/evertonfc.cz\/index.php\/2025\/11\/28\/preview-everton-newcastle-united-13\/\"]}]},{\"@type\":\"ImageObject\",\"inLanguage\":\"cs\",\"@id\":\"https:\/\/evertonfc.cz\/index.php\/2025\/11\/28\/preview-everton-newcastle-united-13\/#primaryimage\",\"url\":\"https:\/\/evertonfc.cz\/wp-content\/uploads\/2025\/11\/Everton-BMD-Newcastle.png\",\"contentUrl\":\"https:\/\/evertonfc.cz\/wp-content\/uploads\/2025\/11\/Everton-BMD-Newcastle.png\",\"width\":720,\"height\":405},{\"@type\":\"BreadcrumbList\",\"@id\":\"https:\/\/evertonfc.cz\/index.php\/2025\/11\/28\/preview-everton-newcastle-united-13\/#breadcrumb\",\"itemListElement\":[{\"@type\":\"ListItem\",\"position\":1,\"name\":\"Home\",\"item\":\"https:\/\/evertonfc.cz\/\"},{\"@type\":\"ListItem\",\"position\":2,\"name\":\"Preview: Everton &#8211; Newcastle United\"}]},{\"@type\":\"WebSite\",\"@id\":\"https:\/\/evertonfc.cz\/#website\",\"url\":\"https:\/\/evertonfc.cz\/\",\"name\":\"Official Czech &amp; Slovak Everton Supporters&#039; Club\",\"description\":\"\",\"publisher\":{\"@id\":\"https:\/\/evertonfc.cz\/#organization\"},\"potentialAction\":[{\"@type\":\"SearchAction\",\"target\":{\"@type\":\"EntryPoint\",\"urlTemplate\":\"https:\/\/evertonfc.cz\/?s={search_term_string}\"},\"query-input\":{\"@type\":\"PropertyValueSpecification\",\"valueRequired\":true,\"valueName\":\"search_term_string\"}}],\"inLanguage\":\"cs\"},{\"@type\":\"Organization\",\"@id\":\"https:\/\/evertonfc.cz\/#organization\",\"name\":\"Official Czech & Slovak Everton Supporters' Club\",\"url\":\"https:\/\/evertonfc.cz\/\",\"logo\":{\"@type\":\"ImageObject\",\"inLanguage\":\"cs\",\"@id\":\"https:\/\/evertonfc.cz\/#\/schema\/logo\/image\/\",\"url\":\"https:\/\/evertonfc.cz\/wp-content\/uploads\/2019\/05\/logo.png\",\"contentUrl\":\"https:\/\/evertonfc.cz\/wp-content\/uploads\/2019\/05\/logo.png\",\"width\":112,\"height\":112,\"caption\":\"Official Czech & Slovak Everton Supporters' Club\"},\"image\":{\"@id\":\"https:\/\/evertonfc.cz\/#\/schema\/logo\/image\/\"},\"sameAs\":[\"https:\/\/www.facebook.com\/everton.fans.cz.sk\"]},{\"@type\":\"Person\",\"@id\":\"https:\/\/evertonfc.cz\/#\/schema\/person\/b30daf6a5852f4811f8207a17ec1bf78\",\"name\":\"Javor\",\"sameAs\":[\"https:\/\/x.com\/LoudinJan\"],\"url\":\"https:\/\/evertonfc.cz\/index.php\/author\/javor\/\"}]}<\/script>\n<!-- \/ Yoast SEO plugin. -->","yoast_head_json":{"title":"Preview: Everton - Newcastle United - Official Czech &amp; Slovak Everton Supporters&#039; Club","description":"Je \u010das na stabilizaci st\u0159edu.","robots":{"index":"index","follow":"follow","max-snippet":"max-snippet:-1","max-image-preview":"max-image-preview:large","max-video-preview":"max-video-preview:-1"},"canonical":"https:\/\/evertonfc.cz\/index.php\/2025\/11\/28\/preview-everton-newcastle-united-13\/","og_locale":"cs_CZ","og_type":"article","og_title":"Preview: Everton - Newcastle United - Official Czech &amp; Slovak Everton Supporters&#039; Club","og_description":"Je \u010das na stabilizaci st\u0159edu.","og_url":"https:\/\/evertonfc.cz\/index.php\/2025\/11\/28\/preview-everton-newcastle-united-13\/","og_site_name":"Official Czech &amp; Slovak Everton Supporters&#039; Club","article_publisher":"https:\/\/www.facebook.com\/everton.fans.cz.sk","article_published_time":"2025-11-28T20:57:56+00:00","article_modified_time":"2025-11-29T08:25:35+00:00","og_image":[{"width":720,"height":405,"url":"https:\/\/evertonfc.cz\/wp-content\/uploads\/2025\/11\/Everton-BMD-Newcastle.png","type":"image\/png"}],"author":"Javor","twitter_card":"summary_large_image","twitter_creator":"@LoudinJan","twitter_misc":{"Napsal(a)":"Javor","Odhadovan\u00e1 doba \u010dten\u00ed":"2 minuty"},"schema":{"@context":"https:\/\/schema.org","@graph":[{"@type":"Article","@id":"https:\/\/evertonfc.cz\/index.php\/2025\/11\/28\/preview-everton-newcastle-united-13\/#article","isPartOf":{"@id":"https:\/\/evertonfc.cz\/index.php\/2025\/11\/28\/preview-everton-newcastle-united-13\/"},"author":{"name":"Javor","@id":"https:\/\/evertonfc.cz\/#\/schema\/person\/b30daf6a5852f4811f8207a17ec1bf78"},"headline":"Preview: Everton &#8211; Newcastle United","datePublished":"2025-11-28T20:57:56+00:00","dateModified":"2025-11-29T08:25:35+00:00","mainEntityOfPage":{"@id":"https:\/\/evertonfc.cz\/index.php\/2025\/11\/28\/preview-everton-newcastle-united-13\/"},"wordCount":369,"commentCount":0,"publisher":{"@id":"https:\/\/evertonfc.cz\/#organization"},"image":{"@id":"https:\/\/evertonfc.cz\/index.php\/2025\/11\/28\/preview-everton-newcastle-united-13\/#primaryimage"},"thumbnailUrl":"https:\/\/evertonfc.cz\/wp-content\/uploads\/2025\/11\/Everton-BMD-Newcastle.png","articleSection":["Z\u00e1pasy"],"inLanguage":"cs","potentialAction":[{"@type":"CommentAction","name":"Comment","target":["https:\/\/evertonfc.cz\/index.php\/2025\/11\/28\/preview-everton-newcastle-united-13\/#respond"]}]},{"@type":"WebPage","@id":"https:\/\/evertonfc.cz\/index.php\/2025\/11\/28\/preview-everton-newcastle-united-13\/","url":"https:\/\/evertonfc.cz\/index.php\/2025\/11\/28\/preview-everton-newcastle-united-13\/","name":"Preview: Everton - Newcastle United - Official Czech &amp; Slovak Everton Supporters&#039; Club","isPartOf":{"@id":"https:\/\/evertonfc.cz\/#website"},"primaryImageOfPage":{"@id":"https:\/\/evertonfc.cz\/index.php\/2025\/11\/28\/preview-everton-newcastle-united-13\/#primaryimage"},"image":{"@id":"https:\/\/evertonfc.cz\/index.php\/2025\/11\/28\/preview-everton-newcastle-united-13\/#primaryimage"},"thumbnailUrl":"https:\/\/evertonfc.cz\/wp-content\/uploads\/2025\/11\/Everton-BMD-Newcastle.png","datePublished":"2025-11-28T20:57:56+00:00","dateModified":"2025-11-29T08:25:35+00:00","description":"Je \u010das na stabilizaci st\u0159edu.","breadcrumb":{"@id":"https:\/\/evertonfc.cz\/index.php\/2025\/11\/28\/preview-everton-newcastle-united-13\/#breadcrumb"},"inLanguage":"cs","potentialAction":[{"@type":"ReadAction","target":["https:\/\/evertonfc.cz\/index.php\/2025\/11\/28\/preview-everton-newcastle-united-13\/"]}]},{"@type":"ImageObject","inLanguage":"cs","@id":"https:\/\/evertonfc.cz\/index.php\/2025\/11\/28\/preview-everton-newcastle-united-13\/#primaryimage","url":"https:\/\/evertonfc.cz\/wp-content\/uploads\/2025\/11\/Everton-BMD-Newcastle.png","contentUrl":"https:\/\/evertonfc.cz\/wp-content\/uploads\/2025\/11\/Everton-BMD-Newcastle.png","width":720,"height":405},{"@type":"BreadcrumbList","@id":"https:\/\/evertonfc.cz\/index.php\/2025\/11\/28\/preview-everton-newcastle-united-13\/#breadcrumb","itemListElement":[{"@type":"ListItem","position":1,"name":"Home","item":"https:\/\/evertonfc.cz\/"},{"@type":"ListItem","position":2,"name":"Preview: Everton &#8211; Newcastle United"}]},{"@type":"WebSite","@id":"https:\/\/evertonfc.cz\/#website","url":"https:\/\/evertonfc.cz\/","name":"Official Czech &amp; Slovak Everton Supporters&#039; Club","description":"","publisher":{"@id":"https:\/\/evertonfc.cz\/#organization"},"potentialAction":[{"@type":"SearchAction","target":{"@type":"EntryPoint","urlTemplate":"https:\/\/evertonfc.cz\/?s={search_term_string}"},"query-input":{"@type":"PropertyValueSpecification","valueRequired":true,"valueName":"search_term_string"}}],"inLanguage":"cs"},{"@type":"Organization","@id":"https:\/\/evertonfc.cz\/#organization","name":"Official Czech & Slovak Everton Supporters' Club","url":"https:\/\/evertonfc.cz\/","logo":{"@type":"ImageObject","inLanguage":"cs","@id":"https:\/\/evertonfc.cz\/#\/schema\/logo\/image\/","url":"https:\/\/evertonfc.cz\/wp-content\/uploads\/2019\/05\/logo.png","contentUrl":"https:\/\/evertonfc.cz\/wp-content\/uploads\/2019\/05\/logo.png","width":112,"height":112,"caption":"Official Czech & Slovak Everton Supporters' Club"},"image":{"@id":"https:\/\/evertonfc.cz\/#\/schema\/logo\/image\/"},"sameAs":["https:\/\/www.facebook.com\/everton.fans.cz.sk"]},{"@type":"Person","@id":"https:\/\/evertonfc.cz\/#\/schema\/person\/b30daf6a5852f4811f8207a17ec1bf78","name":"Javor","sameAs":["https:\/\/x.com\/LoudinJan"],"url":"https:\/\/evertonfc.cz\/index.php\/author\/javor\/"}]}},"_links":{"self":[{"href":"https:\/\/evertonfc.cz\/index.php\/wp-json\/wp\/v2\/posts\/27960"}],"collection":[{"href":"https:\/\/evertonfc.cz\/index.php\/wp-json\/wp\/v2\/posts"}],"about":[{"href":"https:\/\/evertonfc.cz\/index.php\/wp-json\/wp\/v2\/types\/post"}],"author":[{"embeddable":true,"href":"https:\/\/evertonfc.cz\/index.php\/wp-json\/wp\/v2\/users\/12"}],"replies":[{"embeddable":true,"href":"https:\/\/evertonfc.cz\/index.php\/wp-json\/wp\/v2\/comments?post=27960"}],"version-history":[{"count":8,"href":"https:\/\/evertonfc.cz\/index.php\/wp-json\/wp\/v2\/posts\/27960\/revisions"}],"predecessor-version":[{"id":27969,"href":"https:\/\/evertonfc.cz\/index.php\/wp-json\/wp\/v2\/posts\/27960\/revisions\/27969"}],"wp:featuredmedia":[{"embeddable":true,"href":"https:\/\/evertonfc.cz\/index.php\/wp-json\/wp\/v2\/media\/27967"}],"wp:attachment":[{"href":"https:\/\/evertonfc.cz\/index.php\/wp-json\/wp\/v2\/media?parent=27960"}],"wp:term":[{"taxonomy":"category","embeddable":true,"href":"https:\/\/evertonfc.cz\/index.php\/wp-json\/wp\/v2\/categories?post=27960"},{"taxonomy":"post_tag","embeddable":true,"href":"https:\/\/evertonfc.cz\/index.php\/wp-json\/wp\/v2\/tags?post=27960"}],"curies":[{"name":"wp","href":"https:\/\/api.w.org\/{rel}","templated":true}]}}