{"id":27978,"date":"2025-12-02T15:07:47","date_gmt":"2025-12-02T14:07:47","guid":{"rendered":"https:\/\/evertonfc.cz\/?p=27978"},"modified":"2025-12-02T20:19:21","modified_gmt":"2025-12-02T19:19:21","slug":"preview-bournemouth-everton-10","status":"publish","type":"post","link":"https:\/\/evertonfc.cz\/index.php\/2025\/12\/02\/preview-bournemouth-everton-10\/","title":{"rendered":"Preview: Bournemouth \u2013 Everton"},"content":{"rendered":"<h4>Aby sa spam\u00e4tali z demoralizuj\u00facej prehry 1:4, The Blues obr\u00e1tia svoju pozornos\u0165 na Bournemouth a pok\u00fasia sa vyu\u017ei\u0165 ich \u0161tvorz\u00e1pasov\u00fa s\u00e9riu bez v\u00ed\u0165azstva.<\/h4>\n<p data-start=\"659\" data-end=\"1060\">Everton mohol by\u0165 po v\u00edkende v z\u00e1vese Top 5, no namiesto toho klesol hlboko do stredu tabu\u013eky. To je realita, ale z\u00e1rove\u0148 aj pripomienka, ak\u00e1 tesn\u00e1 je liga a ak\u00fd krehk\u00fd b\u00fdva ka\u017ed\u00fd n\u00e1znak formy. Bournemouth s\u00edce nepatr\u00ed ku gigantom Premier League, no na svojom \u0161tadi\u00f3ne vedia host\u00ed poriadne zo\u017era\u0165. A pr\u00e1ve tu m\u00f4\u017eeme vidie\u0165, \u010di bola prehra v Bramley-Moore len jednorazov\u00e1 no\u010dn\u00e1 mora, alebo varovn\u00fd sign\u00e1l.<\/p>\n<p data-start=\"1062\" data-end=\"1372\">V\u0161etky o\u010di bud\u00fa smerova\u0165 na reakciu t\u00edmu: r\u00fdchlos\u0165, odvaha, agresivita. Veci, ktor\u00e9 sme v sobotu nevideli. Ak ich Everton nedonesie na Vitality Stadium, m\u00f4\u017ee sa pr\u00edbeh opakova\u0165. Ale ak sa hr\u00e1\u010di chopia pr\u00edle\u017eitosti, tento z\u00e1pas m\u00f4\u017ee by\u0165 prv\u00fd krok sp\u00e4\u0165 k pozit\u00edvnemu futbalu, ktor\u00fd sme videli v \u00favodn\u00fdch kol\u00e1ch.<\/p>\n<h4>Stav oboch t\u00edmov<\/h4>\n<p data-start=\"243\" data-end=\"588\">\u201e\u010cere\u0161ne\u201c vyhrali len dva z ostatn\u00fdch deviatich z\u00e1pasov Premier League a v poslednom dueli s nimi Sunderland oto\u010dil z 0:2 na 3:2 na Stadium of Light. Napriek mizern\u00e9mu v\u00fdsledkov\u00e9mu obdobiu s\u00fa zverenci Andoniho Iraolu doma ve\u013emi siln\u00ed: zo \u0161iestich z\u00e1pasov na Vitality Stadium vyhrali \u0161tyri a v tejto sez\u00f3ne tam v Premier League e\u0161te neprehrali. Marcos Senesi a David Brooks bud\u00fa proti Evertonu ch\u00fdba\u0165, ke\u010f\u017ee obaja si na severe Anglicka vysl\u00fa\u017eili piate \u017elt\u00e9 karty v sez\u00f3ne. Lewis Cook je takisto mimo hry, po vyl\u00fa\u010den\u00ed v nadstavenom \u010dase.<\/p>\n<p data-start=\"243\" data-end=\"588\">David Moyes na predz\u00e1pasovej tla\u010dovke potvrdil, \u017ee \u017eiadne nov\u00e9 zranenia nepribudli. \u201eThe Toffees\u201c sa aj na\u010falej musia zaob\u00eds\u0165 bez Seamusa Colemana (zadn\u00fd stehenn\u00fd sval), Merlina R\u00f6hla (hernia), Jarrada Branthwaitea (zadn\u00fd stehenn\u00fd sval) a Nathana Pattersona (chodidlo\/hernia). Idrissa Gana Gueye zost\u00e1va aj druh\u00fd z\u00e1pas suspendovan\u00fd po trojz\u00e1pasovom di\u0161tanci za \u010derven\u00fa kartu na Old Trafforde.<\/p>\n<h4 data-start=\"243\" data-end=\"588\">\u010co sa pokazilo proti Newcastlu?<\/h4>\n<p data-start=\"1232\" data-end=\"1533\">Moyes mal pred duelom na v\u00fdber z dvoch mo\u017enost\u00ed: Tim Iroegbunam alebo Charly Alcaraz. Iroegbunam si v posledn\u00fdch t\u00fd\u017ed\u0148och svoje min\u00faty vyp\u00fdtal \u2013 mal dobr\u00e9 vstupy z lavi\u010dky proti Sunderlandu a Man United, a proti Fulhamu odohral kvalitn\u00fa hodinu. Je prirodzene defenz\u00edvnej\u0161\u00ed, tak\u017ee v\u00fdber d\u00e1val zmysel.<\/p>\n<p data-start=\"1535\" data-end=\"1621\">Alcaraz je sk\u00f4r dynamick\u00fd ofenz\u00edvny hr\u00e1\u010d, vhodnej\u0161\u00ed na \u201edesiatku\u201c ne\u017e na hlb\u0161ie posty. Uk\u00e1zalo sa v\u0161ak ve\u013emi r\u00fdchlo, \u017ee Everton bez Gueyeho nem\u00f4\u017ee hra\u0165 rovnak\u00fdm sp\u00f4sobom. Newcastle opakovane prech\u00e1dzal cez stred po\u013ea a bez probl\u00e9mov dokr\u00e1\u010dal k v\u00ed\u0165azstvu 4:1. Iroegbunam sa str\u00e1cal. Bez Gueyeho sk\u00fasenost\u00ed a v\u00fdbu\u0161nej energie ved\u013ea seba bol odkryt\u00fd. Jeho pozi\u010dn\u00e1 hra bez lopty je slabina, ktor\u00fa Newcastle bez milosti vyu\u017eil.<\/p>\n<p data-start=\"1535\" data-end=\"1621\">Pri tre\u0165om g\u00f3le zlyhal, ke\u010f prehral s\u00faboj s Elangom, ktor\u00fd n\u00e1sledne prihral Woltemademu na presn\u00fd z\u00e1sah tesne pred pol\u010dasom. Alcaraz nasko\u010dil po prest\u00e1vke a priniesol viac \u017eivota. Nap\u00e1lil par\u00e1dnu strelu do brvna \u2013 no nie je to defenz\u00edvny z\u00e1lo\u017en\u00edk a James Garner nedok\u00e1zal zapl\u00e1ta\u0165 diery po jeho stran\u00e1ch.<\/p>\n<p data-start=\"1535\" data-end=\"1621\">A probl\u00e9m nebol len v strede. Michael Keane zbyto\u010dne vyletel z obrany u\u017e po pol min\u00fate hry, nechal sa oto\u010di\u0165 Woltemadom a z akcie i\u0161iel roh, z ktor\u00e9ho Malick Thiaw otvoril sk\u00f3re. Jordan Pickford pustil strelu Mileyho pred druh\u00fdm g\u00f3lom a pri \u010fal\u0161\u00edch momentoch bola defenz\u00edva Evertonu jednoducho chaotick\u00e1. Jedin\u00fdm pozit\u00edvom je, \u017ee Garner aj Iroegbunam sa vyhli \u017eltej karte, ktor\u00e1 by pre nich znamenala stopku.<\/p>\n<h4 data-start=\"1535\" data-end=\"1621\">Ako na Bournemouth?<\/h4>\n<p>Sobotn\u00e1 prehra mus\u00ed \u00eds\u0165 r\u00fdchlo bokom. Alcaraz, Iroegbunam a ostatn\u00ed fit stredopoliari musia tieto nadch\u00e1dzaj\u00face z\u00e1pasy bra\u0165 nie ako trest, ale ako pr\u00edle\u017eitos\u0165 uk\u00e1za\u0165, \u017ee si zasl\u00fa\u017eia miesto v zostave.<\/p>\n<p data-start=\"2715\" data-end=\"2903\">Moyes m\u00f4\u017ee presun\u00fa\u0165 Jakea O\u2019Briena do stredu a vytvori\u0165 troj\u010dlenn\u00fa obranu \u2013 ale kto by potom hral prav\u00e9ho wingbeka? Coleman je mimo, Patterson nie je fit a z\u00e1rove\u0148 mu Moyes ve\u013emi ned\u00f4veruje. Najpravdepodobnej\u0161ie teda je, \u017ee zostane 4-2-3-1 (alebo jeho vari\u00e1cia). Bez Gueyeho v\u0161ak mus\u00ed by\u0165 zmenen\u00e1 hra bez lopty.<\/p>\n<p data-start=\"2715\" data-end=\"2903\">Everton nem\u00f4\u017ee bezhlavo vystupova\u0165 alebo sk\u00e1ka\u0165 do s\u00fabojov. Vznik\u00e1 pr\u00edli\u0161 ve\u013ea priestorov a Bournemouth m\u00e1 r\u00fdchlos\u0165 aj silu na ich vyu\u017eitie. Iroegbunam svoju sobotn\u00fa \u0161ancu nezvl\u00e1dol, ale ak by Moyes pre\u0161iel na plochej\u0161iu trojicu v strede, s Garnerom hlb\u0161ie a KDH na druhej strane, Iroegbunam by mohol zahra\u0165 box-to-box rolu.<\/p>\n<p data-start=\"3356\" data-end=\"3552\">Ak v\u0161ak Moyes ostane pri 4-2-3-1, mus\u00ed by\u0165 odv\u00e1\u017eny. Alcaraz by mal za\u010da\u0165 na \u201edesiatke\u201c a Dewsbury-Hall a Garner musia by\u0165 kompaktn\u00ed a disciplinovan\u00ed, \u010do u\u017e uk\u00e1zali proti Man United. Alternat\u00edvne by na poz\u00edciu pod hrotom mohol \u00eds\u0165 Grealish alebo Ndiaye, s McNeilom alebo (lep\u0161ie) Diblingom na kr\u00eddle, ale to je menej pravdepodobn\u00e9 vzh\u013eadom na silu Bournemouthu v \u00fatoku.<\/p>\n<p data-start=\"3742\" data-end=\"4100\">Historicky m\u00e1 Everton na Vitality Stadium biednu bilanciu, ale minim\u00e1lne bod je teraz absol\u00fatne k\u013e\u00fa\u010dov\u00fd. Pred n\u00e1ro\u010dnou s\u00e9riou z\u00e1pasov, kde pr\u00edde Dycheov Nottingham Forest a n\u00e1sledne Chelsea a Arsenal. Gueye bude Evertonu ch\u00fdba\u0165, ale t\u00edm sa mus\u00ed nau\u010di\u0165 fungova\u0165 aj bez neho. A \u00faprimne \u2013 mala by by\u0165 z\u00e1loha Premier League tak z\u00e1visl\u00e1 od 36-ro\u010dn\u00e9ho z\u00e1lo\u017en\u00edka?<\/p>\n<h3 style=\"text-align: center;\"><span style=\"color: #3366ff;\"><strong><em>Up The Toffees !!!<\/em><\/strong><\/span><\/h3>\n<p><strong>\u010co:<\/strong> AFC Bournemouth \u2013 Everton FC, 14. kolo Premier League<br \/>\n<strong>Kedy:<\/strong> 2.12. 2025 od 20:30 SE\u010c<br \/>\n<strong>Ako:\u00a0<\/strong>CANAL+Sport 4 (komentuje Marek Sk\u00e1\u010dik)<br \/>\n<strong>Kde:<\/strong> Vitality Stadium \u2013 Kings Park, Bournemouth, BH7 7AF (kapacita: 11 307)<br \/>\n<strong>Rozhodca:<\/strong> Michael Salisbury \u00a0<strong>Asistenti:<\/strong> M. Perry, A. James<strong>\u00a0 \u0160tvrt\u00fd rozhodca:<\/strong> J. Linington<br \/>\n<strong>VAR: <\/strong>Stuart Attwell \u00a0<strong>Asistent VAR: <\/strong>Constantine Hatzidakis<\/p>\n","protected":false},"excerpt":{"rendered":"<p>Aby sa spam\u00e4tali z demoralizuj\u00facej prehry 1:4, The Blues obr\u00e1tia svoju pozornos\u0165 na Bournemouth a pok\u00fasia sa vyu\u017ei\u0165 ich \u0161tvorz\u00e1pasov\u00fa s\u00e9riu bez v\u00ed\u0165azstva.<\/p>\n","protected":false},"author":1,"featured_media":20316,"comment_status":"open","ping_status":"closed","sticky":false,"template":"","format":"standard","meta":{"_eb_attr":"","_monsterinsights_skip_tracking":false,"_monsterinsights_sitenote_active":false,"_monsterinsights_sitenote_note":"","_monsterinsights_sitenote_category":0,"footnotes":""},"categories":[4],"tags":[],"yoast_head":"<!-- This site is optimized with the Yoast SEO plugin v23.4 - https:\/\/yoast.com\/wordpress\/plugins\/seo\/ -->\n<title>Preview: Bournemouth \u2013 Everton - Official Czech &amp; Slovak Everton Supporters&#039; Club<\/title>\n<meta name=\"robots\" content=\"index, follow, max-snippet:-1, max-image-preview:large, max-video-preview:-1\" \/>\n<link rel=\"canonical\" href=\"https:\/\/evertonfc.cz\/index.php\/2025\/12\/02\/preview-bournemouth-everton-10\/\" \/>\n<meta property=\"og:locale\" content=\"cs_CZ\" \/>\n<meta property=\"og:type\" content=\"article\" \/>\n<meta property=\"og:title\" content=\"Preview: Bournemouth \u2013 Everton - Official Czech &amp; Slovak Everton Supporters&#039; Club\" \/>\n<meta property=\"og:description\" content=\"Aby sa spam\u00e4tali z demoralizuj\u00facej prehry 1:4, The Blues obr\u00e1tia svoju pozornos\u0165 na Bournemouth a pok\u00fasia sa vyu\u017ei\u0165 ich \u0161tvorz\u00e1pasov\u00fa s\u00e9riu bez v\u00ed\u0165azstva.\" \/>\n<meta property=\"og:url\" content=\"https:\/\/evertonfc.cz\/index.php\/2025\/12\/02\/preview-bournemouth-everton-10\/\" \/>\n<meta property=\"og:site_name\" content=\"Official Czech &amp; Slovak Everton Supporters&#039; Club\" \/>\n<meta property=\"article:publisher\" content=\"https:\/\/www.facebook.com\/everton.fans.cz.sk\" \/>\n<meta property=\"article:published_time\" content=\"2025-12-02T14:07:47+00:00\" \/>\n<meta property=\"article:modified_time\" content=\"2025-12-02T19:19:21+00:00\" \/>\n<meta property=\"og:image\" content=\"https:\/\/evertonfc.cz\/wp-content\/uploads\/2022\/11\/Bournemouth-VS-Everton.png\" \/>\n\t<meta property=\"og:image:width\" content=\"720\" \/>\n\t<meta property=\"og:image:height\" content=\"405\" \/>\n\t<meta property=\"og:image:type\" content=\"image\/png\" \/>\n<meta name=\"author\" content=\"BlueBlooded\" \/>\n<meta name=\"twitter:card\" content=\"summary_large_image\" \/>\n<meta name=\"twitter:label1\" content=\"Napsal(a)\" \/>\n\t<meta name=\"twitter:data1\" content=\"BlueBlooded\" \/>\n\t<meta name=\"twitter:label2\" content=\"Odhadovan\u00e1 doba \u010dten\u00ed\" \/>\n\t<meta name=\"twitter:data2\" content=\"5 minut\" \/>\n<script type=\"application\/ld+json\" class=\"yoast-schema-graph\">{\"@context\":\"https:\/\/schema.org\",\"@graph\":[{\"@type\":\"Article\",\"@id\":\"https:\/\/evertonfc.cz\/index.php\/2025\/12\/02\/preview-bournemouth-everton-10\/#article\",\"isPartOf\":{\"@id\":\"https:\/\/evertonfc.cz\/index.php\/2025\/12\/02\/preview-bournemouth-everton-10\/\"},\"author\":{\"name\":\"BlueBlooded\",\"@id\":\"https:\/\/evertonfc.cz\/#\/schema\/person\/d4493b8cbea51532597fbc4685698916\"},\"headline\":\"Preview: Bournemouth \u2013 Everton\",\"datePublished\":\"2025-12-02T14:07:47+00:00\",\"dateModified\":\"2025-12-02T19:19:21+00:00\",\"mainEntityOfPage\":{\"@id\":\"https:\/\/evertonfc.cz\/index.php\/2025\/12\/02\/preview-bournemouth-everton-10\/\"},\"wordCount\":990,\"commentCount\":0,\"publisher\":{\"@id\":\"https:\/\/evertonfc.cz\/#organization\"},\"image\":{\"@id\":\"https:\/\/evertonfc.cz\/index.php\/2025\/12\/02\/preview-bournemouth-everton-10\/#primaryimage\"},\"thumbnailUrl\":\"https:\/\/evertonfc.cz\/wp-content\/uploads\/2022\/11\/Bournemouth-VS-Everton.png\",\"articleSection\":[\"Z\u00e1pasy\"],\"inLanguage\":\"cs\",\"potentialAction\":[{\"@type\":\"CommentAction\",\"name\":\"Comment\",\"target\":[\"https:\/\/evertonfc.cz\/index.php\/2025\/12\/02\/preview-bournemouth-everton-10\/#respond\"]}]},{\"@type\":\"WebPage\",\"@id\":\"https:\/\/evertonfc.cz\/index.php\/2025\/12\/02\/preview-bournemouth-everton-10\/\",\"url\":\"https:\/\/evertonfc.cz\/index.php\/2025\/12\/02\/preview-bournemouth-everton-10\/\",\"name\":\"Preview: Bournemouth \u2013 Everton - Official Czech &amp; Slovak Everton Supporters&#039; Club\",\"isPartOf\":{\"@id\":\"https:\/\/evertonfc.cz\/#website\"},\"primaryImageOfPage\":{\"@id\":\"https:\/\/evertonfc.cz\/index.php\/2025\/12\/02\/preview-bournemouth-everton-10\/#primaryimage\"},\"image\":{\"@id\":\"https:\/\/evertonfc.cz\/index.php\/2025\/12\/02\/preview-bournemouth-everton-10\/#primaryimage\"},\"thumbnailUrl\":\"https:\/\/evertonfc.cz\/wp-content\/uploads\/2022\/11\/Bournemouth-VS-Everton.png\",\"datePublished\":\"2025-12-02T14:07:47+00:00\",\"dateModified\":\"2025-12-02T19:19:21+00:00\",\"breadcrumb\":{\"@id\":\"https:\/\/evertonfc.cz\/index.php\/2025\/12\/02\/preview-bournemouth-everton-10\/#breadcrumb\"},\"inLanguage\":\"cs\",\"potentialAction\":[{\"@type\":\"ReadAction\",\"target\":[\"https:\/\/evertonfc.cz\/index.php\/2025\/12\/02\/preview-bournemouth-everton-10\/\"]}]},{\"@type\":\"ImageObject\",\"inLanguage\":\"cs\",\"@id\":\"https:\/\/evertonfc.cz\/index.php\/2025\/12\/02\/preview-bournemouth-everton-10\/#primaryimage\",\"url\":\"https:\/\/evertonfc.cz\/wp-content\/uploads\/2022\/11\/Bournemouth-VS-Everton.png\",\"contentUrl\":\"https:\/\/evertonfc.cz\/wp-content\/uploads\/2022\/11\/Bournemouth-VS-Everton.png\",\"width\":720,\"height\":405},{\"@type\":\"BreadcrumbList\",\"@id\":\"https:\/\/evertonfc.cz\/index.php\/2025\/12\/02\/preview-bournemouth-everton-10\/#breadcrumb\",\"itemListElement\":[{\"@type\":\"ListItem\",\"position\":1,\"name\":\"Home\",\"item\":\"https:\/\/evertonfc.cz\/\"},{\"@type\":\"ListItem\",\"position\":2,\"name\":\"Preview: Bournemouth \u2013 Everton\"}]},{\"@type\":\"WebSite\",\"@id\":\"https:\/\/evertonfc.cz\/#website\",\"url\":\"https:\/\/evertonfc.cz\/\",\"name\":\"Official Czech &amp; Slovak Everton Supporters&#039; Club\",\"description\":\"\",\"publisher\":{\"@id\":\"https:\/\/evertonfc.cz\/#organization\"},\"potentialAction\":[{\"@type\":\"SearchAction\",\"target\":{\"@type\":\"EntryPoint\",\"urlTemplate\":\"https:\/\/evertonfc.cz\/?s={search_term_string}\"},\"query-input\":{\"@type\":\"PropertyValueSpecification\",\"valueRequired\":true,\"valueName\":\"search_term_string\"}}],\"inLanguage\":\"cs\"},{\"@type\":\"Organization\",\"@id\":\"https:\/\/evertonfc.cz\/#organization\",\"name\":\"Official Czech & Slovak Everton Supporters' Club\",\"url\":\"https:\/\/evertonfc.cz\/\",\"logo\":{\"@type\":\"ImageObject\",\"inLanguage\":\"cs\",\"@id\":\"https:\/\/evertonfc.cz\/#\/schema\/logo\/image\/\",\"url\":\"https:\/\/evertonfc.cz\/wp-content\/uploads\/2019\/05\/logo.png\",\"contentUrl\":\"https:\/\/evertonfc.cz\/wp-content\/uploads\/2019\/05\/logo.png\",\"width\":112,\"height\":112,\"caption\":\"Official Czech & Slovak Everton Supporters' Club\"},\"image\":{\"@id\":\"https:\/\/evertonfc.cz\/#\/schema\/logo\/image\/\"},\"sameAs\":[\"https:\/\/www.facebook.com\/everton.fans.cz.sk\"]},{\"@type\":\"Person\",\"@id\":\"https:\/\/evertonfc.cz\/#\/schema\/person\/d4493b8cbea51532597fbc4685698916\",\"name\":\"BlueBlooded\",\"url\":\"https:\/\/evertonfc.cz\/index.php\/author\/admin\/\"}]}<\/script>\n<!-- \/ Yoast SEO plugin. -->","yoast_head_json":{"title":"Preview: Bournemouth \u2013 Everton - Official Czech &amp; Slovak Everton Supporters&#039; Club","robots":{"index":"index","follow":"follow","max-snippet":"max-snippet:-1","max-image-preview":"max-image-preview:large","max-video-preview":"max-video-preview:-1"},"canonical":"https:\/\/evertonfc.cz\/index.php\/2025\/12\/02\/preview-bournemouth-everton-10\/","og_locale":"cs_CZ","og_type":"article","og_title":"Preview: Bournemouth \u2013 Everton - Official Czech &amp; Slovak Everton Supporters&#039; Club","og_description":"Aby sa spam\u00e4tali z demoralizuj\u00facej prehry 1:4, The Blues obr\u00e1tia svoju pozornos\u0165 na Bournemouth a pok\u00fasia sa vyu\u017ei\u0165 ich \u0161tvorz\u00e1pasov\u00fa s\u00e9riu bez v\u00ed\u0165azstva.","og_url":"https:\/\/evertonfc.cz\/index.php\/2025\/12\/02\/preview-bournemouth-everton-10\/","og_site_name":"Official Czech &amp; Slovak Everton Supporters&#039; Club","article_publisher":"https:\/\/www.facebook.com\/everton.fans.cz.sk","article_published_time":"2025-12-02T14:07:47+00:00","article_modified_time":"2025-12-02T19:19:21+00:00","og_image":[{"width":720,"height":405,"url":"https:\/\/evertonfc.cz\/wp-content\/uploads\/2022\/11\/Bournemouth-VS-Everton.png","type":"image\/png"}],"author":"BlueBlooded","twitter_card":"summary_large_image","twitter_misc":{"Napsal(a)":"BlueBlooded","Odhadovan\u00e1 doba \u010dten\u00ed":"5 minut"},"schema":{"@context":"https:\/\/schema.org","@graph":[{"@type":"Article","@id":"https:\/\/evertonfc.cz\/index.php\/2025\/12\/02\/preview-bournemouth-everton-10\/#article","isPartOf":{"@id":"https:\/\/evertonfc.cz\/index.php\/2025\/12\/02\/preview-bournemouth-everton-10\/"},"author":{"name":"BlueBlooded","@id":"https:\/\/evertonfc.cz\/#\/schema\/person\/d4493b8cbea51532597fbc4685698916"},"headline":"Preview: Bournemouth \u2013 Everton","datePublished":"2025-12-02T14:07:47+00:00","dateModified":"2025-12-02T19:19:21+00:00","mainEntityOfPage":{"@id":"https:\/\/evertonfc.cz\/index.php\/2025\/12\/02\/preview-bournemouth-everton-10\/"},"wordCount":990,"commentCount":0,"publisher":{"@id":"https:\/\/evertonfc.cz\/#organization"},"image":{"@id":"https:\/\/evertonfc.cz\/index.php\/2025\/12\/02\/preview-bournemouth-everton-10\/#primaryimage"},"thumbnailUrl":"https:\/\/evertonfc.cz\/wp-content\/uploads\/2022\/11\/Bournemouth-VS-Everton.png","articleSection":["Z\u00e1pasy"],"inLanguage":"cs","potentialAction":[{"@type":"CommentAction","name":"Comment","target":["https:\/\/evertonfc.cz\/index.php\/2025\/12\/02\/preview-bournemouth-everton-10\/#respond"]}]},{"@type":"WebPage","@id":"https:\/\/evertonfc.cz\/index.php\/2025\/12\/02\/preview-bournemouth-everton-10\/","url":"https:\/\/evertonfc.cz\/index.php\/2025\/12\/02\/preview-bournemouth-everton-10\/","name":"Preview: Bournemouth \u2013 Everton - Official Czech &amp; Slovak Everton Supporters&#039; Club","isPartOf":{"@id":"https:\/\/evertonfc.cz\/#website"},"primaryImageOfPage":{"@id":"https:\/\/evertonfc.cz\/index.php\/2025\/12\/02\/preview-bournemouth-everton-10\/#primaryimage"},"image":{"@id":"https:\/\/evertonfc.cz\/index.php\/2025\/12\/02\/preview-bournemouth-everton-10\/#primaryimage"},"thumbnailUrl":"https:\/\/evertonfc.cz\/wp-content\/uploads\/2022\/11\/Bournemouth-VS-Everton.png","datePublished":"2025-12-02T14:07:47+00:00","dateModified":"2025-12-02T19:19:21+00:00","breadcrumb":{"@id":"https:\/\/evertonfc.cz\/index.php\/2025\/12\/02\/preview-bournemouth-everton-10\/#breadcrumb"},"inLanguage":"cs","potentialAction":[{"@type":"ReadAction","target":["https:\/\/evertonfc.cz\/index.php\/2025\/12\/02\/preview-bournemouth-everton-10\/"]}]},{"@type":"ImageObject","inLanguage":"cs","@id":"https:\/\/evertonfc.cz\/index.php\/2025\/12\/02\/preview-bournemouth-everton-10\/#primaryimage","url":"https:\/\/evertonfc.cz\/wp-content\/uploads\/2022\/11\/Bournemouth-VS-Everton.png","contentUrl":"https:\/\/evertonfc.cz\/wp-content\/uploads\/2022\/11\/Bournemouth-VS-Everton.png","width":720,"height":405},{"@type":"BreadcrumbList","@id":"https:\/\/evertonfc.cz\/index.php\/2025\/12\/02\/preview-bournemouth-everton-10\/#breadcrumb","itemListElement":[{"@type":"ListItem","position":1,"name":"Home","item":"https:\/\/evertonfc.cz\/"},{"@type":"ListItem","position":2,"name":"Preview: Bournemouth \u2013 Everton"}]},{"@type":"WebSite","@id":"https:\/\/evertonfc.cz\/#website","url":"https:\/\/evertonfc.cz\/","name":"Official Czech &amp; Slovak Everton Supporters&#039; Club","description":"","publisher":{"@id":"https:\/\/evertonfc.cz\/#organization"},"potentialAction":[{"@type":"SearchAction","target":{"@type":"EntryPoint","urlTemplate":"https:\/\/evertonfc.cz\/?s={search_term_string}"},"query-input":{"@type":"PropertyValueSpecification","valueRequired":true,"valueName":"search_term_string"}}],"inLanguage":"cs"},{"@type":"Organization","@id":"https:\/\/evertonfc.cz\/#organization","name":"Official Czech & Slovak Everton Supporters' Club","url":"https:\/\/evertonfc.cz\/","logo":{"@type":"ImageObject","inLanguage":"cs","@id":"https:\/\/evertonfc.cz\/#\/schema\/logo\/image\/","url":"https:\/\/evertonfc.cz\/wp-content\/uploads\/2019\/05\/logo.png","contentUrl":"https:\/\/evertonfc.cz\/wp-content\/uploads\/2019\/05\/logo.png","width":112,"height":112,"caption":"Official Czech & Slovak Everton Supporters' Club"},"image":{"@id":"https:\/\/evertonfc.cz\/#\/schema\/logo\/image\/"},"sameAs":["https:\/\/www.facebook.com\/everton.fans.cz.sk"]},{"@type":"Person","@id":"https:\/\/evertonfc.cz\/#\/schema\/person\/d4493b8cbea51532597fbc4685698916","name":"BlueBlooded","url":"https:\/\/evertonfc.cz\/index.php\/author\/admin\/"}]}},"_links":{"self":[{"href":"https:\/\/evertonfc.cz\/index.php\/wp-json\/wp\/v2\/posts\/27978"}],"collection":[{"href":"https:\/\/evertonfc.cz\/index.php\/wp-json\/wp\/v2\/posts"}],"about":[{"href":"https:\/\/evertonfc.cz\/index.php\/wp-json\/wp\/v2\/types\/post"}],"author":[{"embeddable":true,"href":"https:\/\/evertonfc.cz\/index.php\/wp-json\/wp\/v2\/users\/1"}],"replies":[{"embeddable":true,"href":"https:\/\/evertonfc.cz\/index.php\/wp-json\/wp\/v2\/comments?post=27978"}],"version-history":[{"count":4,"href":"https:\/\/evertonfc.cz\/index.php\/wp-json\/wp\/v2\/posts\/27978\/revisions"}],"predecessor-version":[{"id":27982,"href":"https:\/\/evertonfc.cz\/index.php\/wp-json\/wp\/v2\/posts\/27978\/revisions\/27982"}],"wp:featuredmedia":[{"embeddable":true,"href":"https:\/\/evertonfc.cz\/index.php\/wp-json\/wp\/v2\/media\/20316"}],"wp:attachment":[{"href":"https:\/\/evertonfc.cz\/index.php\/wp-json\/wp\/v2\/media?parent=27978"}],"wp:term":[{"taxonomy":"category","embeddable":true,"href":"https:\/\/evertonfc.cz\/index.php\/wp-json\/wp\/v2\/categories?post=27978"},{"taxonomy":"post_tag","embeddable":true,"href":"https:\/\/evertonfc.cz\/index.php\/wp-json\/wp\/v2\/tags?post=27978"}],"curies":[{"name":"wp","href":"https:\/\/api.w.org\/{rel}","templated":true}]}}