{"id":27983,"date":"2025-12-02T22:36:01","date_gmt":"2025-12-02T21:36:01","guid":{"rendered":"https:\/\/evertonfc.cz\/?p=27983"},"modified":"2025-12-02T23:09:09","modified_gmt":"2025-12-02T22:09:09","slug":"bournemouth-everton-0-1","status":"publish","type":"post","link":"https:\/\/evertonfc.cz\/index.php\/2025\/12\/02\/bournemouth-everton-0-1\/","title":{"rendered":"Bournemouth \u2013 Everton 0:1"},"content":{"rendered":"<h4 data-pm-slice=\"1 1 []\">Toffees odpov\u011bd\u011bli na v\u00edkendovou blam\u00e1\u017e nejlep\u0161\u00edm mo\u017en\u00fdm zp\u016fsobem. Fotbalovou poezii sice nechali v \u0161upl\u00edku, ale bojovn\u00fdm v\u00fdkonem urvali v\u00fdhru.<\/h4>\n<p>Everton se na jihu Anglie musel obej\u00edt bez stopera Keanea, kter\u00fd si ze sobotn\u00edho utk\u00e1n\u00ed odnesl men\u0161\u00ed \u0161r\u00e1m. Moyes proto musel zam\u00edchat sestavou. Na pozici des\u00edtky dostal p\u0159\u00edle\u017eitost Carlos Alcaraz, tak\u017ee Dewsbury-Hall se st\u00e1hl do st\u0159edu k Iroegbunamovi. Garner se p\u0159esunul na prav\u00e9ho beka a O&#8217;Brien se z t\u00e9to strany posunul do st\u0159edu obrany.<\/p>\n<p>Dom\u00e1c\u00edm chyb\u011bl p\u0159edev\u0161\u00edm kl\u00ed\u010dov\u00fd vykartovan\u00fd stoper Senesi, a v r\u00e1mci rotace nav\u00edc z\u016fstali na lavi\u010dce i stabiln\u00ed \u010dlenov\u00e9 z\u00e1kladn\u00ed sestavy Tavenier a Evanilson. \u0160anci tak dostali Milosavljevi\u0107, Kluivert a Kroupi.<\/p>\n<p data-start=\"74\" data-end=\"438\">\u00davod z\u00e1pasu p\u0159\u00edli\u0161 ladn\u00e9ho fotbalu nenab\u00eddl. Aktivn\u011bji p\u016fsobili Toffees, ale ve fin\u00e1ln\u00ed f\u00e1zi sv\u00fdch akc\u00ed byli velmi nep\u0159esn\u00ed. Prvn\u00ed komplikace pro hosty p\u0159i\u0161la po dvaceti minut\u00e1ch, kdy Tim Iroegbunam inkasoval \u017elutou kartu. Proto\u017ee \u0161lo u\u017e o jeho p\u00e1t\u00fd trest v sezon\u011b, vynech\u00e1 v\u00edkendov\u00fd dom\u00e1c\u00ed duel s Forest, co\u017e je p\u0159i u\u017e tak rozs\u00e1hl\u00e9 marodce nep\u0159\u00edjemn\u00e1 zpr\u00e1va.<\/p>\n<p data-start=\"440\" data-end=\"602\">Kr\u00e1tce nato se do prvn\u00ed velk\u00e9 p\u0159\u00edle\u017eitosti utk\u00e1n\u00ed dostala dom\u00e1c\u00ed \u00fato\u010dn\u00e1 opora Antoine Semenyo, ale jeho st\u0159elu po standardn\u00ed situaci Pickford reflexivn\u011b vyrazil. Dal\u0161\u00ed \u0161ance se urodily a\u017e v z\u00e1v\u011bru prvn\u00edho polo\u010dasu po kvalitn\u011b rozehran\u00fdch rohov\u00fdch kopech Jamese Garnera. Nejprve Alex Scott odvracel hlavou s pomoc\u00ed horn\u00ed strany b\u0159evna a vz\u00e1p\u011bt\u00ed brank\u00e1\u0159 Petrovi\u0107 vyboxoval sna\u017een\u00ed hlavi\u010dkuj\u00edc\u00edho Barryho, tentokr\u00e1t za p\u0159isp\u011bn\u00ed ty\u010de.<\/p>\n<p data-start=\"440\" data-end=\"602\">Prvn\u00ed, nep\u0159\u00edli\u0161 z\u00e1\u017eivn\u00fd polo\u010das uzav\u0159ela poveden\u00e1 akce Cherries. M\u00ed\u010d po n\u00ed sice skon\u010dil v s\u00edti, ale rozhod\u010d\u00ed g\u00f3l spr\u00e1vn\u011b neuznali kv\u016fli ofsajdu zakon\u010duj\u00edc\u00edho Kroupiho, do n\u011bho\u017e ho zbyte\u010dn\u00fdm dotykem m\u00ed\u010de vystavil Adli.<\/p>\n<p data-start=\"440\" data-end=\"602\">Everton po p\u0159est\u00e1vce zv\u00fd\u0161il intenzitu sv\u00fdch \u00fatok\u016f a brzy si vypracoval velmi nad\u011bjnou p\u0159\u00edle\u017eitost. Dewsbury-Hall, p\u0159esto\u017ee byl nedovolen\u011b dr\u017een, skv\u011ble pot\u00e1hl m\u00ed\u010d, kter\u00fd se se \u0161t\u011bst\u00edm odrazil k Barrymu. Jeho g\u00f3lov\u00fd lob v\u0161ak zne\u0161kodnil pohotov\u00fdm v\u00fdb\u011bhem Petrovi\u0107. Dom\u00e1c\u00ed mana\u017eer Iraola zareagoval nasazen\u00edm \u00fato\u010dn\u00fdch es Taveniera a Evanilsona, ze h\u0159i\u0161t\u011b naopak ode\u0161li Adli a Kroupi.<\/p>\n<p data-start=\"440\" data-end=\"602\">Everton chyb\u011bj\u00edc\u00ed kvalitu nahrazoval nasazen\u00edm a bojovnost\u00ed, co\u017e mu nakonec s pot\u0159ebn\u00fdm \u0161t\u011bst\u00edm p\u0159ineslo \u00favodn\u00ed g\u00f3l z\u00e1pasu. V 78. minut\u011b p\u0159ebral Alcaraz na p\u016flce vybojovan\u00fd m\u00ed\u010d, pot\u00e1hl ho a p\u0159ihr\u00e1l Grealishovi, kter\u00fd st\u0159elou zpoza v\u00e1pna po te\u010di Diakit\u00e9ho rozvlnil s\u00ed\u0165 \u2013 <strong>0:1<\/strong>. O chv\u00edli pozd\u011bji mohlo b\u00fdt je\u0161t\u011b veseleji, Ndiayeho r\u00e1nu ale Petrovi\u0107 zne\u0161kodnil.<\/p>\n<p data-start=\"440\" data-end=\"602\">Toffees to ale ve v\u00fdsledku nevadilo, z\u00e1v\u011br z\u00e1pasu si zku\u0161en\u011b pohl\u00eddali a slav\u00ed t\u0159i body. Na Vitality Stadium se dokonce do\u010dkali v\u00fdhry a\u017e na sv\u016fj dev\u00e1t\u00fd pokus.<\/p>\n<p><strong>Branka:<\/strong> 78. Grealish<\/p>\n<p><strong>\u017dK:<\/strong> 45. Kluivert, 53. Adams, 88. Unal &#8211; 22. Iroegbunam, 49. Mykolenko, 79. Alcaraz<\/p>\n<p><strong>Bournemouth:<\/strong> Petrovi\u0107 \u2013 Smith, Diakit\u00e9, Milosavljevi\u0107, Truffert \u2013 Adams, Scott, Scott (80. Unal) \u2013 Semenyo, Kluivert (70. Soler), Adli (60. Adli) \u2013 Kroupi (60. Evanilson)<\/p>\n<p><strong>Everton:<\/strong> Pickford \u2013 Garner, Tarkowski O\u2019Brien, Mykolenko \u2013 Iroegbunam, Dewsbury\u2011Hall \u2013 Ndiaye, Alcaraz (80. McNeil), Grealish \u2013 Barry (80. Beto)<\/p>\n<p><strong>Rozhod\u010d\u00ed:<\/strong> Michael Salisbury\u00a0\u00a0<strong>Div\u00e1ci:<\/strong> 11\u202f161\u00a0\u00a0<strong>Mu\u017e z\u00e1pasu redakce:<\/strong> Jake O&#8217;Brien<\/p>\n","protected":false},"excerpt":{"rendered":"<p>Toffees odpov\u011bd\u011bli na v\u00edkendovou blam\u00e1\u017e nejlep\u0161\u00edm mo\u017en\u00fdm zp\u016fsobem. Fotbalovou poezii sice nechali v \u0161upl\u00edku, ale bojovn\u00fdm v\u00fdkonem urvali v\u00fdhru.<\/p>\n","protected":false},"author":6,"featured_media":27992,"comment_status":"open","ping_status":"closed","sticky":false,"template":"","format":"standard","meta":{"_eb_attr":"","_monsterinsights_skip_tracking":false,"_monsterinsights_sitenote_active":false,"_monsterinsights_sitenote_note":"","_monsterinsights_sitenote_category":0,"footnotes":""},"categories":[4],"tags":[],"yoast_head":"<!-- This site is optimized with the Yoast SEO plugin v23.4 - https:\/\/yoast.com\/wordpress\/plugins\/seo\/ -->\n<title>Bournemouth \u2013 Everton 0:1 - Official Czech &amp; Slovak Everton Supporters&#039; Club<\/title>\n<meta name=\"description\" content=\"Toffees odpov\u011bd\u011bli na v\u00edkendovou blam\u00e1\u017e nejlep\u0161\u00edm mo\u017en\u00fdm zp\u016fsobem. Fotbalovou poezii sice nechali v \u0161upl\u00edku, ale bojovn\u00fdm v\u00fdkonem urvali v\u00fdhru.\" \/>\n<meta name=\"robots\" content=\"index, follow, max-snippet:-1, max-image-preview:large, max-video-preview:-1\" \/>\n<link rel=\"canonical\" href=\"https:\/\/evertonfc.cz\/index.php\/2025\/12\/02\/bournemouth-everton-0-1\/\" \/>\n<meta property=\"og:locale\" content=\"cs_CZ\" \/>\n<meta property=\"og:type\" content=\"article\" \/>\n<meta property=\"og:title\" content=\"Bournemouth \u2013 Everton 0:1 - Official Czech &amp; Slovak Everton Supporters&#039; Club\" \/>\n<meta property=\"og:description\" content=\"Toffees odpov\u011bd\u011bli na v\u00edkendovou blam\u00e1\u017e nejlep\u0161\u00edm mo\u017en\u00fdm zp\u016fsobem. Fotbalovou poezii sice nechali v \u0161upl\u00edku, ale bojovn\u00fdm v\u00fdkonem urvali v\u00fdhru.\" \/>\n<meta property=\"og:url\" content=\"https:\/\/evertonfc.cz\/index.php\/2025\/12\/02\/bournemouth-everton-0-1\/\" \/>\n<meta property=\"og:site_name\" content=\"Official Czech &amp; Slovak Everton Supporters&#039; Club\" \/>\n<meta property=\"article:publisher\" content=\"https:\/\/www.facebook.com\/everton.fans.cz.sk\" \/>\n<meta property=\"article:published_time\" content=\"2025-12-02T21:36:01+00:00\" \/>\n<meta property=\"article:modified_time\" content=\"2025-12-02T22:09:09+00:00\" \/>\n<meta property=\"og:image\" content=\"https:\/\/evertonfc.cz\/wp-content\/uploads\/2025\/12\/grealish_2_12_2025.jpg\" \/>\n\t<meta property=\"og:image:width\" content=\"720\" \/>\n\t<meta property=\"og:image:height\" content=\"405\" \/>\n\t<meta property=\"og:image:type\" content=\"image\/jpeg\" \/>\n<meta name=\"author\" content=\"Ri\u010di\" \/>\n<meta name=\"twitter:card\" content=\"summary_large_image\" \/>\n<meta name=\"twitter:creator\" content=\"@rbrejsa\" \/>\n<meta name=\"twitter:label1\" content=\"Napsal(a)\" \/>\n\t<meta name=\"twitter:data1\" content=\"Ri\u010di\" \/>\n\t<meta name=\"twitter:label2\" content=\"Odhadovan\u00e1 doba \u010dten\u00ed\" \/>\n\t<meta name=\"twitter:data2\" content=\"3 minuty\" \/>\n<script type=\"application\/ld+json\" class=\"yoast-schema-graph\">{\"@context\":\"https:\/\/schema.org\",\"@graph\":[{\"@type\":\"Article\",\"@id\":\"https:\/\/evertonfc.cz\/index.php\/2025\/12\/02\/bournemouth-everton-0-1\/#article\",\"isPartOf\":{\"@id\":\"https:\/\/evertonfc.cz\/index.php\/2025\/12\/02\/bournemouth-everton-0-1\/\"},\"author\":{\"name\":\"Ri\u010di\",\"@id\":\"https:\/\/evertonfc.cz\/#\/schema\/person\/f7a5daedb2ffee98480bc70e191aaef1\"},\"headline\":\"Bournemouth \u2013 Everton 0:1\",\"datePublished\":\"2025-12-02T21:36:01+00:00\",\"dateModified\":\"2025-12-02T22:09:09+00:00\",\"mainEntityOfPage\":{\"@id\":\"https:\/\/evertonfc.cz\/index.php\/2025\/12\/02\/bournemouth-everton-0-1\/\"},\"wordCount\":602,\"commentCount\":14,\"publisher\":{\"@id\":\"https:\/\/evertonfc.cz\/#organization\"},\"image\":{\"@id\":\"https:\/\/evertonfc.cz\/index.php\/2025\/12\/02\/bournemouth-everton-0-1\/#primaryimage\"},\"thumbnailUrl\":\"https:\/\/evertonfc.cz\/wp-content\/uploads\/2025\/12\/grealish_2_12_2025.jpg\",\"articleSection\":[\"Z\u00e1pasy\"],\"inLanguage\":\"cs\",\"potentialAction\":[{\"@type\":\"CommentAction\",\"name\":\"Comment\",\"target\":[\"https:\/\/evertonfc.cz\/index.php\/2025\/12\/02\/bournemouth-everton-0-1\/#respond\"]}]},{\"@type\":\"WebPage\",\"@id\":\"https:\/\/evertonfc.cz\/index.php\/2025\/12\/02\/bournemouth-everton-0-1\/\",\"url\":\"https:\/\/evertonfc.cz\/index.php\/2025\/12\/02\/bournemouth-everton-0-1\/\",\"name\":\"Bournemouth \u2013 Everton 0:1 - Official Czech &amp; Slovak Everton Supporters&#039; Club\",\"isPartOf\":{\"@id\":\"https:\/\/evertonfc.cz\/#website\"},\"primaryImageOfPage\":{\"@id\":\"https:\/\/evertonfc.cz\/index.php\/2025\/12\/02\/bournemouth-everton-0-1\/#primaryimage\"},\"image\":{\"@id\":\"https:\/\/evertonfc.cz\/index.php\/2025\/12\/02\/bournemouth-everton-0-1\/#primaryimage\"},\"thumbnailUrl\":\"https:\/\/evertonfc.cz\/wp-content\/uploads\/2025\/12\/grealish_2_12_2025.jpg\",\"datePublished\":\"2025-12-02T21:36:01+00:00\",\"dateModified\":\"2025-12-02T22:09:09+00:00\",\"description\":\"Toffees odpov\u011bd\u011bli na v\u00edkendovou blam\u00e1\u017e nejlep\u0161\u00edm mo\u017en\u00fdm zp\u016fsobem. Fotbalovou poezii sice nechali v \u0161upl\u00edku, ale bojovn\u00fdm v\u00fdkonem urvali v\u00fdhru.\",\"breadcrumb\":{\"@id\":\"https:\/\/evertonfc.cz\/index.php\/2025\/12\/02\/bournemouth-everton-0-1\/#breadcrumb\"},\"inLanguage\":\"cs\",\"potentialAction\":[{\"@type\":\"ReadAction\",\"target\":[\"https:\/\/evertonfc.cz\/index.php\/2025\/12\/02\/bournemouth-everton-0-1\/\"]}]},{\"@type\":\"ImageObject\",\"inLanguage\":\"cs\",\"@id\":\"https:\/\/evertonfc.cz\/index.php\/2025\/12\/02\/bournemouth-everton-0-1\/#primaryimage\",\"url\":\"https:\/\/evertonfc.cz\/wp-content\/uploads\/2025\/12\/grealish_2_12_2025.jpg\",\"contentUrl\":\"https:\/\/evertonfc.cz\/wp-content\/uploads\/2025\/12\/grealish_2_12_2025.jpg\",\"width\":720,\"height\":405},{\"@type\":\"BreadcrumbList\",\"@id\":\"https:\/\/evertonfc.cz\/index.php\/2025\/12\/02\/bournemouth-everton-0-1\/#breadcrumb\",\"itemListElement\":[{\"@type\":\"ListItem\",\"position\":1,\"name\":\"Home\",\"item\":\"https:\/\/evertonfc.cz\/\"},{\"@type\":\"ListItem\",\"position\":2,\"name\":\"Bournemouth \u2013 Everton 0:1\"}]},{\"@type\":\"WebSite\",\"@id\":\"https:\/\/evertonfc.cz\/#website\",\"url\":\"https:\/\/evertonfc.cz\/\",\"name\":\"Official Czech &amp; Slovak Everton Supporters&#039; Club\",\"description\":\"\",\"publisher\":{\"@id\":\"https:\/\/evertonfc.cz\/#organization\"},\"potentialAction\":[{\"@type\":\"SearchAction\",\"target\":{\"@type\":\"EntryPoint\",\"urlTemplate\":\"https:\/\/evertonfc.cz\/?s={search_term_string}\"},\"query-input\":{\"@type\":\"PropertyValueSpecification\",\"valueRequired\":true,\"valueName\":\"search_term_string\"}}],\"inLanguage\":\"cs\"},{\"@type\":\"Organization\",\"@id\":\"https:\/\/evertonfc.cz\/#organization\",\"name\":\"Official Czech & Slovak Everton Supporters' Club\",\"url\":\"https:\/\/evertonfc.cz\/\",\"logo\":{\"@type\":\"ImageObject\",\"inLanguage\":\"cs\",\"@id\":\"https:\/\/evertonfc.cz\/#\/schema\/logo\/image\/\",\"url\":\"https:\/\/evertonfc.cz\/wp-content\/uploads\/2019\/05\/logo.png\",\"contentUrl\":\"https:\/\/evertonfc.cz\/wp-content\/uploads\/2019\/05\/logo.png\",\"width\":112,\"height\":112,\"caption\":\"Official Czech & Slovak Everton Supporters' Club\"},\"image\":{\"@id\":\"https:\/\/evertonfc.cz\/#\/schema\/logo\/image\/\"},\"sameAs\":[\"https:\/\/www.facebook.com\/everton.fans.cz.sk\"]},{\"@type\":\"Person\",\"@id\":\"https:\/\/evertonfc.cz\/#\/schema\/person\/f7a5daedb2ffee98480bc70e191aaef1\",\"name\":\"Ri\u010di\",\"sameAs\":[\"https:\/\/x.com\/rbrejsa\"],\"url\":\"https:\/\/evertonfc.cz\/index.php\/author\/rici\/\"}]}<\/script>\n<!-- \/ Yoast SEO plugin. -->","yoast_head_json":{"title":"Bournemouth \u2013 Everton 0:1 - Official Czech &amp; Slovak Everton Supporters&#039; Club","description":"Toffees odpov\u011bd\u011bli na v\u00edkendovou blam\u00e1\u017e nejlep\u0161\u00edm mo\u017en\u00fdm zp\u016fsobem. Fotbalovou poezii sice nechali v \u0161upl\u00edku, ale bojovn\u00fdm v\u00fdkonem urvali v\u00fdhru.","robots":{"index":"index","follow":"follow","max-snippet":"max-snippet:-1","max-image-preview":"max-image-preview:large","max-video-preview":"max-video-preview:-1"},"canonical":"https:\/\/evertonfc.cz\/index.php\/2025\/12\/02\/bournemouth-everton-0-1\/","og_locale":"cs_CZ","og_type":"article","og_title":"Bournemouth \u2013 Everton 0:1 - Official Czech &amp; Slovak Everton Supporters&#039; Club","og_description":"Toffees odpov\u011bd\u011bli na v\u00edkendovou blam\u00e1\u017e nejlep\u0161\u00edm mo\u017en\u00fdm zp\u016fsobem. Fotbalovou poezii sice nechali v \u0161upl\u00edku, ale bojovn\u00fdm v\u00fdkonem urvali v\u00fdhru.","og_url":"https:\/\/evertonfc.cz\/index.php\/2025\/12\/02\/bournemouth-everton-0-1\/","og_site_name":"Official Czech &amp; Slovak Everton Supporters&#039; Club","article_publisher":"https:\/\/www.facebook.com\/everton.fans.cz.sk","article_published_time":"2025-12-02T21:36:01+00:00","article_modified_time":"2025-12-02T22:09:09+00:00","og_image":[{"width":720,"height":405,"url":"https:\/\/evertonfc.cz\/wp-content\/uploads\/2025\/12\/grealish_2_12_2025.jpg","type":"image\/jpeg"}],"author":"Ri\u010di","twitter_card":"summary_large_image","twitter_creator":"@rbrejsa","twitter_misc":{"Napsal(a)":"Ri\u010di","Odhadovan\u00e1 doba \u010dten\u00ed":"3 minuty"},"schema":{"@context":"https:\/\/schema.org","@graph":[{"@type":"Article","@id":"https:\/\/evertonfc.cz\/index.php\/2025\/12\/02\/bournemouth-everton-0-1\/#article","isPartOf":{"@id":"https:\/\/evertonfc.cz\/index.php\/2025\/12\/02\/bournemouth-everton-0-1\/"},"author":{"name":"Ri\u010di","@id":"https:\/\/evertonfc.cz\/#\/schema\/person\/f7a5daedb2ffee98480bc70e191aaef1"},"headline":"Bournemouth \u2013 Everton 0:1","datePublished":"2025-12-02T21:36:01+00:00","dateModified":"2025-12-02T22:09:09+00:00","mainEntityOfPage":{"@id":"https:\/\/evertonfc.cz\/index.php\/2025\/12\/02\/bournemouth-everton-0-1\/"},"wordCount":602,"commentCount":14,"publisher":{"@id":"https:\/\/evertonfc.cz\/#organization"},"image":{"@id":"https:\/\/evertonfc.cz\/index.php\/2025\/12\/02\/bournemouth-everton-0-1\/#primaryimage"},"thumbnailUrl":"https:\/\/evertonfc.cz\/wp-content\/uploads\/2025\/12\/grealish_2_12_2025.jpg","articleSection":["Z\u00e1pasy"],"inLanguage":"cs","potentialAction":[{"@type":"CommentAction","name":"Comment","target":["https:\/\/evertonfc.cz\/index.php\/2025\/12\/02\/bournemouth-everton-0-1\/#respond"]}]},{"@type":"WebPage","@id":"https:\/\/evertonfc.cz\/index.php\/2025\/12\/02\/bournemouth-everton-0-1\/","url":"https:\/\/evertonfc.cz\/index.php\/2025\/12\/02\/bournemouth-everton-0-1\/","name":"Bournemouth \u2013 Everton 0:1 - Official Czech &amp; Slovak Everton Supporters&#039; Club","isPartOf":{"@id":"https:\/\/evertonfc.cz\/#website"},"primaryImageOfPage":{"@id":"https:\/\/evertonfc.cz\/index.php\/2025\/12\/02\/bournemouth-everton-0-1\/#primaryimage"},"image":{"@id":"https:\/\/evertonfc.cz\/index.php\/2025\/12\/02\/bournemouth-everton-0-1\/#primaryimage"},"thumbnailUrl":"https:\/\/evertonfc.cz\/wp-content\/uploads\/2025\/12\/grealish_2_12_2025.jpg","datePublished":"2025-12-02T21:36:01+00:00","dateModified":"2025-12-02T22:09:09+00:00","description":"Toffees odpov\u011bd\u011bli na v\u00edkendovou blam\u00e1\u017e nejlep\u0161\u00edm mo\u017en\u00fdm zp\u016fsobem. Fotbalovou poezii sice nechali v \u0161upl\u00edku, ale bojovn\u00fdm v\u00fdkonem urvali v\u00fdhru.","breadcrumb":{"@id":"https:\/\/evertonfc.cz\/index.php\/2025\/12\/02\/bournemouth-everton-0-1\/#breadcrumb"},"inLanguage":"cs","potentialAction":[{"@type":"ReadAction","target":["https:\/\/evertonfc.cz\/index.php\/2025\/12\/02\/bournemouth-everton-0-1\/"]}]},{"@type":"ImageObject","inLanguage":"cs","@id":"https:\/\/evertonfc.cz\/index.php\/2025\/12\/02\/bournemouth-everton-0-1\/#primaryimage","url":"https:\/\/evertonfc.cz\/wp-content\/uploads\/2025\/12\/grealish_2_12_2025.jpg","contentUrl":"https:\/\/evertonfc.cz\/wp-content\/uploads\/2025\/12\/grealish_2_12_2025.jpg","width":720,"height":405},{"@type":"BreadcrumbList","@id":"https:\/\/evertonfc.cz\/index.php\/2025\/12\/02\/bournemouth-everton-0-1\/#breadcrumb","itemListElement":[{"@type":"ListItem","position":1,"name":"Home","item":"https:\/\/evertonfc.cz\/"},{"@type":"ListItem","position":2,"name":"Bournemouth \u2013 Everton 0:1"}]},{"@type":"WebSite","@id":"https:\/\/evertonfc.cz\/#website","url":"https:\/\/evertonfc.cz\/","name":"Official Czech &amp; Slovak Everton Supporters&#039; Club","description":"","publisher":{"@id":"https:\/\/evertonfc.cz\/#organization"},"potentialAction":[{"@type":"SearchAction","target":{"@type":"EntryPoint","urlTemplate":"https:\/\/evertonfc.cz\/?s={search_term_string}"},"query-input":{"@type":"PropertyValueSpecification","valueRequired":true,"valueName":"search_term_string"}}],"inLanguage":"cs"},{"@type":"Organization","@id":"https:\/\/evertonfc.cz\/#organization","name":"Official Czech & Slovak Everton Supporters' Club","url":"https:\/\/evertonfc.cz\/","logo":{"@type":"ImageObject","inLanguage":"cs","@id":"https:\/\/evertonfc.cz\/#\/schema\/logo\/image\/","url":"https:\/\/evertonfc.cz\/wp-content\/uploads\/2019\/05\/logo.png","contentUrl":"https:\/\/evertonfc.cz\/wp-content\/uploads\/2019\/05\/logo.png","width":112,"height":112,"caption":"Official Czech & Slovak Everton Supporters' Club"},"image":{"@id":"https:\/\/evertonfc.cz\/#\/schema\/logo\/image\/"},"sameAs":["https:\/\/www.facebook.com\/everton.fans.cz.sk"]},{"@type":"Person","@id":"https:\/\/evertonfc.cz\/#\/schema\/person\/f7a5daedb2ffee98480bc70e191aaef1","name":"Ri\u010di","sameAs":["https:\/\/x.com\/rbrejsa"],"url":"https:\/\/evertonfc.cz\/index.php\/author\/rici\/"}]}},"_links":{"self":[{"href":"https:\/\/evertonfc.cz\/index.php\/wp-json\/wp\/v2\/posts\/27983"}],"collection":[{"href":"https:\/\/evertonfc.cz\/index.php\/wp-json\/wp\/v2\/posts"}],"about":[{"href":"https:\/\/evertonfc.cz\/index.php\/wp-json\/wp\/v2\/types\/post"}],"author":[{"embeddable":true,"href":"https:\/\/evertonfc.cz\/index.php\/wp-json\/wp\/v2\/users\/6"}],"replies":[{"embeddable":true,"href":"https:\/\/evertonfc.cz\/index.php\/wp-json\/wp\/v2\/comments?post=27983"}],"version-history":[{"count":16,"href":"https:\/\/evertonfc.cz\/index.php\/wp-json\/wp\/v2\/posts\/27983\/revisions"}],"predecessor-version":[{"id":28002,"href":"https:\/\/evertonfc.cz\/index.php\/wp-json\/wp\/v2\/posts\/27983\/revisions\/28002"}],"wp:featuredmedia":[{"embeddable":true,"href":"https:\/\/evertonfc.cz\/index.php\/wp-json\/wp\/v2\/media\/27992"}],"wp:attachment":[{"href":"https:\/\/evertonfc.cz\/index.php\/wp-json\/wp\/v2\/media?parent=27983"}],"wp:term":[{"taxonomy":"category","embeddable":true,"href":"https:\/\/evertonfc.cz\/index.php\/wp-json\/wp\/v2\/categories?post=27983"},{"taxonomy":"post_tag","embeddable":true,"href":"https:\/\/evertonfc.cz\/index.php\/wp-json\/wp\/v2\/tags?post=27983"}],"curies":[{"name":"wp","href":"https:\/\/api.w.org\/{rel}","templated":true}]}}