{"id":28030,"date":"2025-12-13T09:48:02","date_gmt":"2025-12-13T08:48:02","guid":{"rendered":"https:\/\/evertonfc.cz\/?p=28030"},"modified":"2025-12-15T13:10:52","modified_gmt":"2025-12-15T12:10:52","slug":"chelsea-w-everton-w-01","status":"publish","type":"post","link":"https:\/\/evertonfc.cz\/index.php\/2025\/12\/13\/chelsea-w-everton-w-01\/","title":{"rendered":"Chelsea W &#8211; Everton W 0:1"},"content":{"rendered":"<h4>Evertonu se poda\u0159ilo t\u00e9m\u011b\u0159 neuv\u011b\u0159iteln\u00e9, kdy\u017e g\u00f3lem Hayashi ukon\u010dil 34 utk\u00e1n\u00ed a 585 dn\u00ed trvaj\u00edc\u00ed neporazitelnost Chelsea.<\/h4>\n<p>M\u011bl to b\u00fdt rutinn\u00ed v\u00fdprask t\u00fdmu na chvostu a pro Chelsea v\u00edtan\u00e9 t\u0159i body v honb\u011b za \u010delem tabulky. Nu\u017ee tedy: nebyl. Dok\u00e1zali jsme ji\u017e po n\u011bkolik\u00e1t\u00e9, \u017ee v utk\u00e1n\u00edch, kter\u00e1 bychom dle pap\u00edrov\u00fdch p\u0159edpoklad\u016f m\u011bli hladce prohr\u00e1t, um\u00edme soupe\u0159e t\u011b\u017ece potr\u00e1pit. A\u00a0 tentokr\u00e1t n\u00e1m to vy\u0161lo vynikaj\u00edc\u00edm zp\u016fsobem. Od z\u00e1pasu s Newcastlem z\u016fstala na\u0161e sestava nezm\u011bn\u011bn\u00e1. Chelsea nastoupila v brance s Peng nam\u00edsto jedni\u010dky Hampton, nicm\u00e9n\u011b jej\u00ed z\u00e1pasov\u00e1 soupiska byla i tak nabita hv\u011bzdami nejen anglick\u00e9 reprezentace. P\u0159ed z\u00e1pasem by si na na\u0161e v\u00edt\u011bzstv\u00ed vsadil asi jen patologick\u00fd optimista.<\/p>\n<h4>Prvn\u00ed polo\u010das<\/h4>\n<p>za\u010dal dle o\u010dek\u00e1v\u00e1n\u00ed n\u00e1porem dom\u00e1c\u00edch a u\u017e v \u0161est\u00e9 minut\u011b n\u00e1s zachr\u00e1nila pevn\u00e1 leva\u010dka Brosnan a \u017eer\u010f jej\u00ed branky, do kter\u00e9 vyrazila st\u0159elu Mac\u00e1rio. Tlak dom\u00e1c\u00edch nepolevoval. Na\u0161e obran\u00e1 \u010dtve\u0159ice ale odv\u00e1d\u011bla v\u00fdbornou pr\u00e1ci, tak\u017ee jen minimum st\u0159el m\u00ed\u0159ilo do prostoru mezi ty\u010demi. Ve 12. minut\u011b jsme se po ose Mace-Momiki dostali do p\u0159ekvapiv\u00e9ho proti\u00fatoku. Payne zprava naserv\u00edrovala m\u00ed\u010d p\u0159ed branku nab\u00edhaj\u00edc\u00ed Gago, kter\u00e1 na n\u011bj ale \u00fa\u010dinn\u011b nedos\u00e1hla. Na vzd\u00e1len\u011bj\u0161\u00ed ty\u010d nab\u00edhaj\u00edc\u00ed Hayashi ov\u0161em ano a nekompromisn\u00ed st\u0159elou se postarala o na\u0161e senza\u010dn\u00ed veden\u00ed &#8211; <strong>0:1<\/strong>. G\u00f3l obraz hry obvykle zm\u011bn\u00ed a nejinak tomu bylo i tentokr\u00e1t.<\/p>\n<p>Dom\u00e1c\u00ed za\u010daly rozt\u00e1\u010det koloto\u010d akc\u00ed, kter\u00e9 ale troskotaly na na\u0161\u00ed ob\u011btav\u00e9 obran\u011b. S ub\u00edhaj\u00edc\u00edm \u010dasem za\u010daly hr\u00e1\u010dky Chelsea podl\u00e9hat nervozit\u011b a frustraci. I tak n\u00e1s Brosnan musela n\u011bkolikr\u00e1t zachra\u0148ovat. Zejm\u00e9na st\u0159ely Baltimore a Thompson byly nebezpe\u010dn\u011b jedovat\u00e9. Ale sk\u00f3re se nezm\u011bnilo ani po p\u011btiminutov\u00e9m prodlou\u017een\u00ed a do kabin jsme mohli vyrazit s hlavou vzty\u010denou a s jednog\u00f3lov\u00fdm n\u00e1skokem.<\/p>\n<h4>Druh\u00fd polo\u010das<\/h4>\n<p>Sonia Bompastor na lavi\u010dce Chelsea byla rozhodnuta b\u011bh v\u011bc\u00ed obr\u00e1tit ve prosp\u011bch dom\u00e1c\u00edch a vyst\u0159\u00eddala do t\u00e9 doby nev\u00fdraznou James za Kerr a postupn\u011b p\u0159ivedla do hry dal\u0161\u00ed \u010derstv\u00e9 s\u00edly. Nebylo to ov\u0161em nic platn\u00e9. Na\u0161e hra se zm\u011bnila v \u010dist\u011b obrannou a ta byla velmi efektivn\u00ed. Zejm\u00e9na Mace a Fern\u00e1ndez p\u0159edv\u00e1d\u011bly v\u00fdborn\u00e9 z\u00e1kroky, p\u0159i\u010dem\u017e druh\u00e1 jmenovan\u00e1 vykop\u00e1vala m\u00ed\u010d z brankov\u00e9 \u010d\u00e1ry\u00a0 po st\u0159ele Kerr. V p\u011btiminutov\u00e9m prodlou\u017een\u00ed kdy u\u017e snad ka\u017ed\u00fd Evertonian silou v\u016fle tla\u010dil ru\u010di\u010dky hodinek dop\u0159edu vytla\u010dila Brosnan silou sv\u00fdch pa\u017e\u00ed p\u0159\u00edm\u00e1k Baltimore mimo br\u00e1nu a t\u00edm n\u00e1m pojistila neo\u010dek\u00e1van\u00ed v\u00edt\u011bzstv\u00ed.<\/p>\n<h4>Shrnut\u00ed<\/h4>\n<p>Druh\u00e9 leto\u0161n\u00ed v\u00edt\u011bzstv\u00ed pro na\u0161e barvy a prvn\u00ed \u010dist\u00e9 konto. Nav\u00edc po v\u00fdborn\u00e9m a ob\u011btav\u00e9m v\u00fdkonu. P\u0159ekvapiv\u00e9 body uloupen\u00e9 favoritovi sout\u011b\u017ee n\u00e1m p\u0159ijdou velmi vhod. Te\u010f je\u0161t\u011b dok\u00e1zat z\u00edskat body se soupe\u0159i na\u0161\u00ed v\u00e1hov\u00e9 kategorie a o svoji budoucnost ve WSL se nemus\u00edme ob\u00e1vat. N\u00e1sleduj\u00edc\u00ed (p\u0159esn\u011bji dne\u0161n\u00ed &#8211; ps\u00e1no v sobotu 13.12.) z\u00e1pas s Arsenalem m\u016f\u017ee dopadnout i prob\u00edhat v\u0161elijak.\u00a0 Ale tento ma\u010d s Chelsea nejen vejde mezi legend\u00e1rn\u00ed, ale vyk\u0159esal v n\u00e1s nad\u011bji, \u017ee i proti siln\u00fdm soupe\u0159\u016fm se d\u00e1 ledacos uhr\u00e1t. Tak tedy <strong><span style=\"color: #0000ff;\">COYBG!<\/span><\/strong><\/p>\n<p style=\"text-align: right;\"><span style=\"font-size: 8pt;\"><em>Fotografie: Hanako Hayashi (zdroj: Getty Images)<\/em><\/span><\/p>\n<p><strong>G\u00f3ly:<\/strong> Hayashi (12\u00b4)\u00a0 \u00a0<strong>\u017dK:<\/strong> Ishikawa, Hobson<\/p>\n<p><strong>Chelsea (4-1-4-1):<\/strong> Peng; Carpenter<span class=\"visually-hidden ssrcss-1f39n02-VisuallyHidden e16en2lz0\">, Bronze, <\/span><span class=\"visually-hidden ssrcss-1f39n02-VisuallyHidden e16en2lz0\">Girma, <\/span><span aria-hidden=\"true\">Baltimore; Walsh; <\/span>Alyssa Thompson<span class=\"visually-hidden ssrcss-1f39n02-VisuallyHidden e16en2lz0\">, Mac\u00e1rio (N\u00fcsken 55&#8242;), <\/span><span class=\"visually-hidden ssrcss-1f39n02-VisuallyHidden e16en2lz0\">Hamano (Kaptein 75&#8242;), <\/span><span class=\"visually-hidden ssrcss-1f39n02-VisuallyHidden e16en2lz0\">James (Kerr 55&#8242;); Beever-Jones (Rytting Kaneryd 65&#8242;)<\/span><\/p>\n<p><strong>Everton (4-4-2): <\/strong>Brosnan; Ishikawa<span class=\"visually-hidden ssrcss-1f39n02-VisuallyHidden e16en2lz0\">, Mace, F<\/span><span class=\"visually-hidden ssrcss-1f39n02-VisuallyHidden e16en2lz0\">ern\u00e1ndez, <\/span>Kitagawa (Hobson 84&#8242;); Payne (Robinson 67&#8242;)<span class=\"visually-hidden ssrcss-1f39n02-VisuallyHidden e16en2lz0\">, Wheeler (Holmgaard 56&#8242;), V<\/span><span class=\"visually-hidden ssrcss-1f39n02-VisuallyHidden e16en2lz0\">ignola (van Gool 67&#8242;), <\/span><span aria-hidden=\"true\">Hayashi; Momiki (Snoeijs 67&#8242;), Gago<\/span><\/p>\n<p><strong>Rozhod\u010d\u00ed:<\/strong> Emily Heaslip<\/p>\n<p><iframe loading=\"lazy\" title=\"FULL MATCH: Chelsea v Everton | Barclays WSL 25\/26\" width=\"1140\" height=\"641\" src=\"https:\/\/www.youtube.com\/embed\/286pj0K179E?feature=oembed\" frameborder=\"0\" allow=\"accelerometer; autoplay; clipboard-write; encrypted-media; gyroscope; picture-in-picture; web-share\" referrerpolicy=\"strict-origin-when-cross-origin\" allowfullscreen><\/iframe><\/p>\n<p style=\"text-align: right;\">\n","protected":false},"excerpt":{"rendered":"<p>Evertonu se poda\u0159ilo t\u00e9m\u011b\u0159 neuv\u011b\u0159iteln\u00e9, kdy\u017e g\u00f3lem Hayashi ukon\u010dil 34 utk\u00e1n\u00ed a 585 dn\u00ed trvaj\u00edc\u00ed neporazitelnost Chelsea.\u00a0<\/p>\n","protected":false},"author":26,"featured_media":28039,"comment_status":"open","ping_status":"closed","sticky":false,"template":"","format":"standard","meta":{"_eb_attr":"","_monsterinsights_skip_tracking":false,"_monsterinsights_sitenote_active":false,"_monsterinsights_sitenote_note":"","_monsterinsights_sitenote_category":0,"footnotes":""},"categories":[110],"tags":[],"yoast_head":"<!-- This site is optimized with the Yoast SEO plugin v23.4 - https:\/\/yoast.com\/wordpress\/plugins\/seo\/ -->\n<title>Chelsea W - Everton W 0:1 - Official Czech &amp; Slovak Everton Supporters&#039; Club<\/title>\n<meta name=\"robots\" content=\"index, follow, max-snippet:-1, max-image-preview:large, max-video-preview:-1\" \/>\n<link rel=\"canonical\" href=\"https:\/\/evertonfc.cz\/index.php\/2025\/12\/13\/chelsea-w-everton-w-01\/\" \/>\n<meta property=\"og:locale\" content=\"cs_CZ\" \/>\n<meta property=\"og:type\" content=\"article\" \/>\n<meta property=\"og:title\" content=\"Chelsea W - Everton W 0:1 - Official Czech &amp; Slovak Everton Supporters&#039; Club\" \/>\n<meta property=\"og:description\" content=\"Evertonu se poda\u0159ilo t\u00e9m\u011b\u0159 neuv\u011b\u0159iteln\u00e9, kdy\u017e g\u00f3lem Hayashi ukon\u010dil 34 utk\u00e1n\u00ed a 585 dn\u00ed trvaj\u00edc\u00ed neporazitelnost Chelsea.\u00a0\" \/>\n<meta property=\"og:url\" content=\"https:\/\/evertonfc.cz\/index.php\/2025\/12\/13\/chelsea-w-everton-w-01\/\" \/>\n<meta property=\"og:site_name\" content=\"Official Czech &amp; Slovak Everton Supporters&#039; Club\" \/>\n<meta property=\"article:publisher\" content=\"https:\/\/www.facebook.com\/everton.fans.cz.sk\" \/>\n<meta property=\"article:published_time\" content=\"2025-12-13T08:48:02+00:00\" \/>\n<meta property=\"article:modified_time\" content=\"2025-12-15T12:10:52+00:00\" \/>\n<meta property=\"og:image\" content=\"https:\/\/evertonfc.cz\/wp-content\/uploads\/2025\/12\/Hayashi-vs-Chelsea-7_12_2025-web.jpg\" \/>\n\t<meta property=\"og:image:width\" content=\"720\" \/>\n\t<meta property=\"og:image:height\" content=\"405\" \/>\n\t<meta property=\"og:image:type\" content=\"image\/jpeg\" \/>\n<meta name=\"author\" content=\"Karamela\" \/>\n<meta name=\"twitter:card\" content=\"summary_large_image\" \/>\n<meta name=\"twitter:label1\" content=\"Napsal(a)\" \/>\n\t<meta name=\"twitter:data1\" content=\"Karamela\" \/>\n\t<meta name=\"twitter:label2\" content=\"Odhadovan\u00e1 doba \u010dten\u00ed\" \/>\n\t<meta name=\"twitter:data2\" content=\"3 minuty\" \/>\n<script type=\"application\/ld+json\" class=\"yoast-schema-graph\">{\"@context\":\"https:\/\/schema.org\",\"@graph\":[{\"@type\":\"Article\",\"@id\":\"https:\/\/evertonfc.cz\/index.php\/2025\/12\/13\/chelsea-w-everton-w-01\/#article\",\"isPartOf\":{\"@id\":\"https:\/\/evertonfc.cz\/index.php\/2025\/12\/13\/chelsea-w-everton-w-01\/\"},\"author\":{\"name\":\"Karamela\",\"@id\":\"https:\/\/evertonfc.cz\/#\/schema\/person\/e9a24a80a32efa1344dd2c4e5882185c\"},\"headline\":\"Chelsea W &#8211; Everton W 0:1\",\"datePublished\":\"2025-12-13T08:48:02+00:00\",\"dateModified\":\"2025-12-15T12:10:52+00:00\",\"mainEntityOfPage\":{\"@id\":\"https:\/\/evertonfc.cz\/index.php\/2025\/12\/13\/chelsea-w-everton-w-01\/\"},\"wordCount\":731,\"commentCount\":0,\"publisher\":{\"@id\":\"https:\/\/evertonfc.cz\/#organization\"},\"image\":{\"@id\":\"https:\/\/evertonfc.cz\/index.php\/2025\/12\/13\/chelsea-w-everton-w-01\/#primaryimage\"},\"thumbnailUrl\":\"https:\/\/evertonfc.cz\/wp-content\/uploads\/2025\/12\/Hayashi-vs-Chelsea-7_12_2025-web.jpg\",\"articleSection\":[\"Everton Women\"],\"inLanguage\":\"cs\",\"potentialAction\":[{\"@type\":\"CommentAction\",\"name\":\"Comment\",\"target\":[\"https:\/\/evertonfc.cz\/index.php\/2025\/12\/13\/chelsea-w-everton-w-01\/#respond\"]}]},{\"@type\":\"WebPage\",\"@id\":\"https:\/\/evertonfc.cz\/index.php\/2025\/12\/13\/chelsea-w-everton-w-01\/\",\"url\":\"https:\/\/evertonfc.cz\/index.php\/2025\/12\/13\/chelsea-w-everton-w-01\/\",\"name\":\"Chelsea W - Everton W 0:1 - Official Czech &amp; Slovak Everton Supporters&#039; Club\",\"isPartOf\":{\"@id\":\"https:\/\/evertonfc.cz\/#website\"},\"primaryImageOfPage\":{\"@id\":\"https:\/\/evertonfc.cz\/index.php\/2025\/12\/13\/chelsea-w-everton-w-01\/#primaryimage\"},\"image\":{\"@id\":\"https:\/\/evertonfc.cz\/index.php\/2025\/12\/13\/chelsea-w-everton-w-01\/#primaryimage\"},\"thumbnailUrl\":\"https:\/\/evertonfc.cz\/wp-content\/uploads\/2025\/12\/Hayashi-vs-Chelsea-7_12_2025-web.jpg\",\"datePublished\":\"2025-12-13T08:48:02+00:00\",\"dateModified\":\"2025-12-15T12:10:52+00:00\",\"breadcrumb\":{\"@id\":\"https:\/\/evertonfc.cz\/index.php\/2025\/12\/13\/chelsea-w-everton-w-01\/#breadcrumb\"},\"inLanguage\":\"cs\",\"potentialAction\":[{\"@type\":\"ReadAction\",\"target\":[\"https:\/\/evertonfc.cz\/index.php\/2025\/12\/13\/chelsea-w-everton-w-01\/\"]}]},{\"@type\":\"ImageObject\",\"inLanguage\":\"cs\",\"@id\":\"https:\/\/evertonfc.cz\/index.php\/2025\/12\/13\/chelsea-w-everton-w-01\/#primaryimage\",\"url\":\"https:\/\/evertonfc.cz\/wp-content\/uploads\/2025\/12\/Hayashi-vs-Chelsea-7_12_2025-web.jpg\",\"contentUrl\":\"https:\/\/evertonfc.cz\/wp-content\/uploads\/2025\/12\/Hayashi-vs-Chelsea-7_12_2025-web.jpg\",\"width\":720,\"height\":405},{\"@type\":\"BreadcrumbList\",\"@id\":\"https:\/\/evertonfc.cz\/index.php\/2025\/12\/13\/chelsea-w-everton-w-01\/#breadcrumb\",\"itemListElement\":[{\"@type\":\"ListItem\",\"position\":1,\"name\":\"Home\",\"item\":\"https:\/\/evertonfc.cz\/\"},{\"@type\":\"ListItem\",\"position\":2,\"name\":\"Chelsea W &#8211; Everton W 0:1\"}]},{\"@type\":\"WebSite\",\"@id\":\"https:\/\/evertonfc.cz\/#website\",\"url\":\"https:\/\/evertonfc.cz\/\",\"name\":\"Official Czech &amp; Slovak Everton Supporters&#039; Club\",\"description\":\"\",\"publisher\":{\"@id\":\"https:\/\/evertonfc.cz\/#organization\"},\"potentialAction\":[{\"@type\":\"SearchAction\",\"target\":{\"@type\":\"EntryPoint\",\"urlTemplate\":\"https:\/\/evertonfc.cz\/?s={search_term_string}\"},\"query-input\":{\"@type\":\"PropertyValueSpecification\",\"valueRequired\":true,\"valueName\":\"search_term_string\"}}],\"inLanguage\":\"cs\"},{\"@type\":\"Organization\",\"@id\":\"https:\/\/evertonfc.cz\/#organization\",\"name\":\"Official Czech & Slovak Everton Supporters' Club\",\"url\":\"https:\/\/evertonfc.cz\/\",\"logo\":{\"@type\":\"ImageObject\",\"inLanguage\":\"cs\",\"@id\":\"https:\/\/evertonfc.cz\/#\/schema\/logo\/image\/\",\"url\":\"https:\/\/evertonfc.cz\/wp-content\/uploads\/2019\/05\/logo.png\",\"contentUrl\":\"https:\/\/evertonfc.cz\/wp-content\/uploads\/2019\/05\/logo.png\",\"width\":112,\"height\":112,\"caption\":\"Official Czech & Slovak Everton Supporters' Club\"},\"image\":{\"@id\":\"https:\/\/evertonfc.cz\/#\/schema\/logo\/image\/\"},\"sameAs\":[\"https:\/\/www.facebook.com\/everton.fans.cz.sk\"]},{\"@type\":\"Person\",\"@id\":\"https:\/\/evertonfc.cz\/#\/schema\/person\/e9a24a80a32efa1344dd2c4e5882185c\",\"name\":\"Karamela\",\"url\":\"https:\/\/evertonfc.cz\/index.php\/author\/karamela\/\"}]}<\/script>\n<!-- \/ Yoast SEO plugin. -->","yoast_head_json":{"title":"Chelsea W - Everton W 0:1 - Official Czech &amp; Slovak Everton Supporters&#039; Club","robots":{"index":"index","follow":"follow","max-snippet":"max-snippet:-1","max-image-preview":"max-image-preview:large","max-video-preview":"max-video-preview:-1"},"canonical":"https:\/\/evertonfc.cz\/index.php\/2025\/12\/13\/chelsea-w-everton-w-01\/","og_locale":"cs_CZ","og_type":"article","og_title":"Chelsea W - Everton W 0:1 - Official Czech &amp; Slovak Everton Supporters&#039; Club","og_description":"Evertonu se poda\u0159ilo t\u00e9m\u011b\u0159 neuv\u011b\u0159iteln\u00e9, kdy\u017e g\u00f3lem Hayashi ukon\u010dil 34 utk\u00e1n\u00ed a 585 dn\u00ed trvaj\u00edc\u00ed neporazitelnost Chelsea.\u00a0","og_url":"https:\/\/evertonfc.cz\/index.php\/2025\/12\/13\/chelsea-w-everton-w-01\/","og_site_name":"Official Czech &amp; Slovak Everton Supporters&#039; Club","article_publisher":"https:\/\/www.facebook.com\/everton.fans.cz.sk","article_published_time":"2025-12-13T08:48:02+00:00","article_modified_time":"2025-12-15T12:10:52+00:00","og_image":[{"width":720,"height":405,"url":"https:\/\/evertonfc.cz\/wp-content\/uploads\/2025\/12\/Hayashi-vs-Chelsea-7_12_2025-web.jpg","type":"image\/jpeg"}],"author":"Karamela","twitter_card":"summary_large_image","twitter_misc":{"Napsal(a)":"Karamela","Odhadovan\u00e1 doba \u010dten\u00ed":"3 minuty"},"schema":{"@context":"https:\/\/schema.org","@graph":[{"@type":"Article","@id":"https:\/\/evertonfc.cz\/index.php\/2025\/12\/13\/chelsea-w-everton-w-01\/#article","isPartOf":{"@id":"https:\/\/evertonfc.cz\/index.php\/2025\/12\/13\/chelsea-w-everton-w-01\/"},"author":{"name":"Karamela","@id":"https:\/\/evertonfc.cz\/#\/schema\/person\/e9a24a80a32efa1344dd2c4e5882185c"},"headline":"Chelsea W &#8211; Everton W 0:1","datePublished":"2025-12-13T08:48:02+00:00","dateModified":"2025-12-15T12:10:52+00:00","mainEntityOfPage":{"@id":"https:\/\/evertonfc.cz\/index.php\/2025\/12\/13\/chelsea-w-everton-w-01\/"},"wordCount":731,"commentCount":0,"publisher":{"@id":"https:\/\/evertonfc.cz\/#organization"},"image":{"@id":"https:\/\/evertonfc.cz\/index.php\/2025\/12\/13\/chelsea-w-everton-w-01\/#primaryimage"},"thumbnailUrl":"https:\/\/evertonfc.cz\/wp-content\/uploads\/2025\/12\/Hayashi-vs-Chelsea-7_12_2025-web.jpg","articleSection":["Everton Women"],"inLanguage":"cs","potentialAction":[{"@type":"CommentAction","name":"Comment","target":["https:\/\/evertonfc.cz\/index.php\/2025\/12\/13\/chelsea-w-everton-w-01\/#respond"]}]},{"@type":"WebPage","@id":"https:\/\/evertonfc.cz\/index.php\/2025\/12\/13\/chelsea-w-everton-w-01\/","url":"https:\/\/evertonfc.cz\/index.php\/2025\/12\/13\/chelsea-w-everton-w-01\/","name":"Chelsea W - Everton W 0:1 - Official Czech &amp; Slovak Everton Supporters&#039; Club","isPartOf":{"@id":"https:\/\/evertonfc.cz\/#website"},"primaryImageOfPage":{"@id":"https:\/\/evertonfc.cz\/index.php\/2025\/12\/13\/chelsea-w-everton-w-01\/#primaryimage"},"image":{"@id":"https:\/\/evertonfc.cz\/index.php\/2025\/12\/13\/chelsea-w-everton-w-01\/#primaryimage"},"thumbnailUrl":"https:\/\/evertonfc.cz\/wp-content\/uploads\/2025\/12\/Hayashi-vs-Chelsea-7_12_2025-web.jpg","datePublished":"2025-12-13T08:48:02+00:00","dateModified":"2025-12-15T12:10:52+00:00","breadcrumb":{"@id":"https:\/\/evertonfc.cz\/index.php\/2025\/12\/13\/chelsea-w-everton-w-01\/#breadcrumb"},"inLanguage":"cs","potentialAction":[{"@type":"ReadAction","target":["https:\/\/evertonfc.cz\/index.php\/2025\/12\/13\/chelsea-w-everton-w-01\/"]}]},{"@type":"ImageObject","inLanguage":"cs","@id":"https:\/\/evertonfc.cz\/index.php\/2025\/12\/13\/chelsea-w-everton-w-01\/#primaryimage","url":"https:\/\/evertonfc.cz\/wp-content\/uploads\/2025\/12\/Hayashi-vs-Chelsea-7_12_2025-web.jpg","contentUrl":"https:\/\/evertonfc.cz\/wp-content\/uploads\/2025\/12\/Hayashi-vs-Chelsea-7_12_2025-web.jpg","width":720,"height":405},{"@type":"BreadcrumbList","@id":"https:\/\/evertonfc.cz\/index.php\/2025\/12\/13\/chelsea-w-everton-w-01\/#breadcrumb","itemListElement":[{"@type":"ListItem","position":1,"name":"Home","item":"https:\/\/evertonfc.cz\/"},{"@type":"ListItem","position":2,"name":"Chelsea W &#8211; Everton W 0:1"}]},{"@type":"WebSite","@id":"https:\/\/evertonfc.cz\/#website","url":"https:\/\/evertonfc.cz\/","name":"Official Czech &amp; Slovak Everton Supporters&#039; Club","description":"","publisher":{"@id":"https:\/\/evertonfc.cz\/#organization"},"potentialAction":[{"@type":"SearchAction","target":{"@type":"EntryPoint","urlTemplate":"https:\/\/evertonfc.cz\/?s={search_term_string}"},"query-input":{"@type":"PropertyValueSpecification","valueRequired":true,"valueName":"search_term_string"}}],"inLanguage":"cs"},{"@type":"Organization","@id":"https:\/\/evertonfc.cz\/#organization","name":"Official Czech & Slovak Everton Supporters' Club","url":"https:\/\/evertonfc.cz\/","logo":{"@type":"ImageObject","inLanguage":"cs","@id":"https:\/\/evertonfc.cz\/#\/schema\/logo\/image\/","url":"https:\/\/evertonfc.cz\/wp-content\/uploads\/2019\/05\/logo.png","contentUrl":"https:\/\/evertonfc.cz\/wp-content\/uploads\/2019\/05\/logo.png","width":112,"height":112,"caption":"Official Czech & Slovak Everton Supporters' Club"},"image":{"@id":"https:\/\/evertonfc.cz\/#\/schema\/logo\/image\/"},"sameAs":["https:\/\/www.facebook.com\/everton.fans.cz.sk"]},{"@type":"Person","@id":"https:\/\/evertonfc.cz\/#\/schema\/person\/e9a24a80a32efa1344dd2c4e5882185c","name":"Karamela","url":"https:\/\/evertonfc.cz\/index.php\/author\/karamela\/"}]}},"_links":{"self":[{"href":"https:\/\/evertonfc.cz\/index.php\/wp-json\/wp\/v2\/posts\/28030"}],"collection":[{"href":"https:\/\/evertonfc.cz\/index.php\/wp-json\/wp\/v2\/posts"}],"about":[{"href":"https:\/\/evertonfc.cz\/index.php\/wp-json\/wp\/v2\/types\/post"}],"author":[{"embeddable":true,"href":"https:\/\/evertonfc.cz\/index.php\/wp-json\/wp\/v2\/users\/26"}],"replies":[{"embeddable":true,"href":"https:\/\/evertonfc.cz\/index.php\/wp-json\/wp\/v2\/comments?post=28030"}],"version-history":[{"count":6,"href":"https:\/\/evertonfc.cz\/index.php\/wp-json\/wp\/v2\/posts\/28030\/revisions"}],"predecessor-version":[{"id":28057,"href":"https:\/\/evertonfc.cz\/index.php\/wp-json\/wp\/v2\/posts\/28030\/revisions\/28057"}],"wp:featuredmedia":[{"embeddable":true,"href":"https:\/\/evertonfc.cz\/index.php\/wp-json\/wp\/v2\/media\/28039"}],"wp:attachment":[{"href":"https:\/\/evertonfc.cz\/index.php\/wp-json\/wp\/v2\/media?parent=28030"}],"wp:term":[{"taxonomy":"category","embeddable":true,"href":"https:\/\/evertonfc.cz\/index.php\/wp-json\/wp\/v2\/categories?post=28030"},{"taxonomy":"post_tag","embeddable":true,"href":"https:\/\/evertonfc.cz\/index.php\/wp-json\/wp\/v2\/tags?post=28030"}],"curies":[{"name":"wp","href":"https:\/\/api.w.org\/{rel}","templated":true}]}}