{"id":28045,"date":"2025-12-19T11:53:53","date_gmt":"2025-12-19T10:53:53","guid":{"rendered":"https:\/\/evertonfc.cz\/?p=28045"},"modified":"2025-12-19T14:08:45","modified_gmt":"2025-12-19T13:08:45","slug":"everton-w-arsenal-w-13-2","status":"publish","type":"post","link":"https:\/\/evertonfc.cz\/index.php\/2025\/12\/19\/everton-w-arsenal-w-13-2\/","title":{"rendered":"Everton W &#8211; Arsenal W 1:3"},"content":{"rendered":"<h4>Z\u00e1zrak se dnes nekonal a v druh\u00e9m polo\u010dase n\u00e1m do\u0161el dech. V\u0161echny body jdou tentokr\u00e1t do Lond\u00fdna.<\/h4>\n<p>Se sestavou beze zm\u011bn oproti z\u00e1pasu s Chelsea jsme p\u0159iv\u00edtali na dom\u00e1c\u00edm h\u0159i\u0161ti slu\u0161n\u011b rozjet\u00fd Arsenal. Ze zran\u011bn\u00ed se zotavila Maz Pacheco a mohla tak usednout aspo\u0148 na lavi\u010dku. V dresu soupe\u0159ek nastoupila i anglick\u00e1 reprezenta\u010dn\u00ed opora Alessia Russo, pro kterou \u0161lo o 100. z\u00e1pas v dresu Gunners (p\u0159i\u010dem\u017e v p\u0159edchoz\u00edch 99 z\u00e1pasech dok\u00e1zala 50x sk\u00f3rovat). Gunners se n\u00e1m nepoda\u0159ilo porazit u\u017e 22 z\u00e1pas\u016f. Ale n\u00e1\u0161 v\u00fdkon z minul\u00e9ho t\u00fddne vzbudil nad\u011bje, \u017ee nemo\u017en\u00e9 se n\u011bkdy m\u016f\u017ee st\u00e1t skutkem, tak\u017ee o\u010dek\u00e1v\u00e1n\u00ed bylo zna\u010dn\u00e9.<\/p>\n<h4>Prvn\u00ed polo\u010das<\/h4>\n<p>\u010cty\u0159i minuty p\u0159inesly t\u0159i g\u00f3ly, ale ne\u017e do\u0161lo k t\u00e9to p\u0159est\u0159elce, ub\u011bhlo 11 minut hry. I t\u011bchto \u00favodn\u00edch p\u00e1r minut bylo nabit\u00fdch akc\u00ed. \u00davodn\u00ed \u0161anci m\u011bla Beth Mead, hlavi\u010dkovala ov\u0161em jen do n\u00e1ru\u010d\u00ed Brosnan. Mace o sob\u011b dala rovn\u011b\u017e v\u011bd\u011bt u\u017e zkraje z\u00e1pasu, kdy nejprve zablokovala nebezpe\u010dn\u00fd centr Caldentey a pak si p\u011bkn\u011b poradila s Foord. Spole\u010dn\u011b s Ishikawou n\u00e1m zachr\u00e1nila k\u016f\u017ei i p\u00e1r sekund p\u0159ed prvn\u00edm g\u00f3lem. Jej\u00ed odkop ale bohu\u017eel zachytila McCabe a tvrdou st\u0159elou dostala Gunners do veden\u00ed &#8211; <strong>0:1<\/strong>.\u00a0Trvalo to jen necel\u00e9 dv\u011b minuty, kdy\u017e Vignola dok\u00e1zala vy\u0161achovet obranu Arsenalu, posunula m\u00ed\u010d k Hayashi a ta st\u0159elou spoza v\u00e1pna srovnala &#8211; <strong>1:1<\/strong>. N\u00e1dhera! Neuplynuly ov\u0161em ani dal\u0161\u00ed dv\u011b minuty a na tahu byly op\u011bt hostky. Russo p\u0159ed na\u0161\u00ed brankou poslala hrud\u00ed st\u0159elu, kterou Brosnan je\u0161t\u011b vyrazila, ale\u00a0 dor\u00e1\u017eka Foord u\u017e byla nad s\u00edly na\u0161\u00ed brank\u00e1\u0159ky &#8211; <strong>1:2<\/strong>. U\u017e m\u00ed\u010d z hrudn\u00edku Russo vyr\u00e1\u017eela Brosnan pravd\u011bpodobn\u011b za brankovou \u010d\u00e1rou, tak\u017ee nebylo chv\u00edli jasn\u00e9, komu g\u00f3l p\u0159ipsat. Nakonec byl uzn\u00e1n jako 51. branka Russo ve WSL.<\/p>\n<h4>Druh\u00fd polo\u010das<\/h4>\n<p>p\u0159inesl prakticky hru na jednu branku &#8211; na tu na\u0161\u00ed. S\u00edly n\u00e1m doch\u00e1zely a s jejich \u00fabytkem se naplno uk\u00e1zala fotbalov\u00e1 p\u0159evaha Arsenalu. V pevn\u00e9m bloku jsme dlouho \u010delili obl\u00e9h\u00e1n\u00ed na\u0161eho velk\u00e9ho v\u00e1pna, ale branku hostek jsme ohrozit nedok\u00e1zali. S \u00fabytkem sil vzala za sv\u00e9 i na\u0161e jedin\u00e1 nad\u011bje jak sk\u00f3rovat, tedy z p\u0159ekvapiv\u00e9ho proti\u00fatoku.\u00a0\u00a0Nepomohlo ani vyst\u0159\u00edd\u00e1n\u00ed ub\u011bhan\u00fdch Gago a Momiki, ani p\u0159\u00edchod rychlonoh\u00e9 Robinson (bohu\u017eel nam\u00edsto vy\u0161\u0165aven\u00e9 Vignoly). Pokud jsme se u\u017e dostali ke kontrole m\u00ed\u010de, obvykle jsme celou akci zastavili hned na za\u010d\u00e1tku nebo rozehr\u00e1vali dozadu, tak\u017ee soupe\u0159ky m\u011bly dostatek \u010dasu si obranu p\u011bkn\u011b zformovat.\u00a0M\u011bli jsme toho zkr\u00e1tka dost. Na\u0161e ojedin\u011bl\u00e1 \u0161ance p\u0159i\u0161la s p\u0159\u00edm\u00e1kem po faulu na Payne. K m\u00ed\u010di se postavila Ruby Mace a Borbe v brance Arsenalu m\u011bla co d\u011blat, aby m\u00ed\u010d udr\u017eela v ruk\u00e1ch. Nad\u011bje na vyrovn\u00e1n\u00ed ale definitivn\u011b pohasly v 87. minut\u011b, kdy n\u00e1m sk\u00e1kavou st\u0159elou zasadila posledn\u00ed r\u00e1nu exliverpoolsk\u00e1 Olivia Smith &#8211; milionov\u00e1 leto\u0161n\u00ed posila Arsenalu &#8211; <strong>1:3<\/strong>. Odpov\u011bd\u011bli jsme dv\u011bma fauly na \u017elutou a pak u\u017e byl konec.<\/p>\n<h4>Shrnut\u00ed<\/h4>\n<p>Z\u00e1pas skon\u010dil dle o\u010dek\u00e1v\u00e1n\u00ed, ostuda z na\u0161\u00ed strany to nebyla. Bohu\u017eel, na sv\u016fj prvn\u00ed bod z Goodison Park st\u00e1le \u010dek\u00e1me. 22 st\u0159el a 687 p\u0159ihr\u00e1vek z dne\u0161n\u00edho z\u00e1pasu je leto\u0161n\u00ed arsenalsk\u00fd rekord ve WSL. Op\u011bt je t\u0159eba vyzvednout ob\u011btavost cel\u00e9ho t\u00fdmu v ultradestruk\u010dn\u00ed obrann\u00e9 h\u0159e. Vyrovn\u00e1vac\u00ed g\u00f3l Hayashi z \u00favodu prvn\u00edho polo\u010dasu jen potvrdil jej\u00ed sou\u010dasnou formu. \u0160koda, \u017ee byl tak rychle anulov\u00e1n g\u00f3lem Ruso\/ Foord.<\/p>\n<p>Mace se od sv\u00e9ho letn\u00edho p\u0159\u00edchodu stala kl\u00ed\u010dovou hr\u00e1\u010dkou na\u0161\u00ed defenzivy, co\u017e potvrdila i v tomto z\u00e1pase. Te\u010f n\u00e1s \u010dek\u00e1 dlouh\u00e1 p\u0159est\u00e1vka, ne\u017e se 11. ledna postav\u00edme ve venkovn\u00edm z\u00e1pase Citizens. Jak\u00fdkoliv bodov\u00fd zisk z tohoto z\u00e1pasu by byl zlat\u00fd. Nicm\u00e9n\u011b potom p\u0159ich\u00e1z\u00ed soustava z\u00e1pas\u016f s hrateln\u011bj\u0161\u00edmi soupe\u0159i a zde ji\u017e bodovat mus\u00edme. V tabulce jsme prozat\u00edm 10. s 8 body. Od 9. m\u00edsta n\u00e1s d\u011bl\u00ed jeden bod, od posledn\u00edho bod\u016f \u0161est. V klidu tedy rozhodn\u011b b\u00fdt nem\u016f\u017eeme. <strong><span style=\"color: #0000ff;\">COYBG!<\/span><\/strong><\/p>\n<p style=\"text-align: right;\"><span style=\"font-size: 8pt;\"><em>Zdroj fotografie: Getty Images via roayalbluemersey.sbnations.com<\/em><\/span><\/p>\n<p><strong>G\u00f3ly:<\/strong> Hayashi (13\u00b4) &#8211; McCabe (11\u00b4), Russo (15\u00b4), Smith (87\u00b4)\u00a0 <strong>\u017dK: <\/strong>Fern\u00e1ndez, Mace<\/p>\n<p><strong>Toffees (4-4-2):\u00a0<\/strong>Brosnan; Ishikawa, Mace, Fern\u00e1ndez, Kitegawa; Payne, Wheeler (Holmgaard 60&#8242;), Vignola (Robinson 76&#8242;), Hayashi (Ladd 82&#8242;); Momiki (van Gool 60&#8242;), Gago (Snoeijs 59&#8242;)<\/p>\n<p><strong>Gunners (4-3-3): <\/strong>Borbe; Fox<span class=\"visually-hidden ssrcss-1f39n02-VisuallyHidden e16en2lz0\">, Wubben-Moy, <\/span><span class=\"visually-hidden ssrcss-1f39n02-VisuallyHidden e16en2lz0\">Catley (Williamson 82&#8242;), <\/span>McCabe (Hinds 90&#8242;); Cooney-Cross, <span class=\"visually-hidden ssrcss-1f39n02-VisuallyHidden e16en2lz0\">Little (Blackstenius 63&#8242;), <\/span><span class=\"visually-hidden ssrcss-1f39n02-VisuallyHidden e16en2lz0\">Caldentey (Pelova 82&#8242;); <\/span>Mead (Smith 63&#8242;), Russo, <span class=\"visually-hidden ssrcss-1f39n02-VisuallyHidden e16en2lz0\">Foord<\/span><\/p>\n<p><strong>Rozhod\u010d\u00ed: <\/strong>Stacey Pearson\u00a0 <strong>Div\u00e1ci:<\/strong> 4 343 (Goodison Park)<\/p>\n<p><iframe loading=\"lazy\" title=\"FULL MATCH: Everton v Arsenal | Barclays WSL 25\/26\" width=\"1140\" height=\"641\" src=\"https:\/\/www.youtube.com\/embed\/a94Bd3f1n18?feature=oembed\" frameborder=\"0\" allow=\"accelerometer; autoplay; clipboard-write; encrypted-media; gyroscope; picture-in-picture; web-share\" referrerpolicy=\"strict-origin-when-cross-origin\" allowfullscreen><\/iframe><\/p>\n<p style=\"text-align: right;\">\n","protected":false},"excerpt":{"rendered":"<p>Z\u00e1zrak se dnes nekonal a v druh\u00e9m polo\u010dase n\u00e1m do\u0161el dech. V\u0161echny body jdou tentokr\u00e1t do Lond\u00fdna.<\/p>\n","protected":false},"author":26,"featured_media":28063,"comment_status":"open","ping_status":"closed","sticky":false,"template":"","format":"standard","meta":{"_eb_attr":"","_monsterinsights_skip_tracking":false,"_monsterinsights_sitenote_active":false,"_monsterinsights_sitenote_note":"","_monsterinsights_sitenote_category":0,"footnotes":""},"categories":[110],"tags":[],"yoast_head":"<!-- This site is optimized with the Yoast SEO plugin v23.4 - https:\/\/yoast.com\/wordpress\/plugins\/seo\/ -->\n<title>Everton W - Arsenal W 1:3 - Official Czech &amp; Slovak Everton Supporters&#039; Club<\/title>\n<meta name=\"robots\" content=\"index, follow, max-snippet:-1, max-image-preview:large, max-video-preview:-1\" \/>\n<link rel=\"canonical\" href=\"https:\/\/evertonfc.cz\/index.php\/2025\/12\/19\/everton-w-arsenal-w-13-2\/\" \/>\n<meta property=\"og:locale\" content=\"cs_CZ\" \/>\n<meta property=\"og:type\" content=\"article\" \/>\n<meta property=\"og:title\" content=\"Everton W - Arsenal W 1:3 - Official Czech &amp; Slovak Everton Supporters&#039; Club\" \/>\n<meta property=\"og:description\" content=\"Z\u00e1zrak se dnes nekonal a v druh\u00e9m polo\u010dase n\u00e1m do\u0161el dech. V\u0161echny body jdou tentokr\u00e1t do Lond\u00fdna.\" \/>\n<meta property=\"og:url\" content=\"https:\/\/evertonfc.cz\/index.php\/2025\/12\/19\/everton-w-arsenal-w-13-2\/\" \/>\n<meta property=\"og:site_name\" content=\"Official Czech &amp; Slovak Everton Supporters&#039; Club\" \/>\n<meta property=\"article:publisher\" content=\"https:\/\/www.facebook.com\/everton.fans.cz.sk\" \/>\n<meta property=\"article:published_time\" content=\"2025-12-19T10:53:53+00:00\" \/>\n<meta property=\"article:modified_time\" content=\"2025-12-19T13:08:45+00:00\" \/>\n<meta property=\"og:image\" content=\"https:\/\/evertonfc.cz\/wp-content\/uploads\/2025\/12\/Everton-Arsenal-13_12_2025-web.jpg\" \/>\n\t<meta property=\"og:image:width\" content=\"720\" \/>\n\t<meta property=\"og:image:height\" content=\"405\" \/>\n\t<meta property=\"og:image:type\" content=\"image\/jpeg\" \/>\n<meta name=\"author\" content=\"Karamela\" \/>\n<meta name=\"twitter:card\" content=\"summary_large_image\" \/>\n<meta name=\"twitter:label1\" content=\"Napsal(a)\" \/>\n\t<meta name=\"twitter:data1\" content=\"Karamela\" \/>\n\t<meta name=\"twitter:label2\" content=\"Odhadovan\u00e1 doba \u010dten\u00ed\" \/>\n\t<meta name=\"twitter:data2\" content=\"4 minuty\" \/>\n<script type=\"application\/ld+json\" class=\"yoast-schema-graph\">{\"@context\":\"https:\/\/schema.org\",\"@graph\":[{\"@type\":\"Article\",\"@id\":\"https:\/\/evertonfc.cz\/index.php\/2025\/12\/19\/everton-w-arsenal-w-13-2\/#article\",\"isPartOf\":{\"@id\":\"https:\/\/evertonfc.cz\/index.php\/2025\/12\/19\/everton-w-arsenal-w-13-2\/\"},\"author\":{\"name\":\"Karamela\",\"@id\":\"https:\/\/evertonfc.cz\/#\/schema\/person\/e9a24a80a32efa1344dd2c4e5882185c\"},\"headline\":\"Everton W &#8211; Arsenal W 1:3\",\"datePublished\":\"2025-12-19T10:53:53+00:00\",\"dateModified\":\"2025-12-19T13:08:45+00:00\",\"mainEntityOfPage\":{\"@id\":\"https:\/\/evertonfc.cz\/index.php\/2025\/12\/19\/everton-w-arsenal-w-13-2\/\"},\"wordCount\":879,\"commentCount\":0,\"publisher\":{\"@id\":\"https:\/\/evertonfc.cz\/#organization\"},\"image\":{\"@id\":\"https:\/\/evertonfc.cz\/index.php\/2025\/12\/19\/everton-w-arsenal-w-13-2\/#primaryimage\"},\"thumbnailUrl\":\"https:\/\/evertonfc.cz\/wp-content\/uploads\/2025\/12\/Everton-Arsenal-13_12_2025-web.jpg\",\"articleSection\":[\"Everton Women\"],\"inLanguage\":\"cs\",\"potentialAction\":[{\"@type\":\"CommentAction\",\"name\":\"Comment\",\"target\":[\"https:\/\/evertonfc.cz\/index.php\/2025\/12\/19\/everton-w-arsenal-w-13-2\/#respond\"]}]},{\"@type\":\"WebPage\",\"@id\":\"https:\/\/evertonfc.cz\/index.php\/2025\/12\/19\/everton-w-arsenal-w-13-2\/\",\"url\":\"https:\/\/evertonfc.cz\/index.php\/2025\/12\/19\/everton-w-arsenal-w-13-2\/\",\"name\":\"Everton W - Arsenal W 1:3 - Official Czech &amp; Slovak Everton Supporters&#039; Club\",\"isPartOf\":{\"@id\":\"https:\/\/evertonfc.cz\/#website\"},\"primaryImageOfPage\":{\"@id\":\"https:\/\/evertonfc.cz\/index.php\/2025\/12\/19\/everton-w-arsenal-w-13-2\/#primaryimage\"},\"image\":{\"@id\":\"https:\/\/evertonfc.cz\/index.php\/2025\/12\/19\/everton-w-arsenal-w-13-2\/#primaryimage\"},\"thumbnailUrl\":\"https:\/\/evertonfc.cz\/wp-content\/uploads\/2025\/12\/Everton-Arsenal-13_12_2025-web.jpg\",\"datePublished\":\"2025-12-19T10:53:53+00:00\",\"dateModified\":\"2025-12-19T13:08:45+00:00\",\"breadcrumb\":{\"@id\":\"https:\/\/evertonfc.cz\/index.php\/2025\/12\/19\/everton-w-arsenal-w-13-2\/#breadcrumb\"},\"inLanguage\":\"cs\",\"potentialAction\":[{\"@type\":\"ReadAction\",\"target\":[\"https:\/\/evertonfc.cz\/index.php\/2025\/12\/19\/everton-w-arsenal-w-13-2\/\"]}]},{\"@type\":\"ImageObject\",\"inLanguage\":\"cs\",\"@id\":\"https:\/\/evertonfc.cz\/index.php\/2025\/12\/19\/everton-w-arsenal-w-13-2\/#primaryimage\",\"url\":\"https:\/\/evertonfc.cz\/wp-content\/uploads\/2025\/12\/Everton-Arsenal-13_12_2025-web.jpg\",\"contentUrl\":\"https:\/\/evertonfc.cz\/wp-content\/uploads\/2025\/12\/Everton-Arsenal-13_12_2025-web.jpg\",\"width\":720,\"height\":405},{\"@type\":\"BreadcrumbList\",\"@id\":\"https:\/\/evertonfc.cz\/index.php\/2025\/12\/19\/everton-w-arsenal-w-13-2\/#breadcrumb\",\"itemListElement\":[{\"@type\":\"ListItem\",\"position\":1,\"name\":\"Home\",\"item\":\"https:\/\/evertonfc.cz\/\"},{\"@type\":\"ListItem\",\"position\":2,\"name\":\"Everton W &#8211; Arsenal W 1:3\"}]},{\"@type\":\"WebSite\",\"@id\":\"https:\/\/evertonfc.cz\/#website\",\"url\":\"https:\/\/evertonfc.cz\/\",\"name\":\"Official Czech &amp; Slovak Everton Supporters&#039; Club\",\"description\":\"\",\"publisher\":{\"@id\":\"https:\/\/evertonfc.cz\/#organization\"},\"potentialAction\":[{\"@type\":\"SearchAction\",\"target\":{\"@type\":\"EntryPoint\",\"urlTemplate\":\"https:\/\/evertonfc.cz\/?s={search_term_string}\"},\"query-input\":{\"@type\":\"PropertyValueSpecification\",\"valueRequired\":true,\"valueName\":\"search_term_string\"}}],\"inLanguage\":\"cs\"},{\"@type\":\"Organization\",\"@id\":\"https:\/\/evertonfc.cz\/#organization\",\"name\":\"Official Czech & Slovak Everton Supporters' Club\",\"url\":\"https:\/\/evertonfc.cz\/\",\"logo\":{\"@type\":\"ImageObject\",\"inLanguage\":\"cs\",\"@id\":\"https:\/\/evertonfc.cz\/#\/schema\/logo\/image\/\",\"url\":\"https:\/\/evertonfc.cz\/wp-content\/uploads\/2019\/05\/logo.png\",\"contentUrl\":\"https:\/\/evertonfc.cz\/wp-content\/uploads\/2019\/05\/logo.png\",\"width\":112,\"height\":112,\"caption\":\"Official Czech & Slovak Everton Supporters' Club\"},\"image\":{\"@id\":\"https:\/\/evertonfc.cz\/#\/schema\/logo\/image\/\"},\"sameAs\":[\"https:\/\/www.facebook.com\/everton.fans.cz.sk\"]},{\"@type\":\"Person\",\"@id\":\"https:\/\/evertonfc.cz\/#\/schema\/person\/e9a24a80a32efa1344dd2c4e5882185c\",\"name\":\"Karamela\",\"url\":\"https:\/\/evertonfc.cz\/index.php\/author\/karamela\/\"}]}<\/script>\n<!-- \/ Yoast SEO plugin. -->","yoast_head_json":{"title":"Everton W - Arsenal W 1:3 - Official Czech &amp; Slovak Everton Supporters&#039; Club","robots":{"index":"index","follow":"follow","max-snippet":"max-snippet:-1","max-image-preview":"max-image-preview:large","max-video-preview":"max-video-preview:-1"},"canonical":"https:\/\/evertonfc.cz\/index.php\/2025\/12\/19\/everton-w-arsenal-w-13-2\/","og_locale":"cs_CZ","og_type":"article","og_title":"Everton W - Arsenal W 1:3 - Official Czech &amp; Slovak Everton Supporters&#039; Club","og_description":"Z\u00e1zrak se dnes nekonal a v druh\u00e9m polo\u010dase n\u00e1m do\u0161el dech. V\u0161echny body jdou tentokr\u00e1t do Lond\u00fdna.","og_url":"https:\/\/evertonfc.cz\/index.php\/2025\/12\/19\/everton-w-arsenal-w-13-2\/","og_site_name":"Official Czech &amp; Slovak Everton Supporters&#039; Club","article_publisher":"https:\/\/www.facebook.com\/everton.fans.cz.sk","article_published_time":"2025-12-19T10:53:53+00:00","article_modified_time":"2025-12-19T13:08:45+00:00","og_image":[{"width":720,"height":405,"url":"https:\/\/evertonfc.cz\/wp-content\/uploads\/2025\/12\/Everton-Arsenal-13_12_2025-web.jpg","type":"image\/jpeg"}],"author":"Karamela","twitter_card":"summary_large_image","twitter_misc":{"Napsal(a)":"Karamela","Odhadovan\u00e1 doba \u010dten\u00ed":"4 minuty"},"schema":{"@context":"https:\/\/schema.org","@graph":[{"@type":"Article","@id":"https:\/\/evertonfc.cz\/index.php\/2025\/12\/19\/everton-w-arsenal-w-13-2\/#article","isPartOf":{"@id":"https:\/\/evertonfc.cz\/index.php\/2025\/12\/19\/everton-w-arsenal-w-13-2\/"},"author":{"name":"Karamela","@id":"https:\/\/evertonfc.cz\/#\/schema\/person\/e9a24a80a32efa1344dd2c4e5882185c"},"headline":"Everton W &#8211; Arsenal W 1:3","datePublished":"2025-12-19T10:53:53+00:00","dateModified":"2025-12-19T13:08:45+00:00","mainEntityOfPage":{"@id":"https:\/\/evertonfc.cz\/index.php\/2025\/12\/19\/everton-w-arsenal-w-13-2\/"},"wordCount":879,"commentCount":0,"publisher":{"@id":"https:\/\/evertonfc.cz\/#organization"},"image":{"@id":"https:\/\/evertonfc.cz\/index.php\/2025\/12\/19\/everton-w-arsenal-w-13-2\/#primaryimage"},"thumbnailUrl":"https:\/\/evertonfc.cz\/wp-content\/uploads\/2025\/12\/Everton-Arsenal-13_12_2025-web.jpg","articleSection":["Everton Women"],"inLanguage":"cs","potentialAction":[{"@type":"CommentAction","name":"Comment","target":["https:\/\/evertonfc.cz\/index.php\/2025\/12\/19\/everton-w-arsenal-w-13-2\/#respond"]}]},{"@type":"WebPage","@id":"https:\/\/evertonfc.cz\/index.php\/2025\/12\/19\/everton-w-arsenal-w-13-2\/","url":"https:\/\/evertonfc.cz\/index.php\/2025\/12\/19\/everton-w-arsenal-w-13-2\/","name":"Everton W - Arsenal W 1:3 - Official Czech &amp; Slovak Everton Supporters&#039; Club","isPartOf":{"@id":"https:\/\/evertonfc.cz\/#website"},"primaryImageOfPage":{"@id":"https:\/\/evertonfc.cz\/index.php\/2025\/12\/19\/everton-w-arsenal-w-13-2\/#primaryimage"},"image":{"@id":"https:\/\/evertonfc.cz\/index.php\/2025\/12\/19\/everton-w-arsenal-w-13-2\/#primaryimage"},"thumbnailUrl":"https:\/\/evertonfc.cz\/wp-content\/uploads\/2025\/12\/Everton-Arsenal-13_12_2025-web.jpg","datePublished":"2025-12-19T10:53:53+00:00","dateModified":"2025-12-19T13:08:45+00:00","breadcrumb":{"@id":"https:\/\/evertonfc.cz\/index.php\/2025\/12\/19\/everton-w-arsenal-w-13-2\/#breadcrumb"},"inLanguage":"cs","potentialAction":[{"@type":"ReadAction","target":["https:\/\/evertonfc.cz\/index.php\/2025\/12\/19\/everton-w-arsenal-w-13-2\/"]}]},{"@type":"ImageObject","inLanguage":"cs","@id":"https:\/\/evertonfc.cz\/index.php\/2025\/12\/19\/everton-w-arsenal-w-13-2\/#primaryimage","url":"https:\/\/evertonfc.cz\/wp-content\/uploads\/2025\/12\/Everton-Arsenal-13_12_2025-web.jpg","contentUrl":"https:\/\/evertonfc.cz\/wp-content\/uploads\/2025\/12\/Everton-Arsenal-13_12_2025-web.jpg","width":720,"height":405},{"@type":"BreadcrumbList","@id":"https:\/\/evertonfc.cz\/index.php\/2025\/12\/19\/everton-w-arsenal-w-13-2\/#breadcrumb","itemListElement":[{"@type":"ListItem","position":1,"name":"Home","item":"https:\/\/evertonfc.cz\/"},{"@type":"ListItem","position":2,"name":"Everton W &#8211; Arsenal W 1:3"}]},{"@type":"WebSite","@id":"https:\/\/evertonfc.cz\/#website","url":"https:\/\/evertonfc.cz\/","name":"Official Czech &amp; Slovak Everton Supporters&#039; Club","description":"","publisher":{"@id":"https:\/\/evertonfc.cz\/#organization"},"potentialAction":[{"@type":"SearchAction","target":{"@type":"EntryPoint","urlTemplate":"https:\/\/evertonfc.cz\/?s={search_term_string}"},"query-input":{"@type":"PropertyValueSpecification","valueRequired":true,"valueName":"search_term_string"}}],"inLanguage":"cs"},{"@type":"Organization","@id":"https:\/\/evertonfc.cz\/#organization","name":"Official Czech & Slovak Everton Supporters' Club","url":"https:\/\/evertonfc.cz\/","logo":{"@type":"ImageObject","inLanguage":"cs","@id":"https:\/\/evertonfc.cz\/#\/schema\/logo\/image\/","url":"https:\/\/evertonfc.cz\/wp-content\/uploads\/2019\/05\/logo.png","contentUrl":"https:\/\/evertonfc.cz\/wp-content\/uploads\/2019\/05\/logo.png","width":112,"height":112,"caption":"Official Czech & Slovak Everton Supporters' Club"},"image":{"@id":"https:\/\/evertonfc.cz\/#\/schema\/logo\/image\/"},"sameAs":["https:\/\/www.facebook.com\/everton.fans.cz.sk"]},{"@type":"Person","@id":"https:\/\/evertonfc.cz\/#\/schema\/person\/e9a24a80a32efa1344dd2c4e5882185c","name":"Karamela","url":"https:\/\/evertonfc.cz\/index.php\/author\/karamela\/"}]}},"_links":{"self":[{"href":"https:\/\/evertonfc.cz\/index.php\/wp-json\/wp\/v2\/posts\/28045"}],"collection":[{"href":"https:\/\/evertonfc.cz\/index.php\/wp-json\/wp\/v2\/posts"}],"about":[{"href":"https:\/\/evertonfc.cz\/index.php\/wp-json\/wp\/v2\/types\/post"}],"author":[{"embeddable":true,"href":"https:\/\/evertonfc.cz\/index.php\/wp-json\/wp\/v2\/users\/26"}],"replies":[{"embeddable":true,"href":"https:\/\/evertonfc.cz\/index.php\/wp-json\/wp\/v2\/comments?post=28045"}],"version-history":[{"count":7,"href":"https:\/\/evertonfc.cz\/index.php\/wp-json\/wp\/v2\/posts\/28045\/revisions"}],"predecessor-version":[{"id":28069,"href":"https:\/\/evertonfc.cz\/index.php\/wp-json\/wp\/v2\/posts\/28045\/revisions\/28069"}],"wp:featuredmedia":[{"embeddable":true,"href":"https:\/\/evertonfc.cz\/index.php\/wp-json\/wp\/v2\/media\/28063"}],"wp:attachment":[{"href":"https:\/\/evertonfc.cz\/index.php\/wp-json\/wp\/v2\/media?parent=28045"}],"wp:term":[{"taxonomy":"category","embeddable":true,"href":"https:\/\/evertonfc.cz\/index.php\/wp-json\/wp\/v2\/categories?post=28045"},{"taxonomy":"post_tag","embeddable":true,"href":"https:\/\/evertonfc.cz\/index.php\/wp-json\/wp\/v2\/tags?post=28045"}],"curies":[{"name":"wp","href":"https:\/\/api.w.org\/{rel}","templated":true}]}}