{"id":28049,"date":"2025-12-14T14:25:16","date_gmt":"2025-12-14T13:25:16","guid":{"rendered":"https:\/\/evertonfc.cz\/?p=28049"},"modified":"2025-12-15T13:04:43","modified_gmt":"2025-12-15T12:04:43","slug":"chelsea-everton-20-2","status":"publish","type":"post","link":"https:\/\/evertonfc.cz\/index.php\/2025\/12\/14\/chelsea-everton-20-2\/","title":{"rendered":"Chelsea \u2013 Everton 2:0"},"content":{"rendered":"<h4>Tak jsme zase prohr\u00e1li na Chelsea. Jak\u00fd to bylo? No, bolestiv\u00fd, ale trochu jinak ne\u017e v\u017edycky. Chce\u0161 o tom mluvit? Meh.<\/h4>\n<p>Po s\u00e9rii dobr\u00fdch v\u00fdsledk\u016f i v\u00fdkon\u016f se dalo \u010dekat takov\u00e9 to \u201eeverton that\u201c.\u00a0 A B\u016fh \u0159ekl Moy\u017e\u00ed\u0161ovi: \u201eD\u00e1m ti Grealishe, aby si vl\u00e1dl st\u0159edu tabulky, po\u0161lu v\u00e1m k\u00e1-de(ko)-ho, aby si to m\u011bl s k\u00fdm d\u00e1t, taky pokrop\u00edm \u017eivou vodou p\u00e1r hr\u00e1\u010d\u016f, ale u\u017e\u00edt bod\u016f radosti na Stamford Bridge je ti zapov\u011bzeno.&#8220; A tak se stalo.<\/p>\n<p>Everton p\u0159edvedl solidn\u00ed v\u00fdkon, dok\u00e1zal si vytvo\u0159it n\u011bkolik slibn\u00fdch p\u0159\u00edle\u017eitost\u00ed, dr\u017eel krok, rozhodn\u011b se neztratil. Jen\u017ee se nedok\u00e1zal nikdo st\u0159elecky prosadit a v\u0161echna snaha tak padla na ne\u00farodnou p\u016fdu. Fanou\u0161ci Toffees byli op\u011bt v\u00fdborn\u00ed, ale ani jejich hlasivky nedok\u00e1zali proklet\u00ed zlomit.<\/p>\n<h4>Jak se rozestavili<\/h4>\n<p>Chelsea se oklepala z\u00a0por\u00e1\u017eky v\u00a0Bergamu, stejn\u011b jako Fofana set\u0159\u00e1sl bol\u00edstku z\u00a0tohoto z\u00e1pasu. Jedinou zm\u011bnou oproti z\u00e1pasu na Bournemouthu se t\u00fdkala hrotu, zran\u011bn\u00e9ho Delapa nahradil Joao Pedro. Proti Atalat\u011b bylo zm\u011bn zejm\u00e9na v\u00a0obran\u011b v\u00edce, ale kdy\u017e m\u00e1te v\u00a0t\u00fdmu tolik d\u011bcek, chcete aby si aspo\u0148 trochu zahr\u00e1li v\u0161ichni.<\/p>\n<p>V\u00a0barv\u00e1ch citr\u00f3nov\u00e9 \u0161\u0165\u00e1vy nastupuj\u00edc\u00ed Everton p\u0159iv\u00edtal n\u00e1vrat zu\u0159iv\u00e9ho Gana Gueye. Jeho n\u00e1vrat vytla\u010dil na podhrot zp\u011bt Dewsbury-Halla a Alcaraze posadil na lavi\u010dku. Pro mnoh\u00e9 z\u00a0tribun to byl krok \u0161patn\u00fdm krokem, Moyes ale asi cht\u011bl pos\u00edlit defenzivn\u00ed slo\u017eku st\u0159edov\u00e9 \u0159ady. Na hrotu z\u016fstal Barry, kter\u00fd oslavil branku novou komedi\u00ed na hlav\u011b.<\/p>\n<h4>Jak to za\u010dalo<\/h4>\n<p>Everton za\u010dal sm\u011ble a pohybem d\u011blal dom\u00e1c\u00edm pot\u00e1\u017ee. Prvn\u00ed \u0161ance v\u00a0uvodn\u00edm pas\u00e1\u017ei m\u011bl Ndiaye, jeho st\u0159ela byla sra\u017een\u00e1 a skrz nepro\u0161el ani pokus od Garnera po p\u0159ekvapiv\u011b vtipn\u00e9 a pohotov\u00e9 p\u0159ihr\u00e1vce od Mykolenka.<\/p>\n<p>Prvn\u00ed trhliny v\u00a0pl\u00e1nu p\u0159i\u0161ly po \u010dtvrthodin\u011b, kdy si KDH patrn\u011b nat\u00e1hl zadn\u00ed stehenn\u00ed sval a nemohl pokra\u010dovat. \u0158\u00edkejte si o mne, \u017ee jsem v\u00a0zajet\u00ed pov\u011br, ale co u\u017e je dokladem kletby ne\u017e ztr\u00e1ta nejhbit\u011bj\u0161\u00edho adventn\u00edho bi\u010de.<\/p>\n<p>P\u0159esto Everton je\u0161t\u011b vzdoroval, kdy\u017e se po faulu na Grealishe kopal p\u0159\u00edm\u00fd kop, Tarkowski sice vracel m\u00ed\u010d p\u0159ed branku, kde na n\u011bj nedos\u00e1hl Barry a Ndiaye op\u011bt neprop\u00e1lil hradbu. A tak p\u0159i\u0161el trest.<\/p>\n<p>Dom\u00e1c\u00ed vyu\u017eili sta\u017een\u011bj\u0161\u00ed linie Evertonu, Fofana vyvezl m\u00ed\u010d vysko, p\u0159edal jej Gostovi a ten vyb\u00eddl Palmera. Zrovna Palmer, kter\u00e9ho byste nepustili samotn\u00e9ho ani na p\u0159echod pro chodce vyu\u017eil chladnokrevn\u011b m\u00edsta na p\u0159edn\u00ed ty\u010di a prop\u00e1lil Pickforda \u2013 <strong>1:0<\/strong>. Nemilosrdn\u011b.<\/p>\n<p>Deka na Evertonu byla zn\u00e1t, kopili se nep\u0159esnosti. Dost velkou botu p\u0159edvedl Alcaraz, kdy\u017e zp\u011btn\u00fdm pasem vyzval Garnacha ke n\u00e1jezdu, chyb\u011blo m\u00e1lo. Dal\u0161\u00ed botu p\u0159edvedl Cucurella, kdy\u017e m\u00ed\u010d prom\u00e1chl, aby bolest\u011b trefil okolo proch\u00e1zej\u00edc\u00edho Ndiayeho. Po rychl\u00e9 akci hrozil Enzo, ale i on si pak vybral slab\u0161\u00ed chv\u00edli, kdy\u017e bez m\u00ed\u010de zas\u00e1hl Ganu. P\u00edskalo se, a\u017e kdy\u017e se nezvedal ze zem\u011b Mykolenko. Do v\u00fd\u010dtu sporn\u00fdch moment\u016f p\u0159isp\u011bl Fofana, kdy\u017e p\u0159i rohu dr\u017eel Ndiayeho, aby pak znenad\u00e1n\u00ed sv\u00e9ho tla\u010den\u00edka upustil na parket.<\/p>\n<p>Everton se ale je\u0161t\u011b jednou vzchopil a dost\u00e1val se do tlaku. Tarky na zadn\u00ed hlavi\u0161koval vedle. V\u00a0dal\u0161\u00ed \u0161anci ve v\u00e1pn\u011b prom\u00e1chl Ndiaye a Gan\u016fv v\u00fdpad pro\u0161el nap\u0159i\u010d cel\u00fdm Sanchezov\u00fdm dome\u010dkem. Zpomalen\u00fd z\u00e1b\u011br uk\u00e1zal, \u017ee kdyby dom\u00e1c\u00ed str\u00e1\u017ece m\u00ed\u010d nezas\u00e1hl, Barry by mo\u017en\u00e1 nep\u0159ijel na zadn\u00ed ty\u010d o fous p\u0159ed\u010dasn\u011b. Kvartet uzav\u0159el Grealish, kter\u00fd asi nezvolil nejlep\u0161\u00ed \u0159e\u0161en\u00ed a sv\u00fdm lobem pohrdl \u0161anci na vyrovn\u00e1n\u00ed.<\/p>\n<p>Garner\u016fv dal\u0161\u00ed centr u\u017e Sanchez lapil, vyb\u00eddl Gusta, ten vysunul Neta a pokra\u010doval. Jejich tempu bohu\u017eel nikdo ve \u017elut\u00e9m nesta\u010dil, tak\u017ee se do s\u00edt\u011b znovu ohl\u00ed\u017eel Pickford \u2013 <strong>2:0<\/strong>. G\u00f3l do \u0161atny tak n\u011bjak ukon\u010dil nad\u011bje na body.<\/p>\n<h4>Jak to skon\u010dilo<\/h4>\n<p>Po p\u0159est\u00e1vce se nejrychleji dostal do varu Garnacho. Nejprve byl o malinko pozd\u011bji na zadn\u00ed ty\u010di. Pickfordovi vypadl m\u00ed\u010d z\u00a0rukavic, ale na\u0161t\u011bst\u00ed z\u00a0toho nic nebylo. Myko pak ust\u00e1l men\u0161\u00ed provokaci od Palmera, aby pak ztratil m\u00ed\u010d. Garnacho utekl irsk\u00e9mu Obrovi, ale na\u0161t\u011bst\u00ed p\u00e1lil nad. Jeho posledn\u00ed otisk v\u00a0z\u00e1pase pat\u0159il ale pr\u00e1v\u011b O\u2019Brienovi, kdy\u017e do n\u011bj ne\u0161etrn\u011b, av\u0161ak beztrestn\u011b zajel. Pak \u0161el st\u0159\u00eddat.<\/p>\n<p>Posledn\u00ed odpor vedl Grealish. Jeho prvn\u00ed zakon\u010den\u00ed hlavou nem\u011blo parametry. Svoje \u010du\u0148a\u010dinky zkou\u0161el Cucurella, kdy\u017e se p\u0159is\u00e1l na Ndiayeho. Znovu nebezpe\u010dn\u00fd byl Jack, ale s\u00a0centrem si neporadil dob\u0159e. Definitivn\u011b rozhodnout pak mohl Keane, na\u0161t\u011bst\u00ed nad\u00fdchan\u00fd m\u00ed\u010d do v\u00e1pna neposlal za Pickfordova z\u00e1da.<\/p>\n<p>Z\u00e1pas m\u011bl nad\u00e1le vysok\u00e9 tempo, snahy o udu\u0161en\u00ed jisk\u0159i\u010dky nad\u011bje skon\u010dili vinou sr\u00e1\u017eky Enza s\u00a0Pedrem p\u0159i zakon\u010den\u00ed nebo v\u00fdborn\u00fdm z\u00e1krokem Pickforda p\u0159i Jamesov\u011b p\u0159\u00edm\u00e1ku. Z\u00e1chrannou brzdu musel pou\u017e\u00edt Fofana a vid\u011bl jedinou kartu utk\u00e1n\u00ed. \u017de Evertonu nen\u00ed p\u0159\u00e1no, oraz\u00edtkovala ty\u010dka Ndiaye. Myko je\u0161t\u011b vyzval Alcaraze, ale toho zazdili a nic nep\u0159inesla h\u00e1dka Tarkyho s\u00a0Cucu.<\/p>\n<p style=\"text-align: right;\"><span style=\"font-size: 8pt;\">fotozdroj: Chris Lee &#8211; chelseafc<\/span><\/p>\n<p><strong>Branky<\/strong>: 21\u2018 Palmer, 45\u2018 Gusto<\/p>\n<p><strong>\u017dlut\u00e1<\/strong> <strong>karta<\/strong>: 76\u2018 Fofana<\/p>\n<p><strong>St\u0159ely \/ na branku:<\/strong> 17\/5 &#8211; 11\/2\u00a0 \u00a0<strong>xG<\/strong>: 2,20 &#8211; 1,03\u00a0 \u00a0<strong>Dr\u017een\u00ed<\/strong> <strong>m\u00ed\u010de<\/strong>: 58% &#8211; 42%\u00a0 \u00a0<strong>Rohy<\/strong>: 4 &#8211; 7<\/p>\n<p><strong>Chelsea<\/strong>: Sanchez \u2013 Gusto, Fofana, Chalobah, Cucurella \u2013 James, E.Fernandez \u2013 Neto, Palmer (58\u2018 Andrey Santos), Garnacho (65\u2018 Gittens) \u2013 Joao Pedro (81\u2018 Est\u00eav\u00e3o)<\/p>\n<p><strong>Everton<\/strong>: Pickford \u2013 O\u2019Brien, Tarkowski, Keane, Mykolenko \u2013 Garner (84\u2018 Iroegbunam), Gana \u2013 Ndiaye, Dewsbury-Hall (66\u2018 Alcaraz), Grealish (84\u2018 Dibling) \u2013 Barry (68\u2018 Beto)<\/p>\n<p><strong>Rozhod\u010d\u00ed:<\/strong> <strong>\u00a0<\/strong>Thomas Bramall\u00a0 \u00a0<strong>Div\u00e1ci:<\/strong> 39 552 (Stamford Bridge)<\/p>\n","protected":false},"excerpt":{"rendered":"<p>Tak jsme zase prohr\u00e1li na Chelsea. Jak\u00fd to bylo? No, bolestiv\u00fd, ale trochu jinak ne\u017e v\u017edycky. Chce\u0161 o tom mluvit? Meh.<\/p>\n","protected":false},"author":10,"featured_media":28048,"comment_status":"open","ping_status":"closed","sticky":false,"template":"","format":"standard","meta":{"_eb_attr":"","_monsterinsights_skip_tracking":false,"_monsterinsights_sitenote_active":false,"_monsterinsights_sitenote_note":"","_monsterinsights_sitenote_category":0,"footnotes":""},"categories":[4],"tags":[],"yoast_head":"<!-- This site is optimized with the Yoast SEO plugin v23.4 - https:\/\/yoast.com\/wordpress\/plugins\/seo\/ -->\n<title>Chelsea \u2013 Everton 2:0 - Official Czech &amp; Slovak Everton Supporters&#039; Club<\/title>\n<meta name=\"robots\" content=\"index, follow, max-snippet:-1, max-image-preview:large, max-video-preview:-1\" \/>\n<link rel=\"canonical\" href=\"https:\/\/evertonfc.cz\/index.php\/2025\/12\/14\/chelsea-everton-20-2\/\" \/>\n<meta property=\"og:locale\" content=\"cs_CZ\" \/>\n<meta property=\"og:type\" content=\"article\" \/>\n<meta property=\"og:title\" content=\"Chelsea \u2013 Everton 2:0 - Official Czech &amp; Slovak Everton Supporters&#039; Club\" \/>\n<meta property=\"og:description\" content=\"Tak jsme zase prohr\u00e1li na Chelsea. Jak\u00fd to bylo? No, bolestiv\u00fd, ale trochu jinak ne\u017e v\u017edycky. Chce\u0161 o tom mluvit? Meh.\" \/>\n<meta property=\"og:url\" content=\"https:\/\/evertonfc.cz\/index.php\/2025\/12\/14\/chelsea-everton-20-2\/\" \/>\n<meta property=\"og:site_name\" content=\"Official Czech &amp; Slovak Everton Supporters&#039; Club\" \/>\n<meta property=\"article:publisher\" content=\"https:\/\/www.facebook.com\/everton.fans.cz.sk\" \/>\n<meta property=\"article:published_time\" content=\"2025-12-14T13:25:16+00:00\" \/>\n<meta property=\"article:modified_time\" content=\"2025-12-15T12:04:43+00:00\" \/>\n<meta property=\"og:image\" content=\"https:\/\/evertonfc.cz\/wp-content\/uploads\/2025\/12\/kdh_chelski.jpg\" \/>\n\t<meta property=\"og:image:width\" content=\"720\" \/>\n\t<meta property=\"og:image:height\" content=\"405\" \/>\n\t<meta property=\"og:image:type\" content=\"image\/jpeg\" \/>\n<meta name=\"author\" content=\"Fip\" \/>\n<meta name=\"twitter:card\" content=\"summary_large_image\" \/>\n<meta name=\"twitter:label1\" content=\"Napsal(a)\" \/>\n\t<meta name=\"twitter:data1\" content=\"Fip\" \/>\n\t<meta name=\"twitter:label2\" content=\"Odhadovan\u00e1 doba \u010dten\u00ed\" \/>\n\t<meta name=\"twitter:data2\" content=\"5 minut\" \/>\n<script type=\"application\/ld+json\" class=\"yoast-schema-graph\">{\"@context\":\"https:\/\/schema.org\",\"@graph\":[{\"@type\":\"Article\",\"@id\":\"https:\/\/evertonfc.cz\/index.php\/2025\/12\/14\/chelsea-everton-20-2\/#article\",\"isPartOf\":{\"@id\":\"https:\/\/evertonfc.cz\/index.php\/2025\/12\/14\/chelsea-everton-20-2\/\"},\"author\":{\"name\":\"Fip\",\"@id\":\"https:\/\/evertonfc.cz\/#\/schema\/person\/35904009755e8eaa0dc1a5f5f0419002\"},\"headline\":\"Chelsea \u2013 Everton 2:0\",\"datePublished\":\"2025-12-14T13:25:16+00:00\",\"dateModified\":\"2025-12-15T12:04:43+00:00\",\"mainEntityOfPage\":{\"@id\":\"https:\/\/evertonfc.cz\/index.php\/2025\/12\/14\/chelsea-everton-20-2\/\"},\"wordCount\":1043,\"commentCount\":5,\"publisher\":{\"@id\":\"https:\/\/evertonfc.cz\/#organization\"},\"image\":{\"@id\":\"https:\/\/evertonfc.cz\/index.php\/2025\/12\/14\/chelsea-everton-20-2\/#primaryimage\"},\"thumbnailUrl\":\"https:\/\/evertonfc.cz\/wp-content\/uploads\/2025\/12\/kdh_chelski.jpg\",\"articleSection\":[\"Z\u00e1pasy\"],\"inLanguage\":\"cs\",\"potentialAction\":[{\"@type\":\"CommentAction\",\"name\":\"Comment\",\"target\":[\"https:\/\/evertonfc.cz\/index.php\/2025\/12\/14\/chelsea-everton-20-2\/#respond\"]}]},{\"@type\":\"WebPage\",\"@id\":\"https:\/\/evertonfc.cz\/index.php\/2025\/12\/14\/chelsea-everton-20-2\/\",\"url\":\"https:\/\/evertonfc.cz\/index.php\/2025\/12\/14\/chelsea-everton-20-2\/\",\"name\":\"Chelsea \u2013 Everton 2:0 - Official Czech &amp; Slovak Everton Supporters&#039; Club\",\"isPartOf\":{\"@id\":\"https:\/\/evertonfc.cz\/#website\"},\"primaryImageOfPage\":{\"@id\":\"https:\/\/evertonfc.cz\/index.php\/2025\/12\/14\/chelsea-everton-20-2\/#primaryimage\"},\"image\":{\"@id\":\"https:\/\/evertonfc.cz\/index.php\/2025\/12\/14\/chelsea-everton-20-2\/#primaryimage\"},\"thumbnailUrl\":\"https:\/\/evertonfc.cz\/wp-content\/uploads\/2025\/12\/kdh_chelski.jpg\",\"datePublished\":\"2025-12-14T13:25:16+00:00\",\"dateModified\":\"2025-12-15T12:04:43+00:00\",\"breadcrumb\":{\"@id\":\"https:\/\/evertonfc.cz\/index.php\/2025\/12\/14\/chelsea-everton-20-2\/#breadcrumb\"},\"inLanguage\":\"cs\",\"potentialAction\":[{\"@type\":\"ReadAction\",\"target\":[\"https:\/\/evertonfc.cz\/index.php\/2025\/12\/14\/chelsea-everton-20-2\/\"]}]},{\"@type\":\"ImageObject\",\"inLanguage\":\"cs\",\"@id\":\"https:\/\/evertonfc.cz\/index.php\/2025\/12\/14\/chelsea-everton-20-2\/#primaryimage\",\"url\":\"https:\/\/evertonfc.cz\/wp-content\/uploads\/2025\/12\/kdh_chelski.jpg\",\"contentUrl\":\"https:\/\/evertonfc.cz\/wp-content\/uploads\/2025\/12\/kdh_chelski.jpg\",\"width\":720,\"height\":405},{\"@type\":\"BreadcrumbList\",\"@id\":\"https:\/\/evertonfc.cz\/index.php\/2025\/12\/14\/chelsea-everton-20-2\/#breadcrumb\",\"itemListElement\":[{\"@type\":\"ListItem\",\"position\":1,\"name\":\"Home\",\"item\":\"https:\/\/evertonfc.cz\/\"},{\"@type\":\"ListItem\",\"position\":2,\"name\":\"Chelsea \u2013 Everton 2:0\"}]},{\"@type\":\"WebSite\",\"@id\":\"https:\/\/evertonfc.cz\/#website\",\"url\":\"https:\/\/evertonfc.cz\/\",\"name\":\"Official Czech &amp; Slovak Everton Supporters&#039; Club\",\"description\":\"\",\"publisher\":{\"@id\":\"https:\/\/evertonfc.cz\/#organization\"},\"potentialAction\":[{\"@type\":\"SearchAction\",\"target\":{\"@type\":\"EntryPoint\",\"urlTemplate\":\"https:\/\/evertonfc.cz\/?s={search_term_string}\"},\"query-input\":{\"@type\":\"PropertyValueSpecification\",\"valueRequired\":true,\"valueName\":\"search_term_string\"}}],\"inLanguage\":\"cs\"},{\"@type\":\"Organization\",\"@id\":\"https:\/\/evertonfc.cz\/#organization\",\"name\":\"Official Czech & Slovak Everton Supporters' Club\",\"url\":\"https:\/\/evertonfc.cz\/\",\"logo\":{\"@type\":\"ImageObject\",\"inLanguage\":\"cs\",\"@id\":\"https:\/\/evertonfc.cz\/#\/schema\/logo\/image\/\",\"url\":\"https:\/\/evertonfc.cz\/wp-content\/uploads\/2019\/05\/logo.png\",\"contentUrl\":\"https:\/\/evertonfc.cz\/wp-content\/uploads\/2019\/05\/logo.png\",\"width\":112,\"height\":112,\"caption\":\"Official Czech & Slovak Everton Supporters' Club\"},\"image\":{\"@id\":\"https:\/\/evertonfc.cz\/#\/schema\/logo\/image\/\"},\"sameAs\":[\"https:\/\/www.facebook.com\/everton.fans.cz.sk\"]},{\"@type\":\"Person\",\"@id\":\"https:\/\/evertonfc.cz\/#\/schema\/person\/35904009755e8eaa0dc1a5f5f0419002\",\"name\":\"Fip\",\"url\":\"https:\/\/evertonfc.cz\/index.php\/author\/fip\/\"}]}<\/script>\n<!-- \/ Yoast SEO plugin. -->","yoast_head_json":{"title":"Chelsea \u2013 Everton 2:0 - Official Czech &amp; Slovak Everton Supporters&#039; Club","robots":{"index":"index","follow":"follow","max-snippet":"max-snippet:-1","max-image-preview":"max-image-preview:large","max-video-preview":"max-video-preview:-1"},"canonical":"https:\/\/evertonfc.cz\/index.php\/2025\/12\/14\/chelsea-everton-20-2\/","og_locale":"cs_CZ","og_type":"article","og_title":"Chelsea \u2013 Everton 2:0 - Official Czech &amp; Slovak Everton Supporters&#039; Club","og_description":"Tak jsme zase prohr\u00e1li na Chelsea. Jak\u00fd to bylo? No, bolestiv\u00fd, ale trochu jinak ne\u017e v\u017edycky. Chce\u0161 o tom mluvit? Meh.","og_url":"https:\/\/evertonfc.cz\/index.php\/2025\/12\/14\/chelsea-everton-20-2\/","og_site_name":"Official Czech &amp; Slovak Everton Supporters&#039; Club","article_publisher":"https:\/\/www.facebook.com\/everton.fans.cz.sk","article_published_time":"2025-12-14T13:25:16+00:00","article_modified_time":"2025-12-15T12:04:43+00:00","og_image":[{"width":720,"height":405,"url":"https:\/\/evertonfc.cz\/wp-content\/uploads\/2025\/12\/kdh_chelski.jpg","type":"image\/jpeg"}],"author":"Fip","twitter_card":"summary_large_image","twitter_misc":{"Napsal(a)":"Fip","Odhadovan\u00e1 doba \u010dten\u00ed":"5 minut"},"schema":{"@context":"https:\/\/schema.org","@graph":[{"@type":"Article","@id":"https:\/\/evertonfc.cz\/index.php\/2025\/12\/14\/chelsea-everton-20-2\/#article","isPartOf":{"@id":"https:\/\/evertonfc.cz\/index.php\/2025\/12\/14\/chelsea-everton-20-2\/"},"author":{"name":"Fip","@id":"https:\/\/evertonfc.cz\/#\/schema\/person\/35904009755e8eaa0dc1a5f5f0419002"},"headline":"Chelsea \u2013 Everton 2:0","datePublished":"2025-12-14T13:25:16+00:00","dateModified":"2025-12-15T12:04:43+00:00","mainEntityOfPage":{"@id":"https:\/\/evertonfc.cz\/index.php\/2025\/12\/14\/chelsea-everton-20-2\/"},"wordCount":1043,"commentCount":5,"publisher":{"@id":"https:\/\/evertonfc.cz\/#organization"},"image":{"@id":"https:\/\/evertonfc.cz\/index.php\/2025\/12\/14\/chelsea-everton-20-2\/#primaryimage"},"thumbnailUrl":"https:\/\/evertonfc.cz\/wp-content\/uploads\/2025\/12\/kdh_chelski.jpg","articleSection":["Z\u00e1pasy"],"inLanguage":"cs","potentialAction":[{"@type":"CommentAction","name":"Comment","target":["https:\/\/evertonfc.cz\/index.php\/2025\/12\/14\/chelsea-everton-20-2\/#respond"]}]},{"@type":"WebPage","@id":"https:\/\/evertonfc.cz\/index.php\/2025\/12\/14\/chelsea-everton-20-2\/","url":"https:\/\/evertonfc.cz\/index.php\/2025\/12\/14\/chelsea-everton-20-2\/","name":"Chelsea \u2013 Everton 2:0 - Official Czech &amp; Slovak Everton Supporters&#039; Club","isPartOf":{"@id":"https:\/\/evertonfc.cz\/#website"},"primaryImageOfPage":{"@id":"https:\/\/evertonfc.cz\/index.php\/2025\/12\/14\/chelsea-everton-20-2\/#primaryimage"},"image":{"@id":"https:\/\/evertonfc.cz\/index.php\/2025\/12\/14\/chelsea-everton-20-2\/#primaryimage"},"thumbnailUrl":"https:\/\/evertonfc.cz\/wp-content\/uploads\/2025\/12\/kdh_chelski.jpg","datePublished":"2025-12-14T13:25:16+00:00","dateModified":"2025-12-15T12:04:43+00:00","breadcrumb":{"@id":"https:\/\/evertonfc.cz\/index.php\/2025\/12\/14\/chelsea-everton-20-2\/#breadcrumb"},"inLanguage":"cs","potentialAction":[{"@type":"ReadAction","target":["https:\/\/evertonfc.cz\/index.php\/2025\/12\/14\/chelsea-everton-20-2\/"]}]},{"@type":"ImageObject","inLanguage":"cs","@id":"https:\/\/evertonfc.cz\/index.php\/2025\/12\/14\/chelsea-everton-20-2\/#primaryimage","url":"https:\/\/evertonfc.cz\/wp-content\/uploads\/2025\/12\/kdh_chelski.jpg","contentUrl":"https:\/\/evertonfc.cz\/wp-content\/uploads\/2025\/12\/kdh_chelski.jpg","width":720,"height":405},{"@type":"BreadcrumbList","@id":"https:\/\/evertonfc.cz\/index.php\/2025\/12\/14\/chelsea-everton-20-2\/#breadcrumb","itemListElement":[{"@type":"ListItem","position":1,"name":"Home","item":"https:\/\/evertonfc.cz\/"},{"@type":"ListItem","position":2,"name":"Chelsea \u2013 Everton 2:0"}]},{"@type":"WebSite","@id":"https:\/\/evertonfc.cz\/#website","url":"https:\/\/evertonfc.cz\/","name":"Official Czech &amp; Slovak Everton Supporters&#039; Club","description":"","publisher":{"@id":"https:\/\/evertonfc.cz\/#organization"},"potentialAction":[{"@type":"SearchAction","target":{"@type":"EntryPoint","urlTemplate":"https:\/\/evertonfc.cz\/?s={search_term_string}"},"query-input":{"@type":"PropertyValueSpecification","valueRequired":true,"valueName":"search_term_string"}}],"inLanguage":"cs"},{"@type":"Organization","@id":"https:\/\/evertonfc.cz\/#organization","name":"Official Czech & Slovak Everton Supporters' Club","url":"https:\/\/evertonfc.cz\/","logo":{"@type":"ImageObject","inLanguage":"cs","@id":"https:\/\/evertonfc.cz\/#\/schema\/logo\/image\/","url":"https:\/\/evertonfc.cz\/wp-content\/uploads\/2019\/05\/logo.png","contentUrl":"https:\/\/evertonfc.cz\/wp-content\/uploads\/2019\/05\/logo.png","width":112,"height":112,"caption":"Official Czech & Slovak Everton Supporters' Club"},"image":{"@id":"https:\/\/evertonfc.cz\/#\/schema\/logo\/image\/"},"sameAs":["https:\/\/www.facebook.com\/everton.fans.cz.sk"]},{"@type":"Person","@id":"https:\/\/evertonfc.cz\/#\/schema\/person\/35904009755e8eaa0dc1a5f5f0419002","name":"Fip","url":"https:\/\/evertonfc.cz\/index.php\/author\/fip\/"}]}},"_links":{"self":[{"href":"https:\/\/evertonfc.cz\/index.php\/wp-json\/wp\/v2\/posts\/28049"}],"collection":[{"href":"https:\/\/evertonfc.cz\/index.php\/wp-json\/wp\/v2\/posts"}],"about":[{"href":"https:\/\/evertonfc.cz\/index.php\/wp-json\/wp\/v2\/types\/post"}],"author":[{"embeddable":true,"href":"https:\/\/evertonfc.cz\/index.php\/wp-json\/wp\/v2\/users\/10"}],"replies":[{"embeddable":true,"href":"https:\/\/evertonfc.cz\/index.php\/wp-json\/wp\/v2\/comments?post=28049"}],"version-history":[{"count":4,"href":"https:\/\/evertonfc.cz\/index.php\/wp-json\/wp\/v2\/posts\/28049\/revisions"}],"predecessor-version":[{"id":28055,"href":"https:\/\/evertonfc.cz\/index.php\/wp-json\/wp\/v2\/posts\/28049\/revisions\/28055"}],"wp:featuredmedia":[{"embeddable":true,"href":"https:\/\/evertonfc.cz\/index.php\/wp-json\/wp\/v2\/media\/28048"}],"wp:attachment":[{"href":"https:\/\/evertonfc.cz\/index.php\/wp-json\/wp\/v2\/media?parent=28049"}],"wp:term":[{"taxonomy":"category","embeddable":true,"href":"https:\/\/evertonfc.cz\/index.php\/wp-json\/wp\/v2\/categories?post=28049"},{"taxonomy":"post_tag","embeddable":true,"href":"https:\/\/evertonfc.cz\/index.php\/wp-json\/wp\/v2\/tags?post=28049"}],"curies":[{"name":"wp","href":"https:\/\/api.w.org\/{rel}","templated":true}]}}