{"id":2807,"date":"2010-05-15T23:14:42","date_gmt":"2010-05-15T21:14:42","guid":{"rendered":"http:\/\/evertonfc.cz\/?p=2807"},"modified":"2019-02-09T23:17:14","modified_gmt":"2019-02-09T22:17:14","slug":"moyes-nadsen-colemanem","status":"publish","type":"post","link":"https:\/\/evertonfc.cz\/index.php\/2010\/05\/15\/moyes-nadsen-colemanem\/","title":{"rendered":"Moyes nad\u0161en Colemanem"},"content":{"rendered":"<h4>David Moyes je pot\u011b\u0161en v\u00fdkony Seamuse Colemana v Blackpoolu, s n\u00edm\u017e je mlad\u00fd obr\u00e1nce kr\u016f\u010dek od postupu do nejvy\u0161\u0161\u00ed anglick\u00e9 ligov\u00e9 sout\u011b\u017ee.<\/h4>\n<p>Coleman ode\u0161el do Blackpoolu v p\u016flce b\u0159ezna, jeliko\u017e na prav\u00e9 stran\u011b obrany v Evertonu byla neprostupn\u00e1 konkurence v podob\u011b Tonyho Hibberta a Phila Nevilla a talentovan\u00fd irsk\u00fd bek pot\u0159eboval pravideln\u011b hr\u00e1t, aby se nad\u00e1le vyv\u00edjel.<\/p>\n<p>Mana\u017eer Blackpoolu Ian Holloway si p\u016fvodn\u011b Colemana p\u0159ivedl jen na m\u011bs\u00ed\u010dn\u00ed hostov\u00e1n\u00ed, jen\u017ee Coleman na n\u011bj natolik zap\u016fsobil, \u017ee ho Holloway za\u010dal stav\u011bt okam\u017eit\u011b do z\u00e1kladn\u00ed sestavy a hostov\u00e1n\u00ed mu prodlou\u017eil a\u017e do konce sez\u00f3ny.<\/p>\n<p>V sou\u010dasnosti m\u00e1 Coleman na kont\u011b 11 start\u016f v z\u00e1kladn\u00ed sestav\u011b Blackpoolu, jednu branku a n\u011bkolik asistenc\u00ed, nav\u00edc na str\u00e1nce skysports.com m\u00e1 od n\u00e1v\u0161t\u011bvn\u00edk\u016f nejlep\u0161\u00ed hodnocen\u00ed z t\u00fdmu, 7,7.<\/p>\n<p>Ten nejd\u016fle\u017eit\u011bj\u0161\u00ed z\u00e1pas ale je\u0161t\u011b sv\u011b\u0159ence Iana Holloway \u010dek\u00e1, ve fin\u00e1le play-off se st\u0159etnou v sobotu 22. kv\u011btna ve Wembley s Cardiffem. V\u00edt\u011bz z\u00e1pasu postoup\u00ed do Premier League. A i kdy\u017e je vel\u0161sk\u00fd t\u00fdm v tom utk\u00e1n\u00ed favoritem, s Blackpoolem se rozhodn\u011b mus\u00ed po\u010d\u00edtat. V\u017edy\u0165 v semifin\u00e1le dvakr\u00e1t porazili siln\u00fd Nottigham Forest.<\/p>\n<p><em>\u201ePodle m\u011b Seamus dok\u00e1zal zaujmout u\u017e hodn\u011b fanou\u0161k\u016f.<\/em><\/p>\n<p><em>Je skv\u011bl\u00e9, \u017ee se n\u00e1m Seamus brzo vr\u00e1t\u00ed. Mus\u00edte si ale neust\u00e1le pamatovat jednu v\u011bc, Seamuse jsme p\u0159ivedli z Irska pouze za 60 000 liber. Kdy\u017e p\u0159i\u0161el, tak m\u011bl m\u00e1lo start\u016f v seniorsk\u00e9m fotbale, proto jsme mu museli d\u00e1t mo\u017enost hr\u00e1t z\u00e1pasy za A-t\u00fdm,\u201c<\/em> vysv\u011btlil Moyes, pro\u010d pustil Colemana na hostov\u00e1n\u00ed do Blackpoolu.<\/p>\n<p>21let\u00fd Ir na sebe prvn\u011b po\u0159\u00e1dn\u011b upozornil v prosinci na Goodison Parku v utk\u00e1n\u00ed proti Tottenhamu. Coleman \u0161el do hry za stavu 2:0 pro Spurs a hlavn\u011b d\u00edky sv\u00e9 aktivit\u011b na prav\u00e9 stran\u011b p\u0159isp\u011bl k vyrovn\u00e1n\u00ed na 2:2.<\/p>\n<p>K tomu ov\u0161em nemuselo doj\u00edt, b\u011bhem p\u0159edsez\u00f3nn\u00ed p\u0159\u00edpravy byl toti\u017e Coleman velmi bl\u00edzko k ukon\u010den\u00ed fotbalov\u00e9 kari\u00e9ry. Coleman m\u011bl probl\u00e9m s puch\u00fd\u0159em na noze, kter\u00fd zas\u00e1hla infekce. Jen d\u00edky velk\u00e9mu \u0161t\u011bst\u00ed se puch\u00fd\u0159 vyl\u00e9\u010dil a Colemanova ohro\u017een\u00e1 kari\u00e9ra mohla pokra\u010dovat d\u00e1l. Zdravotn\u00ed komplikace nastaly u talentovan\u00e9ho obr\u00e1nce v r\u00e1mci p\u0159edsez\u00f3nn\u00edho soust\u0159ed\u011bn\u00ed ve Spojen\u00fdch st\u00e1tech americk\u00fdch.<\/p>\n<p>Celou situaci v minulosti okomentoval klubov\u00fd lek\u00e1\u0159 Mick Rathbone takto: <em>\u201eKdy\u017e jsme vystoupili z letadla v Seattlu, doktor dal Seamusovi siln\u00e9 antibiotika na bolest. Jen\u017ee infekce rychle za\u010dala nohu roze\u017e\u00edrat. Kdyby doktor Irving neprovedl okam\u017eit\u011b operaci, Seamusova kari\u00e9ra by byla u konce.\u201c<\/em><\/p>\n<p>V\u00e1\u017enosti tohoto zran\u011bn\u00ed potvrdil i Moyes:<em> \u201eSeamus m\u011bl v letn\u00ed p\u0159\u00edprav\u011b stra\u0161n\u00e9 zran\u011bn\u00ed, kter\u00e9 mu na del\u0161\u00ed dobu nedovolilo hr\u00e1t fotbal. Kdyby ho nepostihlo, nejsp\u00ed\u0161e by te\u010f m\u011bl na kont\u011b v\u011bt\u0161\u00ed po\u010det odehran\u00fdch z\u00e1pas\u016f a t\u0159eba i pod moj\u00ed taktovkou.<\/em><\/p>\n<p><em>Podle m\u011b ale v\u0161echna ta utk\u00e1n\u00ed, je\u017e odehr\u00e1l v Blackpoolu, mu v\u016fbec neu\u0161kodila.\u201c<\/em><\/p>\n","protected":false},"excerpt":{"rendered":"<p>David Moyes je pot\u011b\u0161en v\u00fdkony Seamuse Colemana v Blackpoolu, s n\u00edm\u017e je mlad\u00fd obr\u00e1nce kr\u016f\u010dek od postupu do nejvy\u0161\u0161\u00ed anglick\u00e9&hellip;<\/p>\n","protected":false},"author":6,"featured_media":1312,"comment_status":"open","ping_status":"closed","sticky":false,"template":"","format":"standard","meta":{"_eb_attr":"","_monsterinsights_skip_tracking":false,"_monsterinsights_sitenote_active":false,"_monsterinsights_sitenote_note":"","_monsterinsights_sitenote_category":0,"footnotes":""},"categories":[1],"tags":[],"yoast_head":"<!-- This site is optimized with the Yoast SEO plugin v23.4 - https:\/\/yoast.com\/wordpress\/plugins\/seo\/ -->\n<title>Moyes nad\u0161en Colemanem - Official Czech &amp; Slovak Everton Supporters&#039; Club<\/title>\n<meta name=\"robots\" content=\"index, follow, max-snippet:-1, max-image-preview:large, max-video-preview:-1\" \/>\n<link rel=\"canonical\" href=\"https:\/\/evertonfc.cz\/index.php\/2010\/05\/15\/moyes-nadsen-colemanem\/\" \/>\n<meta property=\"og:locale\" content=\"cs_CZ\" \/>\n<meta property=\"og:type\" content=\"article\" \/>\n<meta property=\"og:title\" content=\"Moyes nad\u0161en Colemanem - Official Czech &amp; Slovak Everton Supporters&#039; Club\" \/>\n<meta property=\"og:description\" content=\"David Moyes je pot\u011b\u0161en v\u00fdkony Seamuse Colemana v Blackpoolu, s n\u00edm\u017e je mlad\u00fd obr\u00e1nce kr\u016f\u010dek od postupu do nejvy\u0161\u0161\u00ed anglick\u00e9&hellip;\" \/>\n<meta property=\"og:url\" content=\"https:\/\/evertonfc.cz\/index.php\/2010\/05\/15\/moyes-nadsen-colemanem\/\" \/>\n<meta property=\"og:site_name\" content=\"Official Czech &amp; Slovak Everton Supporters&#039; Club\" \/>\n<meta property=\"article:publisher\" content=\"https:\/\/www.facebook.com\/everton.fans.cz.sk\" \/>\n<meta property=\"article:published_time\" content=\"2010-05-15T21:14:42+00:00\" \/>\n<meta property=\"article:modified_time\" content=\"2019-02-09T22:17:14+00:00\" \/>\n<meta property=\"og:image\" content=\"https:\/\/evertonfc.cz\/wp-content\/uploads\/2019\/01\/interview.jpg\" \/>\n\t<meta property=\"og:image:width\" content=\"720\" \/>\n\t<meta property=\"og:image:height\" content=\"405\" \/>\n\t<meta property=\"og:image:type\" content=\"image\/jpeg\" \/>\n<meta name=\"author\" content=\"Ri\u010di\" \/>\n<meta name=\"twitter:card\" content=\"summary_large_image\" \/>\n<meta name=\"twitter:creator\" content=\"@rbrejsa\" \/>\n<meta name=\"twitter:label1\" content=\"Napsal(a)\" \/>\n\t<meta name=\"twitter:data1\" content=\"Ri\u010di\" \/>\n\t<meta name=\"twitter:label2\" content=\"Odhadovan\u00e1 doba \u010dten\u00ed\" \/>\n\t<meta name=\"twitter:data2\" content=\"3 minuty\" \/>\n<script type=\"application\/ld+json\" class=\"yoast-schema-graph\">{\"@context\":\"https:\/\/schema.org\",\"@graph\":[{\"@type\":\"Article\",\"@id\":\"https:\/\/evertonfc.cz\/index.php\/2010\/05\/15\/moyes-nadsen-colemanem\/#article\",\"isPartOf\":{\"@id\":\"https:\/\/evertonfc.cz\/index.php\/2010\/05\/15\/moyes-nadsen-colemanem\/\"},\"author\":{\"name\":\"Ri\u010di\",\"@id\":\"https:\/\/evertonfc.cz\/#\/schema\/person\/f7a5daedb2ffee98480bc70e191aaef1\"},\"headline\":\"Moyes nad\u0161en Colemanem\",\"datePublished\":\"2010-05-15T21:14:42+00:00\",\"dateModified\":\"2019-02-09T22:17:14+00:00\",\"mainEntityOfPage\":{\"@id\":\"https:\/\/evertonfc.cz\/index.php\/2010\/05\/15\/moyes-nadsen-colemanem\/\"},\"wordCount\":561,\"commentCount\":0,\"publisher\":{\"@id\":\"https:\/\/evertonfc.cz\/#organization\"},\"image\":{\"@id\":\"https:\/\/evertonfc.cz\/index.php\/2010\/05\/15\/moyes-nadsen-colemanem\/#primaryimage\"},\"thumbnailUrl\":\"https:\/\/evertonfc.cz\/wp-content\/uploads\/2019\/01\/interview.jpg\",\"articleSection\":[\"Rozhovory\"],\"inLanguage\":\"cs\",\"potentialAction\":[{\"@type\":\"CommentAction\",\"name\":\"Comment\",\"target\":[\"https:\/\/evertonfc.cz\/index.php\/2010\/05\/15\/moyes-nadsen-colemanem\/#respond\"]}]},{\"@type\":\"WebPage\",\"@id\":\"https:\/\/evertonfc.cz\/index.php\/2010\/05\/15\/moyes-nadsen-colemanem\/\",\"url\":\"https:\/\/evertonfc.cz\/index.php\/2010\/05\/15\/moyes-nadsen-colemanem\/\",\"name\":\"Moyes nad\u0161en Colemanem - Official Czech &amp; Slovak Everton Supporters&#039; Club\",\"isPartOf\":{\"@id\":\"https:\/\/evertonfc.cz\/#website\"},\"primaryImageOfPage\":{\"@id\":\"https:\/\/evertonfc.cz\/index.php\/2010\/05\/15\/moyes-nadsen-colemanem\/#primaryimage\"},\"image\":{\"@id\":\"https:\/\/evertonfc.cz\/index.php\/2010\/05\/15\/moyes-nadsen-colemanem\/#primaryimage\"},\"thumbnailUrl\":\"https:\/\/evertonfc.cz\/wp-content\/uploads\/2019\/01\/interview.jpg\",\"datePublished\":\"2010-05-15T21:14:42+00:00\",\"dateModified\":\"2019-02-09T22:17:14+00:00\",\"breadcrumb\":{\"@id\":\"https:\/\/evertonfc.cz\/index.php\/2010\/05\/15\/moyes-nadsen-colemanem\/#breadcrumb\"},\"inLanguage\":\"cs\",\"potentialAction\":[{\"@type\":\"ReadAction\",\"target\":[\"https:\/\/evertonfc.cz\/index.php\/2010\/05\/15\/moyes-nadsen-colemanem\/\"]}]},{\"@type\":\"ImageObject\",\"inLanguage\":\"cs\",\"@id\":\"https:\/\/evertonfc.cz\/index.php\/2010\/05\/15\/moyes-nadsen-colemanem\/#primaryimage\",\"url\":\"https:\/\/evertonfc.cz\/wp-content\/uploads\/2019\/01\/interview.jpg\",\"contentUrl\":\"https:\/\/evertonfc.cz\/wp-content\/uploads\/2019\/01\/interview.jpg\",\"width\":720,\"height\":405},{\"@type\":\"BreadcrumbList\",\"@id\":\"https:\/\/evertonfc.cz\/index.php\/2010\/05\/15\/moyes-nadsen-colemanem\/#breadcrumb\",\"itemListElement\":[{\"@type\":\"ListItem\",\"position\":1,\"name\":\"Home\",\"item\":\"https:\/\/evertonfc.cz\/\"},{\"@type\":\"ListItem\",\"position\":2,\"name\":\"Moyes nad\u0161en Colemanem\"}]},{\"@type\":\"WebSite\",\"@id\":\"https:\/\/evertonfc.cz\/#website\",\"url\":\"https:\/\/evertonfc.cz\/\",\"name\":\"Official Czech &amp; Slovak Everton Supporters&#039; Club\",\"description\":\"\",\"publisher\":{\"@id\":\"https:\/\/evertonfc.cz\/#organization\"},\"potentialAction\":[{\"@type\":\"SearchAction\",\"target\":{\"@type\":\"EntryPoint\",\"urlTemplate\":\"https:\/\/evertonfc.cz\/?s={search_term_string}\"},\"query-input\":{\"@type\":\"PropertyValueSpecification\",\"valueRequired\":true,\"valueName\":\"search_term_string\"}}],\"inLanguage\":\"cs\"},{\"@type\":\"Organization\",\"@id\":\"https:\/\/evertonfc.cz\/#organization\",\"name\":\"Official Czech & Slovak Everton Supporters' Club\",\"url\":\"https:\/\/evertonfc.cz\/\",\"logo\":{\"@type\":\"ImageObject\",\"inLanguage\":\"cs\",\"@id\":\"https:\/\/evertonfc.cz\/#\/schema\/logo\/image\/\",\"url\":\"https:\/\/evertonfc.cz\/wp-content\/uploads\/2019\/05\/logo.png\",\"contentUrl\":\"https:\/\/evertonfc.cz\/wp-content\/uploads\/2019\/05\/logo.png\",\"width\":112,\"height\":112,\"caption\":\"Official Czech & Slovak Everton Supporters' Club\"},\"image\":{\"@id\":\"https:\/\/evertonfc.cz\/#\/schema\/logo\/image\/\"},\"sameAs\":[\"https:\/\/www.facebook.com\/everton.fans.cz.sk\"]},{\"@type\":\"Person\",\"@id\":\"https:\/\/evertonfc.cz\/#\/schema\/person\/f7a5daedb2ffee98480bc70e191aaef1\",\"name\":\"Ri\u010di\",\"sameAs\":[\"https:\/\/x.com\/rbrejsa\"],\"url\":\"https:\/\/evertonfc.cz\/index.php\/author\/rici\/\"}]}<\/script>\n<!-- \/ Yoast SEO plugin. -->","yoast_head_json":{"title":"Moyes nad\u0161en Colemanem - Official Czech &amp; Slovak Everton Supporters&#039; Club","robots":{"index":"index","follow":"follow","max-snippet":"max-snippet:-1","max-image-preview":"max-image-preview:large","max-video-preview":"max-video-preview:-1"},"canonical":"https:\/\/evertonfc.cz\/index.php\/2010\/05\/15\/moyes-nadsen-colemanem\/","og_locale":"cs_CZ","og_type":"article","og_title":"Moyes nad\u0161en Colemanem - Official Czech &amp; Slovak Everton Supporters&#039; Club","og_description":"David Moyes je pot\u011b\u0161en v\u00fdkony Seamuse Colemana v Blackpoolu, s n\u00edm\u017e je mlad\u00fd obr\u00e1nce kr\u016f\u010dek od postupu do nejvy\u0161\u0161\u00ed anglick\u00e9&hellip;","og_url":"https:\/\/evertonfc.cz\/index.php\/2010\/05\/15\/moyes-nadsen-colemanem\/","og_site_name":"Official Czech &amp; Slovak Everton Supporters&#039; Club","article_publisher":"https:\/\/www.facebook.com\/everton.fans.cz.sk","article_published_time":"2010-05-15T21:14:42+00:00","article_modified_time":"2019-02-09T22:17:14+00:00","og_image":[{"width":720,"height":405,"url":"https:\/\/evertonfc.cz\/wp-content\/uploads\/2019\/01\/interview.jpg","type":"image\/jpeg"}],"author":"Ri\u010di","twitter_card":"summary_large_image","twitter_creator":"@rbrejsa","twitter_misc":{"Napsal(a)":"Ri\u010di","Odhadovan\u00e1 doba \u010dten\u00ed":"3 minuty"},"schema":{"@context":"https:\/\/schema.org","@graph":[{"@type":"Article","@id":"https:\/\/evertonfc.cz\/index.php\/2010\/05\/15\/moyes-nadsen-colemanem\/#article","isPartOf":{"@id":"https:\/\/evertonfc.cz\/index.php\/2010\/05\/15\/moyes-nadsen-colemanem\/"},"author":{"name":"Ri\u010di","@id":"https:\/\/evertonfc.cz\/#\/schema\/person\/f7a5daedb2ffee98480bc70e191aaef1"},"headline":"Moyes nad\u0161en Colemanem","datePublished":"2010-05-15T21:14:42+00:00","dateModified":"2019-02-09T22:17:14+00:00","mainEntityOfPage":{"@id":"https:\/\/evertonfc.cz\/index.php\/2010\/05\/15\/moyes-nadsen-colemanem\/"},"wordCount":561,"commentCount":0,"publisher":{"@id":"https:\/\/evertonfc.cz\/#organization"},"image":{"@id":"https:\/\/evertonfc.cz\/index.php\/2010\/05\/15\/moyes-nadsen-colemanem\/#primaryimage"},"thumbnailUrl":"https:\/\/evertonfc.cz\/wp-content\/uploads\/2019\/01\/interview.jpg","articleSection":["Rozhovory"],"inLanguage":"cs","potentialAction":[{"@type":"CommentAction","name":"Comment","target":["https:\/\/evertonfc.cz\/index.php\/2010\/05\/15\/moyes-nadsen-colemanem\/#respond"]}]},{"@type":"WebPage","@id":"https:\/\/evertonfc.cz\/index.php\/2010\/05\/15\/moyes-nadsen-colemanem\/","url":"https:\/\/evertonfc.cz\/index.php\/2010\/05\/15\/moyes-nadsen-colemanem\/","name":"Moyes nad\u0161en Colemanem - Official Czech &amp; Slovak Everton Supporters&#039; Club","isPartOf":{"@id":"https:\/\/evertonfc.cz\/#website"},"primaryImageOfPage":{"@id":"https:\/\/evertonfc.cz\/index.php\/2010\/05\/15\/moyes-nadsen-colemanem\/#primaryimage"},"image":{"@id":"https:\/\/evertonfc.cz\/index.php\/2010\/05\/15\/moyes-nadsen-colemanem\/#primaryimage"},"thumbnailUrl":"https:\/\/evertonfc.cz\/wp-content\/uploads\/2019\/01\/interview.jpg","datePublished":"2010-05-15T21:14:42+00:00","dateModified":"2019-02-09T22:17:14+00:00","breadcrumb":{"@id":"https:\/\/evertonfc.cz\/index.php\/2010\/05\/15\/moyes-nadsen-colemanem\/#breadcrumb"},"inLanguage":"cs","potentialAction":[{"@type":"ReadAction","target":["https:\/\/evertonfc.cz\/index.php\/2010\/05\/15\/moyes-nadsen-colemanem\/"]}]},{"@type":"ImageObject","inLanguage":"cs","@id":"https:\/\/evertonfc.cz\/index.php\/2010\/05\/15\/moyes-nadsen-colemanem\/#primaryimage","url":"https:\/\/evertonfc.cz\/wp-content\/uploads\/2019\/01\/interview.jpg","contentUrl":"https:\/\/evertonfc.cz\/wp-content\/uploads\/2019\/01\/interview.jpg","width":720,"height":405},{"@type":"BreadcrumbList","@id":"https:\/\/evertonfc.cz\/index.php\/2010\/05\/15\/moyes-nadsen-colemanem\/#breadcrumb","itemListElement":[{"@type":"ListItem","position":1,"name":"Home","item":"https:\/\/evertonfc.cz\/"},{"@type":"ListItem","position":2,"name":"Moyes nad\u0161en Colemanem"}]},{"@type":"WebSite","@id":"https:\/\/evertonfc.cz\/#website","url":"https:\/\/evertonfc.cz\/","name":"Official Czech &amp; Slovak Everton Supporters&#039; Club","description":"","publisher":{"@id":"https:\/\/evertonfc.cz\/#organization"},"potentialAction":[{"@type":"SearchAction","target":{"@type":"EntryPoint","urlTemplate":"https:\/\/evertonfc.cz\/?s={search_term_string}"},"query-input":{"@type":"PropertyValueSpecification","valueRequired":true,"valueName":"search_term_string"}}],"inLanguage":"cs"},{"@type":"Organization","@id":"https:\/\/evertonfc.cz\/#organization","name":"Official Czech & Slovak Everton Supporters' Club","url":"https:\/\/evertonfc.cz\/","logo":{"@type":"ImageObject","inLanguage":"cs","@id":"https:\/\/evertonfc.cz\/#\/schema\/logo\/image\/","url":"https:\/\/evertonfc.cz\/wp-content\/uploads\/2019\/05\/logo.png","contentUrl":"https:\/\/evertonfc.cz\/wp-content\/uploads\/2019\/05\/logo.png","width":112,"height":112,"caption":"Official Czech & Slovak Everton Supporters' Club"},"image":{"@id":"https:\/\/evertonfc.cz\/#\/schema\/logo\/image\/"},"sameAs":["https:\/\/www.facebook.com\/everton.fans.cz.sk"]},{"@type":"Person","@id":"https:\/\/evertonfc.cz\/#\/schema\/person\/f7a5daedb2ffee98480bc70e191aaef1","name":"Ri\u010di","sameAs":["https:\/\/x.com\/rbrejsa"],"url":"https:\/\/evertonfc.cz\/index.php\/author\/rici\/"}]}},"_links":{"self":[{"href":"https:\/\/evertonfc.cz\/index.php\/wp-json\/wp\/v2\/posts\/2807"}],"collection":[{"href":"https:\/\/evertonfc.cz\/index.php\/wp-json\/wp\/v2\/posts"}],"about":[{"href":"https:\/\/evertonfc.cz\/index.php\/wp-json\/wp\/v2\/types\/post"}],"author":[{"embeddable":true,"href":"https:\/\/evertonfc.cz\/index.php\/wp-json\/wp\/v2\/users\/6"}],"replies":[{"embeddable":true,"href":"https:\/\/evertonfc.cz\/index.php\/wp-json\/wp\/v2\/comments?post=2807"}],"version-history":[{"count":1,"href":"https:\/\/evertonfc.cz\/index.php\/wp-json\/wp\/v2\/posts\/2807\/revisions"}],"predecessor-version":[{"id":2808,"href":"https:\/\/evertonfc.cz\/index.php\/wp-json\/wp\/v2\/posts\/2807\/revisions\/2808"}],"wp:featuredmedia":[{"embeddable":true,"href":"https:\/\/evertonfc.cz\/index.php\/wp-json\/wp\/v2\/media\/1312"}],"wp:attachment":[{"href":"https:\/\/evertonfc.cz\/index.php\/wp-json\/wp\/v2\/media?parent=2807"}],"wp:term":[{"taxonomy":"category","embeddable":true,"href":"https:\/\/evertonfc.cz\/index.php\/wp-json\/wp\/v2\/categories?post=2807"},{"taxonomy":"post_tag","embeddable":true,"href":"https:\/\/evertonfc.cz\/index.php\/wp-json\/wp\/v2\/tags?post=2807"}],"curies":[{"name":"wp","href":"https:\/\/api.w.org\/{rel}","templated":true}]}}