{"id":28070,"date":"2025-12-20T10:09:25","date_gmt":"2025-12-20T09:09:25","guid":{"rendered":"https:\/\/evertonfc.cz\/?p=28070"},"modified":"2025-12-20T20:52:42","modified_gmt":"2025-12-20T19:52:42","slug":"preview-everton-arsenal-17","status":"publish","type":"post","link":"https:\/\/evertonfc.cz\/index.php\/2025\/12\/20\/preview-everton-arsenal-17\/","title":{"rendered":"Preview: Everton &#8211; Arsenal"},"content":{"rendered":"<h4>&#8222;Nazdar, Mikeli, ty starej brachu. R\u00e1d t\u011b vid\u00edm a v\u00edt\u00e1m t\u011b na na\u0161em p\u011bkn\u00e9m nov\u00e9m stadionu. Hele, hodil by ses mi aspo\u0148 na lavi\u010dku. \u0160lo by to?&#8220; &#8211; &#8222;To nev\u00edm, Dejve, u\u017e jsem n\u011bjakej ten rok netr\u00e9noval.&#8220;<\/h4>\n<p>Tak zrovna tohle si nepochybn\u011b sta\u0159\u00ed zn\u00e1m\u00ed ne\u0159ekli. Ale popo\u0159\u00e1dku. Advent je mj. \u010das pov\u00edd\u00e1n\u00ed a sch\u00e1zen\u00ed se s p\u0159\u00e1teli. A tohle se dnes ve\u010der stane. Arteta <a href=\"https:\/\/www.arsenal.com\/news\/story-mikel-artetas-six-years-everton\">str\u00e1vil 6 sezon<\/a> na Goodison Parku pr\u00e1v\u011b pod Moyesem, byl \u010dlenem b\u00e1je\u010dn\u00e9ho t\u00fdmu s Pienaarem a s Bainesem.<\/p>\n<p>Kari\u00e9ru zakon\u010dil pr\u00e1v\u011b v Arsenalu, kam byl z Evertonu prod\u00e1n, \u0159\u00edk\u00e1 se, \u017ee kv\u016fli nutnosti splatit n\u011bco bank\u00e1m. Jist\u011b nejsem s\u00e1m, koho zaj\u00edm\u00e1, co si sd\u011bl\u00ed na poz\u00e1pasov\u00e9m v\u00edn\u011b, t\u0159eba zrovna i s Bainesem. Lze \u0159\u00edci, \u017ee p\u0159ijezd Arsenalu na posledn\u00ed dom\u00e1c\u00ed utk\u00e1n\u00ed kalend\u00e1\u0159n\u00edho roku 2025 je d\u00e1rek pro fanou\u0161ky. Moment\u00e1ln\u011b vede Premier League, Ligu mistr\u016f (jedin\u00fd t\u00fdm, kter\u00fd vyhr\u00e1l v\u0161echny z\u00e1pasy) a v \u00fater\u00fd bude hr\u00e1t doma \u010dtvrtfin\u00e1le Ligov\u00e9ho poh\u00e1ru proti Crystal Palace. Zkr\u00e1tka se da\u0159\u00ed a nutn\u011b se dostavil hovor o titulu, zvl\u00e1\u0161\u0165, kdy\u017e obh\u00e1jce u\u017e nen\u00ed ve h\u0159e.\u00a0Tak uvid\u00edme, zda Gunners budou po 22 letech j\u00e1sat.<\/p>\n<p>\u017de jsou poraziteln\u00ed, to u\u017e t\u00fdden v\u00edme &#8211; po tragick\u00e9m v\u00fdkonu ve Villa Parku v prvn\u00ed p\u016fli se v\u00fdrazn\u011b zlep\u0161ili v polo\u010dase druh\u00e9m, aby v nastaven\u00ed nebyli schopni odkopnout m\u00ed\u010d z vlastn\u00edho v\u00e1pna, za co\u017e je Buend\u00eda st\u0159elou pod b\u0159evno potrestal. N\u00e1sleduj\u00edc\u00ed dom\u00e1c\u00ed v\u00fdhra nad Wolves byla spln\u011bnou povinnost\u00ed, ale i tak pot\u0159ebovali vlastn\u00ed branku Yersona Mosquery z 94. minuty.<\/p>\n<p>Samoz\u0159ejm\u011b jsou n\u011bjak\u00e9 bol\u00edstky, proti Wolverhamptonu nedohr\u00e1l White, kter\u00fd vynech\u00e1 dne\u0161n\u00ed utk\u00e1n\u00ed kv\u016fli p\u0159itahova\u010di stehenn\u00edho svalu. Nebude hr\u00e1t ani Gabriel, kter\u00fd u\u017e ale tr\u00e9nuje a n\u00e1vratu se bl\u00ed\u017e\u00ed i Havertz, kter\u00fd si poranil koleno v prvn\u00edm kole ligy a od t\u00e9 doby nehraje. Kv\u016fli zran\u011bn\u00fdm kotn\u00edk\u016fm nebudou hr\u00e1t ani Dowman a Cristian Mosquera. Jednoz\u00e1pasov\u00fd trest za p\u011bt \u017elut\u00fdch karet si odst\u00e1l Calafiori. Jeden tr\u00e9nink tento t\u00fdden vynechal i Zubimendi, ale m\u011bl by b\u00fdt k dispozici.<\/p>\n<p>To i Everton m\u00e1 trochu starosti. Gana s Ndiayem odjeli na mistrovstv\u00ed Afriky reprezentovat Senegal, velkou ztr\u00e1tou je absence Dewsburyho-Halla, kter\u00fd hned tak nebude. Pokra\u010duj\u00edc\u00ed zran\u011bn\u00ed nedovol\u00ed nastoupit Colemanovi a Branthwaiteovi. Naopak se uzdravil Grealish a nepochybn\u011b nastoup\u00ed v z\u00e1kladn\u00ed sestav\u011b, po operaci k\u00fdly ji\u017e tr\u00e9nuje R\u00f6hl a je mo\u017en\u00e9, \u017ee bude nominovan\u00fd k utk\u00e1n\u00ed \/pro za\u010d\u00e1tek nepochybn\u011b na lavi\u010dku\/.<\/p>\n<p>To je nepochybn\u011b dobr\u00e1 zpr\u00e1va. Zvl\u00e1\u0161\u0165, kdy\u017e Garner m\u00e1 4 \u017elut\u00e9 a dal\u0161\u00ed mu vystav\u00ed stopku na jeden z\u00e1pas. Vzhledem k absenc\u00edm v z\u00e1loze si zahraj\u00ed hodn\u011b Alcaraz a McNeil, v\u00edce \u010dasu z\u0159ejm\u011b dostane z lavi\u010dky Dibling. Moyes na p\u0159edz\u00e1pasov\u00e9 konferenci zm\u00ednil i p\u0159\u00edpadn\u00e9 povol\u00e1n\u00ed Armstronga z ro\u010dn\u00ed hostova\u010dky v druholigov\u00e9m Prestonu, &#8222;<em>je to mo\u017en\u00e9 a zv\u00e1\u017e\u00edme to<\/em>&#8220; zn\u011bla jeho slova.<\/p>\n<p>Za zvl\u00e1\u0161tn\u00ed hodinu z\u00e1pasu m\u016f\u017ee \u010d\u00e1ste\u010dn\u011b \u010dtvrtfin\u00e1le Ligov\u00e9ho poh\u00e1ru a taky \u017e\u00e1dost Arsenalu. Ten vznesl dostate\u010dn\u011b pon\u00ed\u017eenou prosbu, zda by mohl tento z\u00e1pas b\u00fdt sehr\u00e1n v sobotu m\u00edsto p\u016fvodn\u011b pl\u00e1novan\u00e9ho term\u00ednu v ned\u011bli v 15 hodin, aby m\u011bl p\u0159ed \u00fater\u00fdm dva cel\u00e9 dny. Liga vyhov\u011bla, tak\u017ee od dne\u0161n\u00edch 21 hodin se hraj\u00ed sou\u010dasn\u011b dva z\u00e1pasy (je\u0161t\u011b Leeds &#8211; Crystal Palace) a z\u00edtra se hraje pouze jeden z\u00e1pas od p\u016fl \u0161est\u00e9, konkr\u00e9tn\u011b Aston Villa &#8211; Manchester United.<\/p>\n<p style=\"text-align: right;\"><span style=\"font-size: 8pt;\">(fotozdroj: Michael Regan-Action Images)<\/span><\/p>\n<p><strong>Co: <\/strong>Everton FC \u2013 Arsenal FC, 17. kolo Premier League<br \/>\n<strong>Kdy: <\/strong>20. prosince 2025 od 21:00<br \/>\n<strong>Kde:\u00a0<\/strong>Hill Dickinson Stadium \u2013 Bramley-Moore Dock, Regent Rd, Liverpool L5 9SR (kapacita: 52 769)<br \/>\n<strong>TV:\u00a0<\/strong>P\u0159\u00edm\u00fd p\u0159enos na stanici Canal+ sport, komentuje Mat\u00fa\u0161 Luk\u00e1\u010d<br \/>\n<strong>Rozhod\u010d\u00ed: <\/strong>Samuel Barrott \u2013Timothy Wood, Wade Smith\u00a0 <strong>\u010ctvrt\u00fd rozhod\u010d\u00ed:<\/strong> Oliver Langford<br \/>\n<strong>Videorozhod\u010d\u00ed:\u00a0<\/strong>Michael Salisburry\u00a0 <strong>Asistent videorozhod\u010d\u00edho:\u00a0<\/strong>Peter Wright<\/p>\n","protected":false},"excerpt":{"rendered":"<p>&#8222;Nazdar, Mikeli, ty starej brachu. R\u00e1d t\u011b vid\u00edm a v\u00edt\u00e1m t\u011b na na\u0161em p\u011bkn\u00e9m nov\u00e9m stadionu. Hele, hodil by ses mi aspo\u0148 na lavi\u010dku. \u0160lo by to?&#8220; &#8211; &#8222;To nev\u00edm, Dejve, u\u017e jsem n\u011bjakej ten rok netr\u00e9noval.&#8220;<\/p>\n","protected":false},"author":12,"featured_media":28074,"comment_status":"open","ping_status":"closed","sticky":false,"template":"","format":"standard","meta":{"_eb_attr":"","_monsterinsights_skip_tracking":false,"_monsterinsights_sitenote_active":false,"_monsterinsights_sitenote_note":"","_monsterinsights_sitenote_category":0,"footnotes":""},"categories":[4],"tags":[],"yoast_head":"<!-- This site is optimized with the Yoast SEO plugin v23.4 - https:\/\/yoast.com\/wordpress\/plugins\/seo\/ -->\n<title>Preview: Everton - Arsenal - Official Czech &amp; Slovak Everton Supporters&#039; Club<\/title>\n<meta name=\"description\" content=\"Solidn\u00ed t\u00fdm doma ca nejlep\u0161\u00ed t\u00fdm Evropy. Je se na co t\u011b\u0161it.\" \/>\n<meta name=\"robots\" content=\"index, follow, max-snippet:-1, max-image-preview:large, max-video-preview:-1\" \/>\n<link rel=\"canonical\" href=\"https:\/\/evertonfc.cz\/index.php\/2025\/12\/20\/preview-everton-arsenal-17\/\" \/>\n<meta property=\"og:locale\" content=\"cs_CZ\" \/>\n<meta property=\"og:type\" content=\"article\" \/>\n<meta property=\"og:title\" content=\"Preview: Everton - Arsenal - Official Czech &amp; Slovak Everton Supporters&#039; Club\" \/>\n<meta property=\"og:description\" content=\"Solidn\u00ed t\u00fdm doma ca nejlep\u0161\u00ed t\u00fdm Evropy. Je se na co t\u011b\u0161it.\" \/>\n<meta property=\"og:url\" content=\"https:\/\/evertonfc.cz\/index.php\/2025\/12\/20\/preview-everton-arsenal-17\/\" \/>\n<meta property=\"og:site_name\" content=\"Official Czech &amp; Slovak Everton Supporters&#039; Club\" \/>\n<meta property=\"article:publisher\" content=\"https:\/\/www.facebook.com\/everton.fans.cz.sk\" \/>\n<meta property=\"article:published_time\" content=\"2025-12-20T09:09:25+00:00\" \/>\n<meta property=\"article:modified_time\" content=\"2025-12-20T19:52:42+00:00\" \/>\n<meta property=\"og:image\" content=\"https:\/\/evertonfc.cz\/wp-content\/uploads\/2025\/12\/Moyes-Arteta-by-Michael-Regan-Action-Images-20-12-2025.jpg\" \/>\n\t<meta property=\"og:image:width\" content=\"720\" \/>\n\t<meta property=\"og:image:height\" content=\"405\" \/>\n\t<meta property=\"og:image:type\" content=\"image\/jpeg\" \/>\n<meta name=\"author\" content=\"Javor\" \/>\n<meta name=\"twitter:card\" content=\"summary_large_image\" \/>\n<meta name=\"twitter:creator\" content=\"@LoudinJan\" \/>\n<meta name=\"twitter:label1\" content=\"Napsal(a)\" \/>\n\t<meta name=\"twitter:data1\" content=\"Javor\" \/>\n\t<meta name=\"twitter:label2\" content=\"Odhadovan\u00e1 doba \u010dten\u00ed\" \/>\n\t<meta name=\"twitter:data2\" content=\"4 minuty\" \/>\n<script type=\"application\/ld+json\" class=\"yoast-schema-graph\">{\"@context\":\"https:\/\/schema.org\",\"@graph\":[{\"@type\":\"Article\",\"@id\":\"https:\/\/evertonfc.cz\/index.php\/2025\/12\/20\/preview-everton-arsenal-17\/#article\",\"isPartOf\":{\"@id\":\"https:\/\/evertonfc.cz\/index.php\/2025\/12\/20\/preview-everton-arsenal-17\/\"},\"author\":{\"name\":\"Javor\",\"@id\":\"https:\/\/evertonfc.cz\/#\/schema\/person\/b30daf6a5852f4811f8207a17ec1bf78\"},\"headline\":\"Preview: Everton &#8211; Arsenal\",\"datePublished\":\"2025-12-20T09:09:25+00:00\",\"dateModified\":\"2025-12-20T19:52:42+00:00\",\"mainEntityOfPage\":{\"@id\":\"https:\/\/evertonfc.cz\/index.php\/2025\/12\/20\/preview-everton-arsenal-17\/\"},\"wordCount\":740,\"commentCount\":5,\"publisher\":{\"@id\":\"https:\/\/evertonfc.cz\/#organization\"},\"image\":{\"@id\":\"https:\/\/evertonfc.cz\/index.php\/2025\/12\/20\/preview-everton-arsenal-17\/#primaryimage\"},\"thumbnailUrl\":\"https:\/\/evertonfc.cz\/wp-content\/uploads\/2025\/12\/Moyes-Arteta-by-Michael-Regan-Action-Images-20-12-2025.jpg\",\"articleSection\":[\"Z\u00e1pasy\"],\"inLanguage\":\"cs\",\"potentialAction\":[{\"@type\":\"CommentAction\",\"name\":\"Comment\",\"target\":[\"https:\/\/evertonfc.cz\/index.php\/2025\/12\/20\/preview-everton-arsenal-17\/#respond\"]}]},{\"@type\":\"WebPage\",\"@id\":\"https:\/\/evertonfc.cz\/index.php\/2025\/12\/20\/preview-everton-arsenal-17\/\",\"url\":\"https:\/\/evertonfc.cz\/index.php\/2025\/12\/20\/preview-everton-arsenal-17\/\",\"name\":\"Preview: Everton - Arsenal - Official Czech &amp; Slovak Everton Supporters&#039; Club\",\"isPartOf\":{\"@id\":\"https:\/\/evertonfc.cz\/#website\"},\"primaryImageOfPage\":{\"@id\":\"https:\/\/evertonfc.cz\/index.php\/2025\/12\/20\/preview-everton-arsenal-17\/#primaryimage\"},\"image\":{\"@id\":\"https:\/\/evertonfc.cz\/index.php\/2025\/12\/20\/preview-everton-arsenal-17\/#primaryimage\"},\"thumbnailUrl\":\"https:\/\/evertonfc.cz\/wp-content\/uploads\/2025\/12\/Moyes-Arteta-by-Michael-Regan-Action-Images-20-12-2025.jpg\",\"datePublished\":\"2025-12-20T09:09:25+00:00\",\"dateModified\":\"2025-12-20T19:52:42+00:00\",\"description\":\"Solidn\u00ed t\u00fdm doma ca nejlep\u0161\u00ed t\u00fdm Evropy. Je se na co t\u011b\u0161it.\",\"breadcrumb\":{\"@id\":\"https:\/\/evertonfc.cz\/index.php\/2025\/12\/20\/preview-everton-arsenal-17\/#breadcrumb\"},\"inLanguage\":\"cs\",\"potentialAction\":[{\"@type\":\"ReadAction\",\"target\":[\"https:\/\/evertonfc.cz\/index.php\/2025\/12\/20\/preview-everton-arsenal-17\/\"]}]},{\"@type\":\"ImageObject\",\"inLanguage\":\"cs\",\"@id\":\"https:\/\/evertonfc.cz\/index.php\/2025\/12\/20\/preview-everton-arsenal-17\/#primaryimage\",\"url\":\"https:\/\/evertonfc.cz\/wp-content\/uploads\/2025\/12\/Moyes-Arteta-by-Michael-Regan-Action-Images-20-12-2025.jpg\",\"contentUrl\":\"https:\/\/evertonfc.cz\/wp-content\/uploads\/2025\/12\/Moyes-Arteta-by-Michael-Regan-Action-Images-20-12-2025.jpg\",\"width\":720,\"height\":405},{\"@type\":\"BreadcrumbList\",\"@id\":\"https:\/\/evertonfc.cz\/index.php\/2025\/12\/20\/preview-everton-arsenal-17\/#breadcrumb\",\"itemListElement\":[{\"@type\":\"ListItem\",\"position\":1,\"name\":\"Home\",\"item\":\"https:\/\/evertonfc.cz\/\"},{\"@type\":\"ListItem\",\"position\":2,\"name\":\"Preview: Everton &#8211; Arsenal\"}]},{\"@type\":\"WebSite\",\"@id\":\"https:\/\/evertonfc.cz\/#website\",\"url\":\"https:\/\/evertonfc.cz\/\",\"name\":\"Official Czech &amp; Slovak Everton Supporters&#039; Club\",\"description\":\"\",\"publisher\":{\"@id\":\"https:\/\/evertonfc.cz\/#organization\"},\"potentialAction\":[{\"@type\":\"SearchAction\",\"target\":{\"@type\":\"EntryPoint\",\"urlTemplate\":\"https:\/\/evertonfc.cz\/?s={search_term_string}\"},\"query-input\":{\"@type\":\"PropertyValueSpecification\",\"valueRequired\":true,\"valueName\":\"search_term_string\"}}],\"inLanguage\":\"cs\"},{\"@type\":\"Organization\",\"@id\":\"https:\/\/evertonfc.cz\/#organization\",\"name\":\"Official Czech & Slovak Everton Supporters' Club\",\"url\":\"https:\/\/evertonfc.cz\/\",\"logo\":{\"@type\":\"ImageObject\",\"inLanguage\":\"cs\",\"@id\":\"https:\/\/evertonfc.cz\/#\/schema\/logo\/image\/\",\"url\":\"https:\/\/evertonfc.cz\/wp-content\/uploads\/2019\/05\/logo.png\",\"contentUrl\":\"https:\/\/evertonfc.cz\/wp-content\/uploads\/2019\/05\/logo.png\",\"width\":112,\"height\":112,\"caption\":\"Official Czech & Slovak Everton Supporters' Club\"},\"image\":{\"@id\":\"https:\/\/evertonfc.cz\/#\/schema\/logo\/image\/\"},\"sameAs\":[\"https:\/\/www.facebook.com\/everton.fans.cz.sk\"]},{\"@type\":\"Person\",\"@id\":\"https:\/\/evertonfc.cz\/#\/schema\/person\/b30daf6a5852f4811f8207a17ec1bf78\",\"name\":\"Javor\",\"sameAs\":[\"https:\/\/x.com\/LoudinJan\"],\"url\":\"https:\/\/evertonfc.cz\/index.php\/author\/javor\/\"}]}<\/script>\n<!-- \/ Yoast SEO plugin. -->","yoast_head_json":{"title":"Preview: Everton - Arsenal - Official Czech &amp; Slovak Everton Supporters&#039; Club","description":"Solidn\u00ed t\u00fdm doma ca nejlep\u0161\u00ed t\u00fdm Evropy. Je se na co t\u011b\u0161it.","robots":{"index":"index","follow":"follow","max-snippet":"max-snippet:-1","max-image-preview":"max-image-preview:large","max-video-preview":"max-video-preview:-1"},"canonical":"https:\/\/evertonfc.cz\/index.php\/2025\/12\/20\/preview-everton-arsenal-17\/","og_locale":"cs_CZ","og_type":"article","og_title":"Preview: Everton - Arsenal - Official Czech &amp; Slovak Everton Supporters&#039; Club","og_description":"Solidn\u00ed t\u00fdm doma ca nejlep\u0161\u00ed t\u00fdm Evropy. Je se na co t\u011b\u0161it.","og_url":"https:\/\/evertonfc.cz\/index.php\/2025\/12\/20\/preview-everton-arsenal-17\/","og_site_name":"Official Czech &amp; Slovak Everton Supporters&#039; Club","article_publisher":"https:\/\/www.facebook.com\/everton.fans.cz.sk","article_published_time":"2025-12-20T09:09:25+00:00","article_modified_time":"2025-12-20T19:52:42+00:00","og_image":[{"width":720,"height":405,"url":"https:\/\/evertonfc.cz\/wp-content\/uploads\/2025\/12\/Moyes-Arteta-by-Michael-Regan-Action-Images-20-12-2025.jpg","type":"image\/jpeg"}],"author":"Javor","twitter_card":"summary_large_image","twitter_creator":"@LoudinJan","twitter_misc":{"Napsal(a)":"Javor","Odhadovan\u00e1 doba \u010dten\u00ed":"4 minuty"},"schema":{"@context":"https:\/\/schema.org","@graph":[{"@type":"Article","@id":"https:\/\/evertonfc.cz\/index.php\/2025\/12\/20\/preview-everton-arsenal-17\/#article","isPartOf":{"@id":"https:\/\/evertonfc.cz\/index.php\/2025\/12\/20\/preview-everton-arsenal-17\/"},"author":{"name":"Javor","@id":"https:\/\/evertonfc.cz\/#\/schema\/person\/b30daf6a5852f4811f8207a17ec1bf78"},"headline":"Preview: Everton &#8211; Arsenal","datePublished":"2025-12-20T09:09:25+00:00","dateModified":"2025-12-20T19:52:42+00:00","mainEntityOfPage":{"@id":"https:\/\/evertonfc.cz\/index.php\/2025\/12\/20\/preview-everton-arsenal-17\/"},"wordCount":740,"commentCount":5,"publisher":{"@id":"https:\/\/evertonfc.cz\/#organization"},"image":{"@id":"https:\/\/evertonfc.cz\/index.php\/2025\/12\/20\/preview-everton-arsenal-17\/#primaryimage"},"thumbnailUrl":"https:\/\/evertonfc.cz\/wp-content\/uploads\/2025\/12\/Moyes-Arteta-by-Michael-Regan-Action-Images-20-12-2025.jpg","articleSection":["Z\u00e1pasy"],"inLanguage":"cs","potentialAction":[{"@type":"CommentAction","name":"Comment","target":["https:\/\/evertonfc.cz\/index.php\/2025\/12\/20\/preview-everton-arsenal-17\/#respond"]}]},{"@type":"WebPage","@id":"https:\/\/evertonfc.cz\/index.php\/2025\/12\/20\/preview-everton-arsenal-17\/","url":"https:\/\/evertonfc.cz\/index.php\/2025\/12\/20\/preview-everton-arsenal-17\/","name":"Preview: Everton - Arsenal - Official Czech &amp; Slovak Everton Supporters&#039; Club","isPartOf":{"@id":"https:\/\/evertonfc.cz\/#website"},"primaryImageOfPage":{"@id":"https:\/\/evertonfc.cz\/index.php\/2025\/12\/20\/preview-everton-arsenal-17\/#primaryimage"},"image":{"@id":"https:\/\/evertonfc.cz\/index.php\/2025\/12\/20\/preview-everton-arsenal-17\/#primaryimage"},"thumbnailUrl":"https:\/\/evertonfc.cz\/wp-content\/uploads\/2025\/12\/Moyes-Arteta-by-Michael-Regan-Action-Images-20-12-2025.jpg","datePublished":"2025-12-20T09:09:25+00:00","dateModified":"2025-12-20T19:52:42+00:00","description":"Solidn\u00ed t\u00fdm doma ca nejlep\u0161\u00ed t\u00fdm Evropy. Je se na co t\u011b\u0161it.","breadcrumb":{"@id":"https:\/\/evertonfc.cz\/index.php\/2025\/12\/20\/preview-everton-arsenal-17\/#breadcrumb"},"inLanguage":"cs","potentialAction":[{"@type":"ReadAction","target":["https:\/\/evertonfc.cz\/index.php\/2025\/12\/20\/preview-everton-arsenal-17\/"]}]},{"@type":"ImageObject","inLanguage":"cs","@id":"https:\/\/evertonfc.cz\/index.php\/2025\/12\/20\/preview-everton-arsenal-17\/#primaryimage","url":"https:\/\/evertonfc.cz\/wp-content\/uploads\/2025\/12\/Moyes-Arteta-by-Michael-Regan-Action-Images-20-12-2025.jpg","contentUrl":"https:\/\/evertonfc.cz\/wp-content\/uploads\/2025\/12\/Moyes-Arteta-by-Michael-Regan-Action-Images-20-12-2025.jpg","width":720,"height":405},{"@type":"BreadcrumbList","@id":"https:\/\/evertonfc.cz\/index.php\/2025\/12\/20\/preview-everton-arsenal-17\/#breadcrumb","itemListElement":[{"@type":"ListItem","position":1,"name":"Home","item":"https:\/\/evertonfc.cz\/"},{"@type":"ListItem","position":2,"name":"Preview: Everton &#8211; Arsenal"}]},{"@type":"WebSite","@id":"https:\/\/evertonfc.cz\/#website","url":"https:\/\/evertonfc.cz\/","name":"Official Czech &amp; Slovak Everton Supporters&#039; Club","description":"","publisher":{"@id":"https:\/\/evertonfc.cz\/#organization"},"potentialAction":[{"@type":"SearchAction","target":{"@type":"EntryPoint","urlTemplate":"https:\/\/evertonfc.cz\/?s={search_term_string}"},"query-input":{"@type":"PropertyValueSpecification","valueRequired":true,"valueName":"search_term_string"}}],"inLanguage":"cs"},{"@type":"Organization","@id":"https:\/\/evertonfc.cz\/#organization","name":"Official Czech & Slovak Everton Supporters' Club","url":"https:\/\/evertonfc.cz\/","logo":{"@type":"ImageObject","inLanguage":"cs","@id":"https:\/\/evertonfc.cz\/#\/schema\/logo\/image\/","url":"https:\/\/evertonfc.cz\/wp-content\/uploads\/2019\/05\/logo.png","contentUrl":"https:\/\/evertonfc.cz\/wp-content\/uploads\/2019\/05\/logo.png","width":112,"height":112,"caption":"Official Czech & Slovak Everton Supporters' Club"},"image":{"@id":"https:\/\/evertonfc.cz\/#\/schema\/logo\/image\/"},"sameAs":["https:\/\/www.facebook.com\/everton.fans.cz.sk"]},{"@type":"Person","@id":"https:\/\/evertonfc.cz\/#\/schema\/person\/b30daf6a5852f4811f8207a17ec1bf78","name":"Javor","sameAs":["https:\/\/x.com\/LoudinJan"],"url":"https:\/\/evertonfc.cz\/index.php\/author\/javor\/"}]}},"_links":{"self":[{"href":"https:\/\/evertonfc.cz\/index.php\/wp-json\/wp\/v2\/posts\/28070"}],"collection":[{"href":"https:\/\/evertonfc.cz\/index.php\/wp-json\/wp\/v2\/posts"}],"about":[{"href":"https:\/\/evertonfc.cz\/index.php\/wp-json\/wp\/v2\/types\/post"}],"author":[{"embeddable":true,"href":"https:\/\/evertonfc.cz\/index.php\/wp-json\/wp\/v2\/users\/12"}],"replies":[{"embeddable":true,"href":"https:\/\/evertonfc.cz\/index.php\/wp-json\/wp\/v2\/comments?post=28070"}],"version-history":[{"count":10,"href":"https:\/\/evertonfc.cz\/index.php\/wp-json\/wp\/v2\/posts\/28070\/revisions"}],"predecessor-version":[{"id":28081,"href":"https:\/\/evertonfc.cz\/index.php\/wp-json\/wp\/v2\/posts\/28070\/revisions\/28081"}],"wp:featuredmedia":[{"embeddable":true,"href":"https:\/\/evertonfc.cz\/index.php\/wp-json\/wp\/v2\/media\/28074"}],"wp:attachment":[{"href":"https:\/\/evertonfc.cz\/index.php\/wp-json\/wp\/v2\/media?parent=28070"}],"wp:term":[{"taxonomy":"category","embeddable":true,"href":"https:\/\/evertonfc.cz\/index.php\/wp-json\/wp\/v2\/categories?post=28070"},{"taxonomy":"post_tag","embeddable":true,"href":"https:\/\/evertonfc.cz\/index.php\/wp-json\/wp\/v2\/tags?post=28070"}],"curies":[{"name":"wp","href":"https:\/\/api.w.org\/{rel}","templated":true}]}}