{"id":28082,"date":"2025-12-21T09:05:28","date_gmt":"2025-12-21T08:05:28","guid":{"rendered":"https:\/\/evertonfc.cz\/?p=28082"},"modified":"2025-12-22T11:04:30","modified_gmt":"2025-12-22T10:04:30","slug":"everton-arsenal-01-3","status":"publish","type":"post","link":"https:\/\/evertonfc.cz\/index.php\/2025\/12\/21\/everton-arsenal-01-3\/","title":{"rendered":"Everton &#8211; Arsenal 0:1"},"content":{"rendered":"<h4>Kdy\u017e si spletete sport, tak ubl\u00ed\u017e\u00edte sv\u00e9mu t\u00fdmu.<\/h4>\n<p>Everton nastoupil v naprosto o\u010dek\u00e1van\u00e9 sestav\u011b, \u010dili b\u011b\u017en\u00ed n\u00e1hradn\u00edci Alcaraz a McNeil byli v z\u00e1kladn\u00ed sestav\u011b, na hrotu pokra\u010doval Barry. R\u00f6hl usedl na lavi\u010dku. Arsenalu se uzdravil dostate\u010dn\u011b Zubimendi a po odpyk\u00e1n\u00ed jednoz\u00e1pasov\u00e9ho trestu se vr\u00e1til do t\u00fdmu Calafiori, oba nastoupili v z\u00e1kladn\u00ed sestav\u011b.<\/p>\n<p>Prvn\u00edm zaznamen\u00e1n\u00edhodn\u00fdm okam\u017eikem byly dva rohy dom\u00e1c\u00edch, ale k prvn\u00edmu se dostal Raya a druh\u00fd od McNeila skon\u010dil p\u0159eta\u017een\u00fd ne\u0161kodn\u011b v z\u00e1zem\u00ed. Pokus o g\u00f3l byl zaznamen\u00e1n a\u017e v 19. minut\u011b, ale Zubimendi uk\u00e1zal tak maxim\u00e1ln\u011b, jak skon\u010d\u00ed halfvolej, kdy\u017e nedostate\u010dn\u011b sklop\u00edte n\u00e1rt. Hned pot\u00e9 uk\u00e1zal Gy\u00f6keres, \u017ee i on um\u00ed netrefit za\u0159\u00edzen\u00ed. Mnohem nebezpe\u010dn\u011bj\u0161\u00ed byl centr Saky, po kter\u00e9m O\u00b4Brien na hranici pravidel slo\u017eil na zem Gy\u00f6kerese, ale rozhod\u010d\u00ed penaltu nena\u0159\u00eddil.<\/p>\n<p>Kdy\u017e hlavi\u010dka Calafioriho o n\u011bkolik minut pozd\u011bji narazila na volejbalov\u00fd blok evertonsk\u00e9 patn\u00e1ctky, tak po p\u0159ezkumu na videu pokutov\u00fd kop byl na\u0159\u00edzen. Zbyte\u010dnou \u017elutou za protesty vid\u011bl Mykolenko, standardn\u00ed situace byla prom\u011bn\u011bna Gy\u00f6keresem, jeho\u017e st\u0159ela m\u00e1lem protrhla s\u00ed\u0165 &#8211; <strong>0:1.\u00a0<\/strong>Do konce polo\u010dasu stoj\u00ed za zm\u00ednku ji\u017e jen p\u0159est\u0159elen\u00ed Gy\u00f6kerese a Rice. Prvn\u00ed polo\u010das byl extr\u00e9mn\u011b dietn\u00ed, dom\u00e1c\u00ed b\u011bhem n\u011bj netrefili branku.<\/p>\n<p>Druh\u00e1 p\u016fle za\u010dala \u0161anc\u00ed Alcaraze po p\u0159ihr\u00e1vce hlavou Tarkowsk\u00e9ho, Raya si musel p\u0159ipsat prvn\u00ed z\u00e1krok, proto\u017ee Everton kone\u010dn\u011b trefil prostor branky. O chvilku pozd\u011bji to m\u00e1lem bylo 0:2, ale Sakovu st\u0159elu na \u010d\u00e1\u0159e zastavil kapit\u00e1n dom\u00e1c\u00edch. V 60. minut\u011b se odehr\u00e1la z\u0159ejm\u011b nejsporn\u011bj\u0161\u00ed situace z\u00e1pasu. Saliba ve vlastn\u00edm velk\u00e9m v\u00e1pn\u011b kopl zespoda do nohy Barryho, ten se svalil jako pod\u0165at\u00fd, situaci p\u0159ezkoum\u00e1val videorozhod\u010d\u00ed. Penalta na\u0159\u00edzena nebyla. Pattern &#8222;po \u0161anci Evertonu n\u00e1sleduje \u0161ance Arsenalu&#8220; pokra\u010doval, tentokr\u00e1t se o slovo p\u0159ihl\u00e1sil Trossard, ale trefil ty\u010dku. O p\u011bt minut pozd\u011bji si st\u0159elu do ty\u010de host\u00e9 zopakovali, tentokr\u00e1t st\u0159\u00edlel Zubimendi.<\/p>\n<p>Moyes dal R\u00f6hlovi s Diblingem posledn\u00ed \u010dtvrthodinu, jak\u00fds tak\u00fds n\u00e1znak tlaku v honb\u011b za vyrovn\u00e1n\u00edm se konal, ale paradoxn\u011b to bylo m\u00e1lem 0:2 &#8211; Tarkowskiho p\u0159ihr\u00e1vka na roh minula banku t\u011bsn\u011b. Arsenal p\u0159\u00edle\u017eitosti, nato\u017e \u0161ance, nep\u0159ipustil, i za cenu \u017elut\u00e9 karty pro Martinelliho za zdr\u017eov\u00e1n\u00ed hry. Favorit tak po pr\u016fm\u011brn\u00e9m v\u00fdkonu zvl\u00e1dl vyhr\u00e1t, Artetovo vydechnut\u00ed po kone\u010dn\u00e9m hvizdu rozhod\u010d\u00edho bylo hmatateln\u00e9 a velmi \u00falevn\u00e9.<\/p>\n<p>Everton prohr\u00e1l z\u00e1pas, kter\u00fd kvalitativn\u011b pat\u0159il rozhodn\u011b k podpr\u016fm\u011bru ligy. Nav\u00edc sm\u011brem dop\u0159edu nic nevymyslel, a\u010d\u00a0 Grealish nebo McNeil jsou pova\u017eov\u00e1ni za tvo\u0159iv\u00e9 a Barry pat\u0159il k lep\u0161\u00edm hr\u00e1\u010d\u016fm dom\u00e1c\u00edch.<\/p>\n<p><strong>Branka:<\/strong>\u00a0<span data-source=\"lightstreamer\" data-grid=\"main\" data-item=\"item_1001706\" data-field=\"scorers\">27. Gy\u00f6keres z penalty<\/span><\/p>\n<p class=\"cards_item_1001706\"><strong>Karty:<\/strong>\u00a0<span data-source=\"lightstreamer\" data-grid=\"main\" data-item=\"item_1001706\" data-field=\"cards\">26. Mykolenko, 39. Tarkowski \u2013 56. Gy\u00f6keres, 90+2. Martinelli\u00a0<\/span><\/p>\n<p><strong>Everton FC:<\/strong>\u00a0<span data-source=\"lightstreamer\" data-grid=\"main\" data-item=\"item_1001706\" data-field=\"report1\">Pickford \u2013 O&#8217;Brien, Tarkowski, Keane, Mykolenko \u2013 Garner, Iroegbunam \u2013 McNeil (76. Dibling), Alcar\u00e1z (76. R\u00f6hl), Grealish \u2013 Barry (65. Beto)<\/span><\/p>\n<p><strong>Arsenal FC:<\/strong>\u00a0<span data-source=\"lightstreamer\" data-grid=\"main\" data-item=\"item_1001706\" data-field=\"report2\">Raya \u2013 Timber, Saliba, Hincapi\u00e9, Calafiori \u2013 \u00d8degaard88. Merino), Zubimendi, Rice \u2013 Saka, Gy\u00f6keres (65. Jesus), Trossard (80. Martinelli)<\/span><\/p>\n<p><strong>Rozhod\u010d\u00ed: <\/strong>Samuel Barrott\u00a0 <strong>Div\u00e1ci:<\/strong>\u00a0<span data-source=\"lightstreamer\" data-grid=\"main\" data-item=\"item_1001706\" data-field=\"viewers\">52 109 (Hill Dickinson Stadium)\u00a0 <strong>Mu\u017e z\u00e1pasu redakce: <\/strong>Viktor Gy\u00f6keres<\/span><\/p>\n","protected":false},"excerpt":{"rendered":"<p>Kdy\u017e si spletete sport, tak ubl\u00ed\u017e\u00edte sv\u00e9mu t\u00fdmu.<\/p>\n","protected":false},"author":12,"featured_media":28086,"comment_status":"open","ping_status":"closed","sticky":false,"template":"","format":"standard","meta":{"_eb_attr":"","_monsterinsights_skip_tracking":false,"_monsterinsights_sitenote_active":false,"_monsterinsights_sitenote_note":"","_monsterinsights_sitenote_category":0,"footnotes":""},"categories":[4],"tags":[],"yoast_head":"<!-- This site is optimized with the Yoast SEO plugin v23.4 - https:\/\/yoast.com\/wordpress\/plugins\/seo\/ -->\n<title>Everton - Arsenal 0:1 - Official Czech &amp; Slovak Everton Supporters&#039; Club<\/title>\n<meta name=\"description\" content=\"Kdy\u017e si spletete sport, tak ubl\u00ed\u017e\u00edte sv\u00e9mu t\u00fdmu.\" \/>\n<meta name=\"robots\" content=\"index, follow, max-snippet:-1, max-image-preview:large, max-video-preview:-1\" \/>\n<link rel=\"canonical\" href=\"https:\/\/evertonfc.cz\/index.php\/2025\/12\/21\/everton-arsenal-01-3\/\" \/>\n<meta property=\"og:locale\" content=\"cs_CZ\" \/>\n<meta property=\"og:type\" content=\"article\" \/>\n<meta property=\"og:title\" content=\"Everton - Arsenal 0:1 - Official Czech &amp; Slovak Everton Supporters&#039; Club\" \/>\n<meta property=\"og:description\" content=\"Kdy\u017e si spletete sport, tak ubl\u00ed\u017e\u00edte sv\u00e9mu t\u00fdmu.\" \/>\n<meta property=\"og:url\" content=\"https:\/\/evertonfc.cz\/index.php\/2025\/12\/21\/everton-arsenal-01-3\/\" \/>\n<meta property=\"og:site_name\" content=\"Official Czech &amp; Slovak Everton Supporters&#039; Club\" \/>\n<meta property=\"article:publisher\" content=\"https:\/\/www.facebook.com\/everton.fans.cz.sk\" \/>\n<meta property=\"article:published_time\" content=\"2025-12-21T08:05:28+00:00\" \/>\n<meta property=\"article:modified_time\" content=\"2025-12-22T10:04:30+00:00\" \/>\n<meta property=\"og:image\" content=\"https:\/\/evertonfc.cz\/wp-content\/uploads\/2025\/12\/Everton-0-1-Arsenal-by-Getty-Images-20-12-2025.jpg\" \/>\n\t<meta property=\"og:image:width\" content=\"720\" \/>\n\t<meta property=\"og:image:height\" content=\"405\" \/>\n\t<meta property=\"og:image:type\" content=\"image\/jpeg\" \/>\n<meta name=\"author\" content=\"Javor\" \/>\n<meta name=\"twitter:card\" content=\"summary_large_image\" \/>\n<meta name=\"twitter:creator\" content=\"@LoudinJan\" \/>\n<meta name=\"twitter:label1\" content=\"Napsal(a)\" \/>\n\t<meta name=\"twitter:data1\" content=\"Javor\" \/>\n\t<meta name=\"twitter:label2\" content=\"Odhadovan\u00e1 doba \u010dten\u00ed\" \/>\n\t<meta name=\"twitter:data2\" content=\"3 minuty\" \/>\n<script type=\"application\/ld+json\" class=\"yoast-schema-graph\">{\"@context\":\"https:\/\/schema.org\",\"@graph\":[{\"@type\":\"Article\",\"@id\":\"https:\/\/evertonfc.cz\/index.php\/2025\/12\/21\/everton-arsenal-01-3\/#article\",\"isPartOf\":{\"@id\":\"https:\/\/evertonfc.cz\/index.php\/2025\/12\/21\/everton-arsenal-01-3\/\"},\"author\":{\"name\":\"Javor\",\"@id\":\"https:\/\/evertonfc.cz\/#\/schema\/person\/b30daf6a5852f4811f8207a17ec1bf78\"},\"headline\":\"Everton &#8211; Arsenal 0:1\",\"datePublished\":\"2025-12-21T08:05:28+00:00\",\"dateModified\":\"2025-12-22T10:04:30+00:00\",\"mainEntityOfPage\":{\"@id\":\"https:\/\/evertonfc.cz\/index.php\/2025\/12\/21\/everton-arsenal-01-3\/\"},\"wordCount\":585,\"commentCount\":6,\"publisher\":{\"@id\":\"https:\/\/evertonfc.cz\/#organization\"},\"image\":{\"@id\":\"https:\/\/evertonfc.cz\/index.php\/2025\/12\/21\/everton-arsenal-01-3\/#primaryimage\"},\"thumbnailUrl\":\"https:\/\/evertonfc.cz\/wp-content\/uploads\/2025\/12\/Everton-0-1-Arsenal-by-Getty-Images-20-12-2025.jpg\",\"articleSection\":[\"Z\u00e1pasy\"],\"inLanguage\":\"cs\",\"potentialAction\":[{\"@type\":\"CommentAction\",\"name\":\"Comment\",\"target\":[\"https:\/\/evertonfc.cz\/index.php\/2025\/12\/21\/everton-arsenal-01-3\/#respond\"]}]},{\"@type\":\"WebPage\",\"@id\":\"https:\/\/evertonfc.cz\/index.php\/2025\/12\/21\/everton-arsenal-01-3\/\",\"url\":\"https:\/\/evertonfc.cz\/index.php\/2025\/12\/21\/everton-arsenal-01-3\/\",\"name\":\"Everton - Arsenal 0:1 - Official Czech &amp; Slovak Everton Supporters&#039; Club\",\"isPartOf\":{\"@id\":\"https:\/\/evertonfc.cz\/#website\"},\"primaryImageOfPage\":{\"@id\":\"https:\/\/evertonfc.cz\/index.php\/2025\/12\/21\/everton-arsenal-01-3\/#primaryimage\"},\"image\":{\"@id\":\"https:\/\/evertonfc.cz\/index.php\/2025\/12\/21\/everton-arsenal-01-3\/#primaryimage\"},\"thumbnailUrl\":\"https:\/\/evertonfc.cz\/wp-content\/uploads\/2025\/12\/Everton-0-1-Arsenal-by-Getty-Images-20-12-2025.jpg\",\"datePublished\":\"2025-12-21T08:05:28+00:00\",\"dateModified\":\"2025-12-22T10:04:30+00:00\",\"description\":\"Kdy\u017e si spletete sport, tak ubl\u00ed\u017e\u00edte sv\u00e9mu t\u00fdmu.\",\"breadcrumb\":{\"@id\":\"https:\/\/evertonfc.cz\/index.php\/2025\/12\/21\/everton-arsenal-01-3\/#breadcrumb\"},\"inLanguage\":\"cs\",\"potentialAction\":[{\"@type\":\"ReadAction\",\"target\":[\"https:\/\/evertonfc.cz\/index.php\/2025\/12\/21\/everton-arsenal-01-3\/\"]}]},{\"@type\":\"ImageObject\",\"inLanguage\":\"cs\",\"@id\":\"https:\/\/evertonfc.cz\/index.php\/2025\/12\/21\/everton-arsenal-01-3\/#primaryimage\",\"url\":\"https:\/\/evertonfc.cz\/wp-content\/uploads\/2025\/12\/Everton-0-1-Arsenal-by-Getty-Images-20-12-2025.jpg\",\"contentUrl\":\"https:\/\/evertonfc.cz\/wp-content\/uploads\/2025\/12\/Everton-0-1-Arsenal-by-Getty-Images-20-12-2025.jpg\",\"width\":720,\"height\":405},{\"@type\":\"BreadcrumbList\",\"@id\":\"https:\/\/evertonfc.cz\/index.php\/2025\/12\/21\/everton-arsenal-01-3\/#breadcrumb\",\"itemListElement\":[{\"@type\":\"ListItem\",\"position\":1,\"name\":\"Home\",\"item\":\"https:\/\/evertonfc.cz\/\"},{\"@type\":\"ListItem\",\"position\":2,\"name\":\"Everton &#8211; Arsenal 0:1\"}]},{\"@type\":\"WebSite\",\"@id\":\"https:\/\/evertonfc.cz\/#website\",\"url\":\"https:\/\/evertonfc.cz\/\",\"name\":\"Official Czech &amp; Slovak Everton Supporters&#039; Club\",\"description\":\"\",\"publisher\":{\"@id\":\"https:\/\/evertonfc.cz\/#organization\"},\"potentialAction\":[{\"@type\":\"SearchAction\",\"target\":{\"@type\":\"EntryPoint\",\"urlTemplate\":\"https:\/\/evertonfc.cz\/?s={search_term_string}\"},\"query-input\":{\"@type\":\"PropertyValueSpecification\",\"valueRequired\":true,\"valueName\":\"search_term_string\"}}],\"inLanguage\":\"cs\"},{\"@type\":\"Organization\",\"@id\":\"https:\/\/evertonfc.cz\/#organization\",\"name\":\"Official Czech & Slovak Everton Supporters' Club\",\"url\":\"https:\/\/evertonfc.cz\/\",\"logo\":{\"@type\":\"ImageObject\",\"inLanguage\":\"cs\",\"@id\":\"https:\/\/evertonfc.cz\/#\/schema\/logo\/image\/\",\"url\":\"https:\/\/evertonfc.cz\/wp-content\/uploads\/2019\/05\/logo.png\",\"contentUrl\":\"https:\/\/evertonfc.cz\/wp-content\/uploads\/2019\/05\/logo.png\",\"width\":112,\"height\":112,\"caption\":\"Official Czech & Slovak Everton Supporters' Club\"},\"image\":{\"@id\":\"https:\/\/evertonfc.cz\/#\/schema\/logo\/image\/\"},\"sameAs\":[\"https:\/\/www.facebook.com\/everton.fans.cz.sk\"]},{\"@type\":\"Person\",\"@id\":\"https:\/\/evertonfc.cz\/#\/schema\/person\/b30daf6a5852f4811f8207a17ec1bf78\",\"name\":\"Javor\",\"sameAs\":[\"https:\/\/x.com\/LoudinJan\"],\"url\":\"https:\/\/evertonfc.cz\/index.php\/author\/javor\/\"}]}<\/script>\n<!-- \/ Yoast SEO plugin. -->","yoast_head_json":{"title":"Everton - Arsenal 0:1 - Official Czech &amp; Slovak Everton Supporters&#039; Club","description":"Kdy\u017e si spletete sport, tak ubl\u00ed\u017e\u00edte sv\u00e9mu t\u00fdmu.","robots":{"index":"index","follow":"follow","max-snippet":"max-snippet:-1","max-image-preview":"max-image-preview:large","max-video-preview":"max-video-preview:-1"},"canonical":"https:\/\/evertonfc.cz\/index.php\/2025\/12\/21\/everton-arsenal-01-3\/","og_locale":"cs_CZ","og_type":"article","og_title":"Everton - Arsenal 0:1 - Official Czech &amp; Slovak Everton Supporters&#039; Club","og_description":"Kdy\u017e si spletete sport, tak ubl\u00ed\u017e\u00edte sv\u00e9mu t\u00fdmu.","og_url":"https:\/\/evertonfc.cz\/index.php\/2025\/12\/21\/everton-arsenal-01-3\/","og_site_name":"Official Czech &amp; Slovak Everton Supporters&#039; Club","article_publisher":"https:\/\/www.facebook.com\/everton.fans.cz.sk","article_published_time":"2025-12-21T08:05:28+00:00","article_modified_time":"2025-12-22T10:04:30+00:00","og_image":[{"width":720,"height":405,"url":"https:\/\/evertonfc.cz\/wp-content\/uploads\/2025\/12\/Everton-0-1-Arsenal-by-Getty-Images-20-12-2025.jpg","type":"image\/jpeg"}],"author":"Javor","twitter_card":"summary_large_image","twitter_creator":"@LoudinJan","twitter_misc":{"Napsal(a)":"Javor","Odhadovan\u00e1 doba \u010dten\u00ed":"3 minuty"},"schema":{"@context":"https:\/\/schema.org","@graph":[{"@type":"Article","@id":"https:\/\/evertonfc.cz\/index.php\/2025\/12\/21\/everton-arsenal-01-3\/#article","isPartOf":{"@id":"https:\/\/evertonfc.cz\/index.php\/2025\/12\/21\/everton-arsenal-01-3\/"},"author":{"name":"Javor","@id":"https:\/\/evertonfc.cz\/#\/schema\/person\/b30daf6a5852f4811f8207a17ec1bf78"},"headline":"Everton &#8211; Arsenal 0:1","datePublished":"2025-12-21T08:05:28+00:00","dateModified":"2025-12-22T10:04:30+00:00","mainEntityOfPage":{"@id":"https:\/\/evertonfc.cz\/index.php\/2025\/12\/21\/everton-arsenal-01-3\/"},"wordCount":585,"commentCount":6,"publisher":{"@id":"https:\/\/evertonfc.cz\/#organization"},"image":{"@id":"https:\/\/evertonfc.cz\/index.php\/2025\/12\/21\/everton-arsenal-01-3\/#primaryimage"},"thumbnailUrl":"https:\/\/evertonfc.cz\/wp-content\/uploads\/2025\/12\/Everton-0-1-Arsenal-by-Getty-Images-20-12-2025.jpg","articleSection":["Z\u00e1pasy"],"inLanguage":"cs","potentialAction":[{"@type":"CommentAction","name":"Comment","target":["https:\/\/evertonfc.cz\/index.php\/2025\/12\/21\/everton-arsenal-01-3\/#respond"]}]},{"@type":"WebPage","@id":"https:\/\/evertonfc.cz\/index.php\/2025\/12\/21\/everton-arsenal-01-3\/","url":"https:\/\/evertonfc.cz\/index.php\/2025\/12\/21\/everton-arsenal-01-3\/","name":"Everton - Arsenal 0:1 - Official Czech &amp; Slovak Everton Supporters&#039; Club","isPartOf":{"@id":"https:\/\/evertonfc.cz\/#website"},"primaryImageOfPage":{"@id":"https:\/\/evertonfc.cz\/index.php\/2025\/12\/21\/everton-arsenal-01-3\/#primaryimage"},"image":{"@id":"https:\/\/evertonfc.cz\/index.php\/2025\/12\/21\/everton-arsenal-01-3\/#primaryimage"},"thumbnailUrl":"https:\/\/evertonfc.cz\/wp-content\/uploads\/2025\/12\/Everton-0-1-Arsenal-by-Getty-Images-20-12-2025.jpg","datePublished":"2025-12-21T08:05:28+00:00","dateModified":"2025-12-22T10:04:30+00:00","description":"Kdy\u017e si spletete sport, tak ubl\u00ed\u017e\u00edte sv\u00e9mu t\u00fdmu.","breadcrumb":{"@id":"https:\/\/evertonfc.cz\/index.php\/2025\/12\/21\/everton-arsenal-01-3\/#breadcrumb"},"inLanguage":"cs","potentialAction":[{"@type":"ReadAction","target":["https:\/\/evertonfc.cz\/index.php\/2025\/12\/21\/everton-arsenal-01-3\/"]}]},{"@type":"ImageObject","inLanguage":"cs","@id":"https:\/\/evertonfc.cz\/index.php\/2025\/12\/21\/everton-arsenal-01-3\/#primaryimage","url":"https:\/\/evertonfc.cz\/wp-content\/uploads\/2025\/12\/Everton-0-1-Arsenal-by-Getty-Images-20-12-2025.jpg","contentUrl":"https:\/\/evertonfc.cz\/wp-content\/uploads\/2025\/12\/Everton-0-1-Arsenal-by-Getty-Images-20-12-2025.jpg","width":720,"height":405},{"@type":"BreadcrumbList","@id":"https:\/\/evertonfc.cz\/index.php\/2025\/12\/21\/everton-arsenal-01-3\/#breadcrumb","itemListElement":[{"@type":"ListItem","position":1,"name":"Home","item":"https:\/\/evertonfc.cz\/"},{"@type":"ListItem","position":2,"name":"Everton &#8211; Arsenal 0:1"}]},{"@type":"WebSite","@id":"https:\/\/evertonfc.cz\/#website","url":"https:\/\/evertonfc.cz\/","name":"Official Czech &amp; Slovak Everton Supporters&#039; Club","description":"","publisher":{"@id":"https:\/\/evertonfc.cz\/#organization"},"potentialAction":[{"@type":"SearchAction","target":{"@type":"EntryPoint","urlTemplate":"https:\/\/evertonfc.cz\/?s={search_term_string}"},"query-input":{"@type":"PropertyValueSpecification","valueRequired":true,"valueName":"search_term_string"}}],"inLanguage":"cs"},{"@type":"Organization","@id":"https:\/\/evertonfc.cz\/#organization","name":"Official Czech & Slovak Everton Supporters' Club","url":"https:\/\/evertonfc.cz\/","logo":{"@type":"ImageObject","inLanguage":"cs","@id":"https:\/\/evertonfc.cz\/#\/schema\/logo\/image\/","url":"https:\/\/evertonfc.cz\/wp-content\/uploads\/2019\/05\/logo.png","contentUrl":"https:\/\/evertonfc.cz\/wp-content\/uploads\/2019\/05\/logo.png","width":112,"height":112,"caption":"Official Czech & Slovak Everton Supporters' Club"},"image":{"@id":"https:\/\/evertonfc.cz\/#\/schema\/logo\/image\/"},"sameAs":["https:\/\/www.facebook.com\/everton.fans.cz.sk"]},{"@type":"Person","@id":"https:\/\/evertonfc.cz\/#\/schema\/person\/b30daf6a5852f4811f8207a17ec1bf78","name":"Javor","sameAs":["https:\/\/x.com\/LoudinJan"],"url":"https:\/\/evertonfc.cz\/index.php\/author\/javor\/"}]}},"_links":{"self":[{"href":"https:\/\/evertonfc.cz\/index.php\/wp-json\/wp\/v2\/posts\/28082"}],"collection":[{"href":"https:\/\/evertonfc.cz\/index.php\/wp-json\/wp\/v2\/posts"}],"about":[{"href":"https:\/\/evertonfc.cz\/index.php\/wp-json\/wp\/v2\/types\/post"}],"author":[{"embeddable":true,"href":"https:\/\/evertonfc.cz\/index.php\/wp-json\/wp\/v2\/users\/12"}],"replies":[{"embeddable":true,"href":"https:\/\/evertonfc.cz\/index.php\/wp-json\/wp\/v2\/comments?post=28082"}],"version-history":[{"count":4,"href":"https:\/\/evertonfc.cz\/index.php\/wp-json\/wp\/v2\/posts\/28082\/revisions"}],"predecessor-version":[{"id":28087,"href":"https:\/\/evertonfc.cz\/index.php\/wp-json\/wp\/v2\/posts\/28082\/revisions\/28087"}],"wp:featuredmedia":[{"embeddable":true,"href":"https:\/\/evertonfc.cz\/index.php\/wp-json\/wp\/v2\/media\/28086"}],"wp:attachment":[{"href":"https:\/\/evertonfc.cz\/index.php\/wp-json\/wp\/v2\/media?parent=28082"}],"wp:term":[{"taxonomy":"category","embeddable":true,"href":"https:\/\/evertonfc.cz\/index.php\/wp-json\/wp\/v2\/categories?post=28082"},{"taxonomy":"post_tag","embeddable":true,"href":"https:\/\/evertonfc.cz\/index.php\/wp-json\/wp\/v2\/tags?post=28082"}],"curies":[{"name":"wp","href":"https:\/\/api.w.org\/{rel}","templated":true}]}}