{"id":2809,"date":"2010-05-17T23:17:25","date_gmt":"2010-05-17T21:17:25","guid":{"rendered":"http:\/\/evertonfc.cz\/?p=2809"},"modified":"2019-02-09T23:26:18","modified_gmt":"2019-02-09T22:26:18","slug":"par-slov-od-muchy","status":"publish","type":"post","link":"https:\/\/evertonfc.cz\/index.php\/2010\/05\/17\/par-slov-od-muchy\/","title":{"rendered":"P\u00e1r slov od Muchy"},"content":{"rendered":"<h4>J\u00e1n Mucha, jen\u017e pos\u00edl\u00ed Everton v letn\u00edm p\u0159estupov\u00e9m obdob\u00ed, podle sv\u00fdch slov p\u0159estoupil k Toffees na doporu\u010den\u00ed od sv\u00e9ho b\u00fdval\u00e9ho spoluhr\u00e1\u010de a nyn\u00ed branka\u0159e Arsenalu Lukasze Fabianskiho.<\/h4>\n<p>Slovensk\u00fd reprezentant se stane ofici\u00e1ln\u011b hra\u010dem EFC v \u010dervnu pot\u00e9, co p\u0159ijde jako voln\u00fd hr\u00e1\u010d z Legie Var\u0161ava.<\/p>\n<p>P\u0159estup do Evertonu doporu\u010dil Muchovi jeho b\u00fdval\u00fd spoluhr\u00e1\u010d z Legie, Lukasz Fabianski, jen\u017e p\u0159estoupil v roce 2007 do Arsenalu pr\u00e1v\u011b z polsk\u00e9ho klubu. I kdy\u017e u\u017e Mucha n\u011bjak\u00fd ten p\u00e1tek s Fabianskim v jednom t\u00fdmu nen\u00ed, po\u0159\u00e1d jsou v kontaktu.<\/p>\n<p><em>\u201eHr\u00e1l jsem s Lukaszem dva roky v Legii a i od jeho p\u0159estupu do Arsenalu jsme st\u00e1le dob\u0159\u00ed p\u0159\u00e1tel\u00e9. Je\u0161t\u011b ne\u017e jsem podepsal smlouvu s Evertonem, konzultoval jsem s n\u00edm v\u0161e, Everton mi doporu\u010dil,\u201c<\/em> prozradil sedmadvacetilet\u00fd branka\u0159.<\/p>\n<p>Mucha se u\u017e dokonce i vid\u011bl se sv\u00fdmi budouc\u00edmi spoluhr\u00e1\u010di, kdy\u017e nav\u0161t\u00edvil tr\u00e9ninkov\u00e9 centrum Blues Finch Farm.<\/p>\n<p><em>\u201eRodinn\u00e1 atmosf\u00e9ra v klubu na m\u011b velmi zap\u016fsobila, v\u0161ichni lid\u00e9 se zd\u00e1li mil\u00ed.<\/em><\/p>\n<p><em>Samoz\u0159ejm\u011b zahr\u00e1t si v Premier League je pro m\u011b velk\u00fdm l\u00e1kadlem.<\/em><\/p>\n<p><em>Tr\u00e9ninkov\u00e9 centrum bylo hezk\u00e9, c\u00edtil jsme tam velmi v\u00edtan\u00fd, tak\u017ee zat\u00edm jsou pocity pozitivn\u00ed. Trochu jsme si zatr\u00e9noval i s Timem Howardem, vypad\u00e1 jako dobr\u00fd chlap,&#8220; nechal se sly\u0161et Mucha, kter\u00fd se byl pod\u00edvat i na stadionu: \u201eT\u011b\u0161\u00edm se, a\u017e si zahraju na Goodison Parku. Byl jsme se tam pod\u00edvat, kdy\u017e byl pr\u00e1zdn\u00fd, a i tak je skv\u011bl\u00fd.\u201c<\/em><\/p>\n<p>Je\u0161t\u011b ne\u017e se Mucha p\u0159ipoj\u00ed k Evertonu, odjede do Jihoafrick\u00e9 republiky reprezentovat Slovensko na mistrovstv\u00ed sv\u011bta.<\/p>\n","protected":false},"excerpt":{"rendered":"<p>J\u00e1n Mucha, jen\u017e pos\u00edl\u00ed Everton v letn\u00edm p\u0159estupov\u00e9m obdob\u00ed, podle sv\u00fdch slov p\u0159estoupil k Toffees na doporu\u010den\u00ed od sv\u00e9ho b\u00fdval\u00e9ho&hellip;<\/p>\n","protected":false},"author":6,"featured_media":1312,"comment_status":"open","ping_status":"closed","sticky":false,"template":"","format":"standard","meta":{"_eb_attr":"","_monsterinsights_skip_tracking":false,"_monsterinsights_sitenote_active":false,"_monsterinsights_sitenote_note":"","_monsterinsights_sitenote_category":0,"footnotes":""},"categories":[1],"tags":[],"yoast_head":"<!-- This site is optimized with the Yoast SEO plugin v23.4 - https:\/\/yoast.com\/wordpress\/plugins\/seo\/ -->\n<title>P\u00e1r slov od Muchy - Official Czech &amp; Slovak Everton Supporters&#039; Club<\/title>\n<meta name=\"robots\" content=\"index, follow, max-snippet:-1, max-image-preview:large, max-video-preview:-1\" \/>\n<link rel=\"canonical\" href=\"https:\/\/evertonfc.cz\/index.php\/2010\/05\/17\/par-slov-od-muchy\/\" \/>\n<meta property=\"og:locale\" content=\"cs_CZ\" \/>\n<meta property=\"og:type\" content=\"article\" \/>\n<meta property=\"og:title\" content=\"P\u00e1r slov od Muchy - Official Czech &amp; Slovak Everton Supporters&#039; Club\" \/>\n<meta property=\"og:description\" content=\"J\u00e1n Mucha, jen\u017e pos\u00edl\u00ed Everton v letn\u00edm p\u0159estupov\u00e9m obdob\u00ed, podle sv\u00fdch slov p\u0159estoupil k Toffees na doporu\u010den\u00ed od sv\u00e9ho b\u00fdval\u00e9ho&hellip;\" \/>\n<meta property=\"og:url\" content=\"https:\/\/evertonfc.cz\/index.php\/2010\/05\/17\/par-slov-od-muchy\/\" \/>\n<meta property=\"og:site_name\" content=\"Official Czech &amp; Slovak Everton Supporters&#039; Club\" \/>\n<meta property=\"article:publisher\" content=\"https:\/\/www.facebook.com\/everton.fans.cz.sk\" \/>\n<meta property=\"article:published_time\" content=\"2010-05-17T21:17:25+00:00\" \/>\n<meta property=\"article:modified_time\" content=\"2019-02-09T22:26:18+00:00\" \/>\n<meta property=\"og:image\" content=\"https:\/\/evertonfc.cz\/wp-content\/uploads\/2019\/01\/interview.jpg\" \/>\n\t<meta property=\"og:image:width\" content=\"720\" \/>\n\t<meta property=\"og:image:height\" content=\"405\" \/>\n\t<meta property=\"og:image:type\" content=\"image\/jpeg\" \/>\n<meta name=\"author\" content=\"Ri\u010di\" \/>\n<meta name=\"twitter:card\" content=\"summary_large_image\" \/>\n<meta name=\"twitter:creator\" content=\"@rbrejsa\" \/>\n<meta name=\"twitter:label1\" content=\"Napsal(a)\" \/>\n\t<meta name=\"twitter:data1\" content=\"Ri\u010di\" \/>\n\t<meta name=\"twitter:label2\" content=\"Odhadovan\u00e1 doba \u010dten\u00ed\" \/>\n\t<meta name=\"twitter:data2\" content=\"2 minuty\" \/>\n<script type=\"application\/ld+json\" class=\"yoast-schema-graph\">{\"@context\":\"https:\/\/schema.org\",\"@graph\":[{\"@type\":\"Article\",\"@id\":\"https:\/\/evertonfc.cz\/index.php\/2010\/05\/17\/par-slov-od-muchy\/#article\",\"isPartOf\":{\"@id\":\"https:\/\/evertonfc.cz\/index.php\/2010\/05\/17\/par-slov-od-muchy\/\"},\"author\":{\"name\":\"Ri\u010di\",\"@id\":\"https:\/\/evertonfc.cz\/#\/schema\/person\/f7a5daedb2ffee98480bc70e191aaef1\"},\"headline\":\"P\u00e1r slov od Muchy\",\"datePublished\":\"2010-05-17T21:17:25+00:00\",\"dateModified\":\"2019-02-09T22:26:18+00:00\",\"mainEntityOfPage\":{\"@id\":\"https:\/\/evertonfc.cz\/index.php\/2010\/05\/17\/par-slov-od-muchy\/\"},\"wordCount\":306,\"commentCount\":0,\"publisher\":{\"@id\":\"https:\/\/evertonfc.cz\/#organization\"},\"image\":{\"@id\":\"https:\/\/evertonfc.cz\/index.php\/2010\/05\/17\/par-slov-od-muchy\/#primaryimage\"},\"thumbnailUrl\":\"https:\/\/evertonfc.cz\/wp-content\/uploads\/2019\/01\/interview.jpg\",\"articleSection\":[\"Rozhovory\"],\"inLanguage\":\"cs\",\"potentialAction\":[{\"@type\":\"CommentAction\",\"name\":\"Comment\",\"target\":[\"https:\/\/evertonfc.cz\/index.php\/2010\/05\/17\/par-slov-od-muchy\/#respond\"]}]},{\"@type\":\"WebPage\",\"@id\":\"https:\/\/evertonfc.cz\/index.php\/2010\/05\/17\/par-slov-od-muchy\/\",\"url\":\"https:\/\/evertonfc.cz\/index.php\/2010\/05\/17\/par-slov-od-muchy\/\",\"name\":\"P\u00e1r slov od Muchy - Official Czech &amp; Slovak Everton Supporters&#039; Club\",\"isPartOf\":{\"@id\":\"https:\/\/evertonfc.cz\/#website\"},\"primaryImageOfPage\":{\"@id\":\"https:\/\/evertonfc.cz\/index.php\/2010\/05\/17\/par-slov-od-muchy\/#primaryimage\"},\"image\":{\"@id\":\"https:\/\/evertonfc.cz\/index.php\/2010\/05\/17\/par-slov-od-muchy\/#primaryimage\"},\"thumbnailUrl\":\"https:\/\/evertonfc.cz\/wp-content\/uploads\/2019\/01\/interview.jpg\",\"datePublished\":\"2010-05-17T21:17:25+00:00\",\"dateModified\":\"2019-02-09T22:26:18+00:00\",\"breadcrumb\":{\"@id\":\"https:\/\/evertonfc.cz\/index.php\/2010\/05\/17\/par-slov-od-muchy\/#breadcrumb\"},\"inLanguage\":\"cs\",\"potentialAction\":[{\"@type\":\"ReadAction\",\"target\":[\"https:\/\/evertonfc.cz\/index.php\/2010\/05\/17\/par-slov-od-muchy\/\"]}]},{\"@type\":\"ImageObject\",\"inLanguage\":\"cs\",\"@id\":\"https:\/\/evertonfc.cz\/index.php\/2010\/05\/17\/par-slov-od-muchy\/#primaryimage\",\"url\":\"https:\/\/evertonfc.cz\/wp-content\/uploads\/2019\/01\/interview.jpg\",\"contentUrl\":\"https:\/\/evertonfc.cz\/wp-content\/uploads\/2019\/01\/interview.jpg\",\"width\":720,\"height\":405},{\"@type\":\"BreadcrumbList\",\"@id\":\"https:\/\/evertonfc.cz\/index.php\/2010\/05\/17\/par-slov-od-muchy\/#breadcrumb\",\"itemListElement\":[{\"@type\":\"ListItem\",\"position\":1,\"name\":\"Home\",\"item\":\"https:\/\/evertonfc.cz\/\"},{\"@type\":\"ListItem\",\"position\":2,\"name\":\"P\u00e1r slov od Muchy\"}]},{\"@type\":\"WebSite\",\"@id\":\"https:\/\/evertonfc.cz\/#website\",\"url\":\"https:\/\/evertonfc.cz\/\",\"name\":\"Official Czech &amp; Slovak Everton Supporters&#039; Club\",\"description\":\"\",\"publisher\":{\"@id\":\"https:\/\/evertonfc.cz\/#organization\"},\"potentialAction\":[{\"@type\":\"SearchAction\",\"target\":{\"@type\":\"EntryPoint\",\"urlTemplate\":\"https:\/\/evertonfc.cz\/?s={search_term_string}\"},\"query-input\":{\"@type\":\"PropertyValueSpecification\",\"valueRequired\":true,\"valueName\":\"search_term_string\"}}],\"inLanguage\":\"cs\"},{\"@type\":\"Organization\",\"@id\":\"https:\/\/evertonfc.cz\/#organization\",\"name\":\"Official Czech & Slovak Everton Supporters' Club\",\"url\":\"https:\/\/evertonfc.cz\/\",\"logo\":{\"@type\":\"ImageObject\",\"inLanguage\":\"cs\",\"@id\":\"https:\/\/evertonfc.cz\/#\/schema\/logo\/image\/\",\"url\":\"https:\/\/evertonfc.cz\/wp-content\/uploads\/2019\/05\/logo.png\",\"contentUrl\":\"https:\/\/evertonfc.cz\/wp-content\/uploads\/2019\/05\/logo.png\",\"width\":112,\"height\":112,\"caption\":\"Official Czech & Slovak Everton Supporters' Club\"},\"image\":{\"@id\":\"https:\/\/evertonfc.cz\/#\/schema\/logo\/image\/\"},\"sameAs\":[\"https:\/\/www.facebook.com\/everton.fans.cz.sk\"]},{\"@type\":\"Person\",\"@id\":\"https:\/\/evertonfc.cz\/#\/schema\/person\/f7a5daedb2ffee98480bc70e191aaef1\",\"name\":\"Ri\u010di\",\"sameAs\":[\"https:\/\/x.com\/rbrejsa\"],\"url\":\"https:\/\/evertonfc.cz\/index.php\/author\/rici\/\"}]}<\/script>\n<!-- \/ Yoast SEO plugin. -->","yoast_head_json":{"title":"P\u00e1r slov od Muchy - Official Czech &amp; Slovak Everton Supporters&#039; Club","robots":{"index":"index","follow":"follow","max-snippet":"max-snippet:-1","max-image-preview":"max-image-preview:large","max-video-preview":"max-video-preview:-1"},"canonical":"https:\/\/evertonfc.cz\/index.php\/2010\/05\/17\/par-slov-od-muchy\/","og_locale":"cs_CZ","og_type":"article","og_title":"P\u00e1r slov od Muchy - Official Czech &amp; Slovak Everton Supporters&#039; Club","og_description":"J\u00e1n Mucha, jen\u017e pos\u00edl\u00ed Everton v letn\u00edm p\u0159estupov\u00e9m obdob\u00ed, podle sv\u00fdch slov p\u0159estoupil k Toffees na doporu\u010den\u00ed od sv\u00e9ho b\u00fdval\u00e9ho&hellip;","og_url":"https:\/\/evertonfc.cz\/index.php\/2010\/05\/17\/par-slov-od-muchy\/","og_site_name":"Official Czech &amp; Slovak Everton Supporters&#039; Club","article_publisher":"https:\/\/www.facebook.com\/everton.fans.cz.sk","article_published_time":"2010-05-17T21:17:25+00:00","article_modified_time":"2019-02-09T22:26:18+00:00","og_image":[{"width":720,"height":405,"url":"https:\/\/evertonfc.cz\/wp-content\/uploads\/2019\/01\/interview.jpg","type":"image\/jpeg"}],"author":"Ri\u010di","twitter_card":"summary_large_image","twitter_creator":"@rbrejsa","twitter_misc":{"Napsal(a)":"Ri\u010di","Odhadovan\u00e1 doba \u010dten\u00ed":"2 minuty"},"schema":{"@context":"https:\/\/schema.org","@graph":[{"@type":"Article","@id":"https:\/\/evertonfc.cz\/index.php\/2010\/05\/17\/par-slov-od-muchy\/#article","isPartOf":{"@id":"https:\/\/evertonfc.cz\/index.php\/2010\/05\/17\/par-slov-od-muchy\/"},"author":{"name":"Ri\u010di","@id":"https:\/\/evertonfc.cz\/#\/schema\/person\/f7a5daedb2ffee98480bc70e191aaef1"},"headline":"P\u00e1r slov od Muchy","datePublished":"2010-05-17T21:17:25+00:00","dateModified":"2019-02-09T22:26:18+00:00","mainEntityOfPage":{"@id":"https:\/\/evertonfc.cz\/index.php\/2010\/05\/17\/par-slov-od-muchy\/"},"wordCount":306,"commentCount":0,"publisher":{"@id":"https:\/\/evertonfc.cz\/#organization"},"image":{"@id":"https:\/\/evertonfc.cz\/index.php\/2010\/05\/17\/par-slov-od-muchy\/#primaryimage"},"thumbnailUrl":"https:\/\/evertonfc.cz\/wp-content\/uploads\/2019\/01\/interview.jpg","articleSection":["Rozhovory"],"inLanguage":"cs","potentialAction":[{"@type":"CommentAction","name":"Comment","target":["https:\/\/evertonfc.cz\/index.php\/2010\/05\/17\/par-slov-od-muchy\/#respond"]}]},{"@type":"WebPage","@id":"https:\/\/evertonfc.cz\/index.php\/2010\/05\/17\/par-slov-od-muchy\/","url":"https:\/\/evertonfc.cz\/index.php\/2010\/05\/17\/par-slov-od-muchy\/","name":"P\u00e1r slov od Muchy - Official Czech &amp; Slovak Everton Supporters&#039; Club","isPartOf":{"@id":"https:\/\/evertonfc.cz\/#website"},"primaryImageOfPage":{"@id":"https:\/\/evertonfc.cz\/index.php\/2010\/05\/17\/par-slov-od-muchy\/#primaryimage"},"image":{"@id":"https:\/\/evertonfc.cz\/index.php\/2010\/05\/17\/par-slov-od-muchy\/#primaryimage"},"thumbnailUrl":"https:\/\/evertonfc.cz\/wp-content\/uploads\/2019\/01\/interview.jpg","datePublished":"2010-05-17T21:17:25+00:00","dateModified":"2019-02-09T22:26:18+00:00","breadcrumb":{"@id":"https:\/\/evertonfc.cz\/index.php\/2010\/05\/17\/par-slov-od-muchy\/#breadcrumb"},"inLanguage":"cs","potentialAction":[{"@type":"ReadAction","target":["https:\/\/evertonfc.cz\/index.php\/2010\/05\/17\/par-slov-od-muchy\/"]}]},{"@type":"ImageObject","inLanguage":"cs","@id":"https:\/\/evertonfc.cz\/index.php\/2010\/05\/17\/par-slov-od-muchy\/#primaryimage","url":"https:\/\/evertonfc.cz\/wp-content\/uploads\/2019\/01\/interview.jpg","contentUrl":"https:\/\/evertonfc.cz\/wp-content\/uploads\/2019\/01\/interview.jpg","width":720,"height":405},{"@type":"BreadcrumbList","@id":"https:\/\/evertonfc.cz\/index.php\/2010\/05\/17\/par-slov-od-muchy\/#breadcrumb","itemListElement":[{"@type":"ListItem","position":1,"name":"Home","item":"https:\/\/evertonfc.cz\/"},{"@type":"ListItem","position":2,"name":"P\u00e1r slov od Muchy"}]},{"@type":"WebSite","@id":"https:\/\/evertonfc.cz\/#website","url":"https:\/\/evertonfc.cz\/","name":"Official Czech &amp; Slovak Everton Supporters&#039; Club","description":"","publisher":{"@id":"https:\/\/evertonfc.cz\/#organization"},"potentialAction":[{"@type":"SearchAction","target":{"@type":"EntryPoint","urlTemplate":"https:\/\/evertonfc.cz\/?s={search_term_string}"},"query-input":{"@type":"PropertyValueSpecification","valueRequired":true,"valueName":"search_term_string"}}],"inLanguage":"cs"},{"@type":"Organization","@id":"https:\/\/evertonfc.cz\/#organization","name":"Official Czech & Slovak Everton Supporters' Club","url":"https:\/\/evertonfc.cz\/","logo":{"@type":"ImageObject","inLanguage":"cs","@id":"https:\/\/evertonfc.cz\/#\/schema\/logo\/image\/","url":"https:\/\/evertonfc.cz\/wp-content\/uploads\/2019\/05\/logo.png","contentUrl":"https:\/\/evertonfc.cz\/wp-content\/uploads\/2019\/05\/logo.png","width":112,"height":112,"caption":"Official Czech & Slovak Everton Supporters' Club"},"image":{"@id":"https:\/\/evertonfc.cz\/#\/schema\/logo\/image\/"},"sameAs":["https:\/\/www.facebook.com\/everton.fans.cz.sk"]},{"@type":"Person","@id":"https:\/\/evertonfc.cz\/#\/schema\/person\/f7a5daedb2ffee98480bc70e191aaef1","name":"Ri\u010di","sameAs":["https:\/\/x.com\/rbrejsa"],"url":"https:\/\/evertonfc.cz\/index.php\/author\/rici\/"}]}},"_links":{"self":[{"href":"https:\/\/evertonfc.cz\/index.php\/wp-json\/wp\/v2\/posts\/2809"}],"collection":[{"href":"https:\/\/evertonfc.cz\/index.php\/wp-json\/wp\/v2\/posts"}],"about":[{"href":"https:\/\/evertonfc.cz\/index.php\/wp-json\/wp\/v2\/types\/post"}],"author":[{"embeddable":true,"href":"https:\/\/evertonfc.cz\/index.php\/wp-json\/wp\/v2\/users\/6"}],"replies":[{"embeddable":true,"href":"https:\/\/evertonfc.cz\/index.php\/wp-json\/wp\/v2\/comments?post=2809"}],"version-history":[{"count":1,"href":"https:\/\/evertonfc.cz\/index.php\/wp-json\/wp\/v2\/posts\/2809\/revisions"}],"predecessor-version":[{"id":2810,"href":"https:\/\/evertonfc.cz\/index.php\/wp-json\/wp\/v2\/posts\/2809\/revisions\/2810"}],"wp:featuredmedia":[{"embeddable":true,"href":"https:\/\/evertonfc.cz\/index.php\/wp-json\/wp\/v2\/media\/1312"}],"wp:attachment":[{"href":"https:\/\/evertonfc.cz\/index.php\/wp-json\/wp\/v2\/media?parent=2809"}],"wp:term":[{"taxonomy":"category","embeddable":true,"href":"https:\/\/evertonfc.cz\/index.php\/wp-json\/wp\/v2\/categories?post=2809"},{"taxonomy":"post_tag","embeddable":true,"href":"https:\/\/evertonfc.cz\/index.php\/wp-json\/wp\/v2\/tags?post=2809"}],"curies":[{"name":"wp","href":"https:\/\/api.w.org\/{rel}","templated":true}]}}