{"id":28090,"date":"2025-12-26T15:28:53","date_gmt":"2025-12-26T14:28:53","guid":{"rendered":"https:\/\/evertonfc.cz\/?p=28090"},"modified":"2025-12-26T15:28:53","modified_gmt":"2025-12-26T14:28:53","slug":"preview-burnley-everton-8","status":"publish","type":"post","link":"https:\/\/evertonfc.cz\/index.php\/2025\/12\/26\/preview-burnley-everton-8\/","title":{"rendered":"Preview: Burnley \u2013 Everton"},"content":{"rendered":"<h4>Karamelky sa v sobotu chystaj\u00fa na Turf Moor s jasn\u00fdm cie\u013eom \u2013 vr\u00e1ti\u0165 sa na v\u00ed\u0165azn\u00fa vlnu. Proti Burnley, ktor\u00e9 sa mot\u00e1 v zostupov\u00fdch vod\u00e1ch, je to z\u00e1pas, kde sa u\u017e v\u00fdhovorky ve\u013emi nenosia.<\/h4>\n<p>Tentoraz nejde o klasick\u00fd \u201eBoxing Day\u201c duel hne\u010f po Vianociach. Z\u00e1pas sa hr\u00e1 a\u017e 27. decembra, \u010do je klasick\u00e1 sobota. Tradi\u010dn\u00fd kalend\u00e1r sa op\u00e4\u0165 natiahol cez cel\u00fd v\u00edkend pod\u013ea rozmarov telev\u00edznych spolo\u010dnost\u00ed, no misia Davida Moyesa a jeho t\u00edmu je \u00faplne jasn\u00e1. Zastavi\u0165 nie\u010do, \u010do za\u010d\u00edna nepr\u00edjemne pripom\u00edna\u0165 s\u00e9riu prehier, a znovu chyti\u0165 momentum, ktor\u00e9 n\u00e1s e\u0161te pred p\u00e1r t\u00fd\u017ed\u0148ami pr\u00edjemne n\u00fatilo pozera\u0165 sa sk\u00f4r nahor ne\u017e sp\u00e4\u0165 do spodnej polovice tabu\u013eky Premier League.<\/p>\n<p>Modr\u00ed Scouseri prich\u00e1dzaj\u00fa do star\u00e9ho mlyn\u00e1rskeho mesta v Lancashire z 10. miesta, ale s miernou \u201epredviano\u010dnou opicou\u201c.N\u00e1ro\u010dn\u00e9 z\u00e1pasy proti Chelsea a Arsenalu trochu schladili sviato\u010dn\u00fa n\u00e1ladu na Hill Dickinson Stadium. Najm\u00e4 po tom, \u010do Toffees vyhrali \u0161tyri z piatich z\u00e1pasov pred t\u00fdmito stretmi s lond\u00fdnskymi klubmi. Napriek tomu The Blues v poslednom \u010dase ukazuj\u00fa viac z\u00fabkov vonku, \u010do potvrdzuj\u00fa cenn\u00e9 v\u00fdhry na Old Trafford aj na Vitality Stadium v Bournemouthe.<\/p>\n<h4><strong>Na Burnley to vieme!<\/strong><\/h4>\n<p>Everton str\u00e1vil Vianoce v hornej polovici ligy po prv\u00fd raz od roku 2020. No pri poh\u013eade na tabu\u013eku je jasn\u00e9, \u017ee sa m\u00e1me kam \u0161plha\u0165. Od Top 4 n\u00e1s del\u00ed len p\u00e4\u0165 bodov, a tento duel n\u00e1m v posledn\u00fdch rokoch sed\u00ed. Vyhrali sme tri zo \u0161tyroch posledn\u00fdch stretnut\u00ed. Burnley m\u00e1 druh\u00fa najhor\u0161iu defenz\u00edvu ligy (34 inkasovan\u00fdch g\u00f3lov), zatia\u013e \u010do na\u0161e xG nazna\u010duje, \u017ee sme vlastne strie\u013eali menej g\u00f3lov, ne\u017e by sme mali. Najm\u00e4 pre sl\u00e1vne duo B&amp;B, topi\u010dov \u0161anc\u00ed Beta a Barryho, ktor\u00ed si zatia\u013e ved\u00fa svoj vlastn\u00fd intern\u00fd s\u00faboj o titul <em>\u201eNajhor\u0161\u00ed \u00fato\u010dn\u00edk v \u017eivej pam\u00e4ti\u201c.<\/em><\/p>\n<p>Sebavedomie si Evertonians m\u00f4\u017eu dv\u00edha\u0165 aj poh\u013eadom na formu s\u00fapera. Burnley a\u017e doned\u00e1vna \u0165ahalo sedemz\u00e1pasov\u00fa s\u00e9riu prehier, ktor\u00fa preru\u0161ilo a\u017e rem\u00edzou 1:1 s Bournemouthom minul\u00fd t\u00fd\u017ede\u0148. Armando Broja (\u00e1no ten!) vyrovn\u00e1val v \u00faplnom z\u00e1vere nadstaven\u00e9ho \u010dasu a Scott Parker si tak prip\u00edsal bod, ktor\u00fd v\u0161ak ve\u013ea nerie\u0161i \u2013 Burnley m\u00e1 len 11 bodov a je predposledn\u00e9 pred najtragickej\u0161\u00edmi Vlkmi, atakuj\u00facimi rekord Derby County.<\/p>\n<p>Ani samotn\u00fd Scott Parker nie je v z\u00e1videniahodnej situ\u00e1cii. 19. miesto, sedembodov\u00e1 strata na z\u00e1chranu, iba 1 bod zo \u0161iestich z\u00e1pasov. Zo v\u0161etk\u00fdch troch nov\u00e1\u010dikov s\u00fa Clarets zatia\u013e jednozna\u010dne najv\u00e4\u010d\u0161\u00edm sklaman\u00edm sez\u00f3ny. Navy\u0161e ich oslabuje AFCON \u2013 ch\u00fdbaj\u00fa Lyle Foster, Hannibal Mejbri aj Axel Tuanzebe. Zdravotn\u00fd ot\u00e1znik vis\u00ed maxim\u00e1lne nad Maximeom Est\u00e8vom, inak s\u00fa v\u0161etci pripraven\u00ed na n\u00e1v\u0161tevu EFC.<\/p>\n<h4><strong>Vianoce v kab\u00edne Evertonu<\/strong><\/h4>\n<p>Tento z\u00e1pas u\u017e pomaly nadob\u00fada ve\u013emi pochybn\u00fd status \u201emust-win\u201c, ak m\u00e1me Moyesove eur\u00f3pske amb\u00edcie bra\u0165 v\u00e1\u017ene. Probl\u00e9m je, \u017ee Everton do\u0148 ide bez trojice k\u013e\u00fa\u010dov\u00fdch stredopoliarov. Dewsbury-Hall je st\u00e1le mimo pre zranenie hamstringu z duelu s Chelsea, zatia\u013e \u010do Ndiaye a Gueye s\u00fa pre\u010d s reprezent\u00e1ciou Senegalu na AFCON-e. Grealish sa s\u00edce otriasol zo stra\u0161iaka v podobe hamstringu a je fit na \u0161tart, no potrebuje sa vr\u00e1ti\u0165 k tomu, aby re\u00e1lne ovplyv\u0148oval z\u00e1pasy \u2013 vytv\u00e1ral \u0161ance, sk\u00fa\u0161al zakon\u010denie a nielen spoma\u013eoval hru bez kone\u010dn\u00e9ho efektu.<\/p>\n<p>Na druhom kr\u00eddle Moyes takmer ur\u010dite po\u0161le do hry Dwighta McNeila proti jeho b\u00fdval\u00e9mu klubu. Len\u017ee jeho v\u00fdkony s\u00fa zatia\u013e tak slab\u00e9, \u017ee by sa priam p\u00fdtalo da\u0165 \u0161ancu Tylerovi Diblingovi. Ten nutne potrebuje d\u00f4veru a \u0161tart, aby sa jeho presun na sever stal pozit\u00edvnym impulzom pre rozbiehaj\u00facu sa kari\u00e9ru \u2013 a nie jej pred\u010dasn\u00fdm n\u00e1hrobn\u00fdm kame\u0148om. Zvy\u0161ok sa vyber\u00e1 s\u00e1m, matematika nepust\u00ed.<\/p>\n<p>Jarrad Branthwaite zost\u00e1va mimo hry e\u0161te minim\u00e1lne mesiac, tak\u017ee stop\u00e9rsku dvojicu op\u00e4\u0165 vytvoria James Tarkowski a Michael Keane \u2013 paradoxne proti b\u00fdval\u00e9mu klubu. Na pravom kraji obrany znovu nast\u00fapi Jake O\u2019Brien, ktor\u00fd sa e\u0161te st\u00e1le spam\u00e4t\u00e1va z minulot\u00fd\u017ed\u0148ovej \u201evolejbalovej vlo\u017eky\u201c, po ktorej Arsenal dostal penaltu a napokon aj z\u00e1pas. A tu sa n\u00faka ot\u00e1zka: kde je ist\u00fd \u0161k\u00f3tsky reprezentant &#8211; Nathan Patterson &#8211; a \u010do vlastne rob\u00ed, aby sa v\u00f4bec dostal do Moyesovej zostavy? Alebo aspo\u0148 lavi\u010dky&#8230;<\/p>\n<h4><strong>Rozhodcovia v hlavnej \u00falohe<\/strong><\/h4>\n<p>David Moyes je \u010doraz viac frustrovan\u00fd z nekonzistentn\u00fdch v\u00fdkonov rozhodcov a tvrd\u00ed, \u017ee organiz\u00e1cia PGMO sa s mana\u017e\u00e9rmi odmieta re\u00e1lne bavi\u0165. Fulham dostal penaltu proti Nottinghamu Forest po faule Douglasa Luiza na Kevina, pri\u010dom Anthony Taylor uk\u00e1zal na biely bod okam\u017eite.<\/p>\n<p>Jim\u00e9nez premenil a rozhodol o v\u00fdhre 1:0. Ironick\u00e9 je, \u017ee o 48 hod\u00edn sk\u00f4r Everton penaltu nedostal, hoci Saliba kopol Barryho do nohy v\u00a0\u0161estn\u00e1stke. Rozhodca Sam Barrott nereagoval a ani VAR v podan\u00ed Michaela Salisburyho situ\u00e1ciu nerie\u0161il. Na ot\u00e1zku, \u010di sa Everton pl\u00e1nuje obr\u00e1ti\u0165 na rozhodcovsk\u00fa asoci\u00e1ciu, Moyes reagoval:<\/p>\n<blockquote><p><span style=\"font-size: 12pt;\"><em>\u201e\u00daprimne neviem. Nerobia si to jednoduch\u00e9. Vlastne sa o tom ani nechc\u00fa rozpr\u00e1va\u0165. Asi preto, \u017ee by to museli vysvet\u013eova\u0165. Ke\u010f som v\u010dera ve\u010der videl to rozhodnutie, skoro som sa zadusil. M\u00e1te pocit, \u017ee niektor\u00e9 kluby tie verdikty dost\u00e1vaj\u00fa a in\u00e9 nie. My patr\u00edme do tej druhej skupiny.\u201c<\/em><\/span><\/p><\/blockquote>\n<p>Moyes pripomenul aj podobn\u00fa situ\u00e1ciu z Brentfordu s Van Dijkom, kde sa penalta nakoniec p\u00edskala. Z\u00e1rove\u0148 kritizoval aj verdikt proti vlastn\u00e9mu t\u00edmu \u2013 O\u2019Brienovu ruku, po ktorej Gy\u00f6keres rozhodol z penalty pre Arsenal:<\/p>\n<blockquote><p><span style=\"font-size: 12pt;\"><em>\u201eNaozaj potreboval rozhodca VAR, aby videl, \u017ee m\u00e1 Jake obe ruky vo vzduchu? To hovor\u00edm proti vlastn\u00e9mu t\u00edmu. \u010ciarov\u00fd rozhodca to mal priamo pred sebou. Nechcem m\u00e4kk\u00e9 penalty. Nikdy som ich nechcel. Ale ak sa takto p\u00edska, pre\u010do ich nedost\u00e1vame aj my?\u201c<\/em><\/span><\/p><\/blockquote>\n<h4><strong>Neust\u00e1le sa meniaca tv\u00e1r v\u00fdchodn\u00e9ho Lancashire<\/strong><\/h4>\n<p>\u00c9ra Seana Dycha je d\u00e1vno pre\u010d a Burnley u\u017e vst\u00fapilo do tretej f\u00e1zy prestavby. Sez\u00f3na 2023\/24 po postupe bola tvrdou lekciou. Pod Vincentom Kompanym \u2013 dnes u\u017e tr\u00e9nerom Bayernu \u2013 Burnley dominovalo Championship s odv\u00e1\u017enym futbalom a 64 % dr\u017ean\u00edm lopty, no v Premier League tento \u0161t\u00fdl kruto narazil.<\/p>\n<p>Po n\u00e1vrate do Championship pri\u0161iel Scott Parker s d\u00e1vkou pragmatizmu. Burnley post\u00fapilo sp\u00e4\u0165 cez defenz\u00edvu \u2013 len 16 inkasovan\u00fdch g\u00f3lov, hoci za cenu futbalovej nudy a 12 bezg\u00f3lov\u00fdch rem\u00edz. Parker s\u00edce nevr\u00e1til \u00faplne dychovsk\u00fd \u201enakop\u00e1van\u00fd\u201c futbal, ale v\u00fdrazne ho skrotil. Kr\u00e1tka rozohr\u00e1vka od obrany zostala, no v\u0161etko je opatrnej\u0161ie, doslovnej\u0161ie, s jasne rozdelen\u00fdmi rolami. Probl\u00e9m je, \u017ee ve\u013ea ich minulo sez\u00f3nnych defenz\u00edvnych hrdinstiev sa na vy\u0161\u0161ej \u00farovni r\u00fdchlo rozplynulo.<\/p>\n<p>Po zostupe odi\u0161li hr\u00e1\u010di ako Berge, Odobert \u010di Amdouni. Letn\u00e9 prestupy sa zamerali hlavne na trval\u00e9 podpisy hr\u00e1\u010dov z hos\u0165ovan\u00ed (Edwards, Jaidon Anthony, Zion Flemming). Armando Broja z Chelsea m\u00e1 zv\u00fd\u0161i\u0165 \u00fato\u010dn\u00fa silu, zatia\u013e \u010do Lesley Ugochukwu m\u00e1 pom\u00f4c\u0165 vyplni\u0165 diery po Traffordovi a Egan-Rileym.<\/p>\n<h4><strong>\u017diadne z\u013eutovanie pre Clarets<\/strong><\/h4>\n<p>Pam\u00e4t\u00e1te si temn\u00e9 \u010dasy PSR a bodov\u00fdch odpo\u010dtov? Burnley ur\u010dite \u00e1no. Klub sa toti\u017e st\u00e1le sna\u017e\u00ed vys\u00fadi\u0165 od Evertonu finan\u010dn\u00fa n\u00e1hradu za sez\u00f3nu, v ktorej Burnley vypadlo z najvy\u0161\u0161ej s\u00fa\u0165a\u017ee. K\u013e\u00fa\u010dov\u00fdm obdob\u00edm je sez\u00f3na 21\/22, ke\u010f EFC skon\u010dilo o 4 body pred Burnley. Oneskorene v\u0161ak Everton v sez\u00f3ne 23\/24 dostal dva samostatn\u00e9 bodov\u00e9 odpo\u010dty, ktor\u00e9 spolu predstavovali 8 bodov, za poru\u0161enia pravidiel pr\u00e1ve v ro\u010dn\u00edkoch 21\/22 a 22\/23.<\/p>\n<p>Nez\u00e1visl\u00e1 komisia vo svojich z\u00e1veroch s\u00edce ponechala otvoren\u00fa mo\u017enos\u0165, aby si kluby uplatnili n\u00e1rok na n\u00e1hradu \u0161kody, no z\u00e1rove\u0148 sa nijako nevyjadrila k opodstatnenosti bud\u00facich \u017eal\u00f4b. Burnley na\u010falej tvrd\u00ed, \u017ee by sa zostupu vyhlo, keby sa bodov\u00fd trest Evertonu vz\u0165ahoval u\u017e na sez\u00f3nu 2021\/22, a \u017ee pri\u0161lo o v\u00fdznamn\u00e9 pr\u00edjmy z Premier League. Hovor\u00ed sa, \u017ee suma, ktor\u00fa sa Burnley sna\u017e\u00ed z\u00edska\u0165 sp\u00e4\u0165, m\u00f4\u017ee dosahova\u0165 a\u017e 60 mili\u00f3nov libier.<\/p>\n<p>Najzauj\u00edmavej\u0161\u00edm a najbizarnej\u0161\u00edm faktom v\u0161ak je, \u017ee neexistuje \u017eiadna z\u00e1ruka, \u017ee verdikt v tomto pr\u00edpade bude niekedy zverejnen\u00fd. Ide toti\u017e o spor medzi dvoma klubmi, nie medzi klubom a Premier League ako takou.<\/p>\n<h4><strong>Prestupov\u00e9 okno sa bl\u00ed\u017ei<\/strong><\/h4>\n<p>David Moyes sa v ot\u00e1zke janu\u00e1rov\u00fdch prestupov plne stoto\u017e\u0148uje so stanoviskom v\u00fdkonn\u00e9ho riadite\u013ea Evertonu Angusa Kinneara. Klub sa chce zamera\u0165 na identifik\u00e1ciu a realiz\u00e1ciu pr\u00edle\u017eitost\u00ed, ktor\u00e9 n\u00e1s m\u00f4\u017eu posilni\u0165 z dlhodob\u00e9ho h\u013eadiska. Pr\u00edpadn\u00e9 janu\u00e1rov\u00e9 pr\u00edchody musia by\u0165 v\u00fdnimo\u010dn\u00e9 a Everton sa chce vyhn\u00fa\u0165 kr\u00e1tkodob\u00fdm rie\u0161eniam, ktor\u00e9 by oslabili poz\u00edciu klubu v \u010fal\u0161ej f\u00e1ze prestavby, pl\u00e1novanej na bud\u00face leto. Moyes dodal:<\/p>\n<blockquote><p><span style=\"font-size: 12pt;\"><em>\u201eNa ka\u017edej tla\u010dovke hovor\u00edm to ist\u00e9 \u2013 neo\u010dak\u00e1vam, \u017ee by sme v janu\u00e1ri robili ve\u013ea prestupov. Ak sa n\u00e1m podar\u00ed z\u00edska\u0165 nejak\u00fdch hr\u00e1\u010dov, budeme z toho nad\u0161en\u00ed my, vedenie aj majitelia. Cel\u00e9 je to v\u0161ak o tom, aby sme mali jasn\u00fd pl\u00e1n, ktor\u00fd vlastn\u00edci chc\u00fa dodr\u017eiava\u0165, a aby sme v\u0161etko robili ur\u010dit\u00fdm sp\u00f4sobom. Nejde teda o r\u00fdchle z\u00e1platy. To je smer, ktor\u00fdm sa moment\u00e1lne Everton uber\u00e1. Nechceme zbyto\u010dne dv\u00edha\u0165 o\u010dak\u00e1vania. Okolo klubu je ve\u013ea \u0161pekul\u00e1ci\u00ed a \u00faprimne \u2013 niektor\u00e9 ma sk\u00f4r pobavia.\u201c<\/em><\/span><\/p><\/blockquote>\n<h3 style=\"text-align: center;\"><span style=\"color: #3366ff;\"><em><strong>Up The Toffees !!!<\/strong><\/em><\/span><\/h3>\n<p><strong>\u010co:<\/strong> Burnley FC \u2013 Everton FC, 18. kolo Premier League<br \/>\n<strong>Kedy:<\/strong> 27.12. 2025 od 16:00 SE\u010c<br \/>\n<strong>Ako:<\/strong> Priamy prenos na stanici Canal+ Sport 6 od 15:55, komentuje Martin Minha<br \/>\n<strong>Kde:<\/strong> Turf Moor \u2013 52-56 Harry Potts Way, Burnley BB10 4BX (kapacita: 22 546)<br \/>\n<strong>Rozhodca:<\/strong> Craig Pawson \u00a0<strong>Asistenti:<\/strong> L. Betts, M. Wilkes\u00a0 <strong>\u0160tvrt\u00fd rozhodca:<\/strong> T. Bramall<br \/>\n<strong>VAR: <\/strong>Tim Wood\u00a0\u00a0<strong>Asistent VAR: <\/strong>Alex Chilowicz<\/p>\n","protected":false},"excerpt":{"rendered":"<p>Karamelky sa v sobotu chystaj\u00fa na Turf Moor s jasn\u00fdm cie\u013eom \u2013 vr\u00e1ti\u0165 sa na v\u00ed\u0165azn\u00fa vlnu. Proti Burnley, ktor\u00e9 sa mot\u00e1 v zostupov\u00fdch vod\u00e1ch, je to z\u00e1pas, kde sa u\u017e v\u00fdhovorky ve\u013emi nenosia.<\/p>\n","protected":false},"author":1,"featured_media":13078,"comment_status":"open","ping_status":"closed","sticky":false,"template":"","format":"standard","meta":{"_eb_attr":"","_monsterinsights_skip_tracking":false,"_monsterinsights_sitenote_active":false,"_monsterinsights_sitenote_note":"","_monsterinsights_sitenote_category":0,"footnotes":""},"categories":[4],"tags":[],"yoast_head":"<!-- This site is optimized with the Yoast SEO plugin v23.4 - https:\/\/yoast.com\/wordpress\/plugins\/seo\/ -->\n<title>Preview: Burnley \u2013 Everton - Official Czech &amp; Slovak Everton Supporters&#039; Club<\/title>\n<meta name=\"robots\" content=\"index, follow, max-snippet:-1, max-image-preview:large, max-video-preview:-1\" \/>\n<link rel=\"canonical\" href=\"https:\/\/evertonfc.cz\/index.php\/2025\/12\/26\/preview-burnley-everton-8\/\" \/>\n<meta property=\"og:locale\" content=\"cs_CZ\" \/>\n<meta property=\"og:type\" content=\"article\" \/>\n<meta property=\"og:title\" content=\"Preview: Burnley \u2013 Everton - Official Czech &amp; Slovak Everton Supporters&#039; Club\" \/>\n<meta property=\"og:description\" content=\"Karamelky sa v sobotu chystaj\u00fa na Turf Moor s jasn\u00fdm cie\u013eom \u2013 vr\u00e1ti\u0165 sa na v\u00ed\u0165azn\u00fa vlnu. Proti Burnley, ktor\u00e9 sa mot\u00e1 v zostupov\u00fdch vod\u00e1ch, je to z\u00e1pas, kde sa u\u017e v\u00fdhovorky ve\u013emi nenosia.\" \/>\n<meta property=\"og:url\" content=\"https:\/\/evertonfc.cz\/index.php\/2025\/12\/26\/preview-burnley-everton-8\/\" \/>\n<meta property=\"og:site_name\" content=\"Official Czech &amp; Slovak Everton Supporters&#039; Club\" \/>\n<meta property=\"article:publisher\" content=\"https:\/\/www.facebook.com\/everton.fans.cz.sk\" \/>\n<meta property=\"article:published_time\" content=\"2025-12-26T14:28:53+00:00\" \/>\n<meta property=\"og:image\" content=\"https:\/\/evertonfc.cz\/wp-content\/uploads\/2020\/12\/Burnley-VS-Everton-5-12-2020.jpg\" \/>\n\t<meta property=\"og:image:width\" content=\"720\" \/>\n\t<meta property=\"og:image:height\" content=\"405\" \/>\n\t<meta property=\"og:image:type\" content=\"image\/jpeg\" \/>\n<meta name=\"author\" content=\"BlueBlooded\" \/>\n<meta name=\"twitter:card\" content=\"summary_large_image\" \/>\n<meta name=\"twitter:label1\" content=\"Napsal(a)\" \/>\n\t<meta name=\"twitter:data1\" content=\"BlueBlooded\" \/>\n\t<meta name=\"twitter:label2\" content=\"Odhadovan\u00e1 doba \u010dten\u00ed\" \/>\n\t<meta name=\"twitter:data2\" content=\"7 minut\" \/>\n<script type=\"application\/ld+json\" class=\"yoast-schema-graph\">{\"@context\":\"https:\/\/schema.org\",\"@graph\":[{\"@type\":\"Article\",\"@id\":\"https:\/\/evertonfc.cz\/index.php\/2025\/12\/26\/preview-burnley-everton-8\/#article\",\"isPartOf\":{\"@id\":\"https:\/\/evertonfc.cz\/index.php\/2025\/12\/26\/preview-burnley-everton-8\/\"},\"author\":{\"name\":\"BlueBlooded\",\"@id\":\"https:\/\/evertonfc.cz\/#\/schema\/person\/d4493b8cbea51532597fbc4685698916\"},\"headline\":\"Preview: Burnley \u2013 Everton\",\"datePublished\":\"2025-12-26T14:28:53+00:00\",\"dateModified\":\"2025-12-26T14:28:53+00:00\",\"mainEntityOfPage\":{\"@id\":\"https:\/\/evertonfc.cz\/index.php\/2025\/12\/26\/preview-burnley-everton-8\/\"},\"wordCount\":1729,\"commentCount\":4,\"publisher\":{\"@id\":\"https:\/\/evertonfc.cz\/#organization\"},\"image\":{\"@id\":\"https:\/\/evertonfc.cz\/index.php\/2025\/12\/26\/preview-burnley-everton-8\/#primaryimage\"},\"thumbnailUrl\":\"https:\/\/evertonfc.cz\/wp-content\/uploads\/2020\/12\/Burnley-VS-Everton-5-12-2020.jpg\",\"articleSection\":[\"Z\u00e1pasy\"],\"inLanguage\":\"cs\",\"potentialAction\":[{\"@type\":\"CommentAction\",\"name\":\"Comment\",\"target\":[\"https:\/\/evertonfc.cz\/index.php\/2025\/12\/26\/preview-burnley-everton-8\/#respond\"]}]},{\"@type\":\"WebPage\",\"@id\":\"https:\/\/evertonfc.cz\/index.php\/2025\/12\/26\/preview-burnley-everton-8\/\",\"url\":\"https:\/\/evertonfc.cz\/index.php\/2025\/12\/26\/preview-burnley-everton-8\/\",\"name\":\"Preview: Burnley \u2013 Everton - Official Czech &amp; Slovak Everton Supporters&#039; Club\",\"isPartOf\":{\"@id\":\"https:\/\/evertonfc.cz\/#website\"},\"primaryImageOfPage\":{\"@id\":\"https:\/\/evertonfc.cz\/index.php\/2025\/12\/26\/preview-burnley-everton-8\/#primaryimage\"},\"image\":{\"@id\":\"https:\/\/evertonfc.cz\/index.php\/2025\/12\/26\/preview-burnley-everton-8\/#primaryimage\"},\"thumbnailUrl\":\"https:\/\/evertonfc.cz\/wp-content\/uploads\/2020\/12\/Burnley-VS-Everton-5-12-2020.jpg\",\"datePublished\":\"2025-12-26T14:28:53+00:00\",\"dateModified\":\"2025-12-26T14:28:53+00:00\",\"breadcrumb\":{\"@id\":\"https:\/\/evertonfc.cz\/index.php\/2025\/12\/26\/preview-burnley-everton-8\/#breadcrumb\"},\"inLanguage\":\"cs\",\"potentialAction\":[{\"@type\":\"ReadAction\",\"target\":[\"https:\/\/evertonfc.cz\/index.php\/2025\/12\/26\/preview-burnley-everton-8\/\"]}]},{\"@type\":\"ImageObject\",\"inLanguage\":\"cs\",\"@id\":\"https:\/\/evertonfc.cz\/index.php\/2025\/12\/26\/preview-burnley-everton-8\/#primaryimage\",\"url\":\"https:\/\/evertonfc.cz\/wp-content\/uploads\/2020\/12\/Burnley-VS-Everton-5-12-2020.jpg\",\"contentUrl\":\"https:\/\/evertonfc.cz\/wp-content\/uploads\/2020\/12\/Burnley-VS-Everton-5-12-2020.jpg\",\"width\":720,\"height\":405},{\"@type\":\"BreadcrumbList\",\"@id\":\"https:\/\/evertonfc.cz\/index.php\/2025\/12\/26\/preview-burnley-everton-8\/#breadcrumb\",\"itemListElement\":[{\"@type\":\"ListItem\",\"position\":1,\"name\":\"Home\",\"item\":\"https:\/\/evertonfc.cz\/\"},{\"@type\":\"ListItem\",\"position\":2,\"name\":\"Preview: Burnley \u2013 Everton\"}]},{\"@type\":\"WebSite\",\"@id\":\"https:\/\/evertonfc.cz\/#website\",\"url\":\"https:\/\/evertonfc.cz\/\",\"name\":\"Official Czech &amp; Slovak Everton Supporters&#039; Club\",\"description\":\"\",\"publisher\":{\"@id\":\"https:\/\/evertonfc.cz\/#organization\"},\"potentialAction\":[{\"@type\":\"SearchAction\",\"target\":{\"@type\":\"EntryPoint\",\"urlTemplate\":\"https:\/\/evertonfc.cz\/?s={search_term_string}\"},\"query-input\":{\"@type\":\"PropertyValueSpecification\",\"valueRequired\":true,\"valueName\":\"search_term_string\"}}],\"inLanguage\":\"cs\"},{\"@type\":\"Organization\",\"@id\":\"https:\/\/evertonfc.cz\/#organization\",\"name\":\"Official Czech & Slovak Everton Supporters' Club\",\"url\":\"https:\/\/evertonfc.cz\/\",\"logo\":{\"@type\":\"ImageObject\",\"inLanguage\":\"cs\",\"@id\":\"https:\/\/evertonfc.cz\/#\/schema\/logo\/image\/\",\"url\":\"https:\/\/evertonfc.cz\/wp-content\/uploads\/2019\/05\/logo.png\",\"contentUrl\":\"https:\/\/evertonfc.cz\/wp-content\/uploads\/2019\/05\/logo.png\",\"width\":112,\"height\":112,\"caption\":\"Official Czech & Slovak Everton Supporters' Club\"},\"image\":{\"@id\":\"https:\/\/evertonfc.cz\/#\/schema\/logo\/image\/\"},\"sameAs\":[\"https:\/\/www.facebook.com\/everton.fans.cz.sk\"]},{\"@type\":\"Person\",\"@id\":\"https:\/\/evertonfc.cz\/#\/schema\/person\/d4493b8cbea51532597fbc4685698916\",\"name\":\"BlueBlooded\",\"url\":\"https:\/\/evertonfc.cz\/index.php\/author\/admin\/\"}]}<\/script>\n<!-- \/ Yoast SEO plugin. -->","yoast_head_json":{"title":"Preview: Burnley \u2013 Everton - Official Czech &amp; Slovak Everton Supporters&#039; Club","robots":{"index":"index","follow":"follow","max-snippet":"max-snippet:-1","max-image-preview":"max-image-preview:large","max-video-preview":"max-video-preview:-1"},"canonical":"https:\/\/evertonfc.cz\/index.php\/2025\/12\/26\/preview-burnley-everton-8\/","og_locale":"cs_CZ","og_type":"article","og_title":"Preview: Burnley \u2013 Everton - Official Czech &amp; Slovak Everton Supporters&#039; Club","og_description":"Karamelky sa v sobotu chystaj\u00fa na Turf Moor s jasn\u00fdm cie\u013eom \u2013 vr\u00e1ti\u0165 sa na v\u00ed\u0165azn\u00fa vlnu. Proti Burnley, ktor\u00e9 sa mot\u00e1 v zostupov\u00fdch vod\u00e1ch, je to z\u00e1pas, kde sa u\u017e v\u00fdhovorky ve\u013emi nenosia.","og_url":"https:\/\/evertonfc.cz\/index.php\/2025\/12\/26\/preview-burnley-everton-8\/","og_site_name":"Official Czech &amp; Slovak Everton Supporters&#039; Club","article_publisher":"https:\/\/www.facebook.com\/everton.fans.cz.sk","article_published_time":"2025-12-26T14:28:53+00:00","og_image":[{"width":720,"height":405,"url":"https:\/\/evertonfc.cz\/wp-content\/uploads\/2020\/12\/Burnley-VS-Everton-5-12-2020.jpg","type":"image\/jpeg"}],"author":"BlueBlooded","twitter_card":"summary_large_image","twitter_misc":{"Napsal(a)":"BlueBlooded","Odhadovan\u00e1 doba \u010dten\u00ed":"7 minut"},"schema":{"@context":"https:\/\/schema.org","@graph":[{"@type":"Article","@id":"https:\/\/evertonfc.cz\/index.php\/2025\/12\/26\/preview-burnley-everton-8\/#article","isPartOf":{"@id":"https:\/\/evertonfc.cz\/index.php\/2025\/12\/26\/preview-burnley-everton-8\/"},"author":{"name":"BlueBlooded","@id":"https:\/\/evertonfc.cz\/#\/schema\/person\/d4493b8cbea51532597fbc4685698916"},"headline":"Preview: Burnley \u2013 Everton","datePublished":"2025-12-26T14:28:53+00:00","dateModified":"2025-12-26T14:28:53+00:00","mainEntityOfPage":{"@id":"https:\/\/evertonfc.cz\/index.php\/2025\/12\/26\/preview-burnley-everton-8\/"},"wordCount":1729,"commentCount":4,"publisher":{"@id":"https:\/\/evertonfc.cz\/#organization"},"image":{"@id":"https:\/\/evertonfc.cz\/index.php\/2025\/12\/26\/preview-burnley-everton-8\/#primaryimage"},"thumbnailUrl":"https:\/\/evertonfc.cz\/wp-content\/uploads\/2020\/12\/Burnley-VS-Everton-5-12-2020.jpg","articleSection":["Z\u00e1pasy"],"inLanguage":"cs","potentialAction":[{"@type":"CommentAction","name":"Comment","target":["https:\/\/evertonfc.cz\/index.php\/2025\/12\/26\/preview-burnley-everton-8\/#respond"]}]},{"@type":"WebPage","@id":"https:\/\/evertonfc.cz\/index.php\/2025\/12\/26\/preview-burnley-everton-8\/","url":"https:\/\/evertonfc.cz\/index.php\/2025\/12\/26\/preview-burnley-everton-8\/","name":"Preview: Burnley \u2013 Everton - Official Czech &amp; Slovak Everton Supporters&#039; Club","isPartOf":{"@id":"https:\/\/evertonfc.cz\/#website"},"primaryImageOfPage":{"@id":"https:\/\/evertonfc.cz\/index.php\/2025\/12\/26\/preview-burnley-everton-8\/#primaryimage"},"image":{"@id":"https:\/\/evertonfc.cz\/index.php\/2025\/12\/26\/preview-burnley-everton-8\/#primaryimage"},"thumbnailUrl":"https:\/\/evertonfc.cz\/wp-content\/uploads\/2020\/12\/Burnley-VS-Everton-5-12-2020.jpg","datePublished":"2025-12-26T14:28:53+00:00","dateModified":"2025-12-26T14:28:53+00:00","breadcrumb":{"@id":"https:\/\/evertonfc.cz\/index.php\/2025\/12\/26\/preview-burnley-everton-8\/#breadcrumb"},"inLanguage":"cs","potentialAction":[{"@type":"ReadAction","target":["https:\/\/evertonfc.cz\/index.php\/2025\/12\/26\/preview-burnley-everton-8\/"]}]},{"@type":"ImageObject","inLanguage":"cs","@id":"https:\/\/evertonfc.cz\/index.php\/2025\/12\/26\/preview-burnley-everton-8\/#primaryimage","url":"https:\/\/evertonfc.cz\/wp-content\/uploads\/2020\/12\/Burnley-VS-Everton-5-12-2020.jpg","contentUrl":"https:\/\/evertonfc.cz\/wp-content\/uploads\/2020\/12\/Burnley-VS-Everton-5-12-2020.jpg","width":720,"height":405},{"@type":"BreadcrumbList","@id":"https:\/\/evertonfc.cz\/index.php\/2025\/12\/26\/preview-burnley-everton-8\/#breadcrumb","itemListElement":[{"@type":"ListItem","position":1,"name":"Home","item":"https:\/\/evertonfc.cz\/"},{"@type":"ListItem","position":2,"name":"Preview: Burnley \u2013 Everton"}]},{"@type":"WebSite","@id":"https:\/\/evertonfc.cz\/#website","url":"https:\/\/evertonfc.cz\/","name":"Official Czech &amp; Slovak Everton Supporters&#039; Club","description":"","publisher":{"@id":"https:\/\/evertonfc.cz\/#organization"},"potentialAction":[{"@type":"SearchAction","target":{"@type":"EntryPoint","urlTemplate":"https:\/\/evertonfc.cz\/?s={search_term_string}"},"query-input":{"@type":"PropertyValueSpecification","valueRequired":true,"valueName":"search_term_string"}}],"inLanguage":"cs"},{"@type":"Organization","@id":"https:\/\/evertonfc.cz\/#organization","name":"Official Czech & Slovak Everton Supporters' Club","url":"https:\/\/evertonfc.cz\/","logo":{"@type":"ImageObject","inLanguage":"cs","@id":"https:\/\/evertonfc.cz\/#\/schema\/logo\/image\/","url":"https:\/\/evertonfc.cz\/wp-content\/uploads\/2019\/05\/logo.png","contentUrl":"https:\/\/evertonfc.cz\/wp-content\/uploads\/2019\/05\/logo.png","width":112,"height":112,"caption":"Official Czech & Slovak Everton Supporters' Club"},"image":{"@id":"https:\/\/evertonfc.cz\/#\/schema\/logo\/image\/"},"sameAs":["https:\/\/www.facebook.com\/everton.fans.cz.sk"]},{"@type":"Person","@id":"https:\/\/evertonfc.cz\/#\/schema\/person\/d4493b8cbea51532597fbc4685698916","name":"BlueBlooded","url":"https:\/\/evertonfc.cz\/index.php\/author\/admin\/"}]}},"_links":{"self":[{"href":"https:\/\/evertonfc.cz\/index.php\/wp-json\/wp\/v2\/posts\/28090"}],"collection":[{"href":"https:\/\/evertonfc.cz\/index.php\/wp-json\/wp\/v2\/posts"}],"about":[{"href":"https:\/\/evertonfc.cz\/index.php\/wp-json\/wp\/v2\/types\/post"}],"author":[{"embeddable":true,"href":"https:\/\/evertonfc.cz\/index.php\/wp-json\/wp\/v2\/users\/1"}],"replies":[{"embeddable":true,"href":"https:\/\/evertonfc.cz\/index.php\/wp-json\/wp\/v2\/comments?post=28090"}],"version-history":[{"count":11,"href":"https:\/\/evertonfc.cz\/index.php\/wp-json\/wp\/v2\/posts\/28090\/revisions"}],"predecessor-version":[{"id":28101,"href":"https:\/\/evertonfc.cz\/index.php\/wp-json\/wp\/v2\/posts\/28090\/revisions\/28101"}],"wp:featuredmedia":[{"embeddable":true,"href":"https:\/\/evertonfc.cz\/index.php\/wp-json\/wp\/v2\/media\/13078"}],"wp:attachment":[{"href":"https:\/\/evertonfc.cz\/index.php\/wp-json\/wp\/v2\/media?parent=28090"}],"wp:term":[{"taxonomy":"category","embeddable":true,"href":"https:\/\/evertonfc.cz\/index.php\/wp-json\/wp\/v2\/categories?post=28090"},{"taxonomy":"post_tag","embeddable":true,"href":"https:\/\/evertonfc.cz\/index.php\/wp-json\/wp\/v2\/tags?post=28090"}],"curies":[{"name":"wp","href":"https:\/\/api.w.org\/{rel}","templated":true}]}}