{"id":2811,"date":"2010-05-18T23:26:28","date_gmt":"2010-05-18T21:26:28","guid":{"rendered":"http:\/\/evertonfc.cz\/?p=2811"},"modified":"2019-02-09T23:28:32","modified_gmt":"2019-02-09T22:28:32","slug":"cahill-prodlouzil-smlouvu","status":"publish","type":"post","link":"https:\/\/evertonfc.cz\/index.php\/2010\/05\/18\/cahill-prodlouzil-smlouvu\/","title":{"rendered":"Cahill prodlou\u017eil smlouvu"},"content":{"rendered":"<h4>Australsk\u00fd symbol potvrdil svoji oddanost a nab\u00eddnut\u00e9 prodlou\u017een\u00ed kontraktu bez v\u00e1h\u00e1n\u00ed p\u0159ijal. Hr\u00e1\u010dem Evertonu by m\u011bl Cahill b\u00fdt dal\u0161\u00ed \u010dty\u0159i roky.<\/h4>\n<p>Rod\u00e1kovi ze Sydney chyb\u011bly do vypr\u0161en\u00ed st\u00e1vaj\u00edc\u00edho kontraktu dva roky, Everton ale necht\u011bl nechat nic n\u00e1hod\u011b, a australsk\u00e9ho srdca\u0159e tedy budeme na Goodison Parku v\u00edd\u00e1vat do roku 2014. S nejv\u011bt\u0161\u00ed pravd\u011bpodobnost\u00ed tak moment\u00e1ln\u011b t\u0159icetilet\u00fd Cahill svoji dlouholetou kari\u00e9ru na ostrovech ukon\u010d\u00ed pr\u00e1v\u011b v modr\u00e9m dresu.<\/p>\n<p><em>\u201eJe to velk\u00fd okam\u017eik moj\u00ed kari\u00e9ry. V m\u00e9m \u017eivot\u011b hraje v\u011brnost velkou roli a nedok\u00e1zal bych si p\u0159edstavit, \u017ee bychom n\u011bkam p\u0159estupoval,\u201c\u00a0<\/em>\u0159\u00edk\u00e1.<em> \u201eP\u0159edseda i mana\u017eer dob\u0159e v\u00ed, jak\u00fd vztah m\u011b poj\u00ed ke klubu a spoluhr\u00e1\u010d\u016fm. V\u011bd\u00ed, \u017ee Everton miluji. Ke v\u0161em v klubu m\u00e1m bl\u00edzko, tak\u017ee nem\u016f\u017eu b\u00fdt \u0161\u0165astn\u011bj\u0161\u00ed.\u201c<\/em><\/p>\n<p>Otce t\u0159\u00ed d\u011bt\u00ed a od minul\u00e9ho t\u00fddne do man\u017eelsk\u00e9ho chomoutu uv\u00e1zan\u00e9ho fotbalistu m\u00e9dia \u010dastokr\u00e1t po mnoho let spojovala s odchodem. Dok\u00e1zal by si tedy v\u016fbec Tim s\u00e1m sebe po \u0161esti \u00fasp\u011b\u0161n\u00fdch letech v Merseyside p\u0159edstavit v jin\u00e9m klubu?<\/p>\n<p><em>\u201eKdy\u017e zhodnot\u00edte situaci, zv\u00e1\u017e\u00edte, kam jste se jako fotbalista dostal, lid\u00e9 potom \u010dasto mluv\u00ed o pen\u011bz\u00edch a podobn\u00fdch v\u011bcech, ale ve skute\u010dnosti je toho daleko v\u00edc ne\u017e pen\u00edze, co m\u016f\u017eete z\u00edskat. S histori\u00ed kterou m\u00e1me, s budoucnost\u00ed, kter\u00e1 le\u017e\u00ed p\u0159ed n\u00e1mi, nemysl\u00edm, \u017ee je v\u011bt\u0161\u00edho klubu.<\/em><\/p>\n<p><em>Samoz\u0159ejm\u011b, lid\u00e9 \u0159eknou, \u017ee jsem \u0161\u00edlen\u00fd, proto\u017ee je tu Manchester United, Arsenal, Liga Mistr\u016f a podobn\u011b, ale kdy\u017e se zamysl\u00edte nad t\u00edm, \u010deho jsme v Evertonu dos\u00e1hli a \u010deho je\u0161t\u011b m\u016f\u017eeme dos\u00e1hnout, mysl\u00edm, \u017ee jsem se rozhodl naprosto spr\u00e1vn\u011b,\u201c\u00a0<\/em>\u0159\u00edk\u00e1 popul\u00e1rn\u00ed z\u00e1lo\u017en\u00edk a nejlep\u0161\u00ed t\u00fdmov\u00fd st\u0159elec posledn\u00edch let.<\/p>\n","protected":false},"excerpt":{"rendered":"<p>Australsk\u00fd symbol potvrdil svoji oddanost a nab\u00eddnut\u00e9 prodlou\u017een\u00ed kontraktu bez v\u00e1h\u00e1n\u00ed p\u0159ijal. Hr\u00e1\u010dem Evertonu by m\u011bl Cahill b\u00fdt dal\u0161\u00ed \u010dty\u0159i&hellip;<\/p>\n","protected":false},"author":7,"featured_media":1313,"comment_status":"open","ping_status":"closed","sticky":false,"template":"","format":"standard","meta":{"_eb_attr":"","_monsterinsights_skip_tracking":false,"_monsterinsights_sitenote_active":false,"_monsterinsights_sitenote_note":"","_monsterinsights_sitenote_category":0,"footnotes":""},"categories":[42],"tags":[],"yoast_head":"<!-- This site is optimized with the Yoast SEO plugin v23.4 - https:\/\/yoast.com\/wordpress\/plugins\/seo\/ -->\n<title>Cahill prodlou\u017eil smlouvu - Official Czech &amp; Slovak Everton Supporters&#039; Club<\/title>\n<meta name=\"robots\" content=\"index, follow, max-snippet:-1, max-image-preview:large, max-video-preview:-1\" \/>\n<link rel=\"canonical\" href=\"https:\/\/evertonfc.cz\/index.php\/2010\/05\/18\/cahill-prodlouzil-smlouvu\/\" \/>\n<meta property=\"og:locale\" content=\"cs_CZ\" \/>\n<meta property=\"og:type\" content=\"article\" \/>\n<meta property=\"og:title\" content=\"Cahill prodlou\u017eil smlouvu - Official Czech &amp; Slovak Everton Supporters&#039; Club\" \/>\n<meta property=\"og:description\" content=\"Australsk\u00fd symbol potvrdil svoji oddanost a nab\u00eddnut\u00e9 prodlou\u017een\u00ed kontraktu bez v\u00e1h\u00e1n\u00ed p\u0159ijal. Hr\u00e1\u010dem Evertonu by m\u011bl Cahill b\u00fdt dal\u0161\u00ed \u010dty\u0159i&hellip;\" \/>\n<meta property=\"og:url\" content=\"https:\/\/evertonfc.cz\/index.php\/2010\/05\/18\/cahill-prodlouzil-smlouvu\/\" \/>\n<meta property=\"og:site_name\" content=\"Official Czech &amp; Slovak Everton Supporters&#039; Club\" \/>\n<meta property=\"article:publisher\" content=\"https:\/\/www.facebook.com\/everton.fans.cz.sk\" \/>\n<meta property=\"article:published_time\" content=\"2010-05-18T21:26:28+00:00\" \/>\n<meta property=\"article:modified_time\" content=\"2019-02-09T22:28:32+00:00\" \/>\n<meta property=\"og:image\" content=\"https:\/\/evertonfc.cz\/wp-content\/uploads\/2019\/01\/news.jpg\" \/>\n\t<meta property=\"og:image:width\" content=\"720\" \/>\n\t<meta property=\"og:image:height\" content=\"405\" \/>\n\t<meta property=\"og:image:type\" content=\"image\/jpeg\" \/>\n<meta name=\"author\" content=\"Me\u0148a\" \/>\n<meta name=\"twitter:card\" content=\"summary_large_image\" \/>\n<meta name=\"twitter:label1\" content=\"Napsal(a)\" \/>\n\t<meta name=\"twitter:data1\" content=\"Me\u0148a\" \/>\n\t<meta name=\"twitter:label2\" content=\"Odhadovan\u00e1 doba \u010dten\u00ed\" \/>\n\t<meta name=\"twitter:data2\" content=\"2 minuty\" \/>\n<script type=\"application\/ld+json\" class=\"yoast-schema-graph\">{\"@context\":\"https:\/\/schema.org\",\"@graph\":[{\"@type\":\"Article\",\"@id\":\"https:\/\/evertonfc.cz\/index.php\/2010\/05\/18\/cahill-prodlouzil-smlouvu\/#article\",\"isPartOf\":{\"@id\":\"https:\/\/evertonfc.cz\/index.php\/2010\/05\/18\/cahill-prodlouzil-smlouvu\/\"},\"author\":{\"name\":\"Me\u0148a\",\"@id\":\"https:\/\/evertonfc.cz\/#\/schema\/person\/cd6328a75577de2add7793fd4b0930c3\"},\"headline\":\"Cahill prodlou\u017eil smlouvu\",\"datePublished\":\"2010-05-18T21:26:28+00:00\",\"dateModified\":\"2019-02-09T22:28:32+00:00\",\"mainEntityOfPage\":{\"@id\":\"https:\/\/evertonfc.cz\/index.php\/2010\/05\/18\/cahill-prodlouzil-smlouvu\/\"},\"wordCount\":349,\"commentCount\":0,\"publisher\":{\"@id\":\"https:\/\/evertonfc.cz\/#organization\"},\"image\":{\"@id\":\"https:\/\/evertonfc.cz\/index.php\/2010\/05\/18\/cahill-prodlouzil-smlouvu\/#primaryimage\"},\"thumbnailUrl\":\"https:\/\/evertonfc.cz\/wp-content\/uploads\/2019\/01\/news.jpg\",\"articleSection\":[\"Aktuality\"],\"inLanguage\":\"cs\",\"potentialAction\":[{\"@type\":\"CommentAction\",\"name\":\"Comment\",\"target\":[\"https:\/\/evertonfc.cz\/index.php\/2010\/05\/18\/cahill-prodlouzil-smlouvu\/#respond\"]}]},{\"@type\":\"WebPage\",\"@id\":\"https:\/\/evertonfc.cz\/index.php\/2010\/05\/18\/cahill-prodlouzil-smlouvu\/\",\"url\":\"https:\/\/evertonfc.cz\/index.php\/2010\/05\/18\/cahill-prodlouzil-smlouvu\/\",\"name\":\"Cahill prodlou\u017eil smlouvu - Official Czech &amp; Slovak Everton Supporters&#039; Club\",\"isPartOf\":{\"@id\":\"https:\/\/evertonfc.cz\/#website\"},\"primaryImageOfPage\":{\"@id\":\"https:\/\/evertonfc.cz\/index.php\/2010\/05\/18\/cahill-prodlouzil-smlouvu\/#primaryimage\"},\"image\":{\"@id\":\"https:\/\/evertonfc.cz\/index.php\/2010\/05\/18\/cahill-prodlouzil-smlouvu\/#primaryimage\"},\"thumbnailUrl\":\"https:\/\/evertonfc.cz\/wp-content\/uploads\/2019\/01\/news.jpg\",\"datePublished\":\"2010-05-18T21:26:28+00:00\",\"dateModified\":\"2019-02-09T22:28:32+00:00\",\"breadcrumb\":{\"@id\":\"https:\/\/evertonfc.cz\/index.php\/2010\/05\/18\/cahill-prodlouzil-smlouvu\/#breadcrumb\"},\"inLanguage\":\"cs\",\"potentialAction\":[{\"@type\":\"ReadAction\",\"target\":[\"https:\/\/evertonfc.cz\/index.php\/2010\/05\/18\/cahill-prodlouzil-smlouvu\/\"]}]},{\"@type\":\"ImageObject\",\"inLanguage\":\"cs\",\"@id\":\"https:\/\/evertonfc.cz\/index.php\/2010\/05\/18\/cahill-prodlouzil-smlouvu\/#primaryimage\",\"url\":\"https:\/\/evertonfc.cz\/wp-content\/uploads\/2019\/01\/news.jpg\",\"contentUrl\":\"https:\/\/evertonfc.cz\/wp-content\/uploads\/2019\/01\/news.jpg\",\"width\":720,\"height\":405},{\"@type\":\"BreadcrumbList\",\"@id\":\"https:\/\/evertonfc.cz\/index.php\/2010\/05\/18\/cahill-prodlouzil-smlouvu\/#breadcrumb\",\"itemListElement\":[{\"@type\":\"ListItem\",\"position\":1,\"name\":\"Home\",\"item\":\"https:\/\/evertonfc.cz\/\"},{\"@type\":\"ListItem\",\"position\":2,\"name\":\"Cahill prodlou\u017eil smlouvu\"}]},{\"@type\":\"WebSite\",\"@id\":\"https:\/\/evertonfc.cz\/#website\",\"url\":\"https:\/\/evertonfc.cz\/\",\"name\":\"Official Czech &amp; Slovak Everton Supporters&#039; Club\",\"description\":\"\",\"publisher\":{\"@id\":\"https:\/\/evertonfc.cz\/#organization\"},\"potentialAction\":[{\"@type\":\"SearchAction\",\"target\":{\"@type\":\"EntryPoint\",\"urlTemplate\":\"https:\/\/evertonfc.cz\/?s={search_term_string}\"},\"query-input\":{\"@type\":\"PropertyValueSpecification\",\"valueRequired\":true,\"valueName\":\"search_term_string\"}}],\"inLanguage\":\"cs\"},{\"@type\":\"Organization\",\"@id\":\"https:\/\/evertonfc.cz\/#organization\",\"name\":\"Official Czech & Slovak Everton Supporters' Club\",\"url\":\"https:\/\/evertonfc.cz\/\",\"logo\":{\"@type\":\"ImageObject\",\"inLanguage\":\"cs\",\"@id\":\"https:\/\/evertonfc.cz\/#\/schema\/logo\/image\/\",\"url\":\"https:\/\/evertonfc.cz\/wp-content\/uploads\/2019\/05\/logo.png\",\"contentUrl\":\"https:\/\/evertonfc.cz\/wp-content\/uploads\/2019\/05\/logo.png\",\"width\":112,\"height\":112,\"caption\":\"Official Czech & Slovak Everton Supporters' Club\"},\"image\":{\"@id\":\"https:\/\/evertonfc.cz\/#\/schema\/logo\/image\/\"},\"sameAs\":[\"https:\/\/www.facebook.com\/everton.fans.cz.sk\"]},{\"@type\":\"Person\",\"@id\":\"https:\/\/evertonfc.cz\/#\/schema\/person\/cd6328a75577de2add7793fd4b0930c3\",\"name\":\"Me\u0148a\",\"url\":\"https:\/\/evertonfc.cz\/index.php\/author\/mena\/\"}]}<\/script>\n<!-- \/ Yoast SEO plugin. -->","yoast_head_json":{"title":"Cahill prodlou\u017eil smlouvu - Official Czech &amp; Slovak Everton Supporters&#039; Club","robots":{"index":"index","follow":"follow","max-snippet":"max-snippet:-1","max-image-preview":"max-image-preview:large","max-video-preview":"max-video-preview:-1"},"canonical":"https:\/\/evertonfc.cz\/index.php\/2010\/05\/18\/cahill-prodlouzil-smlouvu\/","og_locale":"cs_CZ","og_type":"article","og_title":"Cahill prodlou\u017eil smlouvu - Official Czech &amp; Slovak Everton Supporters&#039; Club","og_description":"Australsk\u00fd symbol potvrdil svoji oddanost a nab\u00eddnut\u00e9 prodlou\u017een\u00ed kontraktu bez v\u00e1h\u00e1n\u00ed p\u0159ijal. Hr\u00e1\u010dem Evertonu by m\u011bl Cahill b\u00fdt dal\u0161\u00ed \u010dty\u0159i&hellip;","og_url":"https:\/\/evertonfc.cz\/index.php\/2010\/05\/18\/cahill-prodlouzil-smlouvu\/","og_site_name":"Official Czech &amp; Slovak Everton Supporters&#039; Club","article_publisher":"https:\/\/www.facebook.com\/everton.fans.cz.sk","article_published_time":"2010-05-18T21:26:28+00:00","article_modified_time":"2019-02-09T22:28:32+00:00","og_image":[{"width":720,"height":405,"url":"https:\/\/evertonfc.cz\/wp-content\/uploads\/2019\/01\/news.jpg","type":"image\/jpeg"}],"author":"Me\u0148a","twitter_card":"summary_large_image","twitter_misc":{"Napsal(a)":"Me\u0148a","Odhadovan\u00e1 doba \u010dten\u00ed":"2 minuty"},"schema":{"@context":"https:\/\/schema.org","@graph":[{"@type":"Article","@id":"https:\/\/evertonfc.cz\/index.php\/2010\/05\/18\/cahill-prodlouzil-smlouvu\/#article","isPartOf":{"@id":"https:\/\/evertonfc.cz\/index.php\/2010\/05\/18\/cahill-prodlouzil-smlouvu\/"},"author":{"name":"Me\u0148a","@id":"https:\/\/evertonfc.cz\/#\/schema\/person\/cd6328a75577de2add7793fd4b0930c3"},"headline":"Cahill prodlou\u017eil smlouvu","datePublished":"2010-05-18T21:26:28+00:00","dateModified":"2019-02-09T22:28:32+00:00","mainEntityOfPage":{"@id":"https:\/\/evertonfc.cz\/index.php\/2010\/05\/18\/cahill-prodlouzil-smlouvu\/"},"wordCount":349,"commentCount":0,"publisher":{"@id":"https:\/\/evertonfc.cz\/#organization"},"image":{"@id":"https:\/\/evertonfc.cz\/index.php\/2010\/05\/18\/cahill-prodlouzil-smlouvu\/#primaryimage"},"thumbnailUrl":"https:\/\/evertonfc.cz\/wp-content\/uploads\/2019\/01\/news.jpg","articleSection":["Aktuality"],"inLanguage":"cs","potentialAction":[{"@type":"CommentAction","name":"Comment","target":["https:\/\/evertonfc.cz\/index.php\/2010\/05\/18\/cahill-prodlouzil-smlouvu\/#respond"]}]},{"@type":"WebPage","@id":"https:\/\/evertonfc.cz\/index.php\/2010\/05\/18\/cahill-prodlouzil-smlouvu\/","url":"https:\/\/evertonfc.cz\/index.php\/2010\/05\/18\/cahill-prodlouzil-smlouvu\/","name":"Cahill prodlou\u017eil smlouvu - Official Czech &amp; Slovak Everton Supporters&#039; Club","isPartOf":{"@id":"https:\/\/evertonfc.cz\/#website"},"primaryImageOfPage":{"@id":"https:\/\/evertonfc.cz\/index.php\/2010\/05\/18\/cahill-prodlouzil-smlouvu\/#primaryimage"},"image":{"@id":"https:\/\/evertonfc.cz\/index.php\/2010\/05\/18\/cahill-prodlouzil-smlouvu\/#primaryimage"},"thumbnailUrl":"https:\/\/evertonfc.cz\/wp-content\/uploads\/2019\/01\/news.jpg","datePublished":"2010-05-18T21:26:28+00:00","dateModified":"2019-02-09T22:28:32+00:00","breadcrumb":{"@id":"https:\/\/evertonfc.cz\/index.php\/2010\/05\/18\/cahill-prodlouzil-smlouvu\/#breadcrumb"},"inLanguage":"cs","potentialAction":[{"@type":"ReadAction","target":["https:\/\/evertonfc.cz\/index.php\/2010\/05\/18\/cahill-prodlouzil-smlouvu\/"]}]},{"@type":"ImageObject","inLanguage":"cs","@id":"https:\/\/evertonfc.cz\/index.php\/2010\/05\/18\/cahill-prodlouzil-smlouvu\/#primaryimage","url":"https:\/\/evertonfc.cz\/wp-content\/uploads\/2019\/01\/news.jpg","contentUrl":"https:\/\/evertonfc.cz\/wp-content\/uploads\/2019\/01\/news.jpg","width":720,"height":405},{"@type":"BreadcrumbList","@id":"https:\/\/evertonfc.cz\/index.php\/2010\/05\/18\/cahill-prodlouzil-smlouvu\/#breadcrumb","itemListElement":[{"@type":"ListItem","position":1,"name":"Home","item":"https:\/\/evertonfc.cz\/"},{"@type":"ListItem","position":2,"name":"Cahill prodlou\u017eil smlouvu"}]},{"@type":"WebSite","@id":"https:\/\/evertonfc.cz\/#website","url":"https:\/\/evertonfc.cz\/","name":"Official Czech &amp; Slovak Everton Supporters&#039; Club","description":"","publisher":{"@id":"https:\/\/evertonfc.cz\/#organization"},"potentialAction":[{"@type":"SearchAction","target":{"@type":"EntryPoint","urlTemplate":"https:\/\/evertonfc.cz\/?s={search_term_string}"},"query-input":{"@type":"PropertyValueSpecification","valueRequired":true,"valueName":"search_term_string"}}],"inLanguage":"cs"},{"@type":"Organization","@id":"https:\/\/evertonfc.cz\/#organization","name":"Official Czech & Slovak Everton Supporters' Club","url":"https:\/\/evertonfc.cz\/","logo":{"@type":"ImageObject","inLanguage":"cs","@id":"https:\/\/evertonfc.cz\/#\/schema\/logo\/image\/","url":"https:\/\/evertonfc.cz\/wp-content\/uploads\/2019\/05\/logo.png","contentUrl":"https:\/\/evertonfc.cz\/wp-content\/uploads\/2019\/05\/logo.png","width":112,"height":112,"caption":"Official Czech & Slovak Everton Supporters' Club"},"image":{"@id":"https:\/\/evertonfc.cz\/#\/schema\/logo\/image\/"},"sameAs":["https:\/\/www.facebook.com\/everton.fans.cz.sk"]},{"@type":"Person","@id":"https:\/\/evertonfc.cz\/#\/schema\/person\/cd6328a75577de2add7793fd4b0930c3","name":"Me\u0148a","url":"https:\/\/evertonfc.cz\/index.php\/author\/mena\/"}]}},"_links":{"self":[{"href":"https:\/\/evertonfc.cz\/index.php\/wp-json\/wp\/v2\/posts\/2811"}],"collection":[{"href":"https:\/\/evertonfc.cz\/index.php\/wp-json\/wp\/v2\/posts"}],"about":[{"href":"https:\/\/evertonfc.cz\/index.php\/wp-json\/wp\/v2\/types\/post"}],"author":[{"embeddable":true,"href":"https:\/\/evertonfc.cz\/index.php\/wp-json\/wp\/v2\/users\/7"}],"replies":[{"embeddable":true,"href":"https:\/\/evertonfc.cz\/index.php\/wp-json\/wp\/v2\/comments?post=2811"}],"version-history":[{"count":1,"href":"https:\/\/evertonfc.cz\/index.php\/wp-json\/wp\/v2\/posts\/2811\/revisions"}],"predecessor-version":[{"id":2812,"href":"https:\/\/evertonfc.cz\/index.php\/wp-json\/wp\/v2\/posts\/2811\/revisions\/2812"}],"wp:featuredmedia":[{"embeddable":true,"href":"https:\/\/evertonfc.cz\/index.php\/wp-json\/wp\/v2\/media\/1313"}],"wp:attachment":[{"href":"https:\/\/evertonfc.cz\/index.php\/wp-json\/wp\/v2\/media?parent=2811"}],"wp:term":[{"taxonomy":"category","embeddable":true,"href":"https:\/\/evertonfc.cz\/index.php\/wp-json\/wp\/v2\/categories?post=2811"},{"taxonomy":"post_tag","embeddable":true,"href":"https:\/\/evertonfc.cz\/index.php\/wp-json\/wp\/v2\/tags?post=2811"}],"curies":[{"name":"wp","href":"https:\/\/api.w.org\/{rel}","templated":true}]}}