{"id":28130,"date":"2025-02-01T23:00:50","date_gmt":"2025-02-01T22:00:50","guid":{"rendered":"https:\/\/evertonfc.cz\/?p=28130"},"modified":"2026-03-21T13:26:54","modified_gmt":"2026-03-21T12:26:54","slug":"prestupova-zima-2026","status":"publish","type":"post","link":"https:\/\/evertonfc.cz\/index.php\/2025\/02\/01\/prestupova-zima-2026\/","title":{"rendered":"P\u0159estupov\u00e1 zima 2026"},"content":{"rendered":"<h4>S nov\u00fdm rokem se ji\u017e tradi\u010dn\u011b otev\u0159e zimn\u00ed p\u0159estupov\u00e9 obdob\u00ed, kter\u00e9 b\u00fdv\u00e1 mnoh\u00fdmi popisov\u00e1no jako velmi komplikovan\u00e9, pokud jde o \u00fasp\u011b\u0161n\u00e9 posilov\u00e1n\u00ed k\u00e1dru.<\/h4>\n<hr \/>\n<h4 style=\"text-align: center;\">P\u0159ed p\u0159estupov\u00fdm oknem<\/h4>\n<p>Je to u\u017e v\u00edce ne\u017e rok, co Everton koupil americk\u00fd miliard\u00e1\u0159 Dan Friedkin. Klub nejen finan\u010dn\u011b stabilizoval, ale p\u0159edev\u0161\u00edm jej d\u00edky p\u0159esunu na nov\u00fd stadion tak\u00e9 ekonomicky posiluje, co\u017e odr\u00e1\u017e\u00ed rostouc\u00ed fotbalov\u00e9 ambice. V l\u00e9t\u011b si Everton pro\u0161el nucenou a v\u00fdraznou p\u0159estavbou k\u00e1dru. Jak u\u017e to b\u00fdv\u00e1, ne v\u0161echny p\u0159estupy se povedly, a tak nen\u00ed vylou\u010deno, \u017ee b\u011bhem zimy dojde k n\u00e1prav\u011b n\u011bkter\u00fdch nedostatk\u016f na soupisce.<\/p>\n<p>Mana\u017eer David Moyes ale n\u011bkolikr\u00e1t p\u0159ipomn\u011bl, \u017ee \u017e\u00e1dn\u00e9 velk\u00e9 zimn\u00ed nakupov\u00e1n\u00ed se konat nebude. Pokud se v\u0161ak objev\u00ed vhodn\u00fd hr\u00e1\u010d, klub se jej bude sna\u017eit z\u00edskat, ani\u017e by ustoupil od sv\u00e9 dlouhodob\u00e9 p\u0159estupov\u00e9 strategie. Pos\u00edlen\u00ed by se p\u0159itom nab\u00edzelo minim\u00e1ln\u011b na pozic\u00edch prav\u00e9ho obr\u00e1nce a \u00fato\u010dn\u00edka, a\u010dkoliv mnoz\u00ed by jist\u011b doplnili i dal\u0161\u00ed posty.<\/p>\n<p>Ur\u010dit\u011b se ale budou \u0159e\u0161it i odchody. Dlouhodob\u011b je odstaven obr\u00e1nce Nathan Patterson, kter\u00fd by r\u00e1d pravideln\u011b hr\u00e1val, aby se v l\u00e9t\u011b se Skotskem pod\u00edval na mistrovstv\u00ed sv\u011bta. Mlad\u00ed\u010dek Adam Aznou p\u0159i\u0161el v l\u00e9t\u011b jako velk\u00fd talent, zat\u00edm v\u0161ak v\u011bt\u0161inou jen vysed\u00e1v\u00e1 na lavi\u010dce. Minim\u00e1ln\u011b jeho hostov\u00e1n\u00ed se tak jev\u00ed jako v\u00edce ne\u017e aktu\u00e1ln\u00ed.<\/p>\n<p>D\u016fle\u017eit\u00e9 je tak\u00e9 zm\u00ednit, \u017ee Everton sice operuje bez klasick\u00e9ho sportovn\u00edho \u0159editele, b\u011bhem podzimu v\u0161ak jeho veden\u00ed sportovn\u00edho \u00faseku doplnily d\u0159\u00edve dojednan\u00e9 kl\u00ed\u010dov\u00e9 person\u00e1ln\u00ed postavy. Z Manchesteru City p\u0159i\u0161el \u0159editel skautingu James Smith, z Manchesteru United pak technick\u00fd \u0159editel Nick Cox. Tato dvojice, kter\u00e1 je\u0161t\u011b v l\u00e9t\u011b p\u016fsobila ve sv\u00fdch b\u00fdval\u00fdch klubech, m\u00e1 v p\u0159estupov\u00fdch ot\u00e1zk\u00e1ch komplexn\u011b spolupracovat s gener\u00e1ln\u00edm \u0159editelem Angusem Kinnearem, strategick\u00fdm \u0159editelem Chrisem Howarthem, specialistou p\u0159estupov\u00fdch operac\u00ed Nickem Hammondem a samoz\u0159ejm\u011b tak\u00e9 s mana\u017eerem Davidem Moyesem.<\/p>\n<p>Zimn\u00ed p\u0159estupov\u00e9 obdob\u00ed v Premier League skon\u010d\u00ed v pond\u011bl\u00ed 2. \u00fanora ve 20 hodin na\u0161eho \u010dasu. Ve Women\u2019s Super League se p\u0159estupov\u00e9 okno otev\u0159e 2. ledna a uzav\u0159e se s \u00faderem p\u016flnoci z 3. na 4. \u00fanora.<\/p>\n<hr \/>\n<h4 style=\"text-align: center;\"><strong>Potvrzen\u00e9 p\u0159estupy \u2013 mu\u017ei<\/strong><\/h4>\n<h4>P\u0159\u00edchody<\/h4>\n<ul>\n<li><a href=\"https:\/\/evertonfc.cz\/index.php\/news\/armstrong-se-vraci-do-evertonu\/\"><strong>Harrison Armstrong<\/strong> (Preston North End \u2013 n\u00e1vrat z hostov\u00e1n\u00ed)<\/a> <sup>01. 01.<\/sup><\/li>\n<li><a style=\"background-color: #ffffff;\" href=\"https:\/\/evertonfc.cz\/index.php\/news\/sherif-konci-v-rotherhamu\/\"><strong>Martin Sherif<\/strong> (Rotherham United \u2013 n\u00e1vrat z hostov\u00e1n\u00ed)<\/a> <sup>01. 01.<\/sup><\/li>\n<li><a href=\"https:\/\/evertonfc.cz\/index.php\/2026\/02\/02\/na-hostovani-prichazi-talentovany-george\/\"><strong>Tyrique George<\/strong> (Chelsea \u2013 hostov\u00e1n\u00ed)<\/a> <sup>02. 02.<\/sup><\/li>\n<\/ul>\n<h4>Odchody<\/h4>\n<ul>\n<li><a href=\"https:\/\/evertonfc.cz\/index.php\/news\/okoronkwo-meni-dres\/\"><strong>Francis Okoronkwo<\/strong> (Doncaster Rovers \u2013 hostov\u00e1n\u00ed)<\/a> <sup>06. 01.<\/sup><\/li>\n<li><a href=\"https:\/\/evertonfc.cz\/index.php\/news\/finney-hostuje-ve-skotsku\/\"><strong>George Finney<\/strong> (Ayr United \u2013 hostov\u00e1n\u00ed)<\/a> <sup>13. 01.<\/sup><\/li>\n<li><a href=\"https:\/\/evertonfc.cz\/index.php\/news\/tamen-na-jare-v-tranmere\/\"><strong>Will Tamen<\/strong> (Tranmere Rovers \u2013 hostov\u00e1n\u00ed)<\/a> <sup>16. 01.<\/sup><\/li>\n<li><a href=\"https:\/\/evertonfc.cz\/index.php\/news\/tyrer-prestupuje-do-cardiffu\/\"><strong>Harry Tyrer<\/strong> (Cardiff City \u2013 p\u0159estup, \u00a30,5m)<\/a> <sup>16. 01.<\/sup><\/li>\n<li><a href=\"https:\/\/evertonfc.cz\/index.php\/news\/dixon-na-jare-ve-stockportu\/\"><b>Roman Dixon <\/b>(Stockport County \u2013 hostov\u00e1n\u00ed)<\/a> <sup>23. 01.<\/sup><\/li>\n<li><a href=\"https:\/\/evertonfc.cz\/index.php\/news\/k-friedkinovi-do-francie\/\"><b>George Morgan <\/b>(AS Cannes \u2013 hostov\u00e1n\u00ed)<\/a> <sup>31.01.<\/sup><\/li>\n<li><a href=\"https:\/\/evertonfc.cz\/index.php\/news\/duo-do-port-vale\/\"><b>Elijah Campbell <\/b>(Port Vale \u2013 hostov\u00e1n\u00ed)<\/a> <sup>01.02.<\/sup><\/li>\n<li><a href=\"https:\/\/evertonfc.cz\/index.php\/news\/duo-do-port-vale\/\"><b>Martin Sherif <\/b>(Port Vale \u2013 hostov\u00e1n\u00ed)<\/a> <sup>01.02.<\/sup><\/li>\n<li><a href=\"https:\/\/evertonfc.cz\/index.php\/news\/z-evertonu-do-polska\/\"><b>Jack Patterson <\/b>(\u0141KS \u0141\u00f3d\u017a \u2013 hostov\u00e1n\u00ed)<\/a> <sup>02.02.<\/sup><\/li>\n<\/ul>\n<hr \/>\n<h4 style=\"text-align: center;\"><strong>Potvrzen\u00e9 p\u0159estupy \u2013 \u017eeny<\/strong><\/h4>\n<h4>P\u0159\u00edchody<\/h4>\n<ul>\n<li><a href=\"https:\/\/evertonfc.cz\/index.php\/2026\/01\/16\/prichazi-hannah-blundell\/\"><strong>Hannah Blundell<\/strong> (Manchester United \u2013 hostov\u00e1n\u00ed)<\/a> <sup>09. 01.<\/sup><\/li>\n<li><strong>Melissa Lawley<\/strong> (Burnley \u2013 n\u00e1vrat z hostov\u00e1n\u00ed) <sup>10. 01.<\/sup><\/li>\n<li><strong>Inma Gabarro<\/strong> (Sevilla \u2013 n\u00e1vrat z hostov\u00e1n\u00ed) <sup>29. 01.<\/sup><\/li>\n<li><a href=\"https:\/\/evertonfc.cz\/index.php\/2026\/01\/31\/prichazi-laila-harbert\/\"><strong>Laila Harbert<\/strong> (Arsenal \u2013 hostov\u00e1n\u00ed)<\/a> <sup>28. 01.<\/sup><\/li>\n<li><a href=\"https:\/\/evertonfc.cz\/index.php\/2026\/02\/04\/prichazi-zara-kramzar\/\"><strong>Zara Kram\u017ear<\/strong> (AS \u0158\u00edm &#8211; hostov\u00e1n\u00ed s povinnost\u00ed koup\u011b) <sup><span style=\"color: #000000;\">03. 02<\/span>.<\/sup><\/a><\/li>\n<\/ul>\n<h4>Odchody<\/h4>\n<ul>\n<li><strong>Katie Robinson<\/strong> (Aston Villa \u2013 konec hostov\u00e1n\u00ed) <sup>02. 01.<\/sup><\/li>\n<li><a href=\"https:\/\/evertonfc.cz\/index.php\/news\/hayley-ladd-odchazi\/\"><strong>Hayley Ladd<\/strong> (Crystal Pallace \u2013 p\u0159estup, nezve\u0159ejn\u011bn\u00e1 \u010d\u00e1stka)<\/a> <sup>11. 01.<\/sup><\/li>\n<li><b>Kenzie Weir <\/b>(Ipswich Town \u2013 hostov\u00e1n\u00ed) <sup>27. 01.<\/sup><\/li>\n<\/ul>\n","protected":false},"excerpt":{"rendered":"<p>S nov\u00fdm rokem se ji\u017e tradi\u010dn\u011b otev\u0159e zimn\u00ed p\u0159estupov\u00e9 obdob\u00ed, kter\u00e9 b\u00fdv\u00e1 mnoh\u00fdmi popisov\u00e1no jako velmi komplikovan\u00e9, pokud jde o \u00fasp\u011b\u0161n\u00e9 posilov\u00e1n\u00ed k\u00e1dru.<\/p>\n","protected":false},"author":6,"featured_media":28131,"comment_status":"open","ping_status":"closed","sticky":false,"template":"","format":"standard","meta":{"_eb_attr":"","_monsterinsights_skip_tracking":false,"_monsterinsights_sitenote_active":false,"_monsterinsights_sitenote_note":"","_monsterinsights_sitenote_category":0,"footnotes":""},"categories":[41],"tags":[],"yoast_head":"<!-- This site is optimized with the Yoast SEO plugin v23.4 - https:\/\/yoast.com\/wordpress\/plugins\/seo\/ -->\n<title>P\u0159estupov\u00e1 zima 2026 - Official Czech &amp; Slovak Everton Supporters&#039; Club<\/title>\n<meta name=\"description\" content=\"S nov\u00fdm rokem se ji\u017e tradi\u010dn\u011b otev\u0159e zimn\u00ed p\u0159estupov\u00e9 obdob\u00ed, kter\u00e9 b\u00fdv\u00e1 mnoh\u00fdmi popisov\u00e1no jako velmi komplikovan\u00e9, pokud jde o \u00fasp\u011b\u0161n\u00e9 posilov\u00e1n\u00ed k\u00e1dru.\" \/>\n<meta name=\"robots\" content=\"index, follow, max-snippet:-1, max-image-preview:large, max-video-preview:-1\" \/>\n<link rel=\"canonical\" href=\"https:\/\/evertonfc.cz\/index.php\/2025\/02\/01\/prestupova-zima-2026\/\" \/>\n<meta property=\"og:locale\" content=\"cs_CZ\" \/>\n<meta property=\"og:type\" content=\"article\" \/>\n<meta property=\"og:title\" content=\"P\u0159estupov\u00e1 zima 2026 - Official Czech &amp; Slovak Everton Supporters&#039; Club\" \/>\n<meta property=\"og:description\" content=\"S nov\u00fdm rokem se ji\u017e tradi\u010dn\u011b otev\u0159e zimn\u00ed p\u0159estupov\u00e9 obdob\u00ed, kter\u00e9 b\u00fdv\u00e1 mnoh\u00fdmi popisov\u00e1no jako velmi komplikovan\u00e9, pokud jde o \u00fasp\u011b\u0161n\u00e9 posilov\u00e1n\u00ed k\u00e1dru.\" \/>\n<meta property=\"og:url\" content=\"https:\/\/evertonfc.cz\/index.php\/2025\/02\/01\/prestupova-zima-2026\/\" \/>\n<meta property=\"og:site_name\" content=\"Official Czech &amp; Slovak Everton Supporters&#039; Club\" \/>\n<meta property=\"article:publisher\" content=\"https:\/\/www.facebook.com\/everton.fans.cz.sk\" \/>\n<meta property=\"article:published_time\" content=\"2025-02-01T22:00:50+00:00\" \/>\n<meta property=\"article:modified_time\" content=\"2026-03-21T12:26:54+00:00\" \/>\n<meta property=\"og:image\" content=\"https:\/\/evertonfc.cz\/wp-content\/uploads\/2025\/12\/moyes_30_12_2025.jpg\" \/>\n\t<meta property=\"og:image:width\" content=\"720\" \/>\n\t<meta property=\"og:image:height\" content=\"405\" \/>\n\t<meta property=\"og:image:type\" content=\"image\/jpeg\" \/>\n<meta name=\"author\" content=\"Ri\u010di\" \/>\n<meta name=\"twitter:card\" content=\"summary_large_image\" \/>\n<meta name=\"twitter:creator\" content=\"@rbrejsa\" \/>\n<meta name=\"twitter:label1\" content=\"Napsal(a)\" \/>\n\t<meta name=\"twitter:data1\" content=\"Ri\u010di\" \/>\n\t<meta name=\"twitter:label2\" content=\"Odhadovan\u00e1 doba \u010dten\u00ed\" \/>\n\t<meta name=\"twitter:data2\" content=\"3 minuty\" \/>\n<script type=\"application\/ld+json\" class=\"yoast-schema-graph\">{\"@context\":\"https:\/\/schema.org\",\"@graph\":[{\"@type\":\"Article\",\"@id\":\"https:\/\/evertonfc.cz\/index.php\/2025\/02\/01\/prestupova-zima-2026\/#article\",\"isPartOf\":{\"@id\":\"https:\/\/evertonfc.cz\/index.php\/2025\/02\/01\/prestupova-zima-2026\/\"},\"author\":{\"name\":\"Ri\u010di\",\"@id\":\"https:\/\/evertonfc.cz\/#\/schema\/person\/f7a5daedb2ffee98480bc70e191aaef1\"},\"headline\":\"P\u0159estupov\u00e1 zima 2026\",\"datePublished\":\"2025-02-01T22:00:50+00:00\",\"dateModified\":\"2026-03-21T12:26:54+00:00\",\"mainEntityOfPage\":{\"@id\":\"https:\/\/evertonfc.cz\/index.php\/2025\/02\/01\/prestupova-zima-2026\/\"},\"wordCount\":581,\"commentCount\":18,\"publisher\":{\"@id\":\"https:\/\/evertonfc.cz\/#organization\"},\"image\":{\"@id\":\"https:\/\/evertonfc.cz\/index.php\/2025\/02\/01\/prestupova-zima-2026\/#primaryimage\"},\"thumbnailUrl\":\"https:\/\/evertonfc.cz\/wp-content\/uploads\/2025\/12\/moyes_30_12_2025.jpg\",\"articleSection\":[\"P\u0159estupy\"],\"inLanguage\":\"cs\",\"potentialAction\":[{\"@type\":\"CommentAction\",\"name\":\"Comment\",\"target\":[\"https:\/\/evertonfc.cz\/index.php\/2025\/02\/01\/prestupova-zima-2026\/#respond\"]}]},{\"@type\":\"WebPage\",\"@id\":\"https:\/\/evertonfc.cz\/index.php\/2025\/02\/01\/prestupova-zima-2026\/\",\"url\":\"https:\/\/evertonfc.cz\/index.php\/2025\/02\/01\/prestupova-zima-2026\/\",\"name\":\"P\u0159estupov\u00e1 zima 2026 - Official Czech &amp; Slovak Everton Supporters&#039; Club\",\"isPartOf\":{\"@id\":\"https:\/\/evertonfc.cz\/#website\"},\"primaryImageOfPage\":{\"@id\":\"https:\/\/evertonfc.cz\/index.php\/2025\/02\/01\/prestupova-zima-2026\/#primaryimage\"},\"image\":{\"@id\":\"https:\/\/evertonfc.cz\/index.php\/2025\/02\/01\/prestupova-zima-2026\/#primaryimage\"},\"thumbnailUrl\":\"https:\/\/evertonfc.cz\/wp-content\/uploads\/2025\/12\/moyes_30_12_2025.jpg\",\"datePublished\":\"2025-02-01T22:00:50+00:00\",\"dateModified\":\"2026-03-21T12:26:54+00:00\",\"description\":\"S nov\u00fdm rokem se ji\u017e tradi\u010dn\u011b otev\u0159e zimn\u00ed p\u0159estupov\u00e9 obdob\u00ed, kter\u00e9 b\u00fdv\u00e1 mnoh\u00fdmi popisov\u00e1no jako velmi komplikovan\u00e9, pokud jde o \u00fasp\u011b\u0161n\u00e9 posilov\u00e1n\u00ed k\u00e1dru.\",\"breadcrumb\":{\"@id\":\"https:\/\/evertonfc.cz\/index.php\/2025\/02\/01\/prestupova-zima-2026\/#breadcrumb\"},\"inLanguage\":\"cs\",\"potentialAction\":[{\"@type\":\"ReadAction\",\"target\":[\"https:\/\/evertonfc.cz\/index.php\/2025\/02\/01\/prestupova-zima-2026\/\"]}]},{\"@type\":\"ImageObject\",\"inLanguage\":\"cs\",\"@id\":\"https:\/\/evertonfc.cz\/index.php\/2025\/02\/01\/prestupova-zima-2026\/#primaryimage\",\"url\":\"https:\/\/evertonfc.cz\/wp-content\/uploads\/2025\/12\/moyes_30_12_2025.jpg\",\"contentUrl\":\"https:\/\/evertonfc.cz\/wp-content\/uploads\/2025\/12\/moyes_30_12_2025.jpg\",\"width\":720,\"height\":405},{\"@type\":\"BreadcrumbList\",\"@id\":\"https:\/\/evertonfc.cz\/index.php\/2025\/02\/01\/prestupova-zima-2026\/#breadcrumb\",\"itemListElement\":[{\"@type\":\"ListItem\",\"position\":1,\"name\":\"Home\",\"item\":\"https:\/\/evertonfc.cz\/\"},{\"@type\":\"ListItem\",\"position\":2,\"name\":\"P\u0159estupov\u00e1 zima 2026\"}]},{\"@type\":\"WebSite\",\"@id\":\"https:\/\/evertonfc.cz\/#website\",\"url\":\"https:\/\/evertonfc.cz\/\",\"name\":\"Official Czech &amp; Slovak Everton Supporters&#039; Club\",\"description\":\"\",\"publisher\":{\"@id\":\"https:\/\/evertonfc.cz\/#organization\"},\"potentialAction\":[{\"@type\":\"SearchAction\",\"target\":{\"@type\":\"EntryPoint\",\"urlTemplate\":\"https:\/\/evertonfc.cz\/?s={search_term_string}\"},\"query-input\":{\"@type\":\"PropertyValueSpecification\",\"valueRequired\":true,\"valueName\":\"search_term_string\"}}],\"inLanguage\":\"cs\"},{\"@type\":\"Organization\",\"@id\":\"https:\/\/evertonfc.cz\/#organization\",\"name\":\"Official Czech & Slovak Everton Supporters' Club\",\"url\":\"https:\/\/evertonfc.cz\/\",\"logo\":{\"@type\":\"ImageObject\",\"inLanguage\":\"cs\",\"@id\":\"https:\/\/evertonfc.cz\/#\/schema\/logo\/image\/\",\"url\":\"https:\/\/evertonfc.cz\/wp-content\/uploads\/2019\/05\/logo.png\",\"contentUrl\":\"https:\/\/evertonfc.cz\/wp-content\/uploads\/2019\/05\/logo.png\",\"width\":112,\"height\":112,\"caption\":\"Official Czech & Slovak Everton Supporters' Club\"},\"image\":{\"@id\":\"https:\/\/evertonfc.cz\/#\/schema\/logo\/image\/\"},\"sameAs\":[\"https:\/\/www.facebook.com\/everton.fans.cz.sk\"]},{\"@type\":\"Person\",\"@id\":\"https:\/\/evertonfc.cz\/#\/schema\/person\/f7a5daedb2ffee98480bc70e191aaef1\",\"name\":\"Ri\u010di\",\"sameAs\":[\"https:\/\/x.com\/rbrejsa\"],\"url\":\"https:\/\/evertonfc.cz\/index.php\/author\/rici\/\"}]}<\/script>\n<!-- \/ Yoast SEO plugin. -->","yoast_head_json":{"title":"P\u0159estupov\u00e1 zima 2026 - Official Czech &amp; Slovak Everton Supporters&#039; Club","description":"S nov\u00fdm rokem se ji\u017e tradi\u010dn\u011b otev\u0159e zimn\u00ed p\u0159estupov\u00e9 obdob\u00ed, kter\u00e9 b\u00fdv\u00e1 mnoh\u00fdmi popisov\u00e1no jako velmi komplikovan\u00e9, pokud jde o \u00fasp\u011b\u0161n\u00e9 posilov\u00e1n\u00ed k\u00e1dru.","robots":{"index":"index","follow":"follow","max-snippet":"max-snippet:-1","max-image-preview":"max-image-preview:large","max-video-preview":"max-video-preview:-1"},"canonical":"https:\/\/evertonfc.cz\/index.php\/2025\/02\/01\/prestupova-zima-2026\/","og_locale":"cs_CZ","og_type":"article","og_title":"P\u0159estupov\u00e1 zima 2026 - Official Czech &amp; Slovak Everton Supporters&#039; Club","og_description":"S nov\u00fdm rokem se ji\u017e tradi\u010dn\u011b otev\u0159e zimn\u00ed p\u0159estupov\u00e9 obdob\u00ed, kter\u00e9 b\u00fdv\u00e1 mnoh\u00fdmi popisov\u00e1no jako velmi komplikovan\u00e9, pokud jde o \u00fasp\u011b\u0161n\u00e9 posilov\u00e1n\u00ed k\u00e1dru.","og_url":"https:\/\/evertonfc.cz\/index.php\/2025\/02\/01\/prestupova-zima-2026\/","og_site_name":"Official Czech &amp; Slovak Everton Supporters&#039; Club","article_publisher":"https:\/\/www.facebook.com\/everton.fans.cz.sk","article_published_time":"2025-02-01T22:00:50+00:00","article_modified_time":"2026-03-21T12:26:54+00:00","og_image":[{"width":720,"height":405,"url":"https:\/\/evertonfc.cz\/wp-content\/uploads\/2025\/12\/moyes_30_12_2025.jpg","type":"image\/jpeg"}],"author":"Ri\u010di","twitter_card":"summary_large_image","twitter_creator":"@rbrejsa","twitter_misc":{"Napsal(a)":"Ri\u010di","Odhadovan\u00e1 doba \u010dten\u00ed":"3 minuty"},"schema":{"@context":"https:\/\/schema.org","@graph":[{"@type":"Article","@id":"https:\/\/evertonfc.cz\/index.php\/2025\/02\/01\/prestupova-zima-2026\/#article","isPartOf":{"@id":"https:\/\/evertonfc.cz\/index.php\/2025\/02\/01\/prestupova-zima-2026\/"},"author":{"name":"Ri\u010di","@id":"https:\/\/evertonfc.cz\/#\/schema\/person\/f7a5daedb2ffee98480bc70e191aaef1"},"headline":"P\u0159estupov\u00e1 zima 2026","datePublished":"2025-02-01T22:00:50+00:00","dateModified":"2026-03-21T12:26:54+00:00","mainEntityOfPage":{"@id":"https:\/\/evertonfc.cz\/index.php\/2025\/02\/01\/prestupova-zima-2026\/"},"wordCount":581,"commentCount":18,"publisher":{"@id":"https:\/\/evertonfc.cz\/#organization"},"image":{"@id":"https:\/\/evertonfc.cz\/index.php\/2025\/02\/01\/prestupova-zima-2026\/#primaryimage"},"thumbnailUrl":"https:\/\/evertonfc.cz\/wp-content\/uploads\/2025\/12\/moyes_30_12_2025.jpg","articleSection":["P\u0159estupy"],"inLanguage":"cs","potentialAction":[{"@type":"CommentAction","name":"Comment","target":["https:\/\/evertonfc.cz\/index.php\/2025\/02\/01\/prestupova-zima-2026\/#respond"]}]},{"@type":"WebPage","@id":"https:\/\/evertonfc.cz\/index.php\/2025\/02\/01\/prestupova-zima-2026\/","url":"https:\/\/evertonfc.cz\/index.php\/2025\/02\/01\/prestupova-zima-2026\/","name":"P\u0159estupov\u00e1 zima 2026 - Official Czech &amp; Slovak Everton Supporters&#039; Club","isPartOf":{"@id":"https:\/\/evertonfc.cz\/#website"},"primaryImageOfPage":{"@id":"https:\/\/evertonfc.cz\/index.php\/2025\/02\/01\/prestupova-zima-2026\/#primaryimage"},"image":{"@id":"https:\/\/evertonfc.cz\/index.php\/2025\/02\/01\/prestupova-zima-2026\/#primaryimage"},"thumbnailUrl":"https:\/\/evertonfc.cz\/wp-content\/uploads\/2025\/12\/moyes_30_12_2025.jpg","datePublished":"2025-02-01T22:00:50+00:00","dateModified":"2026-03-21T12:26:54+00:00","description":"S nov\u00fdm rokem se ji\u017e tradi\u010dn\u011b otev\u0159e zimn\u00ed p\u0159estupov\u00e9 obdob\u00ed, kter\u00e9 b\u00fdv\u00e1 mnoh\u00fdmi popisov\u00e1no jako velmi komplikovan\u00e9, pokud jde o \u00fasp\u011b\u0161n\u00e9 posilov\u00e1n\u00ed k\u00e1dru.","breadcrumb":{"@id":"https:\/\/evertonfc.cz\/index.php\/2025\/02\/01\/prestupova-zima-2026\/#breadcrumb"},"inLanguage":"cs","potentialAction":[{"@type":"ReadAction","target":["https:\/\/evertonfc.cz\/index.php\/2025\/02\/01\/prestupova-zima-2026\/"]}]},{"@type":"ImageObject","inLanguage":"cs","@id":"https:\/\/evertonfc.cz\/index.php\/2025\/02\/01\/prestupova-zima-2026\/#primaryimage","url":"https:\/\/evertonfc.cz\/wp-content\/uploads\/2025\/12\/moyes_30_12_2025.jpg","contentUrl":"https:\/\/evertonfc.cz\/wp-content\/uploads\/2025\/12\/moyes_30_12_2025.jpg","width":720,"height":405},{"@type":"BreadcrumbList","@id":"https:\/\/evertonfc.cz\/index.php\/2025\/02\/01\/prestupova-zima-2026\/#breadcrumb","itemListElement":[{"@type":"ListItem","position":1,"name":"Home","item":"https:\/\/evertonfc.cz\/"},{"@type":"ListItem","position":2,"name":"P\u0159estupov\u00e1 zima 2026"}]},{"@type":"WebSite","@id":"https:\/\/evertonfc.cz\/#website","url":"https:\/\/evertonfc.cz\/","name":"Official Czech &amp; Slovak Everton Supporters&#039; Club","description":"","publisher":{"@id":"https:\/\/evertonfc.cz\/#organization"},"potentialAction":[{"@type":"SearchAction","target":{"@type":"EntryPoint","urlTemplate":"https:\/\/evertonfc.cz\/?s={search_term_string}"},"query-input":{"@type":"PropertyValueSpecification","valueRequired":true,"valueName":"search_term_string"}}],"inLanguage":"cs"},{"@type":"Organization","@id":"https:\/\/evertonfc.cz\/#organization","name":"Official Czech & Slovak Everton Supporters' Club","url":"https:\/\/evertonfc.cz\/","logo":{"@type":"ImageObject","inLanguage":"cs","@id":"https:\/\/evertonfc.cz\/#\/schema\/logo\/image\/","url":"https:\/\/evertonfc.cz\/wp-content\/uploads\/2019\/05\/logo.png","contentUrl":"https:\/\/evertonfc.cz\/wp-content\/uploads\/2019\/05\/logo.png","width":112,"height":112,"caption":"Official Czech & Slovak Everton Supporters' Club"},"image":{"@id":"https:\/\/evertonfc.cz\/#\/schema\/logo\/image\/"},"sameAs":["https:\/\/www.facebook.com\/everton.fans.cz.sk"]},{"@type":"Person","@id":"https:\/\/evertonfc.cz\/#\/schema\/person\/f7a5daedb2ffee98480bc70e191aaef1","name":"Ri\u010di","sameAs":["https:\/\/x.com\/rbrejsa"],"url":"https:\/\/evertonfc.cz\/index.php\/author\/rici\/"}]}},"_links":{"self":[{"href":"https:\/\/evertonfc.cz\/index.php\/wp-json\/wp\/v2\/posts\/28130"}],"collection":[{"href":"https:\/\/evertonfc.cz\/index.php\/wp-json\/wp\/v2\/posts"}],"about":[{"href":"https:\/\/evertonfc.cz\/index.php\/wp-json\/wp\/v2\/types\/post"}],"author":[{"embeddable":true,"href":"https:\/\/evertonfc.cz\/index.php\/wp-json\/wp\/v2\/users\/6"}],"replies":[{"embeddable":true,"href":"https:\/\/evertonfc.cz\/index.php\/wp-json\/wp\/v2\/comments?post=28130"}],"version-history":[{"count":21,"href":"https:\/\/evertonfc.cz\/index.php\/wp-json\/wp\/v2\/posts\/28130\/revisions"}],"predecessor-version":[{"id":28388,"href":"https:\/\/evertonfc.cz\/index.php\/wp-json\/wp\/v2\/posts\/28130\/revisions\/28388"}],"wp:featuredmedia":[{"embeddable":true,"href":"https:\/\/evertonfc.cz\/index.php\/wp-json\/wp\/v2\/media\/28131"}],"wp:attachment":[{"href":"https:\/\/evertonfc.cz\/index.php\/wp-json\/wp\/v2\/media?parent=28130"}],"wp:term":[{"taxonomy":"category","embeddable":true,"href":"https:\/\/evertonfc.cz\/index.php\/wp-json\/wp\/v2\/categories?post=28130"},{"taxonomy":"post_tag","embeddable":true,"href":"https:\/\/evertonfc.cz\/index.php\/wp-json\/wp\/v2\/tags?post=28130"}],"curies":[{"name":"wp","href":"https:\/\/api.w.org\/{rel}","templated":true}]}}