{"id":2816,"date":"2010-05-20T23:33:52","date_gmt":"2010-05-20T21:33:52","guid":{"rendered":"http:\/\/evertonfc.cz\/?p=2816"},"modified":"2019-02-09T23:41:15","modified_gmt":"2019-02-09T22:41:15","slug":"evertonians-v-jizni-africe-kdo-uspeje-a-kdo-pohori","status":"publish","type":"post","link":"https:\/\/evertonfc.cz\/index.php\/2010\/05\/20\/evertonians-v-jizni-africe-kdo-uspeje-a-kdo-pohori\/","title":{"rendered":"Evertonians v Ji\u017en\u00ed Africe. Kdo usp\u011bje a kdo poho\u0159\u00ed?"},"content":{"rendered":"<h4>Mistrovstv\u00ed sv\u011bta v kopan\u00e9 se nezadr\u017eiteln\u011b bl\u00ed\u017e\u00ed. A pot\u011b\u0161uj\u00edc\u00ed skute\u010dnost\u00ed je to, \u017ee d\u011bn\u00ed na jihoafrick\u00fdch stadionech nemine ani celou \u0159\u00e1dku hr\u00e1\u010d\u016f Evertonu. Kdo tedy bude m\u00edt tu \u010dest a bude se v l\u00e9t\u011b rv\u00e1t za svoji zem?<\/h4>\n<p>Nejv\u011bt\u0161\u00ed sportovn\u00ed ud\u00e1losti na sv\u011bt\u011b se podle v\u0161eho z\u00fa\u010dastn\u00ed osmi\u010dka fotbalist\u016f Toffees, tedy rekordn\u00ed \u010d\u00edslo. Nominace sice je\u0161t\u011b nen\u00ed kone\u010dn\u00e1, nicm\u00e9n\u011b Tim Cahill, Tim Howard, John Heitinga, Steven Pienaar, Victor Anichebe, Aiygbeni Yakubu, Joseph Yobo a Leighton Baines by m\u011bli b\u00fdt klidn\u00ed. A\u017e na nov\u00e1\u010dka Bainese pat\u0159\u00ed v\u0161ichni k d\u016fle\u017eit\u00fdm \u010dl\u00e1nk\u016fm sv\u00fdch mu\u017estev.<\/p>\n<h4><strong>Austr\u00e1lie v \u010dele s Cahillem &#8211; dos\u00e1hne na \u00fasp\u011bch?<\/strong><\/h4>\n<p>Socceroos za\u017e\u00edvaj\u00ed zlat\u00e9 \u010dasy. Minul\u00fd rok si zajistili druhou \u00fa\u010dast na mistrovstv\u00ed sv\u011bta v \u0159ad\u011b a znovu tak \u00fasp\u011b\u0161n\u011b d\u00e1vaj\u00ed zapomenout na \u010dty\u0159icetiletou pauzu<strong>,\u00a0<\/strong>kter\u00e1 je d\u011blila od posledn\u00edho z\u00e1pasu na sv\u011btov\u00e9m \u0161ampion\u00e1tu a minul\u00fdm mistrovstv\u00edm v N\u011bmecku.<\/p>\n<p>U z\u00e1padn\u00edch soused\u016f Australan\u00e9 rozhodn\u011b nezklamali. Ba naopak. Z obt\u00ed\u017en\u00e9 skupiny, ve kter\u00e9 jim d\u011blali spole\u010dnost Brazilci, Chorvat\u00e9 a Japonci, nakonec postoupili. V osmifin\u00e1le v\u0161ak narazili na Italy a ti nakonec d\u00edky hanebn\u011b nasimulovan\u00e9 penalt\u011b v z\u00e1v\u011bru utk\u00e1n\u00ed poslali Socceroos dom\u016f. O cenn\u00e9 zku\u0161enosti bohat\u0161\u00ed Austr\u00e1lie proto ur\u010dit\u011b bude cht\u00edt svoje minul\u00e9 po\u010d\u00edn\u00e1n\u00ed alespo\u0148 napodobit. Tim Cahill se p\u0159ed vypuknut\u00edm akce c\u00edt\u00ed ve skv\u011bl\u00e9 form\u011b.<\/p>\n<p><em>\u201eLep\u0161\u00ed to ani b\u00fdt nem\u016f\u017ee. Jsem na konci dlouh\u00e9 sezony a chci ji zakon\u010dit n\u011b\u010d\u00edm speci\u00e1ln\u00edm. Ve v\u0161ech z\u00e1pasech jsem nab\u011bhal dvan\u00e1ct kilometr\u016f, posledn\u00ed dva m\u011bs\u00edce mi p\u0159inesly dost g\u00f3l\u016f a celkov\u011b jsem mysl\u00edm hr\u00e1l dob\u0159e. \u00danava se nedostavuje, c\u00edt\u00edm se hodn\u011b dob\u0159e. Premier League ur\u010dit\u011b na sv\u00e9 n\u00e1ro\u010dnosti neslevuje, ale se sezonou jsem spokojen. Sna\u017eil jsem si udr\u017eet konzistentn\u00ed v\u00fdkonnost a p\u0159en\u00e9st si ji na mistrovstv\u00ed sv\u011bta. Nem\u016f\u017eu se do\u010dkat, a\u017e v\u0161e kone\u010dn\u011b odstartuje,\u201c\u00a0<\/em>t\u011b\u0161\u00ed se australsk\u00e1 superstar.<\/p>\n<p>Ani tentokr\u00e1t v\u0161ak protino\u017ece ne\u010dek\u00e1 jednoduch\u00e1 skupina. Postupn\u011b se st\u0159etnou se siln\u00fdm N\u011bmeckem, b\u011bhavou Ghanou a nevyzpytateln\u00fdm Srbskem. Motto Aussies je ale jednozna\u010dn\u00e9 &#8211; jednou tu jsme, tak z toho mus\u00edme vyt\u011b\u017eit maximum. A na Cahilla, jako\u017eto z\u00e1lo\u017en\u00edka s potenc\u00ed \u00fato\u010dn\u00edka (v reprezentaci 37 z\u00e1pas\u016f a 19 g\u00f3l\u016f) bude holandsk\u00fd kou\u010d Pim Verbeek hodn\u011b spol\u00e9hat.<\/p>\n<p><em>\u201eMus\u00edme to dok\u00e1zat. Jsme v Ji\u017en\u00ed Africe a mus\u00edme b\u00fdt nejsiln\u011bj\u0161\u00ed jak jen to p\u016fjde,\u201c\u00a0<\/em>\u0159\u00edk\u00e1 Tim jednozna\u010dn\u011b<em>. \u201eKdybychom byli Braz\u00edlie a m\u011bli osm Pel\u00e9 na lavi\u010dce, pak by to bylo fajn. Ale to nem\u00e1me, tak\u017ee mus\u00edme bojovat jako v N\u011bmecku. Na ul\u00e9v\u00e1n\u00ed nen\u00ed prostor. Svoje t\u011blo zn\u00e1m a v\u00edm, \u017ee jsme p\u0159ipraven\u00fd. Jedin\u00e9, co si \u0159\u00edk\u00e1m je, \u017ee hraje\u0161 proti nejlep\u0161\u00edm hr\u00e1\u010d\u016fm sv\u011bta, tak tu p\u0159\u00edle\u017eitost nezaho\u010f.\u201c<\/em><\/p>\n<p><em>\u201eNemus\u00edm \u0159\u00edkat, jak moc pro m\u011b znamen\u00e1 reprezentov\u00e1n\u00ed Austr\u00e1lie. Nikdo m\u011b nikdy nemusel p\u0159emlouvat, proto\u017ee je to pro m\u011b pocta,&#8220;\u00a0<\/em>dod\u00e1v\u00e1 Tim.<\/p>\n<h4><strong>Od Ameri\u010dan\u016f druh\u00e9 housle ne\u010dekejme<\/strong><\/h4>\n<p>Ani Spojen\u00e9 st\u00e1ty americk\u00e9 nejedou do Jihoafrick\u00e9 republiky jako outside\u0159i. Kopan\u00e1 se koneckonc\u016f za velkou lou\u017e\u00ed pomalu ale jist\u011b v \u017eeb\u0159\u00ed\u010dku obl\u00edbenosti ze samotn\u00e9ho chvostu \u0161plh\u00e1 sm\u011brem nahoru a v USA tak dlouho opom\u00edjen\u00fd sport za\u010d\u00edn\u00e1 plodit svoje ovoce.<\/p>\n<p>Jasn\u00fdm znamen\u00edm budi\u017e lo\u0148sk\u00fd Konfedera\u010dn\u00ed poh\u00e1r. Podce\u0148ovan\u00ed Ameri\u010dan\u00e9 do\u0161li v gener\u00e1lce na mistrovstv\u00ed sv\u011bta p\u0159ekvapiv\u011b a\u017e do fin\u00e1le, kde nakonec podlehli Brazilc\u016fm. Celou dobu nav\u00edc p\u0159edv\u00e1d\u00ed pro oko div\u00e1ka atraktivn\u00ed bojovnou hru, a tak minim\u00e1ln\u011b u vyznava\u010d\u016f dynamick\u00e9, agresivn\u00ed kopan\u00e9 si Ameri\u010dan\u00e9 svoje p\u0159\u00edznivce najdou. P\u0159esto budou m\u00edt sv\u011b\u0159enci Boba Bradleyho co napravovat.<\/p>\n<p>P\u0159ed \u010dty\u0159mi lety toti\u017e skon\u010dili ve skupin\u011b s jedin\u00fdm bodem posledn\u00ed. Konkurenci jim tehdy d\u011blala It\u00e1lie, \u010cesk\u00e1 republika a Ghana. Tim Howard tak p\u0159izn\u00e1v\u00e1, \u017ee ve sv\u011bt\u011b fotbalu jsou Spojen\u00e9 st\u00e1ty st\u00e1le p\u0159ehl\u00ed\u017een\u00fdm a vesm\u011bs nep\u0159\u00edli\u0161 respektovan\u00fdm pojmem.<\/p>\n<p><em>\u201eOstatn\u00ed t\u00fdmy si ur\u010dit\u011b nesedaj\u00ed na zadek, kdy\u017e n\u00e1s vid\u00ed. Kdy\u017e vch\u00e1z\u00edme na h\u0159i\u0161t\u011b, ostatn\u00ed si ur\u010dit\u011b ne\u0161eptaj\u00ed, &#8222;p\u00e1ni, USA p\u0159ich\u00e1z\u00ed!,\u201c\u00a0<\/em>vtipkuje jedni\u010dka v americk\u00e9 brance.<em>\u00a0\u201eLoni v l\u00e9t\u011b jsme ale dos\u00e1hli opravdu velk\u00e9ho \u00fasp\u011bchu a p\u0159ed dv\u011bma lety jsme remizovali s Argentinou. Lid\u00e9 z n\u00e1s ale n\u011bjak odva\u0159en\u00ed nejsou.\u201c<\/em><\/p>\n<p>Howard ov\u0161em rozhodn\u011b nen\u00ed jedinou oporou americk\u00e9ho v\u00fdb\u011bru. T\u00edm hlavn\u00edm &#8222;k\u00e1pem&#8220; je ji\u017e dlouh\u00e1 l\u00e9ta Landon Donovan. V osmadvaceti letech m\u00e1 na sv\u00e9m kont\u011b ji\u017e neuv\u011b\u0159iteln\u00fdch 121 z\u00e1pas\u016f za svoji zem, a tak nen\u00ed divu, \u017ee si ji\u017e \u0161estkr\u00e1t p\u0159evzal ocen\u011bn\u00ed pro severoamerick\u00e9ho sportovce roku. A jak\u00e9 \u0161ance Landon sv\u00e9mu t\u00fdmu v Ji\u017en\u00ed Africe d\u00e1v\u00e1?<\/p>\n<p><em>\u201eO\u010dek\u00e1v\u00e1n\u00ed jsou jasn\u00e1 &#8211; postoupit ze skupiny do vy\u0159azovac\u00edch boj\u016f, pak se uvid\u00ed. Mysl\u00edme si, \u017ee je to realistick\u00fd c\u00edl. Nejv\u011bt\u0161\u00edm plusem je, \u017ee jsme si ov\u011b\u0159ili, \u017ee s na\u0161\u00ed nejlep\u0161\u00ed v\u00fdkonnost\u00ed m\u016f\u017eeme hr\u00e1t rovnocennou\u00a0partii s ka\u017ed\u00fdm a dokonce i porazit ka\u017ed\u00e9ho. To mnoho t\u00fdm\u016f \u0159\u00edct nem\u016f\u017ee,\u201c\u00a0<\/em>\u0159\u00edk\u00e1 kapit\u00e1n Ameri\u010dan\u016f sebev\u011bdom\u011b.<\/p>\n<p><em>\u201eNejd\u016fle\u017eit\u011bj\u0161\u00ed bude aby v\u0161ichni z\u016fstali fit. Pokud se n\u00e1m to poda\u0159\u00ed, m\u00e1me velkou \u0161anci na postup. Nebudu p\u0159edpov\u00eddat, ale mysl\u00edm, \u017ee na\u0161e mu\u017estvo je kvalitn\u00ed a um\u00ed por\u00e1\u017eet siln\u00e9 t\u00fdmy. Hlavn\u00ed te\u010f je p\u0159en\u00e9st si na\u0161i bojovnost do ka\u017ed\u00e9ho z\u00e1pasu.\u201c<\/em><\/p>\n<h4><strong>Nig\u00e9rie. P\u0159ekvap\u00ed?<\/strong><\/h4>\n<p>Velkou \u0161anci maj\u00ed p\u0159ed sebou fotbalist\u00e9 Nig\u00e9rie. Tu bude reprezentovat nejrozs\u00e1hlej\u0161\u00ed kontingent z Evertonu &#8211; obr\u00e1nce Joseph Yobo a \u00fato\u010dn\u00edci Yakubu a Victor Anichebe. Nejlidnat\u011bj\u0161\u00ed africk\u00e1 zem\u011b si p\u0159ed \u010dty\u0159mi lety v N\u011bmecku d\u00edky ne\u00fa\u010dasti do m\u00ed\u010de nekopla a \u00fasp\u011bch rozhodn\u011b neslavila ani v Koreji a Japonsku v roce 2002. Tehdy ve sv\u00e9 skupin\u011b skon\u010dila suver\u00e9n\u011b posledn\u00ed.<\/p>\n<p>Kapit\u00e1n nigerijsk\u00e9ho v\u00fdb\u011bru, Joseph Yobo ale zbran\u011b neskl\u00e1d\u00e1. Stoper, kter\u00e9ho si David Moyes vyhl\u00e9dl pr\u00e1v\u011b na mistrovstv\u00ed v roce 2002 tvrd\u00ed, \u017ee po\u0159\u00e1d\u00e1n\u00ed \u0161ampion\u00e1tu na africk\u00e9 p\u016fd\u011b by mohlo jeho t\u00fdmu hr\u00e1t do karet, by\u0165 Super Eagles \u010dek\u00e1 jeden z nejv\u011bt\u0161\u00edch favorit\u016f Argentina a d\u00e1le bojovn\u00e1 Ji\u017en\u00ed Korea s urputn\u011b br\u00e1n\u00edc\u00edm \u0158eckem.<\/p>\n<p><em>\u201eMistrovstv\u00ed sv\u011bta je v Africe a to je velmi speci\u00e1ln\u00ed. V Ji\u017en\u00ed Africe nav\u00edc \u017eije spousta Nigerijc\u016f, je to skoro jako n\u00e1\u0161 druh\u00fd domov. Bude to zvl\u00e1\u0161tn\u00ed ud\u00e1lost, proto\u017ee zv\u00fdraz\u0148uje Afriku jako celek a Jihoafrickou republiku obzvl\u00e1\u0161\u0165. Hrajeme bl\u00edzko domovu, a tak se nem\u016f\u017eeme do\u010dkat,\u201c<\/em>vyhl\u00ed\u017e\u00ed Yobo 11. \u010derven.<\/p>\n<p><em>\u201eO\u010dek\u00e1v\u00e1n\u00ed jsou tu v\u017edycky, a to hlavn\u011b kv\u016fli hr\u00e1\u010d\u016fm z minul\u00e9 generace. Dos\u00e1hnout nebo alespo\u0148 p\u0159ibl\u00ed\u017eet se jejich \u00fasp\u011bch\u016fm bude velmi, velmi t\u011b\u017ek\u00e9. Hran\u00ed za Nig\u00e9rii, n\u00e1rod s 550 miliony obyvatel je jako kultura, tak\u017ee kdy\u017e se v\u00e1m da\u0159\u00ed, jste hrdina. Kdy\u017e neusp\u011bjete, ani rad\u011bji nechcete jet dom\u016f. Chceme ud\u011blat v\u0161e pro to, aby na n\u00e1s Nig\u00e9rie byla hrd\u00e1. A nejen Nig\u00e9rie, ale cel\u00e1 Afrika.\u201c<\/em><\/p>\n<h4><strong>Nizozem\u00ed &#8211; jako v\u017edy favorit<br \/>\n<\/strong><\/h4>\n<p>Fotbalov\u00e1 velmoc z Holandska p\u016fjde znovu tvrd\u011b za sv\u00fdm medailov\u00fdm snem. Tradi\u010dn\u00ed neobl\u00edben\u00fd soupe\u0159 \u010desk\u00fdch reprezentant\u016f by kone\u010dn\u011b r\u00e1d zlomil proklet\u00ed velk\u00fdch fotbalov\u00fdch akc\u00ed. A\u010dkoliv Holan\u010fan\u00e9 pat\u0159\u00ed dlouhodob\u011b k fotbalov\u00e9 \u0161pi\u010dce, v historii mistrovstv\u00ed sv\u011bta nez\u00edskali jedinou zlatou medaili. Nej\u00fasp\u011b\u0161n\u011bj\u0161\u00ed z jejich pohledu bylo pouze Euro 1988, kde slavili sv\u016fj jedin\u00fd triumf.<strong><br \/>\n<\/strong><\/p>\n<p>Oranjes tak tou\u017e\u00ed po \u00fasp\u011bchu a vyv\u00e1\u017een\u00fd t\u00fdm rozhodn\u011b p\u016fjde za sv\u00fdm. Nizozemsku bude v proch\u00e1zen\u00ed skupinou ve slo\u017een\u00ed D\u00e1nsko, Japonsko a Kamerun pom\u00e1hat tak\u00e9 kl\u00ed\u010dov\u00fd obr\u00e1nce jak tulip\u00e1n\u016f, tak Toffees, John Heitinga. Holohlav\u00fd bojovn\u00edk si svoji formu nem\u016f\u017ee vynachv\u00e1lit. Sezona str\u00e1ven\u00e1 v Anglii jej pr\u00fd pro presti\u017en\u00ed sportovn\u00ed ud\u00e1lost p\u0159ipravila nadm\u00edru dob\u0159e.<\/p>\n<p><em>\u201eRok v Evertonu m\u011b dob\u0159e otestoval v nastupov\u00e1n\u00ed proti nejlep\u0161\u00edm hr\u00e1\u010d\u016fm sv\u011bta. Zvyknul jsem si \u010delit t\u00fdden co t\u00fdden \u010delit sv\u011btozn\u00e1m\u00fdm hr\u00e1\u010d\u016fm. Pro obr\u00e1nce je u\u017eite\u010dn\u00e9 nastupovat proti hr\u00e1\u010d\u016fm jako Rooney nebo Drogba,\u201c\u00a0<\/em>vysv\u011btluje Johny.<\/p>\n<p><em>\u201eP\u0159ed \u010dty\u0159mi lety jsem si skupinovou f\u00e1zi hodn\u011b u\u017eil, proto\u017ee pak jsem hr\u00e1li proti Portugalsku. Ur\u010dit\u011b si ten z\u00e1pas pamatujete. Padlo v n\u011bm nejv\u00edce \u017elut\u00fdch a \u010derven\u00fdch karet v jedin\u00e9m z\u00e1pase,&#8220;\u00a0vrac\u00ed se Heitinga k bl\u00e1zniv\u00e9mu osmifin\u00e1lov\u00e9mu z\u00e1pasu.\u00a0&#8222;Nejrad\u011bji ale vzpom\u00edn\u00e1m na mistrovstv\u00ed sv\u011bta 1998. Nizozemsko hr\u00e1lo skv\u011bl\u00fd fotbal, \u0161koda jen, \u017ee Braz\u00edlie tehdy semifin\u00e1lov\u00fd penaltov\u00fd rozst\u0159el zvl\u00e1dla l\u00e9pe.\u201c<\/em><\/p>\n<p>K prvn\u00edmu z\u00e1pasu za Holandsko nastoupil Heitinga p\u0159ed \u0161esti lety a v listopadu 2009 se \u010d\u00edslo jeho mezist\u00e1tn\u00edch z\u00e1pas\u016f posunulo ji\u017e na \u010d\u00edslici 50. I d\u00edky sv\u00e9mu p\u0159\u00edsp\u011bvku John sv\u00e9mu t\u00fdmu napomohl k suver\u00e9n\u00ed j\u00edzd\u011b kvalifika\u010dn\u00ed skupinou. Nizozem\u00ed zv\u00edt\u011bzilo v ka\u017ed\u00e9m z\u00e1pase. O\u010dek\u00e1v\u00e1n\u00ed v oran\u017eov\u00e9m t\u00e1bo\u0159e jsou proto velk\u00e1, p\u0159esto Heitinga rad\u011bji nep\u0159edb\u00edh\u00e1 a nejprve vyb\u00edz\u00ed k pohodln\u00e9mu postupu do play off.<\/p>\n<p><em>\u201eIde\u00e1ln\u00ed bude, pokud vyhrajeme skupinu. Pak jsou ve h\u0159e ji\u017e sam\u00e1 velk\u00e1 jm\u00e9na &#8211; Braz\u00edlie, Anglie, Argentina&#8230; Anglie m\u00e1 v m\u00fdch o\u010d\u00edch jeden z nejsiln\u011bj\u0161\u00edch t\u00fdm\u016f. Uvid\u00edme, jak daleko nakonec dojdeme.\u201c<\/em><\/p>\n<h4><strong>Dom\u00e1c\u00ed se cht\u011bj\u00ed p\u0159edv\u00e9st. Povede se jim to?<\/strong><\/h4>\n<p>V\u00fdsadou b\u00fdti prvn\u00ed africkou zem\u00ed po\u0159\u00e1daj\u00edc\u00ed sportovn\u00ed akci sv\u011btov\u00fdch parametr\u016f byla pov\u011b\u0159ena Jihoafrick\u00e1 republika. Zda se organizaci FIFA jej\u00ed riskantn\u00ed krok vyplatil uvid\u00edme a\u017e v \u010dervenci, ji\u017e nyn\u00ed je ale jasn\u00e9, \u017ee Afri\u010dan\u00e9 se vskutku sna\u017eili. A\u0165 ji\u017e jde o \u0161pi\u010dkovou \u00farove\u0148 stadion\u016f, \u010di touhu jihoafrick\u00e9ho mu\u017estva p\u0159edv\u00e9st se.<\/p>\n<p>Velkou a zaslou\u017eenou pozornost na sebe jihoafri\u010dt\u00ed fotbalist\u00e9 v \u010dele se svoj\u00ed nejv\u011bt\u0161\u00ed hv\u011bzdou Stevenem Pienaarem upoutali stejn\u011b jako Ameri\u010dan\u00e9 na Konfedera\u010dn\u00edm poh\u00e1ru. JAR obsadila \u010dtvrt\u00e9 m\u00edsto a tak trochu nazna\u010dila, \u017ee letos nebudou hr\u00e1t jen d\u00edky pozici po\u0159\u00e1daj\u00edc\u00ed zem\u011b. Fakta ale mluv\u00ed sp\u00ed\u0161e v jejich neprosp\u011bch &#8211; sta\u010d\u00ed zm\u00ednit nelichotivou 90. p\u0159\u00ed\u010dku v \u017eeb\u0159\u00ed\u010dku FIFA.<\/p>\n<p><em>\u201eTak hluboko jsme kv\u016fli \u0161patn\u00fdm v\u00fdsledk\u016fm. Na druhou stranu je to ale dobr\u00e1 v\u011bc, proto\u017ee lid\u00e9 od n\u00e1s mnoho ne\u010dekaj\u00ed. U\u017eijeme si na\u0161i \u00fa\u010dast a pokus\u00edme se p\u0159ekvapit,&#8220;\u00a0prozrazuje Pienaar.\u00a0&#8222;Stadiony ale nebudou pr\u00e1zdn\u00e9 ani a\u017e vypadneme. Lid\u00e9 cht\u011bj\u00ed vid\u011bt nejlep\u0161\u00ed hr\u00e1\u010de.<\/em><\/p>\n<p><em>Jestli poci\u0165uji nervozitu? Ur\u010dit\u011b u\u017e se stup\u0148uje. Jako by to bylo v\u010dera, kdy bylo mistrovstv\u00ed a\u017e za rok. A te\u010f zb\u00fdv\u00e1 p\u00e1r t\u00fddn\u016f. Vch\u00e1zet na h\u0159i\u0161t\u011b Soccer City 11. \u010dervna proti Mexiku bude zvl\u00e1\u0161tn\u00ed moment pro hr\u00e1\u010de, ale i celou Ji\u017en\u00ed Afriku i kontinent. Bude to historick\u00fd den, jako kdy\u017e prezident Mandela opustil v\u011bzen\u00ed.\u201c<\/em><\/p>\n<p>Pro celou Afriku vskutku p\u016fjde o k\u0159est ohn\u011bm. Kontinent su\u017eovan\u00fd nekone\u010dn\u00fdmi v\u00e1lkami, chudobou a nemocemi se m\u016f\u017ee sv\u011btu p\u0159edv\u00e9st v lep\u0161\u00edm sv\u011btle. Jihoafrick\u00fd hr\u00e1\u010d roku 2009 v\u00ed, \u017ee akci mohou doprov\u00e1zet bezpe\u010dnost\u00ed probl\u00e9my, z\u00e1rove\u0148 ale douf\u00e1, \u017ee Afri\u010dan\u00e9 projev\u00ed svoji vl\u00eddnou tv\u00e1\u0159.<\/p>\n<p><em>\u201eV Evertonu se m\u011b spoluhr\u00e1\u010di ptali na \u00farove\u0148 kriminality. Odpov\u011bd\u011bl jsem jim, \u017ee je to stejn\u00e9 jako kdekoliv ve sv\u011bt\u011b. Pokud se nestar\u00e1te o sebe, objev\u00ed se probl\u00e9my. Incidenty se ur\u010dit\u011b objev\u00ed. Opil\u00ed nebo radik\u00e1ln\u011bj\u0161\u00ed fanou\u0161ci mohou zp\u016fsobit pot\u00ed\u017ee. Ale to je p\u0159i podobn\u00fdch akc\u00edch b\u011b\u017en\u00e9,\u201c<\/em> vysv\u011btluje z\u00e1lo\u017en\u00edk.<\/p>\n<h4><strong>Leighton Baines jednou nohou na palub\u011b<\/strong><\/h4>\n<p>S nejv\u011bt\u0161\u00ed pravd\u011bpodobnost\u00ed se coby jedin\u00fd angli\u010dan z Evertonu do kone\u010dn\u00e9 nominace Albionu probojuje Leighton Baines. Neb\u00fdt zran\u011bn\u00ed Phila Jagileky, kdo v\u00ed, mo\u017en\u00e1 m\u011bli Toffees o reprezentanta v\u00edc. Podstatn\u00e9 ale je, \u017ee nominace Leightona je pln\u011b zaslou\u017een\u00e1. V Evertonu pod\u00e1val celou sezonu kvalitn\u00ed st\u00e1l\u00e9 v\u00fdkony stoj\u00edc\u00ed na ne\u00fanavn\u00e9 defenziv\u011b a \u0161ikovn\u00e9 podpo\u0159e \u00fatoku.<\/p>\n<p>Spolu s Ashley Colem tak nejsp\u00ed\u0161e utvo\u0159\u00ed dvojici lev\u00fdch bek\u016f pro Ji\u017en\u00ed Afriku. Se t\u0159et\u00edm kandid\u00e1tem Stephenem Warnockem se moc nepo\u010d\u00edt\u00e1. Sv\u011bd\u010d\u00ed o tom koneckonc\u016f i b\u0159eznov\u00fd p\u0159\u00e1telsk\u00fd z\u00e1pas proti \u0158ecku. Zat\u00edmco Baines odehr\u00e1l cel\u00e9 utk\u00e1n\u00ed, Warnock se na h\u0159i\u0161t\u011b v\u016fbec nepod\u00edval.<\/p>\n<p><em>\u201eV\u017edy jsem \u0159\u00edkal, \u017ee Leighton bude lev\u00fdm bekem Evertonu na dlouhou, dlouhou dobu a m\u016fj pohled se nezm\u011bnil,&#8220;\u00a0\u0159\u00edk\u00e1 David Moyes.\u00a0&#8222;Nyn\u00ed se d\u00edky sv\u00fdm v\u00fdkon\u016fm\u00a0 dostal do reprezentace a nen\u00ed d\u016fvod, aby nem\u011bl sed\u011bt v letadle do Ji\u017en\u00ed Afriky.\u201c<\/em><\/p>\n","protected":false},"excerpt":{"rendered":"<p>Mistrovstv\u00ed sv\u011bta v kopan\u00e9 se nezadr\u017eiteln\u011b bl\u00ed\u017e\u00ed. A pot\u011b\u0161uj\u00edc\u00ed skute\u010dnost\u00ed je to, \u017ee d\u011bn\u00ed na jihoafrick\u00fdch stadionech nemine ani celou&hellip;<\/p>\n","protected":false},"author":7,"featured_media":1313,"comment_status":"open","ping_status":"closed","sticky":false,"template":"","format":"standard","meta":{"_eb_attr":"","_monsterinsights_skip_tracking":false,"_monsterinsights_sitenote_active":false,"_monsterinsights_sitenote_note":"","_monsterinsights_sitenote_category":0,"footnotes":""},"categories":[42],"tags":[],"yoast_head":"<!-- This site is optimized with the Yoast SEO plugin v23.4 - https:\/\/yoast.com\/wordpress\/plugins\/seo\/ -->\n<title>Evertonians v Ji\u017en\u00ed Africe. Kdo usp\u011bje a kdo poho\u0159\u00ed? - Official Czech &amp; Slovak Everton Supporters&#039; Club<\/title>\n<meta name=\"robots\" content=\"index, follow, max-snippet:-1, max-image-preview:large, max-video-preview:-1\" \/>\n<link rel=\"canonical\" href=\"https:\/\/evertonfc.cz\/index.php\/2010\/05\/20\/evertonians-v-jizni-africe-kdo-uspeje-a-kdo-pohori\/\" \/>\n<meta property=\"og:locale\" content=\"cs_CZ\" \/>\n<meta property=\"og:type\" content=\"article\" \/>\n<meta property=\"og:title\" content=\"Evertonians v Ji\u017en\u00ed Africe. Kdo usp\u011bje a kdo poho\u0159\u00ed? - Official Czech &amp; Slovak Everton Supporters&#039; Club\" \/>\n<meta property=\"og:description\" content=\"Mistrovstv\u00ed sv\u011bta v kopan\u00e9 se nezadr\u017eiteln\u011b bl\u00ed\u017e\u00ed. A pot\u011b\u0161uj\u00edc\u00ed skute\u010dnost\u00ed je to, \u017ee d\u011bn\u00ed na jihoafrick\u00fdch stadionech nemine ani celou&hellip;\" \/>\n<meta property=\"og:url\" content=\"https:\/\/evertonfc.cz\/index.php\/2010\/05\/20\/evertonians-v-jizni-africe-kdo-uspeje-a-kdo-pohori\/\" \/>\n<meta property=\"og:site_name\" content=\"Official Czech &amp; Slovak Everton Supporters&#039; Club\" \/>\n<meta property=\"article:publisher\" content=\"https:\/\/www.facebook.com\/everton.fans.cz.sk\" \/>\n<meta property=\"article:published_time\" content=\"2010-05-20T21:33:52+00:00\" \/>\n<meta property=\"article:modified_time\" content=\"2019-02-09T22:41:15+00:00\" \/>\n<meta property=\"og:image\" content=\"https:\/\/evertonfc.cz\/wp-content\/uploads\/2019\/01\/news.jpg\" \/>\n\t<meta property=\"og:image:width\" content=\"720\" \/>\n\t<meta property=\"og:image:height\" content=\"405\" \/>\n\t<meta property=\"og:image:type\" content=\"image\/jpeg\" \/>\n<meta name=\"author\" content=\"Me\u0148a\" \/>\n<meta name=\"twitter:card\" content=\"summary_large_image\" \/>\n<meta name=\"twitter:label1\" content=\"Napsal(a)\" \/>\n\t<meta name=\"twitter:data1\" content=\"Me\u0148a\" \/>\n\t<meta name=\"twitter:label2\" content=\"Odhadovan\u00e1 doba \u010dten\u00ed\" \/>\n\t<meta name=\"twitter:data2\" content=\"12 minut\" \/>\n<script type=\"application\/ld+json\" class=\"yoast-schema-graph\">{\"@context\":\"https:\/\/schema.org\",\"@graph\":[{\"@type\":\"Article\",\"@id\":\"https:\/\/evertonfc.cz\/index.php\/2010\/05\/20\/evertonians-v-jizni-africe-kdo-uspeje-a-kdo-pohori\/#article\",\"isPartOf\":{\"@id\":\"https:\/\/evertonfc.cz\/index.php\/2010\/05\/20\/evertonians-v-jizni-africe-kdo-uspeje-a-kdo-pohori\/\"},\"author\":{\"name\":\"Me\u0148a\",\"@id\":\"https:\/\/evertonfc.cz\/#\/schema\/person\/cd6328a75577de2add7793fd4b0930c3\"},\"headline\":\"Evertonians v Ji\u017en\u00ed Africe. Kdo usp\u011bje a kdo poho\u0159\u00ed?\",\"datePublished\":\"2010-05-20T21:33:52+00:00\",\"dateModified\":\"2019-02-09T22:41:15+00:00\",\"mainEntityOfPage\":{\"@id\":\"https:\/\/evertonfc.cz\/index.php\/2010\/05\/20\/evertonians-v-jizni-africe-kdo-uspeje-a-kdo-pohori\/\"},\"wordCount\":2364,\"commentCount\":0,\"publisher\":{\"@id\":\"https:\/\/evertonfc.cz\/#organization\"},\"image\":{\"@id\":\"https:\/\/evertonfc.cz\/index.php\/2010\/05\/20\/evertonians-v-jizni-africe-kdo-uspeje-a-kdo-pohori\/#primaryimage\"},\"thumbnailUrl\":\"https:\/\/evertonfc.cz\/wp-content\/uploads\/2019\/01\/news.jpg\",\"articleSection\":[\"Aktuality\"],\"inLanguage\":\"cs\",\"potentialAction\":[{\"@type\":\"CommentAction\",\"name\":\"Comment\",\"target\":[\"https:\/\/evertonfc.cz\/index.php\/2010\/05\/20\/evertonians-v-jizni-africe-kdo-uspeje-a-kdo-pohori\/#respond\"]}]},{\"@type\":\"WebPage\",\"@id\":\"https:\/\/evertonfc.cz\/index.php\/2010\/05\/20\/evertonians-v-jizni-africe-kdo-uspeje-a-kdo-pohori\/\",\"url\":\"https:\/\/evertonfc.cz\/index.php\/2010\/05\/20\/evertonians-v-jizni-africe-kdo-uspeje-a-kdo-pohori\/\",\"name\":\"Evertonians v Ji\u017en\u00ed Africe. Kdo usp\u011bje a kdo poho\u0159\u00ed? - Official Czech &amp; Slovak Everton Supporters&#039; Club\",\"isPartOf\":{\"@id\":\"https:\/\/evertonfc.cz\/#website\"},\"primaryImageOfPage\":{\"@id\":\"https:\/\/evertonfc.cz\/index.php\/2010\/05\/20\/evertonians-v-jizni-africe-kdo-uspeje-a-kdo-pohori\/#primaryimage\"},\"image\":{\"@id\":\"https:\/\/evertonfc.cz\/index.php\/2010\/05\/20\/evertonians-v-jizni-africe-kdo-uspeje-a-kdo-pohori\/#primaryimage\"},\"thumbnailUrl\":\"https:\/\/evertonfc.cz\/wp-content\/uploads\/2019\/01\/news.jpg\",\"datePublished\":\"2010-05-20T21:33:52+00:00\",\"dateModified\":\"2019-02-09T22:41:15+00:00\",\"breadcrumb\":{\"@id\":\"https:\/\/evertonfc.cz\/index.php\/2010\/05\/20\/evertonians-v-jizni-africe-kdo-uspeje-a-kdo-pohori\/#breadcrumb\"},\"inLanguage\":\"cs\",\"potentialAction\":[{\"@type\":\"ReadAction\",\"target\":[\"https:\/\/evertonfc.cz\/index.php\/2010\/05\/20\/evertonians-v-jizni-africe-kdo-uspeje-a-kdo-pohori\/\"]}]},{\"@type\":\"ImageObject\",\"inLanguage\":\"cs\",\"@id\":\"https:\/\/evertonfc.cz\/index.php\/2010\/05\/20\/evertonians-v-jizni-africe-kdo-uspeje-a-kdo-pohori\/#primaryimage\",\"url\":\"https:\/\/evertonfc.cz\/wp-content\/uploads\/2019\/01\/news.jpg\",\"contentUrl\":\"https:\/\/evertonfc.cz\/wp-content\/uploads\/2019\/01\/news.jpg\",\"width\":720,\"height\":405},{\"@type\":\"BreadcrumbList\",\"@id\":\"https:\/\/evertonfc.cz\/index.php\/2010\/05\/20\/evertonians-v-jizni-africe-kdo-uspeje-a-kdo-pohori\/#breadcrumb\",\"itemListElement\":[{\"@type\":\"ListItem\",\"position\":1,\"name\":\"Home\",\"item\":\"https:\/\/evertonfc.cz\/\"},{\"@type\":\"ListItem\",\"position\":2,\"name\":\"Evertonians v Ji\u017en\u00ed Africe. Kdo usp\u011bje a kdo poho\u0159\u00ed?\"}]},{\"@type\":\"WebSite\",\"@id\":\"https:\/\/evertonfc.cz\/#website\",\"url\":\"https:\/\/evertonfc.cz\/\",\"name\":\"Official Czech &amp; Slovak Everton Supporters&#039; Club\",\"description\":\"\",\"publisher\":{\"@id\":\"https:\/\/evertonfc.cz\/#organization\"},\"potentialAction\":[{\"@type\":\"SearchAction\",\"target\":{\"@type\":\"EntryPoint\",\"urlTemplate\":\"https:\/\/evertonfc.cz\/?s={search_term_string}\"},\"query-input\":{\"@type\":\"PropertyValueSpecification\",\"valueRequired\":true,\"valueName\":\"search_term_string\"}}],\"inLanguage\":\"cs\"},{\"@type\":\"Organization\",\"@id\":\"https:\/\/evertonfc.cz\/#organization\",\"name\":\"Official Czech & Slovak Everton Supporters' Club\",\"url\":\"https:\/\/evertonfc.cz\/\",\"logo\":{\"@type\":\"ImageObject\",\"inLanguage\":\"cs\",\"@id\":\"https:\/\/evertonfc.cz\/#\/schema\/logo\/image\/\",\"url\":\"https:\/\/evertonfc.cz\/wp-content\/uploads\/2019\/05\/logo.png\",\"contentUrl\":\"https:\/\/evertonfc.cz\/wp-content\/uploads\/2019\/05\/logo.png\",\"width\":112,\"height\":112,\"caption\":\"Official Czech & Slovak Everton Supporters' Club\"},\"image\":{\"@id\":\"https:\/\/evertonfc.cz\/#\/schema\/logo\/image\/\"},\"sameAs\":[\"https:\/\/www.facebook.com\/everton.fans.cz.sk\"]},{\"@type\":\"Person\",\"@id\":\"https:\/\/evertonfc.cz\/#\/schema\/person\/cd6328a75577de2add7793fd4b0930c3\",\"name\":\"Me\u0148a\",\"url\":\"https:\/\/evertonfc.cz\/index.php\/author\/mena\/\"}]}<\/script>\n<!-- \/ Yoast SEO plugin. -->","yoast_head_json":{"title":"Evertonians v Ji\u017en\u00ed Africe. Kdo usp\u011bje a kdo poho\u0159\u00ed? - Official Czech &amp; Slovak Everton Supporters&#039; Club","robots":{"index":"index","follow":"follow","max-snippet":"max-snippet:-1","max-image-preview":"max-image-preview:large","max-video-preview":"max-video-preview:-1"},"canonical":"https:\/\/evertonfc.cz\/index.php\/2010\/05\/20\/evertonians-v-jizni-africe-kdo-uspeje-a-kdo-pohori\/","og_locale":"cs_CZ","og_type":"article","og_title":"Evertonians v Ji\u017en\u00ed Africe. Kdo usp\u011bje a kdo poho\u0159\u00ed? - Official Czech &amp; Slovak Everton Supporters&#039; Club","og_description":"Mistrovstv\u00ed sv\u011bta v kopan\u00e9 se nezadr\u017eiteln\u011b bl\u00ed\u017e\u00ed. A pot\u011b\u0161uj\u00edc\u00ed skute\u010dnost\u00ed je to, \u017ee d\u011bn\u00ed na jihoafrick\u00fdch stadionech nemine ani celou&hellip;","og_url":"https:\/\/evertonfc.cz\/index.php\/2010\/05\/20\/evertonians-v-jizni-africe-kdo-uspeje-a-kdo-pohori\/","og_site_name":"Official Czech &amp; Slovak Everton Supporters&#039; Club","article_publisher":"https:\/\/www.facebook.com\/everton.fans.cz.sk","article_published_time":"2010-05-20T21:33:52+00:00","article_modified_time":"2019-02-09T22:41:15+00:00","og_image":[{"width":720,"height":405,"url":"https:\/\/evertonfc.cz\/wp-content\/uploads\/2019\/01\/news.jpg","type":"image\/jpeg"}],"author":"Me\u0148a","twitter_card":"summary_large_image","twitter_misc":{"Napsal(a)":"Me\u0148a","Odhadovan\u00e1 doba \u010dten\u00ed":"12 minut"},"schema":{"@context":"https:\/\/schema.org","@graph":[{"@type":"Article","@id":"https:\/\/evertonfc.cz\/index.php\/2010\/05\/20\/evertonians-v-jizni-africe-kdo-uspeje-a-kdo-pohori\/#article","isPartOf":{"@id":"https:\/\/evertonfc.cz\/index.php\/2010\/05\/20\/evertonians-v-jizni-africe-kdo-uspeje-a-kdo-pohori\/"},"author":{"name":"Me\u0148a","@id":"https:\/\/evertonfc.cz\/#\/schema\/person\/cd6328a75577de2add7793fd4b0930c3"},"headline":"Evertonians v Ji\u017en\u00ed Africe. Kdo usp\u011bje a kdo poho\u0159\u00ed?","datePublished":"2010-05-20T21:33:52+00:00","dateModified":"2019-02-09T22:41:15+00:00","mainEntityOfPage":{"@id":"https:\/\/evertonfc.cz\/index.php\/2010\/05\/20\/evertonians-v-jizni-africe-kdo-uspeje-a-kdo-pohori\/"},"wordCount":2364,"commentCount":0,"publisher":{"@id":"https:\/\/evertonfc.cz\/#organization"},"image":{"@id":"https:\/\/evertonfc.cz\/index.php\/2010\/05\/20\/evertonians-v-jizni-africe-kdo-uspeje-a-kdo-pohori\/#primaryimage"},"thumbnailUrl":"https:\/\/evertonfc.cz\/wp-content\/uploads\/2019\/01\/news.jpg","articleSection":["Aktuality"],"inLanguage":"cs","potentialAction":[{"@type":"CommentAction","name":"Comment","target":["https:\/\/evertonfc.cz\/index.php\/2010\/05\/20\/evertonians-v-jizni-africe-kdo-uspeje-a-kdo-pohori\/#respond"]}]},{"@type":"WebPage","@id":"https:\/\/evertonfc.cz\/index.php\/2010\/05\/20\/evertonians-v-jizni-africe-kdo-uspeje-a-kdo-pohori\/","url":"https:\/\/evertonfc.cz\/index.php\/2010\/05\/20\/evertonians-v-jizni-africe-kdo-uspeje-a-kdo-pohori\/","name":"Evertonians v Ji\u017en\u00ed Africe. Kdo usp\u011bje a kdo poho\u0159\u00ed? - Official Czech &amp; Slovak Everton Supporters&#039; Club","isPartOf":{"@id":"https:\/\/evertonfc.cz\/#website"},"primaryImageOfPage":{"@id":"https:\/\/evertonfc.cz\/index.php\/2010\/05\/20\/evertonians-v-jizni-africe-kdo-uspeje-a-kdo-pohori\/#primaryimage"},"image":{"@id":"https:\/\/evertonfc.cz\/index.php\/2010\/05\/20\/evertonians-v-jizni-africe-kdo-uspeje-a-kdo-pohori\/#primaryimage"},"thumbnailUrl":"https:\/\/evertonfc.cz\/wp-content\/uploads\/2019\/01\/news.jpg","datePublished":"2010-05-20T21:33:52+00:00","dateModified":"2019-02-09T22:41:15+00:00","breadcrumb":{"@id":"https:\/\/evertonfc.cz\/index.php\/2010\/05\/20\/evertonians-v-jizni-africe-kdo-uspeje-a-kdo-pohori\/#breadcrumb"},"inLanguage":"cs","potentialAction":[{"@type":"ReadAction","target":["https:\/\/evertonfc.cz\/index.php\/2010\/05\/20\/evertonians-v-jizni-africe-kdo-uspeje-a-kdo-pohori\/"]}]},{"@type":"ImageObject","inLanguage":"cs","@id":"https:\/\/evertonfc.cz\/index.php\/2010\/05\/20\/evertonians-v-jizni-africe-kdo-uspeje-a-kdo-pohori\/#primaryimage","url":"https:\/\/evertonfc.cz\/wp-content\/uploads\/2019\/01\/news.jpg","contentUrl":"https:\/\/evertonfc.cz\/wp-content\/uploads\/2019\/01\/news.jpg","width":720,"height":405},{"@type":"BreadcrumbList","@id":"https:\/\/evertonfc.cz\/index.php\/2010\/05\/20\/evertonians-v-jizni-africe-kdo-uspeje-a-kdo-pohori\/#breadcrumb","itemListElement":[{"@type":"ListItem","position":1,"name":"Home","item":"https:\/\/evertonfc.cz\/"},{"@type":"ListItem","position":2,"name":"Evertonians v Ji\u017en\u00ed Africe. Kdo usp\u011bje a kdo poho\u0159\u00ed?"}]},{"@type":"WebSite","@id":"https:\/\/evertonfc.cz\/#website","url":"https:\/\/evertonfc.cz\/","name":"Official Czech &amp; Slovak Everton Supporters&#039; Club","description":"","publisher":{"@id":"https:\/\/evertonfc.cz\/#organization"},"potentialAction":[{"@type":"SearchAction","target":{"@type":"EntryPoint","urlTemplate":"https:\/\/evertonfc.cz\/?s={search_term_string}"},"query-input":{"@type":"PropertyValueSpecification","valueRequired":true,"valueName":"search_term_string"}}],"inLanguage":"cs"},{"@type":"Organization","@id":"https:\/\/evertonfc.cz\/#organization","name":"Official Czech & Slovak Everton Supporters' Club","url":"https:\/\/evertonfc.cz\/","logo":{"@type":"ImageObject","inLanguage":"cs","@id":"https:\/\/evertonfc.cz\/#\/schema\/logo\/image\/","url":"https:\/\/evertonfc.cz\/wp-content\/uploads\/2019\/05\/logo.png","contentUrl":"https:\/\/evertonfc.cz\/wp-content\/uploads\/2019\/05\/logo.png","width":112,"height":112,"caption":"Official Czech & Slovak Everton Supporters' Club"},"image":{"@id":"https:\/\/evertonfc.cz\/#\/schema\/logo\/image\/"},"sameAs":["https:\/\/www.facebook.com\/everton.fans.cz.sk"]},{"@type":"Person","@id":"https:\/\/evertonfc.cz\/#\/schema\/person\/cd6328a75577de2add7793fd4b0930c3","name":"Me\u0148a","url":"https:\/\/evertonfc.cz\/index.php\/author\/mena\/"}]}},"_links":{"self":[{"href":"https:\/\/evertonfc.cz\/index.php\/wp-json\/wp\/v2\/posts\/2816"}],"collection":[{"href":"https:\/\/evertonfc.cz\/index.php\/wp-json\/wp\/v2\/posts"}],"about":[{"href":"https:\/\/evertonfc.cz\/index.php\/wp-json\/wp\/v2\/types\/post"}],"author":[{"embeddable":true,"href":"https:\/\/evertonfc.cz\/index.php\/wp-json\/wp\/v2\/users\/7"}],"replies":[{"embeddable":true,"href":"https:\/\/evertonfc.cz\/index.php\/wp-json\/wp\/v2\/comments?post=2816"}],"version-history":[{"count":1,"href":"https:\/\/evertonfc.cz\/index.php\/wp-json\/wp\/v2\/posts\/2816\/revisions"}],"predecessor-version":[{"id":2817,"href":"https:\/\/evertonfc.cz\/index.php\/wp-json\/wp\/v2\/posts\/2816\/revisions\/2817"}],"wp:featuredmedia":[{"embeddable":true,"href":"https:\/\/evertonfc.cz\/index.php\/wp-json\/wp\/v2\/media\/1313"}],"wp:attachment":[{"href":"https:\/\/evertonfc.cz\/index.php\/wp-json\/wp\/v2\/media?parent=2816"}],"wp:term":[{"taxonomy":"category","embeddable":true,"href":"https:\/\/evertonfc.cz\/index.php\/wp-json\/wp\/v2\/categories?post=2816"},{"taxonomy":"post_tag","embeddable":true,"href":"https:\/\/evertonfc.cz\/index.php\/wp-json\/wp\/v2\/tags?post=2816"}],"curies":[{"name":"wp","href":"https:\/\/api.w.org\/{rel}","templated":true}]}}