{"id":28179,"date":"2026-01-09T16:58:46","date_gmt":"2026-01-09T15:58:46","guid":{"rendered":"https:\/\/evertonfc.cz\/?p=28179"},"modified":"2026-01-09T19:51:28","modified_gmt":"2026-01-09T18:51:28","slug":"everton-wolverhampton-wanderers-11","status":"publish","type":"post","link":"https:\/\/evertonfc.cz\/index.php\/2026\/01\/09\/everton-wolverhampton-wanderers-11\/","title":{"rendered":"Everton \u2013 Wolverhampton Wanderers 1:1"},"content":{"rendered":"<h4>Mal to by\u0165 pokojn\u00fd ve\u010der a\u00a0ist\u00e9 tri body. Namiesto toho sme dostali \u010fal\u0161iu kapitolu zo sez\u00f3nnej kroniky absurd\u00edt, nervov a seba de\u0161trukcie.<\/h4>\n<p>\u0160ialen\u00fd ve\u010der pln\u00fd frustr\u00e1cie, \u010derven\u00fdch kariet a premrhan\u00fdch \u0161anc\u00ed. Dev\u00e4\u0165\u010dlenn\u00e9 Karamelky nakoniec udr\u017eali rem\u00edzu 1:1 proti posledn\u00e9mu t\u00edmu tabu\u013eky, no pocit po z\u00e1pase je sk\u00f4r ako po prehre. Vstupovali sme do z\u00e1pasu oslaben\u00ed \u2013 zranenia a AFCON st\u00e1le dr\u017eia mimo zostavy Idrissu Gueyeho a Ilimana Ndiayeho, ktor\u00ed pr\u00e1ve post\u00fapili do \u0161tvr\u0165fin\u00e1le. Jedinou zmenou oproti v\u00edkendu bola prekvapiv\u00e1 nomin\u00e1cia mlad\u00edka Harrisona Armstronga namiesto 42-mili\u00f3novej letnej posily Tylera Diblinga.<\/p>\n<h4><strong>Do prest\u00e1vky sme mali vies\u0165 o tri g\u00f3ly<\/strong><\/h4>\n<p>Everton za\u010dal tradi\u010dne \u2013 Pickfordov dlh\u00fd n\u00e1kop a strata lopty. Prv\u00fdch p\u00e4\u0165 min\u00fat bolo futbalovo dos\u0165 bolestiv\u00fdch, ale postupne sa Blues dostali do tempa. Kombin\u00e1cie Grealisha s Armstrongom za\u010dali fungova\u0165, no fin\u00e1lne rie\u0161enia boli biedne. Iroegbunam sa dost\u00e1val do dobr\u00fdch poz\u00edci\u00ed, ale jeho zakon\u010denia aj centre boli slab\u00e9.<\/p>\n<p>Zlom pri\u0161iel v 26. min\u00fate. Po \u0161tandardke McNeila poslal Iroegbunam loptu sp\u00e4\u0165 do oh\u0148a a Michael Keane ju pohotovo dorazil \u2013 <strong>1:0<\/strong>. Everton mal navrch a mal to potvrdi\u0165. O p\u00e1r min\u00fat nesk\u00f4r Keane trafil hlavou \u017er\u010f, Garner n\u00e1sledne preveril S\u00e1a. Keby bola Keaneova hlavi\u010dka o p\u00e1r centimetrov inde, Wolves by sa mo\u017eno zosypali.<\/p>\n<p>Armstrong zaujal \u2013 sebavedom\u00fd, pohybliv\u00fd, p\u00fdtal si loptu, kombinoval. Jedno z jeho preniknut\u00ed zakon\u010dil nebezpe\u010dn\u00fdm centrom, no Iroegbunam tesne nezareagoval v\u010das. Everton \u0161iel do kab\u00edn s veden\u00edm, ale realita mala by\u0165 \u00faplne inde \u2013 pokojne 3:0. Ale premie\u0148anie \u0161anc\u00ed je na\u0161a achillova p\u00e4ta u\u017e nieko\u013eko rokov.<\/p>\n<h4><strong>Zo \u0161atne u\u017e klasick\u00fd kolaps koncentr\u00e1cie<\/strong><\/h4>\n<p>Po prest\u00e1vke Everton spomalil, Grealish zasa pr\u00edli\u0161 dr\u017eal loptu, namiesto strely \u010di centra. Tarkowski spravil hl\u00fapy faul na Arokodareho, ktor\u00fd pokojne mohol by\u0165 penaltov\u00fd, keby VAR zasahoval. Wolves sa postupne osmelovali.<\/p>\n<p>A pri\u0161iel moment, ktor\u00fd pozn\u00e1me a\u017e pr\u00edli\u0161 dobre. Matheus Man\u00e9 sa elegantne pre\u0161trikoval stredom obrany a vyrovnal. Z ni\u010doho ni\u010d <strong>1:1<\/strong>. Z\u00e1pas, ktor\u00fd mal by\u0165 d\u00e1vno rozhodnut\u00fd, sa \u00faplne oto\u010dil. No a v 83. min\u00fate pri\u0161la, ktor\u00e1 sa zap\u00ed\u0161e do klubovej hist\u00f3rie bizarnost\u00ed. Michael Keane potiahol Arokodareho za vrko\u010d.<\/p>\n<p>Nig\u00e9rijsk\u00fd \u00fato\u010dn\u00edk to okam\u017eite hl\u00e1sil rozhodcovi. VAR poslal Thomasa Kirka (len jeho druh\u00fd ligov\u00fd z\u00e1pas!) k monitoru. Po prezret\u00ed situ\u00e1cie verdikt: violent conduct \u2013 \u010derven\u00e1 karta. Tot\u00e1lny v\u00fdsmech. David Moyes vybuchol, vbehol na ihrisko a dostal \u017elt\u00fa. Atmosf\u00e9ra zhustla, v Bramley-Moore to st\u00edchlo. Wolves zac\u00edtili krv.<\/p>\n<p>Grealish bol u\u017e predt\u00fdm roz\u010d\u00falen\u00fd, dostal \u017elt\u00fa za protesty. O p\u00e1r min\u00fat nesk\u00f4r vybojoval faul, a ironicky zatlieskal rozhodcovi. Kirk mu bez zav\u00e1hania uk\u00e1zal druh\u00fa \u017elt\u00fa. Everton v deviatich<strong>.<\/strong> Dev\u00e4\u0165 nadstaven\u00fdch min\u00fat. Tot\u00e1lny chaos. Wolves tla\u010dili. Bueno vyp\u00e1lil delovku, Pickford vytiahol fantastick\u00fd z\u00e1krok kon\u010dekmi prstov. Patterson odhlavi\u010dkoval nebezpe\u010dn\u00fd center, Arokodare hlavi\u010dkoval tesne mimo. Dev\u00e4\u0165\u010dlenn\u00e9 EFC to nejako ust\u00e1lo.<\/p>\n<h4><strong>Sebareflexia nutn\u00e1<\/strong><\/h4>\n<p>\u00c1no, rozhodcovia Everton t\u00fato sez\u00f3nu po\u0161kodzuj\u00fa \u2013 spome\u0148me neodp\u00edskan\u00fa penaltu proti Arsenalu \u010di \u017elt\u00fa kartu za brut\u00e1lny faul Hwang Hee-chana na Armstronga. Ale klub si mus\u00ed siahnu\u0165 do svedomia aj s\u00e1m.<\/p>\n<p>Po z\u00e1vere\u010dnom hvizde sa Tarkowski ostro rozpr\u00e1val s Arokodarem, ktor\u00fd mu vraj povedal, \u017ee si nep\u00fdtal \u010derven\u00fa, len faul. Pod\u013ea pravidiel je \u0165ahanie za vlasy \u201eviolent conduct\u201c, ale miera sily je subjekt\u00edvna. Ako ju mohol nesk\u00fasen\u00fd Kirk pos\u00fadi\u0165, ke\u010f sk\u00fasen\u00fd VAR rozhodca Kavanagh u\u017e nazna\u010dil smer?<\/p>\n<p>Ale nech je rozhodnutie ak\u00e9ko\u013evek \u2013 Everton mal z\u00e1pas d\u00e1vno rohodn\u00fa\u0165. Je \u0165a\u017ek\u00e9 h\u013eada\u0165 svetl\u00e9 momenty, ale Harrison Armstrong mal skvel\u00fd debut. Sebavedom\u00fd, pokojn\u00fd, akt\u00edvny. Ak takto bude pokra\u010dova\u0165, na hos\u0165ovanie ur\u010dite nep\u00f4jde. Zmena rozostavenia na 4-3-3 fungovala. Iroegbunam s\u00edce nem\u00e1 kvalitu v poslednej f\u00e1ze, ale v\u00fdborne zbiera lopty a pos\u00fava t\u00edm dopredu. Aspo\u0148 asistoval pri g\u00f3le.<\/p>\n<h4 style=\"text-align: center;\"><span style=\"text-decoration: underline;\"><strong>Moyes po z\u00e1pase:<\/strong><\/span><\/h4>\n<blockquote><p><span style=\"font-size: 12pt;\"><em>\u201eNebolo to n\u00e1siln\u00e9, nebolo to silov\u00e9 a nebolo to \u00famyseln\u00e9. A pr\u00e1ve preto to nemala by\u0165 \u010derven\u00e1 karta. U\u017e samotn\u00e9 poslanie rozhodcu k monitoru bolo zl\u00e9 rozhodnutie. Ke\u010f Cucurellovi niekto \u00famyselne potiahne vlasy \u2013 \u00e1no, to je violent conduct, s t\u00fdm nem\u00e1m probl\u00e9m. Ale toto bolo v hre, pri v\u00fdskoku za loptou. Pokia\u013e ste futbal nikdy nehrali, mo\u017eno to nepochop\u00edte. Ja som b\u00fdval stop\u00e9r a neexistuje \u0161anca, \u017ee by som pri v\u00fdskoku prem\u00fd\u0161\u013eal: \u2018tak, idem ho presko\u010di\u0165 a popritom mu e\u0161te potiahnem vlasy\u2019. Neviem o nikom na plan\u00e9te, kto by dok\u00e1zal takto rozm\u00fd\u0161\u013ea\u0165 vo vzduchu. Bolo to smie\u0161ne rozhodnutie rozhodcu, ale e\u0161te hor\u0161ie rozhodnutie VAR. T\u00e1 absurdita pri\u0161la pr\u00e1ve od VAR.\u201c<\/em><\/span><\/p><\/blockquote>\n<h4><strong>Odvolanie zamietnut\u00e9<\/strong><\/h4>\n<p>Futbalov\u00e1 asoci\u00e1cia n\u00e1sledne zamietla odvolanie Evertonu proti \u201eabsurdnej\u201c \u010dervenej karte pre Michaela Keanea. Panel FA potvrdil rozhodnutie VARu. Najviac bolestiv\u00e9 na celej veci je, \u017ee Keane dostal automatick\u00fd trojz\u00e1pasov\u00fd trest, \u010do je absol\u00fatne neprimeran\u00e9 vzh\u013eadom na charakter incidentu. Moyes priznal, \u017ee je \u201enesmierne sklaman\u00fd a prekvapen\u00fd\u201c. Z\u00e1rove\u0148 dodal, \u017ee mu bolo tr\u00e1pne za VAR, ktor\u00fd pod\u013ea neho \u201eh\u013eadal tie najmen\u0161ie detaily\u201c v z\u00e1pase, kde bol hlavn\u00fd rozhodca e\u0161te ve\u013emi nesk\u00fasen\u00fd.<\/p>\n<p><strong>G\u00f3ly:\u00a0<\/strong>17\u00b4 Keane (Iroegbunam), 69\u00b4 Man\u00e9 (Larsen)<\/p>\n<p><strong>\u017dlt\u00e9 karty:\u00a0<\/strong>43\u00b4 S\u00e1, 57\u00b4 Mosquera, 77\u00b4 Hwang, 77\u00b4 Iroegbunam, 84\u00b4 Moyes, 87\u00b4+90\u00b4 Grealish<\/p>\n<p><strong>\u010cerven\u00e9 karty:\u00a0<\/strong>83\u00b4 Keane, 90\u00b4 Grealish<\/p>\n<p><strong>Everton:<\/strong>\u00a0Pickford \u2013 O&#8217;Brien, Keane, Tarkowski, Mykolenko \u2013 Armstrong (87&#8242; Patterson), Garner, Iroegbunam\u00a0(77&#8242; Armstrong) \u2013 McNeil (90+1&#8242; Rohl), Barry (87\u00b4 Beto), Grealish<\/p>\n<p><strong>Wolverhampton:\u00a0<\/strong>Jose S\u00e1 \u2013 Mosquera, Santiago Bueno, Krejci (67&#8242; Larsen) \u2013 Tchatchoua, Arias (46&#8242; Andr\u00e9), Jo\u00e1o Gomes, Man\u00e9, Hugo Bueno \u2013 Arokodare, Hwang (90+5&#8242; Lima)<\/p>\n<p><strong>Rozhodca:\u00a0<\/strong>Tom Kirk<strong> Div\u00e1ci:<\/strong>\u00a0? (Bramley-Moore) \u00a0<strong>Mu\u017e z\u00e1pasu EFC:<\/strong>\u00a0Tim Iroegbunam<\/p>\n","protected":false},"excerpt":{"rendered":"<p>Mal to by\u0165 pokojn\u00fd ve\u010der a ist\u00e9 tri body. Namiesto toho sme dostali \u010fal\u0161iu kapitolu zo sez\u00f3nnej kroniky absurd\u00edt, nervov a seba de\u0161trukcie.<\/p>\n","protected":false},"author":1,"featured_media":28180,"comment_status":"open","ping_status":"closed","sticky":false,"template":"","format":"standard","meta":{"_eb_attr":"","_monsterinsights_skip_tracking":false,"_monsterinsights_sitenote_active":false,"_monsterinsights_sitenote_note":"","_monsterinsights_sitenote_category":0,"footnotes":""},"categories":[4],"tags":[],"yoast_head":"<!-- This site is optimized with the Yoast SEO plugin v23.4 - https:\/\/yoast.com\/wordpress\/plugins\/seo\/ -->\n<title>Everton \u2013 Wolverhampton Wanderers 1:1 - Official Czech &amp; Slovak Everton Supporters&#039; Club<\/title>\n<meta name=\"robots\" content=\"index, follow, max-snippet:-1, max-image-preview:large, max-video-preview:-1\" \/>\n<link rel=\"canonical\" href=\"https:\/\/evertonfc.cz\/index.php\/2026\/01\/09\/everton-wolverhampton-wanderers-11\/\" \/>\n<meta property=\"og:locale\" content=\"cs_CZ\" \/>\n<meta property=\"og:type\" content=\"article\" \/>\n<meta property=\"og:title\" content=\"Everton \u2013 Wolverhampton Wanderers 1:1 - Official Czech &amp; Slovak Everton Supporters&#039; Club\" \/>\n<meta property=\"og:description\" content=\"Mal to by\u0165 pokojn\u00fd ve\u010der a ist\u00e9 tri body. Namiesto toho sme dostali \u010fal\u0161iu kapitolu zo sez\u00f3nnej kroniky absurd\u00edt, nervov a seba de\u0161trukcie.\" \/>\n<meta property=\"og:url\" content=\"https:\/\/evertonfc.cz\/index.php\/2026\/01\/09\/everton-wolverhampton-wanderers-11\/\" \/>\n<meta property=\"og:site_name\" content=\"Official Czech &amp; Slovak Everton Supporters&#039; Club\" \/>\n<meta property=\"article:publisher\" content=\"https:\/\/www.facebook.com\/everton.fans.cz.sk\" \/>\n<meta property=\"article:published_time\" content=\"2026-01-09T15:58:46+00:00\" \/>\n<meta property=\"article:modified_time\" content=\"2026-01-09T18:51:28+00:00\" \/>\n<meta property=\"og:image\" content=\"https:\/\/evertonfc.cz\/wp-content\/uploads\/2026\/01\/Everton-1-1-Wolverhampton-by-Getty-Images-7-1-2026.jpg\" \/>\n\t<meta property=\"og:image:width\" content=\"720\" \/>\n\t<meta property=\"og:image:height\" content=\"405\" \/>\n\t<meta property=\"og:image:type\" content=\"image\/jpeg\" \/>\n<meta name=\"author\" content=\"BlueBlooded\" \/>\n<meta name=\"twitter:card\" content=\"summary_large_image\" \/>\n<meta name=\"twitter:label1\" content=\"Napsal(a)\" \/>\n\t<meta name=\"twitter:data1\" content=\"BlueBlooded\" \/>\n\t<meta name=\"twitter:label2\" content=\"Odhadovan\u00e1 doba \u010dten\u00ed\" \/>\n\t<meta name=\"twitter:data2\" content=\"5 minut\" \/>\n<script type=\"application\/ld+json\" class=\"yoast-schema-graph\">{\"@context\":\"https:\/\/schema.org\",\"@graph\":[{\"@type\":\"Article\",\"@id\":\"https:\/\/evertonfc.cz\/index.php\/2026\/01\/09\/everton-wolverhampton-wanderers-11\/#article\",\"isPartOf\":{\"@id\":\"https:\/\/evertonfc.cz\/index.php\/2026\/01\/09\/everton-wolverhampton-wanderers-11\/\"},\"author\":{\"name\":\"BlueBlooded\",\"@id\":\"https:\/\/evertonfc.cz\/#\/schema\/person\/d4493b8cbea51532597fbc4685698916\"},\"headline\":\"Everton \u2013 Wolverhampton Wanderers 1:1\",\"datePublished\":\"2026-01-09T15:58:46+00:00\",\"dateModified\":\"2026-01-09T18:51:28+00:00\",\"mainEntityOfPage\":{\"@id\":\"https:\/\/evertonfc.cz\/index.php\/2026\/01\/09\/everton-wolverhampton-wanderers-11\/\"},\"wordCount\":1004,\"commentCount\":5,\"publisher\":{\"@id\":\"https:\/\/evertonfc.cz\/#organization\"},\"image\":{\"@id\":\"https:\/\/evertonfc.cz\/index.php\/2026\/01\/09\/everton-wolverhampton-wanderers-11\/#primaryimage\"},\"thumbnailUrl\":\"https:\/\/evertonfc.cz\/wp-content\/uploads\/2026\/01\/Everton-1-1-Wolverhampton-by-Getty-Images-7-1-2026.jpg\",\"articleSection\":[\"Z\u00e1pasy\"],\"inLanguage\":\"cs\",\"potentialAction\":[{\"@type\":\"CommentAction\",\"name\":\"Comment\",\"target\":[\"https:\/\/evertonfc.cz\/index.php\/2026\/01\/09\/everton-wolverhampton-wanderers-11\/#respond\"]}]},{\"@type\":\"WebPage\",\"@id\":\"https:\/\/evertonfc.cz\/index.php\/2026\/01\/09\/everton-wolverhampton-wanderers-11\/\",\"url\":\"https:\/\/evertonfc.cz\/index.php\/2026\/01\/09\/everton-wolverhampton-wanderers-11\/\",\"name\":\"Everton \u2013 Wolverhampton Wanderers 1:1 - Official Czech &amp; Slovak Everton Supporters&#039; Club\",\"isPartOf\":{\"@id\":\"https:\/\/evertonfc.cz\/#website\"},\"primaryImageOfPage\":{\"@id\":\"https:\/\/evertonfc.cz\/index.php\/2026\/01\/09\/everton-wolverhampton-wanderers-11\/#primaryimage\"},\"image\":{\"@id\":\"https:\/\/evertonfc.cz\/index.php\/2026\/01\/09\/everton-wolverhampton-wanderers-11\/#primaryimage\"},\"thumbnailUrl\":\"https:\/\/evertonfc.cz\/wp-content\/uploads\/2026\/01\/Everton-1-1-Wolverhampton-by-Getty-Images-7-1-2026.jpg\",\"datePublished\":\"2026-01-09T15:58:46+00:00\",\"dateModified\":\"2026-01-09T18:51:28+00:00\",\"breadcrumb\":{\"@id\":\"https:\/\/evertonfc.cz\/index.php\/2026\/01\/09\/everton-wolverhampton-wanderers-11\/#breadcrumb\"},\"inLanguage\":\"cs\",\"potentialAction\":[{\"@type\":\"ReadAction\",\"target\":[\"https:\/\/evertonfc.cz\/index.php\/2026\/01\/09\/everton-wolverhampton-wanderers-11\/\"]}]},{\"@type\":\"ImageObject\",\"inLanguage\":\"cs\",\"@id\":\"https:\/\/evertonfc.cz\/index.php\/2026\/01\/09\/everton-wolverhampton-wanderers-11\/#primaryimage\",\"url\":\"https:\/\/evertonfc.cz\/wp-content\/uploads\/2026\/01\/Everton-1-1-Wolverhampton-by-Getty-Images-7-1-2026.jpg\",\"contentUrl\":\"https:\/\/evertonfc.cz\/wp-content\/uploads\/2026\/01\/Everton-1-1-Wolverhampton-by-Getty-Images-7-1-2026.jpg\",\"width\":720,\"height\":405},{\"@type\":\"BreadcrumbList\",\"@id\":\"https:\/\/evertonfc.cz\/index.php\/2026\/01\/09\/everton-wolverhampton-wanderers-11\/#breadcrumb\",\"itemListElement\":[{\"@type\":\"ListItem\",\"position\":1,\"name\":\"Home\",\"item\":\"https:\/\/evertonfc.cz\/\"},{\"@type\":\"ListItem\",\"position\":2,\"name\":\"Everton \u2013 Wolverhampton Wanderers 1:1\"}]},{\"@type\":\"WebSite\",\"@id\":\"https:\/\/evertonfc.cz\/#website\",\"url\":\"https:\/\/evertonfc.cz\/\",\"name\":\"Official Czech &amp; Slovak Everton Supporters&#039; Club\",\"description\":\"\",\"publisher\":{\"@id\":\"https:\/\/evertonfc.cz\/#organization\"},\"potentialAction\":[{\"@type\":\"SearchAction\",\"target\":{\"@type\":\"EntryPoint\",\"urlTemplate\":\"https:\/\/evertonfc.cz\/?s={search_term_string}\"},\"query-input\":{\"@type\":\"PropertyValueSpecification\",\"valueRequired\":true,\"valueName\":\"search_term_string\"}}],\"inLanguage\":\"cs\"},{\"@type\":\"Organization\",\"@id\":\"https:\/\/evertonfc.cz\/#organization\",\"name\":\"Official Czech & Slovak Everton Supporters' Club\",\"url\":\"https:\/\/evertonfc.cz\/\",\"logo\":{\"@type\":\"ImageObject\",\"inLanguage\":\"cs\",\"@id\":\"https:\/\/evertonfc.cz\/#\/schema\/logo\/image\/\",\"url\":\"https:\/\/evertonfc.cz\/wp-content\/uploads\/2019\/05\/logo.png\",\"contentUrl\":\"https:\/\/evertonfc.cz\/wp-content\/uploads\/2019\/05\/logo.png\",\"width\":112,\"height\":112,\"caption\":\"Official Czech & Slovak Everton Supporters' Club\"},\"image\":{\"@id\":\"https:\/\/evertonfc.cz\/#\/schema\/logo\/image\/\"},\"sameAs\":[\"https:\/\/www.facebook.com\/everton.fans.cz.sk\"]},{\"@type\":\"Person\",\"@id\":\"https:\/\/evertonfc.cz\/#\/schema\/person\/d4493b8cbea51532597fbc4685698916\",\"name\":\"BlueBlooded\",\"url\":\"https:\/\/evertonfc.cz\/index.php\/author\/admin\/\"}]}<\/script>\n<!-- \/ Yoast SEO plugin. -->","yoast_head_json":{"title":"Everton \u2013 Wolverhampton Wanderers 1:1 - Official Czech &amp; Slovak Everton Supporters&#039; Club","robots":{"index":"index","follow":"follow","max-snippet":"max-snippet:-1","max-image-preview":"max-image-preview:large","max-video-preview":"max-video-preview:-1"},"canonical":"https:\/\/evertonfc.cz\/index.php\/2026\/01\/09\/everton-wolverhampton-wanderers-11\/","og_locale":"cs_CZ","og_type":"article","og_title":"Everton \u2013 Wolverhampton Wanderers 1:1 - Official Czech &amp; Slovak Everton Supporters&#039; Club","og_description":"Mal to by\u0165 pokojn\u00fd ve\u010der a ist\u00e9 tri body. Namiesto toho sme dostali \u010fal\u0161iu kapitolu zo sez\u00f3nnej kroniky absurd\u00edt, nervov a seba de\u0161trukcie.","og_url":"https:\/\/evertonfc.cz\/index.php\/2026\/01\/09\/everton-wolverhampton-wanderers-11\/","og_site_name":"Official Czech &amp; Slovak Everton Supporters&#039; Club","article_publisher":"https:\/\/www.facebook.com\/everton.fans.cz.sk","article_published_time":"2026-01-09T15:58:46+00:00","article_modified_time":"2026-01-09T18:51:28+00:00","og_image":[{"width":720,"height":405,"url":"https:\/\/evertonfc.cz\/wp-content\/uploads\/2026\/01\/Everton-1-1-Wolverhampton-by-Getty-Images-7-1-2026.jpg","type":"image\/jpeg"}],"author":"BlueBlooded","twitter_card":"summary_large_image","twitter_misc":{"Napsal(a)":"BlueBlooded","Odhadovan\u00e1 doba \u010dten\u00ed":"5 minut"},"schema":{"@context":"https:\/\/schema.org","@graph":[{"@type":"Article","@id":"https:\/\/evertonfc.cz\/index.php\/2026\/01\/09\/everton-wolverhampton-wanderers-11\/#article","isPartOf":{"@id":"https:\/\/evertonfc.cz\/index.php\/2026\/01\/09\/everton-wolverhampton-wanderers-11\/"},"author":{"name":"BlueBlooded","@id":"https:\/\/evertonfc.cz\/#\/schema\/person\/d4493b8cbea51532597fbc4685698916"},"headline":"Everton \u2013 Wolverhampton Wanderers 1:1","datePublished":"2026-01-09T15:58:46+00:00","dateModified":"2026-01-09T18:51:28+00:00","mainEntityOfPage":{"@id":"https:\/\/evertonfc.cz\/index.php\/2026\/01\/09\/everton-wolverhampton-wanderers-11\/"},"wordCount":1004,"commentCount":5,"publisher":{"@id":"https:\/\/evertonfc.cz\/#organization"},"image":{"@id":"https:\/\/evertonfc.cz\/index.php\/2026\/01\/09\/everton-wolverhampton-wanderers-11\/#primaryimage"},"thumbnailUrl":"https:\/\/evertonfc.cz\/wp-content\/uploads\/2026\/01\/Everton-1-1-Wolverhampton-by-Getty-Images-7-1-2026.jpg","articleSection":["Z\u00e1pasy"],"inLanguage":"cs","potentialAction":[{"@type":"CommentAction","name":"Comment","target":["https:\/\/evertonfc.cz\/index.php\/2026\/01\/09\/everton-wolverhampton-wanderers-11\/#respond"]}]},{"@type":"WebPage","@id":"https:\/\/evertonfc.cz\/index.php\/2026\/01\/09\/everton-wolverhampton-wanderers-11\/","url":"https:\/\/evertonfc.cz\/index.php\/2026\/01\/09\/everton-wolverhampton-wanderers-11\/","name":"Everton \u2013 Wolverhampton Wanderers 1:1 - Official Czech &amp; Slovak Everton Supporters&#039; Club","isPartOf":{"@id":"https:\/\/evertonfc.cz\/#website"},"primaryImageOfPage":{"@id":"https:\/\/evertonfc.cz\/index.php\/2026\/01\/09\/everton-wolverhampton-wanderers-11\/#primaryimage"},"image":{"@id":"https:\/\/evertonfc.cz\/index.php\/2026\/01\/09\/everton-wolverhampton-wanderers-11\/#primaryimage"},"thumbnailUrl":"https:\/\/evertonfc.cz\/wp-content\/uploads\/2026\/01\/Everton-1-1-Wolverhampton-by-Getty-Images-7-1-2026.jpg","datePublished":"2026-01-09T15:58:46+00:00","dateModified":"2026-01-09T18:51:28+00:00","breadcrumb":{"@id":"https:\/\/evertonfc.cz\/index.php\/2026\/01\/09\/everton-wolverhampton-wanderers-11\/#breadcrumb"},"inLanguage":"cs","potentialAction":[{"@type":"ReadAction","target":["https:\/\/evertonfc.cz\/index.php\/2026\/01\/09\/everton-wolverhampton-wanderers-11\/"]}]},{"@type":"ImageObject","inLanguage":"cs","@id":"https:\/\/evertonfc.cz\/index.php\/2026\/01\/09\/everton-wolverhampton-wanderers-11\/#primaryimage","url":"https:\/\/evertonfc.cz\/wp-content\/uploads\/2026\/01\/Everton-1-1-Wolverhampton-by-Getty-Images-7-1-2026.jpg","contentUrl":"https:\/\/evertonfc.cz\/wp-content\/uploads\/2026\/01\/Everton-1-1-Wolverhampton-by-Getty-Images-7-1-2026.jpg","width":720,"height":405},{"@type":"BreadcrumbList","@id":"https:\/\/evertonfc.cz\/index.php\/2026\/01\/09\/everton-wolverhampton-wanderers-11\/#breadcrumb","itemListElement":[{"@type":"ListItem","position":1,"name":"Home","item":"https:\/\/evertonfc.cz\/"},{"@type":"ListItem","position":2,"name":"Everton \u2013 Wolverhampton Wanderers 1:1"}]},{"@type":"WebSite","@id":"https:\/\/evertonfc.cz\/#website","url":"https:\/\/evertonfc.cz\/","name":"Official Czech &amp; Slovak Everton Supporters&#039; Club","description":"","publisher":{"@id":"https:\/\/evertonfc.cz\/#organization"},"potentialAction":[{"@type":"SearchAction","target":{"@type":"EntryPoint","urlTemplate":"https:\/\/evertonfc.cz\/?s={search_term_string}"},"query-input":{"@type":"PropertyValueSpecification","valueRequired":true,"valueName":"search_term_string"}}],"inLanguage":"cs"},{"@type":"Organization","@id":"https:\/\/evertonfc.cz\/#organization","name":"Official Czech & Slovak Everton Supporters' Club","url":"https:\/\/evertonfc.cz\/","logo":{"@type":"ImageObject","inLanguage":"cs","@id":"https:\/\/evertonfc.cz\/#\/schema\/logo\/image\/","url":"https:\/\/evertonfc.cz\/wp-content\/uploads\/2019\/05\/logo.png","contentUrl":"https:\/\/evertonfc.cz\/wp-content\/uploads\/2019\/05\/logo.png","width":112,"height":112,"caption":"Official Czech & Slovak Everton Supporters' Club"},"image":{"@id":"https:\/\/evertonfc.cz\/#\/schema\/logo\/image\/"},"sameAs":["https:\/\/www.facebook.com\/everton.fans.cz.sk"]},{"@type":"Person","@id":"https:\/\/evertonfc.cz\/#\/schema\/person\/d4493b8cbea51532597fbc4685698916","name":"BlueBlooded","url":"https:\/\/evertonfc.cz\/index.php\/author\/admin\/"}]}},"_links":{"self":[{"href":"https:\/\/evertonfc.cz\/index.php\/wp-json\/wp\/v2\/posts\/28179"}],"collection":[{"href":"https:\/\/evertonfc.cz\/index.php\/wp-json\/wp\/v2\/posts"}],"about":[{"href":"https:\/\/evertonfc.cz\/index.php\/wp-json\/wp\/v2\/types\/post"}],"author":[{"embeddable":true,"href":"https:\/\/evertonfc.cz\/index.php\/wp-json\/wp\/v2\/users\/1"}],"replies":[{"embeddable":true,"href":"https:\/\/evertonfc.cz\/index.php\/wp-json\/wp\/v2\/comments?post=28179"}],"version-history":[{"count":6,"href":"https:\/\/evertonfc.cz\/index.php\/wp-json\/wp\/v2\/posts\/28179\/revisions"}],"predecessor-version":[{"id":28186,"href":"https:\/\/evertonfc.cz\/index.php\/wp-json\/wp\/v2\/posts\/28179\/revisions\/28186"}],"wp:featuredmedia":[{"embeddable":true,"href":"https:\/\/evertonfc.cz\/index.php\/wp-json\/wp\/v2\/media\/28180"}],"wp:attachment":[{"href":"https:\/\/evertonfc.cz\/index.php\/wp-json\/wp\/v2\/media?parent=28179"}],"wp:term":[{"taxonomy":"category","embeddable":true,"href":"https:\/\/evertonfc.cz\/index.php\/wp-json\/wp\/v2\/categories?post=28179"},{"taxonomy":"post_tag","embeddable":true,"href":"https:\/\/evertonfc.cz\/index.php\/wp-json\/wp\/v2\/tags?post=28179"}],"curies":[{"name":"wp","href":"https:\/\/api.w.org\/{rel}","templated":true}]}}