{"id":2818,"date":"2010-05-22T23:42:04","date_gmt":"2010-05-22T21:42:04","guid":{"rendered":"http:\/\/evertonfc.cz\/?p=2818"},"modified":"2019-02-09T23:43:57","modified_gmt":"2019-02-09T22:43:57","slug":"shane-duffy-po-operaci-slo-mu-o-zivot","status":"publish","type":"post","link":"https:\/\/evertonfc.cz\/index.php\/2010\/05\/22\/shane-duffy-po-operaci-slo-mu-o-zivot\/","title":{"rendered":"Shane Duffy po operaci. \u0160lo mu o \u017eivot"},"content":{"rendered":"<h4>Osmn\u00e1ctilet\u00fd obr\u00e1nce Evertonu Shane Duffy podstoupil neodkladnou operaci, kter\u00e1 mu zachr\u00e1nila \u017eivot. V tr\u00e9ninkov\u00e9m z\u00e1pase si v\u00e1\u017en\u011b poranil j\u00e1tra.<\/h4>\n<p>Pot\u00e9, co talentovan\u00fd stoper p\u0159ed n\u011bkolika dny odehr\u00e1l sv\u016fj prvn\u00ed z\u00e1pas v z\u00e1kladn\u00ed sestav\u011b irsk\u00e9ho seniorsk\u00e9ho t\u00fdmu, mus\u00ed na fotbal na n\u011bjakou dobu zapomenout. V tr\u00e9ninkov\u00e9m z\u00e1pase si po sr\u00e1\u017ece s brank\u00e1\u0159em Adrianem Walshem natrhl j\u00e1tra. Incident vypadal na prvn\u00ed pohled nevinn\u011b, jen\u017ee kv\u016fli v\u00e1\u017en\u00e9mu vnit\u0159n\u00edmu krv\u00e1cen\u00ed byl Duffy odvezen do dublinsk\u00e9 nemocnice Matter, kde se podrobil operaci. Z\u00e1vod s \u010dasem Shane vyhr\u00e1l a nyn\u00ed je fotbalista ji\u017e p\u0159i pln\u00e9m v\u011bdom\u00ed.<\/p>\n<p><em>\u201eShane se srazil s brank\u00e1\u0159em zp\u016fsobem, kter\u00fd jste ve fotbalov\u00fdch z\u00e1pasech vid\u011bli tis\u00edckr\u00e1t,\u201c<\/em>\u0159\u00edk\u00e1 t\u00fdmov\u00fd chirurg John O&#8217;Byrne a z\u00e1rove\u0148 potvrzuje Duffyho obrovskou sm\u016flu.\u00a0<em>\u201eJe to \u0161\u00edlen\u00e9, proto\u017ee v dal\u0161\u00edch sto letech se nic podobn\u00e9ho s nejv\u011bt\u0161\u00ed pravd\u011bpodobnost\u00ed nestane.<\/em><\/p>\n<p><em>Operace byla naprosto neodkladn\u00e1. M\u016f\u017eeme vd\u011b\u010dit Gerry McEnteemu a l\u00e9ka\u0159sk\u00e9mu person\u00e1lu za jejich odbornost, kter\u00e1 Shanovi skute\u010dn\u011b zachr\u00e1nila \u017eivot,\u201c\u00a0<\/em>pokra\u010duje O&#8217;Byrne.<\/p>\n<p><em>\u201ePokud by nereagovali tak rychle, Shane by byl v mnohem v\u011bt\u0161\u00edm ohro\u017een\u00ed, ne\u017e byl. Nyn\u00ed je ve stabilizovan\u00e9m stavu na jednotce intenzivn\u00ed p\u00e9\u010de. Operace zastavila krv\u00e1cen\u00ed a r\u00e1no se Shane probral ke v\u011bdom\u00ed. M\u011bl \u0161t\u011bst\u00ed v ne\u0161t\u011bst\u00ed a v\u0161ichni mu p\u0159ejeme rychl\u00e9 uzdraven\u00ed.\u201c<\/em><\/p>\n<p>A my v\u0161ichni se k p\u0159\u00e1n\u00ed pln\u00e9ho uzdraven\u00ed samoz\u0159ejm\u011b p\u0159ipojujeme.<\/p>\n","protected":false},"excerpt":{"rendered":"<p>Osmn\u00e1ctilet\u00fd obr\u00e1nce Evertonu Shane Duffy podstoupil neodkladnou operaci, kter\u00e1 mu zachr\u00e1nila \u017eivot. V tr\u00e9ninkov\u00e9m z\u00e1pase si v\u00e1\u017en\u011b poranil j\u00e1tra. Pot\u00e9,&hellip;<\/p>\n","protected":false},"author":7,"featured_media":1313,"comment_status":"open","ping_status":"closed","sticky":false,"template":"","format":"standard","meta":{"_eb_attr":"","_monsterinsights_skip_tracking":false,"_monsterinsights_sitenote_active":false,"_monsterinsights_sitenote_note":"","_monsterinsights_sitenote_category":0,"footnotes":""},"categories":[42],"tags":[],"yoast_head":"<!-- This site is optimized with the Yoast SEO plugin v23.4 - https:\/\/yoast.com\/wordpress\/plugins\/seo\/ -->\n<title>Shane Duffy po operaci. \u0160lo mu o \u017eivot - Official Czech &amp; Slovak Everton Supporters&#039; Club<\/title>\n<meta name=\"robots\" content=\"index, follow, max-snippet:-1, max-image-preview:large, max-video-preview:-1\" \/>\n<link rel=\"canonical\" href=\"https:\/\/evertonfc.cz\/index.php\/2010\/05\/22\/shane-duffy-po-operaci-slo-mu-o-zivot\/\" \/>\n<meta property=\"og:locale\" content=\"cs_CZ\" \/>\n<meta property=\"og:type\" content=\"article\" \/>\n<meta property=\"og:title\" content=\"Shane Duffy po operaci. \u0160lo mu o \u017eivot - Official Czech &amp; Slovak Everton Supporters&#039; Club\" \/>\n<meta property=\"og:description\" content=\"Osmn\u00e1ctilet\u00fd obr\u00e1nce Evertonu Shane Duffy podstoupil neodkladnou operaci, kter\u00e1 mu zachr\u00e1nila \u017eivot. V tr\u00e9ninkov\u00e9m z\u00e1pase si v\u00e1\u017en\u011b poranil j\u00e1tra. Pot\u00e9,&hellip;\" \/>\n<meta property=\"og:url\" content=\"https:\/\/evertonfc.cz\/index.php\/2010\/05\/22\/shane-duffy-po-operaci-slo-mu-o-zivot\/\" \/>\n<meta property=\"og:site_name\" content=\"Official Czech &amp; Slovak Everton Supporters&#039; Club\" \/>\n<meta property=\"article:publisher\" content=\"https:\/\/www.facebook.com\/everton.fans.cz.sk\" \/>\n<meta property=\"article:published_time\" content=\"2010-05-22T21:42:04+00:00\" \/>\n<meta property=\"article:modified_time\" content=\"2019-02-09T22:43:57+00:00\" \/>\n<meta property=\"og:image\" content=\"https:\/\/evertonfc.cz\/wp-content\/uploads\/2019\/01\/news.jpg\" \/>\n\t<meta property=\"og:image:width\" content=\"720\" \/>\n\t<meta property=\"og:image:height\" content=\"405\" \/>\n\t<meta property=\"og:image:type\" content=\"image\/jpeg\" \/>\n<meta name=\"author\" content=\"Me\u0148a\" \/>\n<meta name=\"twitter:card\" content=\"summary_large_image\" \/>\n<meta name=\"twitter:label1\" content=\"Napsal(a)\" \/>\n\t<meta name=\"twitter:data1\" content=\"Me\u0148a\" \/>\n\t<meta name=\"twitter:label2\" content=\"Odhadovan\u00e1 doba \u010dten\u00ed\" \/>\n\t<meta name=\"twitter:data2\" content=\"1 minuta\" \/>\n<script type=\"application\/ld+json\" class=\"yoast-schema-graph\">{\"@context\":\"https:\/\/schema.org\",\"@graph\":[{\"@type\":\"Article\",\"@id\":\"https:\/\/evertonfc.cz\/index.php\/2010\/05\/22\/shane-duffy-po-operaci-slo-mu-o-zivot\/#article\",\"isPartOf\":{\"@id\":\"https:\/\/evertonfc.cz\/index.php\/2010\/05\/22\/shane-duffy-po-operaci-slo-mu-o-zivot\/\"},\"author\":{\"name\":\"Me\u0148a\",\"@id\":\"https:\/\/evertonfc.cz\/#\/schema\/person\/cd6328a75577de2add7793fd4b0930c3\"},\"headline\":\"Shane Duffy po operaci. \u0160lo mu o \u017eivot\",\"datePublished\":\"2010-05-22T21:42:04+00:00\",\"dateModified\":\"2019-02-09T22:43:57+00:00\",\"mainEntityOfPage\":{\"@id\":\"https:\/\/evertonfc.cz\/index.php\/2010\/05\/22\/shane-duffy-po-operaci-slo-mu-o-zivot\/\"},\"wordCount\":290,\"commentCount\":0,\"publisher\":{\"@id\":\"https:\/\/evertonfc.cz\/#organization\"},\"image\":{\"@id\":\"https:\/\/evertonfc.cz\/index.php\/2010\/05\/22\/shane-duffy-po-operaci-slo-mu-o-zivot\/#primaryimage\"},\"thumbnailUrl\":\"https:\/\/evertonfc.cz\/wp-content\/uploads\/2019\/01\/news.jpg\",\"articleSection\":[\"Aktuality\"],\"inLanguage\":\"cs\",\"potentialAction\":[{\"@type\":\"CommentAction\",\"name\":\"Comment\",\"target\":[\"https:\/\/evertonfc.cz\/index.php\/2010\/05\/22\/shane-duffy-po-operaci-slo-mu-o-zivot\/#respond\"]}]},{\"@type\":\"WebPage\",\"@id\":\"https:\/\/evertonfc.cz\/index.php\/2010\/05\/22\/shane-duffy-po-operaci-slo-mu-o-zivot\/\",\"url\":\"https:\/\/evertonfc.cz\/index.php\/2010\/05\/22\/shane-duffy-po-operaci-slo-mu-o-zivot\/\",\"name\":\"Shane Duffy po operaci. \u0160lo mu o \u017eivot - Official Czech &amp; Slovak Everton Supporters&#039; Club\",\"isPartOf\":{\"@id\":\"https:\/\/evertonfc.cz\/#website\"},\"primaryImageOfPage\":{\"@id\":\"https:\/\/evertonfc.cz\/index.php\/2010\/05\/22\/shane-duffy-po-operaci-slo-mu-o-zivot\/#primaryimage\"},\"image\":{\"@id\":\"https:\/\/evertonfc.cz\/index.php\/2010\/05\/22\/shane-duffy-po-operaci-slo-mu-o-zivot\/#primaryimage\"},\"thumbnailUrl\":\"https:\/\/evertonfc.cz\/wp-content\/uploads\/2019\/01\/news.jpg\",\"datePublished\":\"2010-05-22T21:42:04+00:00\",\"dateModified\":\"2019-02-09T22:43:57+00:00\",\"breadcrumb\":{\"@id\":\"https:\/\/evertonfc.cz\/index.php\/2010\/05\/22\/shane-duffy-po-operaci-slo-mu-o-zivot\/#breadcrumb\"},\"inLanguage\":\"cs\",\"potentialAction\":[{\"@type\":\"ReadAction\",\"target\":[\"https:\/\/evertonfc.cz\/index.php\/2010\/05\/22\/shane-duffy-po-operaci-slo-mu-o-zivot\/\"]}]},{\"@type\":\"ImageObject\",\"inLanguage\":\"cs\",\"@id\":\"https:\/\/evertonfc.cz\/index.php\/2010\/05\/22\/shane-duffy-po-operaci-slo-mu-o-zivot\/#primaryimage\",\"url\":\"https:\/\/evertonfc.cz\/wp-content\/uploads\/2019\/01\/news.jpg\",\"contentUrl\":\"https:\/\/evertonfc.cz\/wp-content\/uploads\/2019\/01\/news.jpg\",\"width\":720,\"height\":405},{\"@type\":\"BreadcrumbList\",\"@id\":\"https:\/\/evertonfc.cz\/index.php\/2010\/05\/22\/shane-duffy-po-operaci-slo-mu-o-zivot\/#breadcrumb\",\"itemListElement\":[{\"@type\":\"ListItem\",\"position\":1,\"name\":\"Home\",\"item\":\"https:\/\/evertonfc.cz\/\"},{\"@type\":\"ListItem\",\"position\":2,\"name\":\"Shane Duffy po operaci. \u0160lo mu o \u017eivot\"}]},{\"@type\":\"WebSite\",\"@id\":\"https:\/\/evertonfc.cz\/#website\",\"url\":\"https:\/\/evertonfc.cz\/\",\"name\":\"Official Czech &amp; Slovak Everton Supporters&#039; Club\",\"description\":\"\",\"publisher\":{\"@id\":\"https:\/\/evertonfc.cz\/#organization\"},\"potentialAction\":[{\"@type\":\"SearchAction\",\"target\":{\"@type\":\"EntryPoint\",\"urlTemplate\":\"https:\/\/evertonfc.cz\/?s={search_term_string}\"},\"query-input\":{\"@type\":\"PropertyValueSpecification\",\"valueRequired\":true,\"valueName\":\"search_term_string\"}}],\"inLanguage\":\"cs\"},{\"@type\":\"Organization\",\"@id\":\"https:\/\/evertonfc.cz\/#organization\",\"name\":\"Official Czech & Slovak Everton Supporters' Club\",\"url\":\"https:\/\/evertonfc.cz\/\",\"logo\":{\"@type\":\"ImageObject\",\"inLanguage\":\"cs\",\"@id\":\"https:\/\/evertonfc.cz\/#\/schema\/logo\/image\/\",\"url\":\"https:\/\/evertonfc.cz\/wp-content\/uploads\/2019\/05\/logo.png\",\"contentUrl\":\"https:\/\/evertonfc.cz\/wp-content\/uploads\/2019\/05\/logo.png\",\"width\":112,\"height\":112,\"caption\":\"Official Czech & Slovak Everton Supporters' Club\"},\"image\":{\"@id\":\"https:\/\/evertonfc.cz\/#\/schema\/logo\/image\/\"},\"sameAs\":[\"https:\/\/www.facebook.com\/everton.fans.cz.sk\"]},{\"@type\":\"Person\",\"@id\":\"https:\/\/evertonfc.cz\/#\/schema\/person\/cd6328a75577de2add7793fd4b0930c3\",\"name\":\"Me\u0148a\",\"url\":\"https:\/\/evertonfc.cz\/index.php\/author\/mena\/\"}]}<\/script>\n<!-- \/ Yoast SEO plugin. -->","yoast_head_json":{"title":"Shane Duffy po operaci. \u0160lo mu o \u017eivot - Official Czech &amp; Slovak Everton Supporters&#039; Club","robots":{"index":"index","follow":"follow","max-snippet":"max-snippet:-1","max-image-preview":"max-image-preview:large","max-video-preview":"max-video-preview:-1"},"canonical":"https:\/\/evertonfc.cz\/index.php\/2010\/05\/22\/shane-duffy-po-operaci-slo-mu-o-zivot\/","og_locale":"cs_CZ","og_type":"article","og_title":"Shane Duffy po operaci. \u0160lo mu o \u017eivot - Official Czech &amp; Slovak Everton Supporters&#039; Club","og_description":"Osmn\u00e1ctilet\u00fd obr\u00e1nce Evertonu Shane Duffy podstoupil neodkladnou operaci, kter\u00e1 mu zachr\u00e1nila \u017eivot. V tr\u00e9ninkov\u00e9m z\u00e1pase si v\u00e1\u017en\u011b poranil j\u00e1tra. Pot\u00e9,&hellip;","og_url":"https:\/\/evertonfc.cz\/index.php\/2010\/05\/22\/shane-duffy-po-operaci-slo-mu-o-zivot\/","og_site_name":"Official Czech &amp; Slovak Everton Supporters&#039; Club","article_publisher":"https:\/\/www.facebook.com\/everton.fans.cz.sk","article_published_time":"2010-05-22T21:42:04+00:00","article_modified_time":"2019-02-09T22:43:57+00:00","og_image":[{"width":720,"height":405,"url":"https:\/\/evertonfc.cz\/wp-content\/uploads\/2019\/01\/news.jpg","type":"image\/jpeg"}],"author":"Me\u0148a","twitter_card":"summary_large_image","twitter_misc":{"Napsal(a)":"Me\u0148a","Odhadovan\u00e1 doba \u010dten\u00ed":"1 minuta"},"schema":{"@context":"https:\/\/schema.org","@graph":[{"@type":"Article","@id":"https:\/\/evertonfc.cz\/index.php\/2010\/05\/22\/shane-duffy-po-operaci-slo-mu-o-zivot\/#article","isPartOf":{"@id":"https:\/\/evertonfc.cz\/index.php\/2010\/05\/22\/shane-duffy-po-operaci-slo-mu-o-zivot\/"},"author":{"name":"Me\u0148a","@id":"https:\/\/evertonfc.cz\/#\/schema\/person\/cd6328a75577de2add7793fd4b0930c3"},"headline":"Shane Duffy po operaci. \u0160lo mu o \u017eivot","datePublished":"2010-05-22T21:42:04+00:00","dateModified":"2019-02-09T22:43:57+00:00","mainEntityOfPage":{"@id":"https:\/\/evertonfc.cz\/index.php\/2010\/05\/22\/shane-duffy-po-operaci-slo-mu-o-zivot\/"},"wordCount":290,"commentCount":0,"publisher":{"@id":"https:\/\/evertonfc.cz\/#organization"},"image":{"@id":"https:\/\/evertonfc.cz\/index.php\/2010\/05\/22\/shane-duffy-po-operaci-slo-mu-o-zivot\/#primaryimage"},"thumbnailUrl":"https:\/\/evertonfc.cz\/wp-content\/uploads\/2019\/01\/news.jpg","articleSection":["Aktuality"],"inLanguage":"cs","potentialAction":[{"@type":"CommentAction","name":"Comment","target":["https:\/\/evertonfc.cz\/index.php\/2010\/05\/22\/shane-duffy-po-operaci-slo-mu-o-zivot\/#respond"]}]},{"@type":"WebPage","@id":"https:\/\/evertonfc.cz\/index.php\/2010\/05\/22\/shane-duffy-po-operaci-slo-mu-o-zivot\/","url":"https:\/\/evertonfc.cz\/index.php\/2010\/05\/22\/shane-duffy-po-operaci-slo-mu-o-zivot\/","name":"Shane Duffy po operaci. \u0160lo mu o \u017eivot - Official Czech &amp; Slovak Everton Supporters&#039; Club","isPartOf":{"@id":"https:\/\/evertonfc.cz\/#website"},"primaryImageOfPage":{"@id":"https:\/\/evertonfc.cz\/index.php\/2010\/05\/22\/shane-duffy-po-operaci-slo-mu-o-zivot\/#primaryimage"},"image":{"@id":"https:\/\/evertonfc.cz\/index.php\/2010\/05\/22\/shane-duffy-po-operaci-slo-mu-o-zivot\/#primaryimage"},"thumbnailUrl":"https:\/\/evertonfc.cz\/wp-content\/uploads\/2019\/01\/news.jpg","datePublished":"2010-05-22T21:42:04+00:00","dateModified":"2019-02-09T22:43:57+00:00","breadcrumb":{"@id":"https:\/\/evertonfc.cz\/index.php\/2010\/05\/22\/shane-duffy-po-operaci-slo-mu-o-zivot\/#breadcrumb"},"inLanguage":"cs","potentialAction":[{"@type":"ReadAction","target":["https:\/\/evertonfc.cz\/index.php\/2010\/05\/22\/shane-duffy-po-operaci-slo-mu-o-zivot\/"]}]},{"@type":"ImageObject","inLanguage":"cs","@id":"https:\/\/evertonfc.cz\/index.php\/2010\/05\/22\/shane-duffy-po-operaci-slo-mu-o-zivot\/#primaryimage","url":"https:\/\/evertonfc.cz\/wp-content\/uploads\/2019\/01\/news.jpg","contentUrl":"https:\/\/evertonfc.cz\/wp-content\/uploads\/2019\/01\/news.jpg","width":720,"height":405},{"@type":"BreadcrumbList","@id":"https:\/\/evertonfc.cz\/index.php\/2010\/05\/22\/shane-duffy-po-operaci-slo-mu-o-zivot\/#breadcrumb","itemListElement":[{"@type":"ListItem","position":1,"name":"Home","item":"https:\/\/evertonfc.cz\/"},{"@type":"ListItem","position":2,"name":"Shane Duffy po operaci. \u0160lo mu o \u017eivot"}]},{"@type":"WebSite","@id":"https:\/\/evertonfc.cz\/#website","url":"https:\/\/evertonfc.cz\/","name":"Official Czech &amp; Slovak Everton Supporters&#039; Club","description":"","publisher":{"@id":"https:\/\/evertonfc.cz\/#organization"},"potentialAction":[{"@type":"SearchAction","target":{"@type":"EntryPoint","urlTemplate":"https:\/\/evertonfc.cz\/?s={search_term_string}"},"query-input":{"@type":"PropertyValueSpecification","valueRequired":true,"valueName":"search_term_string"}}],"inLanguage":"cs"},{"@type":"Organization","@id":"https:\/\/evertonfc.cz\/#organization","name":"Official Czech & Slovak Everton Supporters' Club","url":"https:\/\/evertonfc.cz\/","logo":{"@type":"ImageObject","inLanguage":"cs","@id":"https:\/\/evertonfc.cz\/#\/schema\/logo\/image\/","url":"https:\/\/evertonfc.cz\/wp-content\/uploads\/2019\/05\/logo.png","contentUrl":"https:\/\/evertonfc.cz\/wp-content\/uploads\/2019\/05\/logo.png","width":112,"height":112,"caption":"Official Czech & Slovak Everton Supporters' Club"},"image":{"@id":"https:\/\/evertonfc.cz\/#\/schema\/logo\/image\/"},"sameAs":["https:\/\/www.facebook.com\/everton.fans.cz.sk"]},{"@type":"Person","@id":"https:\/\/evertonfc.cz\/#\/schema\/person\/cd6328a75577de2add7793fd4b0930c3","name":"Me\u0148a","url":"https:\/\/evertonfc.cz\/index.php\/author\/mena\/"}]}},"_links":{"self":[{"href":"https:\/\/evertonfc.cz\/index.php\/wp-json\/wp\/v2\/posts\/2818"}],"collection":[{"href":"https:\/\/evertonfc.cz\/index.php\/wp-json\/wp\/v2\/posts"}],"about":[{"href":"https:\/\/evertonfc.cz\/index.php\/wp-json\/wp\/v2\/types\/post"}],"author":[{"embeddable":true,"href":"https:\/\/evertonfc.cz\/index.php\/wp-json\/wp\/v2\/users\/7"}],"replies":[{"embeddable":true,"href":"https:\/\/evertonfc.cz\/index.php\/wp-json\/wp\/v2\/comments?post=2818"}],"version-history":[{"count":1,"href":"https:\/\/evertonfc.cz\/index.php\/wp-json\/wp\/v2\/posts\/2818\/revisions"}],"predecessor-version":[{"id":2819,"href":"https:\/\/evertonfc.cz\/index.php\/wp-json\/wp\/v2\/posts\/2818\/revisions\/2819"}],"wp:featuredmedia":[{"embeddable":true,"href":"https:\/\/evertonfc.cz\/index.php\/wp-json\/wp\/v2\/media\/1313"}],"wp:attachment":[{"href":"https:\/\/evertonfc.cz\/index.php\/wp-json\/wp\/v2\/media?parent=2818"}],"wp:term":[{"taxonomy":"category","embeddable":true,"href":"https:\/\/evertonfc.cz\/index.php\/wp-json\/wp\/v2\/categories?post=2818"},{"taxonomy":"post_tag","embeddable":true,"href":"https:\/\/evertonfc.cz\/index.php\/wp-json\/wp\/v2\/tags?post=2818"}],"curies":[{"name":"wp","href":"https:\/\/api.w.org\/{rel}","templated":true}]}}