{"id":28187,"date":"2026-01-10T10:24:19","date_gmt":"2026-01-10T09:24:19","guid":{"rendered":"https:\/\/evertonfc.cz\/?p=28187"},"modified":"2026-01-11T14:52:37","modified_gmt":"2026-01-11T13:52:37","slug":"fa-cup-preview-everton-sunderland","status":"publish","type":"post","link":"https:\/\/evertonfc.cz\/index.php\/2026\/01\/10\/fa-cup-preview-everton-sunderland\/","title":{"rendered":"FA Cup Preview: Everton &#8211; Sunderland"},"content":{"rendered":"<h4>Ve t\u0159et\u00edm kole Anglick\u00e9ho poh\u00e1ru dvan\u00e1ct\u00fd v\u00edt\u00e1 des\u00e1t\u00e9ho.<\/h4>\n<p>Everton si proch\u00e1z\u00ed t\u011b\u017ek\u00fdm obdob\u00edm. Z posledn\u00edch p\u011bti z\u00e1pas\u016f maj\u00ed Karamelky p\u011bt bod\u016f, nav\u00edc ve st\u0159ede\u010dn\u00edm utk\u00e1n\u00ed dohr\u00e1val v dev\u00edti hr\u00e1\u010d\u00edch, p\u0159i\u010dem\u017e vylou\u010den\u00ed Keanea s Grealishem pat\u0159\u00ed do kategorie &#8222;zaslou\u017een\u00e9 a hloup\u00e9&#8220;. Moyes na p\u0159edz\u00e1pasov\u00e9 konferenci zkritizoval nasazen\u00ed nezku\u0161en\u00e9ho rozhod\u010dho Kirka do utk\u00e1n\u00ed proti Wolves, kdy\u017e komise zam\u00edtla odvol\u00e1n\u00ed klubu proti \u010derven\u00e9 Keanea, tak to okomentoval slovy &#8222;<em>Velmi zklaman\u00fd, velmi p\u0159ekvapen\u00fd, sp\u00ed\u0161e na\u0161tvan\u00fd<\/em>&#8222;.<\/p>\n<p>Keane si tak ne\u010dutne t\u0159i z\u00e1pasy, k dispozici tedy bude na ligov\u00fd z\u00e1pas proti Brightonu. T\u011b\u017eko \u0159\u00edci, zda do z\u00e1kladn\u00ed sestavy, n\u00e1vrat Branthwaitea se zjevn\u011b bl\u00ed\u017e\u00ed. Grealish si odstoj\u00ed sv\u016fj trest dnes, senegalsk\u00e1 dvojice tak\u00e9 k dispozici nebude, proto\u017ee Ndiaye jedinou brankou v\u010derej\u0161\u00edho \u010dtvrtfin\u00e1le proti Mali zajistil reprezentaci postup do st\u0159ede\u010dn\u00edho semifin\u00e1le. Krom\u011b Branthwaitea je zran\u011bna trojice Alcaraz Coleman a Dewsbury-Hall. \u010cili -8, obvykl\u00e9 to \u010d\u00edslo dne\u0161ka.<\/p>\n<p>Moyes byl v Sunderlandu jednu sez\u00f3nu a zvl\u00e1dl s nimi sestoupit. Nahradil v n\u011bm Allardyce, tak\u00e9 b\u00fdval\u00e9ho mana\u017eera Evertonu. Mackems se v lize moc neda\u0159\u00ed, po \u010dty\u0159ech rem\u00edz\u00e1ch v \u0159ad\u011b vyfasoval ve st\u0159edu trojku na h\u0159i\u0161ti Brentfordu. K dispozici nebude Alese, s otazn\u00edkem je Isidor. Z mistrovstv\u00ed Afriky se vr\u00e1tila \u010dtve\u0159ice Masuaku-Traor\u00e9-Sadiki-Reinildo, o jejich nasazen\u00ed se rozhodne p\u0159ed z\u00e1pasem. Tabli postoupil s Marokem do semifin\u00e1le, tak\u017ee nebude, to sam\u00e9 plat\u00ed o Diarrovi ze Senegalu.<\/p>\n<p>Historicky m\u00e1 Everton proti Sunderlandu kladnou bilanci, p\u0159i\u010dem\u017e v posledn\u00edch p\u011bti vz\u00e1jemn\u00fdch z\u00e1pasech vst\u0159elil Sunderland pouze jednu branku. Dom\u00e1c\u00ed dnes neobvykle nastoup\u00ed v \u010dern\u00e9m, vyzkou\u0161\u00ed se tak nov\u00fd dres.<\/p>\n<p><strong>Co: <\/strong>Everton FC \u2013 Sunderland FC, 3. kolo Anglick\u00e9ho poh\u00e1ru<br \/>\n<strong>Kdy: <\/strong>10. ledna 2026 od 13:15<br \/>\n<strong>Kde:\u00a0<\/strong>Hill Dickinson Stadium \u2013 Bramley-Moore Dock, Regent Rd, Liverpool L5 9SR (kapacita: 52 769)<br \/>\n<strong>TV:\u00a0<\/strong>ne, pouze stream<br \/>\n<strong>Rozhod\u010d\u00ed:\u00a0<\/strong>John Brooks \u2013 Simon Bennett, Nick Greenhalgh \u00a0<strong>\u010ctvrt\u00fd rozhod\u010d\u00ed:<\/strong> Tony Harrington<\/p>\n","protected":false},"excerpt":{"rendered":"<p>Ve t\u0159et\u00edm kole Anglick\u00e9ho poh\u00e1ru dvan\u00e1ct\u00fd v\u00edt\u00e1 des\u00e1t\u00e9ho. Karamelky vs \u010cern\u00e9 ko\u010dky.<\/p>\n","protected":false},"author":12,"featured_media":28192,"comment_status":"open","ping_status":"closed","sticky":false,"template":"","format":"standard","meta":{"_eb_attr":"","_monsterinsights_skip_tracking":false,"_monsterinsights_sitenote_active":false,"_monsterinsights_sitenote_note":"","_monsterinsights_sitenote_category":0,"footnotes":""},"categories":[4],"tags":[],"yoast_head":"<!-- This site is optimized with the Yoast SEO plugin v23.4 - https:\/\/yoast.com\/wordpress\/plugins\/seo\/ -->\n<title>FA Cup Preview: Everton - Sunderland - Official Czech &amp; Slovak Everton Supporters&#039; Club<\/title>\n<meta name=\"description\" content=\"Karamelky vs \u010cern\u00e9 ko\u010dky\" \/>\n<meta name=\"robots\" content=\"index, follow, max-snippet:-1, max-image-preview:large, max-video-preview:-1\" \/>\n<link rel=\"canonical\" href=\"https:\/\/evertonfc.cz\/index.php\/2026\/01\/10\/fa-cup-preview-everton-sunderland\/\" \/>\n<meta property=\"og:locale\" content=\"cs_CZ\" \/>\n<meta property=\"og:type\" content=\"article\" \/>\n<meta property=\"og:title\" content=\"FA Cup Preview: Everton - Sunderland - Official Czech &amp; Slovak Everton Supporters&#039; Club\" \/>\n<meta property=\"og:description\" content=\"Karamelky vs \u010cern\u00e9 ko\u010dky\" \/>\n<meta property=\"og:url\" content=\"https:\/\/evertonfc.cz\/index.php\/2026\/01\/10\/fa-cup-preview-everton-sunderland\/\" \/>\n<meta property=\"og:site_name\" content=\"Official Czech &amp; Slovak Everton Supporters&#039; Club\" \/>\n<meta property=\"article:publisher\" content=\"https:\/\/www.facebook.com\/everton.fans.cz.sk\" \/>\n<meta property=\"article:published_time\" content=\"2026-01-10T09:24:19+00:00\" \/>\n<meta property=\"article:modified_time\" content=\"2026-01-11T13:52:37+00:00\" \/>\n<meta property=\"og:image\" content=\"https:\/\/evertonfc.cz\/wp-content\/uploads\/2026\/01\/Everton-BMD-Sunderland.png\" \/>\n\t<meta property=\"og:image:width\" content=\"720\" \/>\n\t<meta property=\"og:image:height\" content=\"405\" \/>\n\t<meta property=\"og:image:type\" content=\"image\/png\" \/>\n<meta name=\"author\" content=\"Javor\" \/>\n<meta name=\"twitter:card\" content=\"summary_large_image\" \/>\n<meta name=\"twitter:creator\" content=\"@LoudinJan\" \/>\n<meta name=\"twitter:label1\" content=\"Napsal(a)\" \/>\n\t<meta name=\"twitter:data1\" content=\"Javor\" \/>\n\t<meta name=\"twitter:label2\" content=\"Odhadovan\u00e1 doba \u010dten\u00ed\" \/>\n\t<meta name=\"twitter:data2\" content=\"2 minuty\" \/>\n<script type=\"application\/ld+json\" class=\"yoast-schema-graph\">{\"@context\":\"https:\/\/schema.org\",\"@graph\":[{\"@type\":\"Article\",\"@id\":\"https:\/\/evertonfc.cz\/index.php\/2026\/01\/10\/fa-cup-preview-everton-sunderland\/#article\",\"isPartOf\":{\"@id\":\"https:\/\/evertonfc.cz\/index.php\/2026\/01\/10\/fa-cup-preview-everton-sunderland\/\"},\"author\":{\"name\":\"Javor\",\"@id\":\"https:\/\/evertonfc.cz\/#\/schema\/person\/b30daf6a5852f4811f8207a17ec1bf78\"},\"headline\":\"FA Cup Preview: Everton &#8211; Sunderland\",\"datePublished\":\"2026-01-10T09:24:19+00:00\",\"dateModified\":\"2026-01-11T13:52:37+00:00\",\"mainEntityOfPage\":{\"@id\":\"https:\/\/evertonfc.cz\/index.php\/2026\/01\/10\/fa-cup-preview-everton-sunderland\/\"},\"wordCount\":374,\"commentCount\":0,\"publisher\":{\"@id\":\"https:\/\/evertonfc.cz\/#organization\"},\"image\":{\"@id\":\"https:\/\/evertonfc.cz\/index.php\/2026\/01\/10\/fa-cup-preview-everton-sunderland\/#primaryimage\"},\"thumbnailUrl\":\"https:\/\/evertonfc.cz\/wp-content\/uploads\/2026\/01\/Everton-BMD-Sunderland.png\",\"articleSection\":[\"Z\u00e1pasy\"],\"inLanguage\":\"cs\",\"potentialAction\":[{\"@type\":\"CommentAction\",\"name\":\"Comment\",\"target\":[\"https:\/\/evertonfc.cz\/index.php\/2026\/01\/10\/fa-cup-preview-everton-sunderland\/#respond\"]}]},{\"@type\":\"WebPage\",\"@id\":\"https:\/\/evertonfc.cz\/index.php\/2026\/01\/10\/fa-cup-preview-everton-sunderland\/\",\"url\":\"https:\/\/evertonfc.cz\/index.php\/2026\/01\/10\/fa-cup-preview-everton-sunderland\/\",\"name\":\"FA Cup Preview: Everton - Sunderland - Official Czech &amp; Slovak Everton Supporters&#039; Club\",\"isPartOf\":{\"@id\":\"https:\/\/evertonfc.cz\/#website\"},\"primaryImageOfPage\":{\"@id\":\"https:\/\/evertonfc.cz\/index.php\/2026\/01\/10\/fa-cup-preview-everton-sunderland\/#primaryimage\"},\"image\":{\"@id\":\"https:\/\/evertonfc.cz\/index.php\/2026\/01\/10\/fa-cup-preview-everton-sunderland\/#primaryimage\"},\"thumbnailUrl\":\"https:\/\/evertonfc.cz\/wp-content\/uploads\/2026\/01\/Everton-BMD-Sunderland.png\",\"datePublished\":\"2026-01-10T09:24:19+00:00\",\"dateModified\":\"2026-01-11T13:52:37+00:00\",\"description\":\"Karamelky vs \u010cern\u00e9 ko\u010dky\",\"breadcrumb\":{\"@id\":\"https:\/\/evertonfc.cz\/index.php\/2026\/01\/10\/fa-cup-preview-everton-sunderland\/#breadcrumb\"},\"inLanguage\":\"cs\",\"potentialAction\":[{\"@type\":\"ReadAction\",\"target\":[\"https:\/\/evertonfc.cz\/index.php\/2026\/01\/10\/fa-cup-preview-everton-sunderland\/\"]}]},{\"@type\":\"ImageObject\",\"inLanguage\":\"cs\",\"@id\":\"https:\/\/evertonfc.cz\/index.php\/2026\/01\/10\/fa-cup-preview-everton-sunderland\/#primaryimage\",\"url\":\"https:\/\/evertonfc.cz\/wp-content\/uploads\/2026\/01\/Everton-BMD-Sunderland.png\",\"contentUrl\":\"https:\/\/evertonfc.cz\/wp-content\/uploads\/2026\/01\/Everton-BMD-Sunderland.png\",\"width\":720,\"height\":405},{\"@type\":\"BreadcrumbList\",\"@id\":\"https:\/\/evertonfc.cz\/index.php\/2026\/01\/10\/fa-cup-preview-everton-sunderland\/#breadcrumb\",\"itemListElement\":[{\"@type\":\"ListItem\",\"position\":1,\"name\":\"Home\",\"item\":\"https:\/\/evertonfc.cz\/\"},{\"@type\":\"ListItem\",\"position\":2,\"name\":\"FA Cup Preview: Everton &#8211; Sunderland\"}]},{\"@type\":\"WebSite\",\"@id\":\"https:\/\/evertonfc.cz\/#website\",\"url\":\"https:\/\/evertonfc.cz\/\",\"name\":\"Official Czech &amp; Slovak Everton Supporters&#039; Club\",\"description\":\"\",\"publisher\":{\"@id\":\"https:\/\/evertonfc.cz\/#organization\"},\"potentialAction\":[{\"@type\":\"SearchAction\",\"target\":{\"@type\":\"EntryPoint\",\"urlTemplate\":\"https:\/\/evertonfc.cz\/?s={search_term_string}\"},\"query-input\":{\"@type\":\"PropertyValueSpecification\",\"valueRequired\":true,\"valueName\":\"search_term_string\"}}],\"inLanguage\":\"cs\"},{\"@type\":\"Organization\",\"@id\":\"https:\/\/evertonfc.cz\/#organization\",\"name\":\"Official Czech & Slovak Everton Supporters' Club\",\"url\":\"https:\/\/evertonfc.cz\/\",\"logo\":{\"@type\":\"ImageObject\",\"inLanguage\":\"cs\",\"@id\":\"https:\/\/evertonfc.cz\/#\/schema\/logo\/image\/\",\"url\":\"https:\/\/evertonfc.cz\/wp-content\/uploads\/2019\/05\/logo.png\",\"contentUrl\":\"https:\/\/evertonfc.cz\/wp-content\/uploads\/2019\/05\/logo.png\",\"width\":112,\"height\":112,\"caption\":\"Official Czech & Slovak Everton Supporters' Club\"},\"image\":{\"@id\":\"https:\/\/evertonfc.cz\/#\/schema\/logo\/image\/\"},\"sameAs\":[\"https:\/\/www.facebook.com\/everton.fans.cz.sk\"]},{\"@type\":\"Person\",\"@id\":\"https:\/\/evertonfc.cz\/#\/schema\/person\/b30daf6a5852f4811f8207a17ec1bf78\",\"name\":\"Javor\",\"sameAs\":[\"https:\/\/x.com\/LoudinJan\"],\"url\":\"https:\/\/evertonfc.cz\/index.php\/author\/javor\/\"}]}<\/script>\n<!-- \/ Yoast SEO plugin. -->","yoast_head_json":{"title":"FA Cup Preview: Everton - Sunderland - Official Czech &amp; Slovak Everton Supporters&#039; Club","description":"Karamelky vs \u010cern\u00e9 ko\u010dky","robots":{"index":"index","follow":"follow","max-snippet":"max-snippet:-1","max-image-preview":"max-image-preview:large","max-video-preview":"max-video-preview:-1"},"canonical":"https:\/\/evertonfc.cz\/index.php\/2026\/01\/10\/fa-cup-preview-everton-sunderland\/","og_locale":"cs_CZ","og_type":"article","og_title":"FA Cup Preview: Everton - Sunderland - Official Czech &amp; Slovak Everton Supporters&#039; Club","og_description":"Karamelky vs \u010cern\u00e9 ko\u010dky","og_url":"https:\/\/evertonfc.cz\/index.php\/2026\/01\/10\/fa-cup-preview-everton-sunderland\/","og_site_name":"Official Czech &amp; Slovak Everton Supporters&#039; Club","article_publisher":"https:\/\/www.facebook.com\/everton.fans.cz.sk","article_published_time":"2026-01-10T09:24:19+00:00","article_modified_time":"2026-01-11T13:52:37+00:00","og_image":[{"width":720,"height":405,"url":"https:\/\/evertonfc.cz\/wp-content\/uploads\/2026\/01\/Everton-BMD-Sunderland.png","type":"image\/png"}],"author":"Javor","twitter_card":"summary_large_image","twitter_creator":"@LoudinJan","twitter_misc":{"Napsal(a)":"Javor","Odhadovan\u00e1 doba \u010dten\u00ed":"2 minuty"},"schema":{"@context":"https:\/\/schema.org","@graph":[{"@type":"Article","@id":"https:\/\/evertonfc.cz\/index.php\/2026\/01\/10\/fa-cup-preview-everton-sunderland\/#article","isPartOf":{"@id":"https:\/\/evertonfc.cz\/index.php\/2026\/01\/10\/fa-cup-preview-everton-sunderland\/"},"author":{"name":"Javor","@id":"https:\/\/evertonfc.cz\/#\/schema\/person\/b30daf6a5852f4811f8207a17ec1bf78"},"headline":"FA Cup Preview: Everton &#8211; Sunderland","datePublished":"2026-01-10T09:24:19+00:00","dateModified":"2026-01-11T13:52:37+00:00","mainEntityOfPage":{"@id":"https:\/\/evertonfc.cz\/index.php\/2026\/01\/10\/fa-cup-preview-everton-sunderland\/"},"wordCount":374,"commentCount":0,"publisher":{"@id":"https:\/\/evertonfc.cz\/#organization"},"image":{"@id":"https:\/\/evertonfc.cz\/index.php\/2026\/01\/10\/fa-cup-preview-everton-sunderland\/#primaryimage"},"thumbnailUrl":"https:\/\/evertonfc.cz\/wp-content\/uploads\/2026\/01\/Everton-BMD-Sunderland.png","articleSection":["Z\u00e1pasy"],"inLanguage":"cs","potentialAction":[{"@type":"CommentAction","name":"Comment","target":["https:\/\/evertonfc.cz\/index.php\/2026\/01\/10\/fa-cup-preview-everton-sunderland\/#respond"]}]},{"@type":"WebPage","@id":"https:\/\/evertonfc.cz\/index.php\/2026\/01\/10\/fa-cup-preview-everton-sunderland\/","url":"https:\/\/evertonfc.cz\/index.php\/2026\/01\/10\/fa-cup-preview-everton-sunderland\/","name":"FA Cup Preview: Everton - Sunderland - Official Czech &amp; Slovak Everton Supporters&#039; Club","isPartOf":{"@id":"https:\/\/evertonfc.cz\/#website"},"primaryImageOfPage":{"@id":"https:\/\/evertonfc.cz\/index.php\/2026\/01\/10\/fa-cup-preview-everton-sunderland\/#primaryimage"},"image":{"@id":"https:\/\/evertonfc.cz\/index.php\/2026\/01\/10\/fa-cup-preview-everton-sunderland\/#primaryimage"},"thumbnailUrl":"https:\/\/evertonfc.cz\/wp-content\/uploads\/2026\/01\/Everton-BMD-Sunderland.png","datePublished":"2026-01-10T09:24:19+00:00","dateModified":"2026-01-11T13:52:37+00:00","description":"Karamelky vs \u010cern\u00e9 ko\u010dky","breadcrumb":{"@id":"https:\/\/evertonfc.cz\/index.php\/2026\/01\/10\/fa-cup-preview-everton-sunderland\/#breadcrumb"},"inLanguage":"cs","potentialAction":[{"@type":"ReadAction","target":["https:\/\/evertonfc.cz\/index.php\/2026\/01\/10\/fa-cup-preview-everton-sunderland\/"]}]},{"@type":"ImageObject","inLanguage":"cs","@id":"https:\/\/evertonfc.cz\/index.php\/2026\/01\/10\/fa-cup-preview-everton-sunderland\/#primaryimage","url":"https:\/\/evertonfc.cz\/wp-content\/uploads\/2026\/01\/Everton-BMD-Sunderland.png","contentUrl":"https:\/\/evertonfc.cz\/wp-content\/uploads\/2026\/01\/Everton-BMD-Sunderland.png","width":720,"height":405},{"@type":"BreadcrumbList","@id":"https:\/\/evertonfc.cz\/index.php\/2026\/01\/10\/fa-cup-preview-everton-sunderland\/#breadcrumb","itemListElement":[{"@type":"ListItem","position":1,"name":"Home","item":"https:\/\/evertonfc.cz\/"},{"@type":"ListItem","position":2,"name":"FA Cup Preview: Everton &#8211; Sunderland"}]},{"@type":"WebSite","@id":"https:\/\/evertonfc.cz\/#website","url":"https:\/\/evertonfc.cz\/","name":"Official Czech &amp; Slovak Everton Supporters&#039; Club","description":"","publisher":{"@id":"https:\/\/evertonfc.cz\/#organization"},"potentialAction":[{"@type":"SearchAction","target":{"@type":"EntryPoint","urlTemplate":"https:\/\/evertonfc.cz\/?s={search_term_string}"},"query-input":{"@type":"PropertyValueSpecification","valueRequired":true,"valueName":"search_term_string"}}],"inLanguage":"cs"},{"@type":"Organization","@id":"https:\/\/evertonfc.cz\/#organization","name":"Official Czech & Slovak Everton Supporters' Club","url":"https:\/\/evertonfc.cz\/","logo":{"@type":"ImageObject","inLanguage":"cs","@id":"https:\/\/evertonfc.cz\/#\/schema\/logo\/image\/","url":"https:\/\/evertonfc.cz\/wp-content\/uploads\/2019\/05\/logo.png","contentUrl":"https:\/\/evertonfc.cz\/wp-content\/uploads\/2019\/05\/logo.png","width":112,"height":112,"caption":"Official Czech & Slovak Everton Supporters' Club"},"image":{"@id":"https:\/\/evertonfc.cz\/#\/schema\/logo\/image\/"},"sameAs":["https:\/\/www.facebook.com\/everton.fans.cz.sk"]},{"@type":"Person","@id":"https:\/\/evertonfc.cz\/#\/schema\/person\/b30daf6a5852f4811f8207a17ec1bf78","name":"Javor","sameAs":["https:\/\/x.com\/LoudinJan"],"url":"https:\/\/evertonfc.cz\/index.php\/author\/javor\/"}]}},"_links":{"self":[{"href":"https:\/\/evertonfc.cz\/index.php\/wp-json\/wp\/v2\/posts\/28187"}],"collection":[{"href":"https:\/\/evertonfc.cz\/index.php\/wp-json\/wp\/v2\/posts"}],"about":[{"href":"https:\/\/evertonfc.cz\/index.php\/wp-json\/wp\/v2\/types\/post"}],"author":[{"embeddable":true,"href":"https:\/\/evertonfc.cz\/index.php\/wp-json\/wp\/v2\/users\/12"}],"replies":[{"embeddable":true,"href":"https:\/\/evertonfc.cz\/index.php\/wp-json\/wp\/v2\/comments?post=28187"}],"version-history":[{"count":6,"href":"https:\/\/evertonfc.cz\/index.php\/wp-json\/wp\/v2\/posts\/28187\/revisions"}],"predecessor-version":[{"id":28194,"href":"https:\/\/evertonfc.cz\/index.php\/wp-json\/wp\/v2\/posts\/28187\/revisions\/28194"}],"wp:featuredmedia":[{"embeddable":true,"href":"https:\/\/evertonfc.cz\/index.php\/wp-json\/wp\/v2\/media\/28192"}],"wp:attachment":[{"href":"https:\/\/evertonfc.cz\/index.php\/wp-json\/wp\/v2\/media?parent=28187"}],"wp:term":[{"taxonomy":"category","embeddable":true,"href":"https:\/\/evertonfc.cz\/index.php\/wp-json\/wp\/v2\/categories?post=28187"},{"taxonomy":"post_tag","embeddable":true,"href":"https:\/\/evertonfc.cz\/index.php\/wp-json\/wp\/v2\/tags?post=28187"}],"curies":[{"name":"wp","href":"https:\/\/api.w.org\/{rel}","templated":true}]}}