{"id":28195,"date":"2026-01-11T20:41:59","date_gmt":"2026-01-11T19:41:59","guid":{"rendered":"https:\/\/evertonfc.cz\/?p=28195"},"modified":"2026-01-13T04:30:32","modified_gmt":"2026-01-13T03:30:32","slug":"fa-cup-everton-sunderland-1-2-po-pen","status":"publish","type":"post","link":"https:\/\/evertonfc.cz\/index.php\/2026\/01\/11\/fa-cup-everton-sunderland-1-2-po-pen\/","title":{"rendered":"FA Cup: Everton \u2013 Sunderland 1:2 po pen."},"content":{"rendered":"<h4>Co jsem si v\u016fbec myslel? \u010cekal jsem snad, \u017ee bychom mohli z\u00edskat poh\u00e1r? \u017de bychom se dostali aspo\u0148 p\u0159es n\u011bkolik p\u0159ek\u00e1\u017eek? Hloup\u00fd j\u00e1.<\/h4>\n<p>Everton letos vzal poh\u00e1ry hopem. Ani se nelze divit, \u017ee to \u017e\u00e1dn\u00e1 britsk\u00e1 stanice nevys\u00edlala. Kdo si p\u0159esto na\u0161el stream, musel se s\u00e1m sebe pt\u00e1t. Pro\u010d?<\/p>\n<p>Moyes dal \u0161anci hr\u00e1\u010d\u016fm z lavi\u010dky, ale pravda je takov\u00e1, \u017ee moc na v\u00fdb\u011br nem\u011bl. D\u00f6 hry se p\u0159i absenc\u00edch dostali Patterson, R\u00f6hl, Dibling a Armstrong. Z lavi\u010dky do z\u00e1kladu se posunul m\u00edsto Barryho Beto, Francouz asi l\u00e9pe zapadl mezi kluky z juniorky. Krom\u011b n\u00e1hradn\u00edch brank\u00e1\u0159\u016f tam nikdo jin\u00fd nebyl. A propos, Pickford do branky Traverse nepustil.<\/p>\n<p>\u010cern\u00fdm ko\u010dk\u00e1m se vr\u00e1til Sadiki z AFCONu, \u0161up s nimi do z\u00e1kladu. Proti por\u00e1\u017ece na Brentfordu je\u0161t\u011b dal\u0161\u00ed 4 zm\u011bny: Mayenda, CIrkin, Mundle a O\u2019Nien. Ani oni nes\u00e1hli po n\u00e1hradn\u00edm brank\u00e1\u0159i. \u0160koda.<\/p>\n<h4>Prvn\u00ed polo\u010das<\/h4>\n<p>Z pohledu dom\u00e1c\u00edch velk\u00e1 b\u00edda. Host\u00e9 ovl\u00e1dali hru, Everton se dok\u00e1zal prosadit jen ze standardn\u00edch situac\u00ed, kdy t\u011bsn\u011b vedle zakon\u010doval Armstrong. \u0158ada nep\u0159esnost\u00ed p\u0159i zpracov\u00e1n\u00ed, st\u0159elb\u011b.<\/p>\n<p>Enzo Le Fee provedl precizn\u00ed volej k ty\u010di, na kter\u00fd Pickford nemohl reagovat \u2013 <strong>0:1<\/strong>. Na\u0161t\u011bst\u00ed fantasticky zas\u00e1hl proti st\u0159ele Mundlea &#8211; udr\u017eel t\u00edm Toffees jak\u017e tak\u017e v z\u00e1pase.<\/p>\n<h4>Druh\u00fd polo\u010das<\/h4>\n<p>P\u0159est\u00e1vka p\u0159inesla men\u0161\u00ed zlep\u0161en\u00ed. Everton z\u00edsk\u00e1val p\u0159evahu a objevily se \u0161ance. Host\u00e9 se nem\u011bli kam tla\u010dit, sta\u010dilo \u010dekat. Mykolenko m\u00ed\u0159il jen na Roefse, McNeil netrefil ani branku. Op\u011bt zak\u0159iknut\u00fd Dibling vyklidil m\u00edsto pro Barryho.<\/p>\n<p>Armstrong se nedok\u00e1zal prosadit po na kr\u00e1tko rozehran\u00e9m p\u0159\u00edm\u00e1ku, McNeil\u016fv centr hlavi\u010dkoval Barry vedle. \u010cty\u0159i minuty p\u0159ed koncem dostal sv\u016fj prostor Aznou. Jako by se Moyes zdr\u00e1hal celou p\u016fl sez\u00f3nu pustit sv\u00e9 monstrum z \u0159et\u011bz\u016f. Mlad\u00e9mu Maro\u010danovi sta\u010dilo p\u00e1r minut, aby rozpoutal chaos ve v\u00e1pn\u011b soupe\u0159e a vybojoval celkem p\u0159\u00edsnou penaltu. Tu prom\u011bnil Garner a poslal z\u00e1pas do prodlou\u017een\u00ed \u2013 <strong>1:1<\/strong>.<\/p>\n<h4>Prodlou\u017een\u00ed<\/h4>\n<p>P\u0159es znatelnou \u00fanavu Barry vysunul Beta, ale ten m\u00ed\u0159il jen do bo\u010dn\u00ed s\u00edt\u011b. Aznou poslal do v\u00e1pna p\u0159\u00edli\u0161 ambici\u00f3zn\u00ed pas, nikdo ho tam neo\u010dek\u00e1val. Mykolenko odpadl a na h\u0159i\u0161t\u011b \u0161el mlad\u00edk Elijah Campbell.<\/p>\n<p>Sunderland kontroval s\u00e9ri\u00ed rohov\u00fdch kop\u016f. Zejm\u00e9na Xhakova te\u010dovan\u00e1 st\u0159ela m\u011bla parametry utnout z\u00e1pas p\u0159ed podobn\u011b bolestiv\u00fdm fin\u00e1le. Dal\u0161\u00ed mlad\u00edk Welch vyst\u0159\u00eddal Pattersona.<\/p>\n<h4>Penalty<\/h4>\n<p>\u0158\u00edk\u00e1 se o nich, \u017ee jsou loterie. Tak\u017ee m\u016f\u017ee vyhr\u00e1t i ten slab\u0161\u00ed. Z tohoto pohledu si ale Toffees zapomn\u011bli vsadit. Garner, Barry i Beto poslali na Roefse velmi slab\u00e9 a nep\u0159\u00edli\u0161 p\u0159esn\u00e9 pokusy, kter\u00e9 dok\u00e1zal pokr\u00fdt. Naopak na druh\u00e9 stran\u011b se k tomu exekuto\u0159i postavili s fi\u0161tr\u00f3nem. Le Fee dlouho \u010dekal s pokusem, kter\u00fd prudce zapadl k ty\u010di. Naopak Xhaka rozehr\u00e1l expresn\u011b a obr\u00e1nce O\u2019Nien nalo\u017eil se sv\u00fdm pokusem tak, \u017ee by se o tom mohlo na\u0161im \u00fato\u010dn\u00edk\u016fm jen zd\u00e1t.<\/p>\n<h4>Shrnut\u00ed<\/h4>\n<p>Vy\u0159azen\u00ed je patrn\u011b zaslou\u017een\u00e9, ale to nijak neub\u00edr\u00e1 na bolestivosti. Jde tak o \u010dtvrt\u00fd ro\u010dn\u00edk, kdy kon\u010d\u00edme na prvn\u00ed nebo na druh\u00e9 p\u0159ek\u00e1\u017ece. Ancelottiho a Lampardovo \u010dtvrtfin\u00e1le je drobn\u00fdm ostr\u016fvkem, p\u0159edch\u00e1zely jim tak\u00e9 \u010dty\u0159i such\u00e9 roky.<\/p>\n<p>Dal\u0161\u00ed tristn\u00ed bilanci nab\u00edz\u00ed penaltov\u00e9 rozst\u0159ely. Jde u\u017e o \u0161est\u00fd prohran\u00fd v \u0159ad\u011b. Naposledy se radoval Robles v roce 2015 proti Norwichi v Ligov\u00e9m poh\u00e1ru (4. kolo, 4:3). Pickford v klubov\u00fdch barv\u00e1ch je\u0161t\u011b u n\u00e1s neslavil. Po t\u0159ech pokusech.<\/p>\n<p>Do t\u0159etice smutn\u00fdch zpr\u00e1v je hor\u0161\u00edc\u00ed se bilance doma. Od prvn\u00ed por\u00e1\u017eky se Spurs z konce \u0159\u00edjna jde o p\u00e1tou por\u00e1\u017eku. Ani nov\u00e9 dresy \u0161t\u011bst\u00ed nep\u0159inesly a klub bude muset vymyslet n\u011bco lep\u0161\u00edho, aby zachr\u00e1nil n\u011bco ze ztracen\u00e9 \u00favodn\u00ed sez\u00f3ny na HDS.<\/p>\n<p>Na co se tedy zb\u00fdv\u00e1 t\u011b\u0161it? Snad p\u0159inese vzpruhu n\u00e1vrat hr\u00e1\u010d\u016f z nemocensk\u00e9 a z Afriky. P\u0159inese n\u011bco lednov\u00e9 p\u0159estupn\u00ed obdob\u00ed? Bude m\u00edt Moyes odvahu d\u00e1t prostor zat\u00edm nevyu\u017e\u00edvan\u00fdm hr\u00e1\u010d\u016f nebo d\u00e1t novou t\u011bm, kter\u00fdm se zat\u00edm neda\u0159\u00ed? Kdo v\u00ed.<\/p>\n<p style=\"text-align: right;\"><span style=\"font-size: 8pt;\">fotozdroj: toffeeweb.com<\/span><\/p>\n<p><strong>Branky<\/strong>: 89\u2018 Garner \u2013 30\u2018 Le Fee<\/p>\n<p><strong>Penalty<\/strong>: Garner X, Barry X, Beto X &#8211; Le Fee O, Xhaka O, O\u2019Nien O<\/p>\n<p><strong>Everton<\/strong>: Pickford \u2013 Patterson (116\u2018 Welch), O\u2019Brien, Tarkowski, Mykolenko (104\u2018 Campbell) \u2013 R\u00f6hl (84\u2018 Aznou), Garner, Armstrong \u2013 Dibling (75\u2018 Barry), Beto, McNeil<\/p>\n<p><strong>Sunderland<\/strong>: Roefs \u2013 Hume, Mukiele, O\u2019Nien, Cirkin \u2013 Sadiki, Xhaka \u2013 Mundle, Le Fee, Adingra (71\u2018 Brobbey, 105\u2018 Isidor) \u2013 Mayenda (71\u2018 Ballard)<\/p>\n<p><strong>Rozhod\u010d\u00ed<\/strong>: J. Brooks <strong>Div\u00e1k\u016f<\/strong>: 51588<\/p>\n","protected":false},"excerpt":{"rendered":"<p>Co jsem si v\u016fbec myslel? \u010cekal jsem snad, \u017ee bychom mohli z\u00edskat poh\u00e1r? \u017de bychom se dostali aspo\u0148 p\u0159es p\u00e1r p\u0159ek\u00e1\u017eek? Hloup\u00fd j\u00e1.<\/p>\n","protected":false},"author":10,"featured_media":28196,"comment_status":"open","ping_status":"closed","sticky":false,"template":"","format":"standard","meta":{"_eb_attr":"","_monsterinsights_skip_tracking":false,"_monsterinsights_sitenote_active":false,"_monsterinsights_sitenote_note":"","_monsterinsights_sitenote_category":0,"footnotes":""},"categories":[4],"tags":[],"yoast_head":"<!-- This site is optimized with the Yoast SEO plugin v23.4 - https:\/\/yoast.com\/wordpress\/plugins\/seo\/ -->\n<title>FA Cup: Everton \u2013 Sunderland 1:2 po pen. - Official Czech &amp; Slovak Everton Supporters&#039; Club<\/title>\n<meta name=\"robots\" content=\"index, follow, max-snippet:-1, max-image-preview:large, max-video-preview:-1\" \/>\n<link rel=\"canonical\" href=\"https:\/\/evertonfc.cz\/index.php\/2026\/01\/11\/fa-cup-everton-sunderland-1-2-po-pen\/\" \/>\n<meta property=\"og:locale\" content=\"cs_CZ\" \/>\n<meta property=\"og:type\" content=\"article\" \/>\n<meta property=\"og:title\" content=\"FA Cup: Everton \u2013 Sunderland 1:2 po pen. - Official Czech &amp; Slovak Everton Supporters&#039; Club\" \/>\n<meta property=\"og:description\" content=\"Co jsem si v\u016fbec myslel? \u010cekal jsem snad, \u017ee bychom mohli z\u00edskat poh\u00e1r? \u017de bychom se dostali aspo\u0148 p\u0159es p\u00e1r p\u0159ek\u00e1\u017eek? Hloup\u00fd j\u00e1.\" \/>\n<meta property=\"og:url\" content=\"https:\/\/evertonfc.cz\/index.php\/2026\/01\/11\/fa-cup-everton-sunderland-1-2-po-pen\/\" \/>\n<meta property=\"og:site_name\" content=\"Official Czech &amp; Slovak Everton Supporters&#039; Club\" \/>\n<meta property=\"article:publisher\" content=\"https:\/\/www.facebook.com\/everton.fans.cz.sk\" \/>\n<meta property=\"article:published_time\" content=\"2026-01-11T19:41:59+00:00\" \/>\n<meta property=\"article:modified_time\" content=\"2026-01-13T03:30:32+00:00\" \/>\n<meta property=\"og:image\" content=\"https:\/\/evertonfc.cz\/wp-content\/uploads\/2026\/01\/fac_blackcats.jpg\" \/>\n\t<meta property=\"og:image:width\" content=\"720\" \/>\n\t<meta property=\"og:image:height\" content=\"405\" \/>\n\t<meta property=\"og:image:type\" content=\"image\/jpeg\" \/>\n<meta name=\"author\" content=\"Fip\" \/>\n<meta name=\"twitter:card\" content=\"summary_large_image\" \/>\n<meta name=\"twitter:label1\" content=\"Napsal(a)\" \/>\n\t<meta name=\"twitter:data1\" content=\"Fip\" \/>\n\t<meta name=\"twitter:label2\" content=\"Odhadovan\u00e1 doba \u010dten\u00ed\" \/>\n\t<meta name=\"twitter:data2\" content=\"4 minuty\" \/>\n<script type=\"application\/ld+json\" class=\"yoast-schema-graph\">{\"@context\":\"https:\/\/schema.org\",\"@graph\":[{\"@type\":\"Article\",\"@id\":\"https:\/\/evertonfc.cz\/index.php\/2026\/01\/11\/fa-cup-everton-sunderland-1-2-po-pen\/#article\",\"isPartOf\":{\"@id\":\"https:\/\/evertonfc.cz\/index.php\/2026\/01\/11\/fa-cup-everton-sunderland-1-2-po-pen\/\"},\"author\":{\"name\":\"Fip\",\"@id\":\"https:\/\/evertonfc.cz\/#\/schema\/person\/35904009755e8eaa0dc1a5f5f0419002\"},\"headline\":\"FA Cup: Everton \u2013 Sunderland 1:2 po pen.\",\"datePublished\":\"2026-01-11T19:41:59+00:00\",\"dateModified\":\"2026-01-13T03:30:32+00:00\",\"mainEntityOfPage\":{\"@id\":\"https:\/\/evertonfc.cz\/index.php\/2026\/01\/11\/fa-cup-everton-sunderland-1-2-po-pen\/\"},\"wordCount\":849,\"commentCount\":2,\"publisher\":{\"@id\":\"https:\/\/evertonfc.cz\/#organization\"},\"image\":{\"@id\":\"https:\/\/evertonfc.cz\/index.php\/2026\/01\/11\/fa-cup-everton-sunderland-1-2-po-pen\/#primaryimage\"},\"thumbnailUrl\":\"https:\/\/evertonfc.cz\/wp-content\/uploads\/2026\/01\/fac_blackcats.jpg\",\"articleSection\":[\"Z\u00e1pasy\"],\"inLanguage\":\"cs\",\"potentialAction\":[{\"@type\":\"CommentAction\",\"name\":\"Comment\",\"target\":[\"https:\/\/evertonfc.cz\/index.php\/2026\/01\/11\/fa-cup-everton-sunderland-1-2-po-pen\/#respond\"]}]},{\"@type\":\"WebPage\",\"@id\":\"https:\/\/evertonfc.cz\/index.php\/2026\/01\/11\/fa-cup-everton-sunderland-1-2-po-pen\/\",\"url\":\"https:\/\/evertonfc.cz\/index.php\/2026\/01\/11\/fa-cup-everton-sunderland-1-2-po-pen\/\",\"name\":\"FA Cup: Everton \u2013 Sunderland 1:2 po pen. - Official Czech &amp; Slovak Everton Supporters&#039; Club\",\"isPartOf\":{\"@id\":\"https:\/\/evertonfc.cz\/#website\"},\"primaryImageOfPage\":{\"@id\":\"https:\/\/evertonfc.cz\/index.php\/2026\/01\/11\/fa-cup-everton-sunderland-1-2-po-pen\/#primaryimage\"},\"image\":{\"@id\":\"https:\/\/evertonfc.cz\/index.php\/2026\/01\/11\/fa-cup-everton-sunderland-1-2-po-pen\/#primaryimage\"},\"thumbnailUrl\":\"https:\/\/evertonfc.cz\/wp-content\/uploads\/2026\/01\/fac_blackcats.jpg\",\"datePublished\":\"2026-01-11T19:41:59+00:00\",\"dateModified\":\"2026-01-13T03:30:32+00:00\",\"breadcrumb\":{\"@id\":\"https:\/\/evertonfc.cz\/index.php\/2026\/01\/11\/fa-cup-everton-sunderland-1-2-po-pen\/#breadcrumb\"},\"inLanguage\":\"cs\",\"potentialAction\":[{\"@type\":\"ReadAction\",\"target\":[\"https:\/\/evertonfc.cz\/index.php\/2026\/01\/11\/fa-cup-everton-sunderland-1-2-po-pen\/\"]}]},{\"@type\":\"ImageObject\",\"inLanguage\":\"cs\",\"@id\":\"https:\/\/evertonfc.cz\/index.php\/2026\/01\/11\/fa-cup-everton-sunderland-1-2-po-pen\/#primaryimage\",\"url\":\"https:\/\/evertonfc.cz\/wp-content\/uploads\/2026\/01\/fac_blackcats.jpg\",\"contentUrl\":\"https:\/\/evertonfc.cz\/wp-content\/uploads\/2026\/01\/fac_blackcats.jpg\",\"width\":720,\"height\":405},{\"@type\":\"BreadcrumbList\",\"@id\":\"https:\/\/evertonfc.cz\/index.php\/2026\/01\/11\/fa-cup-everton-sunderland-1-2-po-pen\/#breadcrumb\",\"itemListElement\":[{\"@type\":\"ListItem\",\"position\":1,\"name\":\"Home\",\"item\":\"https:\/\/evertonfc.cz\/\"},{\"@type\":\"ListItem\",\"position\":2,\"name\":\"FA Cup: Everton \u2013 Sunderland 1:2 po pen.\"}]},{\"@type\":\"WebSite\",\"@id\":\"https:\/\/evertonfc.cz\/#website\",\"url\":\"https:\/\/evertonfc.cz\/\",\"name\":\"Official Czech &amp; Slovak Everton Supporters&#039; Club\",\"description\":\"\",\"publisher\":{\"@id\":\"https:\/\/evertonfc.cz\/#organization\"},\"potentialAction\":[{\"@type\":\"SearchAction\",\"target\":{\"@type\":\"EntryPoint\",\"urlTemplate\":\"https:\/\/evertonfc.cz\/?s={search_term_string}\"},\"query-input\":{\"@type\":\"PropertyValueSpecification\",\"valueRequired\":true,\"valueName\":\"search_term_string\"}}],\"inLanguage\":\"cs\"},{\"@type\":\"Organization\",\"@id\":\"https:\/\/evertonfc.cz\/#organization\",\"name\":\"Official Czech & Slovak Everton Supporters' Club\",\"url\":\"https:\/\/evertonfc.cz\/\",\"logo\":{\"@type\":\"ImageObject\",\"inLanguage\":\"cs\",\"@id\":\"https:\/\/evertonfc.cz\/#\/schema\/logo\/image\/\",\"url\":\"https:\/\/evertonfc.cz\/wp-content\/uploads\/2019\/05\/logo.png\",\"contentUrl\":\"https:\/\/evertonfc.cz\/wp-content\/uploads\/2019\/05\/logo.png\",\"width\":112,\"height\":112,\"caption\":\"Official Czech & Slovak Everton Supporters' Club\"},\"image\":{\"@id\":\"https:\/\/evertonfc.cz\/#\/schema\/logo\/image\/\"},\"sameAs\":[\"https:\/\/www.facebook.com\/everton.fans.cz.sk\"]},{\"@type\":\"Person\",\"@id\":\"https:\/\/evertonfc.cz\/#\/schema\/person\/35904009755e8eaa0dc1a5f5f0419002\",\"name\":\"Fip\",\"url\":\"https:\/\/evertonfc.cz\/index.php\/author\/fip\/\"}]}<\/script>\n<!-- \/ Yoast SEO plugin. -->","yoast_head_json":{"title":"FA Cup: Everton \u2013 Sunderland 1:2 po pen. - Official Czech &amp; Slovak Everton Supporters&#039; Club","robots":{"index":"index","follow":"follow","max-snippet":"max-snippet:-1","max-image-preview":"max-image-preview:large","max-video-preview":"max-video-preview:-1"},"canonical":"https:\/\/evertonfc.cz\/index.php\/2026\/01\/11\/fa-cup-everton-sunderland-1-2-po-pen\/","og_locale":"cs_CZ","og_type":"article","og_title":"FA Cup: Everton \u2013 Sunderland 1:2 po pen. - Official Czech &amp; Slovak Everton Supporters&#039; Club","og_description":"Co jsem si v\u016fbec myslel? \u010cekal jsem snad, \u017ee bychom mohli z\u00edskat poh\u00e1r? \u017de bychom se dostali aspo\u0148 p\u0159es p\u00e1r p\u0159ek\u00e1\u017eek? Hloup\u00fd j\u00e1.","og_url":"https:\/\/evertonfc.cz\/index.php\/2026\/01\/11\/fa-cup-everton-sunderland-1-2-po-pen\/","og_site_name":"Official Czech &amp; Slovak Everton Supporters&#039; Club","article_publisher":"https:\/\/www.facebook.com\/everton.fans.cz.sk","article_published_time":"2026-01-11T19:41:59+00:00","article_modified_time":"2026-01-13T03:30:32+00:00","og_image":[{"width":720,"height":405,"url":"https:\/\/evertonfc.cz\/wp-content\/uploads\/2026\/01\/fac_blackcats.jpg","type":"image\/jpeg"}],"author":"Fip","twitter_card":"summary_large_image","twitter_misc":{"Napsal(a)":"Fip","Odhadovan\u00e1 doba \u010dten\u00ed":"4 minuty"},"schema":{"@context":"https:\/\/schema.org","@graph":[{"@type":"Article","@id":"https:\/\/evertonfc.cz\/index.php\/2026\/01\/11\/fa-cup-everton-sunderland-1-2-po-pen\/#article","isPartOf":{"@id":"https:\/\/evertonfc.cz\/index.php\/2026\/01\/11\/fa-cup-everton-sunderland-1-2-po-pen\/"},"author":{"name":"Fip","@id":"https:\/\/evertonfc.cz\/#\/schema\/person\/35904009755e8eaa0dc1a5f5f0419002"},"headline":"FA Cup: Everton \u2013 Sunderland 1:2 po pen.","datePublished":"2026-01-11T19:41:59+00:00","dateModified":"2026-01-13T03:30:32+00:00","mainEntityOfPage":{"@id":"https:\/\/evertonfc.cz\/index.php\/2026\/01\/11\/fa-cup-everton-sunderland-1-2-po-pen\/"},"wordCount":849,"commentCount":2,"publisher":{"@id":"https:\/\/evertonfc.cz\/#organization"},"image":{"@id":"https:\/\/evertonfc.cz\/index.php\/2026\/01\/11\/fa-cup-everton-sunderland-1-2-po-pen\/#primaryimage"},"thumbnailUrl":"https:\/\/evertonfc.cz\/wp-content\/uploads\/2026\/01\/fac_blackcats.jpg","articleSection":["Z\u00e1pasy"],"inLanguage":"cs","potentialAction":[{"@type":"CommentAction","name":"Comment","target":["https:\/\/evertonfc.cz\/index.php\/2026\/01\/11\/fa-cup-everton-sunderland-1-2-po-pen\/#respond"]}]},{"@type":"WebPage","@id":"https:\/\/evertonfc.cz\/index.php\/2026\/01\/11\/fa-cup-everton-sunderland-1-2-po-pen\/","url":"https:\/\/evertonfc.cz\/index.php\/2026\/01\/11\/fa-cup-everton-sunderland-1-2-po-pen\/","name":"FA Cup: Everton \u2013 Sunderland 1:2 po pen. - Official Czech &amp; Slovak Everton Supporters&#039; Club","isPartOf":{"@id":"https:\/\/evertonfc.cz\/#website"},"primaryImageOfPage":{"@id":"https:\/\/evertonfc.cz\/index.php\/2026\/01\/11\/fa-cup-everton-sunderland-1-2-po-pen\/#primaryimage"},"image":{"@id":"https:\/\/evertonfc.cz\/index.php\/2026\/01\/11\/fa-cup-everton-sunderland-1-2-po-pen\/#primaryimage"},"thumbnailUrl":"https:\/\/evertonfc.cz\/wp-content\/uploads\/2026\/01\/fac_blackcats.jpg","datePublished":"2026-01-11T19:41:59+00:00","dateModified":"2026-01-13T03:30:32+00:00","breadcrumb":{"@id":"https:\/\/evertonfc.cz\/index.php\/2026\/01\/11\/fa-cup-everton-sunderland-1-2-po-pen\/#breadcrumb"},"inLanguage":"cs","potentialAction":[{"@type":"ReadAction","target":["https:\/\/evertonfc.cz\/index.php\/2026\/01\/11\/fa-cup-everton-sunderland-1-2-po-pen\/"]}]},{"@type":"ImageObject","inLanguage":"cs","@id":"https:\/\/evertonfc.cz\/index.php\/2026\/01\/11\/fa-cup-everton-sunderland-1-2-po-pen\/#primaryimage","url":"https:\/\/evertonfc.cz\/wp-content\/uploads\/2026\/01\/fac_blackcats.jpg","contentUrl":"https:\/\/evertonfc.cz\/wp-content\/uploads\/2026\/01\/fac_blackcats.jpg","width":720,"height":405},{"@type":"BreadcrumbList","@id":"https:\/\/evertonfc.cz\/index.php\/2026\/01\/11\/fa-cup-everton-sunderland-1-2-po-pen\/#breadcrumb","itemListElement":[{"@type":"ListItem","position":1,"name":"Home","item":"https:\/\/evertonfc.cz\/"},{"@type":"ListItem","position":2,"name":"FA Cup: Everton \u2013 Sunderland 1:2 po pen."}]},{"@type":"WebSite","@id":"https:\/\/evertonfc.cz\/#website","url":"https:\/\/evertonfc.cz\/","name":"Official Czech &amp; Slovak Everton Supporters&#039; Club","description":"","publisher":{"@id":"https:\/\/evertonfc.cz\/#organization"},"potentialAction":[{"@type":"SearchAction","target":{"@type":"EntryPoint","urlTemplate":"https:\/\/evertonfc.cz\/?s={search_term_string}"},"query-input":{"@type":"PropertyValueSpecification","valueRequired":true,"valueName":"search_term_string"}}],"inLanguage":"cs"},{"@type":"Organization","@id":"https:\/\/evertonfc.cz\/#organization","name":"Official Czech & Slovak Everton Supporters' Club","url":"https:\/\/evertonfc.cz\/","logo":{"@type":"ImageObject","inLanguage":"cs","@id":"https:\/\/evertonfc.cz\/#\/schema\/logo\/image\/","url":"https:\/\/evertonfc.cz\/wp-content\/uploads\/2019\/05\/logo.png","contentUrl":"https:\/\/evertonfc.cz\/wp-content\/uploads\/2019\/05\/logo.png","width":112,"height":112,"caption":"Official Czech & Slovak Everton Supporters' Club"},"image":{"@id":"https:\/\/evertonfc.cz\/#\/schema\/logo\/image\/"},"sameAs":["https:\/\/www.facebook.com\/everton.fans.cz.sk"]},{"@type":"Person","@id":"https:\/\/evertonfc.cz\/#\/schema\/person\/35904009755e8eaa0dc1a5f5f0419002","name":"Fip","url":"https:\/\/evertonfc.cz\/index.php\/author\/fip\/"}]}},"_links":{"self":[{"href":"https:\/\/evertonfc.cz\/index.php\/wp-json\/wp\/v2\/posts\/28195"}],"collection":[{"href":"https:\/\/evertonfc.cz\/index.php\/wp-json\/wp\/v2\/posts"}],"about":[{"href":"https:\/\/evertonfc.cz\/index.php\/wp-json\/wp\/v2\/types\/post"}],"author":[{"embeddable":true,"href":"https:\/\/evertonfc.cz\/index.php\/wp-json\/wp\/v2\/users\/10"}],"replies":[{"embeddable":true,"href":"https:\/\/evertonfc.cz\/index.php\/wp-json\/wp\/v2\/comments?post=28195"}],"version-history":[{"count":6,"href":"https:\/\/evertonfc.cz\/index.php\/wp-json\/wp\/v2\/posts\/28195\/revisions"}],"predecessor-version":[{"id":28205,"href":"https:\/\/evertonfc.cz\/index.php\/wp-json\/wp\/v2\/posts\/28195\/revisions\/28205"}],"wp:featuredmedia":[{"embeddable":true,"href":"https:\/\/evertonfc.cz\/index.php\/wp-json\/wp\/v2\/media\/28196"}],"wp:attachment":[{"href":"https:\/\/evertonfc.cz\/index.php\/wp-json\/wp\/v2\/media?parent=28195"}],"wp:term":[{"taxonomy":"category","embeddable":true,"href":"https:\/\/evertonfc.cz\/index.php\/wp-json\/wp\/v2\/categories?post=28195"},{"taxonomy":"post_tag","embeddable":true,"href":"https:\/\/evertonfc.cz\/index.php\/wp-json\/wp\/v2\/tags?post=28195"}],"curies":[{"name":"wp","href":"https:\/\/api.w.org\/{rel}","templated":true}]}}