{"id":28207,"date":"2026-01-14T21:34:08","date_gmt":"2026-01-14T20:34:08","guid":{"rendered":"https:\/\/evertonfc.cz\/?p=28207"},"modified":"2026-01-15T10:54:43","modified_gmt":"2026-01-15T09:54:43","slug":"manchester-city-w-ewerton-w-20","status":"publish","type":"post","link":"https:\/\/evertonfc.cz\/index.php\/2026\/01\/14\/manchester-city-w-ewerton-w-20\/","title":{"rendered":"Manchester City W &#8211; Everton W 2:0"},"content":{"rendered":"<h4>Prohra s adeptkami na titul byla ve skute\u010dnosti mnohem p\u0159esv\u011bd\u010div\u011bj\u0161\u00ed, ne\u017e by napov\u00eddalo sk\u00f3re.<\/h4>\n<p>City zat\u00edm s p\u0159ehledem v\u00e9vod\u00ed tabulce a v z\u00e1pase hr\u00e1lo roli jasn\u00e9ho favorita. Everton p\u0159icestoval bez nemocn\u00e9 Ishikawy a k nastoupen\u00ed k cel\u00e9mu z\u00e1pasu nebyla zcela ve form\u011b ani jej\u00ed kolegyn\u011b Kitagawa. Pot\u011b\u0161iteln\u00e1 naopak byla nominace Galli, kter\u00e1 nakonec zas\u00e1hla do hry aspo\u0148 z lavi\u010dky a rovn\u011b\u017e za\u0159azen\u00ed Blundell na soupisku kr\u00e1tce po jej\u00edm p\u0159\u00edchodu na hostov\u00e1n\u00ed z manchestersk\u00fdch United.<\/p>\n<h4>Prvn\u00ed polo\u010das<\/h4>\n<p>p\u0159inesl o\u010dek\u00e1vanou ofenzivn\u00ed smr\u0161\u0165 dom\u00e1c\u00edch. A s n\u00ed i p\u0159ehl\u00eddku v\u00fdborn\u00fdch obrann\u00fdch z\u00e1krok\u016f Brosnan mezi ty\u010demi a Mace p\u0159ed n\u00ed. Obranou hrou jsme dok\u00e1zali vzdorovat a\u017e do 26. minuty, kdy Kerolin (pravd\u011bpodobn\u011b i s pomoc\u00ed te\u010de Fen\u00e1ndez) p\u0159ekonala Brosnan a dostala dom\u00e1c\u00ed do veden\u00ed &#8211; <strong>1:0<\/strong>. Na\u0161e odpov\u011b\u010f p\u0159i\u0161la p\u011bt minut na to. Holmgaard rozehr\u00e1la roh a Fern\u00e1ndez na p\u0159edn\u00ed ty\u010di doklepla m\u00ed\u010d do s\u00edt\u011b Citizens. Bohu\u017eel obvyklou rohovou strkanici v mez\u00edch pravidel vyhodnotil rozhod\u010d\u00ed jako faul Mace na Yamashitu a vyrovn\u00e1vac\u00ed g\u00f3l zru\u0161il. V\u00fdrok sud\u00edho vzbudil podiv mezi hr\u00e1\u010dkami i koment\u00e1tory ve studiu. Ani s odstupem \u010dasu se nena\u0161lo mnoho nez\u00e1visl\u00fdch hlas\u016f, kter\u00e9 by souhlasily s v\u00fdrokem arbitra. Nicm\u00e9n\u011b to n\u00e1m pochopiteln\u011b nebylo nic platn\u00e9.<\/p>\n<h4>Druh\u00fd polo\u010das<\/h4>\n<p>Pokud v prvn\u00ed p\u016fli Citizens dominovaly, tak ve druh\u00e9 se hr\u00e1lo prakticky v\u00fdhradn\u011b na na\u0161\u00ed polovin\u011b. Na\u0161e z\u00e1loha prakticky zcela rezignovala na hru dop\u0159edu a st\u00e1hli jsme se do hlubok\u00e9ho obrann\u00e9ho bloku. Hra se postupn\u011b omezila na souboj nejlep\u0161\u00ed st\u0159elkyn\u011b dom\u00e1c\u00edch Shaw a na\u0161\u00ed Brosnan v brance. Jamajsk\u00e1 strikerka ale m\u011bla mizern\u00fd den a po jeden\u00e1cti promarn\u011bn\u00fdch st\u0159el\u00e1ch ji Brosnan t\u00e9m\u011b\u0159 dohnala k slz\u00e1m. Druh\u00fd g\u00f3l City si zaknihovala po suver\u00e9nn\u00ed st\u0159ele z v\u00e1pna Miedema. Je a\u017e s podivem, s jakou samoz\u0159ejmost\u00ed a lehkost\u00ed dok\u00e1\u017ee tato hr\u00e1\u010dka zakon\u010dovat &#8211; <strong>2:0<\/strong>. Za n\u00e1s mohla\u00a0 sk\u00f3re korigovat Blundell chv\u00edli po sv\u00e9m premi\u00e9rov\u00e9m p\u0159\u00edchodu na h\u0159i\u0161t\u011b, ale na\u0161\u00ed jedinou st\u0159elu na branku sm\u011b\u0159ovala do n\u00e1ru\u010de Yamashity.<\/p>\n<h4>Shrnut\u00ed<\/h4>\n<p>Jak bylo \u0159e\u010deno v \u00favodu, v\u00fdsledn\u00e9 sk\u00f3re je k n\u00e1m vzhledem k pr\u016fb\u011bhu z\u00e1pasu milosrdn\u00e9. Ob\u011btav\u00fd v\u00fdkon Brosnan a na\u0161\u00ed obrann\u00e9 \u0159ady zabr\u00e1nil katastrof\u011b. \u0160koda nespr\u00e1vn\u011b neuznan\u00e9 branky Fern\u00e1ndez, ale i kdyby n\u00e1m byla p\u0159iznan\u00e1, tak nemysl\u00edm, \u017ee by si Citizens nechaly v\u00edt\u011bzstv\u00ed v tomto z\u00e1pase ut\u00e9ct. Hor\u0161\u00ed ne\u017e nulov\u00fd bodov\u00fd zisk bylo odnesen\u00ed Snoeijs na nos\u00edtk\u00e1ch. Ze zran\u011bn\u00ed se vyklubalo pocuch\u00e1n\u00ed vaz\u016f v kotn\u00edku s odhadovanou pauzou 6-8 t\u00fddn\u016f. Snad si trochu sprav\u00edme n\u00e1ladu p\u0159i \u010dtvrte\u010dn\u00edm ma\u010di FA Cup proti West Bromu. <span style=\"color: #0000ff;\"><strong>COYBG!<\/strong><\/span><\/p>\n<p style=\"text-align: right;\"><span style=\"font-size: 8pt;\"><em>Fotografie: Vignola v souboji s Kerolin (zdroj: Getty Images)<\/em><\/span><\/p>\n<p><strong>G\u00f3ly: <\/strong>Kerolin (26\u00b4), Miedema (63\u00b4)\u00a0 <strong>\u017dK:\u00a0<\/strong>Greenwood<\/p>\n<p><strong>MCFC (4-2-3-1): <\/strong>Yamashita; Casparij, Rose, Knaak, Greenwood; Blindkilde Brown, Hasegawa; Kerolin, Miedema (Clinton 64\u00b4), Hemp; Shaw<\/p>\n<p><strong>EFC (4-1-4-1):\u00a0<\/strong>Brosnan, Holmgaard (Kitagawa 64\u00b4), Mace, Fern\u00e1ndez, Pacheco (Blundell 46\u00b4); Hayashi; Payne, Wheeler (Galli 75\u00b4) van Gool (Momiki 64\u00b4), Vignola; Snoeijs (Gago 46\u00b4)<\/p>\n<p><strong>Rozhod\u010d\u00ed: <\/strong>Adewunmi Soneye\u00a0 <strong>Div\u00e1ci: <\/strong>2 833 (<span class=\"wcl-bold_NZXv6 wcl-scores-simple-text-01_-OvnR wcl-scores_Na715\" data-testid=\"wcl-scores-simple-text-01\">Academy Stadium<\/span>)<\/p>\n<p><iframe loading=\"lazy\" title=\"FULL MATCH: Manchester City v Everton | Barclays WSL 25\/26\" width=\"1140\" height=\"641\" src=\"https:\/\/www.youtube.com\/embed\/mKIEALXK71Q?feature=oembed\" frameborder=\"0\" allow=\"accelerometer; autoplay; clipboard-write; encrypted-media; gyroscope; picture-in-picture; web-share\" referrerpolicy=\"strict-origin-when-cross-origin\" allowfullscreen><\/iframe><\/p>\n","protected":false},"excerpt":{"rendered":"<p>Prohra s adeptkami na titul byla ve skute\u010dnosti mnohem p\u0159esv\u011bd\u010div\u011bj\u0161\u00ed, ne\u017e by napov\u00eddalo sk\u00f3re.\u00a0<\/p>\n","protected":false},"author":26,"featured_media":28209,"comment_status":"open","ping_status":"closed","sticky":false,"template":"","format":"standard","meta":{"_eb_attr":"","_monsterinsights_skip_tracking":false,"_monsterinsights_sitenote_active":false,"_monsterinsights_sitenote_note":"","_monsterinsights_sitenote_category":0,"footnotes":""},"categories":[110],"tags":[],"yoast_head":"<!-- This site is optimized with the Yoast SEO plugin v23.4 - https:\/\/yoast.com\/wordpress\/plugins\/seo\/ -->\n<title>Manchester City W - Everton W 2:0 - Official Czech &amp; Slovak Everton Supporters&#039; Club<\/title>\n<meta name=\"robots\" content=\"index, follow, max-snippet:-1, max-image-preview:large, max-video-preview:-1\" \/>\n<link rel=\"canonical\" href=\"https:\/\/evertonfc.cz\/index.php\/2026\/01\/14\/manchester-city-w-ewerton-w-20\/\" \/>\n<meta property=\"og:locale\" content=\"cs_CZ\" \/>\n<meta property=\"og:type\" content=\"article\" \/>\n<meta property=\"og:title\" content=\"Manchester City W - Everton W 2:0 - Official Czech &amp; Slovak Everton Supporters&#039; Club\" \/>\n<meta property=\"og:description\" content=\"Prohra s adeptkami na titul byla ve skute\u010dnosti mnohem p\u0159esv\u011bd\u010div\u011bj\u0161\u00ed, ne\u017e by napov\u00eddalo sk\u00f3re.\u00a0\" \/>\n<meta property=\"og:url\" content=\"https:\/\/evertonfc.cz\/index.php\/2026\/01\/14\/manchester-city-w-ewerton-w-20\/\" \/>\n<meta property=\"og:site_name\" content=\"Official Czech &amp; Slovak Everton Supporters&#039; Club\" \/>\n<meta property=\"article:publisher\" content=\"https:\/\/www.facebook.com\/everton.fans.cz.sk\" \/>\n<meta property=\"article:published_time\" content=\"2026-01-14T20:34:08+00:00\" \/>\n<meta property=\"article:modified_time\" content=\"2026-01-15T09:54:43+00:00\" \/>\n<meta property=\"og:image\" content=\"https:\/\/evertonfc.cz\/wp-content\/uploads\/2026\/01\/Vignola-vs-City-web-14_01_2026.jpg\" \/>\n\t<meta property=\"og:image:width\" content=\"720\" \/>\n\t<meta property=\"og:image:height\" content=\"405\" \/>\n\t<meta property=\"og:image:type\" content=\"image\/jpeg\" \/>\n<meta name=\"author\" content=\"Karamela\" \/>\n<meta name=\"twitter:card\" content=\"summary_large_image\" \/>\n<meta name=\"twitter:label1\" content=\"Napsal(a)\" \/>\n\t<meta name=\"twitter:data1\" content=\"Karamela\" \/>\n\t<meta name=\"twitter:label2\" content=\"Odhadovan\u00e1 doba \u010dten\u00ed\" \/>\n\t<meta name=\"twitter:data2\" content=\"3 minuty\" \/>\n<script type=\"application\/ld+json\" class=\"yoast-schema-graph\">{\"@context\":\"https:\/\/schema.org\",\"@graph\":[{\"@type\":\"Article\",\"@id\":\"https:\/\/evertonfc.cz\/index.php\/2026\/01\/14\/manchester-city-w-ewerton-w-20\/#article\",\"isPartOf\":{\"@id\":\"https:\/\/evertonfc.cz\/index.php\/2026\/01\/14\/manchester-city-w-ewerton-w-20\/\"},\"author\":{\"name\":\"Karamela\",\"@id\":\"https:\/\/evertonfc.cz\/#\/schema\/person\/e9a24a80a32efa1344dd2c4e5882185c\"},\"headline\":\"Manchester City W &#8211; Everton W 2:0\",\"datePublished\":\"2026-01-14T20:34:08+00:00\",\"dateModified\":\"2026-01-15T09:54:43+00:00\",\"mainEntityOfPage\":{\"@id\":\"https:\/\/evertonfc.cz\/index.php\/2026\/01\/14\/manchester-city-w-ewerton-w-20\/\"},\"wordCount\":606,\"commentCount\":0,\"publisher\":{\"@id\":\"https:\/\/evertonfc.cz\/#organization\"},\"image\":{\"@id\":\"https:\/\/evertonfc.cz\/index.php\/2026\/01\/14\/manchester-city-w-ewerton-w-20\/#primaryimage\"},\"thumbnailUrl\":\"https:\/\/evertonfc.cz\/wp-content\/uploads\/2026\/01\/Vignola-vs-City-web-14_01_2026.jpg\",\"articleSection\":[\"Everton Women\"],\"inLanguage\":\"cs\",\"potentialAction\":[{\"@type\":\"CommentAction\",\"name\":\"Comment\",\"target\":[\"https:\/\/evertonfc.cz\/index.php\/2026\/01\/14\/manchester-city-w-ewerton-w-20\/#respond\"]}]},{\"@type\":\"WebPage\",\"@id\":\"https:\/\/evertonfc.cz\/index.php\/2026\/01\/14\/manchester-city-w-ewerton-w-20\/\",\"url\":\"https:\/\/evertonfc.cz\/index.php\/2026\/01\/14\/manchester-city-w-ewerton-w-20\/\",\"name\":\"Manchester City W - Everton W 2:0 - Official Czech &amp; Slovak Everton Supporters&#039; Club\",\"isPartOf\":{\"@id\":\"https:\/\/evertonfc.cz\/#website\"},\"primaryImageOfPage\":{\"@id\":\"https:\/\/evertonfc.cz\/index.php\/2026\/01\/14\/manchester-city-w-ewerton-w-20\/#primaryimage\"},\"image\":{\"@id\":\"https:\/\/evertonfc.cz\/index.php\/2026\/01\/14\/manchester-city-w-ewerton-w-20\/#primaryimage\"},\"thumbnailUrl\":\"https:\/\/evertonfc.cz\/wp-content\/uploads\/2026\/01\/Vignola-vs-City-web-14_01_2026.jpg\",\"datePublished\":\"2026-01-14T20:34:08+00:00\",\"dateModified\":\"2026-01-15T09:54:43+00:00\",\"breadcrumb\":{\"@id\":\"https:\/\/evertonfc.cz\/index.php\/2026\/01\/14\/manchester-city-w-ewerton-w-20\/#breadcrumb\"},\"inLanguage\":\"cs\",\"potentialAction\":[{\"@type\":\"ReadAction\",\"target\":[\"https:\/\/evertonfc.cz\/index.php\/2026\/01\/14\/manchester-city-w-ewerton-w-20\/\"]}]},{\"@type\":\"ImageObject\",\"inLanguage\":\"cs\",\"@id\":\"https:\/\/evertonfc.cz\/index.php\/2026\/01\/14\/manchester-city-w-ewerton-w-20\/#primaryimage\",\"url\":\"https:\/\/evertonfc.cz\/wp-content\/uploads\/2026\/01\/Vignola-vs-City-web-14_01_2026.jpg\",\"contentUrl\":\"https:\/\/evertonfc.cz\/wp-content\/uploads\/2026\/01\/Vignola-vs-City-web-14_01_2026.jpg\",\"width\":720,\"height\":405},{\"@type\":\"BreadcrumbList\",\"@id\":\"https:\/\/evertonfc.cz\/index.php\/2026\/01\/14\/manchester-city-w-ewerton-w-20\/#breadcrumb\",\"itemListElement\":[{\"@type\":\"ListItem\",\"position\":1,\"name\":\"Home\",\"item\":\"https:\/\/evertonfc.cz\/\"},{\"@type\":\"ListItem\",\"position\":2,\"name\":\"Manchester City W &#8211; Everton W 2:0\"}]},{\"@type\":\"WebSite\",\"@id\":\"https:\/\/evertonfc.cz\/#website\",\"url\":\"https:\/\/evertonfc.cz\/\",\"name\":\"Official Czech &amp; Slovak Everton Supporters&#039; Club\",\"description\":\"\",\"publisher\":{\"@id\":\"https:\/\/evertonfc.cz\/#organization\"},\"potentialAction\":[{\"@type\":\"SearchAction\",\"target\":{\"@type\":\"EntryPoint\",\"urlTemplate\":\"https:\/\/evertonfc.cz\/?s={search_term_string}\"},\"query-input\":{\"@type\":\"PropertyValueSpecification\",\"valueRequired\":true,\"valueName\":\"search_term_string\"}}],\"inLanguage\":\"cs\"},{\"@type\":\"Organization\",\"@id\":\"https:\/\/evertonfc.cz\/#organization\",\"name\":\"Official Czech & Slovak Everton Supporters' Club\",\"url\":\"https:\/\/evertonfc.cz\/\",\"logo\":{\"@type\":\"ImageObject\",\"inLanguage\":\"cs\",\"@id\":\"https:\/\/evertonfc.cz\/#\/schema\/logo\/image\/\",\"url\":\"https:\/\/evertonfc.cz\/wp-content\/uploads\/2019\/05\/logo.png\",\"contentUrl\":\"https:\/\/evertonfc.cz\/wp-content\/uploads\/2019\/05\/logo.png\",\"width\":112,\"height\":112,\"caption\":\"Official Czech & Slovak Everton Supporters' Club\"},\"image\":{\"@id\":\"https:\/\/evertonfc.cz\/#\/schema\/logo\/image\/\"},\"sameAs\":[\"https:\/\/www.facebook.com\/everton.fans.cz.sk\"]},{\"@type\":\"Person\",\"@id\":\"https:\/\/evertonfc.cz\/#\/schema\/person\/e9a24a80a32efa1344dd2c4e5882185c\",\"name\":\"Karamela\",\"url\":\"https:\/\/evertonfc.cz\/index.php\/author\/karamela\/\"}]}<\/script>\n<!-- \/ Yoast SEO plugin. -->","yoast_head_json":{"title":"Manchester City W - Everton W 2:0 - Official Czech &amp; Slovak Everton Supporters&#039; Club","robots":{"index":"index","follow":"follow","max-snippet":"max-snippet:-1","max-image-preview":"max-image-preview:large","max-video-preview":"max-video-preview:-1"},"canonical":"https:\/\/evertonfc.cz\/index.php\/2026\/01\/14\/manchester-city-w-ewerton-w-20\/","og_locale":"cs_CZ","og_type":"article","og_title":"Manchester City W - Everton W 2:0 - Official Czech &amp; Slovak Everton Supporters&#039; Club","og_description":"Prohra s adeptkami na titul byla ve skute\u010dnosti mnohem p\u0159esv\u011bd\u010div\u011bj\u0161\u00ed, ne\u017e by napov\u00eddalo sk\u00f3re.\u00a0","og_url":"https:\/\/evertonfc.cz\/index.php\/2026\/01\/14\/manchester-city-w-ewerton-w-20\/","og_site_name":"Official Czech &amp; Slovak Everton Supporters&#039; Club","article_publisher":"https:\/\/www.facebook.com\/everton.fans.cz.sk","article_published_time":"2026-01-14T20:34:08+00:00","article_modified_time":"2026-01-15T09:54:43+00:00","og_image":[{"width":720,"height":405,"url":"https:\/\/evertonfc.cz\/wp-content\/uploads\/2026\/01\/Vignola-vs-City-web-14_01_2026.jpg","type":"image\/jpeg"}],"author":"Karamela","twitter_card":"summary_large_image","twitter_misc":{"Napsal(a)":"Karamela","Odhadovan\u00e1 doba \u010dten\u00ed":"3 minuty"},"schema":{"@context":"https:\/\/schema.org","@graph":[{"@type":"Article","@id":"https:\/\/evertonfc.cz\/index.php\/2026\/01\/14\/manchester-city-w-ewerton-w-20\/#article","isPartOf":{"@id":"https:\/\/evertonfc.cz\/index.php\/2026\/01\/14\/manchester-city-w-ewerton-w-20\/"},"author":{"name":"Karamela","@id":"https:\/\/evertonfc.cz\/#\/schema\/person\/e9a24a80a32efa1344dd2c4e5882185c"},"headline":"Manchester City W &#8211; Everton W 2:0","datePublished":"2026-01-14T20:34:08+00:00","dateModified":"2026-01-15T09:54:43+00:00","mainEntityOfPage":{"@id":"https:\/\/evertonfc.cz\/index.php\/2026\/01\/14\/manchester-city-w-ewerton-w-20\/"},"wordCount":606,"commentCount":0,"publisher":{"@id":"https:\/\/evertonfc.cz\/#organization"},"image":{"@id":"https:\/\/evertonfc.cz\/index.php\/2026\/01\/14\/manchester-city-w-ewerton-w-20\/#primaryimage"},"thumbnailUrl":"https:\/\/evertonfc.cz\/wp-content\/uploads\/2026\/01\/Vignola-vs-City-web-14_01_2026.jpg","articleSection":["Everton Women"],"inLanguage":"cs","potentialAction":[{"@type":"CommentAction","name":"Comment","target":["https:\/\/evertonfc.cz\/index.php\/2026\/01\/14\/manchester-city-w-ewerton-w-20\/#respond"]}]},{"@type":"WebPage","@id":"https:\/\/evertonfc.cz\/index.php\/2026\/01\/14\/manchester-city-w-ewerton-w-20\/","url":"https:\/\/evertonfc.cz\/index.php\/2026\/01\/14\/manchester-city-w-ewerton-w-20\/","name":"Manchester City W - Everton W 2:0 - Official Czech &amp; Slovak Everton Supporters&#039; Club","isPartOf":{"@id":"https:\/\/evertonfc.cz\/#website"},"primaryImageOfPage":{"@id":"https:\/\/evertonfc.cz\/index.php\/2026\/01\/14\/manchester-city-w-ewerton-w-20\/#primaryimage"},"image":{"@id":"https:\/\/evertonfc.cz\/index.php\/2026\/01\/14\/manchester-city-w-ewerton-w-20\/#primaryimage"},"thumbnailUrl":"https:\/\/evertonfc.cz\/wp-content\/uploads\/2026\/01\/Vignola-vs-City-web-14_01_2026.jpg","datePublished":"2026-01-14T20:34:08+00:00","dateModified":"2026-01-15T09:54:43+00:00","breadcrumb":{"@id":"https:\/\/evertonfc.cz\/index.php\/2026\/01\/14\/manchester-city-w-ewerton-w-20\/#breadcrumb"},"inLanguage":"cs","potentialAction":[{"@type":"ReadAction","target":["https:\/\/evertonfc.cz\/index.php\/2026\/01\/14\/manchester-city-w-ewerton-w-20\/"]}]},{"@type":"ImageObject","inLanguage":"cs","@id":"https:\/\/evertonfc.cz\/index.php\/2026\/01\/14\/manchester-city-w-ewerton-w-20\/#primaryimage","url":"https:\/\/evertonfc.cz\/wp-content\/uploads\/2026\/01\/Vignola-vs-City-web-14_01_2026.jpg","contentUrl":"https:\/\/evertonfc.cz\/wp-content\/uploads\/2026\/01\/Vignola-vs-City-web-14_01_2026.jpg","width":720,"height":405},{"@type":"BreadcrumbList","@id":"https:\/\/evertonfc.cz\/index.php\/2026\/01\/14\/manchester-city-w-ewerton-w-20\/#breadcrumb","itemListElement":[{"@type":"ListItem","position":1,"name":"Home","item":"https:\/\/evertonfc.cz\/"},{"@type":"ListItem","position":2,"name":"Manchester City W &#8211; Everton W 2:0"}]},{"@type":"WebSite","@id":"https:\/\/evertonfc.cz\/#website","url":"https:\/\/evertonfc.cz\/","name":"Official Czech &amp; Slovak Everton Supporters&#039; Club","description":"","publisher":{"@id":"https:\/\/evertonfc.cz\/#organization"},"potentialAction":[{"@type":"SearchAction","target":{"@type":"EntryPoint","urlTemplate":"https:\/\/evertonfc.cz\/?s={search_term_string}"},"query-input":{"@type":"PropertyValueSpecification","valueRequired":true,"valueName":"search_term_string"}}],"inLanguage":"cs"},{"@type":"Organization","@id":"https:\/\/evertonfc.cz\/#organization","name":"Official Czech & Slovak Everton Supporters' Club","url":"https:\/\/evertonfc.cz\/","logo":{"@type":"ImageObject","inLanguage":"cs","@id":"https:\/\/evertonfc.cz\/#\/schema\/logo\/image\/","url":"https:\/\/evertonfc.cz\/wp-content\/uploads\/2019\/05\/logo.png","contentUrl":"https:\/\/evertonfc.cz\/wp-content\/uploads\/2019\/05\/logo.png","width":112,"height":112,"caption":"Official Czech & Slovak Everton Supporters' Club"},"image":{"@id":"https:\/\/evertonfc.cz\/#\/schema\/logo\/image\/"},"sameAs":["https:\/\/www.facebook.com\/everton.fans.cz.sk"]},{"@type":"Person","@id":"https:\/\/evertonfc.cz\/#\/schema\/person\/e9a24a80a32efa1344dd2c4e5882185c","name":"Karamela","url":"https:\/\/evertonfc.cz\/index.php\/author\/karamela\/"}]}},"_links":{"self":[{"href":"https:\/\/evertonfc.cz\/index.php\/wp-json\/wp\/v2\/posts\/28207"}],"collection":[{"href":"https:\/\/evertonfc.cz\/index.php\/wp-json\/wp\/v2\/posts"}],"about":[{"href":"https:\/\/evertonfc.cz\/index.php\/wp-json\/wp\/v2\/types\/post"}],"author":[{"embeddable":true,"href":"https:\/\/evertonfc.cz\/index.php\/wp-json\/wp\/v2\/users\/26"}],"replies":[{"embeddable":true,"href":"https:\/\/evertonfc.cz\/index.php\/wp-json\/wp\/v2\/comments?post=28207"}],"version-history":[{"count":5,"href":"https:\/\/evertonfc.cz\/index.php\/wp-json\/wp\/v2\/posts\/28207\/revisions"}],"predecessor-version":[{"id":28219,"href":"https:\/\/evertonfc.cz\/index.php\/wp-json\/wp\/v2\/posts\/28207\/revisions\/28219"}],"wp:featuredmedia":[{"embeddable":true,"href":"https:\/\/evertonfc.cz\/index.php\/wp-json\/wp\/v2\/media\/28209"}],"wp:attachment":[{"href":"https:\/\/evertonfc.cz\/index.php\/wp-json\/wp\/v2\/media?parent=28207"}],"wp:term":[{"taxonomy":"category","embeddable":true,"href":"https:\/\/evertonfc.cz\/index.php\/wp-json\/wp\/v2\/categories?post=28207"},{"taxonomy":"post_tag","embeddable":true,"href":"https:\/\/evertonfc.cz\/index.php\/wp-json\/wp\/v2\/tags?post=28207"}],"curies":[{"name":"wp","href":"https:\/\/api.w.org\/{rel}","templated":true}]}}