{"id":28221,"date":"2026-01-16T16:04:50","date_gmt":"2026-01-16T15:04:50","guid":{"rendered":"https:\/\/evertonfc.cz\/?p=28221"},"modified":"2026-03-21T14:24:51","modified_gmt":"2026-03-21T13:24:51","slug":"prichazi-hannah-blundell","status":"publish","type":"post","link":"https:\/\/evertonfc.cz\/index.php\/2026\/01\/16\/prichazi-hannah-blundell\/","title":{"rendered":"P\u0159ich\u00e1z\u00ed Hannah Blundell"},"content":{"rendered":"<h4>Na p\u016flro\u010dn\u00ed hostov\u00e1n\u00ed k n\u00e1m z Manchester United dorazila Hannah Blundell.<\/h4>\n<p>Jednat\u0159icetilet\u00e1 zku\u0161en\u00e1 obr\u00e1nkyn\u011b k n\u00e1m sice byla zap\u016fj\u010den\u00e1 z Manchester United, ale ta nejdel\u0161\u00ed a nejz\u00e1\u0159iv\u011bj\u0161\u00ed \u010d\u00e1st jej\u00ed kari\u00e9ry je spojena s Chelsea. Za lond\u00fdnsk\u00e9 Blues hr\u00e1la u\u017e jako mal\u00e9 d\u011bv\u010de. V roce 2013 si ji vyhl\u00e9dla Enma Hayes a nejen\u017ee ji za\u0159adila ji do prvn\u00edho t\u00fdmu, ale je\u0161t\u011b ji p\u0159est\u011bhovala do bytu hned vedle tr\u00e9ninkov\u00e9ho centra. V Chelsea str\u00e1vila Blundell osm dal\u0161\u00edch let. Za tu dobu byla dvakr\u00e1t nominovan\u00e1 na cenu &#8222;Mlad\u00e1 hr\u00e1\u010dka roku&#8220; (2014, 2015), kter\u00e1 ji ov\u0161em v obou p\u0159\u00edpadech t\u011bsn\u011b unikla (nejprve ji z\u00edskala Williamson, o rok pozd\u011bji Mead). Ale titul nejlep\u0161\u00ed mlad\u00e9 hr\u00e1\u010dky klubu ji u\u017e neunikl, v roce 2015 jej z\u00edskala spole\u010dn\u011b s Millie Bright. A\u017e do roku 2020 byla Blundell prvn\u00ed volbou na post prav\u00e9ho beka. Pak ov\u0161em p\u0159i\u0161el \u00favodn\u00ed z\u00e1pas sez\u00f3ny 2019\/20 a s n\u00edm i poran\u011bn\u00ed kvadricepsu. V konkurenc\u00ed nabyt\u00e9m ambici\u00f3zn\u00edm t\u00fdmu Chelsea ji jeden\u00e1ctit\u00fddenn\u00ed pauza st\u00e1la m\u00edsto v sestav\u011b ve prosp\u011bch (i u n\u00e1s loni p\u016fsobiv\u0161\u00ed) Mjelde.<\/p>\n<p>Ani v dal\u0161\u00ed sez\u00f3n\u011b se Hannah nepoda\u0159ilo znovu se dostat do z\u00e1kladn\u00ed jeden\u00e1ctky. Tak si sbalila kufry a p\u0159esunula se k Manchester United s dvouro\u010dn\u00ed smlouvou a mo\u017en\u00fdm jednoro\u010dn\u00edm prodlou\u017een\u00edm. V Manchesteru byla svoj\u00ed druhou sez\u00f3nu spoluhr\u00e1\u010dkami zvolena hr\u00e1\u010dkou roku. Vdala se za profesion\u00e1ln\u00edho fotbalistu Toma Petta hraj\u00edc\u00edho za Oldham a z\u00e1hy se jim narodila dcera Romi. T\u011bhotenstv\u00ed tajila p\u0159ed spoluhr\u00e1\u010dkami \u010dty\u0159i m\u011bs\u00edce (ale ne p\u0159ed mana\u017eerem a klubov\u00fdm l\u00e9ka\u0159em). Dokonce p\u0159edst\u00edrala zran\u011bn\u00ed aby se vyhnula pravideln\u00fdm fyzick\u00fdm test\u016fm, a\u017e si byla jist\u00e1, \u017ee je v\u0161e jak m\u00e1 b\u00fdt. Gravidita a porod pro Blundell znamenaly v\u00fdpadek a mate\u0159skou dovolenou po celou sez\u00f3nu 2024\/25. Po kr\u00e1tk\u00e9m cameo v listopadu 2025 (stala se tak prvn\u00ed hr\u00e1\u010dkou MUTD, kter\u00e1 se po t\u011bhotenstv\u00ed vr\u00e1tila zp\u011bt do hry) se nyn\u00ed p\u0159esouv\u00e1 k n\u00e1m.<\/p>\n<p>Uvid\u00edme, v jak\u00e9 variant\u011b sestavy Soerensen novou posilu pou\u017eije. Pravd\u011bpodobn\u011b bude hr\u00e1t vpravo nam\u00edsto Holmgaard, nebo s n\u00ed aleterovat. A\u010d pravonoh\u00e1, tak byla v Bundell v minulosti b\u011b\u017en\u011b nasazov\u00e1na i na levou stranu obrany. Tam se ov\u0161em zd\u00e1 b\u00fdt pevn\u011b usazena Pacheco, eventueln\u011b Ishikawa. V ka\u017ed\u00e9m p\u0159\u00edpad\u011b p\u0159ejeme na\u0161\u00ed nov\u00e9 posile mnoho zdaru na jak\u00e9mkoliv postu, na kter\u00fd ji taktika mana\u017eera za\u017eene. <strong><span style=\"color: #0000ff;\">COYBG!<\/span><\/strong><\/p>\n<p style=\"text-align: right;\"><span style=\"font-size: 10pt;\"><em>V \u010dl\u00e1nku p\u0159evzaty informace z wikipedia.org<\/em><\/span><\/p>\n<p style=\"text-align: right;\"><span style=\"font-size: 10pt;\"><em>Zdroj fotografie: bbc.com<\/em><\/span><\/p>\n","protected":false},"excerpt":{"rendered":"<p>Na p\u016flro\u010dn\u00ed hostov\u00e1n\u00ed k n\u00e1m z Manchester United dorazila Hannah Blundell.<\/p>\n","protected":false},"author":26,"featured_media":28233,"comment_status":"open","ping_status":"closed","sticky":false,"template":"","format":"standard","meta":{"_eb_attr":"","_monsterinsights_skip_tracking":false,"_monsterinsights_sitenote_active":false,"_monsterinsights_sitenote_note":"","_monsterinsights_sitenote_category":0,"footnotes":""},"categories":[110],"tags":[],"yoast_head":"<!-- This site is optimized with the Yoast SEO plugin v23.4 - https:\/\/yoast.com\/wordpress\/plugins\/seo\/ -->\n<title>P\u0159ich\u00e1z\u00ed Hannah Blundell - Official Czech &amp; Slovak Everton Supporters&#039; Club<\/title>\n<meta name=\"robots\" content=\"index, follow, max-snippet:-1, max-image-preview:large, max-video-preview:-1\" \/>\n<link rel=\"canonical\" href=\"https:\/\/evertonfc.cz\/index.php\/2026\/01\/16\/prichazi-hannah-blundell\/\" \/>\n<meta property=\"og:locale\" content=\"cs_CZ\" \/>\n<meta property=\"og:type\" content=\"article\" \/>\n<meta property=\"og:title\" content=\"P\u0159ich\u00e1z\u00ed Hannah Blundell - Official Czech &amp; Slovak Everton Supporters&#039; Club\" \/>\n<meta property=\"og:description\" content=\"Na p\u016flro\u010dn\u00ed hostov\u00e1n\u00ed k n\u00e1m z Manchester United dorazila Hannah Blundell.\" \/>\n<meta property=\"og:url\" content=\"https:\/\/evertonfc.cz\/index.php\/2026\/01\/16\/prichazi-hannah-blundell\/\" \/>\n<meta property=\"og:site_name\" content=\"Official Czech &amp; Slovak Everton Supporters&#039; Club\" \/>\n<meta property=\"article:publisher\" content=\"https:\/\/www.facebook.com\/everton.fans.cz.sk\" \/>\n<meta property=\"article:published_time\" content=\"2026-01-16T15:04:50+00:00\" \/>\n<meta property=\"article:modified_time\" content=\"2026-03-21T13:24:51+00:00\" \/>\n<meta property=\"og:image\" content=\"https:\/\/evertonfc.cz\/wp-content\/uploads\/2026\/01\/Blundell-16_02_2026-web.jpg\" \/>\n\t<meta property=\"og:image:width\" content=\"720\" \/>\n\t<meta property=\"og:image:height\" content=\"405\" \/>\n\t<meta property=\"og:image:type\" content=\"image\/jpeg\" \/>\n<meta name=\"author\" content=\"Karamela\" \/>\n<meta name=\"twitter:card\" content=\"summary_large_image\" \/>\n<meta name=\"twitter:label1\" content=\"Napsal(a)\" \/>\n\t<meta name=\"twitter:data1\" content=\"Karamela\" \/>\n\t<meta name=\"twitter:label2\" content=\"Odhadovan\u00e1 doba \u010dten\u00ed\" \/>\n\t<meta name=\"twitter:data2\" content=\"3 minuty\" \/>\n<script type=\"application\/ld+json\" class=\"yoast-schema-graph\">{\"@context\":\"https:\/\/schema.org\",\"@graph\":[{\"@type\":\"Article\",\"@id\":\"https:\/\/evertonfc.cz\/index.php\/2026\/01\/16\/prichazi-hannah-blundell\/#article\",\"isPartOf\":{\"@id\":\"https:\/\/evertonfc.cz\/index.php\/2026\/01\/16\/prichazi-hannah-blundell\/\"},\"author\":{\"name\":\"Karamela\",\"@id\":\"https:\/\/evertonfc.cz\/#\/schema\/person\/e9a24a80a32efa1344dd2c4e5882185c\"},\"headline\":\"P\u0159ich\u00e1z\u00ed Hannah Blundell\",\"datePublished\":\"2026-01-16T15:04:50+00:00\",\"dateModified\":\"2026-03-21T13:24:51+00:00\",\"mainEntityOfPage\":{\"@id\":\"https:\/\/evertonfc.cz\/index.php\/2026\/01\/16\/prichazi-hannah-blundell\/\"},\"wordCount\":493,\"commentCount\":0,\"publisher\":{\"@id\":\"https:\/\/evertonfc.cz\/#organization\"},\"image\":{\"@id\":\"https:\/\/evertonfc.cz\/index.php\/2026\/01\/16\/prichazi-hannah-blundell\/#primaryimage\"},\"thumbnailUrl\":\"https:\/\/evertonfc.cz\/wp-content\/uploads\/2026\/01\/Blundell-16_02_2026-web.jpg\",\"articleSection\":[\"Everton Women\"],\"inLanguage\":\"cs\",\"potentialAction\":[{\"@type\":\"CommentAction\",\"name\":\"Comment\",\"target\":[\"https:\/\/evertonfc.cz\/index.php\/2026\/01\/16\/prichazi-hannah-blundell\/#respond\"]}]},{\"@type\":\"WebPage\",\"@id\":\"https:\/\/evertonfc.cz\/index.php\/2026\/01\/16\/prichazi-hannah-blundell\/\",\"url\":\"https:\/\/evertonfc.cz\/index.php\/2026\/01\/16\/prichazi-hannah-blundell\/\",\"name\":\"P\u0159ich\u00e1z\u00ed Hannah Blundell - Official Czech &amp; Slovak Everton Supporters&#039; Club\",\"isPartOf\":{\"@id\":\"https:\/\/evertonfc.cz\/#website\"},\"primaryImageOfPage\":{\"@id\":\"https:\/\/evertonfc.cz\/index.php\/2026\/01\/16\/prichazi-hannah-blundell\/#primaryimage\"},\"image\":{\"@id\":\"https:\/\/evertonfc.cz\/index.php\/2026\/01\/16\/prichazi-hannah-blundell\/#primaryimage\"},\"thumbnailUrl\":\"https:\/\/evertonfc.cz\/wp-content\/uploads\/2026\/01\/Blundell-16_02_2026-web.jpg\",\"datePublished\":\"2026-01-16T15:04:50+00:00\",\"dateModified\":\"2026-03-21T13:24:51+00:00\",\"breadcrumb\":{\"@id\":\"https:\/\/evertonfc.cz\/index.php\/2026\/01\/16\/prichazi-hannah-blundell\/#breadcrumb\"},\"inLanguage\":\"cs\",\"potentialAction\":[{\"@type\":\"ReadAction\",\"target\":[\"https:\/\/evertonfc.cz\/index.php\/2026\/01\/16\/prichazi-hannah-blundell\/\"]}]},{\"@type\":\"ImageObject\",\"inLanguage\":\"cs\",\"@id\":\"https:\/\/evertonfc.cz\/index.php\/2026\/01\/16\/prichazi-hannah-blundell\/#primaryimage\",\"url\":\"https:\/\/evertonfc.cz\/wp-content\/uploads\/2026\/01\/Blundell-16_02_2026-web.jpg\",\"contentUrl\":\"https:\/\/evertonfc.cz\/wp-content\/uploads\/2026\/01\/Blundell-16_02_2026-web.jpg\",\"width\":720,\"height\":405},{\"@type\":\"BreadcrumbList\",\"@id\":\"https:\/\/evertonfc.cz\/index.php\/2026\/01\/16\/prichazi-hannah-blundell\/#breadcrumb\",\"itemListElement\":[{\"@type\":\"ListItem\",\"position\":1,\"name\":\"Home\",\"item\":\"https:\/\/evertonfc.cz\/\"},{\"@type\":\"ListItem\",\"position\":2,\"name\":\"P\u0159ich\u00e1z\u00ed Hannah Blundell\"}]},{\"@type\":\"WebSite\",\"@id\":\"https:\/\/evertonfc.cz\/#website\",\"url\":\"https:\/\/evertonfc.cz\/\",\"name\":\"Official Czech &amp; Slovak Everton Supporters&#039; Club\",\"description\":\"\",\"publisher\":{\"@id\":\"https:\/\/evertonfc.cz\/#organization\"},\"potentialAction\":[{\"@type\":\"SearchAction\",\"target\":{\"@type\":\"EntryPoint\",\"urlTemplate\":\"https:\/\/evertonfc.cz\/?s={search_term_string}\"},\"query-input\":{\"@type\":\"PropertyValueSpecification\",\"valueRequired\":true,\"valueName\":\"search_term_string\"}}],\"inLanguage\":\"cs\"},{\"@type\":\"Organization\",\"@id\":\"https:\/\/evertonfc.cz\/#organization\",\"name\":\"Official Czech & Slovak Everton Supporters' Club\",\"url\":\"https:\/\/evertonfc.cz\/\",\"logo\":{\"@type\":\"ImageObject\",\"inLanguage\":\"cs\",\"@id\":\"https:\/\/evertonfc.cz\/#\/schema\/logo\/image\/\",\"url\":\"https:\/\/evertonfc.cz\/wp-content\/uploads\/2019\/05\/logo.png\",\"contentUrl\":\"https:\/\/evertonfc.cz\/wp-content\/uploads\/2019\/05\/logo.png\",\"width\":112,\"height\":112,\"caption\":\"Official Czech & Slovak Everton Supporters' Club\"},\"image\":{\"@id\":\"https:\/\/evertonfc.cz\/#\/schema\/logo\/image\/\"},\"sameAs\":[\"https:\/\/www.facebook.com\/everton.fans.cz.sk\"]},{\"@type\":\"Person\",\"@id\":\"https:\/\/evertonfc.cz\/#\/schema\/person\/e9a24a80a32efa1344dd2c4e5882185c\",\"name\":\"Karamela\",\"url\":\"https:\/\/evertonfc.cz\/index.php\/author\/karamela\/\"}]}<\/script>\n<!-- \/ Yoast SEO plugin. -->","yoast_head_json":{"title":"P\u0159ich\u00e1z\u00ed Hannah Blundell - Official Czech &amp; Slovak Everton Supporters&#039; Club","robots":{"index":"index","follow":"follow","max-snippet":"max-snippet:-1","max-image-preview":"max-image-preview:large","max-video-preview":"max-video-preview:-1"},"canonical":"https:\/\/evertonfc.cz\/index.php\/2026\/01\/16\/prichazi-hannah-blundell\/","og_locale":"cs_CZ","og_type":"article","og_title":"P\u0159ich\u00e1z\u00ed Hannah Blundell - Official Czech &amp; Slovak Everton Supporters&#039; Club","og_description":"Na p\u016flro\u010dn\u00ed hostov\u00e1n\u00ed k n\u00e1m z Manchester United dorazila Hannah Blundell.","og_url":"https:\/\/evertonfc.cz\/index.php\/2026\/01\/16\/prichazi-hannah-blundell\/","og_site_name":"Official Czech &amp; Slovak Everton Supporters&#039; Club","article_publisher":"https:\/\/www.facebook.com\/everton.fans.cz.sk","article_published_time":"2026-01-16T15:04:50+00:00","article_modified_time":"2026-03-21T13:24:51+00:00","og_image":[{"width":720,"height":405,"url":"https:\/\/evertonfc.cz\/wp-content\/uploads\/2026\/01\/Blundell-16_02_2026-web.jpg","type":"image\/jpeg"}],"author":"Karamela","twitter_card":"summary_large_image","twitter_misc":{"Napsal(a)":"Karamela","Odhadovan\u00e1 doba \u010dten\u00ed":"3 minuty"},"schema":{"@context":"https:\/\/schema.org","@graph":[{"@type":"Article","@id":"https:\/\/evertonfc.cz\/index.php\/2026\/01\/16\/prichazi-hannah-blundell\/#article","isPartOf":{"@id":"https:\/\/evertonfc.cz\/index.php\/2026\/01\/16\/prichazi-hannah-blundell\/"},"author":{"name":"Karamela","@id":"https:\/\/evertonfc.cz\/#\/schema\/person\/e9a24a80a32efa1344dd2c4e5882185c"},"headline":"P\u0159ich\u00e1z\u00ed Hannah Blundell","datePublished":"2026-01-16T15:04:50+00:00","dateModified":"2026-03-21T13:24:51+00:00","mainEntityOfPage":{"@id":"https:\/\/evertonfc.cz\/index.php\/2026\/01\/16\/prichazi-hannah-blundell\/"},"wordCount":493,"commentCount":0,"publisher":{"@id":"https:\/\/evertonfc.cz\/#organization"},"image":{"@id":"https:\/\/evertonfc.cz\/index.php\/2026\/01\/16\/prichazi-hannah-blundell\/#primaryimage"},"thumbnailUrl":"https:\/\/evertonfc.cz\/wp-content\/uploads\/2026\/01\/Blundell-16_02_2026-web.jpg","articleSection":["Everton Women"],"inLanguage":"cs","potentialAction":[{"@type":"CommentAction","name":"Comment","target":["https:\/\/evertonfc.cz\/index.php\/2026\/01\/16\/prichazi-hannah-blundell\/#respond"]}]},{"@type":"WebPage","@id":"https:\/\/evertonfc.cz\/index.php\/2026\/01\/16\/prichazi-hannah-blundell\/","url":"https:\/\/evertonfc.cz\/index.php\/2026\/01\/16\/prichazi-hannah-blundell\/","name":"P\u0159ich\u00e1z\u00ed Hannah Blundell - Official Czech &amp; Slovak Everton Supporters&#039; Club","isPartOf":{"@id":"https:\/\/evertonfc.cz\/#website"},"primaryImageOfPage":{"@id":"https:\/\/evertonfc.cz\/index.php\/2026\/01\/16\/prichazi-hannah-blundell\/#primaryimage"},"image":{"@id":"https:\/\/evertonfc.cz\/index.php\/2026\/01\/16\/prichazi-hannah-blundell\/#primaryimage"},"thumbnailUrl":"https:\/\/evertonfc.cz\/wp-content\/uploads\/2026\/01\/Blundell-16_02_2026-web.jpg","datePublished":"2026-01-16T15:04:50+00:00","dateModified":"2026-03-21T13:24:51+00:00","breadcrumb":{"@id":"https:\/\/evertonfc.cz\/index.php\/2026\/01\/16\/prichazi-hannah-blundell\/#breadcrumb"},"inLanguage":"cs","potentialAction":[{"@type":"ReadAction","target":["https:\/\/evertonfc.cz\/index.php\/2026\/01\/16\/prichazi-hannah-blundell\/"]}]},{"@type":"ImageObject","inLanguage":"cs","@id":"https:\/\/evertonfc.cz\/index.php\/2026\/01\/16\/prichazi-hannah-blundell\/#primaryimage","url":"https:\/\/evertonfc.cz\/wp-content\/uploads\/2026\/01\/Blundell-16_02_2026-web.jpg","contentUrl":"https:\/\/evertonfc.cz\/wp-content\/uploads\/2026\/01\/Blundell-16_02_2026-web.jpg","width":720,"height":405},{"@type":"BreadcrumbList","@id":"https:\/\/evertonfc.cz\/index.php\/2026\/01\/16\/prichazi-hannah-blundell\/#breadcrumb","itemListElement":[{"@type":"ListItem","position":1,"name":"Home","item":"https:\/\/evertonfc.cz\/"},{"@type":"ListItem","position":2,"name":"P\u0159ich\u00e1z\u00ed Hannah Blundell"}]},{"@type":"WebSite","@id":"https:\/\/evertonfc.cz\/#website","url":"https:\/\/evertonfc.cz\/","name":"Official Czech &amp; Slovak Everton Supporters&#039; Club","description":"","publisher":{"@id":"https:\/\/evertonfc.cz\/#organization"},"potentialAction":[{"@type":"SearchAction","target":{"@type":"EntryPoint","urlTemplate":"https:\/\/evertonfc.cz\/?s={search_term_string}"},"query-input":{"@type":"PropertyValueSpecification","valueRequired":true,"valueName":"search_term_string"}}],"inLanguage":"cs"},{"@type":"Organization","@id":"https:\/\/evertonfc.cz\/#organization","name":"Official Czech & Slovak Everton Supporters' Club","url":"https:\/\/evertonfc.cz\/","logo":{"@type":"ImageObject","inLanguage":"cs","@id":"https:\/\/evertonfc.cz\/#\/schema\/logo\/image\/","url":"https:\/\/evertonfc.cz\/wp-content\/uploads\/2019\/05\/logo.png","contentUrl":"https:\/\/evertonfc.cz\/wp-content\/uploads\/2019\/05\/logo.png","width":112,"height":112,"caption":"Official Czech & Slovak Everton Supporters' Club"},"image":{"@id":"https:\/\/evertonfc.cz\/#\/schema\/logo\/image\/"},"sameAs":["https:\/\/www.facebook.com\/everton.fans.cz.sk"]},{"@type":"Person","@id":"https:\/\/evertonfc.cz\/#\/schema\/person\/e9a24a80a32efa1344dd2c4e5882185c","name":"Karamela","url":"https:\/\/evertonfc.cz\/index.php\/author\/karamela\/"}]}},"_links":{"self":[{"href":"https:\/\/evertonfc.cz\/index.php\/wp-json\/wp\/v2\/posts\/28221"}],"collection":[{"href":"https:\/\/evertonfc.cz\/index.php\/wp-json\/wp\/v2\/posts"}],"about":[{"href":"https:\/\/evertonfc.cz\/index.php\/wp-json\/wp\/v2\/types\/post"}],"author":[{"embeddable":true,"href":"https:\/\/evertonfc.cz\/index.php\/wp-json\/wp\/v2\/users\/26"}],"replies":[{"embeddable":true,"href":"https:\/\/evertonfc.cz\/index.php\/wp-json\/wp\/v2\/comments?post=28221"}],"version-history":[{"count":2,"href":"https:\/\/evertonfc.cz\/index.php\/wp-json\/wp\/v2\/posts\/28221\/revisions"}],"predecessor-version":[{"id":28234,"href":"https:\/\/evertonfc.cz\/index.php\/wp-json\/wp\/v2\/posts\/28221\/revisions\/28234"}],"wp:featuredmedia":[{"embeddable":true,"href":"https:\/\/evertonfc.cz\/index.php\/wp-json\/wp\/v2\/media\/28233"}],"wp:attachment":[{"href":"https:\/\/evertonfc.cz\/index.php\/wp-json\/wp\/v2\/media?parent=28221"}],"wp:term":[{"taxonomy":"category","embeddable":true,"href":"https:\/\/evertonfc.cz\/index.php\/wp-json\/wp\/v2\/categories?post=28221"},{"taxonomy":"post_tag","embeddable":true,"href":"https:\/\/evertonfc.cz\/index.php\/wp-json\/wp\/v2\/tags?post=28221"}],"curies":[{"name":"wp","href":"https:\/\/api.w.org\/{rel}","templated":true}]}}