{"id":2832,"date":"2010-05-11T00:03:51","date_gmt":"2010-05-10T22:03:51","guid":{"rendered":"http:\/\/evertonfc.cz\/?p=2832"},"modified":"2019-02-10T00:05:57","modified_gmt":"2019-02-09T23:05:57","slug":"everton-proti-evertonu","status":"publish","type":"post","link":"https:\/\/evertonfc.cz\/index.php\/2010\/05\/11\/everton-proti-evertonu\/","title":{"rendered":"Everton proti Evertonu"},"content":{"rendered":"<h4>Sou\u010d\u00e1st\u00ed leto\u0161n\u00ed letn\u00ed p\u0159\u00edpravy bude unik\u00e1tn\u00ed z\u00e1pas. Na Goodison Park toti\u017e doraz\u00ed klub s n\u00e1zvem Everton de Vi\u00f1a Mar a\u017e z dalek\u00e9ho jihoamerick\u00e9ho Chile.<\/h4>\n<p>Ji\u017e od roku 1909 jsou na sv\u011bt\u011b dva kluby honos\u00edc\u00ed se hrd\u00fdm n\u00e1zvem Everton. Krom p\u016fvodn\u00edho liverpoolsk\u00e9ho existuje Everton i v chilsk\u00e9m m\u011bst\u011b Vi\u00f1a del Mar. Ve st\u0159edu 4. srpna se oba celky vyzn\u00e1vaj\u00edc\u00ed modrou postav\u00ed proti sob\u011b. Oslavovat se bude dlouholet\u00e9 vz\u00e1jemn\u00e9 p\u0159\u00e1telstv\u00ed mezi ob\u011bma kluby z opa\u010dn\u00fdch konc\u016f planety. Jedno je tedy jist\u00e9 &#8211; Everton v z\u00e1pase ur\u010dit\u011b neprohraje.<\/p>\n<p><em>\u201eOd t\u00e9 doby co jsem v Evertonu v\u00edm, \u017ee mezi kluby panuj\u00ed velmi p\u0159\u00e1telsk\u00e9 vztahy,&#8220;<\/em>\u00a0\u0159ekl gener\u00e1ln\u00ed \u0159editel &#8222;na\u0161eho&#8220; Evertonu, Robert Elstone.<em>\u00a0\u201eM\u011bl jsem p\u0159\u00edle\u017eitost setkat se s prezidentem Antoniem Bloisem a mohu potvrdit, \u017ee Everton Chile je sou\u010d\u00e1st\u00ed celosv\u011btov\u00e9 rodiny s n\u00e1zvem Everton. Bude radostnou ud\u00e1lost\u00ed uv\u00edtat je na Goodisonu k tomuto historick\u00e9mu okam\u017eiku.<\/em><\/p>\n<p><em>M\u011bli bychom c\u00edtit velkou hrdost, \u017ee jsme dali jm\u00e9no jin\u00e9mu klubu na jin\u00e9m kontinentu, a to ji\u017e p\u0159ed v\u00edce ne\u017e sto lety.\u201c<\/em><\/p>\n<p>V podobn\u00e9m duchu se vyj\u00e1d\u0159il i zm\u00edn\u011bn\u00fd prezident Chilan\u016f, Antonio Bloise.<em>\u00a0&#8222;Potvrzen\u00ed na\u0161eho z\u00e1pasu proti Evertonu je v\u00fdznamn\u00fdm krokem nejen pro n\u00e1s, ale pro cel\u00fd chilsk\u00fd fotbal. Znamen\u00e1 to, \u017ee n\u00e1\u0161 klub se vr\u00e1t\u00ed tam, odkud z\u010d\u00e1sti poch\u00e1z\u00ed. Nav\u00edc budeme oslavovat i dvoust\u00e9 v\u00fdro\u010d\u00ed samostatn\u00e9ho Chile, proto tato p\u0159\u00edle\u017eitost nemohla p\u0159ij\u00edt v lep\u0161\u00ed moment.\u201c<\/em><\/p>\n<p><em>\u201eEvertonu jsme za pozv\u00e1n\u00ed velmi vd\u011b\u010dni, a jak to p\u0159i podobn\u00fdch p\u0159\u00edle\u017eitostech b\u00fdv\u00e1, na Goodison Park nejedeme jen k b\u011b\u017en\u00e9mu utk\u00e1n\u00ed, ale reprezentovat i chilsk\u00fd fotbal jako celek.\u201c<\/em><\/p>\n<p>Nejv\u011bt\u0161\u00ed z\u00e1sluhu na uskute\u010dn\u011bn\u00ed z\u00e1pasu m\u00e1 Paul Wharton z Everton Shareholders Association. O sveden\u00ed obou celk\u016f k jednomu z\u00e1pasu usiloval ji\u017e del\u0161\u00ed dobu, plody ale jeho snaha skl\u00edz\u00ed a\u017e nyn\u00ed.<\/p>\n<p><em>\u201ePoprv\u00e9 jsme se o druh\u00e9m Evertonu dov\u011bd\u011bli v roce 1977, kdy\u017e Everton hr\u00e1l proti Stoke City v FA Cupu. Z\u00e1pasov\u00fd program obsahoval zm\u00ednku o chilsk\u00e9m Evertonu a od t\u00e9 doby jsme se \u010dasto zaj\u00edmali o to, jestli by bylo mo\u017en\u00e9 uspo\u0159\u00e1dat p\u0159\u00e1telsk\u00fd z\u00e1pas,\u201c <\/em>vzpom\u00edn\u00e1 Wharton.<\/p>\n<p>Anglick\u00e9 ko\u0159eny chilsk\u00fd klub skute\u010dn\u011b nezap\u0159e. Jeho zalo\u017een\u00ed roku 1909 maj\u00ed na sv\u011bdom\u00ed brit\u0161t\u00ed imigranti z Liverpoolu. Hlavn\u00ed postavou je jist\u00fd David Foxley, kter\u00fd v klubu pozd\u011bji p\u016fsobil i jako prezident. V sou\u010dasnosti je Everton de Vi\u00f1a Mar \u010dtvrt\u00fdm nej\u00fasp\u011b\u0161n\u011bj\u0161\u00edm fotbalov\u00fdm klubem v Chile; mistrovsk\u00fd titul vyhr\u00e1l \u010dty\u0159ikr\u00e1t. Moment\u00e1ln\u011b mu v tabulce chilsk\u00e9 Primera Divison n\u00e1le\u017e\u00ed \u0161est\u00e1 p\u0159\u00ed\u010dka.<\/p>\n","protected":false},"excerpt":{"rendered":"<p>Sou\u010d\u00e1st\u00ed leto\u0161n\u00ed letn\u00ed p\u0159\u00edpravy bude unik\u00e1tn\u00ed z\u00e1pas. Na Goodison Park toti\u017e doraz\u00ed klub s n\u00e1zvem Everton de Vi\u00f1a Mar a\u017e&hellip;<\/p>\n","protected":false},"author":7,"featured_media":1313,"comment_status":"open","ping_status":"closed","sticky":false,"template":"","format":"standard","meta":{"_eb_attr":"","_monsterinsights_skip_tracking":false,"_monsterinsights_sitenote_active":false,"_monsterinsights_sitenote_note":"","_monsterinsights_sitenote_category":0,"footnotes":""},"categories":[42],"tags":[],"yoast_head":"<!-- This site is optimized with the Yoast SEO plugin v23.4 - https:\/\/yoast.com\/wordpress\/plugins\/seo\/ -->\n<title>Everton proti Evertonu - Official Czech &amp; Slovak Everton Supporters&#039; Club<\/title>\n<meta name=\"robots\" content=\"index, follow, max-snippet:-1, max-image-preview:large, max-video-preview:-1\" \/>\n<link rel=\"canonical\" href=\"https:\/\/evertonfc.cz\/index.php\/2010\/05\/11\/everton-proti-evertonu\/\" \/>\n<meta property=\"og:locale\" content=\"cs_CZ\" \/>\n<meta property=\"og:type\" content=\"article\" \/>\n<meta property=\"og:title\" content=\"Everton proti Evertonu - Official Czech &amp; Slovak Everton Supporters&#039; Club\" \/>\n<meta property=\"og:description\" content=\"Sou\u010d\u00e1st\u00ed leto\u0161n\u00ed letn\u00ed p\u0159\u00edpravy bude unik\u00e1tn\u00ed z\u00e1pas. Na Goodison Park toti\u017e doraz\u00ed klub s n\u00e1zvem Everton de Vi\u00f1a Mar a\u017e&hellip;\" \/>\n<meta property=\"og:url\" content=\"https:\/\/evertonfc.cz\/index.php\/2010\/05\/11\/everton-proti-evertonu\/\" \/>\n<meta property=\"og:site_name\" content=\"Official Czech &amp; Slovak Everton Supporters&#039; Club\" \/>\n<meta property=\"article:publisher\" content=\"https:\/\/www.facebook.com\/everton.fans.cz.sk\" \/>\n<meta property=\"article:published_time\" content=\"2010-05-10T22:03:51+00:00\" \/>\n<meta property=\"article:modified_time\" content=\"2019-02-09T23:05:57+00:00\" \/>\n<meta property=\"og:image\" content=\"https:\/\/evertonfc.cz\/wp-content\/uploads\/2019\/01\/news.jpg\" \/>\n\t<meta property=\"og:image:width\" content=\"720\" \/>\n\t<meta property=\"og:image:height\" content=\"405\" \/>\n\t<meta property=\"og:image:type\" content=\"image\/jpeg\" \/>\n<meta name=\"author\" content=\"Me\u0148a\" \/>\n<meta name=\"twitter:card\" content=\"summary_large_image\" \/>\n<meta name=\"twitter:label1\" content=\"Napsal(a)\" \/>\n\t<meta name=\"twitter:data1\" content=\"Me\u0148a\" \/>\n\t<meta name=\"twitter:label2\" content=\"Odhadovan\u00e1 doba \u010dten\u00ed\" \/>\n\t<meta name=\"twitter:data2\" content=\"2 minuty\" \/>\n<script type=\"application\/ld+json\" class=\"yoast-schema-graph\">{\"@context\":\"https:\/\/schema.org\",\"@graph\":[{\"@type\":\"Article\",\"@id\":\"https:\/\/evertonfc.cz\/index.php\/2010\/05\/11\/everton-proti-evertonu\/#article\",\"isPartOf\":{\"@id\":\"https:\/\/evertonfc.cz\/index.php\/2010\/05\/11\/everton-proti-evertonu\/\"},\"author\":{\"name\":\"Me\u0148a\",\"@id\":\"https:\/\/evertonfc.cz\/#\/schema\/person\/cd6328a75577de2add7793fd4b0930c3\"},\"headline\":\"Everton proti Evertonu\",\"datePublished\":\"2010-05-10T22:03:51+00:00\",\"dateModified\":\"2019-02-09T23:05:57+00:00\",\"mainEntityOfPage\":{\"@id\":\"https:\/\/evertonfc.cz\/index.php\/2010\/05\/11\/everton-proti-evertonu\/\"},\"wordCount\":498,\"commentCount\":0,\"publisher\":{\"@id\":\"https:\/\/evertonfc.cz\/#organization\"},\"image\":{\"@id\":\"https:\/\/evertonfc.cz\/index.php\/2010\/05\/11\/everton-proti-evertonu\/#primaryimage\"},\"thumbnailUrl\":\"https:\/\/evertonfc.cz\/wp-content\/uploads\/2019\/01\/news.jpg\",\"articleSection\":[\"Aktuality\"],\"inLanguage\":\"cs\",\"potentialAction\":[{\"@type\":\"CommentAction\",\"name\":\"Comment\",\"target\":[\"https:\/\/evertonfc.cz\/index.php\/2010\/05\/11\/everton-proti-evertonu\/#respond\"]}]},{\"@type\":\"WebPage\",\"@id\":\"https:\/\/evertonfc.cz\/index.php\/2010\/05\/11\/everton-proti-evertonu\/\",\"url\":\"https:\/\/evertonfc.cz\/index.php\/2010\/05\/11\/everton-proti-evertonu\/\",\"name\":\"Everton proti Evertonu - Official Czech &amp; Slovak Everton Supporters&#039; Club\",\"isPartOf\":{\"@id\":\"https:\/\/evertonfc.cz\/#website\"},\"primaryImageOfPage\":{\"@id\":\"https:\/\/evertonfc.cz\/index.php\/2010\/05\/11\/everton-proti-evertonu\/#primaryimage\"},\"image\":{\"@id\":\"https:\/\/evertonfc.cz\/index.php\/2010\/05\/11\/everton-proti-evertonu\/#primaryimage\"},\"thumbnailUrl\":\"https:\/\/evertonfc.cz\/wp-content\/uploads\/2019\/01\/news.jpg\",\"datePublished\":\"2010-05-10T22:03:51+00:00\",\"dateModified\":\"2019-02-09T23:05:57+00:00\",\"breadcrumb\":{\"@id\":\"https:\/\/evertonfc.cz\/index.php\/2010\/05\/11\/everton-proti-evertonu\/#breadcrumb\"},\"inLanguage\":\"cs\",\"potentialAction\":[{\"@type\":\"ReadAction\",\"target\":[\"https:\/\/evertonfc.cz\/index.php\/2010\/05\/11\/everton-proti-evertonu\/\"]}]},{\"@type\":\"ImageObject\",\"inLanguage\":\"cs\",\"@id\":\"https:\/\/evertonfc.cz\/index.php\/2010\/05\/11\/everton-proti-evertonu\/#primaryimage\",\"url\":\"https:\/\/evertonfc.cz\/wp-content\/uploads\/2019\/01\/news.jpg\",\"contentUrl\":\"https:\/\/evertonfc.cz\/wp-content\/uploads\/2019\/01\/news.jpg\",\"width\":720,\"height\":405},{\"@type\":\"BreadcrumbList\",\"@id\":\"https:\/\/evertonfc.cz\/index.php\/2010\/05\/11\/everton-proti-evertonu\/#breadcrumb\",\"itemListElement\":[{\"@type\":\"ListItem\",\"position\":1,\"name\":\"Home\",\"item\":\"https:\/\/evertonfc.cz\/\"},{\"@type\":\"ListItem\",\"position\":2,\"name\":\"Everton proti Evertonu\"}]},{\"@type\":\"WebSite\",\"@id\":\"https:\/\/evertonfc.cz\/#website\",\"url\":\"https:\/\/evertonfc.cz\/\",\"name\":\"Official Czech &amp; Slovak Everton Supporters&#039; Club\",\"description\":\"\",\"publisher\":{\"@id\":\"https:\/\/evertonfc.cz\/#organization\"},\"potentialAction\":[{\"@type\":\"SearchAction\",\"target\":{\"@type\":\"EntryPoint\",\"urlTemplate\":\"https:\/\/evertonfc.cz\/?s={search_term_string}\"},\"query-input\":{\"@type\":\"PropertyValueSpecification\",\"valueRequired\":true,\"valueName\":\"search_term_string\"}}],\"inLanguage\":\"cs\"},{\"@type\":\"Organization\",\"@id\":\"https:\/\/evertonfc.cz\/#organization\",\"name\":\"Official Czech & Slovak Everton Supporters' Club\",\"url\":\"https:\/\/evertonfc.cz\/\",\"logo\":{\"@type\":\"ImageObject\",\"inLanguage\":\"cs\",\"@id\":\"https:\/\/evertonfc.cz\/#\/schema\/logo\/image\/\",\"url\":\"https:\/\/evertonfc.cz\/wp-content\/uploads\/2019\/05\/logo.png\",\"contentUrl\":\"https:\/\/evertonfc.cz\/wp-content\/uploads\/2019\/05\/logo.png\",\"width\":112,\"height\":112,\"caption\":\"Official Czech & Slovak Everton Supporters' Club\"},\"image\":{\"@id\":\"https:\/\/evertonfc.cz\/#\/schema\/logo\/image\/\"},\"sameAs\":[\"https:\/\/www.facebook.com\/everton.fans.cz.sk\"]},{\"@type\":\"Person\",\"@id\":\"https:\/\/evertonfc.cz\/#\/schema\/person\/cd6328a75577de2add7793fd4b0930c3\",\"name\":\"Me\u0148a\",\"url\":\"https:\/\/evertonfc.cz\/index.php\/author\/mena\/\"}]}<\/script>\n<!-- \/ Yoast SEO plugin. -->","yoast_head_json":{"title":"Everton proti Evertonu - Official Czech &amp; Slovak Everton Supporters&#039; Club","robots":{"index":"index","follow":"follow","max-snippet":"max-snippet:-1","max-image-preview":"max-image-preview:large","max-video-preview":"max-video-preview:-1"},"canonical":"https:\/\/evertonfc.cz\/index.php\/2010\/05\/11\/everton-proti-evertonu\/","og_locale":"cs_CZ","og_type":"article","og_title":"Everton proti Evertonu - Official Czech &amp; Slovak Everton Supporters&#039; Club","og_description":"Sou\u010d\u00e1st\u00ed leto\u0161n\u00ed letn\u00ed p\u0159\u00edpravy bude unik\u00e1tn\u00ed z\u00e1pas. Na Goodison Park toti\u017e doraz\u00ed klub s n\u00e1zvem Everton de Vi\u00f1a Mar a\u017e&hellip;","og_url":"https:\/\/evertonfc.cz\/index.php\/2010\/05\/11\/everton-proti-evertonu\/","og_site_name":"Official Czech &amp; Slovak Everton Supporters&#039; Club","article_publisher":"https:\/\/www.facebook.com\/everton.fans.cz.sk","article_published_time":"2010-05-10T22:03:51+00:00","article_modified_time":"2019-02-09T23:05:57+00:00","og_image":[{"width":720,"height":405,"url":"https:\/\/evertonfc.cz\/wp-content\/uploads\/2019\/01\/news.jpg","type":"image\/jpeg"}],"author":"Me\u0148a","twitter_card":"summary_large_image","twitter_misc":{"Napsal(a)":"Me\u0148a","Odhadovan\u00e1 doba \u010dten\u00ed":"2 minuty"},"schema":{"@context":"https:\/\/schema.org","@graph":[{"@type":"Article","@id":"https:\/\/evertonfc.cz\/index.php\/2010\/05\/11\/everton-proti-evertonu\/#article","isPartOf":{"@id":"https:\/\/evertonfc.cz\/index.php\/2010\/05\/11\/everton-proti-evertonu\/"},"author":{"name":"Me\u0148a","@id":"https:\/\/evertonfc.cz\/#\/schema\/person\/cd6328a75577de2add7793fd4b0930c3"},"headline":"Everton proti Evertonu","datePublished":"2010-05-10T22:03:51+00:00","dateModified":"2019-02-09T23:05:57+00:00","mainEntityOfPage":{"@id":"https:\/\/evertonfc.cz\/index.php\/2010\/05\/11\/everton-proti-evertonu\/"},"wordCount":498,"commentCount":0,"publisher":{"@id":"https:\/\/evertonfc.cz\/#organization"},"image":{"@id":"https:\/\/evertonfc.cz\/index.php\/2010\/05\/11\/everton-proti-evertonu\/#primaryimage"},"thumbnailUrl":"https:\/\/evertonfc.cz\/wp-content\/uploads\/2019\/01\/news.jpg","articleSection":["Aktuality"],"inLanguage":"cs","potentialAction":[{"@type":"CommentAction","name":"Comment","target":["https:\/\/evertonfc.cz\/index.php\/2010\/05\/11\/everton-proti-evertonu\/#respond"]}]},{"@type":"WebPage","@id":"https:\/\/evertonfc.cz\/index.php\/2010\/05\/11\/everton-proti-evertonu\/","url":"https:\/\/evertonfc.cz\/index.php\/2010\/05\/11\/everton-proti-evertonu\/","name":"Everton proti Evertonu - Official Czech &amp; Slovak Everton Supporters&#039; Club","isPartOf":{"@id":"https:\/\/evertonfc.cz\/#website"},"primaryImageOfPage":{"@id":"https:\/\/evertonfc.cz\/index.php\/2010\/05\/11\/everton-proti-evertonu\/#primaryimage"},"image":{"@id":"https:\/\/evertonfc.cz\/index.php\/2010\/05\/11\/everton-proti-evertonu\/#primaryimage"},"thumbnailUrl":"https:\/\/evertonfc.cz\/wp-content\/uploads\/2019\/01\/news.jpg","datePublished":"2010-05-10T22:03:51+00:00","dateModified":"2019-02-09T23:05:57+00:00","breadcrumb":{"@id":"https:\/\/evertonfc.cz\/index.php\/2010\/05\/11\/everton-proti-evertonu\/#breadcrumb"},"inLanguage":"cs","potentialAction":[{"@type":"ReadAction","target":["https:\/\/evertonfc.cz\/index.php\/2010\/05\/11\/everton-proti-evertonu\/"]}]},{"@type":"ImageObject","inLanguage":"cs","@id":"https:\/\/evertonfc.cz\/index.php\/2010\/05\/11\/everton-proti-evertonu\/#primaryimage","url":"https:\/\/evertonfc.cz\/wp-content\/uploads\/2019\/01\/news.jpg","contentUrl":"https:\/\/evertonfc.cz\/wp-content\/uploads\/2019\/01\/news.jpg","width":720,"height":405},{"@type":"BreadcrumbList","@id":"https:\/\/evertonfc.cz\/index.php\/2010\/05\/11\/everton-proti-evertonu\/#breadcrumb","itemListElement":[{"@type":"ListItem","position":1,"name":"Home","item":"https:\/\/evertonfc.cz\/"},{"@type":"ListItem","position":2,"name":"Everton proti Evertonu"}]},{"@type":"WebSite","@id":"https:\/\/evertonfc.cz\/#website","url":"https:\/\/evertonfc.cz\/","name":"Official Czech &amp; Slovak Everton Supporters&#039; Club","description":"","publisher":{"@id":"https:\/\/evertonfc.cz\/#organization"},"potentialAction":[{"@type":"SearchAction","target":{"@type":"EntryPoint","urlTemplate":"https:\/\/evertonfc.cz\/?s={search_term_string}"},"query-input":{"@type":"PropertyValueSpecification","valueRequired":true,"valueName":"search_term_string"}}],"inLanguage":"cs"},{"@type":"Organization","@id":"https:\/\/evertonfc.cz\/#organization","name":"Official Czech & Slovak Everton Supporters' Club","url":"https:\/\/evertonfc.cz\/","logo":{"@type":"ImageObject","inLanguage":"cs","@id":"https:\/\/evertonfc.cz\/#\/schema\/logo\/image\/","url":"https:\/\/evertonfc.cz\/wp-content\/uploads\/2019\/05\/logo.png","contentUrl":"https:\/\/evertonfc.cz\/wp-content\/uploads\/2019\/05\/logo.png","width":112,"height":112,"caption":"Official Czech & Slovak Everton Supporters' Club"},"image":{"@id":"https:\/\/evertonfc.cz\/#\/schema\/logo\/image\/"},"sameAs":["https:\/\/www.facebook.com\/everton.fans.cz.sk"]},{"@type":"Person","@id":"https:\/\/evertonfc.cz\/#\/schema\/person\/cd6328a75577de2add7793fd4b0930c3","name":"Me\u0148a","url":"https:\/\/evertonfc.cz\/index.php\/author\/mena\/"}]}},"_links":{"self":[{"href":"https:\/\/evertonfc.cz\/index.php\/wp-json\/wp\/v2\/posts\/2832"}],"collection":[{"href":"https:\/\/evertonfc.cz\/index.php\/wp-json\/wp\/v2\/posts"}],"about":[{"href":"https:\/\/evertonfc.cz\/index.php\/wp-json\/wp\/v2\/types\/post"}],"author":[{"embeddable":true,"href":"https:\/\/evertonfc.cz\/index.php\/wp-json\/wp\/v2\/users\/7"}],"replies":[{"embeddable":true,"href":"https:\/\/evertonfc.cz\/index.php\/wp-json\/wp\/v2\/comments?post=2832"}],"version-history":[{"count":1,"href":"https:\/\/evertonfc.cz\/index.php\/wp-json\/wp\/v2\/posts\/2832\/revisions"}],"predecessor-version":[{"id":2833,"href":"https:\/\/evertonfc.cz\/index.php\/wp-json\/wp\/v2\/posts\/2832\/revisions\/2833"}],"wp:featuredmedia":[{"embeddable":true,"href":"https:\/\/evertonfc.cz\/index.php\/wp-json\/wp\/v2\/media\/1313"}],"wp:attachment":[{"href":"https:\/\/evertonfc.cz\/index.php\/wp-json\/wp\/v2\/media?parent=2832"}],"wp:term":[{"taxonomy":"category","embeddable":true,"href":"https:\/\/evertonfc.cz\/index.php\/wp-json\/wp\/v2\/categories?post=2832"},{"taxonomy":"post_tag","embeddable":true,"href":"https:\/\/evertonfc.cz\/index.php\/wp-json\/wp\/v2\/tags?post=2832"}],"curies":[{"name":"wp","href":"https:\/\/api.w.org\/{rel}","templated":true}]}}