{"id":28382,"date":"2026-02-04T17:19:11","date_gmt":"2026-02-04T16:19:11","guid":{"rendered":"https:\/\/evertonfc.cz\/?p=28382"},"modified":"2026-03-21T14:24:26","modified_gmt":"2026-03-21T13:24:26","slug":"prichazi-zara-kramzar","status":"publish","type":"post","link":"https:\/\/evertonfc.cz\/index.php\/2026\/02\/04\/prichazi-zara-kramzar\/","title":{"rendered":"P\u0159ich\u00e1z\u00ed Zara Kram\u017ear"},"content":{"rendered":"<h4>11 minut p\u0159ed koncem posledn\u00edho dne lednov\u00e9ho p\u0159estupn\u00edho okna se uskute\u010dnil posledn\u00ed p\u0159estup WSL. A sm\u011b\u0159oval k n\u00e1m. Na\u0161e \u0159ady tak pos\u00edl\u00ed Zara Kram\u017ear z AS \u0158\u00edm.<\/h4>\n<p>20let\u00e1 slovinsk\u00e1 z\u00e1lo\u017enice je sice kmenovou hr\u00e1\u010dkou AC \u0158\u00edm, ale od roku 2024 hostuje v sevoritalsk\u00e9m Como. Za Como odehr\u00e1la v p\u016fldruh\u00e9 sez\u00f3n\u011b 29 z\u00e1pas\u016f, ve kter\u00fdch sk\u00f3rovala dev\u011btkr\u00e1t. Svoji fotbalovou kari\u00e9ru ve vrcholov\u00fdch sout\u011b\u017e\u00edch odstartovala v roce 2022 v Ljubljani. Zde se ale dlouho neoh\u0159\u00e1la, proto\u017ee zaujala skauty AS \u0158\u00edm a st\u011bhovala se do It\u00e1lie. S AS \u0158\u00edm z\u00edskala scudetto i trofej ligov\u00e9ho poh\u00e1ru. V z\u00e1\u0159\u00ed 2022 debutovala v Lize mistry\u0148, resp. v jej\u00ed kvalifikaci v z\u00e1pase proti pra\u017esk\u00e9 Spart\u011b. Na sv\u00e9m kont\u011b m\u00e1 i pravideln\u00e9 reprezenta\u010dn\u00ed z\u00e1pasy za slovinsk\u00e9 U17 i dosp\u011blou reprezentaci.<\/p>\n<p>Zara nastupuje jako ofenzivn\u00ed z\u00e1lo\u017enice nebo jako prav\u00e9 k\u0159\u00eddlo. Na Merseyside byla povol\u00e1na na hostov\u00e1n\u00ed do konce sez\u00f3ny s n\u00e1sledn\u00fdm z\u00e1vazkem trval\u00e9ho p\u0159estupu. Tak tedy hodn\u011b \u0161t\u011bst\u00ed v kr\u00e1lovsk\u00e9 modr\u00e9! <span style=\"color: #0000ff;\"><strong>COYBG!<\/strong><\/span><\/p>\n<p>&nbsp;<\/p>\n<p style=\"text-align: right;\"><span style=\"font-size: 10pt;\"><em>Zdroj fotografie: asroma.com<\/em><\/span><\/p>\n","protected":false},"excerpt":{"rendered":"<p>11 minut p\u0159ed koncem posledn\u00edho dne lednov\u00e9ho p\u0159estupn\u00edho okna se uskute\u010dnil posledn\u00ed p\u0159estup WSL. A sm\u011b\u0159oval k n\u00e1m. Na\u0161e \u0159ady tak pos\u00edl\u00ed Zara Kram\u017ear z AS \u0158\u00edm.<\/p>\n","protected":false},"author":26,"featured_media":28384,"comment_status":"open","ping_status":"closed","sticky":false,"template":"","format":"standard","meta":{"_eb_attr":"","_monsterinsights_skip_tracking":false,"_monsterinsights_sitenote_active":false,"_monsterinsights_sitenote_note":"","_monsterinsights_sitenote_category":0,"footnotes":""},"categories":[110],"tags":[],"yoast_head":"<!-- This site is optimized with the Yoast SEO plugin v23.4 - https:\/\/yoast.com\/wordpress\/plugins\/seo\/ -->\n<title>P\u0159ich\u00e1z\u00ed Zara Kram\u017ear - Official Czech &amp; Slovak Everton Supporters&#039; Club<\/title>\n<meta name=\"robots\" content=\"index, follow, max-snippet:-1, max-image-preview:large, max-video-preview:-1\" \/>\n<link rel=\"canonical\" href=\"https:\/\/evertonfc.cz\/index.php\/2026\/02\/04\/prichazi-zara-kramzar\/\" \/>\n<meta property=\"og:locale\" content=\"cs_CZ\" \/>\n<meta property=\"og:type\" content=\"article\" \/>\n<meta property=\"og:title\" content=\"P\u0159ich\u00e1z\u00ed Zara Kram\u017ear - Official Czech &amp; Slovak Everton Supporters&#039; Club\" \/>\n<meta property=\"og:description\" content=\"11 minut p\u0159ed koncem posledn\u00edho dne lednov\u00e9ho p\u0159estupn\u00edho okna se uskute\u010dnil posledn\u00ed p\u0159estup WSL. A sm\u011b\u0159oval k n\u00e1m. Na\u0161e \u0159ady tak pos\u00edl\u00ed Zara Kram\u017ear z AS \u0158\u00edm.\" \/>\n<meta property=\"og:url\" content=\"https:\/\/evertonfc.cz\/index.php\/2026\/02\/04\/prichazi-zara-kramzar\/\" \/>\n<meta property=\"og:site_name\" content=\"Official Czech &amp; Slovak Everton Supporters&#039; Club\" \/>\n<meta property=\"article:publisher\" content=\"https:\/\/www.facebook.com\/everton.fans.cz.sk\" \/>\n<meta property=\"article:published_time\" content=\"2026-02-04T16:19:11+00:00\" \/>\n<meta property=\"article:modified_time\" content=\"2026-03-21T13:24:26+00:00\" \/>\n<meta property=\"og:image\" content=\"https:\/\/evertonfc.cz\/wp-content\/uploads\/2026\/02\/Zara-Kramzar-04_02_2026-web.jpg\" \/>\n\t<meta property=\"og:image:width\" content=\"720\" \/>\n\t<meta property=\"og:image:height\" content=\"405\" \/>\n\t<meta property=\"og:image:type\" content=\"image\/jpeg\" \/>\n<meta name=\"author\" content=\"Karamela\" \/>\n<meta name=\"twitter:card\" content=\"summary_large_image\" \/>\n<meta name=\"twitter:label1\" content=\"Napsal(a)\" \/>\n\t<meta name=\"twitter:data1\" content=\"Karamela\" \/>\n\t<meta name=\"twitter:label2\" content=\"Odhadovan\u00e1 doba \u010dten\u00ed\" \/>\n\t<meta name=\"twitter:data2\" content=\"2 minuty\" \/>\n<script type=\"application\/ld+json\" class=\"yoast-schema-graph\">{\"@context\":\"https:\/\/schema.org\",\"@graph\":[{\"@type\":\"Article\",\"@id\":\"https:\/\/evertonfc.cz\/index.php\/2026\/02\/04\/prichazi-zara-kramzar\/#article\",\"isPartOf\":{\"@id\":\"https:\/\/evertonfc.cz\/index.php\/2026\/02\/04\/prichazi-zara-kramzar\/\"},\"author\":{\"name\":\"Karamela\",\"@id\":\"https:\/\/evertonfc.cz\/#\/schema\/person\/e9a24a80a32efa1344dd2c4e5882185c\"},\"headline\":\"P\u0159ich\u00e1z\u00ed Zara Kram\u017ear\",\"datePublished\":\"2026-02-04T16:19:11+00:00\",\"dateModified\":\"2026-03-21T13:24:26+00:00\",\"mainEntityOfPage\":{\"@id\":\"https:\/\/evertonfc.cz\/index.php\/2026\/02\/04\/prichazi-zara-kramzar\/\"},\"wordCount\":212,\"commentCount\":0,\"publisher\":{\"@id\":\"https:\/\/evertonfc.cz\/#organization\"},\"image\":{\"@id\":\"https:\/\/evertonfc.cz\/index.php\/2026\/02\/04\/prichazi-zara-kramzar\/#primaryimage\"},\"thumbnailUrl\":\"https:\/\/evertonfc.cz\/wp-content\/uploads\/2026\/02\/Zara-Kramzar-04_02_2026-web.jpg\",\"articleSection\":[\"Everton Women\"],\"inLanguage\":\"cs\",\"potentialAction\":[{\"@type\":\"CommentAction\",\"name\":\"Comment\",\"target\":[\"https:\/\/evertonfc.cz\/index.php\/2026\/02\/04\/prichazi-zara-kramzar\/#respond\"]}]},{\"@type\":\"WebPage\",\"@id\":\"https:\/\/evertonfc.cz\/index.php\/2026\/02\/04\/prichazi-zara-kramzar\/\",\"url\":\"https:\/\/evertonfc.cz\/index.php\/2026\/02\/04\/prichazi-zara-kramzar\/\",\"name\":\"P\u0159ich\u00e1z\u00ed Zara Kram\u017ear - Official Czech &amp; Slovak Everton Supporters&#039; Club\",\"isPartOf\":{\"@id\":\"https:\/\/evertonfc.cz\/#website\"},\"primaryImageOfPage\":{\"@id\":\"https:\/\/evertonfc.cz\/index.php\/2026\/02\/04\/prichazi-zara-kramzar\/#primaryimage\"},\"image\":{\"@id\":\"https:\/\/evertonfc.cz\/index.php\/2026\/02\/04\/prichazi-zara-kramzar\/#primaryimage\"},\"thumbnailUrl\":\"https:\/\/evertonfc.cz\/wp-content\/uploads\/2026\/02\/Zara-Kramzar-04_02_2026-web.jpg\",\"datePublished\":\"2026-02-04T16:19:11+00:00\",\"dateModified\":\"2026-03-21T13:24:26+00:00\",\"breadcrumb\":{\"@id\":\"https:\/\/evertonfc.cz\/index.php\/2026\/02\/04\/prichazi-zara-kramzar\/#breadcrumb\"},\"inLanguage\":\"cs\",\"potentialAction\":[{\"@type\":\"ReadAction\",\"target\":[\"https:\/\/evertonfc.cz\/index.php\/2026\/02\/04\/prichazi-zara-kramzar\/\"]}]},{\"@type\":\"ImageObject\",\"inLanguage\":\"cs\",\"@id\":\"https:\/\/evertonfc.cz\/index.php\/2026\/02\/04\/prichazi-zara-kramzar\/#primaryimage\",\"url\":\"https:\/\/evertonfc.cz\/wp-content\/uploads\/2026\/02\/Zara-Kramzar-04_02_2026-web.jpg\",\"contentUrl\":\"https:\/\/evertonfc.cz\/wp-content\/uploads\/2026\/02\/Zara-Kramzar-04_02_2026-web.jpg\",\"width\":720,\"height\":405},{\"@type\":\"BreadcrumbList\",\"@id\":\"https:\/\/evertonfc.cz\/index.php\/2026\/02\/04\/prichazi-zara-kramzar\/#breadcrumb\",\"itemListElement\":[{\"@type\":\"ListItem\",\"position\":1,\"name\":\"Home\",\"item\":\"https:\/\/evertonfc.cz\/\"},{\"@type\":\"ListItem\",\"position\":2,\"name\":\"P\u0159ich\u00e1z\u00ed Zara Kram\u017ear\"}]},{\"@type\":\"WebSite\",\"@id\":\"https:\/\/evertonfc.cz\/#website\",\"url\":\"https:\/\/evertonfc.cz\/\",\"name\":\"Official Czech &amp; Slovak Everton Supporters&#039; Club\",\"description\":\"\",\"publisher\":{\"@id\":\"https:\/\/evertonfc.cz\/#organization\"},\"potentialAction\":[{\"@type\":\"SearchAction\",\"target\":{\"@type\":\"EntryPoint\",\"urlTemplate\":\"https:\/\/evertonfc.cz\/?s={search_term_string}\"},\"query-input\":{\"@type\":\"PropertyValueSpecification\",\"valueRequired\":true,\"valueName\":\"search_term_string\"}}],\"inLanguage\":\"cs\"},{\"@type\":\"Organization\",\"@id\":\"https:\/\/evertonfc.cz\/#organization\",\"name\":\"Official Czech & Slovak Everton Supporters' Club\",\"url\":\"https:\/\/evertonfc.cz\/\",\"logo\":{\"@type\":\"ImageObject\",\"inLanguage\":\"cs\",\"@id\":\"https:\/\/evertonfc.cz\/#\/schema\/logo\/image\/\",\"url\":\"https:\/\/evertonfc.cz\/wp-content\/uploads\/2019\/05\/logo.png\",\"contentUrl\":\"https:\/\/evertonfc.cz\/wp-content\/uploads\/2019\/05\/logo.png\",\"width\":112,\"height\":112,\"caption\":\"Official Czech & Slovak Everton Supporters' Club\"},\"image\":{\"@id\":\"https:\/\/evertonfc.cz\/#\/schema\/logo\/image\/\"},\"sameAs\":[\"https:\/\/www.facebook.com\/everton.fans.cz.sk\"]},{\"@type\":\"Person\",\"@id\":\"https:\/\/evertonfc.cz\/#\/schema\/person\/e9a24a80a32efa1344dd2c4e5882185c\",\"name\":\"Karamela\",\"url\":\"https:\/\/evertonfc.cz\/index.php\/author\/karamela\/\"}]}<\/script>\n<!-- \/ Yoast SEO plugin. -->","yoast_head_json":{"title":"P\u0159ich\u00e1z\u00ed Zara Kram\u017ear - Official Czech &amp; Slovak Everton Supporters&#039; Club","robots":{"index":"index","follow":"follow","max-snippet":"max-snippet:-1","max-image-preview":"max-image-preview:large","max-video-preview":"max-video-preview:-1"},"canonical":"https:\/\/evertonfc.cz\/index.php\/2026\/02\/04\/prichazi-zara-kramzar\/","og_locale":"cs_CZ","og_type":"article","og_title":"P\u0159ich\u00e1z\u00ed Zara Kram\u017ear - Official Czech &amp; Slovak Everton Supporters&#039; Club","og_description":"11 minut p\u0159ed koncem posledn\u00edho dne lednov\u00e9ho p\u0159estupn\u00edho okna se uskute\u010dnil posledn\u00ed p\u0159estup WSL. A sm\u011b\u0159oval k n\u00e1m. Na\u0161e \u0159ady tak pos\u00edl\u00ed Zara Kram\u017ear z AS \u0158\u00edm.","og_url":"https:\/\/evertonfc.cz\/index.php\/2026\/02\/04\/prichazi-zara-kramzar\/","og_site_name":"Official Czech &amp; Slovak Everton Supporters&#039; Club","article_publisher":"https:\/\/www.facebook.com\/everton.fans.cz.sk","article_published_time":"2026-02-04T16:19:11+00:00","article_modified_time":"2026-03-21T13:24:26+00:00","og_image":[{"width":720,"height":405,"url":"https:\/\/evertonfc.cz\/wp-content\/uploads\/2026\/02\/Zara-Kramzar-04_02_2026-web.jpg","type":"image\/jpeg"}],"author":"Karamela","twitter_card":"summary_large_image","twitter_misc":{"Napsal(a)":"Karamela","Odhadovan\u00e1 doba \u010dten\u00ed":"2 minuty"},"schema":{"@context":"https:\/\/schema.org","@graph":[{"@type":"Article","@id":"https:\/\/evertonfc.cz\/index.php\/2026\/02\/04\/prichazi-zara-kramzar\/#article","isPartOf":{"@id":"https:\/\/evertonfc.cz\/index.php\/2026\/02\/04\/prichazi-zara-kramzar\/"},"author":{"name":"Karamela","@id":"https:\/\/evertonfc.cz\/#\/schema\/person\/e9a24a80a32efa1344dd2c4e5882185c"},"headline":"P\u0159ich\u00e1z\u00ed Zara Kram\u017ear","datePublished":"2026-02-04T16:19:11+00:00","dateModified":"2026-03-21T13:24:26+00:00","mainEntityOfPage":{"@id":"https:\/\/evertonfc.cz\/index.php\/2026\/02\/04\/prichazi-zara-kramzar\/"},"wordCount":212,"commentCount":0,"publisher":{"@id":"https:\/\/evertonfc.cz\/#organization"},"image":{"@id":"https:\/\/evertonfc.cz\/index.php\/2026\/02\/04\/prichazi-zara-kramzar\/#primaryimage"},"thumbnailUrl":"https:\/\/evertonfc.cz\/wp-content\/uploads\/2026\/02\/Zara-Kramzar-04_02_2026-web.jpg","articleSection":["Everton Women"],"inLanguage":"cs","potentialAction":[{"@type":"CommentAction","name":"Comment","target":["https:\/\/evertonfc.cz\/index.php\/2026\/02\/04\/prichazi-zara-kramzar\/#respond"]}]},{"@type":"WebPage","@id":"https:\/\/evertonfc.cz\/index.php\/2026\/02\/04\/prichazi-zara-kramzar\/","url":"https:\/\/evertonfc.cz\/index.php\/2026\/02\/04\/prichazi-zara-kramzar\/","name":"P\u0159ich\u00e1z\u00ed Zara Kram\u017ear - Official Czech &amp; Slovak Everton Supporters&#039; Club","isPartOf":{"@id":"https:\/\/evertonfc.cz\/#website"},"primaryImageOfPage":{"@id":"https:\/\/evertonfc.cz\/index.php\/2026\/02\/04\/prichazi-zara-kramzar\/#primaryimage"},"image":{"@id":"https:\/\/evertonfc.cz\/index.php\/2026\/02\/04\/prichazi-zara-kramzar\/#primaryimage"},"thumbnailUrl":"https:\/\/evertonfc.cz\/wp-content\/uploads\/2026\/02\/Zara-Kramzar-04_02_2026-web.jpg","datePublished":"2026-02-04T16:19:11+00:00","dateModified":"2026-03-21T13:24:26+00:00","breadcrumb":{"@id":"https:\/\/evertonfc.cz\/index.php\/2026\/02\/04\/prichazi-zara-kramzar\/#breadcrumb"},"inLanguage":"cs","potentialAction":[{"@type":"ReadAction","target":["https:\/\/evertonfc.cz\/index.php\/2026\/02\/04\/prichazi-zara-kramzar\/"]}]},{"@type":"ImageObject","inLanguage":"cs","@id":"https:\/\/evertonfc.cz\/index.php\/2026\/02\/04\/prichazi-zara-kramzar\/#primaryimage","url":"https:\/\/evertonfc.cz\/wp-content\/uploads\/2026\/02\/Zara-Kramzar-04_02_2026-web.jpg","contentUrl":"https:\/\/evertonfc.cz\/wp-content\/uploads\/2026\/02\/Zara-Kramzar-04_02_2026-web.jpg","width":720,"height":405},{"@type":"BreadcrumbList","@id":"https:\/\/evertonfc.cz\/index.php\/2026\/02\/04\/prichazi-zara-kramzar\/#breadcrumb","itemListElement":[{"@type":"ListItem","position":1,"name":"Home","item":"https:\/\/evertonfc.cz\/"},{"@type":"ListItem","position":2,"name":"P\u0159ich\u00e1z\u00ed Zara Kram\u017ear"}]},{"@type":"WebSite","@id":"https:\/\/evertonfc.cz\/#website","url":"https:\/\/evertonfc.cz\/","name":"Official Czech &amp; Slovak Everton Supporters&#039; Club","description":"","publisher":{"@id":"https:\/\/evertonfc.cz\/#organization"},"potentialAction":[{"@type":"SearchAction","target":{"@type":"EntryPoint","urlTemplate":"https:\/\/evertonfc.cz\/?s={search_term_string}"},"query-input":{"@type":"PropertyValueSpecification","valueRequired":true,"valueName":"search_term_string"}}],"inLanguage":"cs"},{"@type":"Organization","@id":"https:\/\/evertonfc.cz\/#organization","name":"Official Czech & Slovak Everton Supporters' Club","url":"https:\/\/evertonfc.cz\/","logo":{"@type":"ImageObject","inLanguage":"cs","@id":"https:\/\/evertonfc.cz\/#\/schema\/logo\/image\/","url":"https:\/\/evertonfc.cz\/wp-content\/uploads\/2019\/05\/logo.png","contentUrl":"https:\/\/evertonfc.cz\/wp-content\/uploads\/2019\/05\/logo.png","width":112,"height":112,"caption":"Official Czech & Slovak Everton Supporters' Club"},"image":{"@id":"https:\/\/evertonfc.cz\/#\/schema\/logo\/image\/"},"sameAs":["https:\/\/www.facebook.com\/everton.fans.cz.sk"]},{"@type":"Person","@id":"https:\/\/evertonfc.cz\/#\/schema\/person\/e9a24a80a32efa1344dd2c4e5882185c","name":"Karamela","url":"https:\/\/evertonfc.cz\/index.php\/author\/karamela\/"}]}},"_links":{"self":[{"href":"https:\/\/evertonfc.cz\/index.php\/wp-json\/wp\/v2\/posts\/28382"}],"collection":[{"href":"https:\/\/evertonfc.cz\/index.php\/wp-json\/wp\/v2\/posts"}],"about":[{"href":"https:\/\/evertonfc.cz\/index.php\/wp-json\/wp\/v2\/types\/post"}],"author":[{"embeddable":true,"href":"https:\/\/evertonfc.cz\/index.php\/wp-json\/wp\/v2\/users\/26"}],"replies":[{"embeddable":true,"href":"https:\/\/evertonfc.cz\/index.php\/wp-json\/wp\/v2\/comments?post=28382"}],"version-history":[{"count":2,"href":"https:\/\/evertonfc.cz\/index.php\/wp-json\/wp\/v2\/posts\/28382\/revisions"}],"predecessor-version":[{"id":28385,"href":"https:\/\/evertonfc.cz\/index.php\/wp-json\/wp\/v2\/posts\/28382\/revisions\/28385"}],"wp:featuredmedia":[{"embeddable":true,"href":"https:\/\/evertonfc.cz\/index.php\/wp-json\/wp\/v2\/media\/28384"}],"wp:attachment":[{"href":"https:\/\/evertonfc.cz\/index.php\/wp-json\/wp\/v2\/media?parent=28382"}],"wp:term":[{"taxonomy":"category","embeddable":true,"href":"https:\/\/evertonfc.cz\/index.php\/wp-json\/wp\/v2\/categories?post=28382"},{"taxonomy":"post_tag","embeddable":true,"href":"https:\/\/evertonfc.cz\/index.php\/wp-json\/wp\/v2\/tags?post=28382"}],"curies":[{"name":"wp","href":"https:\/\/api.w.org\/{rel}","templated":true}]}}