{"id":28390,"date":"2026-02-04T18:14:29","date_gmt":"2026-02-04T17:14:29","guid":{"rendered":"https:\/\/evertonfc.cz\/?p=28390"},"modified":"2026-02-06T11:08:45","modified_gmt":"2026-02-06T10:08:45","slug":"brian-sorensen-vyhozen","status":"publish","type":"post","link":"https:\/\/evertonfc.cz\/index.php\/2026\/02\/04\/brian-sorensen-vyhozen\/","title":{"rendered":"Brian S\u00f8rensen vyhozen"},"content":{"rendered":"<h4>Mana\u017eer \u017eensk\u00e9ho t\u00fdmu Brian S\u00f8rensen byl s okam\u017eitou platnost\u00ed vyhozen z m\u00edsta mana\u017eera Everton Women.<\/h4>\n<p>D\u00e1nsk\u00fd mana\u017eer Brian S\u00f8rensen p\u0159i\u0161el do Evertonu na ja\u0159e 2022, \u010d\u00edm\u017e definitivn\u011b ukon\u010dil katastrof\u00e1ln\u00ed p\u016fsoben\u00ed sv\u00e9ho p\u0159edch\u016fdce\u00a0 Jean-Luca Vasseaura. Everton ukon\u010dil sez\u00f3nu na 10. m\u00edst\u011b a nastalo obdob\u00ed p\u0159estavby a budov\u00e1n\u00ed. Viz\u00ed nov\u00e9ho mana\u017eera bylo vybudov\u00e1n\u00ed stabiln\u00edho a perspektivn\u00edho t\u00fdmu mlad\u00fdch hr\u00e1\u010dek, kter\u00fd se v pr\u016fb\u011bhu n\u011bkolika m\u00e1lo let bude posouvat vzh\u016fru k \u00fasp\u011bch\u016fm. Zprvu s\u00e1zel zejm\u00e9na (ale nejen) na talentovan\u00e9 hr\u00e1\u010dky ze Skandin\u00e1vie, kterou ze\u00a0 sv\u00fdch p\u0159edchoz\u00edch p\u016fsoben\u00ed v d\u00e1nsk\u00e9 lize velmi dob\u0159e znal.<\/p>\n<p>Sympatick\u00fd projekt bohu\u017eel nevy\u0161el. T\u00fdm sice v sez\u00f3n\u011b 2022\/2023 skon\u010dil na p\u011bkn\u00e9m \u0161est\u00e9m m\u00edst\u011b a v sez\u00f3n\u011b 2023\/2024 na p\u0159ijateln\u00e9m 8. m\u00edst\u011b (m\u011bjme na pam\u011bti, \u017ee ve WSL 1 je pouze 12 t\u00fdm\u016f), ale uk\u00e1zalo se, \u017ee posily nez\u00e1\u0159\u00ed v anglick\u00e9 lize tak, jak tomu bylo v lig\u00e1ch kontinent\u00e1ln\u00edch nebo jak se optimisticky p\u0159edpokl\u00e1dalo. Co ov\u0161em bylo hor\u0161\u00ed, klubu se nepoda\u0159ilo udr\u017eet nadpr\u016fm\u011brn\u00e9 mlad\u00e9 hr\u00e1\u010dky (nap\u0159. Clinton, Bj\u00f6rn, Bennison, Geroge, Sevecke), kter\u00e9 se p\u0159esunuly za lep\u0161\u00edm. Sez\u00f3na 2024-2025 byla vzhledem ke sv\u00e9mu katastrof\u00e1ln\u00edmu pr\u016fb\u011bhu zp\u016fsoben\u00e9mu mimo jin\u00e9 epidemi\u00ed zran\u011bn\u00ed s uleh\u010den\u00edm zakon\u010dena tak\u00e9 8. m\u00edstem, ale mnoho pohledn\u00e9ho a nad\u011bjn\u00e9ho fotbalu jsme nep\u0159edvedli. A sou\u010dasn\u00e1 sez\u00f3na je jen prodlou\u017een\u00edm tr\u00e1pen\u00ed t\u00e9 minul\u00e9.<\/p>\n<p>Je jist\u00e9, \u017ee S\u00f8rensen m\u011bl pl\u00e1n dobr\u00fd. Bohu\u017eel jeho realizace v\u00e1zla. Za epidemii zran\u011bn\u00ed nem\u016f\u017ee a ani pom\u011brn\u011b \u00fazk\u00fd hr\u00e1\u010dsk\u00fd k\u00e1dr nen\u00ed jeho vinou. M\u016f\u017eeme diskutovat, zda vynalo\u017een\u00e9 pen\u00edze ne\u0161ly investovat l\u00e9pe, na druhou stranu vysloven\u011b d\u011bsiv\u00fd n\u00e1kup jsem za jeho p\u016fsoben\u00ed nezaznamenal. Pro\u010d se mu nepoda\u0159ilo udr\u017eet kl\u00ed\u010dov\u00e9 hr\u00e1\u010dky nev\u00edm, ale opakovan\u011b se t\u00edm dost\u00e1val do situace, kdy musel stav\u011bt t\u00fdm prakticky znovu a znovu. Celkov\u00fdm v\u00fdsledkem byl (a je) p\u0159edv\u00eddateln\u00fd velmi pr\u016fm\u011brn\u00fd fotbal, kter\u00fd nakonec nevy\u00fast\u00ed v katastrofu jen d\u00edky n\u011bkolika heroick\u00fdm vzep\u011bt\u00edm a z\u00e1sah\u016fm n\u00e1hody. A na to dlouhodob\u011b spol\u00e9hat nelze.<\/p>\n<p>S\u00f8rensenovi se nyn\u00ed vyt\u00fdk\u00e1 \u010dast\u00e9 stav\u011bn\u00ed hr\u00e1\u010dek mimo jejich pozice a p\u0159\u00edli\u0161 \u010dast\u00e1 rotace post\u016f. Mysl\u00edm ale, \u017ee to nen\u00ed \u00fapln\u011b spravedliv\u00e9, proto\u017ee to bylo mnohdy z\u00e1sahy vynucen\u00e9 mno\u017estv\u00edm zran\u011bn\u00fdch a nev\u00fdrazn\u00fdmi v\u00fdkony, kter\u00e9 n\u011bkter\u00e9 z hr\u00e1\u010dek na sv\u00fdch &#8222;nativn\u00edch&#8220; postech p\u0159edv\u00e1d\u011bly. S\u00f8rensen odch\u00e1z\u00ed jen p\u00e1r m\u011bs\u00edc\u016f pot\u00e9, co prodlou\u017eil sv\u016fj kontrakt s klubem o dal\u0161\u00ed t\u0159i roky. Byl mana\u017eerem s viz\u00ed, kterou se mu nepoda\u0159ilo uskute\u010dnit. I tak za n\u00edm z\u016fst\u00e1v\u00e1 kus solidn\u011b odveden\u00e9 pr\u00e1ce. Nicm\u00e9n\u011b je dob\u0159e, \u017ee se veden\u00ed odhodlalo ke zm\u011bn mana\u017eera &#8211; sez\u00f3na se nevyv\u00edj\u00ed v\u016fbec p\u011bkn\u011b a je bl\u00e1hov\u00e9 \u010dekat, \u017ee budeme sice st\u00e1le zkou\u0161et to sam\u00e9, ale s lep\u0161\u00edmi v\u00fdsledky. Do konce sez\u00f3ny se veden\u00ed uj\u00edm\u00e1 Scott Phelan (dosud U-18) jako hlavn\u00ed do\u010dasn\u00fd kou\u010d. Asistovat mu budou Jennifer Foster\u00a0 a Ian McCaldon. Brianovi d\u011bkujeme a nov\u00e9mu triumvir\u00e1tu p\u0159ejeme hodn\u011b \u0161t\u011bst\u00ed. <strong><span style=\"color: #0000ff;\">COYBG!\u00a0<\/span><\/strong><\/p>\n","protected":false},"excerpt":{"rendered":"<p>Mana\u017eer \u017eensk\u00e9ho t\u00fdmu Brian S\u00f8rensen byl s okam\u017eitou platnost\u00ed vyhozen z m\u00edsta mana\u017eera Everton Women.<\/p>\n","protected":false},"author":26,"featured_media":28392,"comment_status":"open","ping_status":"closed","sticky":false,"template":"","format":"standard","meta":{"_eb_attr":"","_monsterinsights_skip_tracking":false,"_monsterinsights_sitenote_active":false,"_monsterinsights_sitenote_note":"","_monsterinsights_sitenote_category":0,"footnotes":""},"categories":[110],"tags":[],"yoast_head":"<!-- This site is optimized with the Yoast SEO plugin v23.4 - https:\/\/yoast.com\/wordpress\/plugins\/seo\/ -->\n<title>Brian S\u00f8rensen vyhozen - Official Czech &amp; Slovak Everton Supporters&#039; Club<\/title>\n<meta name=\"robots\" content=\"index, follow, max-snippet:-1, max-image-preview:large, max-video-preview:-1\" \/>\n<link rel=\"canonical\" href=\"https:\/\/evertonfc.cz\/index.php\/2026\/02\/04\/brian-sorensen-vyhozen\/\" \/>\n<meta property=\"og:locale\" content=\"cs_CZ\" \/>\n<meta property=\"og:type\" content=\"article\" \/>\n<meta property=\"og:title\" content=\"Brian S\u00f8rensen vyhozen - Official Czech &amp; Slovak Everton Supporters&#039; Club\" \/>\n<meta property=\"og:description\" content=\"Mana\u017eer \u017eensk\u00e9ho t\u00fdmu Brian S\u00f8rensen byl s okam\u017eitou platnost\u00ed vyhozen z m\u00edsta mana\u017eera Everton Women.\" \/>\n<meta property=\"og:url\" content=\"https:\/\/evertonfc.cz\/index.php\/2026\/02\/04\/brian-sorensen-vyhozen\/\" \/>\n<meta property=\"og:site_name\" content=\"Official Czech &amp; Slovak Everton Supporters&#039; Club\" \/>\n<meta property=\"article:publisher\" content=\"https:\/\/www.facebook.com\/everton.fans.cz.sk\" \/>\n<meta property=\"article:published_time\" content=\"2026-02-04T17:14:29+00:00\" \/>\n<meta property=\"article:modified_time\" content=\"2026-02-06T10:08:45+00:00\" \/>\n<meta property=\"og:image\" content=\"https:\/\/evertonfc.cz\/wp-content\/uploads\/2026\/02\/Soerensen-odchazi-04_02_2026_web.jpg\" \/>\n\t<meta property=\"og:image:width\" content=\"720\" \/>\n\t<meta property=\"og:image:height\" content=\"405\" \/>\n\t<meta property=\"og:image:type\" content=\"image\/jpeg\" \/>\n<meta name=\"author\" content=\"Karamela\" \/>\n<meta name=\"twitter:card\" content=\"summary_large_image\" \/>\n<meta name=\"twitter:label1\" content=\"Napsal(a)\" \/>\n\t<meta name=\"twitter:data1\" content=\"Karamela\" \/>\n\t<meta name=\"twitter:label2\" content=\"Odhadovan\u00e1 doba \u010dten\u00ed\" \/>\n\t<meta name=\"twitter:data2\" content=\"3 minuty\" \/>\n<script type=\"application\/ld+json\" class=\"yoast-schema-graph\">{\"@context\":\"https:\/\/schema.org\",\"@graph\":[{\"@type\":\"Article\",\"@id\":\"https:\/\/evertonfc.cz\/index.php\/2026\/02\/04\/brian-sorensen-vyhozen\/#article\",\"isPartOf\":{\"@id\":\"https:\/\/evertonfc.cz\/index.php\/2026\/02\/04\/brian-sorensen-vyhozen\/\"},\"author\":{\"name\":\"Karamela\",\"@id\":\"https:\/\/evertonfc.cz\/#\/schema\/person\/e9a24a80a32efa1344dd2c4e5882185c\"},\"headline\":\"Brian S\u00f8rensen vyhozen\",\"datePublished\":\"2026-02-04T17:14:29+00:00\",\"dateModified\":\"2026-02-06T10:08:45+00:00\",\"mainEntityOfPage\":{\"@id\":\"https:\/\/evertonfc.cz\/index.php\/2026\/02\/04\/brian-sorensen-vyhozen\/\"},\"wordCount\":633,\"commentCount\":0,\"publisher\":{\"@id\":\"https:\/\/evertonfc.cz\/#organization\"},\"image\":{\"@id\":\"https:\/\/evertonfc.cz\/index.php\/2026\/02\/04\/brian-sorensen-vyhozen\/#primaryimage\"},\"thumbnailUrl\":\"https:\/\/evertonfc.cz\/wp-content\/uploads\/2026\/02\/Soerensen-odchazi-04_02_2026_web.jpg\",\"articleSection\":[\"Everton Women\"],\"inLanguage\":\"cs\",\"potentialAction\":[{\"@type\":\"CommentAction\",\"name\":\"Comment\",\"target\":[\"https:\/\/evertonfc.cz\/index.php\/2026\/02\/04\/brian-sorensen-vyhozen\/#respond\"]}]},{\"@type\":\"WebPage\",\"@id\":\"https:\/\/evertonfc.cz\/index.php\/2026\/02\/04\/brian-sorensen-vyhozen\/\",\"url\":\"https:\/\/evertonfc.cz\/index.php\/2026\/02\/04\/brian-sorensen-vyhozen\/\",\"name\":\"Brian S\u00f8rensen vyhozen - Official Czech &amp; Slovak Everton Supporters&#039; Club\",\"isPartOf\":{\"@id\":\"https:\/\/evertonfc.cz\/#website\"},\"primaryImageOfPage\":{\"@id\":\"https:\/\/evertonfc.cz\/index.php\/2026\/02\/04\/brian-sorensen-vyhozen\/#primaryimage\"},\"image\":{\"@id\":\"https:\/\/evertonfc.cz\/index.php\/2026\/02\/04\/brian-sorensen-vyhozen\/#primaryimage\"},\"thumbnailUrl\":\"https:\/\/evertonfc.cz\/wp-content\/uploads\/2026\/02\/Soerensen-odchazi-04_02_2026_web.jpg\",\"datePublished\":\"2026-02-04T17:14:29+00:00\",\"dateModified\":\"2026-02-06T10:08:45+00:00\",\"breadcrumb\":{\"@id\":\"https:\/\/evertonfc.cz\/index.php\/2026\/02\/04\/brian-sorensen-vyhozen\/#breadcrumb\"},\"inLanguage\":\"cs\",\"potentialAction\":[{\"@type\":\"ReadAction\",\"target\":[\"https:\/\/evertonfc.cz\/index.php\/2026\/02\/04\/brian-sorensen-vyhozen\/\"]}]},{\"@type\":\"ImageObject\",\"inLanguage\":\"cs\",\"@id\":\"https:\/\/evertonfc.cz\/index.php\/2026\/02\/04\/brian-sorensen-vyhozen\/#primaryimage\",\"url\":\"https:\/\/evertonfc.cz\/wp-content\/uploads\/2026\/02\/Soerensen-odchazi-04_02_2026_web.jpg\",\"contentUrl\":\"https:\/\/evertonfc.cz\/wp-content\/uploads\/2026\/02\/Soerensen-odchazi-04_02_2026_web.jpg\",\"width\":720,\"height\":405},{\"@type\":\"BreadcrumbList\",\"@id\":\"https:\/\/evertonfc.cz\/index.php\/2026\/02\/04\/brian-sorensen-vyhozen\/#breadcrumb\",\"itemListElement\":[{\"@type\":\"ListItem\",\"position\":1,\"name\":\"Home\",\"item\":\"https:\/\/evertonfc.cz\/\"},{\"@type\":\"ListItem\",\"position\":2,\"name\":\"Brian S\u00f8rensen vyhozen\"}]},{\"@type\":\"WebSite\",\"@id\":\"https:\/\/evertonfc.cz\/#website\",\"url\":\"https:\/\/evertonfc.cz\/\",\"name\":\"Official Czech &amp; Slovak Everton Supporters&#039; Club\",\"description\":\"\",\"publisher\":{\"@id\":\"https:\/\/evertonfc.cz\/#organization\"},\"potentialAction\":[{\"@type\":\"SearchAction\",\"target\":{\"@type\":\"EntryPoint\",\"urlTemplate\":\"https:\/\/evertonfc.cz\/?s={search_term_string}\"},\"query-input\":{\"@type\":\"PropertyValueSpecification\",\"valueRequired\":true,\"valueName\":\"search_term_string\"}}],\"inLanguage\":\"cs\"},{\"@type\":\"Organization\",\"@id\":\"https:\/\/evertonfc.cz\/#organization\",\"name\":\"Official Czech & Slovak Everton Supporters' Club\",\"url\":\"https:\/\/evertonfc.cz\/\",\"logo\":{\"@type\":\"ImageObject\",\"inLanguage\":\"cs\",\"@id\":\"https:\/\/evertonfc.cz\/#\/schema\/logo\/image\/\",\"url\":\"https:\/\/evertonfc.cz\/wp-content\/uploads\/2019\/05\/logo.png\",\"contentUrl\":\"https:\/\/evertonfc.cz\/wp-content\/uploads\/2019\/05\/logo.png\",\"width\":112,\"height\":112,\"caption\":\"Official Czech & Slovak Everton Supporters' Club\"},\"image\":{\"@id\":\"https:\/\/evertonfc.cz\/#\/schema\/logo\/image\/\"},\"sameAs\":[\"https:\/\/www.facebook.com\/everton.fans.cz.sk\"]},{\"@type\":\"Person\",\"@id\":\"https:\/\/evertonfc.cz\/#\/schema\/person\/e9a24a80a32efa1344dd2c4e5882185c\",\"name\":\"Karamela\",\"url\":\"https:\/\/evertonfc.cz\/index.php\/author\/karamela\/\"}]}<\/script>\n<!-- \/ Yoast SEO plugin. -->","yoast_head_json":{"title":"Brian S\u00f8rensen vyhozen - Official Czech &amp; Slovak Everton Supporters&#039; Club","robots":{"index":"index","follow":"follow","max-snippet":"max-snippet:-1","max-image-preview":"max-image-preview:large","max-video-preview":"max-video-preview:-1"},"canonical":"https:\/\/evertonfc.cz\/index.php\/2026\/02\/04\/brian-sorensen-vyhozen\/","og_locale":"cs_CZ","og_type":"article","og_title":"Brian S\u00f8rensen vyhozen - Official Czech &amp; Slovak Everton Supporters&#039; Club","og_description":"Mana\u017eer \u017eensk\u00e9ho t\u00fdmu Brian S\u00f8rensen byl s okam\u017eitou platnost\u00ed vyhozen z m\u00edsta mana\u017eera Everton Women.","og_url":"https:\/\/evertonfc.cz\/index.php\/2026\/02\/04\/brian-sorensen-vyhozen\/","og_site_name":"Official Czech &amp; Slovak Everton Supporters&#039; Club","article_publisher":"https:\/\/www.facebook.com\/everton.fans.cz.sk","article_published_time":"2026-02-04T17:14:29+00:00","article_modified_time":"2026-02-06T10:08:45+00:00","og_image":[{"width":720,"height":405,"url":"https:\/\/evertonfc.cz\/wp-content\/uploads\/2026\/02\/Soerensen-odchazi-04_02_2026_web.jpg","type":"image\/jpeg"}],"author":"Karamela","twitter_card":"summary_large_image","twitter_misc":{"Napsal(a)":"Karamela","Odhadovan\u00e1 doba \u010dten\u00ed":"3 minuty"},"schema":{"@context":"https:\/\/schema.org","@graph":[{"@type":"Article","@id":"https:\/\/evertonfc.cz\/index.php\/2026\/02\/04\/brian-sorensen-vyhozen\/#article","isPartOf":{"@id":"https:\/\/evertonfc.cz\/index.php\/2026\/02\/04\/brian-sorensen-vyhozen\/"},"author":{"name":"Karamela","@id":"https:\/\/evertonfc.cz\/#\/schema\/person\/e9a24a80a32efa1344dd2c4e5882185c"},"headline":"Brian S\u00f8rensen vyhozen","datePublished":"2026-02-04T17:14:29+00:00","dateModified":"2026-02-06T10:08:45+00:00","mainEntityOfPage":{"@id":"https:\/\/evertonfc.cz\/index.php\/2026\/02\/04\/brian-sorensen-vyhozen\/"},"wordCount":633,"commentCount":0,"publisher":{"@id":"https:\/\/evertonfc.cz\/#organization"},"image":{"@id":"https:\/\/evertonfc.cz\/index.php\/2026\/02\/04\/brian-sorensen-vyhozen\/#primaryimage"},"thumbnailUrl":"https:\/\/evertonfc.cz\/wp-content\/uploads\/2026\/02\/Soerensen-odchazi-04_02_2026_web.jpg","articleSection":["Everton Women"],"inLanguage":"cs","potentialAction":[{"@type":"CommentAction","name":"Comment","target":["https:\/\/evertonfc.cz\/index.php\/2026\/02\/04\/brian-sorensen-vyhozen\/#respond"]}]},{"@type":"WebPage","@id":"https:\/\/evertonfc.cz\/index.php\/2026\/02\/04\/brian-sorensen-vyhozen\/","url":"https:\/\/evertonfc.cz\/index.php\/2026\/02\/04\/brian-sorensen-vyhozen\/","name":"Brian S\u00f8rensen vyhozen - Official Czech &amp; Slovak Everton Supporters&#039; Club","isPartOf":{"@id":"https:\/\/evertonfc.cz\/#website"},"primaryImageOfPage":{"@id":"https:\/\/evertonfc.cz\/index.php\/2026\/02\/04\/brian-sorensen-vyhozen\/#primaryimage"},"image":{"@id":"https:\/\/evertonfc.cz\/index.php\/2026\/02\/04\/brian-sorensen-vyhozen\/#primaryimage"},"thumbnailUrl":"https:\/\/evertonfc.cz\/wp-content\/uploads\/2026\/02\/Soerensen-odchazi-04_02_2026_web.jpg","datePublished":"2026-02-04T17:14:29+00:00","dateModified":"2026-02-06T10:08:45+00:00","breadcrumb":{"@id":"https:\/\/evertonfc.cz\/index.php\/2026\/02\/04\/brian-sorensen-vyhozen\/#breadcrumb"},"inLanguage":"cs","potentialAction":[{"@type":"ReadAction","target":["https:\/\/evertonfc.cz\/index.php\/2026\/02\/04\/brian-sorensen-vyhozen\/"]}]},{"@type":"ImageObject","inLanguage":"cs","@id":"https:\/\/evertonfc.cz\/index.php\/2026\/02\/04\/brian-sorensen-vyhozen\/#primaryimage","url":"https:\/\/evertonfc.cz\/wp-content\/uploads\/2026\/02\/Soerensen-odchazi-04_02_2026_web.jpg","contentUrl":"https:\/\/evertonfc.cz\/wp-content\/uploads\/2026\/02\/Soerensen-odchazi-04_02_2026_web.jpg","width":720,"height":405},{"@type":"BreadcrumbList","@id":"https:\/\/evertonfc.cz\/index.php\/2026\/02\/04\/brian-sorensen-vyhozen\/#breadcrumb","itemListElement":[{"@type":"ListItem","position":1,"name":"Home","item":"https:\/\/evertonfc.cz\/"},{"@type":"ListItem","position":2,"name":"Brian S\u00f8rensen vyhozen"}]},{"@type":"WebSite","@id":"https:\/\/evertonfc.cz\/#website","url":"https:\/\/evertonfc.cz\/","name":"Official Czech &amp; Slovak Everton Supporters&#039; Club","description":"","publisher":{"@id":"https:\/\/evertonfc.cz\/#organization"},"potentialAction":[{"@type":"SearchAction","target":{"@type":"EntryPoint","urlTemplate":"https:\/\/evertonfc.cz\/?s={search_term_string}"},"query-input":{"@type":"PropertyValueSpecification","valueRequired":true,"valueName":"search_term_string"}}],"inLanguage":"cs"},{"@type":"Organization","@id":"https:\/\/evertonfc.cz\/#organization","name":"Official Czech & Slovak Everton Supporters' Club","url":"https:\/\/evertonfc.cz\/","logo":{"@type":"ImageObject","inLanguage":"cs","@id":"https:\/\/evertonfc.cz\/#\/schema\/logo\/image\/","url":"https:\/\/evertonfc.cz\/wp-content\/uploads\/2019\/05\/logo.png","contentUrl":"https:\/\/evertonfc.cz\/wp-content\/uploads\/2019\/05\/logo.png","width":112,"height":112,"caption":"Official Czech & Slovak Everton Supporters' Club"},"image":{"@id":"https:\/\/evertonfc.cz\/#\/schema\/logo\/image\/"},"sameAs":["https:\/\/www.facebook.com\/everton.fans.cz.sk"]},{"@type":"Person","@id":"https:\/\/evertonfc.cz\/#\/schema\/person\/e9a24a80a32efa1344dd2c4e5882185c","name":"Karamela","url":"https:\/\/evertonfc.cz\/index.php\/author\/karamela\/"}]}},"_links":{"self":[{"href":"https:\/\/evertonfc.cz\/index.php\/wp-json\/wp\/v2\/posts\/28390"}],"collection":[{"href":"https:\/\/evertonfc.cz\/index.php\/wp-json\/wp\/v2\/posts"}],"about":[{"href":"https:\/\/evertonfc.cz\/index.php\/wp-json\/wp\/v2\/types\/post"}],"author":[{"embeddable":true,"href":"https:\/\/evertonfc.cz\/index.php\/wp-json\/wp\/v2\/users\/26"}],"replies":[{"embeddable":true,"href":"https:\/\/evertonfc.cz\/index.php\/wp-json\/wp\/v2\/comments?post=28390"}],"version-history":[{"count":4,"href":"https:\/\/evertonfc.cz\/index.php\/wp-json\/wp\/v2\/posts\/28390\/revisions"}],"predecessor-version":[{"id":28395,"href":"https:\/\/evertonfc.cz\/index.php\/wp-json\/wp\/v2\/posts\/28390\/revisions\/28395"}],"wp:featuredmedia":[{"embeddable":true,"href":"https:\/\/evertonfc.cz\/index.php\/wp-json\/wp\/v2\/media\/28392"}],"wp:attachment":[{"href":"https:\/\/evertonfc.cz\/index.php\/wp-json\/wp\/v2\/media?parent=28390"}],"wp:term":[{"taxonomy":"category","embeddable":true,"href":"https:\/\/evertonfc.cz\/index.php\/wp-json\/wp\/v2\/categories?post=28390"},{"taxonomy":"post_tag","embeddable":true,"href":"https:\/\/evertonfc.cz\/index.php\/wp-json\/wp\/v2\/tags?post=28390"}],"curies":[{"name":"wp","href":"https:\/\/api.w.org\/{rel}","templated":true}]}}