{"id":28397,"date":"2026-02-07T10:51:34","date_gmt":"2026-02-07T09:51:34","guid":{"rendered":"https:\/\/evertonfc.cz\/?p=28397"},"modified":"2026-02-07T13:22:37","modified_gmt":"2026-02-07T12:22:37","slug":"preview-fulham-everton-10","status":"publish","type":"post","link":"https:\/\/evertonfc.cz\/index.php\/2026\/02\/07\/preview-fulham-everton-10\/","title":{"rendered":"Preview: Fulham \u2013 Everton"},"content":{"rendered":"<h4>Soused\u00e9 v\u00a0tabulce, skv\u011bl\u00ed dom\u00e1c\u00ed, efektivn\u00ed host\u00e9, 4 st\u0159edn\u00ed obr\u00e1nci, bez Grealishe, opravdu to budou vys\u00edlat?<\/h4>\n<p>Toffees se st\u00e1le pohybuj\u00ed bl\u00edzko poh\u00e1rov\u00fdch p\u0159\u00ed\u010dek, ale sv\u00fdmi nad\u011bjemi kv\u016fli mnoha rem\u00edz\u00e1m hazarduj\u00ed &#8211; a to maj\u00ed m\u00edrn\u00fd los. P\u0159esn\u011b tak, jak bychom o\u010dek\u00e1vali. V\u00fdhra na Craven Cottage by tak m\u011bla cenu \u0161v\u00fdcarsk\u00e9ho\u00a0franku<em>.<\/em><\/p>\n<p>Jen\u017ee n\u00e1s \u010dek\u00e1 duel s nem\u00e9n\u011b ambici\u00f3zn\u00edm t\u00fdmem. Cottagers byli na p\u0159estupov\u00e9m trhu relativn\u011b \u00fasp\u011b\u0161n\u00ed, a\u010d skute\u010dn\u00fd \u00fasp\u011bch uk\u00e1\u017ee a\u017e \u010das. Oscar Bobb, k\u0159\u00eddlo z Manchesteru City, zat\u00edm laboroval se zran\u011bn\u00fdm stehnem, ale proti Evertonu se podobn\u011b jako Muniz uk\u00e1\u017ee. Dost se mluvilo o n\u00e1mluv\u00e1ch s mlad\u00fdm americk\u00fdm snajprem Ricardem Pepim z Eindhovenu, ale p\u0159estup nedostal zelenou. Je zaj\u00edmav\u00e9, \u017ee Fulham se neboj\u00ed lovit i mimo Top5 evropsk\u00e9 sout\u011b\u017ee. To Everton skoro v\u016fbec ned\u011bl\u00e1.<\/p>\n<p>Marco Silva se posledn\u00ed 3 sez\u00f3ny od postupu dr\u017e\u00ed ve st\u0159edu tabulky. Ka\u017edou sez\u00f3nu m\u011bli obdob\u00ed, kdy se mluvilo o ataku na Evropu, ale nakonec z toho nikdy nic nebylo. Tak\u00e9 letos nejsou daleko, zejm\u00e9na kv\u016fli v\u00fdte\u010dn\u00e9 dom\u00e1c\u00ed form\u011b. Ale ani venku to nen\u00ed zl\u00e9, v posledn\u00edm z\u00e1pase padli a\u017e v nastaven\u00ed se znovuzrozen\u00fdmi \u010e\u00e1bly z Old Trafford.<\/p>\n<p>Everton z\u00edskal na hostov\u00e1n\u00ed Tyrique George z\u00a0Chelsea. Bez p\u0159estupov\u00e9 \u010d\u00e1stky to vypad\u00e1 dost chud\u011b, ale zd\u00e1n\u00ed klame. Mlad\u00fd \u00fato\u010dn\u00edk svou dynamikou m\u016f\u017ee b\u00fdt opravdu d\u016fle\u017eit\u00fdm p\u0159estupem. St\u011bhov\u00e1n\u00ed nevy\u0161lo naopak Dwightovi McNeilovi. Jestli to dok\u00e1\u017ee nakopnout jeho nejslab\u0161\u00ed sez\u00f3nu u n\u00e1s, to nech\u00e1m k\u00a0posouzen\u00ed v\u00e1m. Uvid\u00edme \u010dasem.<\/p>\n<p>Ob\u011bma t\u00fdm\u016fm se vypr\u00e1zdnila marodka, chyb\u011bt by m\u011bli jen Luki\u010d a Grealish. Everton dostal ve venkovvn\u00edch z\u00e1pasech letos pouze 11 branek, co\u017e je druh\u00e1 nejlep\u0161\u00ed bilance v lize. Dom\u00e1c\u00ed ale u\u017e 7kr\u00e1t z 12 pokus\u016f doma zv\u00edt\u011bzili, to pro zm\u011bnu sta\u010d\u00ed na 4. m\u00edsto, bodov\u011b ale pouze na osm\u00e9.<\/p>\n<p>Uvid\u00edme op\u011bt 4 st\u0159edn\u00ed obr\u00e1nce nebo se do sestavy vr\u00e1t\u00ed uzdraven\u00fd Mykolenko? Dostane \u0161anci n\u011bjak\u00fd z mlad\u00fdch k\u0159\u00eddeln\u00edk\u016f hned od za\u010d\u00e1tku nebo si budeme sed\u011bt na rukou? To se dov\u00edme a\u017e hodinu p\u0159ed z\u00e1pasem, do t\u00e9 doby m\u016f\u017eeme sn\u00edt.<\/p>\n<p><strong>Co:<\/strong> Fulham FC \u2013 Everton FC, 25. kolo Premier League<br \/>\n<strong>Kdy:<\/strong>\u00a07. \u00a0\u00fanora 2026 od 16:00<br \/>\n<strong>Kde:<\/strong> Craven Cottage \u2013 Stevenage Road, London, SW6 6HH (kapacita: 28 800)<br \/>\n<strong>TV:<\/strong>\u00a0p\u0159\u00edm\u00fd p\u0159enos na stanici Canal+ Sport6, komentuje Ond\u0159ej L\u00edpa<br \/>\n<strong>Rozhod\u010d\u00ed<\/strong>: Stuart Attwell\u00a0 <strong>Postrann\u00ed<\/strong>: Constantine Hatzidakis, Alex James\u00a0 <strong>\u010ctvrt\u00fd rozhod\u010d\u00ed<\/strong>: Lewis Smith<br \/>\n<strong>VAR<\/strong>: Tony Harrington\u00a0 <strong>Asistent VAR<\/strong>: Dan Robathan<\/p>\n","protected":false},"excerpt":{"rendered":"<p>Soused\u00e9 v tabulce, skv\u011bl\u00ed dom\u00e1c\u00ed, efektivn\u00ed host\u00e9, 4 st\u0159edn\u00ed obr\u00e1nci, bez Grealishe, opravdu to budou vys\u00edlat?<\/p>\n","protected":false},"author":10,"featured_media":12988,"comment_status":"open","ping_status":"closed","sticky":false,"template":"","format":"standard","meta":{"_eb_attr":"","_monsterinsights_skip_tracking":false,"_monsterinsights_sitenote_active":false,"_monsterinsights_sitenote_note":"","_monsterinsights_sitenote_category":0,"footnotes":""},"categories":[4],"tags":[],"yoast_head":"<!-- This site is optimized with the Yoast SEO plugin v23.4 - https:\/\/yoast.com\/wordpress\/plugins\/seo\/ -->\n<title>Preview: Fulham \u2013 Everton - Official Czech &amp; Slovak Everton Supporters&#039; Club<\/title>\n<meta name=\"robots\" content=\"index, follow, max-snippet:-1, max-image-preview:large, max-video-preview:-1\" \/>\n<link rel=\"canonical\" href=\"https:\/\/evertonfc.cz\/index.php\/2026\/02\/07\/preview-fulham-everton-10\/\" \/>\n<meta property=\"og:locale\" content=\"cs_CZ\" \/>\n<meta property=\"og:type\" content=\"article\" \/>\n<meta property=\"og:title\" content=\"Preview: Fulham \u2013 Everton - Official Czech &amp; Slovak Everton Supporters&#039; Club\" \/>\n<meta property=\"og:description\" content=\"Soused\u00e9 v tabulce, skv\u011bl\u00ed dom\u00e1c\u00ed, efektivn\u00ed host\u00e9, 4 st\u0159edn\u00ed obr\u00e1nci, bez Grealishe, opravdu to budou vys\u00edlat?\" \/>\n<meta property=\"og:url\" content=\"https:\/\/evertonfc.cz\/index.php\/2026\/02\/07\/preview-fulham-everton-10\/\" \/>\n<meta property=\"og:site_name\" content=\"Official Czech &amp; Slovak Everton Supporters&#039; Club\" \/>\n<meta property=\"article:publisher\" content=\"https:\/\/www.facebook.com\/everton.fans.cz.sk\" \/>\n<meta property=\"article:published_time\" content=\"2026-02-07T09:51:34+00:00\" \/>\n<meta property=\"article:modified_time\" content=\"2026-02-07T12:22:37+00:00\" \/>\n<meta property=\"og:image\" content=\"https:\/\/evertonfc.cz\/wp-content\/uploads\/2020\/11\/Fulham-VS-Everton-20-11-2020.jpg\" \/>\n\t<meta property=\"og:image:width\" content=\"720\" \/>\n\t<meta property=\"og:image:height\" content=\"405\" \/>\n\t<meta property=\"og:image:type\" content=\"image\/jpeg\" \/>\n<meta name=\"author\" content=\"Fip\" \/>\n<meta name=\"twitter:card\" content=\"summary_large_image\" \/>\n<meta name=\"twitter:label1\" content=\"Napsal(a)\" \/>\n\t<meta name=\"twitter:data1\" content=\"Fip\" \/>\n\t<meta name=\"twitter:label2\" content=\"Odhadovan\u00e1 doba \u010dten\u00ed\" \/>\n\t<meta name=\"twitter:data2\" content=\"3 minuty\" \/>\n<script type=\"application\/ld+json\" class=\"yoast-schema-graph\">{\"@context\":\"https:\/\/schema.org\",\"@graph\":[{\"@type\":\"Article\",\"@id\":\"https:\/\/evertonfc.cz\/index.php\/2026\/02\/07\/preview-fulham-everton-10\/#article\",\"isPartOf\":{\"@id\":\"https:\/\/evertonfc.cz\/index.php\/2026\/02\/07\/preview-fulham-everton-10\/\"},\"author\":{\"name\":\"Fip\",\"@id\":\"https:\/\/evertonfc.cz\/#\/schema\/person\/35904009755e8eaa0dc1a5f5f0419002\"},\"headline\":\"Preview: Fulham \u2013 Everton\",\"datePublished\":\"2026-02-07T09:51:34+00:00\",\"dateModified\":\"2026-02-07T12:22:37+00:00\",\"mainEntityOfPage\":{\"@id\":\"https:\/\/evertonfc.cz\/index.php\/2026\/02\/07\/preview-fulham-everton-10\/\"},\"wordCount\":482,\"commentCount\":4,\"publisher\":{\"@id\":\"https:\/\/evertonfc.cz\/#organization\"},\"image\":{\"@id\":\"https:\/\/evertonfc.cz\/index.php\/2026\/02\/07\/preview-fulham-everton-10\/#primaryimage\"},\"thumbnailUrl\":\"https:\/\/evertonfc.cz\/wp-content\/uploads\/2020\/11\/Fulham-VS-Everton-20-11-2020.jpg\",\"articleSection\":[\"Z\u00e1pasy\"],\"inLanguage\":\"cs\",\"potentialAction\":[{\"@type\":\"CommentAction\",\"name\":\"Comment\",\"target\":[\"https:\/\/evertonfc.cz\/index.php\/2026\/02\/07\/preview-fulham-everton-10\/#respond\"]}]},{\"@type\":\"WebPage\",\"@id\":\"https:\/\/evertonfc.cz\/index.php\/2026\/02\/07\/preview-fulham-everton-10\/\",\"url\":\"https:\/\/evertonfc.cz\/index.php\/2026\/02\/07\/preview-fulham-everton-10\/\",\"name\":\"Preview: Fulham \u2013 Everton - Official Czech &amp; Slovak Everton Supporters&#039; Club\",\"isPartOf\":{\"@id\":\"https:\/\/evertonfc.cz\/#website\"},\"primaryImageOfPage\":{\"@id\":\"https:\/\/evertonfc.cz\/index.php\/2026\/02\/07\/preview-fulham-everton-10\/#primaryimage\"},\"image\":{\"@id\":\"https:\/\/evertonfc.cz\/index.php\/2026\/02\/07\/preview-fulham-everton-10\/#primaryimage\"},\"thumbnailUrl\":\"https:\/\/evertonfc.cz\/wp-content\/uploads\/2020\/11\/Fulham-VS-Everton-20-11-2020.jpg\",\"datePublished\":\"2026-02-07T09:51:34+00:00\",\"dateModified\":\"2026-02-07T12:22:37+00:00\",\"breadcrumb\":{\"@id\":\"https:\/\/evertonfc.cz\/index.php\/2026\/02\/07\/preview-fulham-everton-10\/#breadcrumb\"},\"inLanguage\":\"cs\",\"potentialAction\":[{\"@type\":\"ReadAction\",\"target\":[\"https:\/\/evertonfc.cz\/index.php\/2026\/02\/07\/preview-fulham-everton-10\/\"]}]},{\"@type\":\"ImageObject\",\"inLanguage\":\"cs\",\"@id\":\"https:\/\/evertonfc.cz\/index.php\/2026\/02\/07\/preview-fulham-everton-10\/#primaryimage\",\"url\":\"https:\/\/evertonfc.cz\/wp-content\/uploads\/2020\/11\/Fulham-VS-Everton-20-11-2020.jpg\",\"contentUrl\":\"https:\/\/evertonfc.cz\/wp-content\/uploads\/2020\/11\/Fulham-VS-Everton-20-11-2020.jpg\",\"width\":720,\"height\":405},{\"@type\":\"BreadcrumbList\",\"@id\":\"https:\/\/evertonfc.cz\/index.php\/2026\/02\/07\/preview-fulham-everton-10\/#breadcrumb\",\"itemListElement\":[{\"@type\":\"ListItem\",\"position\":1,\"name\":\"Home\",\"item\":\"https:\/\/evertonfc.cz\/\"},{\"@type\":\"ListItem\",\"position\":2,\"name\":\"Preview: Fulham \u2013 Everton\"}]},{\"@type\":\"WebSite\",\"@id\":\"https:\/\/evertonfc.cz\/#website\",\"url\":\"https:\/\/evertonfc.cz\/\",\"name\":\"Official Czech &amp; Slovak Everton Supporters&#039; Club\",\"description\":\"\",\"publisher\":{\"@id\":\"https:\/\/evertonfc.cz\/#organization\"},\"potentialAction\":[{\"@type\":\"SearchAction\",\"target\":{\"@type\":\"EntryPoint\",\"urlTemplate\":\"https:\/\/evertonfc.cz\/?s={search_term_string}\"},\"query-input\":{\"@type\":\"PropertyValueSpecification\",\"valueRequired\":true,\"valueName\":\"search_term_string\"}}],\"inLanguage\":\"cs\"},{\"@type\":\"Organization\",\"@id\":\"https:\/\/evertonfc.cz\/#organization\",\"name\":\"Official Czech & Slovak Everton Supporters' Club\",\"url\":\"https:\/\/evertonfc.cz\/\",\"logo\":{\"@type\":\"ImageObject\",\"inLanguage\":\"cs\",\"@id\":\"https:\/\/evertonfc.cz\/#\/schema\/logo\/image\/\",\"url\":\"https:\/\/evertonfc.cz\/wp-content\/uploads\/2019\/05\/logo.png\",\"contentUrl\":\"https:\/\/evertonfc.cz\/wp-content\/uploads\/2019\/05\/logo.png\",\"width\":112,\"height\":112,\"caption\":\"Official Czech & Slovak Everton Supporters' Club\"},\"image\":{\"@id\":\"https:\/\/evertonfc.cz\/#\/schema\/logo\/image\/\"},\"sameAs\":[\"https:\/\/www.facebook.com\/everton.fans.cz.sk\"]},{\"@type\":\"Person\",\"@id\":\"https:\/\/evertonfc.cz\/#\/schema\/person\/35904009755e8eaa0dc1a5f5f0419002\",\"name\":\"Fip\",\"url\":\"https:\/\/evertonfc.cz\/index.php\/author\/fip\/\"}]}<\/script>\n<!-- \/ Yoast SEO plugin. -->","yoast_head_json":{"title":"Preview: Fulham \u2013 Everton - Official Czech &amp; Slovak Everton Supporters&#039; Club","robots":{"index":"index","follow":"follow","max-snippet":"max-snippet:-1","max-image-preview":"max-image-preview:large","max-video-preview":"max-video-preview:-1"},"canonical":"https:\/\/evertonfc.cz\/index.php\/2026\/02\/07\/preview-fulham-everton-10\/","og_locale":"cs_CZ","og_type":"article","og_title":"Preview: Fulham \u2013 Everton - Official Czech &amp; Slovak Everton Supporters&#039; Club","og_description":"Soused\u00e9 v tabulce, skv\u011bl\u00ed dom\u00e1c\u00ed, efektivn\u00ed host\u00e9, 4 st\u0159edn\u00ed obr\u00e1nci, bez Grealishe, opravdu to budou vys\u00edlat?","og_url":"https:\/\/evertonfc.cz\/index.php\/2026\/02\/07\/preview-fulham-everton-10\/","og_site_name":"Official Czech &amp; Slovak Everton Supporters&#039; Club","article_publisher":"https:\/\/www.facebook.com\/everton.fans.cz.sk","article_published_time":"2026-02-07T09:51:34+00:00","article_modified_time":"2026-02-07T12:22:37+00:00","og_image":[{"width":720,"height":405,"url":"https:\/\/evertonfc.cz\/wp-content\/uploads\/2020\/11\/Fulham-VS-Everton-20-11-2020.jpg","type":"image\/jpeg"}],"author":"Fip","twitter_card":"summary_large_image","twitter_misc":{"Napsal(a)":"Fip","Odhadovan\u00e1 doba \u010dten\u00ed":"3 minuty"},"schema":{"@context":"https:\/\/schema.org","@graph":[{"@type":"Article","@id":"https:\/\/evertonfc.cz\/index.php\/2026\/02\/07\/preview-fulham-everton-10\/#article","isPartOf":{"@id":"https:\/\/evertonfc.cz\/index.php\/2026\/02\/07\/preview-fulham-everton-10\/"},"author":{"name":"Fip","@id":"https:\/\/evertonfc.cz\/#\/schema\/person\/35904009755e8eaa0dc1a5f5f0419002"},"headline":"Preview: Fulham \u2013 Everton","datePublished":"2026-02-07T09:51:34+00:00","dateModified":"2026-02-07T12:22:37+00:00","mainEntityOfPage":{"@id":"https:\/\/evertonfc.cz\/index.php\/2026\/02\/07\/preview-fulham-everton-10\/"},"wordCount":482,"commentCount":4,"publisher":{"@id":"https:\/\/evertonfc.cz\/#organization"},"image":{"@id":"https:\/\/evertonfc.cz\/index.php\/2026\/02\/07\/preview-fulham-everton-10\/#primaryimage"},"thumbnailUrl":"https:\/\/evertonfc.cz\/wp-content\/uploads\/2020\/11\/Fulham-VS-Everton-20-11-2020.jpg","articleSection":["Z\u00e1pasy"],"inLanguage":"cs","potentialAction":[{"@type":"CommentAction","name":"Comment","target":["https:\/\/evertonfc.cz\/index.php\/2026\/02\/07\/preview-fulham-everton-10\/#respond"]}]},{"@type":"WebPage","@id":"https:\/\/evertonfc.cz\/index.php\/2026\/02\/07\/preview-fulham-everton-10\/","url":"https:\/\/evertonfc.cz\/index.php\/2026\/02\/07\/preview-fulham-everton-10\/","name":"Preview: Fulham \u2013 Everton - Official Czech &amp; Slovak Everton Supporters&#039; Club","isPartOf":{"@id":"https:\/\/evertonfc.cz\/#website"},"primaryImageOfPage":{"@id":"https:\/\/evertonfc.cz\/index.php\/2026\/02\/07\/preview-fulham-everton-10\/#primaryimage"},"image":{"@id":"https:\/\/evertonfc.cz\/index.php\/2026\/02\/07\/preview-fulham-everton-10\/#primaryimage"},"thumbnailUrl":"https:\/\/evertonfc.cz\/wp-content\/uploads\/2020\/11\/Fulham-VS-Everton-20-11-2020.jpg","datePublished":"2026-02-07T09:51:34+00:00","dateModified":"2026-02-07T12:22:37+00:00","breadcrumb":{"@id":"https:\/\/evertonfc.cz\/index.php\/2026\/02\/07\/preview-fulham-everton-10\/#breadcrumb"},"inLanguage":"cs","potentialAction":[{"@type":"ReadAction","target":["https:\/\/evertonfc.cz\/index.php\/2026\/02\/07\/preview-fulham-everton-10\/"]}]},{"@type":"ImageObject","inLanguage":"cs","@id":"https:\/\/evertonfc.cz\/index.php\/2026\/02\/07\/preview-fulham-everton-10\/#primaryimage","url":"https:\/\/evertonfc.cz\/wp-content\/uploads\/2020\/11\/Fulham-VS-Everton-20-11-2020.jpg","contentUrl":"https:\/\/evertonfc.cz\/wp-content\/uploads\/2020\/11\/Fulham-VS-Everton-20-11-2020.jpg","width":720,"height":405},{"@type":"BreadcrumbList","@id":"https:\/\/evertonfc.cz\/index.php\/2026\/02\/07\/preview-fulham-everton-10\/#breadcrumb","itemListElement":[{"@type":"ListItem","position":1,"name":"Home","item":"https:\/\/evertonfc.cz\/"},{"@type":"ListItem","position":2,"name":"Preview: Fulham \u2013 Everton"}]},{"@type":"WebSite","@id":"https:\/\/evertonfc.cz\/#website","url":"https:\/\/evertonfc.cz\/","name":"Official Czech &amp; Slovak Everton Supporters&#039; Club","description":"","publisher":{"@id":"https:\/\/evertonfc.cz\/#organization"},"potentialAction":[{"@type":"SearchAction","target":{"@type":"EntryPoint","urlTemplate":"https:\/\/evertonfc.cz\/?s={search_term_string}"},"query-input":{"@type":"PropertyValueSpecification","valueRequired":true,"valueName":"search_term_string"}}],"inLanguage":"cs"},{"@type":"Organization","@id":"https:\/\/evertonfc.cz\/#organization","name":"Official Czech & Slovak Everton Supporters' Club","url":"https:\/\/evertonfc.cz\/","logo":{"@type":"ImageObject","inLanguage":"cs","@id":"https:\/\/evertonfc.cz\/#\/schema\/logo\/image\/","url":"https:\/\/evertonfc.cz\/wp-content\/uploads\/2019\/05\/logo.png","contentUrl":"https:\/\/evertonfc.cz\/wp-content\/uploads\/2019\/05\/logo.png","width":112,"height":112,"caption":"Official Czech & Slovak Everton Supporters' Club"},"image":{"@id":"https:\/\/evertonfc.cz\/#\/schema\/logo\/image\/"},"sameAs":["https:\/\/www.facebook.com\/everton.fans.cz.sk"]},{"@type":"Person","@id":"https:\/\/evertonfc.cz\/#\/schema\/person\/35904009755e8eaa0dc1a5f5f0419002","name":"Fip","url":"https:\/\/evertonfc.cz\/index.php\/author\/fip\/"}]}},"_links":{"self":[{"href":"https:\/\/evertonfc.cz\/index.php\/wp-json\/wp\/v2\/posts\/28397"}],"collection":[{"href":"https:\/\/evertonfc.cz\/index.php\/wp-json\/wp\/v2\/posts"}],"about":[{"href":"https:\/\/evertonfc.cz\/index.php\/wp-json\/wp\/v2\/types\/post"}],"author":[{"embeddable":true,"href":"https:\/\/evertonfc.cz\/index.php\/wp-json\/wp\/v2\/users\/10"}],"replies":[{"embeddable":true,"href":"https:\/\/evertonfc.cz\/index.php\/wp-json\/wp\/v2\/comments?post=28397"}],"version-history":[{"count":5,"href":"https:\/\/evertonfc.cz\/index.php\/wp-json\/wp\/v2\/posts\/28397\/revisions"}],"predecessor-version":[{"id":28402,"href":"https:\/\/evertonfc.cz\/index.php\/wp-json\/wp\/v2\/posts\/28397\/revisions\/28402"}],"wp:featuredmedia":[{"embeddable":true,"href":"https:\/\/evertonfc.cz\/index.php\/wp-json\/wp\/v2\/media\/12988"}],"wp:attachment":[{"href":"https:\/\/evertonfc.cz\/index.php\/wp-json\/wp\/v2\/media?parent=28397"}],"wp:term":[{"taxonomy":"category","embeddable":true,"href":"https:\/\/evertonfc.cz\/index.php\/wp-json\/wp\/v2\/categories?post=28397"},{"taxonomy":"post_tag","embeddable":true,"href":"https:\/\/evertonfc.cz\/index.php\/wp-json\/wp\/v2\/tags?post=28397"}],"curies":[{"name":"wp","href":"https:\/\/api.w.org\/{rel}","templated":true}]}}