{"id":28403,"date":"2026-02-08T21:05:02","date_gmt":"2026-02-08T20:05:02","guid":{"rendered":"https:\/\/evertonfc.cz\/?p=28403"},"modified":"2026-02-09T16:34:03","modified_gmt":"2026-02-09T15:34:03","slug":"fulham-everton-12","status":"publish","type":"post","link":"https:\/\/evertonfc.cz\/index.php\/2026\/02\/08\/fulham-everton-12\/","title":{"rendered":"Fulham &#8211; Everton 1:2"},"content":{"rendered":"<h4><strong>Vzh\u016fru za poh\u00e1rovou Evropou&#8230;?<\/strong><\/h4>\n<p>Everton do z\u00e1pasu vstoupil s jednou zm\u011bnou, na lev\u00e9 obran\u011b Mykolenko vyst\u0159\u00eddal Branthwaitea. Nov\u00fd chlapec na hostov\u00e1n\u00ed do konce sez\u00f3ny, George, usedl na lavi\u010dku, McNeil s Colemanem nebyli ani tam. Irsk\u00fd obr\u00e1nce d\u011blal spole\u010dnost Moyesovi na tribun\u011b, mana\u017eer si odpyk\u00e1val trest.<\/p>\n<p>Z dvojice b\u00fdval\u00fdch hr\u00e1\u010d\u016f Evertonu nastoupil Iwobi v z\u00e1kladn\u00ed sestav\u011b a Robinson str\u00e1vil cel\u00fd z\u00e1pas na lavi\u010dce. Nov\u00e1 posila dom\u00e1c\u00edch Bobb za\u010dala tak\u00e9 na lavi\u010dce.<\/p>\n<p>Prvn\u00ed zaznamen\u00e1n\u00edhodn\u00fd moment se ud\u00e1l v 9. minut\u011b, O\u00b4Brien hlavi\u010dkoval po rohu Garnera do ty\u010de. To Fulham probudilo a pustil se do \u00fato\u010dn\u00e9 pr\u00e1ce. Centr Wilsona obrana odvr\u00e1tila, m\u00ed\u010d se dostal k Iwobimu, jeho st\u0159ela nad\u011blala starosti Pickfordovi, ale sk\u00f3re se nem\u011bnilo. N\u00e1sledkem v\u011bt\u0161\u00ed aktivity byla vedouci branka. Pickford vyrazil zakon\u010den\u00ed aktivn\u00edho Ra\u00fala Jim\u00e9neze jen do Mykolenka, od kter\u00e9ho se m\u00ed\u010d odrazil do branky &#8211; <strong>1:0.<\/strong><\/p>\n<p>Nav\u00edc je\u0161t\u011b b\u011bhem t\u00e9to akce dostal Gana \u017elutou kartu za slo\u017een\u00ed Smithe-Rowea. Brzy to m\u00e1lem bylo 2:0, ale Chukwueze hned po brance Pickforda neprost\u0159elil. I nad\u00e1le Fulham diktoval tempo hry a dost\u00e1val se i do nebezpe\u010dn\u00fdch zakon\u010den\u00ed, kter\u00e9 ale ke sv\u00e9 \u0161kod\u011b neprom\u011b\u0148oval. Smith Rowe projektilem zem\u011b-vzduch rozt\u0159\u00e1sl b\u0159evno za Pickfordem. Kdy\u017e svou st\u0159elou netrefil branku Dewsbury-Hall, tak se do velk\u00e9 \u0161ance dostal Ra\u00fal Jim\u00e9nez, kter\u00e9mu p\u0159ihr\u00e1l Chukwueze. Mexi\u010dan ale zasob\u010dil a m\u00edsto p\u0159ihr\u00e1vky doprava na zcela voln\u00e9ho Wilsona, kter\u00fd by byl s\u00e1m p\u0159ed brank\u00e1\u0159em, zvolil zakon\u010den\u00ed &#8211; a z oto\u010dky netrefil branku asi o p\u016fl metru. Uff&#8230;<\/p>\n<p>Ke konci prvn\u00ed p\u016fle se Everton za\u010dal sm\u011brem dop\u0159edu osm\u011blovat, d\u016fkazem byla slibn\u00e1 p\u0159ihr\u00e1vka Dewsburyho-Halla Barrymu, ale francouzsk\u00fd \u00fato\u010dn\u00edk na m\u00ed\u010d nedos\u00e1hl. Dal\u0161\u00ed dv\u011b velk\u00e9 \u0161ance Fulham do konce polo\u010dasu neprom\u011bnil. Nejd\u0159\u00edv st\u0159elu Smithe Rowea vyt\u00e1hl Pickford na roh a posledn\u00ed akc\u00ed p\u016fle bylo b\u0159evno Chukwuezeho po r\u00e1n\u011b zpoza v\u00e1pna. V obran\u011b v prvn\u00ed p\u016fli nefungovalo nic a fandov\u00e9 dom\u00e1c\u00edch nebyli sami, kte\u0159\u00ed nech\u00e1pali, \u017ee sk\u00f3re bylo pouze 1:0.<\/p>\n<p>Do druh\u00e9ho polo\u010dasu nastoupily t\u00fdmy beze zm\u011bn. Prvn\u00ed st\u0159elou p\u016fle byla ta od Keanea, ale netrefila za\u0159\u00edzen\u00ed. N\u00e1sledn\u011b Barry s m\u00ed\u010dem p\u0159esprintoval Bergeho, ale zakon\u010dil stejn\u011b. Dal\u0161\u00edch 12 minut uplynulo bez v\u011bt\u0161\u00edch \u0161anc\u00ed, pot\u00e9 se p\u0159ipomenul Chukwueze, kter\u00fd poslal p\u0159ihr\u00e1vku p\u0159ed pr\u00e1zdnou branku Jim\u00e9nezovi, ale obr\u00e1nci situaci zvl\u00e1dli. Hned pot\u00e9 mohlo b\u00fdt vyrovn\u00e1no, ale Tarkowskimu se to nepovedlo.<\/p>\n<p>Po dvojici \u017elut\u00fdch karet v rychl\u00e9m sledu pro Cuencu a Mykolanka Everton kone\u010dn\u011b st\u0159\u00eddal, 20 minut dostali Beto a George. Asi je jasn\u00e9, co o Diblingov\u011b pozici v t\u00fdmu vypov\u00edd\u00e1 fakt, \u017ee znovu prosed\u011bl cel\u00e9 utk\u00e1n\u00ed na lavi\u010dce. To ji\u017e m\u011bl Everton p\u0159evahu a p\u0159i\u0161ly i branky. Centr Ndiayeho na Beta je\u0161t\u011b Berge odvr\u00e1til, ale pak u\u017e host\u00e9 vyrovnali. Mykolenko v nejlep\u0161\u00ed akci za dobu p\u016fsoben\u00ed v Evertonu p\u0159esprintoval Andersona, ud\u011blal mu kli\u010dku a p\u0159edlo\u017eil p\u0159ihr\u00e1vku do slu\u0161n\u00e9 pozice Dewsburymu-Hallovi, ten Lenovi zahr\u00e1l na housle &#8211; <strong>1:1!\u00a0<\/strong>Pot\u00e9, co Everton ubr\u00e1nil roh, se dostal do \u0161ance Beto, ale g\u00f3lman dom\u00e1c\u00edch mu v\u010dasn\u00fdm vyb\u011bhnut\u00edm zabr\u00e1nil v zakon\u010den\u00ed. Kr\u00e1tce nato padla v\u00edt\u011bzn\u00e1 branka z\u00e1pasu.<\/p>\n<p>O\u00b4Brien si v\u0161iml, \u017ee ho nikdo nehl\u00edd\u00e1 a stoupl si p\u0159ed Lena, tam zahr\u00e1l Dewsbury-Hall roh a po kr\u00e1tk\u00e9 p\u0159etla\u010dovan\u00e9 skon\u010dil m\u00ed\u010d v s\u00edti &#8211; <strong>1:2!<\/strong>. Branku posv\u011btilo video, byla prohl\u00e1\u0161ena za vlastn\u00ed. Do konce utk\u00e1n\u00ed se v zakon\u010den\u00ed vyst\u0159\u00eddali dvakr\u00e1t Muniz a jednou Berge, ale jednou byl odp\u00edskan\u00fd \u00fato\u010dn\u00fd faul a zbyla dv\u011b zakon\u010den\u00ed netrefila br\u00e1nu. Nakonec dostal Pickford zbyte\u010dnou \u017elutou za zdr\u017eov\u00e1n\u00ed.<\/p>\n<p>Na v\u00fdkon ve druh\u00e9 p\u016fli se ur\u010dit\u011b dalo d\u00edvat, ale pro\u010d byla obrana v t\u00e9 prvn\u00ed zral\u00e1 nejm\u00e9n\u011b na trojku? Start nevy\u0161el pot\u0159et\u00ed za sebou&#8230;<\/p>\n<p><strong>Branky:<\/strong>\u00a0<span data-source=\"lightstreamer\" data-grid=\"main\" data-item=\"item_1003965\" data-field=\"scorers\"><span class=\"ownGoal\">18. Mykolenko vlastn\u00ed<\/span> \u2013 75. Dewsbury-Hall, <span class=\"ownGoal\">83. Leno vlastn\u00ed<\/span><\/span><\/p>\n<p class=\"cards_item_1003965\"><strong>Karty:<\/strong>\u00a0<span data-source=\"lightstreamer\" data-grid=\"main\" data-item=\"item_1003965\" data-field=\"cards\">66. Cuenca \u2013 18. Gueye, 56. Garner, 65. Mykolenko, 88. O&#8217;Brien, 90+7. Pickford<\/span><\/p>\n<p><strong>Fulham FC:<\/strong>\u00a0<span data-source=\"lightstreamer\" data-grid=\"main\" data-item=\"item_1003965\" data-field=\"report1\">Leno \u2013 Castagne (83. Tete), Andersen, Cuenca, Sessegnon \u2013 Berge, Iwobi \u2013 H. Wilson, Smith Rowe (83. Bobb), Chukwueze (75. Kevin) \u2013 Ra\u00fal Jim\u00e9nez (75. Muniz)<\/span><\/p>\n<p><strong>Everton FC: <\/strong>Pickford \u2013 O&#8217;Brien, Tarkowski, Keane, Mykolenko (85. Branthwaite) \u2013 Garner, Gueye \u2013 Armstrong (69. George), Dewsbury-Hall (90+5. Iroegbunam), Ndiaye \u2013 Barry (69. Beto)<\/p>\n<p><strong>Rozhod\u010d\u00ed:\u00a0<\/strong>Stuart Attwell\u00a0 <strong>Div\u00e1ci:\u00a0<\/strong>27 155\u00a0 <strong>Mu\u017e z\u00e1pasu redakce:\u00a0<\/strong>Kieran Dewsbury-Hall<\/p>\n","protected":false},"excerpt":{"rendered":"<p>Vzh\u016fru za poh\u00e1rovou Evropou&#8230;?<\/p>\n","protected":false},"author":12,"featured_media":28414,"comment_status":"open","ping_status":"closed","sticky":false,"template":"","format":"standard","meta":{"_eb_attr":"","_monsterinsights_skip_tracking":false,"_monsterinsights_sitenote_active":false,"_monsterinsights_sitenote_note":"","_monsterinsights_sitenote_category":0,"footnotes":""},"categories":[4],"tags":[],"yoast_head":"<!-- This site is optimized with the Yoast SEO plugin v23.4 - https:\/\/yoast.com\/wordpress\/plugins\/seo\/ -->\n<title>Fulham - Everton 1:2 - Official Czech &amp; Slovak Everton Supporters&#039; Club<\/title>\n<meta name=\"description\" content=\"Venku n\u00e1m to jde.\" \/>\n<meta name=\"robots\" content=\"index, follow, max-snippet:-1, max-image-preview:large, max-video-preview:-1\" \/>\n<link rel=\"canonical\" href=\"https:\/\/evertonfc.cz\/index.php\/2026\/02\/08\/fulham-everton-12\/\" \/>\n<meta property=\"og:locale\" content=\"cs_CZ\" \/>\n<meta property=\"og:type\" content=\"article\" \/>\n<meta property=\"og:title\" content=\"Fulham - Everton 1:2 - Official Czech &amp; Slovak Everton Supporters&#039; Club\" \/>\n<meta property=\"og:description\" content=\"Venku n\u00e1m to jde.\" \/>\n<meta property=\"og:url\" content=\"https:\/\/evertonfc.cz\/index.php\/2026\/02\/08\/fulham-everton-12\/\" \/>\n<meta property=\"og:site_name\" content=\"Official Czech &amp; Slovak Everton Supporters&#039; Club\" \/>\n<meta property=\"article:publisher\" content=\"https:\/\/www.facebook.com\/everton.fans.cz.sk\" \/>\n<meta property=\"article:published_time\" content=\"2026-02-08T20:05:02+00:00\" \/>\n<meta property=\"article:modified_time\" content=\"2026-02-09T15:34:03+00:00\" \/>\n<meta property=\"og:image\" content=\"https:\/\/evertonfc.cz\/wp-content\/uploads\/2026\/02\/Fulham-1-2-Everton-by-Sky-Sports-7-2-2026.jpg\" \/>\n\t<meta property=\"og:image:width\" content=\"720\" \/>\n\t<meta property=\"og:image:height\" content=\"405\" \/>\n\t<meta property=\"og:image:type\" content=\"image\/jpeg\" \/>\n<meta name=\"author\" content=\"Javor\" \/>\n<meta name=\"twitter:card\" content=\"summary_large_image\" \/>\n<meta name=\"twitter:creator\" content=\"@LoudinJan\" \/>\n<meta name=\"twitter:label1\" content=\"Napsal(a)\" \/>\n\t<meta name=\"twitter:data1\" content=\"Javor\" \/>\n\t<meta name=\"twitter:label2\" content=\"Odhadovan\u00e1 doba \u010dten\u00ed\" \/>\n\t<meta name=\"twitter:data2\" content=\"4 minuty\" \/>\n<script type=\"application\/ld+json\" class=\"yoast-schema-graph\">{\"@context\":\"https:\/\/schema.org\",\"@graph\":[{\"@type\":\"Article\",\"@id\":\"https:\/\/evertonfc.cz\/index.php\/2026\/02\/08\/fulham-everton-12\/#article\",\"isPartOf\":{\"@id\":\"https:\/\/evertonfc.cz\/index.php\/2026\/02\/08\/fulham-everton-12\/\"},\"author\":{\"name\":\"Javor\",\"@id\":\"https:\/\/evertonfc.cz\/#\/schema\/person\/b30daf6a5852f4811f8207a17ec1bf78\"},\"headline\":\"Fulham &#8211; Everton 1:2\",\"datePublished\":\"2026-02-08T20:05:02+00:00\",\"dateModified\":\"2026-02-09T15:34:03+00:00\",\"mainEntityOfPage\":{\"@id\":\"https:\/\/evertonfc.cz\/index.php\/2026\/02\/08\/fulham-everton-12\/\"},\"wordCount\":815,\"commentCount\":5,\"publisher\":{\"@id\":\"https:\/\/evertonfc.cz\/#organization\"},\"image\":{\"@id\":\"https:\/\/evertonfc.cz\/index.php\/2026\/02\/08\/fulham-everton-12\/#primaryimage\"},\"thumbnailUrl\":\"https:\/\/evertonfc.cz\/wp-content\/uploads\/2026\/02\/Fulham-1-2-Everton-by-Sky-Sports-7-2-2026.jpg\",\"articleSection\":[\"Z\u00e1pasy\"],\"inLanguage\":\"cs\",\"potentialAction\":[{\"@type\":\"CommentAction\",\"name\":\"Comment\",\"target\":[\"https:\/\/evertonfc.cz\/index.php\/2026\/02\/08\/fulham-everton-12\/#respond\"]}]},{\"@type\":\"WebPage\",\"@id\":\"https:\/\/evertonfc.cz\/index.php\/2026\/02\/08\/fulham-everton-12\/\",\"url\":\"https:\/\/evertonfc.cz\/index.php\/2026\/02\/08\/fulham-everton-12\/\",\"name\":\"Fulham - Everton 1:2 - Official Czech &amp; Slovak Everton Supporters&#039; Club\",\"isPartOf\":{\"@id\":\"https:\/\/evertonfc.cz\/#website\"},\"primaryImageOfPage\":{\"@id\":\"https:\/\/evertonfc.cz\/index.php\/2026\/02\/08\/fulham-everton-12\/#primaryimage\"},\"image\":{\"@id\":\"https:\/\/evertonfc.cz\/index.php\/2026\/02\/08\/fulham-everton-12\/#primaryimage\"},\"thumbnailUrl\":\"https:\/\/evertonfc.cz\/wp-content\/uploads\/2026\/02\/Fulham-1-2-Everton-by-Sky-Sports-7-2-2026.jpg\",\"datePublished\":\"2026-02-08T20:05:02+00:00\",\"dateModified\":\"2026-02-09T15:34:03+00:00\",\"description\":\"Venku n\u00e1m to jde.\",\"breadcrumb\":{\"@id\":\"https:\/\/evertonfc.cz\/index.php\/2026\/02\/08\/fulham-everton-12\/#breadcrumb\"},\"inLanguage\":\"cs\",\"potentialAction\":[{\"@type\":\"ReadAction\",\"target\":[\"https:\/\/evertonfc.cz\/index.php\/2026\/02\/08\/fulham-everton-12\/\"]}]},{\"@type\":\"ImageObject\",\"inLanguage\":\"cs\",\"@id\":\"https:\/\/evertonfc.cz\/index.php\/2026\/02\/08\/fulham-everton-12\/#primaryimage\",\"url\":\"https:\/\/evertonfc.cz\/wp-content\/uploads\/2026\/02\/Fulham-1-2-Everton-by-Sky-Sports-7-2-2026.jpg\",\"contentUrl\":\"https:\/\/evertonfc.cz\/wp-content\/uploads\/2026\/02\/Fulham-1-2-Everton-by-Sky-Sports-7-2-2026.jpg\",\"width\":720,\"height\":405},{\"@type\":\"BreadcrumbList\",\"@id\":\"https:\/\/evertonfc.cz\/index.php\/2026\/02\/08\/fulham-everton-12\/#breadcrumb\",\"itemListElement\":[{\"@type\":\"ListItem\",\"position\":1,\"name\":\"Home\",\"item\":\"https:\/\/evertonfc.cz\/\"},{\"@type\":\"ListItem\",\"position\":2,\"name\":\"Fulham &#8211; Everton 1:2\"}]},{\"@type\":\"WebSite\",\"@id\":\"https:\/\/evertonfc.cz\/#website\",\"url\":\"https:\/\/evertonfc.cz\/\",\"name\":\"Official Czech &amp; Slovak Everton Supporters&#039; Club\",\"description\":\"\",\"publisher\":{\"@id\":\"https:\/\/evertonfc.cz\/#organization\"},\"potentialAction\":[{\"@type\":\"SearchAction\",\"target\":{\"@type\":\"EntryPoint\",\"urlTemplate\":\"https:\/\/evertonfc.cz\/?s={search_term_string}\"},\"query-input\":{\"@type\":\"PropertyValueSpecification\",\"valueRequired\":true,\"valueName\":\"search_term_string\"}}],\"inLanguage\":\"cs\"},{\"@type\":\"Organization\",\"@id\":\"https:\/\/evertonfc.cz\/#organization\",\"name\":\"Official Czech & Slovak Everton Supporters' Club\",\"url\":\"https:\/\/evertonfc.cz\/\",\"logo\":{\"@type\":\"ImageObject\",\"inLanguage\":\"cs\",\"@id\":\"https:\/\/evertonfc.cz\/#\/schema\/logo\/image\/\",\"url\":\"https:\/\/evertonfc.cz\/wp-content\/uploads\/2019\/05\/logo.png\",\"contentUrl\":\"https:\/\/evertonfc.cz\/wp-content\/uploads\/2019\/05\/logo.png\",\"width\":112,\"height\":112,\"caption\":\"Official Czech & Slovak Everton Supporters' Club\"},\"image\":{\"@id\":\"https:\/\/evertonfc.cz\/#\/schema\/logo\/image\/\"},\"sameAs\":[\"https:\/\/www.facebook.com\/everton.fans.cz.sk\"]},{\"@type\":\"Person\",\"@id\":\"https:\/\/evertonfc.cz\/#\/schema\/person\/b30daf6a5852f4811f8207a17ec1bf78\",\"name\":\"Javor\",\"sameAs\":[\"https:\/\/x.com\/LoudinJan\"],\"url\":\"https:\/\/evertonfc.cz\/index.php\/author\/javor\/\"}]}<\/script>\n<!-- \/ Yoast SEO plugin. -->","yoast_head_json":{"title":"Fulham - Everton 1:2 - Official Czech &amp; Slovak Everton Supporters&#039; Club","description":"Venku n\u00e1m to jde.","robots":{"index":"index","follow":"follow","max-snippet":"max-snippet:-1","max-image-preview":"max-image-preview:large","max-video-preview":"max-video-preview:-1"},"canonical":"https:\/\/evertonfc.cz\/index.php\/2026\/02\/08\/fulham-everton-12\/","og_locale":"cs_CZ","og_type":"article","og_title":"Fulham - Everton 1:2 - Official Czech &amp; Slovak Everton Supporters&#039; Club","og_description":"Venku n\u00e1m to jde.","og_url":"https:\/\/evertonfc.cz\/index.php\/2026\/02\/08\/fulham-everton-12\/","og_site_name":"Official Czech &amp; Slovak Everton Supporters&#039; Club","article_publisher":"https:\/\/www.facebook.com\/everton.fans.cz.sk","article_published_time":"2026-02-08T20:05:02+00:00","article_modified_time":"2026-02-09T15:34:03+00:00","og_image":[{"width":720,"height":405,"url":"https:\/\/evertonfc.cz\/wp-content\/uploads\/2026\/02\/Fulham-1-2-Everton-by-Sky-Sports-7-2-2026.jpg","type":"image\/jpeg"}],"author":"Javor","twitter_card":"summary_large_image","twitter_creator":"@LoudinJan","twitter_misc":{"Napsal(a)":"Javor","Odhadovan\u00e1 doba \u010dten\u00ed":"4 minuty"},"schema":{"@context":"https:\/\/schema.org","@graph":[{"@type":"Article","@id":"https:\/\/evertonfc.cz\/index.php\/2026\/02\/08\/fulham-everton-12\/#article","isPartOf":{"@id":"https:\/\/evertonfc.cz\/index.php\/2026\/02\/08\/fulham-everton-12\/"},"author":{"name":"Javor","@id":"https:\/\/evertonfc.cz\/#\/schema\/person\/b30daf6a5852f4811f8207a17ec1bf78"},"headline":"Fulham &#8211; Everton 1:2","datePublished":"2026-02-08T20:05:02+00:00","dateModified":"2026-02-09T15:34:03+00:00","mainEntityOfPage":{"@id":"https:\/\/evertonfc.cz\/index.php\/2026\/02\/08\/fulham-everton-12\/"},"wordCount":815,"commentCount":5,"publisher":{"@id":"https:\/\/evertonfc.cz\/#organization"},"image":{"@id":"https:\/\/evertonfc.cz\/index.php\/2026\/02\/08\/fulham-everton-12\/#primaryimage"},"thumbnailUrl":"https:\/\/evertonfc.cz\/wp-content\/uploads\/2026\/02\/Fulham-1-2-Everton-by-Sky-Sports-7-2-2026.jpg","articleSection":["Z\u00e1pasy"],"inLanguage":"cs","potentialAction":[{"@type":"CommentAction","name":"Comment","target":["https:\/\/evertonfc.cz\/index.php\/2026\/02\/08\/fulham-everton-12\/#respond"]}]},{"@type":"WebPage","@id":"https:\/\/evertonfc.cz\/index.php\/2026\/02\/08\/fulham-everton-12\/","url":"https:\/\/evertonfc.cz\/index.php\/2026\/02\/08\/fulham-everton-12\/","name":"Fulham - Everton 1:2 - Official Czech &amp; Slovak Everton Supporters&#039; Club","isPartOf":{"@id":"https:\/\/evertonfc.cz\/#website"},"primaryImageOfPage":{"@id":"https:\/\/evertonfc.cz\/index.php\/2026\/02\/08\/fulham-everton-12\/#primaryimage"},"image":{"@id":"https:\/\/evertonfc.cz\/index.php\/2026\/02\/08\/fulham-everton-12\/#primaryimage"},"thumbnailUrl":"https:\/\/evertonfc.cz\/wp-content\/uploads\/2026\/02\/Fulham-1-2-Everton-by-Sky-Sports-7-2-2026.jpg","datePublished":"2026-02-08T20:05:02+00:00","dateModified":"2026-02-09T15:34:03+00:00","description":"Venku n\u00e1m to jde.","breadcrumb":{"@id":"https:\/\/evertonfc.cz\/index.php\/2026\/02\/08\/fulham-everton-12\/#breadcrumb"},"inLanguage":"cs","potentialAction":[{"@type":"ReadAction","target":["https:\/\/evertonfc.cz\/index.php\/2026\/02\/08\/fulham-everton-12\/"]}]},{"@type":"ImageObject","inLanguage":"cs","@id":"https:\/\/evertonfc.cz\/index.php\/2026\/02\/08\/fulham-everton-12\/#primaryimage","url":"https:\/\/evertonfc.cz\/wp-content\/uploads\/2026\/02\/Fulham-1-2-Everton-by-Sky-Sports-7-2-2026.jpg","contentUrl":"https:\/\/evertonfc.cz\/wp-content\/uploads\/2026\/02\/Fulham-1-2-Everton-by-Sky-Sports-7-2-2026.jpg","width":720,"height":405},{"@type":"BreadcrumbList","@id":"https:\/\/evertonfc.cz\/index.php\/2026\/02\/08\/fulham-everton-12\/#breadcrumb","itemListElement":[{"@type":"ListItem","position":1,"name":"Home","item":"https:\/\/evertonfc.cz\/"},{"@type":"ListItem","position":2,"name":"Fulham &#8211; Everton 1:2"}]},{"@type":"WebSite","@id":"https:\/\/evertonfc.cz\/#website","url":"https:\/\/evertonfc.cz\/","name":"Official Czech &amp; Slovak Everton Supporters&#039; Club","description":"","publisher":{"@id":"https:\/\/evertonfc.cz\/#organization"},"potentialAction":[{"@type":"SearchAction","target":{"@type":"EntryPoint","urlTemplate":"https:\/\/evertonfc.cz\/?s={search_term_string}"},"query-input":{"@type":"PropertyValueSpecification","valueRequired":true,"valueName":"search_term_string"}}],"inLanguage":"cs"},{"@type":"Organization","@id":"https:\/\/evertonfc.cz\/#organization","name":"Official Czech & Slovak Everton Supporters' Club","url":"https:\/\/evertonfc.cz\/","logo":{"@type":"ImageObject","inLanguage":"cs","@id":"https:\/\/evertonfc.cz\/#\/schema\/logo\/image\/","url":"https:\/\/evertonfc.cz\/wp-content\/uploads\/2019\/05\/logo.png","contentUrl":"https:\/\/evertonfc.cz\/wp-content\/uploads\/2019\/05\/logo.png","width":112,"height":112,"caption":"Official Czech & Slovak Everton Supporters' Club"},"image":{"@id":"https:\/\/evertonfc.cz\/#\/schema\/logo\/image\/"},"sameAs":["https:\/\/www.facebook.com\/everton.fans.cz.sk"]},{"@type":"Person","@id":"https:\/\/evertonfc.cz\/#\/schema\/person\/b30daf6a5852f4811f8207a17ec1bf78","name":"Javor","sameAs":["https:\/\/x.com\/LoudinJan"],"url":"https:\/\/evertonfc.cz\/index.php\/author\/javor\/"}]}},"_links":{"self":[{"href":"https:\/\/evertonfc.cz\/index.php\/wp-json\/wp\/v2\/posts\/28403"}],"collection":[{"href":"https:\/\/evertonfc.cz\/index.php\/wp-json\/wp\/v2\/posts"}],"about":[{"href":"https:\/\/evertonfc.cz\/index.php\/wp-json\/wp\/v2\/types\/post"}],"author":[{"embeddable":true,"href":"https:\/\/evertonfc.cz\/index.php\/wp-json\/wp\/v2\/users\/12"}],"replies":[{"embeddable":true,"href":"https:\/\/evertonfc.cz\/index.php\/wp-json\/wp\/v2\/comments?post=28403"}],"version-history":[{"count":6,"href":"https:\/\/evertonfc.cz\/index.php\/wp-json\/wp\/v2\/posts\/28403\/revisions"}],"predecessor-version":[{"id":28419,"href":"https:\/\/evertonfc.cz\/index.php\/wp-json\/wp\/v2\/posts\/28403\/revisions\/28419"}],"wp:featuredmedia":[{"embeddable":true,"href":"https:\/\/evertonfc.cz\/index.php\/wp-json\/wp\/v2\/media\/28414"}],"wp:attachment":[{"href":"https:\/\/evertonfc.cz\/index.php\/wp-json\/wp\/v2\/media?parent=28403"}],"wp:term":[{"taxonomy":"category","embeddable":true,"href":"https:\/\/evertonfc.cz\/index.php\/wp-json\/wp\/v2\/categories?post=28403"},{"taxonomy":"post_tag","embeddable":true,"href":"https:\/\/evertonfc.cz\/index.php\/wp-json\/wp\/v2\/tags?post=28403"}],"curies":[{"name":"wp","href":"https:\/\/api.w.org\/{rel}","templated":true}]}}