{"id":28420,"date":"2026-02-10T15:03:06","date_gmt":"2026-02-10T14:03:06","guid":{"rendered":"https:\/\/evertonfc.cz\/?p=28420"},"modified":"2026-02-10T15:05:36","modified_gmt":"2026-02-10T14:05:36","slug":"preview-everton-bournemouth-9","status":"publish","type":"post","link":"https:\/\/evertonfc.cz\/index.php\/2026\/02\/10\/preview-everton-bournemouth-9\/","title":{"rendered":"Preview: Everton &#8211; Bournemouth"},"content":{"rendered":"<h4 data-start=\"301\" data-end=\"343\">\u010eal\u0161\u00ed z\u00e1pas, \u010fal\u0161ia \u0161anca nie\u010do si dok\u00e1za\u0165. Karamelky sa v utorok ve\u010der predstavia na dom\u00e1cej p\u00f4de proti Bournemouthu a hoci tabu\u013eka hovor\u00ed o \u201emid-table\u201c s\u00faboji, realita je trochu \u0161\u0165avnatej\u0161ia.<\/h4>\n<p data-start=\"301\" data-end=\"343\">Je \u010das prenies\u0165 formu z ciest aj domov. Blues prich\u00e1dzaj\u00fa do z\u00e1pasu proti Cherries na vlne piatich ligov\u00fdch z\u00e1pasov bez prehry, s \u010derstv\u00fdm comebackom z Craven Cottage. A \u010do znie e\u0161te lep\u0161ie \u2013 re\u00e1lnou \u0161ancou mie\u0161a\u0165 sa do boja o Eur\u00f3pu. Probl\u00e9m? Ten ist\u00fd, \u010do n\u00e1s tr\u00e1pi u\u017e p\u00e1r mesiacov. Forma doma.<\/p>\n<p data-start=\"781\" data-end=\"814\">V\u00fdborn\u00ed vonku, rozpa\u010dit\u00ed doma. Everton je aktu\u00e1lne jeden z najlep\u0161\u00edch t\u00edmov ligy na ihrisk\u00e1ch s\u00faperov. Sedem z desiatich ligov\u00fdch v\u00fdhier pri\u0161lo vonku. Naposledy ve\u013emi cenn\u00e9 2:1 na p\u00f4de Fulhamu, kde sa op\u00e4\u0165 uk\u00e1zalo, \u017ee tento t\u00edm m\u00e1 charakter, trpezlivos\u0165 a schopnos\u0165 reagova\u0165. V neposlednom rade aj kvalitu na lavi\u010dke.<\/p>\n<p data-start=\"1065\" data-end=\"1449\">Na druhej strane, Hill Dickinson Stadium zatia\u013e nie je pevnos\u0165ou, ani &#8222;hillom&#8220;, kde s\u00faper mus\u00ed \u0161tvera\u0165 po body. Od za\u010diatku decembra sme doma vyhrali len raz (Nottingham Forest) a celkovo m\u00e1me na novom \u0161tadi\u00f3ne len \u0161tyri ligov\u00e9 v\u00fdhry. \u00c1no, nov\u00e9 prostredie, nov\u00e9 n\u00e1vyky, nov\u00e9 ritu\u00e1ly\u2026 ale v\u00fdhovorky pomaly doch\u00e1dzaj\u00fa. Tri z nasleduj\u00facich \u0161tyroch z\u00e1pasov hr\u00e1me doma \u2013 teraz je \u010das spravi\u0165 z Bramley-Moore skuto\u010dn\u00fd domov.<\/p>\n<p data-start=\"1451\" data-end=\"1742\">A aby toho nebolo m\u00e1lo \u2013 pri tesnosti ligy plat\u00ed, \u017ee jedno-dve zav\u00e1hania a z \u201eeur\u00f3pskeho sna\u201c je zrazu oby\u010dajn\u00fd stred tabu\u013eky. Naopak, v\u00fdhra nad Bournemouthom by n\u00e1s dotiahla a\u017e na \u0161ieste miesto (aspo\u0148 do odohrania zvy\u0161ku kola). \u00c1no, trochu \u201ebeat Villa, we go top\u201c vibes\u2026 ale pre\u010do nie?<\/p>\n<h4 data-start=\"1744\" data-end=\"1794\">Kol\u00edsav\u00e1 sez\u00f3na, aktu\u00e1lne na vlne<\/h4>\n<p data-start=\"1795\" data-end=\"2129\">\u010cere\u0161ni\u010dky s\u00fa tento rok kapitola sama o sebe. Sez\u00f3nu od\u0161tartovali fam\u00f3zne \u2013 5 v\u00fdhier z prv\u00fdch 9 z\u00e1pasov a priebe\u017en\u00e9 piate miesto. Potom v\u0161ak pri\u0161iel brut\u00e1lny p\u00e1d: 11 z\u00e1pasov bez v\u00fdhry. Teraz s\u00fa zas hore \u2013 tri v\u00fdhry a dve rem\u00edzy z posledn\u00fdch piatich duelov, vr\u00e1tane last-minute 3:2 proti Liverpoolu (\u00e1no, aj to sa po\u010d\u00edta). Naposledy remizovali 1:1 s Aston Villou, ke\u010f sa presadil Rayan Vitor, janu\u00e1rov\u00e1 posila za \u00a325 mili\u00f3nov z Vasco da Gama. Mlad\u00edk pri\u0161iel ako n\u00e1hrada za Antonia Semenya, ktor\u00fd zamieril do Man City.<\/p>\n<p data-start=\"1795\" data-end=\"2129\">\u010eal\u0161\u00ed d\u00f4kaz, \u017ee Bournemouth vie pred\u00e1va\u0165 draho a nahr\u00e1dza\u0165 \u0161ikovne. V tabu\u013eke s\u00fa s\u00edce a\u017e jeden\u00e1sti, ale len tri body za Evertonom. V\u00fdhra na Merseyside by ich bodovo dorovnala \u2013 tak\u017ee \u00e1no, op\u00e4\u0165 jeden z t\u00fdch prav\u00fdch \u201emid-table six-pointerov\u201c, podobne ako Fulham. Pri nich sme u\u017e minim\u00e1lne rovn\u00fdm s\u00faperom.<\/p>\n<p data-start=\"2638\" data-end=\"2805\">Decembrov\u00fd z\u00e1pas na Vitality Stadium si budeme pam\u00e4ta\u0165 radi. Prv\u00e1 ligov\u00e1 v\u00fdhra Evertonu na Dean Court\u00a0a z\u00e1rove\u0148 prv\u00fd krok k mo\u017en\u00e9mu ligov\u00e9mu double nad Cherries. Naopak, doma m\u00e1me \u010do napr\u00e1va\u0165. Minul\u00e1 sez\u00f3na, vedenie 2:0 v 87. min\u00fate\u2026 a prehra 2:3. Jeden z t\u00fdch ve\u010derov, po ktor\u00fdch len sed\u00ed\u0161, pozer\u00e1\u0161 do steny a p\u00fdta\u0161 sa, ako je to v\u00f4bec mo\u017en\u00e9. Duchovia minulosti s\u00fa tu. Ide\u00e1lna pr\u00edle\u017eitos\u0165 ich kone\u010dne vyhna\u0165.<\/p>\n<h4 data-start=\"3061\" data-end=\"3111\">Takmer kompletn\u00ed (\u010do je skoro z\u00e1zrak)<\/h4>\n<p data-start=\"3112\" data-end=\"3308\">Dobr\u00e9 spr\u00e1vy z Finch Farmu: Everton m\u00e1 takmer cel\u00fd k\u00e1der k dispoz\u00edcii. Jedin\u00fdm zranen\u00fdm zost\u00e1va Jack Grealish, ktor\u00e9ho stresov\u00e1 zlomenina v chodidle u\u017e m\u00e1 za sebou \u00faspe\u0161n\u00fa oper\u00e1ciu. Naopak, sp\u00e4\u0165 je Jarrad Branthwaite (opatrne mana\u017eovan\u00e9 min\u00faty po dlhom v\u00fdpadku), Seamus Coleman, Charly Alcaraz, Tim Iroegbunam.<\/p>\n<p data-start=\"3529\" data-end=\"3706\">Branthwaite bol proti Fulhamu len na lavi\u010dke, ale proti Bournemouthu je re\u00e1lne v hre o z\u00e1klad. Ot\u00e1znik vis\u00ed aj nad stop\u00e9rskou dvojicou \u2013 Moyes m\u00f4\u017ee v\u00e1ha\u0165 medzi n\u00edm a Keanom. Zauj\u00edmav\u00e9 bude sledova\u0165 aj Tyriquea Georgea. Mlad\u00edk z Chelsea nasko\u010dil na Craven Cottage v 69. min\u00fate. Pomohol oto\u010di\u0165 z\u00e1pas a zanechal ve\u013emi dobr\u00fd dojem. Dom\u00e1ci debut? Mo\u017en\u00fd. Z\u00e1klad? Sk\u00f4r opatrne, ale Moyes ho m\u00e1 o\u010dividne v hlave.<\/p>\n<h4 data-start=\"3944\" data-end=\"3984\">Moyes: Eur\u00f3pa ako cie\u013e, nie stra\u0161iak<\/h4>\n<p data-start=\"3985\" data-end=\"4162\">David Moyes po Fulhame neskr\u00fdval optimizmus. \u00c1no, st\u00e1le opakuje, \u017ee liga je nevyspytate\u013en\u00e1 a jeden zl\u00fd t\u00fd\u017ede\u0148 \u0165a vie stiahnu\u0165 dole, ale tentokr\u00e1t odmieta hovori\u0165 o z\u00e1chrane. Everton nehral Eur\u00f3pu dev\u00e4\u0165 rokov. A Moyes to c\u00edti a rad\u0161ej bude pozit\u00edvny. Pod\u013ea neho rad\u0161ej \u201ema\u0165 amb\u00edciu\u201c aj keby sa mu o p\u00e1r t\u00fd\u017ed\u0148ov mali smia\u0165. Z\u00e1rove\u0148 v\u0161ak prizn\u00e1va, \u017ee v\u00fdzvou je vyrovnanos\u0165 v\u00fdkonov. Existuje toti\u017e nieko\u013eko druhov EFC &#8211; vonku \/ doma \/ v prvom pol\u010dase \/ po prest\u00e1vke. Moyesovi patr\u00ed kredit za to, \u017ee vie z\u00e1pasy korigova\u0165 po\u010das nich. Ot\u00e1zka v\u0161ak znie, \u010di by Blues nemali ob\u010das zlo\u017ei\u0165 ru\u010dn\u00fa brzdu sk\u00f4r, ne\u017e bud\u00fa zase doh\u00e1\u0148a\u0165.<\/p>\n<p data-start=\"4656\" data-end=\"4834\">Ak m\u00e1 Everton doma kone\u010dne asimilova\u0165 liverpoolske doky, trib\u00fany v tom musia ma\u0165 prsty. Atmosf\u00e9ra, hluk, nervy, tlak. Pocit, \u017ee Hill Dickinson nie je \u201enov\u00fd \u0161tadi\u00f3n\u201c, ale n\u00e1\u0161 \u0161tadi\u00f3n. Forma je. K\u00e1der je. Sebavedomie rastie. Teraz u\u017e len prenies\u0165 to, \u010do funguje na cest\u00e1ch, aj na brehy Mersey.<\/p>\n<h3 style=\"text-align: center;\"><span style=\"color: #3366ff;\"><em><strong>Up The Toffees !!!<\/strong><\/em><\/span><\/h3>\n<p><strong>\u010co:<\/strong> Everton FC \u2013 AFC Bournemouth, 26. kolo Premier League<br \/>\n<strong>Kedy:<\/strong> 10.2. 2026 od 20:30 SE\u010c<br \/>\n<strong>Ako:\u00a0<\/strong>stream CANAL+Sport 7 (komentuje Marek Sk\u00e1\u010dik)<br \/>\n<strong>Kde:<\/strong>\u00a0Hill Dickinson Stadium \u2013 Bramley-Moore Dock, Regent Rd, Liverpool L5 9SR (kapacita: 52 769)<br \/>\n<strong>Rozhodca:<\/strong> Andy Madley<strong>\u00a0 Asistenti:<\/strong> M. Scholes, C. Taylor<strong>\u00a0 \u0160tvrt\u00fd rozhodca:<\/strong> S. Barrott<br \/>\n<strong>VAR: <\/strong>Michael Salisbury<strong>\u00a0 Asistent VAR: <\/strong>Lee Betts<\/p>\n","protected":false},"excerpt":{"rendered":"<p>\u010eal\u0161\u00ed z\u00e1pas, \u010fal\u0161ia \u0161anca nie\u010do si dok\u00e1za\u0165. Karamelky sa v utorok ve\u010der predstavia na dom\u00e1cej p\u00f4de proti Bournemouthu a hoci tabu\u013eka hovor\u00ed o \u201emid-table\u201c s\u00faboji, realita je trochu \u0161\u0165avnatej\u0161ia.<\/p>\n","protected":false},"author":1,"featured_media":28422,"comment_status":"open","ping_status":"closed","sticky":false,"template":"","format":"standard","meta":{"_eb_attr":"","_monsterinsights_skip_tracking":false,"_monsterinsights_sitenote_active":false,"_monsterinsights_sitenote_note":"","_monsterinsights_sitenote_category":0,"footnotes":""},"categories":[4],"tags":[],"yoast_head":"<!-- This site is optimized with the Yoast SEO plugin v23.4 - https:\/\/yoast.com\/wordpress\/plugins\/seo\/ -->\n<title>Preview: Everton - Bournemouth - Official Czech &amp; Slovak Everton Supporters&#039; Club<\/title>\n<meta name=\"robots\" content=\"index, follow, max-snippet:-1, max-image-preview:large, max-video-preview:-1\" \/>\n<link rel=\"canonical\" href=\"https:\/\/evertonfc.cz\/index.php\/2026\/02\/10\/preview-everton-bournemouth-9\/\" \/>\n<meta property=\"og:locale\" content=\"cs_CZ\" \/>\n<meta property=\"og:type\" content=\"article\" \/>\n<meta property=\"og:title\" content=\"Preview: Everton - Bournemouth - Official Czech &amp; Slovak Everton Supporters&#039; Club\" \/>\n<meta property=\"og:description\" content=\"\u010eal\u0161\u00ed z\u00e1pas, \u010fal\u0161ia \u0161anca nie\u010do si dok\u00e1za\u0165. Karamelky sa v utorok ve\u010der predstavia na dom\u00e1cej p\u00f4de proti Bournemouthu a hoci tabu\u013eka hovor\u00ed o \u201emid-table\u201c s\u00faboji, realita je trochu \u0161\u0165avnatej\u0161ia.\" \/>\n<meta property=\"og:url\" content=\"https:\/\/evertonfc.cz\/index.php\/2026\/02\/10\/preview-everton-bournemouth-9\/\" \/>\n<meta property=\"og:site_name\" content=\"Official Czech &amp; Slovak Everton Supporters&#039; Club\" \/>\n<meta property=\"article:publisher\" content=\"https:\/\/www.facebook.com\/everton.fans.cz.sk\" \/>\n<meta property=\"article:published_time\" content=\"2026-02-10T14:03:06+00:00\" \/>\n<meta property=\"article:modified_time\" content=\"2026-02-10T14:05:36+00:00\" \/>\n<meta property=\"og:image\" content=\"https:\/\/evertonfc.cz\/wp-content\/uploads\/2026\/02\/Everton-BMD-Bournemouth.png\" \/>\n\t<meta property=\"og:image:width\" content=\"720\" \/>\n\t<meta property=\"og:image:height\" content=\"405\" \/>\n\t<meta property=\"og:image:type\" content=\"image\/png\" \/>\n<meta name=\"author\" content=\"BlueBlooded\" \/>\n<meta name=\"twitter:card\" content=\"summary_large_image\" \/>\n<meta name=\"twitter:label1\" content=\"Napsal(a)\" \/>\n\t<meta name=\"twitter:data1\" content=\"BlueBlooded\" \/>\n\t<meta name=\"twitter:label2\" content=\"Odhadovan\u00e1 doba \u010dten\u00ed\" \/>\n\t<meta name=\"twitter:data2\" content=\"5 minut\" \/>\n<script type=\"application\/ld+json\" class=\"yoast-schema-graph\">{\"@context\":\"https:\/\/schema.org\",\"@graph\":[{\"@type\":\"Article\",\"@id\":\"https:\/\/evertonfc.cz\/index.php\/2026\/02\/10\/preview-everton-bournemouth-9\/#article\",\"isPartOf\":{\"@id\":\"https:\/\/evertonfc.cz\/index.php\/2026\/02\/10\/preview-everton-bournemouth-9\/\"},\"author\":{\"name\":\"BlueBlooded\",\"@id\":\"https:\/\/evertonfc.cz\/#\/schema\/person\/d4493b8cbea51532597fbc4685698916\"},\"headline\":\"Preview: Everton &#8211; Bournemouth\",\"datePublished\":\"2026-02-10T14:03:06+00:00\",\"dateModified\":\"2026-02-10T14:05:36+00:00\",\"mainEntityOfPage\":{\"@id\":\"https:\/\/evertonfc.cz\/index.php\/2026\/02\/10\/preview-everton-bournemouth-9\/\"},\"wordCount\":966,\"commentCount\":1,\"publisher\":{\"@id\":\"https:\/\/evertonfc.cz\/#organization\"},\"image\":{\"@id\":\"https:\/\/evertonfc.cz\/index.php\/2026\/02\/10\/preview-everton-bournemouth-9\/#primaryimage\"},\"thumbnailUrl\":\"https:\/\/evertonfc.cz\/wp-content\/uploads\/2026\/02\/Everton-BMD-Bournemouth.png\",\"articleSection\":[\"Z\u00e1pasy\"],\"inLanguage\":\"cs\",\"potentialAction\":[{\"@type\":\"CommentAction\",\"name\":\"Comment\",\"target\":[\"https:\/\/evertonfc.cz\/index.php\/2026\/02\/10\/preview-everton-bournemouth-9\/#respond\"]}]},{\"@type\":\"WebPage\",\"@id\":\"https:\/\/evertonfc.cz\/index.php\/2026\/02\/10\/preview-everton-bournemouth-9\/\",\"url\":\"https:\/\/evertonfc.cz\/index.php\/2026\/02\/10\/preview-everton-bournemouth-9\/\",\"name\":\"Preview: Everton - Bournemouth - Official Czech &amp; Slovak Everton Supporters&#039; Club\",\"isPartOf\":{\"@id\":\"https:\/\/evertonfc.cz\/#website\"},\"primaryImageOfPage\":{\"@id\":\"https:\/\/evertonfc.cz\/index.php\/2026\/02\/10\/preview-everton-bournemouth-9\/#primaryimage\"},\"image\":{\"@id\":\"https:\/\/evertonfc.cz\/index.php\/2026\/02\/10\/preview-everton-bournemouth-9\/#primaryimage\"},\"thumbnailUrl\":\"https:\/\/evertonfc.cz\/wp-content\/uploads\/2026\/02\/Everton-BMD-Bournemouth.png\",\"datePublished\":\"2026-02-10T14:03:06+00:00\",\"dateModified\":\"2026-02-10T14:05:36+00:00\",\"breadcrumb\":{\"@id\":\"https:\/\/evertonfc.cz\/index.php\/2026\/02\/10\/preview-everton-bournemouth-9\/#breadcrumb\"},\"inLanguage\":\"cs\",\"potentialAction\":[{\"@type\":\"ReadAction\",\"target\":[\"https:\/\/evertonfc.cz\/index.php\/2026\/02\/10\/preview-everton-bournemouth-9\/\"]}]},{\"@type\":\"ImageObject\",\"inLanguage\":\"cs\",\"@id\":\"https:\/\/evertonfc.cz\/index.php\/2026\/02\/10\/preview-everton-bournemouth-9\/#primaryimage\",\"url\":\"https:\/\/evertonfc.cz\/wp-content\/uploads\/2026\/02\/Everton-BMD-Bournemouth.png\",\"contentUrl\":\"https:\/\/evertonfc.cz\/wp-content\/uploads\/2026\/02\/Everton-BMD-Bournemouth.png\",\"width\":720,\"height\":405},{\"@type\":\"BreadcrumbList\",\"@id\":\"https:\/\/evertonfc.cz\/index.php\/2026\/02\/10\/preview-everton-bournemouth-9\/#breadcrumb\",\"itemListElement\":[{\"@type\":\"ListItem\",\"position\":1,\"name\":\"Home\",\"item\":\"https:\/\/evertonfc.cz\/\"},{\"@type\":\"ListItem\",\"position\":2,\"name\":\"Preview: Everton &#8211; Bournemouth\"}]},{\"@type\":\"WebSite\",\"@id\":\"https:\/\/evertonfc.cz\/#website\",\"url\":\"https:\/\/evertonfc.cz\/\",\"name\":\"Official Czech &amp; Slovak Everton Supporters&#039; Club\",\"description\":\"\",\"publisher\":{\"@id\":\"https:\/\/evertonfc.cz\/#organization\"},\"potentialAction\":[{\"@type\":\"SearchAction\",\"target\":{\"@type\":\"EntryPoint\",\"urlTemplate\":\"https:\/\/evertonfc.cz\/?s={search_term_string}\"},\"query-input\":{\"@type\":\"PropertyValueSpecification\",\"valueRequired\":true,\"valueName\":\"search_term_string\"}}],\"inLanguage\":\"cs\"},{\"@type\":\"Organization\",\"@id\":\"https:\/\/evertonfc.cz\/#organization\",\"name\":\"Official Czech & Slovak Everton Supporters' Club\",\"url\":\"https:\/\/evertonfc.cz\/\",\"logo\":{\"@type\":\"ImageObject\",\"inLanguage\":\"cs\",\"@id\":\"https:\/\/evertonfc.cz\/#\/schema\/logo\/image\/\",\"url\":\"https:\/\/evertonfc.cz\/wp-content\/uploads\/2019\/05\/logo.png\",\"contentUrl\":\"https:\/\/evertonfc.cz\/wp-content\/uploads\/2019\/05\/logo.png\",\"width\":112,\"height\":112,\"caption\":\"Official Czech & Slovak Everton Supporters' Club\"},\"image\":{\"@id\":\"https:\/\/evertonfc.cz\/#\/schema\/logo\/image\/\"},\"sameAs\":[\"https:\/\/www.facebook.com\/everton.fans.cz.sk\"]},{\"@type\":\"Person\",\"@id\":\"https:\/\/evertonfc.cz\/#\/schema\/person\/d4493b8cbea51532597fbc4685698916\",\"name\":\"BlueBlooded\",\"url\":\"https:\/\/evertonfc.cz\/index.php\/author\/admin\/\"}]}<\/script>\n<!-- \/ Yoast SEO plugin. -->","yoast_head_json":{"title":"Preview: Everton - Bournemouth - Official Czech &amp; Slovak Everton Supporters&#039; Club","robots":{"index":"index","follow":"follow","max-snippet":"max-snippet:-1","max-image-preview":"max-image-preview:large","max-video-preview":"max-video-preview:-1"},"canonical":"https:\/\/evertonfc.cz\/index.php\/2026\/02\/10\/preview-everton-bournemouth-9\/","og_locale":"cs_CZ","og_type":"article","og_title":"Preview: Everton - Bournemouth - Official Czech &amp; Slovak Everton Supporters&#039; Club","og_description":"\u010eal\u0161\u00ed z\u00e1pas, \u010fal\u0161ia \u0161anca nie\u010do si dok\u00e1za\u0165. Karamelky sa v utorok ve\u010der predstavia na dom\u00e1cej p\u00f4de proti Bournemouthu a hoci tabu\u013eka hovor\u00ed o \u201emid-table\u201c s\u00faboji, realita je trochu \u0161\u0165avnatej\u0161ia.","og_url":"https:\/\/evertonfc.cz\/index.php\/2026\/02\/10\/preview-everton-bournemouth-9\/","og_site_name":"Official Czech &amp; Slovak Everton Supporters&#039; Club","article_publisher":"https:\/\/www.facebook.com\/everton.fans.cz.sk","article_published_time":"2026-02-10T14:03:06+00:00","article_modified_time":"2026-02-10T14:05:36+00:00","og_image":[{"width":720,"height":405,"url":"https:\/\/evertonfc.cz\/wp-content\/uploads\/2026\/02\/Everton-BMD-Bournemouth.png","type":"image\/png"}],"author":"BlueBlooded","twitter_card":"summary_large_image","twitter_misc":{"Napsal(a)":"BlueBlooded","Odhadovan\u00e1 doba \u010dten\u00ed":"5 minut"},"schema":{"@context":"https:\/\/schema.org","@graph":[{"@type":"Article","@id":"https:\/\/evertonfc.cz\/index.php\/2026\/02\/10\/preview-everton-bournemouth-9\/#article","isPartOf":{"@id":"https:\/\/evertonfc.cz\/index.php\/2026\/02\/10\/preview-everton-bournemouth-9\/"},"author":{"name":"BlueBlooded","@id":"https:\/\/evertonfc.cz\/#\/schema\/person\/d4493b8cbea51532597fbc4685698916"},"headline":"Preview: Everton &#8211; Bournemouth","datePublished":"2026-02-10T14:03:06+00:00","dateModified":"2026-02-10T14:05:36+00:00","mainEntityOfPage":{"@id":"https:\/\/evertonfc.cz\/index.php\/2026\/02\/10\/preview-everton-bournemouth-9\/"},"wordCount":966,"commentCount":1,"publisher":{"@id":"https:\/\/evertonfc.cz\/#organization"},"image":{"@id":"https:\/\/evertonfc.cz\/index.php\/2026\/02\/10\/preview-everton-bournemouth-9\/#primaryimage"},"thumbnailUrl":"https:\/\/evertonfc.cz\/wp-content\/uploads\/2026\/02\/Everton-BMD-Bournemouth.png","articleSection":["Z\u00e1pasy"],"inLanguage":"cs","potentialAction":[{"@type":"CommentAction","name":"Comment","target":["https:\/\/evertonfc.cz\/index.php\/2026\/02\/10\/preview-everton-bournemouth-9\/#respond"]}]},{"@type":"WebPage","@id":"https:\/\/evertonfc.cz\/index.php\/2026\/02\/10\/preview-everton-bournemouth-9\/","url":"https:\/\/evertonfc.cz\/index.php\/2026\/02\/10\/preview-everton-bournemouth-9\/","name":"Preview: Everton - Bournemouth - Official Czech &amp; Slovak Everton Supporters&#039; Club","isPartOf":{"@id":"https:\/\/evertonfc.cz\/#website"},"primaryImageOfPage":{"@id":"https:\/\/evertonfc.cz\/index.php\/2026\/02\/10\/preview-everton-bournemouth-9\/#primaryimage"},"image":{"@id":"https:\/\/evertonfc.cz\/index.php\/2026\/02\/10\/preview-everton-bournemouth-9\/#primaryimage"},"thumbnailUrl":"https:\/\/evertonfc.cz\/wp-content\/uploads\/2026\/02\/Everton-BMD-Bournemouth.png","datePublished":"2026-02-10T14:03:06+00:00","dateModified":"2026-02-10T14:05:36+00:00","breadcrumb":{"@id":"https:\/\/evertonfc.cz\/index.php\/2026\/02\/10\/preview-everton-bournemouth-9\/#breadcrumb"},"inLanguage":"cs","potentialAction":[{"@type":"ReadAction","target":["https:\/\/evertonfc.cz\/index.php\/2026\/02\/10\/preview-everton-bournemouth-9\/"]}]},{"@type":"ImageObject","inLanguage":"cs","@id":"https:\/\/evertonfc.cz\/index.php\/2026\/02\/10\/preview-everton-bournemouth-9\/#primaryimage","url":"https:\/\/evertonfc.cz\/wp-content\/uploads\/2026\/02\/Everton-BMD-Bournemouth.png","contentUrl":"https:\/\/evertonfc.cz\/wp-content\/uploads\/2026\/02\/Everton-BMD-Bournemouth.png","width":720,"height":405},{"@type":"BreadcrumbList","@id":"https:\/\/evertonfc.cz\/index.php\/2026\/02\/10\/preview-everton-bournemouth-9\/#breadcrumb","itemListElement":[{"@type":"ListItem","position":1,"name":"Home","item":"https:\/\/evertonfc.cz\/"},{"@type":"ListItem","position":2,"name":"Preview: Everton &#8211; Bournemouth"}]},{"@type":"WebSite","@id":"https:\/\/evertonfc.cz\/#website","url":"https:\/\/evertonfc.cz\/","name":"Official Czech &amp; Slovak Everton Supporters&#039; Club","description":"","publisher":{"@id":"https:\/\/evertonfc.cz\/#organization"},"potentialAction":[{"@type":"SearchAction","target":{"@type":"EntryPoint","urlTemplate":"https:\/\/evertonfc.cz\/?s={search_term_string}"},"query-input":{"@type":"PropertyValueSpecification","valueRequired":true,"valueName":"search_term_string"}}],"inLanguage":"cs"},{"@type":"Organization","@id":"https:\/\/evertonfc.cz\/#organization","name":"Official Czech & Slovak Everton Supporters' Club","url":"https:\/\/evertonfc.cz\/","logo":{"@type":"ImageObject","inLanguage":"cs","@id":"https:\/\/evertonfc.cz\/#\/schema\/logo\/image\/","url":"https:\/\/evertonfc.cz\/wp-content\/uploads\/2019\/05\/logo.png","contentUrl":"https:\/\/evertonfc.cz\/wp-content\/uploads\/2019\/05\/logo.png","width":112,"height":112,"caption":"Official Czech & Slovak Everton Supporters' Club"},"image":{"@id":"https:\/\/evertonfc.cz\/#\/schema\/logo\/image\/"},"sameAs":["https:\/\/www.facebook.com\/everton.fans.cz.sk"]},{"@type":"Person","@id":"https:\/\/evertonfc.cz\/#\/schema\/person\/d4493b8cbea51532597fbc4685698916","name":"BlueBlooded","url":"https:\/\/evertonfc.cz\/index.php\/author\/admin\/"}]}},"_links":{"self":[{"href":"https:\/\/evertonfc.cz\/index.php\/wp-json\/wp\/v2\/posts\/28420"}],"collection":[{"href":"https:\/\/evertonfc.cz\/index.php\/wp-json\/wp\/v2\/posts"}],"about":[{"href":"https:\/\/evertonfc.cz\/index.php\/wp-json\/wp\/v2\/types\/post"}],"author":[{"embeddable":true,"href":"https:\/\/evertonfc.cz\/index.php\/wp-json\/wp\/v2\/users\/1"}],"replies":[{"embeddable":true,"href":"https:\/\/evertonfc.cz\/index.php\/wp-json\/wp\/v2\/comments?post=28420"}],"version-history":[{"count":4,"href":"https:\/\/evertonfc.cz\/index.php\/wp-json\/wp\/v2\/posts\/28420\/revisions"}],"predecessor-version":[{"id":28425,"href":"https:\/\/evertonfc.cz\/index.php\/wp-json\/wp\/v2\/posts\/28420\/revisions\/28425"}],"wp:featuredmedia":[{"embeddable":true,"href":"https:\/\/evertonfc.cz\/index.php\/wp-json\/wp\/v2\/media\/28422"}],"wp:attachment":[{"href":"https:\/\/evertonfc.cz\/index.php\/wp-json\/wp\/v2\/media?parent=28420"}],"wp:term":[{"taxonomy":"category","embeddable":true,"href":"https:\/\/evertonfc.cz\/index.php\/wp-json\/wp\/v2\/categories?post=28420"},{"taxonomy":"post_tag","embeddable":true,"href":"https:\/\/evertonfc.cz\/index.php\/wp-json\/wp\/v2\/tags?post=28420"}],"curies":[{"name":"wp","href":"https:\/\/api.w.org\/{rel}","templated":true}]}}