{"id":2848,"date":"2010-05-28T12:46:31","date_gmt":"2010-05-28T10:46:31","guid":{"rendered":"http:\/\/evertonfc.cz\/?p=2848"},"modified":"2019-02-10T12:48:26","modified_gmt":"2019-02-10T11:48:26","slug":"shane-jsem-rad-ze-ziju","status":"publish","type":"post","link":"https:\/\/evertonfc.cz\/index.php\/2010\/05\/28\/shane-jsem-rad-ze-ziju\/","title":{"rendered":"Shane: Jsem r\u00e1d, \u017ee \u017eiju"},"content":{"rendered":"<h4>M\u00e1 za sebou nejhor\u0161\u00ed chv\u00edle sv\u00e9ho \u017eivota, ale \u017eije. P\u0159esn\u011b takhle je na tom Shane Duffy, vd\u011b\u010d\u00edc\u00ed za z\u00e1chranu sv\u00e9ho \u017eivota bleskurychl\u00e9 pomoci doktor\u016f.<\/h4>\n<p>Nechyb\u011blo mnoho a v pouh\u00fdch osmn\u00e1cti letech, nejen\u017ee mohl nad\u011bjn\u00fd stoper seknout s fotbalovou kari\u00e9rou, p\u0159ij\u00edt mohlo v\u016fbec to nejhor\u0161\u00ed. Na prvn\u00ed pohled nevinn\u011b se jev\u00edc\u00ed st\u0159et s amat\u00e9rsk\u00fdm irsk\u00fdm brank\u00e1\u0159em Adrianem Walshem m\u011bl za n\u00e1sledek masivn\u00ed ztr\u00e1tu krve, a pr\u00e1v\u011b \u00fabytek \u017eivotod\u00e1rn\u00e9 tekutiny mohl vy\u00fastit ve smrt.<\/p>\n<p>Duffyho mlad\u00e9 t\u011blo se ale s kritickou situac\u00ed za pomoci schopn\u00fdch l\u00e9ka\u0159\u016f vyrovnalo, a tak by nic nem\u011blo fotbalistovi br\u00e1nit v dal\u0161\u00edm rozvoji svoj\u00ed kari\u00e9ry. N\u00e1vrat na fotbalov\u00e9 tr\u00e1vn\u00edky je ale zat\u00edm pochopiteln\u011b a\u017e na druh\u00e9 koleji.<\/p>\n<p><em>\u201eTouto dobou minul\u00fd t\u00fdden mi hlavou prob\u00edhalo, \u017ee um\u00edr\u00e1m, tak\u017ee si mus\u00edm uv\u011bdomit, \u017ee jsem na\u017eivu, a to je te\u010f ze v\u0161eho nejd\u016fle\u017eit\u011bj\u0161\u00ed,\u201c<\/em>\u00a0\u0159ekl Shane po dne\u0161n\u00edm opu\u0161t\u011bn\u00ed dublinsk\u00e9 nemocnice.\u00a0<em>\u201eP\u0159edev\u0161\u00edm chci pod\u011bkovat l\u00e9ka\u0159sk\u00e9mu t\u00fdmu, kter\u00fd mi zachr\u00e1nil \u017eivot. Bez Gerryho McEnteeho, Alana Byrnea a Johna O&#8217;Byrnea bych tu te\u010f u\u017e mo\u017en\u00e1 nebyl. Chci pod\u011bkovat v\u0161em v nemocnici za v\u0161echno, co ud\u011blali. P\u0159ed t\u00fddnem jsem podstupoval operaci a bylo to d\u011bsiv\u00e9. Mus\u00edm pod\u011bkovat \u00fapln\u011b ka\u017ed\u00e9mu. Byl to \u0161\u00edlen\u00fd t\u00fdden.\u201c<\/em><\/p>\n<p>Osudn\u00fd incident se Duffymu p\u0159ihodil v tr\u00e9ninkov\u00e9m z\u00e1pase n\u011bkolik dn\u00ed pot\u00e9, co si odbyl premi\u00e9ru v z\u00e1kladn\u00ed sestav\u011b irsk\u00e9ho \u00e1\u010dka proti irsk\u00e9 U23. Jeden z tis\u00edc\u016f b\u011b\u017en\u00fdch osobn\u00edch kontakt\u016f s brank\u00e1\u0159em m\u011bl ale ne\u010dekan\u011b v\u00e1\u017en\u00e9 d\u016fsledky. Po p\u0159evezen\u00ed do nemocnice l\u00e9ka\u0159i diagnostikovali ztr\u00e1tu 3,6 litr\u016f krve, tedy t\u00e9m\u011b\u0159 dv\u011b t\u0159etiny z\u00e1soby v lidsk\u00e9m t\u011ble. Vnit\u0159n\u00ed krv\u00e1cen\u00ed se po roztr\u017een\u00ed hepatick\u00e9 tepny roz\u0161\u00ed\u0159ilo do b\u0159icha.<\/p>\n<p><em>\u201eV\u016fbec nev\u00edm, co se stalo, v\u0161echno si vybavuji jen rozmazan\u011b,\u201c<\/em>\u00a0l\u00ed\u010d\u00ed.\u00a0<em>\u201eProbudil jsem se v p\u00e1tek v noci, kdy\u017e u\u017e jsem byl po operaci. Tehdy mi m\u00e1ma s t\u00e1tou \u0159ekli, \u017ee jsem minulou noc m\u00e1lem zem\u0159el. Bylo to bl\u00e1zniv\u00e9. V\u0161ichni se ale zachovali skv\u011ble. Ani po\u0159\u00e1dn\u011b nem\u016f\u017eu vyj\u00e1d\u0159it, jak jsem vd\u011b\u010dn\u00fd doktor\u016fm, sest\u0159i\u010dk\u00e1m a irsk\u00e9 fotbalov\u00e9 asociaci. Jsem stra\u0161n\u011b \u0161\u0165astn\u00fd, \u017ee jsem na\u017eivu.\u201c<\/em><\/p>\n<p>Pobyt na nemocni\u010dn\u00edm l\u016f\u017eku Shanovi alespo\u0148 trochu zp\u0159\u00edjemnila podpora, kter\u00e9 se mu dostalo od spoluhr\u00e1\u010d\u016f, mana\u017eera a samoz\u0159ejm\u011b fanou\u0161k\u016f. Osobn\u011b se za rod\u00e1kem ze severoirsk\u00e9ho Derry byl pod\u00edvat tren\u00e9r irsk\u00e9 reprezentace Giovanni Trapattoni a kapit\u00e1n Robbie Keane.<\/p>\n<p><em>\u201e\u00dapln\u011b jsem ztratil \u0159e\u010d. Nev\u011bd\u011bl jsem, \u017ee ve\u0161li, proto\u017ee jsem spal, ale kdy\u017e jsem oba spat\u0159il, nemohl jsem v\u011b\u0159it sv\u00fdm o\u010d\u00edm. Robbie je skv\u011bl\u00fd chlap, vlastn\u011b v\u0161ichni kluci. Spoluhr\u00e1\u010di z Evertonu se mnou celou dobu byli ve spojen\u00ed. V\u0161ichni byli stra\u0161n\u011b podporuj\u00edc\u00ed. Po\u0159\u00e1d se nem\u016f\u017eu vzpamatovat z toho, kolik podpory jsem dostal.\u201c<\/em><\/p>\n<p>A kdy by Shane zase r\u00e1d nazul kopa\u010dky a vyb\u011bhl na pa\u017eit?\u00a0<em>\u201eNejv\u011bt\u0161\u00ed bolest u\u017e ustoupila a celkov\u011b se c\u00edt\u00edm l\u00e9pe. Douf\u00e1m, \u017ee za dva m\u011bs\u00edce se dok\u00e1\u017eu pln\u011b zotavit a za\u010d\u00edt tr\u00e9novat. B\u011bhem \u010dty\u0159, p\u011bti m\u011bs\u00edc\u016f bych pak douf\u00e1m mohl znovu hr\u00e1t. Vezmu to pozvolna, jen nikam nesp\u011bchat,\u201c\u00a0<\/em>dod\u00e1v\u00e1 Shane rozumn\u011b z\u00e1v\u011brem.<\/p>\n","protected":false},"excerpt":{"rendered":"<p>M\u00e1 za sebou nejhor\u0161\u00ed chv\u00edle sv\u00e9ho \u017eivota, ale \u017eije. P\u0159esn\u011b takhle je na tom Shane Duffy, vd\u011b\u010d\u00edc\u00ed za z\u00e1chranu sv\u00e9ho&hellip;<\/p>\n","protected":false},"author":7,"featured_media":1312,"comment_status":"open","ping_status":"closed","sticky":false,"template":"","format":"standard","meta":{"_eb_attr":"","_monsterinsights_skip_tracking":false,"_monsterinsights_sitenote_active":false,"_monsterinsights_sitenote_note":"","_monsterinsights_sitenote_category":0,"footnotes":""},"categories":[1],"tags":[],"yoast_head":"<!-- This site is optimized with the Yoast SEO plugin v23.4 - https:\/\/yoast.com\/wordpress\/plugins\/seo\/ -->\n<title>Shane: Jsem r\u00e1d, \u017ee \u017eiju - Official Czech &amp; Slovak Everton Supporters&#039; Club<\/title>\n<meta name=\"robots\" content=\"index, follow, max-snippet:-1, max-image-preview:large, max-video-preview:-1\" \/>\n<link rel=\"canonical\" href=\"https:\/\/evertonfc.cz\/index.php\/2010\/05\/28\/shane-jsem-rad-ze-ziju\/\" \/>\n<meta property=\"og:locale\" content=\"cs_CZ\" \/>\n<meta property=\"og:type\" content=\"article\" \/>\n<meta property=\"og:title\" content=\"Shane: Jsem r\u00e1d, \u017ee \u017eiju - Official Czech &amp; Slovak Everton Supporters&#039; Club\" \/>\n<meta property=\"og:description\" content=\"M\u00e1 za sebou nejhor\u0161\u00ed chv\u00edle sv\u00e9ho \u017eivota, ale \u017eije. P\u0159esn\u011b takhle je na tom Shane Duffy, vd\u011b\u010d\u00edc\u00ed za z\u00e1chranu sv\u00e9ho&hellip;\" \/>\n<meta property=\"og:url\" content=\"https:\/\/evertonfc.cz\/index.php\/2010\/05\/28\/shane-jsem-rad-ze-ziju\/\" \/>\n<meta property=\"og:site_name\" content=\"Official Czech &amp; Slovak Everton Supporters&#039; Club\" \/>\n<meta property=\"article:publisher\" content=\"https:\/\/www.facebook.com\/everton.fans.cz.sk\" \/>\n<meta property=\"article:published_time\" content=\"2010-05-28T10:46:31+00:00\" \/>\n<meta property=\"article:modified_time\" content=\"2019-02-10T11:48:26+00:00\" \/>\n<meta property=\"og:image\" content=\"https:\/\/evertonfc.cz\/wp-content\/uploads\/2019\/01\/interview.jpg\" \/>\n\t<meta property=\"og:image:width\" content=\"720\" \/>\n\t<meta property=\"og:image:height\" content=\"405\" \/>\n\t<meta property=\"og:image:type\" content=\"image\/jpeg\" \/>\n<meta name=\"author\" content=\"Me\u0148a\" \/>\n<meta name=\"twitter:card\" content=\"summary_large_image\" \/>\n<meta name=\"twitter:label1\" content=\"Napsal(a)\" \/>\n\t<meta name=\"twitter:data1\" content=\"Me\u0148a\" \/>\n\t<meta name=\"twitter:label2\" content=\"Odhadovan\u00e1 doba \u010dten\u00ed\" \/>\n\t<meta name=\"twitter:data2\" content=\"3 minuty\" \/>\n<script type=\"application\/ld+json\" class=\"yoast-schema-graph\">{\"@context\":\"https:\/\/schema.org\",\"@graph\":[{\"@type\":\"Article\",\"@id\":\"https:\/\/evertonfc.cz\/index.php\/2010\/05\/28\/shane-jsem-rad-ze-ziju\/#article\",\"isPartOf\":{\"@id\":\"https:\/\/evertonfc.cz\/index.php\/2010\/05\/28\/shane-jsem-rad-ze-ziju\/\"},\"author\":{\"name\":\"Me\u0148a\",\"@id\":\"https:\/\/evertonfc.cz\/#\/schema\/person\/cd6328a75577de2add7793fd4b0930c3\"},\"headline\":\"Shane: Jsem r\u00e1d, \u017ee \u017eiju\",\"datePublished\":\"2010-05-28T10:46:31+00:00\",\"dateModified\":\"2019-02-10T11:48:26+00:00\",\"mainEntityOfPage\":{\"@id\":\"https:\/\/evertonfc.cz\/index.php\/2010\/05\/28\/shane-jsem-rad-ze-ziju\/\"},\"wordCount\":642,\"commentCount\":0,\"publisher\":{\"@id\":\"https:\/\/evertonfc.cz\/#organization\"},\"image\":{\"@id\":\"https:\/\/evertonfc.cz\/index.php\/2010\/05\/28\/shane-jsem-rad-ze-ziju\/#primaryimage\"},\"thumbnailUrl\":\"https:\/\/evertonfc.cz\/wp-content\/uploads\/2019\/01\/interview.jpg\",\"articleSection\":[\"Rozhovory\"],\"inLanguage\":\"cs\",\"potentialAction\":[{\"@type\":\"CommentAction\",\"name\":\"Comment\",\"target\":[\"https:\/\/evertonfc.cz\/index.php\/2010\/05\/28\/shane-jsem-rad-ze-ziju\/#respond\"]}]},{\"@type\":\"WebPage\",\"@id\":\"https:\/\/evertonfc.cz\/index.php\/2010\/05\/28\/shane-jsem-rad-ze-ziju\/\",\"url\":\"https:\/\/evertonfc.cz\/index.php\/2010\/05\/28\/shane-jsem-rad-ze-ziju\/\",\"name\":\"Shane: Jsem r\u00e1d, \u017ee \u017eiju - Official Czech &amp; Slovak Everton Supporters&#039; Club\",\"isPartOf\":{\"@id\":\"https:\/\/evertonfc.cz\/#website\"},\"primaryImageOfPage\":{\"@id\":\"https:\/\/evertonfc.cz\/index.php\/2010\/05\/28\/shane-jsem-rad-ze-ziju\/#primaryimage\"},\"image\":{\"@id\":\"https:\/\/evertonfc.cz\/index.php\/2010\/05\/28\/shane-jsem-rad-ze-ziju\/#primaryimage\"},\"thumbnailUrl\":\"https:\/\/evertonfc.cz\/wp-content\/uploads\/2019\/01\/interview.jpg\",\"datePublished\":\"2010-05-28T10:46:31+00:00\",\"dateModified\":\"2019-02-10T11:48:26+00:00\",\"breadcrumb\":{\"@id\":\"https:\/\/evertonfc.cz\/index.php\/2010\/05\/28\/shane-jsem-rad-ze-ziju\/#breadcrumb\"},\"inLanguage\":\"cs\",\"potentialAction\":[{\"@type\":\"ReadAction\",\"target\":[\"https:\/\/evertonfc.cz\/index.php\/2010\/05\/28\/shane-jsem-rad-ze-ziju\/\"]}]},{\"@type\":\"ImageObject\",\"inLanguage\":\"cs\",\"@id\":\"https:\/\/evertonfc.cz\/index.php\/2010\/05\/28\/shane-jsem-rad-ze-ziju\/#primaryimage\",\"url\":\"https:\/\/evertonfc.cz\/wp-content\/uploads\/2019\/01\/interview.jpg\",\"contentUrl\":\"https:\/\/evertonfc.cz\/wp-content\/uploads\/2019\/01\/interview.jpg\",\"width\":720,\"height\":405},{\"@type\":\"BreadcrumbList\",\"@id\":\"https:\/\/evertonfc.cz\/index.php\/2010\/05\/28\/shane-jsem-rad-ze-ziju\/#breadcrumb\",\"itemListElement\":[{\"@type\":\"ListItem\",\"position\":1,\"name\":\"Home\",\"item\":\"https:\/\/evertonfc.cz\/\"},{\"@type\":\"ListItem\",\"position\":2,\"name\":\"Shane: Jsem r\u00e1d, \u017ee \u017eiju\"}]},{\"@type\":\"WebSite\",\"@id\":\"https:\/\/evertonfc.cz\/#website\",\"url\":\"https:\/\/evertonfc.cz\/\",\"name\":\"Official Czech &amp; Slovak Everton Supporters&#039; Club\",\"description\":\"\",\"publisher\":{\"@id\":\"https:\/\/evertonfc.cz\/#organization\"},\"potentialAction\":[{\"@type\":\"SearchAction\",\"target\":{\"@type\":\"EntryPoint\",\"urlTemplate\":\"https:\/\/evertonfc.cz\/?s={search_term_string}\"},\"query-input\":{\"@type\":\"PropertyValueSpecification\",\"valueRequired\":true,\"valueName\":\"search_term_string\"}}],\"inLanguage\":\"cs\"},{\"@type\":\"Organization\",\"@id\":\"https:\/\/evertonfc.cz\/#organization\",\"name\":\"Official Czech & Slovak Everton Supporters' Club\",\"url\":\"https:\/\/evertonfc.cz\/\",\"logo\":{\"@type\":\"ImageObject\",\"inLanguage\":\"cs\",\"@id\":\"https:\/\/evertonfc.cz\/#\/schema\/logo\/image\/\",\"url\":\"https:\/\/evertonfc.cz\/wp-content\/uploads\/2019\/05\/logo.png\",\"contentUrl\":\"https:\/\/evertonfc.cz\/wp-content\/uploads\/2019\/05\/logo.png\",\"width\":112,\"height\":112,\"caption\":\"Official Czech & Slovak Everton Supporters' Club\"},\"image\":{\"@id\":\"https:\/\/evertonfc.cz\/#\/schema\/logo\/image\/\"},\"sameAs\":[\"https:\/\/www.facebook.com\/everton.fans.cz.sk\"]},{\"@type\":\"Person\",\"@id\":\"https:\/\/evertonfc.cz\/#\/schema\/person\/cd6328a75577de2add7793fd4b0930c3\",\"name\":\"Me\u0148a\",\"url\":\"https:\/\/evertonfc.cz\/index.php\/author\/mena\/\"}]}<\/script>\n<!-- \/ Yoast SEO plugin. -->","yoast_head_json":{"title":"Shane: Jsem r\u00e1d, \u017ee \u017eiju - Official Czech &amp; Slovak Everton Supporters&#039; Club","robots":{"index":"index","follow":"follow","max-snippet":"max-snippet:-1","max-image-preview":"max-image-preview:large","max-video-preview":"max-video-preview:-1"},"canonical":"https:\/\/evertonfc.cz\/index.php\/2010\/05\/28\/shane-jsem-rad-ze-ziju\/","og_locale":"cs_CZ","og_type":"article","og_title":"Shane: Jsem r\u00e1d, \u017ee \u017eiju - Official Czech &amp; Slovak Everton Supporters&#039; Club","og_description":"M\u00e1 za sebou nejhor\u0161\u00ed chv\u00edle sv\u00e9ho \u017eivota, ale \u017eije. P\u0159esn\u011b takhle je na tom Shane Duffy, vd\u011b\u010d\u00edc\u00ed za z\u00e1chranu sv\u00e9ho&hellip;","og_url":"https:\/\/evertonfc.cz\/index.php\/2010\/05\/28\/shane-jsem-rad-ze-ziju\/","og_site_name":"Official Czech &amp; Slovak Everton Supporters&#039; Club","article_publisher":"https:\/\/www.facebook.com\/everton.fans.cz.sk","article_published_time":"2010-05-28T10:46:31+00:00","article_modified_time":"2019-02-10T11:48:26+00:00","og_image":[{"width":720,"height":405,"url":"https:\/\/evertonfc.cz\/wp-content\/uploads\/2019\/01\/interview.jpg","type":"image\/jpeg"}],"author":"Me\u0148a","twitter_card":"summary_large_image","twitter_misc":{"Napsal(a)":"Me\u0148a","Odhadovan\u00e1 doba \u010dten\u00ed":"3 minuty"},"schema":{"@context":"https:\/\/schema.org","@graph":[{"@type":"Article","@id":"https:\/\/evertonfc.cz\/index.php\/2010\/05\/28\/shane-jsem-rad-ze-ziju\/#article","isPartOf":{"@id":"https:\/\/evertonfc.cz\/index.php\/2010\/05\/28\/shane-jsem-rad-ze-ziju\/"},"author":{"name":"Me\u0148a","@id":"https:\/\/evertonfc.cz\/#\/schema\/person\/cd6328a75577de2add7793fd4b0930c3"},"headline":"Shane: Jsem r\u00e1d, \u017ee \u017eiju","datePublished":"2010-05-28T10:46:31+00:00","dateModified":"2019-02-10T11:48:26+00:00","mainEntityOfPage":{"@id":"https:\/\/evertonfc.cz\/index.php\/2010\/05\/28\/shane-jsem-rad-ze-ziju\/"},"wordCount":642,"commentCount":0,"publisher":{"@id":"https:\/\/evertonfc.cz\/#organization"},"image":{"@id":"https:\/\/evertonfc.cz\/index.php\/2010\/05\/28\/shane-jsem-rad-ze-ziju\/#primaryimage"},"thumbnailUrl":"https:\/\/evertonfc.cz\/wp-content\/uploads\/2019\/01\/interview.jpg","articleSection":["Rozhovory"],"inLanguage":"cs","potentialAction":[{"@type":"CommentAction","name":"Comment","target":["https:\/\/evertonfc.cz\/index.php\/2010\/05\/28\/shane-jsem-rad-ze-ziju\/#respond"]}]},{"@type":"WebPage","@id":"https:\/\/evertonfc.cz\/index.php\/2010\/05\/28\/shane-jsem-rad-ze-ziju\/","url":"https:\/\/evertonfc.cz\/index.php\/2010\/05\/28\/shane-jsem-rad-ze-ziju\/","name":"Shane: Jsem r\u00e1d, \u017ee \u017eiju - Official Czech &amp; Slovak Everton Supporters&#039; Club","isPartOf":{"@id":"https:\/\/evertonfc.cz\/#website"},"primaryImageOfPage":{"@id":"https:\/\/evertonfc.cz\/index.php\/2010\/05\/28\/shane-jsem-rad-ze-ziju\/#primaryimage"},"image":{"@id":"https:\/\/evertonfc.cz\/index.php\/2010\/05\/28\/shane-jsem-rad-ze-ziju\/#primaryimage"},"thumbnailUrl":"https:\/\/evertonfc.cz\/wp-content\/uploads\/2019\/01\/interview.jpg","datePublished":"2010-05-28T10:46:31+00:00","dateModified":"2019-02-10T11:48:26+00:00","breadcrumb":{"@id":"https:\/\/evertonfc.cz\/index.php\/2010\/05\/28\/shane-jsem-rad-ze-ziju\/#breadcrumb"},"inLanguage":"cs","potentialAction":[{"@type":"ReadAction","target":["https:\/\/evertonfc.cz\/index.php\/2010\/05\/28\/shane-jsem-rad-ze-ziju\/"]}]},{"@type":"ImageObject","inLanguage":"cs","@id":"https:\/\/evertonfc.cz\/index.php\/2010\/05\/28\/shane-jsem-rad-ze-ziju\/#primaryimage","url":"https:\/\/evertonfc.cz\/wp-content\/uploads\/2019\/01\/interview.jpg","contentUrl":"https:\/\/evertonfc.cz\/wp-content\/uploads\/2019\/01\/interview.jpg","width":720,"height":405},{"@type":"BreadcrumbList","@id":"https:\/\/evertonfc.cz\/index.php\/2010\/05\/28\/shane-jsem-rad-ze-ziju\/#breadcrumb","itemListElement":[{"@type":"ListItem","position":1,"name":"Home","item":"https:\/\/evertonfc.cz\/"},{"@type":"ListItem","position":2,"name":"Shane: Jsem r\u00e1d, \u017ee \u017eiju"}]},{"@type":"WebSite","@id":"https:\/\/evertonfc.cz\/#website","url":"https:\/\/evertonfc.cz\/","name":"Official Czech &amp; Slovak Everton Supporters&#039; Club","description":"","publisher":{"@id":"https:\/\/evertonfc.cz\/#organization"},"potentialAction":[{"@type":"SearchAction","target":{"@type":"EntryPoint","urlTemplate":"https:\/\/evertonfc.cz\/?s={search_term_string}"},"query-input":{"@type":"PropertyValueSpecification","valueRequired":true,"valueName":"search_term_string"}}],"inLanguage":"cs"},{"@type":"Organization","@id":"https:\/\/evertonfc.cz\/#organization","name":"Official Czech & Slovak Everton Supporters' Club","url":"https:\/\/evertonfc.cz\/","logo":{"@type":"ImageObject","inLanguage":"cs","@id":"https:\/\/evertonfc.cz\/#\/schema\/logo\/image\/","url":"https:\/\/evertonfc.cz\/wp-content\/uploads\/2019\/05\/logo.png","contentUrl":"https:\/\/evertonfc.cz\/wp-content\/uploads\/2019\/05\/logo.png","width":112,"height":112,"caption":"Official Czech & Slovak Everton Supporters' Club"},"image":{"@id":"https:\/\/evertonfc.cz\/#\/schema\/logo\/image\/"},"sameAs":["https:\/\/www.facebook.com\/everton.fans.cz.sk"]},{"@type":"Person","@id":"https:\/\/evertonfc.cz\/#\/schema\/person\/cd6328a75577de2add7793fd4b0930c3","name":"Me\u0148a","url":"https:\/\/evertonfc.cz\/index.php\/author\/mena\/"}]}},"_links":{"self":[{"href":"https:\/\/evertonfc.cz\/index.php\/wp-json\/wp\/v2\/posts\/2848"}],"collection":[{"href":"https:\/\/evertonfc.cz\/index.php\/wp-json\/wp\/v2\/posts"}],"about":[{"href":"https:\/\/evertonfc.cz\/index.php\/wp-json\/wp\/v2\/types\/post"}],"author":[{"embeddable":true,"href":"https:\/\/evertonfc.cz\/index.php\/wp-json\/wp\/v2\/users\/7"}],"replies":[{"embeddable":true,"href":"https:\/\/evertonfc.cz\/index.php\/wp-json\/wp\/v2\/comments?post=2848"}],"version-history":[{"count":1,"href":"https:\/\/evertonfc.cz\/index.php\/wp-json\/wp\/v2\/posts\/2848\/revisions"}],"predecessor-version":[{"id":2849,"href":"https:\/\/evertonfc.cz\/index.php\/wp-json\/wp\/v2\/posts\/2848\/revisions\/2849"}],"wp:featuredmedia":[{"embeddable":true,"href":"https:\/\/evertonfc.cz\/index.php\/wp-json\/wp\/v2\/media\/1312"}],"wp:attachment":[{"href":"https:\/\/evertonfc.cz\/index.php\/wp-json\/wp\/v2\/media?parent=2848"}],"wp:term":[{"taxonomy":"category","embeddable":true,"href":"https:\/\/evertonfc.cz\/index.php\/wp-json\/wp\/v2\/categories?post=2848"},{"taxonomy":"post_tag","embeddable":true,"href":"https:\/\/evertonfc.cz\/index.php\/wp-json\/wp\/v2\/tags?post=2848"}],"curies":[{"name":"wp","href":"https:\/\/api.w.org\/{rel}","templated":true}]}}