{"id":285,"date":"2011-03-31T15:28:43","date_gmt":"2011-03-31T13:28:43","guid":{"rendered":"http:\/\/evertonfc.cz\/?p=285"},"modified":"2019-02-09T22:24:05","modified_gmt":"2019-02-09T21:24:05","slug":"zlata-penalta","status":"publish","type":"post","link":"https:\/\/evertonfc.cz\/index.php\/2011\/03\/31\/zlata-penalta\/","title":{"rendered":"Zlat\u00e1 penalta"},"content":{"rendered":"<h4 id=\"NewsPostDetailSummary\">Prvn\u00ed pov\u00e1le\u010dn\u00fd ro\u010dn\u00edk Anglick\u00e9ho poh\u00e1ru m\u011bl vskutku neobvykl\u00fd charakter. Nov\u011b zkou\u0161en\u00fd hrac\u00ed syst\u00e9m se v\u0161ak Evertonu vymstil ji\u017e na prvn\u00ed p\u0159ek\u00e1\u017ece.<\/h4>\n<div id=\"NewsPostDetailContent\">\n<div id=\"NewsPostDetailContent\">\n<p>Everton &#8211; Preston North End 2:2<br \/>\n3. kolo FA Cupu, druh\u00fd z\u00e1pas, 11. ledna 1946<\/p>\n<p>Kter\u00fd t\u00fdm se objevil ve fin\u00e1le Anglick\u00e9ho poh\u00e1ru, p\u0159esto\u017ee v p\u0159edchoz\u00edm z\u00e1pase prohr\u00e1l? Odpov\u011bd\u00ed je Charlton Athletic, kter\u00fd byl ve fin\u00e1le FA Cupu 1946 pora\u017een 4-1 od Derby County. D\u016fvod &#8211; experiment. Prvn\u00ed pov\u00e1le\u010dn\u00fd poh\u00e1rov\u00fd ro\u010dn\u00edk se hr\u00e1l v ka\u017ed\u00e9m kole na dva z\u00e1pasy a Charlton prohr\u00e1l v druh\u00e9m utk\u00e1n\u00ed d\u0159\u00edv\u011bj\u0161\u00edho kola 2-1 s Fulhamem &#8211; p\u0159esto ale d\u00edky celkov\u00e9mu sk\u00f3re postoupil. Fin\u00e1le z roku 1946 proslavil mimojin\u00e9 t\u0159eba i prasknut\u00fd m\u00ed\u010d, p\u0159i\u010dem\u017e o pravd\u011bpodobnosti selh\u00e1n\u00ed kulat\u00e9ho nesmyslu hovo\u0159ili p\u0159ed v\u00fdkopem koment\u00e1to\u0159i (b\u011bhem ligov\u00e9ho z\u00e1pasu mezi ob\u011bma t\u00fdmy o n\u011bkolik dn\u00ed pozd\u011bji, balon ironicky prasknul znovu).<\/p>\n<p>O rozhodnut\u00ed u\u010dinit z FA Cupu sout\u011b\u017e hranou ka\u017ed\u00fdm kolem na dva z\u00e1pasy, rozhodla \u0159\u00edd\u00edc\u00ed komise Football Association 1. \u010dervna 1945. St\u011b\u017eejn\u00edm d\u016fvodem bylo poskytnut\u00ed \u0161anc\u00ed v\u0161em klub\u016fm, proto\u017ee ne v\u0161echny celky na tom po v\u00e1lce byly zrovna ide\u00e1ln\u011b. D\u016fle\u017eit\u00fd byl zejm\u00e9na n\u00e1sleduj\u00edc\u00ed pokyn:<\/p>\n<p><em>\u201eSout\u011b\u017e b\u011b\u017e\u00ed na dom\u00e1c\u00edm a venkovn\u00edm principu od prvn\u00edho do \u0161est\u00e9ho kola, kvalifika\u010dn\u00edch kolech, z\u00e1pas\u016f semifin\u00e1le a fin\u00e1le. V p\u0159\u00edpad\u011b rem\u00edzy po druh\u00e9m utk\u00e1n\u00ed, bude odehr\u00e1no dvacetiminutov\u00e9 prodlou\u017een\u00ed. Pokud je v\u00fdsledkem st\u00e1le rem\u00edza, hraje se d\u00e1le a v\u00edt\u011bzem je t\u00fdm, kter\u00fd vst\u0159el\u00ed branku jako prvn\u00ed.&#8220;<\/em><\/p>\n<p>Tak\u017ee co se Evertonu v\u016fbec t\u00e9 sezony p\u0159ihodilo? Blues los p\u0159isoudil ve t\u0159et\u00edm kole Preston s t\u00edm, \u017ee prvn\u00ed z\u00e1pas se odehraje na Deepdale a v\u00fdhodu Goodisonu bude m\u00edt Everton ve druh\u00e9m z\u00e1pase.<\/p>\n<p>Oba celky se v Prestonu setkaly b\u011bhem prvn\u00ed soboty roku 1946 a z\u00e1rove\u0148 \u0161lo o prvn\u00ed ofici\u00e1ln\u00ed z\u00e1pas Evertonu po sedmi letech, vypln\u011bn\u00fdch v\u00e1le\u010dn\u00fdm b\u011bsn\u011bn\u00edm. V \u0159ad\u00e1ch lancashirsk\u00e9ho mu\u017estva \u010dn\u011blo i jm\u00e9no jist\u00e9ho Billa Shanklyho, jen\u017e m\u011bl svoji rivalitu s Toffees zapo\u010d\u00edt o \u010dtrn\u00e1ct let pozd\u011bji. Za Preston kopal tak\u00e9 George Mutch, jeho\u017e penalta z posledn\u00ed minuty Lillywhites vyst\u0159elila v\u00edt\u011bzstv\u00ed v poh\u00e1rov\u00e9m fin\u00e1le 1938 nad Huddersfieldem. Koment\u00e1tor BBC, Thomas Woodrooffe tehdy jen p\u00e1r okam\u017eik\u016f p\u0159ed rozhoduj\u00edc\u00ed situac\u00ed prohl\u00e1sil, \u017ee pokud d\u00e1 jeden z t\u00fdm\u016f branku, sn\u00ed sv\u016fj klobouk &#8211; a po z\u00e1pase sv\u016fj slib dodr\u017eel.<\/p>\n<p>Sestava Blues pak zahrnovala Harryho Cattericka, kter\u00fd m\u011bl p\u0159ed sebou prvn\u00ed ofici\u00e1ln\u00ed z\u00e1pas za klub, nebo Joe Mercera. V z\u00e1pase se tak se\u0161ly t\u0159i legend\u00e1rn\u00ed postavy historie kopan\u00e9 v Merseyside.<\/p>\n<p>Everton v prvn\u00edm kl\u00e1n\u00ed dominoval. Prvn\u00ed g\u00f3l vst\u0159elil Catterick ji\u017e po \u0161esti minut\u00e1ch. Po \u010dtvrthodince v\u0161ak Preston srovnal, kdy\u017e odkop obr\u00e1nce Johna Humphreyse ne\u0161\u0165astn\u011b trefil brank\u00e1\u0159e George Burnetta a m\u00ed\u010d se ocitil v s\u00edti. Lillywhites p\u0159esto d\u00e1l tahali za krat\u0161\u00ed provaz, nicm\u00e9n\u011b byli to pr\u00e1v\u011b oni, kdo obstaral v\u00edt\u011bzn\u00fd g\u00f3l, p\u0159esn\u011bji \u0159e\u010deno John Livesey. Toffees se je\u0161t\u011b o v\u00fdsledek prali a n\u011bkolikr\u00e1t byl bl\u00edzko Catterick, ale dom\u00e1c\u00ed svoji v\u00fdhru ji\u017e nepustili.<\/p>\n<p>Druh\u00fd z\u00e1pas p\u0159i\u0161el na \u0159adu o \u010dty\u0159i dny pozd\u011bji. V \u00fadajn\u00e9m &#8222;nejost\u0159ej\u0161\u00edm poh\u00e1rov\u00e9m z\u00e1pase na Goodisonu za mnoho let&#8220;, hern\u011b op\u011bt vl\u00e1dl Everton, kter\u00fd g\u00f3l slavil po sedmn\u00e1cti minut\u00e1ch, kdy rukou ve v\u00e1pn\u011b zahr\u00e1l Scott a n\u00e1slednou penaltu prom\u011bnil Mercer. Catterick a spol tla\u010dili d\u00e1l, ale na t\u011b\u017ek\u00e9m h\u0159i\u0161ti u\u017e se nedok\u00e1zali prosadit a vzhledem k v\u00fdvoji z\u00e1pasu se tedy p\u0159ekvapiv\u011b \u0161lo do prodlou\u017een\u00ed.<\/p>\n<p>Pakli\u017ee \u00favodn\u00edch devades\u00e1t minut p\u0159ineslo jen jedinou trefu, prodlou\u017een\u00ed u\u017e bylo jin\u00e9 kafe &#8211; dva g\u00f3ly padly v rozmez\u00ed p\u011bti minut. Nejprve zv\u00fd\u0161il veden\u00ed Blues Elliott, jen\u017ee prakticky okam\u017eit\u011b nato sn\u00ed\u017eil kr\u00e1snou st\u0159elou Jimmy McIntosh, budouc\u00ed hr\u00e1\u010d Evertonu.<\/p>\n<p>V\u00edt\u011bze tedy nep\u0159ineslo ani p\u0159idan\u00fdch dvacet minut, celkov\u00e9 sk\u00f3re \u010dinilio 3-3. Podle pou\u010den\u00ed FA se tedy hr\u00e1lo d\u00e1l na tzv. zlat\u00fd g\u00f3l. Stejn\u011b jako p\u0159edchoz\u00edch 200 minut, se i definitivn\u011b rozhoduj\u00edc\u00ed pas\u00e1\u017e z\u00e1pasu nesla v bojovn\u00e9m duchu. Osudn\u00fd okam\u017eik na sebe v\u0161ak nechal \u010dekat jen sedm minut, kdy se do zakon\u010den\u00ed brejku host\u00ed dostal Livesey, jeho\u017e st\u0159elu m\u00ed\u0159\u00edc\u00ed do br\u00e1ny rukou vyrazil kapit\u00e1n Evertonu, Norman Greenhalgh.<\/p>\n<p>A\u010dkoliv Dougal usp\u011bl s dor\u00e1\u017ekou, rozhod\u010d\u00ed u\u017e p\u0159edt\u00edm p\u00edsknul do p\u00ed\u0161\u0165alky a k pokutov\u00e9m kopu se postavil Bill Shankly. Burnetta poslal na opa\u010dnou stranu a poh\u0159bil tak poh\u00e1rov\u00e9 nad\u011bje Blues. \u0160lo o jedin\u00fd z\u00e1pas v historii, kter\u00fd Everton prohr\u00e1l n\u00e1hlou smrt\u00ed. Zaj\u00edmavost\u00ed je, \u017ee na dal\u0161\u00ed soupe\u0159ovu penaltu na Goodisonu v FA Cupu, jsme \u010dekali a\u017e do \u00fanora 2009, kdy se ze zna\u010dky v p\u00e1t\u00e9m kole trefil za Aston Villu James Milner.<\/p>\n<h4><strong>Dodatek<\/strong><\/h4>\n<p>D\u00edky \u0159ad\u011b st\u00ed\u017enost\u00ed od r\u016fzn\u00fdch klub\u016f, se valn\u00e1 hromada FA v \u010dervnu 1946 shodla na obnoven\u00ed p\u0159edchoz\u00edch pravidel. Takzvan\u00e9 &#8222;speci\u00e1ln\u00ed okolnosti&#8220;, byly smeteny ze stolu a platit za\u010dal staronov\u00fd syst\u00e9m p\u0159\u00edm\u00fdch v\u00fdher a p\u0159\u00edpadn\u00fdch odvet.<\/p>\n<\/div>\n<\/div>\n","protected":false},"excerpt":{"rendered":"<p>Prvn\u00ed pov\u00e1le\u010dn\u00fd ro\u010dn\u00edk Anglick\u00e9ho poh\u00e1ru m\u011bl vskutku neobvykl\u00fd charakter. Nov\u011b zkou\u0161en\u00fd hrac\u00ed syst\u00e9m se v\u0161ak Evertonu vymstil ji\u017e na prvn\u00ed&hellip;<\/p>\n","protected":false},"author":7,"featured_media":631,"comment_status":"open","ping_status":"closed","sticky":false,"template":"","format":"standard","meta":{"_eb_attr":"","_monsterinsights_skip_tracking":false,"_monsterinsights_sitenote_active":false,"_monsterinsights_sitenote_note":"","_monsterinsights_sitenote_category":0,"footnotes":""},"categories":[10],"tags":[],"yoast_head":"<!-- This site is optimized with the Yoast SEO plugin v23.4 - https:\/\/yoast.com\/wordpress\/plugins\/seo\/ -->\n<title>Zlat\u00e1 penalta - Official Czech &amp; Slovak Everton Supporters&#039; Club<\/title>\n<meta name=\"robots\" content=\"index, follow, max-snippet:-1, max-image-preview:large, max-video-preview:-1\" \/>\n<link rel=\"canonical\" href=\"https:\/\/evertonfc.cz\/index.php\/2011\/03\/31\/zlata-penalta\/\" \/>\n<meta property=\"og:locale\" content=\"cs_CZ\" \/>\n<meta property=\"og:type\" content=\"article\" \/>\n<meta property=\"og:title\" content=\"Zlat\u00e1 penalta - Official Czech &amp; Slovak Everton Supporters&#039; Club\" \/>\n<meta property=\"og:description\" content=\"Prvn\u00ed pov\u00e1le\u010dn\u00fd ro\u010dn\u00edk Anglick\u00e9ho poh\u00e1ru m\u011bl vskutku neobvykl\u00fd charakter. Nov\u011b zkou\u0161en\u00fd hrac\u00ed syst\u00e9m se v\u0161ak Evertonu vymstil ji\u017e na prvn\u00ed&hellip;\" \/>\n<meta property=\"og:url\" content=\"https:\/\/evertonfc.cz\/index.php\/2011\/03\/31\/zlata-penalta\/\" \/>\n<meta property=\"og:site_name\" content=\"Official Czech &amp; Slovak Everton Supporters&#039; Club\" \/>\n<meta property=\"article:publisher\" content=\"https:\/\/www.facebook.com\/everton.fans.cz.sk\" \/>\n<meta property=\"article:published_time\" content=\"2011-03-31T13:28:43+00:00\" \/>\n<meta property=\"article:modified_time\" content=\"2019-02-09T21:24:05+00:00\" \/>\n<meta property=\"og:image\" content=\"https:\/\/evertonfc.cz\/wp-content\/uploads\/2019\/01\/strange_but_blue.jpg\" \/>\n\t<meta property=\"og:image:width\" content=\"720\" \/>\n\t<meta property=\"og:image:height\" content=\"405\" \/>\n\t<meta property=\"og:image:type\" content=\"image\/jpeg\" \/>\n<meta name=\"author\" content=\"Me\u0148a\" \/>\n<meta name=\"twitter:card\" content=\"summary_large_image\" \/>\n<meta name=\"twitter:label1\" content=\"Napsal(a)\" \/>\n\t<meta name=\"twitter:data1\" content=\"Me\u0148a\" \/>\n\t<meta name=\"twitter:label2\" content=\"Odhadovan\u00e1 doba \u010dten\u00ed\" \/>\n\t<meta name=\"twitter:data2\" content=\"5 minut\" \/>\n<script type=\"application\/ld+json\" class=\"yoast-schema-graph\">{\"@context\":\"https:\/\/schema.org\",\"@graph\":[{\"@type\":\"Article\",\"@id\":\"https:\/\/evertonfc.cz\/index.php\/2011\/03\/31\/zlata-penalta\/#article\",\"isPartOf\":{\"@id\":\"https:\/\/evertonfc.cz\/index.php\/2011\/03\/31\/zlata-penalta\/\"},\"author\":{\"name\":\"Me\u0148a\",\"@id\":\"https:\/\/evertonfc.cz\/#\/schema\/person\/cd6328a75577de2add7793fd4b0930c3\"},\"headline\":\"Zlat\u00e1 penalta\",\"datePublished\":\"2011-03-31T13:28:43+00:00\",\"dateModified\":\"2019-02-09T21:24:05+00:00\",\"mainEntityOfPage\":{\"@id\":\"https:\/\/evertonfc.cz\/index.php\/2011\/03\/31\/zlata-penalta\/\"},\"wordCount\":1009,\"commentCount\":0,\"publisher\":{\"@id\":\"https:\/\/evertonfc.cz\/#organization\"},\"image\":{\"@id\":\"https:\/\/evertonfc.cz\/index.php\/2011\/03\/31\/zlata-penalta\/#primaryimage\"},\"thumbnailUrl\":\"https:\/\/evertonfc.cz\/wp-content\/uploads\/2019\/01\/strange_but_blue.jpg\",\"articleSection\":[\"Strange but Blue\"],\"inLanguage\":\"cs\",\"potentialAction\":[{\"@type\":\"CommentAction\",\"name\":\"Comment\",\"target\":[\"https:\/\/evertonfc.cz\/index.php\/2011\/03\/31\/zlata-penalta\/#respond\"]}]},{\"@type\":\"WebPage\",\"@id\":\"https:\/\/evertonfc.cz\/index.php\/2011\/03\/31\/zlata-penalta\/\",\"url\":\"https:\/\/evertonfc.cz\/index.php\/2011\/03\/31\/zlata-penalta\/\",\"name\":\"Zlat\u00e1 penalta - Official Czech &amp; Slovak Everton Supporters&#039; Club\",\"isPartOf\":{\"@id\":\"https:\/\/evertonfc.cz\/#website\"},\"primaryImageOfPage\":{\"@id\":\"https:\/\/evertonfc.cz\/index.php\/2011\/03\/31\/zlata-penalta\/#primaryimage\"},\"image\":{\"@id\":\"https:\/\/evertonfc.cz\/index.php\/2011\/03\/31\/zlata-penalta\/#primaryimage\"},\"thumbnailUrl\":\"https:\/\/evertonfc.cz\/wp-content\/uploads\/2019\/01\/strange_but_blue.jpg\",\"datePublished\":\"2011-03-31T13:28:43+00:00\",\"dateModified\":\"2019-02-09T21:24:05+00:00\",\"breadcrumb\":{\"@id\":\"https:\/\/evertonfc.cz\/index.php\/2011\/03\/31\/zlata-penalta\/#breadcrumb\"},\"inLanguage\":\"cs\",\"potentialAction\":[{\"@type\":\"ReadAction\",\"target\":[\"https:\/\/evertonfc.cz\/index.php\/2011\/03\/31\/zlata-penalta\/\"]}]},{\"@type\":\"ImageObject\",\"inLanguage\":\"cs\",\"@id\":\"https:\/\/evertonfc.cz\/index.php\/2011\/03\/31\/zlata-penalta\/#primaryimage\",\"url\":\"https:\/\/evertonfc.cz\/wp-content\/uploads\/2019\/01\/strange_but_blue.jpg\",\"contentUrl\":\"https:\/\/evertonfc.cz\/wp-content\/uploads\/2019\/01\/strange_but_blue.jpg\",\"width\":720,\"height\":405},{\"@type\":\"BreadcrumbList\",\"@id\":\"https:\/\/evertonfc.cz\/index.php\/2011\/03\/31\/zlata-penalta\/#breadcrumb\",\"itemListElement\":[{\"@type\":\"ListItem\",\"position\":1,\"name\":\"Home\",\"item\":\"https:\/\/evertonfc.cz\/\"},{\"@type\":\"ListItem\",\"position\":2,\"name\":\"Zlat\u00e1 penalta\"}]},{\"@type\":\"WebSite\",\"@id\":\"https:\/\/evertonfc.cz\/#website\",\"url\":\"https:\/\/evertonfc.cz\/\",\"name\":\"Official Czech &amp; Slovak Everton Supporters&#039; Club\",\"description\":\"\",\"publisher\":{\"@id\":\"https:\/\/evertonfc.cz\/#organization\"},\"potentialAction\":[{\"@type\":\"SearchAction\",\"target\":{\"@type\":\"EntryPoint\",\"urlTemplate\":\"https:\/\/evertonfc.cz\/?s={search_term_string}\"},\"query-input\":{\"@type\":\"PropertyValueSpecification\",\"valueRequired\":true,\"valueName\":\"search_term_string\"}}],\"inLanguage\":\"cs\"},{\"@type\":\"Organization\",\"@id\":\"https:\/\/evertonfc.cz\/#organization\",\"name\":\"Official Czech & Slovak Everton Supporters' Club\",\"url\":\"https:\/\/evertonfc.cz\/\",\"logo\":{\"@type\":\"ImageObject\",\"inLanguage\":\"cs\",\"@id\":\"https:\/\/evertonfc.cz\/#\/schema\/logo\/image\/\",\"url\":\"https:\/\/evertonfc.cz\/wp-content\/uploads\/2019\/05\/logo.png\",\"contentUrl\":\"https:\/\/evertonfc.cz\/wp-content\/uploads\/2019\/05\/logo.png\",\"width\":112,\"height\":112,\"caption\":\"Official Czech & Slovak Everton Supporters' Club\"},\"image\":{\"@id\":\"https:\/\/evertonfc.cz\/#\/schema\/logo\/image\/\"},\"sameAs\":[\"https:\/\/www.facebook.com\/everton.fans.cz.sk\"]},{\"@type\":\"Person\",\"@id\":\"https:\/\/evertonfc.cz\/#\/schema\/person\/cd6328a75577de2add7793fd4b0930c3\",\"name\":\"Me\u0148a\",\"url\":\"https:\/\/evertonfc.cz\/index.php\/author\/mena\/\"}]}<\/script>\n<!-- \/ Yoast SEO plugin. -->","yoast_head_json":{"title":"Zlat\u00e1 penalta - Official Czech &amp; Slovak Everton Supporters&#039; Club","robots":{"index":"index","follow":"follow","max-snippet":"max-snippet:-1","max-image-preview":"max-image-preview:large","max-video-preview":"max-video-preview:-1"},"canonical":"https:\/\/evertonfc.cz\/index.php\/2011\/03\/31\/zlata-penalta\/","og_locale":"cs_CZ","og_type":"article","og_title":"Zlat\u00e1 penalta - Official Czech &amp; Slovak Everton Supporters&#039; Club","og_description":"Prvn\u00ed pov\u00e1le\u010dn\u00fd ro\u010dn\u00edk Anglick\u00e9ho poh\u00e1ru m\u011bl vskutku neobvykl\u00fd charakter. Nov\u011b zkou\u0161en\u00fd hrac\u00ed syst\u00e9m se v\u0161ak Evertonu vymstil ji\u017e na prvn\u00ed&hellip;","og_url":"https:\/\/evertonfc.cz\/index.php\/2011\/03\/31\/zlata-penalta\/","og_site_name":"Official Czech &amp; Slovak Everton Supporters&#039; Club","article_publisher":"https:\/\/www.facebook.com\/everton.fans.cz.sk","article_published_time":"2011-03-31T13:28:43+00:00","article_modified_time":"2019-02-09T21:24:05+00:00","og_image":[{"width":720,"height":405,"url":"https:\/\/evertonfc.cz\/wp-content\/uploads\/2019\/01\/strange_but_blue.jpg","type":"image\/jpeg"}],"author":"Me\u0148a","twitter_card":"summary_large_image","twitter_misc":{"Napsal(a)":"Me\u0148a","Odhadovan\u00e1 doba \u010dten\u00ed":"5 minut"},"schema":{"@context":"https:\/\/schema.org","@graph":[{"@type":"Article","@id":"https:\/\/evertonfc.cz\/index.php\/2011\/03\/31\/zlata-penalta\/#article","isPartOf":{"@id":"https:\/\/evertonfc.cz\/index.php\/2011\/03\/31\/zlata-penalta\/"},"author":{"name":"Me\u0148a","@id":"https:\/\/evertonfc.cz\/#\/schema\/person\/cd6328a75577de2add7793fd4b0930c3"},"headline":"Zlat\u00e1 penalta","datePublished":"2011-03-31T13:28:43+00:00","dateModified":"2019-02-09T21:24:05+00:00","mainEntityOfPage":{"@id":"https:\/\/evertonfc.cz\/index.php\/2011\/03\/31\/zlata-penalta\/"},"wordCount":1009,"commentCount":0,"publisher":{"@id":"https:\/\/evertonfc.cz\/#organization"},"image":{"@id":"https:\/\/evertonfc.cz\/index.php\/2011\/03\/31\/zlata-penalta\/#primaryimage"},"thumbnailUrl":"https:\/\/evertonfc.cz\/wp-content\/uploads\/2019\/01\/strange_but_blue.jpg","articleSection":["Strange but Blue"],"inLanguage":"cs","potentialAction":[{"@type":"CommentAction","name":"Comment","target":["https:\/\/evertonfc.cz\/index.php\/2011\/03\/31\/zlata-penalta\/#respond"]}]},{"@type":"WebPage","@id":"https:\/\/evertonfc.cz\/index.php\/2011\/03\/31\/zlata-penalta\/","url":"https:\/\/evertonfc.cz\/index.php\/2011\/03\/31\/zlata-penalta\/","name":"Zlat\u00e1 penalta - Official Czech &amp; Slovak Everton Supporters&#039; Club","isPartOf":{"@id":"https:\/\/evertonfc.cz\/#website"},"primaryImageOfPage":{"@id":"https:\/\/evertonfc.cz\/index.php\/2011\/03\/31\/zlata-penalta\/#primaryimage"},"image":{"@id":"https:\/\/evertonfc.cz\/index.php\/2011\/03\/31\/zlata-penalta\/#primaryimage"},"thumbnailUrl":"https:\/\/evertonfc.cz\/wp-content\/uploads\/2019\/01\/strange_but_blue.jpg","datePublished":"2011-03-31T13:28:43+00:00","dateModified":"2019-02-09T21:24:05+00:00","breadcrumb":{"@id":"https:\/\/evertonfc.cz\/index.php\/2011\/03\/31\/zlata-penalta\/#breadcrumb"},"inLanguage":"cs","potentialAction":[{"@type":"ReadAction","target":["https:\/\/evertonfc.cz\/index.php\/2011\/03\/31\/zlata-penalta\/"]}]},{"@type":"ImageObject","inLanguage":"cs","@id":"https:\/\/evertonfc.cz\/index.php\/2011\/03\/31\/zlata-penalta\/#primaryimage","url":"https:\/\/evertonfc.cz\/wp-content\/uploads\/2019\/01\/strange_but_blue.jpg","contentUrl":"https:\/\/evertonfc.cz\/wp-content\/uploads\/2019\/01\/strange_but_blue.jpg","width":720,"height":405},{"@type":"BreadcrumbList","@id":"https:\/\/evertonfc.cz\/index.php\/2011\/03\/31\/zlata-penalta\/#breadcrumb","itemListElement":[{"@type":"ListItem","position":1,"name":"Home","item":"https:\/\/evertonfc.cz\/"},{"@type":"ListItem","position":2,"name":"Zlat\u00e1 penalta"}]},{"@type":"WebSite","@id":"https:\/\/evertonfc.cz\/#website","url":"https:\/\/evertonfc.cz\/","name":"Official Czech &amp; Slovak Everton Supporters&#039; Club","description":"","publisher":{"@id":"https:\/\/evertonfc.cz\/#organization"},"potentialAction":[{"@type":"SearchAction","target":{"@type":"EntryPoint","urlTemplate":"https:\/\/evertonfc.cz\/?s={search_term_string}"},"query-input":{"@type":"PropertyValueSpecification","valueRequired":true,"valueName":"search_term_string"}}],"inLanguage":"cs"},{"@type":"Organization","@id":"https:\/\/evertonfc.cz\/#organization","name":"Official Czech & Slovak Everton Supporters' Club","url":"https:\/\/evertonfc.cz\/","logo":{"@type":"ImageObject","inLanguage":"cs","@id":"https:\/\/evertonfc.cz\/#\/schema\/logo\/image\/","url":"https:\/\/evertonfc.cz\/wp-content\/uploads\/2019\/05\/logo.png","contentUrl":"https:\/\/evertonfc.cz\/wp-content\/uploads\/2019\/05\/logo.png","width":112,"height":112,"caption":"Official Czech & Slovak Everton Supporters' Club"},"image":{"@id":"https:\/\/evertonfc.cz\/#\/schema\/logo\/image\/"},"sameAs":["https:\/\/www.facebook.com\/everton.fans.cz.sk"]},{"@type":"Person","@id":"https:\/\/evertonfc.cz\/#\/schema\/person\/cd6328a75577de2add7793fd4b0930c3","name":"Me\u0148a","url":"https:\/\/evertonfc.cz\/index.php\/author\/mena\/"}]}},"_links":{"self":[{"href":"https:\/\/evertonfc.cz\/index.php\/wp-json\/wp\/v2\/posts\/285"}],"collection":[{"href":"https:\/\/evertonfc.cz\/index.php\/wp-json\/wp\/v2\/posts"}],"about":[{"href":"https:\/\/evertonfc.cz\/index.php\/wp-json\/wp\/v2\/types\/post"}],"author":[{"embeddable":true,"href":"https:\/\/evertonfc.cz\/index.php\/wp-json\/wp\/v2\/users\/7"}],"replies":[{"embeddable":true,"href":"https:\/\/evertonfc.cz\/index.php\/wp-json\/wp\/v2\/comments?post=285"}],"version-history":[{"count":4,"href":"https:\/\/evertonfc.cz\/index.php\/wp-json\/wp\/v2\/posts\/285\/revisions"}],"predecessor-version":[{"id":2752,"href":"https:\/\/evertonfc.cz\/index.php\/wp-json\/wp\/v2\/posts\/285\/revisions\/2752"}],"wp:featuredmedia":[{"embeddable":true,"href":"https:\/\/evertonfc.cz\/index.php\/wp-json\/wp\/v2\/media\/631"}],"wp:attachment":[{"href":"https:\/\/evertonfc.cz\/index.php\/wp-json\/wp\/v2\/media?parent=285"}],"wp:term":[{"taxonomy":"category","embeddable":true,"href":"https:\/\/evertonfc.cz\/index.php\/wp-json\/wp\/v2\/categories?post=285"},{"taxonomy":"post_tag","embeddable":true,"href":"https:\/\/evertonfc.cz\/index.php\/wp-json\/wp\/v2\/tags?post=285"}],"curies":[{"name":"wp","href":"https:\/\/api.w.org\/{rel}","templated":true}]}}