{"id":2850,"date":"2010-05-29T12:48:38","date_gmt":"2010-05-29T10:48:38","guid":{"rendered":"http:\/\/evertonfc.cz\/?p=2850"},"modified":"2019-02-10T12:50:41","modified_gmt":"2019-02-10T11:50:41","slug":"moyes-ctvrte-misto-neni-uspech","status":"publish","type":"post","link":"https:\/\/evertonfc.cz\/index.php\/2010\/05\/29\/moyes-ctvrte-misto-neni-uspech\/","title":{"rendered":"Moyes: \u010ctvrt\u00e9 m\u00edsto nen\u00ed \u00fasp\u011bch"},"content":{"rendered":"<h4>Pro Davida Moyese \u010dtvrt\u00e9 m\u00edsto v Premier League nezm\u00e1men\u00e1 \u00fasp\u011bch, toho pr\u00fd v Evertonu dos\u00e1hne, a\u017e vyhraje s klubem n\u011bjakou trofej.<\/h4>\n<p>Skot sice u\u017e s Toffees dos\u00e1hl na magick\u00e9 \u010dtvrt\u00e9 m\u00edsto v lize, co\u017e je v Anglii cen\u011bno jako velk\u00fd \u00fasp\u011bch, pokud netr\u00e9nujete zrovna t\u00fdm z tkz. &#8222;Big Four&#8220;. Jen\u017ee to by klidn\u011b DM vym\u011bnil za n\u011bkterou trofej, kter\u00e9 byl mimochodem bl\u00edzko minul\u00fd rok, kdy\u017e a\u017e ve fin\u00e1le FA Cupu porazila Everton Chelsea.<\/p>\n<p>Moyes prozradil: <em>\u201eJenom p\u00e1r t\u00fdm\u016f sm\u011brem dol\u016f na jih m\u016f\u017ee vyhr\u00e1t n\u011bjakou trofej. P\u00e1rkr\u00e1t jsme skon\u010dili v lize vysoko, pro m\u011b to ale nen\u00ed dosta\u010duj\u00edc\u00ed. Tottenham se letos dostal do Ligy mistr\u016f, v posledn\u00ed p\u00e1r letech to dok\u00e1zal u\u017e jen jeden t\u00fdm mimo &#8222;Big Four&#8220;. Byli jsme to my. To se bere za \u00fasp\u011bch, s t\u00edm ale j\u00e1 nesouhlas\u00edm. Um\u00edstit se na \u010dtvrt\u00e9m m\u00edst\u011b je ok. Vyrostl jsem v Celticu, kde mus\u00edte vyhr\u00e1t ka\u017ed\u00fd z\u00e1pas. Od \u017e\u00e1k\u016f, rezervn\u00edho mu\u017estva \u010di prvn\u00edho t\u00fdmu se \u010dek\u00e1, \u017ee vyhraje ka\u017ed\u00fd t\u00fdden. Proto beru \u010dtvrt\u00e9 m\u00edsto jako zvl\u00e1\u0161tn\u00ed \u00fasp\u011bch, ostatn\u00ed to ale mohou vid\u011bt jinak. J\u00e1 prost\u011b nech\u00e1pu, jak m\u016f\u017ee n\u011bkdo b\u00fdt se \u010dtvrt\u00fdm m\u00edstem \u0161tastn\u00fd.\u201c<\/em><\/p>\n<p>Moyes ned\u00e1vno prohl\u00e1sil, \u017ee by jeho snem bylo v\u00e9st Celtic. Mana\u017eer EFC m\u00e1 ov\u0161em je\u0161t\u011b jedno v\u011bt\u0161\u00ed p\u0159\u00e1n\u00ed, cht\u011bl by tr\u00e9novat skotsk\u00fd n\u00e1rodn\u00ed t\u00fdm.<\/p>\n<p><em>\u201eNa sv\u00e9 cest\u011b m\u00e1m hodn\u011b ambic\u00ed a samoz\u0159ejm\u011b m\u011b \u010dek\u00e1 mnoho pr\u00e1ce. Kdybych se m\u011bl zamyslet nad budoucnost\u00ed, cht\u011bl bych v\u00e9st skotsk\u00fd reprezenta\u010dn\u00ed t\u00fdm. Miloval bych to, byla by pro m\u011b pocta tr\u00e9novat n\u00e1rodn\u00ed t\u00fdm,\u201c<\/em> \u0159ekl Moyes a hned s \u00fasm\u011bvem na tv\u00e1\u0159i pokra\u010doval o sv\u00e9m prvn\u00edm dnu, kdy\u017e p\u0159ed osmi lety nastoupil do Evertonu:<em> \u201ePrvn\u00ed den na Goodisonu jsem byl vyd\u011b\u0161en\u00fd. B\u00e1l jsem se, \u017ee m\u011b \u0161pi\u010dkov\u00ed hr\u00e1\u010di nebudou cht\u00edt poslouchat. Kdy\u017e jsem ve\u0161el do \u0161atny, jako prvn\u00ed jsem uvid\u011bl Davida Ginolu, Paula Gascoigneho, Duncana Fergusona a Tommyho Gravesena. Jen jsem si pro sebe pomyslel &#8211; Co je m\u016f\u017eu sakra nau\u010dit? Mus\u00edte si ale z\u00edskat jejich respekt, m\u00edt ve sv\u00e9 pr\u00e1ci pokroky a oni v\u00e1m to oplat\u00ed.\u201c<\/em><\/p>\n","protected":false},"excerpt":{"rendered":"<p>Pro Davida Moyese \u010dtvrt\u00e9 m\u00edsto v Premier League nezm\u00e1men\u00e1 \u00fasp\u011bch, toho pr\u00fd v Evertonu dos\u00e1hne, a\u017e vyhraje s klubem n\u011bjakou&hellip;<\/p>\n","protected":false},"author":6,"featured_media":1312,"comment_status":"open","ping_status":"closed","sticky":false,"template":"","format":"standard","meta":{"_eb_attr":"","_monsterinsights_skip_tracking":false,"_monsterinsights_sitenote_active":false,"_monsterinsights_sitenote_note":"","_monsterinsights_sitenote_category":0,"footnotes":""},"categories":[1],"tags":[],"yoast_head":"<!-- This site is optimized with the Yoast SEO plugin v23.4 - https:\/\/yoast.com\/wordpress\/plugins\/seo\/ -->\n<title>Moyes: \u010ctvrt\u00e9 m\u00edsto nen\u00ed \u00fasp\u011bch - Official Czech &amp; Slovak Everton Supporters&#039; Club<\/title>\n<meta name=\"robots\" content=\"index, follow, max-snippet:-1, max-image-preview:large, max-video-preview:-1\" \/>\n<link rel=\"canonical\" href=\"https:\/\/evertonfc.cz\/index.php\/2010\/05\/29\/moyes-ctvrte-misto-neni-uspech\/\" \/>\n<meta property=\"og:locale\" content=\"cs_CZ\" \/>\n<meta property=\"og:type\" content=\"article\" \/>\n<meta property=\"og:title\" content=\"Moyes: \u010ctvrt\u00e9 m\u00edsto nen\u00ed \u00fasp\u011bch - Official Czech &amp; Slovak Everton Supporters&#039; Club\" \/>\n<meta property=\"og:description\" content=\"Pro Davida Moyese \u010dtvrt\u00e9 m\u00edsto v Premier League nezm\u00e1men\u00e1 \u00fasp\u011bch, toho pr\u00fd v Evertonu dos\u00e1hne, a\u017e vyhraje s klubem n\u011bjakou&hellip;\" \/>\n<meta property=\"og:url\" content=\"https:\/\/evertonfc.cz\/index.php\/2010\/05\/29\/moyes-ctvrte-misto-neni-uspech\/\" \/>\n<meta property=\"og:site_name\" content=\"Official Czech &amp; Slovak Everton Supporters&#039; Club\" \/>\n<meta property=\"article:publisher\" content=\"https:\/\/www.facebook.com\/everton.fans.cz.sk\" \/>\n<meta property=\"article:published_time\" content=\"2010-05-29T10:48:38+00:00\" \/>\n<meta property=\"article:modified_time\" content=\"2019-02-10T11:50:41+00:00\" \/>\n<meta property=\"og:image\" content=\"https:\/\/evertonfc.cz\/wp-content\/uploads\/2019\/01\/interview.jpg\" \/>\n\t<meta property=\"og:image:width\" content=\"720\" \/>\n\t<meta property=\"og:image:height\" content=\"405\" \/>\n\t<meta property=\"og:image:type\" content=\"image\/jpeg\" \/>\n<meta name=\"author\" content=\"Ri\u010di\" \/>\n<meta name=\"twitter:card\" content=\"summary_large_image\" \/>\n<meta name=\"twitter:creator\" content=\"@rbrejsa\" \/>\n<meta name=\"twitter:label1\" content=\"Napsal(a)\" \/>\n\t<meta name=\"twitter:data1\" content=\"Ri\u010di\" \/>\n\t<meta name=\"twitter:label2\" content=\"Odhadovan\u00e1 doba \u010dten\u00ed\" \/>\n\t<meta name=\"twitter:data2\" content=\"2 minuty\" \/>\n<script type=\"application\/ld+json\" class=\"yoast-schema-graph\">{\"@context\":\"https:\/\/schema.org\",\"@graph\":[{\"@type\":\"Article\",\"@id\":\"https:\/\/evertonfc.cz\/index.php\/2010\/05\/29\/moyes-ctvrte-misto-neni-uspech\/#article\",\"isPartOf\":{\"@id\":\"https:\/\/evertonfc.cz\/index.php\/2010\/05\/29\/moyes-ctvrte-misto-neni-uspech\/\"},\"author\":{\"name\":\"Ri\u010di\",\"@id\":\"https:\/\/evertonfc.cz\/#\/schema\/person\/f7a5daedb2ffee98480bc70e191aaef1\"},\"headline\":\"Moyes: \u010ctvrt\u00e9 m\u00edsto nen\u00ed \u00fasp\u011bch\",\"datePublished\":\"2010-05-29T10:48:38+00:00\",\"dateModified\":\"2019-02-10T11:50:41+00:00\",\"mainEntityOfPage\":{\"@id\":\"https:\/\/evertonfc.cz\/index.php\/2010\/05\/29\/moyes-ctvrte-misto-neni-uspech\/\"},\"wordCount\":433,\"commentCount\":0,\"publisher\":{\"@id\":\"https:\/\/evertonfc.cz\/#organization\"},\"image\":{\"@id\":\"https:\/\/evertonfc.cz\/index.php\/2010\/05\/29\/moyes-ctvrte-misto-neni-uspech\/#primaryimage\"},\"thumbnailUrl\":\"https:\/\/evertonfc.cz\/wp-content\/uploads\/2019\/01\/interview.jpg\",\"articleSection\":[\"Rozhovory\"],\"inLanguage\":\"cs\",\"potentialAction\":[{\"@type\":\"CommentAction\",\"name\":\"Comment\",\"target\":[\"https:\/\/evertonfc.cz\/index.php\/2010\/05\/29\/moyes-ctvrte-misto-neni-uspech\/#respond\"]}]},{\"@type\":\"WebPage\",\"@id\":\"https:\/\/evertonfc.cz\/index.php\/2010\/05\/29\/moyes-ctvrte-misto-neni-uspech\/\",\"url\":\"https:\/\/evertonfc.cz\/index.php\/2010\/05\/29\/moyes-ctvrte-misto-neni-uspech\/\",\"name\":\"Moyes: \u010ctvrt\u00e9 m\u00edsto nen\u00ed \u00fasp\u011bch - Official Czech &amp; Slovak Everton Supporters&#039; Club\",\"isPartOf\":{\"@id\":\"https:\/\/evertonfc.cz\/#website\"},\"primaryImageOfPage\":{\"@id\":\"https:\/\/evertonfc.cz\/index.php\/2010\/05\/29\/moyes-ctvrte-misto-neni-uspech\/#primaryimage\"},\"image\":{\"@id\":\"https:\/\/evertonfc.cz\/index.php\/2010\/05\/29\/moyes-ctvrte-misto-neni-uspech\/#primaryimage\"},\"thumbnailUrl\":\"https:\/\/evertonfc.cz\/wp-content\/uploads\/2019\/01\/interview.jpg\",\"datePublished\":\"2010-05-29T10:48:38+00:00\",\"dateModified\":\"2019-02-10T11:50:41+00:00\",\"breadcrumb\":{\"@id\":\"https:\/\/evertonfc.cz\/index.php\/2010\/05\/29\/moyes-ctvrte-misto-neni-uspech\/#breadcrumb\"},\"inLanguage\":\"cs\",\"potentialAction\":[{\"@type\":\"ReadAction\",\"target\":[\"https:\/\/evertonfc.cz\/index.php\/2010\/05\/29\/moyes-ctvrte-misto-neni-uspech\/\"]}]},{\"@type\":\"ImageObject\",\"inLanguage\":\"cs\",\"@id\":\"https:\/\/evertonfc.cz\/index.php\/2010\/05\/29\/moyes-ctvrte-misto-neni-uspech\/#primaryimage\",\"url\":\"https:\/\/evertonfc.cz\/wp-content\/uploads\/2019\/01\/interview.jpg\",\"contentUrl\":\"https:\/\/evertonfc.cz\/wp-content\/uploads\/2019\/01\/interview.jpg\",\"width\":720,\"height\":405},{\"@type\":\"BreadcrumbList\",\"@id\":\"https:\/\/evertonfc.cz\/index.php\/2010\/05\/29\/moyes-ctvrte-misto-neni-uspech\/#breadcrumb\",\"itemListElement\":[{\"@type\":\"ListItem\",\"position\":1,\"name\":\"Home\",\"item\":\"https:\/\/evertonfc.cz\/\"},{\"@type\":\"ListItem\",\"position\":2,\"name\":\"Moyes: \u010ctvrt\u00e9 m\u00edsto nen\u00ed \u00fasp\u011bch\"}]},{\"@type\":\"WebSite\",\"@id\":\"https:\/\/evertonfc.cz\/#website\",\"url\":\"https:\/\/evertonfc.cz\/\",\"name\":\"Official Czech &amp; Slovak Everton Supporters&#039; Club\",\"description\":\"\",\"publisher\":{\"@id\":\"https:\/\/evertonfc.cz\/#organization\"},\"potentialAction\":[{\"@type\":\"SearchAction\",\"target\":{\"@type\":\"EntryPoint\",\"urlTemplate\":\"https:\/\/evertonfc.cz\/?s={search_term_string}\"},\"query-input\":{\"@type\":\"PropertyValueSpecification\",\"valueRequired\":true,\"valueName\":\"search_term_string\"}}],\"inLanguage\":\"cs\"},{\"@type\":\"Organization\",\"@id\":\"https:\/\/evertonfc.cz\/#organization\",\"name\":\"Official Czech & Slovak Everton Supporters' Club\",\"url\":\"https:\/\/evertonfc.cz\/\",\"logo\":{\"@type\":\"ImageObject\",\"inLanguage\":\"cs\",\"@id\":\"https:\/\/evertonfc.cz\/#\/schema\/logo\/image\/\",\"url\":\"https:\/\/evertonfc.cz\/wp-content\/uploads\/2019\/05\/logo.png\",\"contentUrl\":\"https:\/\/evertonfc.cz\/wp-content\/uploads\/2019\/05\/logo.png\",\"width\":112,\"height\":112,\"caption\":\"Official Czech & Slovak Everton Supporters' Club\"},\"image\":{\"@id\":\"https:\/\/evertonfc.cz\/#\/schema\/logo\/image\/\"},\"sameAs\":[\"https:\/\/www.facebook.com\/everton.fans.cz.sk\"]},{\"@type\":\"Person\",\"@id\":\"https:\/\/evertonfc.cz\/#\/schema\/person\/f7a5daedb2ffee98480bc70e191aaef1\",\"name\":\"Ri\u010di\",\"sameAs\":[\"https:\/\/x.com\/rbrejsa\"],\"url\":\"https:\/\/evertonfc.cz\/index.php\/author\/rici\/\"}]}<\/script>\n<!-- \/ Yoast SEO plugin. -->","yoast_head_json":{"title":"Moyes: \u010ctvrt\u00e9 m\u00edsto nen\u00ed \u00fasp\u011bch - Official Czech &amp; Slovak Everton Supporters&#039; Club","robots":{"index":"index","follow":"follow","max-snippet":"max-snippet:-1","max-image-preview":"max-image-preview:large","max-video-preview":"max-video-preview:-1"},"canonical":"https:\/\/evertonfc.cz\/index.php\/2010\/05\/29\/moyes-ctvrte-misto-neni-uspech\/","og_locale":"cs_CZ","og_type":"article","og_title":"Moyes: \u010ctvrt\u00e9 m\u00edsto nen\u00ed \u00fasp\u011bch - Official Czech &amp; Slovak Everton Supporters&#039; Club","og_description":"Pro Davida Moyese \u010dtvrt\u00e9 m\u00edsto v Premier League nezm\u00e1men\u00e1 \u00fasp\u011bch, toho pr\u00fd v Evertonu dos\u00e1hne, a\u017e vyhraje s klubem n\u011bjakou&hellip;","og_url":"https:\/\/evertonfc.cz\/index.php\/2010\/05\/29\/moyes-ctvrte-misto-neni-uspech\/","og_site_name":"Official Czech &amp; Slovak Everton Supporters&#039; Club","article_publisher":"https:\/\/www.facebook.com\/everton.fans.cz.sk","article_published_time":"2010-05-29T10:48:38+00:00","article_modified_time":"2019-02-10T11:50:41+00:00","og_image":[{"width":720,"height":405,"url":"https:\/\/evertonfc.cz\/wp-content\/uploads\/2019\/01\/interview.jpg","type":"image\/jpeg"}],"author":"Ri\u010di","twitter_card":"summary_large_image","twitter_creator":"@rbrejsa","twitter_misc":{"Napsal(a)":"Ri\u010di","Odhadovan\u00e1 doba \u010dten\u00ed":"2 minuty"},"schema":{"@context":"https:\/\/schema.org","@graph":[{"@type":"Article","@id":"https:\/\/evertonfc.cz\/index.php\/2010\/05\/29\/moyes-ctvrte-misto-neni-uspech\/#article","isPartOf":{"@id":"https:\/\/evertonfc.cz\/index.php\/2010\/05\/29\/moyes-ctvrte-misto-neni-uspech\/"},"author":{"name":"Ri\u010di","@id":"https:\/\/evertonfc.cz\/#\/schema\/person\/f7a5daedb2ffee98480bc70e191aaef1"},"headline":"Moyes: \u010ctvrt\u00e9 m\u00edsto nen\u00ed \u00fasp\u011bch","datePublished":"2010-05-29T10:48:38+00:00","dateModified":"2019-02-10T11:50:41+00:00","mainEntityOfPage":{"@id":"https:\/\/evertonfc.cz\/index.php\/2010\/05\/29\/moyes-ctvrte-misto-neni-uspech\/"},"wordCount":433,"commentCount":0,"publisher":{"@id":"https:\/\/evertonfc.cz\/#organization"},"image":{"@id":"https:\/\/evertonfc.cz\/index.php\/2010\/05\/29\/moyes-ctvrte-misto-neni-uspech\/#primaryimage"},"thumbnailUrl":"https:\/\/evertonfc.cz\/wp-content\/uploads\/2019\/01\/interview.jpg","articleSection":["Rozhovory"],"inLanguage":"cs","potentialAction":[{"@type":"CommentAction","name":"Comment","target":["https:\/\/evertonfc.cz\/index.php\/2010\/05\/29\/moyes-ctvrte-misto-neni-uspech\/#respond"]}]},{"@type":"WebPage","@id":"https:\/\/evertonfc.cz\/index.php\/2010\/05\/29\/moyes-ctvrte-misto-neni-uspech\/","url":"https:\/\/evertonfc.cz\/index.php\/2010\/05\/29\/moyes-ctvrte-misto-neni-uspech\/","name":"Moyes: \u010ctvrt\u00e9 m\u00edsto nen\u00ed \u00fasp\u011bch - Official Czech &amp; Slovak Everton Supporters&#039; Club","isPartOf":{"@id":"https:\/\/evertonfc.cz\/#website"},"primaryImageOfPage":{"@id":"https:\/\/evertonfc.cz\/index.php\/2010\/05\/29\/moyes-ctvrte-misto-neni-uspech\/#primaryimage"},"image":{"@id":"https:\/\/evertonfc.cz\/index.php\/2010\/05\/29\/moyes-ctvrte-misto-neni-uspech\/#primaryimage"},"thumbnailUrl":"https:\/\/evertonfc.cz\/wp-content\/uploads\/2019\/01\/interview.jpg","datePublished":"2010-05-29T10:48:38+00:00","dateModified":"2019-02-10T11:50:41+00:00","breadcrumb":{"@id":"https:\/\/evertonfc.cz\/index.php\/2010\/05\/29\/moyes-ctvrte-misto-neni-uspech\/#breadcrumb"},"inLanguage":"cs","potentialAction":[{"@type":"ReadAction","target":["https:\/\/evertonfc.cz\/index.php\/2010\/05\/29\/moyes-ctvrte-misto-neni-uspech\/"]}]},{"@type":"ImageObject","inLanguage":"cs","@id":"https:\/\/evertonfc.cz\/index.php\/2010\/05\/29\/moyes-ctvrte-misto-neni-uspech\/#primaryimage","url":"https:\/\/evertonfc.cz\/wp-content\/uploads\/2019\/01\/interview.jpg","contentUrl":"https:\/\/evertonfc.cz\/wp-content\/uploads\/2019\/01\/interview.jpg","width":720,"height":405},{"@type":"BreadcrumbList","@id":"https:\/\/evertonfc.cz\/index.php\/2010\/05\/29\/moyes-ctvrte-misto-neni-uspech\/#breadcrumb","itemListElement":[{"@type":"ListItem","position":1,"name":"Home","item":"https:\/\/evertonfc.cz\/"},{"@type":"ListItem","position":2,"name":"Moyes: \u010ctvrt\u00e9 m\u00edsto nen\u00ed \u00fasp\u011bch"}]},{"@type":"WebSite","@id":"https:\/\/evertonfc.cz\/#website","url":"https:\/\/evertonfc.cz\/","name":"Official Czech &amp; Slovak Everton Supporters&#039; Club","description":"","publisher":{"@id":"https:\/\/evertonfc.cz\/#organization"},"potentialAction":[{"@type":"SearchAction","target":{"@type":"EntryPoint","urlTemplate":"https:\/\/evertonfc.cz\/?s={search_term_string}"},"query-input":{"@type":"PropertyValueSpecification","valueRequired":true,"valueName":"search_term_string"}}],"inLanguage":"cs"},{"@type":"Organization","@id":"https:\/\/evertonfc.cz\/#organization","name":"Official Czech & Slovak Everton Supporters' Club","url":"https:\/\/evertonfc.cz\/","logo":{"@type":"ImageObject","inLanguage":"cs","@id":"https:\/\/evertonfc.cz\/#\/schema\/logo\/image\/","url":"https:\/\/evertonfc.cz\/wp-content\/uploads\/2019\/05\/logo.png","contentUrl":"https:\/\/evertonfc.cz\/wp-content\/uploads\/2019\/05\/logo.png","width":112,"height":112,"caption":"Official Czech & Slovak Everton Supporters' Club"},"image":{"@id":"https:\/\/evertonfc.cz\/#\/schema\/logo\/image\/"},"sameAs":["https:\/\/www.facebook.com\/everton.fans.cz.sk"]},{"@type":"Person","@id":"https:\/\/evertonfc.cz\/#\/schema\/person\/f7a5daedb2ffee98480bc70e191aaef1","name":"Ri\u010di","sameAs":["https:\/\/x.com\/rbrejsa"],"url":"https:\/\/evertonfc.cz\/index.php\/author\/rici\/"}]}},"_links":{"self":[{"href":"https:\/\/evertonfc.cz\/index.php\/wp-json\/wp\/v2\/posts\/2850"}],"collection":[{"href":"https:\/\/evertonfc.cz\/index.php\/wp-json\/wp\/v2\/posts"}],"about":[{"href":"https:\/\/evertonfc.cz\/index.php\/wp-json\/wp\/v2\/types\/post"}],"author":[{"embeddable":true,"href":"https:\/\/evertonfc.cz\/index.php\/wp-json\/wp\/v2\/users\/6"}],"replies":[{"embeddable":true,"href":"https:\/\/evertonfc.cz\/index.php\/wp-json\/wp\/v2\/comments?post=2850"}],"version-history":[{"count":1,"href":"https:\/\/evertonfc.cz\/index.php\/wp-json\/wp\/v2\/posts\/2850\/revisions"}],"predecessor-version":[{"id":2851,"href":"https:\/\/evertonfc.cz\/index.php\/wp-json\/wp\/v2\/posts\/2850\/revisions\/2851"}],"wp:featuredmedia":[{"embeddable":true,"href":"https:\/\/evertonfc.cz\/index.php\/wp-json\/wp\/v2\/media\/1312"}],"wp:attachment":[{"href":"https:\/\/evertonfc.cz\/index.php\/wp-json\/wp\/v2\/media?parent=2850"}],"wp:term":[{"taxonomy":"category","embeddable":true,"href":"https:\/\/evertonfc.cz\/index.php\/wp-json\/wp\/v2\/categories?post=2850"},{"taxonomy":"post_tag","embeddable":true,"href":"https:\/\/evertonfc.cz\/index.php\/wp-json\/wp\/v2\/tags?post=2850"}],"curies":[{"name":"wp","href":"https:\/\/api.w.org\/{rel}","templated":true}]}}