{"id":2852,"date":"2010-05-31T12:50:49","date_gmt":"2010-05-31T10:50:49","guid":{"rendered":"http:\/\/evertonfc.cz\/?p=2852"},"modified":"2019-02-10T12:53:02","modified_gmt":"2019-02-10T11:53:02","slug":"beckford-novym-hracem","status":"publish","type":"post","link":"https:\/\/evertonfc.cz\/index.php\/2010\/05\/31\/beckford-novym-hracem\/","title":{"rendered":"Beckford nov\u00fdm hr\u00e1\u010dem"},"content":{"rendered":"<h4>Jermain Beckford se stal druhou letn\u00ed posilou Evertonu. Anglick\u00fd hr\u00e1\u010d podepsal na Goodison Parku \u010dty\u0159let\u00fd kontrakt a klub nest\u00e1l nic, jeliko\u017e minul\u00fd t\u00fdden rozv\u00e1zal s Leedsem kontrakt.<\/h4>\n<p>S Evertonem byl 26let\u00fd kanon\u00fdr spojov\u00e1n u\u017e od zimn\u00edho obdob\u00ed, kdy\u017e se jeho minul\u00fd zam\u011bstnavatel Leeds dohodl s Toffees na p\u0159edkupn\u00edm pr\u00e1vu na fotbalistu.<\/p>\n<p>Beckford podepsal smlouvu po absolvov\u00e1n\u00ed l\u00e9ka\u0159sk\u00e9 prohl\u00eddky na Finch Farm se sekret\u00e1\u0159em Davidem Harrisonem.<\/p>\n<p>A co \u0159ekl o sv\u00e9m p\u0159estupu s\u00e1m hr\u00e1\u010d?\u00a0<em>\u201eJsem stra\u0161n\u011b \u0161\u0165astn\u00fd a nejrad\u0161i bych byl, kdyby nov\u00e1 sez\u00f3na za\u010dala u\u017e z\u00edtra. S p\u00e1r kluky z t\u00fdmu u\u017e jsem se potkal. C\u00edtil jsem od nich, \u017ee jsem mezi nimi v\u00edtan\u00fd, tak\u017ee u\u017e se nemohu do\u010dkat, a\u017e se uvid\u00edm se zbytkem m\u00fdch spoluhr\u00e1\u010d\u016f.\u201c<\/em><\/p>\n<p>Beckford minulou sez\u00f3nu nast\u0159\u00edlel za Leeds, \u00fa\u010dastn\u00edka League One, 31 branek, \u010d\u00edm\u017e mu velmi pomohl k postupu do Championship. A to je\u0161t\u011b p\u0159ed \u010dty\u0159mi lety nastupoval za neligov\u00fd Wealdstone. Anga\u017em\u00e1 v Evertonu a pota\u017emo v Premier League bude pro anglick\u00e9ho rod\u00e1ka velkou v\u00fdzvu, co\u017e si s\u00e1m uv\u011bdomuje: <em>\u201eJsem t\u00edm nad\u0161en. Bude to pro m\u011b po\u0159\u00e1dn\u00fd test, co\u017e samoz\u0159ejm\u011b v\u00edm, u\u017e se na to ale t\u011b\u0161\u00edm. Cht\u011bl jsem si vyzkou\u0161et, zda dok\u00e1\u017eu hr\u00e1t fotbal na nejvy\u0161\u0161\u00ed \u00farovni a na\u0161t\u011bst\u00ed pro m\u011b David Moyes m\u011bl o m\u011b z\u00e1jem a v\u011b\u0159\u00ed mi. Snad mu to budu moct splatit. M\u011bl jsem zat\u00edm ve v\u0161ech m\u00fdch klubech to \u0161t\u011bst\u00ed, \u017ee jsem st\u0159\u00edlel branky. Snad v tom budu pokra\u010dovat i zde.\u201c<\/em><\/p>\n<p>Becks, jak se nov\u00e9 posile EFC n\u011bkdy p\u0159ezd\u00edv\u00e1, byl u\u010darov\u00e1n tr\u00e9ninkov\u00fdm are\u00e1lem Toffees:\u00a0<em>\u201eFinch Farm se zd\u00e1 \u00fa\u017easn\u00e1, hned jsem si tu zde obl\u00edbil. Je to velk\u00fd rozd\u00edl, kdy\u017e m\u00e1te k dispozici n\u011bco jako je tohle. Dovedu si p\u0159edstavit hr\u00e1\u010de, jak jsem p\u0159ich\u00e1zej\u00ed\u00a0s \u00fasm\u011bvem na tv\u00e1\u0159i. Pokud jste \u0161\u0165astn\u00ed, kdy\u017e tr\u00e9nujete, m\u016f\u017ee to znamenat jenom n\u011bco dobr\u00e9ho.\u201c<\/em><\/p>\n<p>Beckford byl v dorosteneck\u00e9m v\u011bku propu\u0161t\u011bn z Chelsea a upsal se neligov\u00e9mu Wealdstone. Zde ve 40 utk\u00e1n\u00edch nast\u0159\u00edlel a\u017e 35 branek a vzbudil pozornost mnoha klub\u016f, nakonec ale na ja\u0159e 2006 p\u0159estoupil do Leedsu. Zpo\u010d\u00e1tku nedost\u00e1val v dresu Whites \u0161ance, a tak nejprve hostoval v Carlisle a pak i ve Scunthorpe. V Leedsu za\u010dal st\u0159\u00edlet branky a\u017e od sez\u00f3ny 2007\/08, stejnou sez\u00f3nu byl dokonce zvolen nejlep\u0161\u00edm hr\u00e1\u010dem League One stejn\u011b jako o dva roky pozd\u011bji. V posledn\u00edm ro\u010dn\u00edku za Leeds nast\u0159\u00edlel \u00factyhodn\u00fdch 31 branek. Beckford m\u00e1 tedy pov\u011bst kanon\u00fdra, ov\u0161em jen v ni\u017e\u0161\u00edch sout\u011b\u017e\u00edch, te\u010f bude jen na n\u011bm zda to potvrd\u00ed i v Evertonu.<\/p>\n","protected":false},"excerpt":{"rendered":"<p>Jermain Beckford se stal druhou letn\u00ed posilou Evertonu. Anglick\u00fd hr\u00e1\u010d podepsal na Goodison Parku \u010dty\u0159let\u00fd kontrakt a klub nest\u00e1l nic,&hellip;<\/p>\n","protected":false},"author":6,"featured_media":1316,"comment_status":"open","ping_status":"closed","sticky":false,"template":"","format":"standard","meta":{"_eb_attr":"","_monsterinsights_skip_tracking":false,"_monsterinsights_sitenote_active":false,"_monsterinsights_sitenote_note":"","_monsterinsights_sitenote_category":0,"footnotes":""},"categories":[41],"tags":[],"yoast_head":"<!-- This site is optimized with the Yoast SEO plugin v23.4 - https:\/\/yoast.com\/wordpress\/plugins\/seo\/ -->\n<title>Beckford nov\u00fdm hr\u00e1\u010dem - Official Czech &amp; Slovak Everton Supporters&#039; Club<\/title>\n<meta name=\"robots\" content=\"index, follow, max-snippet:-1, max-image-preview:large, max-video-preview:-1\" \/>\n<link rel=\"canonical\" href=\"https:\/\/evertonfc.cz\/index.php\/2010\/05\/31\/beckford-novym-hracem\/\" \/>\n<meta property=\"og:locale\" content=\"cs_CZ\" \/>\n<meta property=\"og:type\" content=\"article\" \/>\n<meta property=\"og:title\" content=\"Beckford nov\u00fdm hr\u00e1\u010dem - Official Czech &amp; Slovak Everton Supporters&#039; Club\" \/>\n<meta property=\"og:description\" content=\"Jermain Beckford se stal druhou letn\u00ed posilou Evertonu. Anglick\u00fd hr\u00e1\u010d podepsal na Goodison Parku \u010dty\u0159let\u00fd kontrakt a klub nest\u00e1l nic,&hellip;\" \/>\n<meta property=\"og:url\" content=\"https:\/\/evertonfc.cz\/index.php\/2010\/05\/31\/beckford-novym-hracem\/\" \/>\n<meta property=\"og:site_name\" content=\"Official Czech &amp; Slovak Everton Supporters&#039; Club\" \/>\n<meta property=\"article:publisher\" content=\"https:\/\/www.facebook.com\/everton.fans.cz.sk\" \/>\n<meta property=\"article:published_time\" content=\"2010-05-31T10:50:49+00:00\" \/>\n<meta property=\"article:modified_time\" content=\"2019-02-10T11:53:02+00:00\" \/>\n<meta property=\"og:image\" content=\"https:\/\/evertonfc.cz\/wp-content\/uploads\/2019\/01\/transfer.jpg\" \/>\n\t<meta property=\"og:image:width\" content=\"720\" \/>\n\t<meta property=\"og:image:height\" content=\"405\" \/>\n\t<meta property=\"og:image:type\" content=\"image\/jpeg\" \/>\n<meta name=\"author\" content=\"Ri\u010di\" \/>\n<meta name=\"twitter:card\" content=\"summary_large_image\" \/>\n<meta name=\"twitter:creator\" content=\"@rbrejsa\" \/>\n<meta name=\"twitter:label1\" content=\"Napsal(a)\" \/>\n\t<meta name=\"twitter:data1\" content=\"Ri\u010di\" \/>\n\t<meta name=\"twitter:label2\" content=\"Odhadovan\u00e1 doba \u010dten\u00ed\" \/>\n\t<meta name=\"twitter:data2\" content=\"3 minuty\" \/>\n<script type=\"application\/ld+json\" class=\"yoast-schema-graph\">{\"@context\":\"https:\/\/schema.org\",\"@graph\":[{\"@type\":\"Article\",\"@id\":\"https:\/\/evertonfc.cz\/index.php\/2010\/05\/31\/beckford-novym-hracem\/#article\",\"isPartOf\":{\"@id\":\"https:\/\/evertonfc.cz\/index.php\/2010\/05\/31\/beckford-novym-hracem\/\"},\"author\":{\"name\":\"Ri\u010di\",\"@id\":\"https:\/\/evertonfc.cz\/#\/schema\/person\/f7a5daedb2ffee98480bc70e191aaef1\"},\"headline\":\"Beckford nov\u00fdm hr\u00e1\u010dem\",\"datePublished\":\"2010-05-31T10:50:49+00:00\",\"dateModified\":\"2019-02-10T11:53:02+00:00\",\"mainEntityOfPage\":{\"@id\":\"https:\/\/evertonfc.cz\/index.php\/2010\/05\/31\/beckford-novym-hracem\/\"},\"wordCount\":511,\"commentCount\":0,\"publisher\":{\"@id\":\"https:\/\/evertonfc.cz\/#organization\"},\"image\":{\"@id\":\"https:\/\/evertonfc.cz\/index.php\/2010\/05\/31\/beckford-novym-hracem\/#primaryimage\"},\"thumbnailUrl\":\"https:\/\/evertonfc.cz\/wp-content\/uploads\/2019\/01\/transfer.jpg\",\"articleSection\":[\"P\u0159estupy\"],\"inLanguage\":\"cs\",\"potentialAction\":[{\"@type\":\"CommentAction\",\"name\":\"Comment\",\"target\":[\"https:\/\/evertonfc.cz\/index.php\/2010\/05\/31\/beckford-novym-hracem\/#respond\"]}]},{\"@type\":\"WebPage\",\"@id\":\"https:\/\/evertonfc.cz\/index.php\/2010\/05\/31\/beckford-novym-hracem\/\",\"url\":\"https:\/\/evertonfc.cz\/index.php\/2010\/05\/31\/beckford-novym-hracem\/\",\"name\":\"Beckford nov\u00fdm hr\u00e1\u010dem - Official Czech &amp; Slovak Everton Supporters&#039; Club\",\"isPartOf\":{\"@id\":\"https:\/\/evertonfc.cz\/#website\"},\"primaryImageOfPage\":{\"@id\":\"https:\/\/evertonfc.cz\/index.php\/2010\/05\/31\/beckford-novym-hracem\/#primaryimage\"},\"image\":{\"@id\":\"https:\/\/evertonfc.cz\/index.php\/2010\/05\/31\/beckford-novym-hracem\/#primaryimage\"},\"thumbnailUrl\":\"https:\/\/evertonfc.cz\/wp-content\/uploads\/2019\/01\/transfer.jpg\",\"datePublished\":\"2010-05-31T10:50:49+00:00\",\"dateModified\":\"2019-02-10T11:53:02+00:00\",\"breadcrumb\":{\"@id\":\"https:\/\/evertonfc.cz\/index.php\/2010\/05\/31\/beckford-novym-hracem\/#breadcrumb\"},\"inLanguage\":\"cs\",\"potentialAction\":[{\"@type\":\"ReadAction\",\"target\":[\"https:\/\/evertonfc.cz\/index.php\/2010\/05\/31\/beckford-novym-hracem\/\"]}]},{\"@type\":\"ImageObject\",\"inLanguage\":\"cs\",\"@id\":\"https:\/\/evertonfc.cz\/index.php\/2010\/05\/31\/beckford-novym-hracem\/#primaryimage\",\"url\":\"https:\/\/evertonfc.cz\/wp-content\/uploads\/2019\/01\/transfer.jpg\",\"contentUrl\":\"https:\/\/evertonfc.cz\/wp-content\/uploads\/2019\/01\/transfer.jpg\",\"width\":720,\"height\":405},{\"@type\":\"BreadcrumbList\",\"@id\":\"https:\/\/evertonfc.cz\/index.php\/2010\/05\/31\/beckford-novym-hracem\/#breadcrumb\",\"itemListElement\":[{\"@type\":\"ListItem\",\"position\":1,\"name\":\"Home\",\"item\":\"https:\/\/evertonfc.cz\/\"},{\"@type\":\"ListItem\",\"position\":2,\"name\":\"Beckford nov\u00fdm hr\u00e1\u010dem\"}]},{\"@type\":\"WebSite\",\"@id\":\"https:\/\/evertonfc.cz\/#website\",\"url\":\"https:\/\/evertonfc.cz\/\",\"name\":\"Official Czech &amp; Slovak Everton Supporters&#039; Club\",\"description\":\"\",\"publisher\":{\"@id\":\"https:\/\/evertonfc.cz\/#organization\"},\"potentialAction\":[{\"@type\":\"SearchAction\",\"target\":{\"@type\":\"EntryPoint\",\"urlTemplate\":\"https:\/\/evertonfc.cz\/?s={search_term_string}\"},\"query-input\":{\"@type\":\"PropertyValueSpecification\",\"valueRequired\":true,\"valueName\":\"search_term_string\"}}],\"inLanguage\":\"cs\"},{\"@type\":\"Organization\",\"@id\":\"https:\/\/evertonfc.cz\/#organization\",\"name\":\"Official Czech & Slovak Everton Supporters' Club\",\"url\":\"https:\/\/evertonfc.cz\/\",\"logo\":{\"@type\":\"ImageObject\",\"inLanguage\":\"cs\",\"@id\":\"https:\/\/evertonfc.cz\/#\/schema\/logo\/image\/\",\"url\":\"https:\/\/evertonfc.cz\/wp-content\/uploads\/2019\/05\/logo.png\",\"contentUrl\":\"https:\/\/evertonfc.cz\/wp-content\/uploads\/2019\/05\/logo.png\",\"width\":112,\"height\":112,\"caption\":\"Official Czech & Slovak Everton Supporters' Club\"},\"image\":{\"@id\":\"https:\/\/evertonfc.cz\/#\/schema\/logo\/image\/\"},\"sameAs\":[\"https:\/\/www.facebook.com\/everton.fans.cz.sk\"]},{\"@type\":\"Person\",\"@id\":\"https:\/\/evertonfc.cz\/#\/schema\/person\/f7a5daedb2ffee98480bc70e191aaef1\",\"name\":\"Ri\u010di\",\"sameAs\":[\"https:\/\/x.com\/rbrejsa\"],\"url\":\"https:\/\/evertonfc.cz\/index.php\/author\/rici\/\"}]}<\/script>\n<!-- \/ Yoast SEO plugin. -->","yoast_head_json":{"title":"Beckford nov\u00fdm hr\u00e1\u010dem - Official Czech &amp; Slovak Everton Supporters&#039; Club","robots":{"index":"index","follow":"follow","max-snippet":"max-snippet:-1","max-image-preview":"max-image-preview:large","max-video-preview":"max-video-preview:-1"},"canonical":"https:\/\/evertonfc.cz\/index.php\/2010\/05\/31\/beckford-novym-hracem\/","og_locale":"cs_CZ","og_type":"article","og_title":"Beckford nov\u00fdm hr\u00e1\u010dem - Official Czech &amp; Slovak Everton Supporters&#039; Club","og_description":"Jermain Beckford se stal druhou letn\u00ed posilou Evertonu. Anglick\u00fd hr\u00e1\u010d podepsal na Goodison Parku \u010dty\u0159let\u00fd kontrakt a klub nest\u00e1l nic,&hellip;","og_url":"https:\/\/evertonfc.cz\/index.php\/2010\/05\/31\/beckford-novym-hracem\/","og_site_name":"Official Czech &amp; Slovak Everton Supporters&#039; Club","article_publisher":"https:\/\/www.facebook.com\/everton.fans.cz.sk","article_published_time":"2010-05-31T10:50:49+00:00","article_modified_time":"2019-02-10T11:53:02+00:00","og_image":[{"width":720,"height":405,"url":"https:\/\/evertonfc.cz\/wp-content\/uploads\/2019\/01\/transfer.jpg","type":"image\/jpeg"}],"author":"Ri\u010di","twitter_card":"summary_large_image","twitter_creator":"@rbrejsa","twitter_misc":{"Napsal(a)":"Ri\u010di","Odhadovan\u00e1 doba \u010dten\u00ed":"3 minuty"},"schema":{"@context":"https:\/\/schema.org","@graph":[{"@type":"Article","@id":"https:\/\/evertonfc.cz\/index.php\/2010\/05\/31\/beckford-novym-hracem\/#article","isPartOf":{"@id":"https:\/\/evertonfc.cz\/index.php\/2010\/05\/31\/beckford-novym-hracem\/"},"author":{"name":"Ri\u010di","@id":"https:\/\/evertonfc.cz\/#\/schema\/person\/f7a5daedb2ffee98480bc70e191aaef1"},"headline":"Beckford nov\u00fdm hr\u00e1\u010dem","datePublished":"2010-05-31T10:50:49+00:00","dateModified":"2019-02-10T11:53:02+00:00","mainEntityOfPage":{"@id":"https:\/\/evertonfc.cz\/index.php\/2010\/05\/31\/beckford-novym-hracem\/"},"wordCount":511,"commentCount":0,"publisher":{"@id":"https:\/\/evertonfc.cz\/#organization"},"image":{"@id":"https:\/\/evertonfc.cz\/index.php\/2010\/05\/31\/beckford-novym-hracem\/#primaryimage"},"thumbnailUrl":"https:\/\/evertonfc.cz\/wp-content\/uploads\/2019\/01\/transfer.jpg","articleSection":["P\u0159estupy"],"inLanguage":"cs","potentialAction":[{"@type":"CommentAction","name":"Comment","target":["https:\/\/evertonfc.cz\/index.php\/2010\/05\/31\/beckford-novym-hracem\/#respond"]}]},{"@type":"WebPage","@id":"https:\/\/evertonfc.cz\/index.php\/2010\/05\/31\/beckford-novym-hracem\/","url":"https:\/\/evertonfc.cz\/index.php\/2010\/05\/31\/beckford-novym-hracem\/","name":"Beckford nov\u00fdm hr\u00e1\u010dem - Official Czech &amp; Slovak Everton Supporters&#039; Club","isPartOf":{"@id":"https:\/\/evertonfc.cz\/#website"},"primaryImageOfPage":{"@id":"https:\/\/evertonfc.cz\/index.php\/2010\/05\/31\/beckford-novym-hracem\/#primaryimage"},"image":{"@id":"https:\/\/evertonfc.cz\/index.php\/2010\/05\/31\/beckford-novym-hracem\/#primaryimage"},"thumbnailUrl":"https:\/\/evertonfc.cz\/wp-content\/uploads\/2019\/01\/transfer.jpg","datePublished":"2010-05-31T10:50:49+00:00","dateModified":"2019-02-10T11:53:02+00:00","breadcrumb":{"@id":"https:\/\/evertonfc.cz\/index.php\/2010\/05\/31\/beckford-novym-hracem\/#breadcrumb"},"inLanguage":"cs","potentialAction":[{"@type":"ReadAction","target":["https:\/\/evertonfc.cz\/index.php\/2010\/05\/31\/beckford-novym-hracem\/"]}]},{"@type":"ImageObject","inLanguage":"cs","@id":"https:\/\/evertonfc.cz\/index.php\/2010\/05\/31\/beckford-novym-hracem\/#primaryimage","url":"https:\/\/evertonfc.cz\/wp-content\/uploads\/2019\/01\/transfer.jpg","contentUrl":"https:\/\/evertonfc.cz\/wp-content\/uploads\/2019\/01\/transfer.jpg","width":720,"height":405},{"@type":"BreadcrumbList","@id":"https:\/\/evertonfc.cz\/index.php\/2010\/05\/31\/beckford-novym-hracem\/#breadcrumb","itemListElement":[{"@type":"ListItem","position":1,"name":"Home","item":"https:\/\/evertonfc.cz\/"},{"@type":"ListItem","position":2,"name":"Beckford nov\u00fdm hr\u00e1\u010dem"}]},{"@type":"WebSite","@id":"https:\/\/evertonfc.cz\/#website","url":"https:\/\/evertonfc.cz\/","name":"Official Czech &amp; Slovak Everton Supporters&#039; Club","description":"","publisher":{"@id":"https:\/\/evertonfc.cz\/#organization"},"potentialAction":[{"@type":"SearchAction","target":{"@type":"EntryPoint","urlTemplate":"https:\/\/evertonfc.cz\/?s={search_term_string}"},"query-input":{"@type":"PropertyValueSpecification","valueRequired":true,"valueName":"search_term_string"}}],"inLanguage":"cs"},{"@type":"Organization","@id":"https:\/\/evertonfc.cz\/#organization","name":"Official Czech & Slovak Everton Supporters' Club","url":"https:\/\/evertonfc.cz\/","logo":{"@type":"ImageObject","inLanguage":"cs","@id":"https:\/\/evertonfc.cz\/#\/schema\/logo\/image\/","url":"https:\/\/evertonfc.cz\/wp-content\/uploads\/2019\/05\/logo.png","contentUrl":"https:\/\/evertonfc.cz\/wp-content\/uploads\/2019\/05\/logo.png","width":112,"height":112,"caption":"Official Czech & Slovak Everton Supporters' Club"},"image":{"@id":"https:\/\/evertonfc.cz\/#\/schema\/logo\/image\/"},"sameAs":["https:\/\/www.facebook.com\/everton.fans.cz.sk"]},{"@type":"Person","@id":"https:\/\/evertonfc.cz\/#\/schema\/person\/f7a5daedb2ffee98480bc70e191aaef1","name":"Ri\u010di","sameAs":["https:\/\/x.com\/rbrejsa"],"url":"https:\/\/evertonfc.cz\/index.php\/author\/rici\/"}]}},"_links":{"self":[{"href":"https:\/\/evertonfc.cz\/index.php\/wp-json\/wp\/v2\/posts\/2852"}],"collection":[{"href":"https:\/\/evertonfc.cz\/index.php\/wp-json\/wp\/v2\/posts"}],"about":[{"href":"https:\/\/evertonfc.cz\/index.php\/wp-json\/wp\/v2\/types\/post"}],"author":[{"embeddable":true,"href":"https:\/\/evertonfc.cz\/index.php\/wp-json\/wp\/v2\/users\/6"}],"replies":[{"embeddable":true,"href":"https:\/\/evertonfc.cz\/index.php\/wp-json\/wp\/v2\/comments?post=2852"}],"version-history":[{"count":1,"href":"https:\/\/evertonfc.cz\/index.php\/wp-json\/wp\/v2\/posts\/2852\/revisions"}],"predecessor-version":[{"id":2853,"href":"https:\/\/evertonfc.cz\/index.php\/wp-json\/wp\/v2\/posts\/2852\/revisions\/2853"}],"wp:featuredmedia":[{"embeddable":true,"href":"https:\/\/evertonfc.cz\/index.php\/wp-json\/wp\/v2\/media\/1316"}],"wp:attachment":[{"href":"https:\/\/evertonfc.cz\/index.php\/wp-json\/wp\/v2\/media?parent=2852"}],"wp:term":[{"taxonomy":"category","embeddable":true,"href":"https:\/\/evertonfc.cz\/index.php\/wp-json\/wp\/v2\/categories?post=2852"},{"taxonomy":"post_tag","embeddable":true,"href":"https:\/\/evertonfc.cz\/index.php\/wp-json\/wp\/v2\/tags?post=2852"}],"curies":[{"name":"wp","href":"https:\/\/api.w.org\/{rel}","templated":true}]}}