{"id":28537,"date":"2026-03-14T14:40:07","date_gmt":"2026-03-14T13:40:07","guid":{"rendered":"https:\/\/evertonfc.cz\/?p=28537"},"modified":"2026-03-14T14:42:21","modified_gmt":"2026-03-14T13:42:21","slug":"preview-arsenal-everton-16","status":"publish","type":"post","link":"https:\/\/evertonfc.cz\/index.php\/2026\/03\/14\/preview-arsenal-everton-16\/","title":{"rendered":"Preview: Arsenal \u2013 Everton"},"content":{"rendered":"<h4>Karamelky sa po dvoch v\u00ed\u0165azstv\u00e1ch v rade vracaj\u00fa do akcie a \u010dak\u00e1 ich mo\u017eno najn\u00e1ro\u010dnej\u0161\u00ed test posledn\u00fdch t\u00fd\u017ed\u0148ov. Cestuj\u00fa do Lond\u00fdna, kde sa na Emirates Stadium stretn\u00fa s l\u00eddrom Premier League, The Gunners.<\/h4>\n<p>T\u00edm Davida Moyesa ide do z\u00e1pasu povzbuden\u00fd v\u00fdhrami nad Newcastlom a Burnley, pri\u010dom posledn\u00e9 v\u00ed\u0165azstvo 2:0 nad The Clarets bolo z\u00e1rove\u0148 prv\u00fdm dom\u00e1cim triumfom od za\u010diatku decembra. James Tarkowski otvoril sk\u00f3re po \u0161tandardnej situ\u00e1cii a Kiernan Dewsbury-Hall pridal poistku, \u010d\u00edm udr\u017eal Everton v hre o eur\u00f3pske poh\u00e1re. Po 29 kol\u00e1ch s\u00fa Toffees na 8. mieste so 43 bodmi, len bod za siedmym Brentfordom.<\/p>\n<p>Na piate a \u0161ieste miesto, ktor\u00e9 dr\u017eia Chelsea a\u00a0Liverpool, str\u00e1caj\u00fa p\u00e4\u0165 bodov. Do konca sez\u00f3ny zost\u00e1va dev\u00e4\u0165 z\u00e1pasov a EFC je st\u00e1le ve\u013emi re\u00e1lne v boji o\u00a0kontinent\u00e1lnu s\u00fa\u0165a\u017e. Jedn\u00fdm z d\u00f4vodov optimizmu je forma na ihrisk\u00e1ch s\u00faperov. Everton je vonku neporazen\u00fd u\u017e \u0161es\u0165 z\u00e1pasov a nazbieral tam a\u017e 24 bodov. Lep\u0161iu bilanciu maj\u00fa vonku v tejto sez\u00f3ne len Arsenal a Chelsea. Dobr\u00e1 spolo\u010dnos\u0165.<\/p>\n<p>Everton preto ide do Lond\u00fdna s\u00edce ako outsider, no jeho forma na ihrisk\u00e1ch s\u00faperov nazna\u010duje, \u017ee hostite\u013eov rozhodne ne\u010dak\u00e1 jednoduch\u00fd ve\u010der. Moyes pravdepodobne zvol\u00ed kompaktn\u00fd blok, ve\u013ea fyzick\u00fdch s\u00fabojov a d\u00f4raz na \u0161tandardn\u00e9 situ\u00e1cie. Z\u00e1pas tak sk\u00f4r ne\u017e futbalov\u00fd festival m\u00f4\u017ee pripom\u00edna\u0165 taktick\u00fa bitku o ka\u017ed\u00fd meter. A pr\u00e1ve v tak\u00fdchto z\u00e1pasoch u\u017e Everton v tejto sez\u00f3ne neraz dok\u00e1zal prekvapi\u0165.<\/p>\n<h4><strong>Gunners si str\u00e1\u017eia n\u00e1skok<\/strong><\/h4>\n<p>Arsenal ide do tohto stretnutia po rem\u00edze 1:1 s Bayerom Leverkusen v Lige majstrov, kde Kai Havertz vyrovnal z penalty v z\u00e1vere. V lige si v\u0161ak zverenci Mikela Artetu dr\u017eia prv\u00e9 miesto a postupne zbieraj\u00fa tesn\u00e9, no cenn\u00e9 v\u00ed\u0165azstv\u00e1. Naposledy nad Chelsea a Brightonom. Na Emirates s\u00fa navy\u0161e mimoriadne siln\u00ed.<\/p>\n<p>Od janu\u00e1rovej prehry s Manchesterom United vyhrali pred vlastn\u00fdmi fan\u00fa\u0161ikmi v\u0161etk\u00fdch p\u00e4\u0165 ligov\u00fdch z\u00e1pasov. Posledn\u00fd vz\u00e1jomn\u00fd duel skon\u010dil v\u00fdhrou Arsenalu 1:0 na Hill Dickinson Stadium, ke\u010f o v\u0161etkom rozhodol g\u00f3l Viktora Gy\u00f6keresa z penalty e\u0161te v prvom pol\u010dase za tlieskanie O\u00b4Briena. Dom\u00e1ci v dokoch v prvom pol\u010dase ani nevystrelili na br\u00e1nu. A to bol k dispoz\u00edcii e\u0161te vtedy aj Jack Grealish.<\/p>\n<p>O\u010dak\u00e1va sa, \u017ee tr\u00e9ner Arsenalu Mikel Arteta sa bude v sobot\u0148aj\u0161om z\u00e1pase zaob\u00eds\u0165 bez dvojice stredopoliarov Mikela Merina a Martina Odegaarda. Leandro Trossard podst\u00fapi neskor\u00fa prehliadku z\u00e1pasovej pripravenosti.<\/p>\n<h4><strong>Ot\u00e1znik menom Branthwaite<\/strong><\/h4>\n<p>Everton mal po v\u00ed\u0165azstve nad Burnley takmer desa\u0165 dn\u00ed oddychu, pri\u010dom \u010das\u0165 t\u00edmu absolvovala kr\u00e1tky tr\u00e9ningov\u00fd kemp v teplej\u0161om prostred\u00ed. Coleman by tak mohol by\u0165 sp\u00e4\u0165 na lavi\u010dke. St\u00e1le je v\u0161ak skoro pre Alcaraza. Pozornos\u0165 vzbudila absencia Jarrada Branthwaita, ktor\u00fd do Portugalska necestoval a zostal pracova\u0165 individu\u00e1lne. David Moyes v\u0161ak pred z\u00e1pasom uistil fan\u00fa\u0161ikov, \u017ee situ\u00e1cia nie je v\u00e1\u017ena.<\/p>\n<p><em>\u201eNie je ni\u010d nov\u00e9. D\u00fafame, \u017ee v\u0161etci bud\u00fa v poriadku a mysl\u00edme si, \u017ee Jarrad bude pripraven\u00fd,\u201c<\/em> povedal \u0161k\u00f3tsky mana\u017e\u00e9r na tla\u010dovej konferencii.<\/p>\n<p>Branthwaite v tejto sez\u00f3ne u\u017e nieko\u013ekokr\u00e1t bojoval so svalov\u00fdmi probl\u00e9mami a po oper\u00e1cii vynechal ve\u013ek\u00fa \u010das\u0165 ro\u010dn\u00edka. Moyes priznal, \u017ee klub mus\u00ed jeho z\u00e1\u0165a\u017e starostlivo kontrolova\u0165.<\/p>\n<p><em>\u201eNiekedy sa o hr\u00e1\u010dov mus\u00edte postara\u0165. D\u013a\u017eka Jarradovho zranenia znamenala, \u017ee mus\u00edme by\u0165 opatrn\u00ed. Je pre n\u00e1s ve\u013emi d\u00f4le\u017eit\u00fd hr\u00e1\u010d a chceme ho ma\u0165 fit na ka\u017ed\u00fd z\u00e1pas.\u201c<\/em><\/p>\n<p>V z\u00e1kulis\u00ed sa preto diskutuje aj o mo\u017enosti, \u017ee by proti Arsenalu nehral od za\u010diatku a Everton by sa spoliehal na dvojicu Keane \u2013 Tarkowski. Pri o\u010dak\u00e1vanom hlbokom obrannom bloku by tak\u00e1to zostava d\u00e1vala takticky zmysel. Branthwaite je toti\u017e jedn\u00fdm z najcennej\u0161\u00edch akt\u00edv klubu. Elegantn\u00fd \u013eavonoh\u00fd stop\u00e9r s v\u00fdbornou pr\u00e1cou s loptou, r\u00fdchlos\u0165ou aj dominanciou vo vzduchu by mal by\u0165 pravideln\u00fdm reprezentantom Anglicka.<\/p>\n<p>Probl\u00e9mom v\u0161ak zost\u00e1va jeho zdravotn\u00e1 hist\u00f3ria \u2013 od prelomu sez\u00f3ny 2023\/24 ho pribrzdilo u\u017e nieko\u013eko stredne v\u00e1\u017enych zranen\u00ed. Pre Everton je preto prioritou dosta\u0165 ho bezpe\u010dne do konca sez\u00f3ny, preto\u017ee ak chce t\u00edm bojova\u0165 o Eur\u00f3pu, potrebuje svojho najlep\u0161ieho obrancu v \u010do najlep\u0161ej forme.<\/p>\n<h4><strong>Ovplynil Moyes Artetu?<\/strong><\/h4>\n<p>Sk\u00fa\u0161ka na Emirates m\u00e1 aj zauj\u00edmav\u00fd pr\u00edbeh na lavi\u010dk\u00e1ch. Mikel Arteta je dnes jedn\u00fdm z najuzn\u00e1vanej\u0161\u00edch tr\u00e9nerov v Eur\u00f3pe, no jeho futbalov\u00e9 formovanie je \u00fazko spojen\u00e9 pr\u00e1ve s Davidom Moyesom. Ke\u010f Arteta v roku 2020 prevzal Arsenal, mnoh\u00ed o\u010dak\u00e1vali, \u017ee prinesie \u201emini verziu\u201c futbalu Pepa Guardiolu, u ktor\u00e9ho p\u00f4sobil ako asistent v Manchesteri City. A v prv\u00fdch rokoch to tak aj vyzeralo.<\/p>\n<p>Arsenal sa sna\u017eil dominova\u0165 dr\u017ean\u00edm lopty a trpezlivou v\u00fdstavbou. Postupne sa v\u0161ak Artetov t\u00edm vyvinul. Arsenal s\u00edce st\u00e1le patr\u00ed medzi mu\u017estv\u00e1 s najvy\u0161\u0161\u00edm dr\u017ean\u00edm lopty v lige, no dne\u0161n\u00e1 Premier League je \u010doraz viac o fyzickosti, organiz\u00e1cii a\u00a0detailoch. Najm\u00e4 o \u0161tandardn\u00fdch situ\u00e1ci\u00e1ch. A pr\u00e1ve tu je c\u00edti\u0165 Moyesov vplyv.<\/p>\n<p>Arteta str\u00e1vil svoje najlep\u0161ie hr\u00e1\u010dske roky pr\u00e1ve v Evertone pod veden\u00edm \u0161k\u00f3tskeho mana\u017e\u00e9ra. Moyes z neho postupne vyformoval stredopoliara, ktor\u00fd sa stal jedn\u00fdm z najlep\u0161\u00edch playmakerov v lige. Dnes Arsenal patr\u00ed medzi najlep\u0161ie t\u00edmy v Eur\u00f3pe v \u0161tandardk\u00e1ch a z\u00e1rove\u0148 m\u00e1 jednu z najpevnej\u0161\u00edch defenz\u00edv. To je filozofia, ktor\u00e1 m\u00e1 bli\u017e\u0161ie k pragmatizmu Moyesa ne\u017e k \u010dist\u00e9mu \u201eguardiolovsk\u00e9mu\u201c futbalu.<\/p>\n<p>Samozrejme, Arteta m\u00e1 k dispoz\u00edcii ove\u013ea kvalitnej\u0161\u00ed a drah\u0161\u00ed k\u00e1der. Arsenal po\u010das jeho \u00e9ry v\u00fdrazne investoval a dnes m\u00e1 \u0161pi\u010dkov\u00fdch hr\u00e1\u010dov prakticky na ka\u017edom poste. O to v\u00e4\u010d\u0161\u00ed je tlak na v\u00fdsledky \u2013 ak by klub v tejto sez\u00f3ne titul nez\u00edskal, \u010das\u0165 fan\u00fa\u0161ikov by mohla za\u010da\u0165 pochybova\u0165. Zatia\u013e v\u0161ak v\u0161etko smeruje spr\u00e1vnym smerom: Arsenal vedie ligu so sedembodov\u00fdm n\u00e1skokom a je v podstate najkonzistentnej\u0161\u00ed.<\/p>\n<p>Navy\u0161e, je vo fin\u00e1le Ligov\u00e9ho poh\u00e1ra, vo \u0161tvr\u0165fin\u00e1le FA Cupu a dominoval aj v ligovej f\u00e1ze Ligy majstrov. Arteta m\u00e1 proti Moyesovi pozit\u00edvnu bilanciu \u2013 vyhral sedem z jeden\u00e1stich ligov\u00fdch duelov. \u0160k\u00f3t v\u0161ak ur\u010dite r\u00e1d dok\u00e1\u017ee, \u017ee star\u00fd majster e\u0161te st\u00e1le vie prekab\u00e1ti\u0165, alebo aspo\u0148 potr\u00e1pi\u0165 svojho b\u00fdval\u00e9ho zverenca.<\/p>\n<h4><strong>Moyes: brzdi\u0165 nebudeme<\/strong><\/h4>\n<p>Do konca sez\u00f3ny zost\u00e1va dev\u00e4\u0165 z\u00e1pasov a Everton m\u00e1 st\u00e1le re\u00e1lnu \u0161ancu prebojova\u0165 sa do Eur\u00f3py. Moyes v\u0161ak odmieta, \u017ee by jeho t\u00edm po dvoch v\u00fdhrach zvo\u013enil tempo. \u0160k\u00f3tsky mana\u017e\u00e9r z\u00e1rove\u0148 pouk\u00e1zal na zlep\u0161uj\u00facu sa formu viacer\u00fdch hr\u00e1\u010dov.<\/p>\n<blockquote><p><span style=\"font-size: 12pt;\"><em>\u201eM\u00e1me pred sebou dev\u00e4\u0165 z\u00e1pasov a mus\u00edme pokra\u010dova\u0165. Noha z plynu nep\u00f4jde dole. Sprav\u00edme v\u0161etko pre to, aby sme hr\u00e1\u010dov pripravili \u010do najlep\u0161ie. <\/em><em>Vid\u00edme v\u00fdrazne lep\u0161ie v\u00fdkony Iliho (Ndiayeho) aj Ganu po n\u00e1vrate z Africk\u00e9ho poh\u00e1ra n\u00e1rodov. Kiernan Dewsbury-Hall sa tie\u017e postupne vracia do formy po zranen\u00ed. Ke\u010f sa t\u00edto hr\u00e1\u010di dost\u00e1vaj\u00fa sp\u00e4\u0165 na svoju \u00farove\u0148, pom\u00e1ha n\u00e1m to n\u00e1js\u0165 rytmus.\u201c<\/em><\/span><\/p><\/blockquote>\n<p>Everton pod\u013ea Moyesa st\u00e1le h\u013ead\u00e1 ide\u00e1lnu rovnov\u00e1hu v zostave po tom, \u010do sez\u00f3nu pred\u010dasne ukon\u010dilo zranenie Jacka Grealisha. Z\u00e1rove\u0148 v\u0161ak zd\u00f4raznil, \u017ee \u00fato\u010dn\u00edci musia za\u010da\u0165 prin\u00e1\u0161a\u0165 viac g\u00f3lov. Barry aj Beto.<\/p>\n<h4><strong>Beto a ve\u010dn\u00e1 dilema hrotov\u00e9ho \u00fato\u010dn\u00edka<\/strong><\/h4>\n<p>Everton m\u00e1 s h\u013eadan\u00edm spo\u013eahliv\u00e9ho kanoniera dlhodob\u00fd probl\u00e9m. Od \u010dias Romelua Lukakua klub nemal skuto\u010dne elitn\u00e9ho strelca. Beto je v tomto smere zauj\u00edmav\u00fdm pr\u00edpadom. \u0160tatistiky ukazuj\u00fa, \u017ee dlhodobo nedosahuje o\u010dak\u00e1van\u00fd po\u010det g\u00f3lov vzh\u013eadom na kvalitu \u0161anc\u00ed. Po\u010das p\u00f4sobenia v Evertone strelil pribli\u017ene o \u0161es\u0165 g\u00f3lov menej, ne\u017e by nazna\u010dovalo jeho xG. V tejto sez\u00f3ne m\u00e1 \u0161tyri ligov\u00e9 g\u00f3ly zo 6.45 xG.<\/p>\n<p>Na druhej strane sa pravidelne dost\u00e1va do dobr\u00fdch poz\u00edci\u00ed. A pr\u00e1ve to pova\u017euj\u00fa analytici za mimoriadne cenn\u00fa vlastnos\u0165. Majite\u013e Brentfordu Matthew Benham ned\u00e1vno uviedol pr\u00edklad z\u00e1pasu proti Evertonu, v ktorom Beto nepremenil tri samostatn\u00e9 n\u00e1jazdy.<\/p>\n<blockquote><p><span style=\"font-size: 12pt;\"><em>\u201eKa\u017ed\u00fd dobr\u00fd d\u00e1tov\u00fd model by mu za tak\u00fd z\u00e1pas dal kredit. Pri n\u00e1jazde je \u0161anca pribli\u017ene 50 na 50. Aj ke\u010f ich nepremen\u00ed, fakt, \u017ee sa do nich dost\u00e1va, je pre n\u00e1s ve\u013emi d\u00f4le\u017eit\u00fd.\u201c<\/em><\/span><\/p><\/blockquote>\n<p>Everton m\u00e1 pritom v \u00fatoku aj Thierna Barryho, ktor\u00fd je v tejto sez\u00f3ne efekt\u00edvnej\u0161\u00ed \u2013 strelil \u0161es\u0165 g\u00f3lov zo 6.14 xG. Barry v\u0161ak odohral v\u00fdrazne viac min\u00fat a st\u00e1le sa u\u010d\u00ed, \u010do znamen\u00e1 hra\u0165 na tejto \u00farovni. Beto je in\u00fd typ \u00fato\u010dn\u00edka \u2013 \u010dasto chaotick\u00fd, technicky nedokonal\u00fd, no ne\u00fanavn\u00fd a schopn\u00fd \u201evy\u0148ucha\u0165\u201c chybu obrany \u010di brank\u00e1ra. Jeho g\u00f3ly proti Brightonu \u010di Newcastlu pri\u0161li pr\u00e1ve z tak\u00fdch situ\u00e1ci\u00ed.<\/p>\n<p>Zost\u00e1va tak dilema: spo\u013eahn\u00fa\u0165 sa na mlad\u0161ieho, systematickej\u0161ieho Barryho, alebo na Betovu schopnos\u0165 dosta\u0165 sa k \u0161anciam. Mo\u017eno m\u00e1 Benham pravdu. \u00dato\u010dn\u00edk, ktor\u00fd sa pravidelne dost\u00e1va do zakon\u010den\u00ed, m\u00e1 v\u017edy hodnotu. Ak Beto dok\u00e1\u017ee zlep\u0161i\u0165 koncovku aspo\u0148 o p\u00e1r percent, m\u00f4\u017ee by\u0165 e\u0161te v z\u00e1vere sez\u00f3ny ve\u013emi u\u017eito\u010dn\u00fd.<\/p>\n<h3 style=\"text-align: center;\"><span style=\"color: #3366ff;\"><strong><em>Up The Toffees !!!<\/em><\/strong><\/span><\/h3>\n<p><strong>\u010co:<\/strong> Arsenal FC \u2013 \u00a0Everton FC, 30. kolo Premier League<br \/>\n<strong>Kedy:<\/strong>\u00a014.3. 2026 od 18:30 SE\u010c<br \/>\n<strong>Ako:<\/strong>\u00a0priamy prenos so \u0161t\u00fadiom na Canal+ Sport od 18:00, komentuje Jarom\u00edr Bos\u00e1k<br \/>\n<strong>Kde:<\/strong>\u00a0Emirates Stadium \u2013 Hornsey Rd, Lond\u00fdn N7 7AJ (kapacita: 60\u00a0704)<br \/>\n<strong>Rozhodca:<\/strong>\u00a0Andy Madley<strong> \u00a0<\/strong><strong>Asistenti:<\/strong>\u00a0S. Long, C. Taylor<strong> \u00a0<\/strong><strong>\u0160tvrt\u00fd rozhodca:<\/strong>\u00a0J. Busby<br \/>\n<strong>VAR:\u00a0<\/strong>Stuart Attwell<strong> \u00a0<\/strong><strong>Asistent VAR:\u00a0<\/strong>Constantine Hatzidakis<\/p>\n","protected":false},"excerpt":{"rendered":"<p>Karamelky sa po dvoch v\u00ed\u0165azstv\u00e1ch v rade vracaj\u00fa do akcie a \u010dak\u00e1 ich mo\u017eno najn\u00e1ro\u010dnej\u0161\u00ed test posledn\u00fdch t\u00fd\u017ed\u0148ov. Cestuj\u00fa do Lond\u00fdna, kde sa na Emirates Stadium stretn\u00fa s l\u00eddrom Premier League, The Gunners.<\/p>\n","protected":false},"author":1,"featured_media":15084,"comment_status":"open","ping_status":"closed","sticky":false,"template":"","format":"standard","meta":{"_eb_attr":"","_monsterinsights_skip_tracking":false,"_monsterinsights_sitenote_active":false,"_monsterinsights_sitenote_note":"","_monsterinsights_sitenote_category":0,"footnotes":""},"categories":[4],"tags":[],"yoast_head":"<!-- This site is optimized with the Yoast SEO plugin v23.4 - https:\/\/yoast.com\/wordpress\/plugins\/seo\/ -->\n<title>Preview: Arsenal \u2013 Everton - Official Czech &amp; Slovak Everton Supporters&#039; Club<\/title>\n<meta name=\"robots\" content=\"index, follow, max-snippet:-1, max-image-preview:large, max-video-preview:-1\" \/>\n<link rel=\"canonical\" href=\"https:\/\/evertonfc.cz\/index.php\/2026\/03\/14\/preview-arsenal-everton-16\/\" \/>\n<meta property=\"og:locale\" content=\"cs_CZ\" \/>\n<meta property=\"og:type\" content=\"article\" \/>\n<meta property=\"og:title\" content=\"Preview: Arsenal \u2013 Everton - Official Czech &amp; Slovak Everton Supporters&#039; Club\" \/>\n<meta property=\"og:description\" content=\"Karamelky sa po dvoch v\u00ed\u0165azstv\u00e1ch v rade vracaj\u00fa do akcie a \u010dak\u00e1 ich mo\u017eno najn\u00e1ro\u010dnej\u0161\u00ed test posledn\u00fdch t\u00fd\u017ed\u0148ov. Cestuj\u00fa do Lond\u00fdna, kde sa na Emirates Stadium stretn\u00fa s l\u00eddrom Premier League, The Gunners.\" \/>\n<meta property=\"og:url\" content=\"https:\/\/evertonfc.cz\/index.php\/2026\/03\/14\/preview-arsenal-everton-16\/\" \/>\n<meta property=\"og:site_name\" content=\"Official Czech &amp; Slovak Everton Supporters&#039; Club\" \/>\n<meta property=\"article:publisher\" content=\"https:\/\/www.facebook.com\/everton.fans.cz.sk\" \/>\n<meta property=\"article:published_time\" content=\"2026-03-14T13:40:07+00:00\" \/>\n<meta property=\"article:modified_time\" content=\"2026-03-14T13:42:21+00:00\" \/>\n<meta property=\"og:image\" content=\"https:\/\/evertonfc.cz\/wp-content\/uploads\/2021\/04\/Arsenal-VS-Everton.jpg\" \/>\n\t<meta property=\"og:image:width\" content=\"720\" \/>\n\t<meta property=\"og:image:height\" content=\"405\" \/>\n\t<meta property=\"og:image:type\" content=\"image\/jpeg\" \/>\n<meta name=\"author\" content=\"BlueBlooded\" \/>\n<meta name=\"twitter:card\" content=\"summary_large_image\" \/>\n<meta name=\"twitter:label1\" content=\"Napsal(a)\" \/>\n\t<meta name=\"twitter:data1\" content=\"BlueBlooded\" \/>\n\t<meta name=\"twitter:label2\" content=\"Odhadovan\u00e1 doba \u010dten\u00ed\" \/>\n\t<meta name=\"twitter:data2\" content=\"7 minut\" \/>\n<script type=\"application\/ld+json\" class=\"yoast-schema-graph\">{\"@context\":\"https:\/\/schema.org\",\"@graph\":[{\"@type\":\"Article\",\"@id\":\"https:\/\/evertonfc.cz\/index.php\/2026\/03\/14\/preview-arsenal-everton-16\/#article\",\"isPartOf\":{\"@id\":\"https:\/\/evertonfc.cz\/index.php\/2026\/03\/14\/preview-arsenal-everton-16\/\"},\"author\":{\"name\":\"BlueBlooded\",\"@id\":\"https:\/\/evertonfc.cz\/#\/schema\/person\/d4493b8cbea51532597fbc4685698916\"},\"headline\":\"Preview: Arsenal \u2013 Everton\",\"datePublished\":\"2026-03-14T13:40:07+00:00\",\"dateModified\":\"2026-03-14T13:42:21+00:00\",\"mainEntityOfPage\":{\"@id\":\"https:\/\/evertonfc.cz\/index.php\/2026\/03\/14\/preview-arsenal-everton-16\/\"},\"wordCount\":1732,\"commentCount\":0,\"publisher\":{\"@id\":\"https:\/\/evertonfc.cz\/#organization\"},\"image\":{\"@id\":\"https:\/\/evertonfc.cz\/index.php\/2026\/03\/14\/preview-arsenal-everton-16\/#primaryimage\"},\"thumbnailUrl\":\"https:\/\/evertonfc.cz\/wp-content\/uploads\/2021\/04\/Arsenal-VS-Everton.jpg\",\"articleSection\":[\"Z\u00e1pasy\"],\"inLanguage\":\"cs\",\"potentialAction\":[{\"@type\":\"CommentAction\",\"name\":\"Comment\",\"target\":[\"https:\/\/evertonfc.cz\/index.php\/2026\/03\/14\/preview-arsenal-everton-16\/#respond\"]}]},{\"@type\":\"WebPage\",\"@id\":\"https:\/\/evertonfc.cz\/index.php\/2026\/03\/14\/preview-arsenal-everton-16\/\",\"url\":\"https:\/\/evertonfc.cz\/index.php\/2026\/03\/14\/preview-arsenal-everton-16\/\",\"name\":\"Preview: Arsenal \u2013 Everton - Official Czech &amp; Slovak Everton Supporters&#039; Club\",\"isPartOf\":{\"@id\":\"https:\/\/evertonfc.cz\/#website\"},\"primaryImageOfPage\":{\"@id\":\"https:\/\/evertonfc.cz\/index.php\/2026\/03\/14\/preview-arsenal-everton-16\/#primaryimage\"},\"image\":{\"@id\":\"https:\/\/evertonfc.cz\/index.php\/2026\/03\/14\/preview-arsenal-everton-16\/#primaryimage\"},\"thumbnailUrl\":\"https:\/\/evertonfc.cz\/wp-content\/uploads\/2021\/04\/Arsenal-VS-Everton.jpg\",\"datePublished\":\"2026-03-14T13:40:07+00:00\",\"dateModified\":\"2026-03-14T13:42:21+00:00\",\"breadcrumb\":{\"@id\":\"https:\/\/evertonfc.cz\/index.php\/2026\/03\/14\/preview-arsenal-everton-16\/#breadcrumb\"},\"inLanguage\":\"cs\",\"potentialAction\":[{\"@type\":\"ReadAction\",\"target\":[\"https:\/\/evertonfc.cz\/index.php\/2026\/03\/14\/preview-arsenal-everton-16\/\"]}]},{\"@type\":\"ImageObject\",\"inLanguage\":\"cs\",\"@id\":\"https:\/\/evertonfc.cz\/index.php\/2026\/03\/14\/preview-arsenal-everton-16\/#primaryimage\",\"url\":\"https:\/\/evertonfc.cz\/wp-content\/uploads\/2021\/04\/Arsenal-VS-Everton.jpg\",\"contentUrl\":\"https:\/\/evertonfc.cz\/wp-content\/uploads\/2021\/04\/Arsenal-VS-Everton.jpg\",\"width\":720,\"height\":405},{\"@type\":\"BreadcrumbList\",\"@id\":\"https:\/\/evertonfc.cz\/index.php\/2026\/03\/14\/preview-arsenal-everton-16\/#breadcrumb\",\"itemListElement\":[{\"@type\":\"ListItem\",\"position\":1,\"name\":\"Home\",\"item\":\"https:\/\/evertonfc.cz\/\"},{\"@type\":\"ListItem\",\"position\":2,\"name\":\"Preview: Arsenal \u2013 Everton\"}]},{\"@type\":\"WebSite\",\"@id\":\"https:\/\/evertonfc.cz\/#website\",\"url\":\"https:\/\/evertonfc.cz\/\",\"name\":\"Official Czech &amp; Slovak Everton Supporters&#039; Club\",\"description\":\"\",\"publisher\":{\"@id\":\"https:\/\/evertonfc.cz\/#organization\"},\"potentialAction\":[{\"@type\":\"SearchAction\",\"target\":{\"@type\":\"EntryPoint\",\"urlTemplate\":\"https:\/\/evertonfc.cz\/?s={search_term_string}\"},\"query-input\":{\"@type\":\"PropertyValueSpecification\",\"valueRequired\":true,\"valueName\":\"search_term_string\"}}],\"inLanguage\":\"cs\"},{\"@type\":\"Organization\",\"@id\":\"https:\/\/evertonfc.cz\/#organization\",\"name\":\"Official Czech & Slovak Everton Supporters' Club\",\"url\":\"https:\/\/evertonfc.cz\/\",\"logo\":{\"@type\":\"ImageObject\",\"inLanguage\":\"cs\",\"@id\":\"https:\/\/evertonfc.cz\/#\/schema\/logo\/image\/\",\"url\":\"https:\/\/evertonfc.cz\/wp-content\/uploads\/2019\/05\/logo.png\",\"contentUrl\":\"https:\/\/evertonfc.cz\/wp-content\/uploads\/2019\/05\/logo.png\",\"width\":112,\"height\":112,\"caption\":\"Official Czech & Slovak Everton Supporters' Club\"},\"image\":{\"@id\":\"https:\/\/evertonfc.cz\/#\/schema\/logo\/image\/\"},\"sameAs\":[\"https:\/\/www.facebook.com\/everton.fans.cz.sk\"]},{\"@type\":\"Person\",\"@id\":\"https:\/\/evertonfc.cz\/#\/schema\/person\/d4493b8cbea51532597fbc4685698916\",\"name\":\"BlueBlooded\",\"url\":\"https:\/\/evertonfc.cz\/index.php\/author\/admin\/\"}]}<\/script>\n<!-- \/ Yoast SEO plugin. -->","yoast_head_json":{"title":"Preview: Arsenal \u2013 Everton - Official Czech &amp; Slovak Everton Supporters&#039; Club","robots":{"index":"index","follow":"follow","max-snippet":"max-snippet:-1","max-image-preview":"max-image-preview:large","max-video-preview":"max-video-preview:-1"},"canonical":"https:\/\/evertonfc.cz\/index.php\/2026\/03\/14\/preview-arsenal-everton-16\/","og_locale":"cs_CZ","og_type":"article","og_title":"Preview: Arsenal \u2013 Everton - Official Czech &amp; Slovak Everton Supporters&#039; Club","og_description":"Karamelky sa po dvoch v\u00ed\u0165azstv\u00e1ch v rade vracaj\u00fa do akcie a \u010dak\u00e1 ich mo\u017eno najn\u00e1ro\u010dnej\u0161\u00ed test posledn\u00fdch t\u00fd\u017ed\u0148ov. Cestuj\u00fa do Lond\u00fdna, kde sa na Emirates Stadium stretn\u00fa s l\u00eddrom Premier League, The Gunners.","og_url":"https:\/\/evertonfc.cz\/index.php\/2026\/03\/14\/preview-arsenal-everton-16\/","og_site_name":"Official Czech &amp; Slovak Everton Supporters&#039; Club","article_publisher":"https:\/\/www.facebook.com\/everton.fans.cz.sk","article_published_time":"2026-03-14T13:40:07+00:00","article_modified_time":"2026-03-14T13:42:21+00:00","og_image":[{"width":720,"height":405,"url":"https:\/\/evertonfc.cz\/wp-content\/uploads\/2021\/04\/Arsenal-VS-Everton.jpg","type":"image\/jpeg"}],"author":"BlueBlooded","twitter_card":"summary_large_image","twitter_misc":{"Napsal(a)":"BlueBlooded","Odhadovan\u00e1 doba \u010dten\u00ed":"7 minut"},"schema":{"@context":"https:\/\/schema.org","@graph":[{"@type":"Article","@id":"https:\/\/evertonfc.cz\/index.php\/2026\/03\/14\/preview-arsenal-everton-16\/#article","isPartOf":{"@id":"https:\/\/evertonfc.cz\/index.php\/2026\/03\/14\/preview-arsenal-everton-16\/"},"author":{"name":"BlueBlooded","@id":"https:\/\/evertonfc.cz\/#\/schema\/person\/d4493b8cbea51532597fbc4685698916"},"headline":"Preview: Arsenal \u2013 Everton","datePublished":"2026-03-14T13:40:07+00:00","dateModified":"2026-03-14T13:42:21+00:00","mainEntityOfPage":{"@id":"https:\/\/evertonfc.cz\/index.php\/2026\/03\/14\/preview-arsenal-everton-16\/"},"wordCount":1732,"commentCount":0,"publisher":{"@id":"https:\/\/evertonfc.cz\/#organization"},"image":{"@id":"https:\/\/evertonfc.cz\/index.php\/2026\/03\/14\/preview-arsenal-everton-16\/#primaryimage"},"thumbnailUrl":"https:\/\/evertonfc.cz\/wp-content\/uploads\/2021\/04\/Arsenal-VS-Everton.jpg","articleSection":["Z\u00e1pasy"],"inLanguage":"cs","potentialAction":[{"@type":"CommentAction","name":"Comment","target":["https:\/\/evertonfc.cz\/index.php\/2026\/03\/14\/preview-arsenal-everton-16\/#respond"]}]},{"@type":"WebPage","@id":"https:\/\/evertonfc.cz\/index.php\/2026\/03\/14\/preview-arsenal-everton-16\/","url":"https:\/\/evertonfc.cz\/index.php\/2026\/03\/14\/preview-arsenal-everton-16\/","name":"Preview: Arsenal \u2013 Everton - Official Czech &amp; Slovak Everton Supporters&#039; Club","isPartOf":{"@id":"https:\/\/evertonfc.cz\/#website"},"primaryImageOfPage":{"@id":"https:\/\/evertonfc.cz\/index.php\/2026\/03\/14\/preview-arsenal-everton-16\/#primaryimage"},"image":{"@id":"https:\/\/evertonfc.cz\/index.php\/2026\/03\/14\/preview-arsenal-everton-16\/#primaryimage"},"thumbnailUrl":"https:\/\/evertonfc.cz\/wp-content\/uploads\/2021\/04\/Arsenal-VS-Everton.jpg","datePublished":"2026-03-14T13:40:07+00:00","dateModified":"2026-03-14T13:42:21+00:00","breadcrumb":{"@id":"https:\/\/evertonfc.cz\/index.php\/2026\/03\/14\/preview-arsenal-everton-16\/#breadcrumb"},"inLanguage":"cs","potentialAction":[{"@type":"ReadAction","target":["https:\/\/evertonfc.cz\/index.php\/2026\/03\/14\/preview-arsenal-everton-16\/"]}]},{"@type":"ImageObject","inLanguage":"cs","@id":"https:\/\/evertonfc.cz\/index.php\/2026\/03\/14\/preview-arsenal-everton-16\/#primaryimage","url":"https:\/\/evertonfc.cz\/wp-content\/uploads\/2021\/04\/Arsenal-VS-Everton.jpg","contentUrl":"https:\/\/evertonfc.cz\/wp-content\/uploads\/2021\/04\/Arsenal-VS-Everton.jpg","width":720,"height":405},{"@type":"BreadcrumbList","@id":"https:\/\/evertonfc.cz\/index.php\/2026\/03\/14\/preview-arsenal-everton-16\/#breadcrumb","itemListElement":[{"@type":"ListItem","position":1,"name":"Home","item":"https:\/\/evertonfc.cz\/"},{"@type":"ListItem","position":2,"name":"Preview: Arsenal \u2013 Everton"}]},{"@type":"WebSite","@id":"https:\/\/evertonfc.cz\/#website","url":"https:\/\/evertonfc.cz\/","name":"Official Czech &amp; Slovak Everton Supporters&#039; Club","description":"","publisher":{"@id":"https:\/\/evertonfc.cz\/#organization"},"potentialAction":[{"@type":"SearchAction","target":{"@type":"EntryPoint","urlTemplate":"https:\/\/evertonfc.cz\/?s={search_term_string}"},"query-input":{"@type":"PropertyValueSpecification","valueRequired":true,"valueName":"search_term_string"}}],"inLanguage":"cs"},{"@type":"Organization","@id":"https:\/\/evertonfc.cz\/#organization","name":"Official Czech & Slovak Everton Supporters' Club","url":"https:\/\/evertonfc.cz\/","logo":{"@type":"ImageObject","inLanguage":"cs","@id":"https:\/\/evertonfc.cz\/#\/schema\/logo\/image\/","url":"https:\/\/evertonfc.cz\/wp-content\/uploads\/2019\/05\/logo.png","contentUrl":"https:\/\/evertonfc.cz\/wp-content\/uploads\/2019\/05\/logo.png","width":112,"height":112,"caption":"Official Czech & Slovak Everton Supporters' Club"},"image":{"@id":"https:\/\/evertonfc.cz\/#\/schema\/logo\/image\/"},"sameAs":["https:\/\/www.facebook.com\/everton.fans.cz.sk"]},{"@type":"Person","@id":"https:\/\/evertonfc.cz\/#\/schema\/person\/d4493b8cbea51532597fbc4685698916","name":"BlueBlooded","url":"https:\/\/evertonfc.cz\/index.php\/author\/admin\/"}]}},"_links":{"self":[{"href":"https:\/\/evertonfc.cz\/index.php\/wp-json\/wp\/v2\/posts\/28537"}],"collection":[{"href":"https:\/\/evertonfc.cz\/index.php\/wp-json\/wp\/v2\/posts"}],"about":[{"href":"https:\/\/evertonfc.cz\/index.php\/wp-json\/wp\/v2\/types\/post"}],"author":[{"embeddable":true,"href":"https:\/\/evertonfc.cz\/index.php\/wp-json\/wp\/v2\/users\/1"}],"replies":[{"embeddable":true,"href":"https:\/\/evertonfc.cz\/index.php\/wp-json\/wp\/v2\/comments?post=28537"}],"version-history":[{"count":5,"href":"https:\/\/evertonfc.cz\/index.php\/wp-json\/wp\/v2\/posts\/28537\/revisions"}],"predecessor-version":[{"id":28542,"href":"https:\/\/evertonfc.cz\/index.php\/wp-json\/wp\/v2\/posts\/28537\/revisions\/28542"}],"wp:featuredmedia":[{"embeddable":true,"href":"https:\/\/evertonfc.cz\/index.php\/wp-json\/wp\/v2\/media\/15084"}],"wp:attachment":[{"href":"https:\/\/evertonfc.cz\/index.php\/wp-json\/wp\/v2\/media?parent=28537"}],"wp:term":[{"taxonomy":"category","embeddable":true,"href":"https:\/\/evertonfc.cz\/index.php\/wp-json\/wp\/v2\/categories?post=28537"},{"taxonomy":"post_tag","embeddable":true,"href":"https:\/\/evertonfc.cz\/index.php\/wp-json\/wp\/v2\/tags?post=28537"}],"curies":[{"name":"wp","href":"https:\/\/api.w.org\/{rel}","templated":true}]}}