{"id":28544,"date":"2026-03-15T12:22:37","date_gmt":"2026-03-15T11:22:37","guid":{"rendered":"https:\/\/evertonfc.cz\/?p=28544"},"modified":"2026-03-15T19:45:34","modified_gmt":"2026-03-15T18:45:34","slug":"arsenal-everton-20-4","status":"publish","type":"post","link":"https:\/\/evertonfc.cz\/index.php\/2026\/03\/15\/arsenal-everton-20-4\/","title":{"rendered":"Arsenal &#8211; Everton 2:0"},"content":{"rendered":"<h4>Jim ten titul u\u017e dejte, a\u0165 to skon\u010d\u00ed. Everton dok\u00e1zal na p\u016fd\u011b kandid\u00e1ta titulu odehr\u00e1t vyrovnanou partii s nevesel\u00fdm koncem.<\/h4>\n<p>Dom\u00e1c\u00ed se nedostali po cel\u00fd z\u00e1pas do v\u00e1\u017en\u011bj\u0161\u00ed p\u0159\u00edle\u017eitosti, aby nakonec z\u00edskali vysn\u011bn\u00e9 body po snad jedin\u00e9m zav\u00e1h\u00e1n\u00ed zadn\u00edch \u0159ad Toffees. Arsenal si vyb\u00edr\u00e1 naspo\u0159en\u00e9 \u0161t\u011bst\u00ed z minulosti i s \u00faroky. Nutno dodat, \u017ee t\u00edha okam\u017eiku na bedrech Gunners se mus\u00ed v na\u0161ich soudech tak\u00e9 zohlednit. Ale i tak Toffees zaslou\u017e\u00ed velk\u00e9 uzn\u00e1n\u00ed za odveden\u00fd v\u00fdkon.<\/p>\n<p>Moyes se u\u017e p\u0159ed startem musel vypo\u0159\u00e1dat s n\u00e1hlou absenc\u00ed kapit\u00e1na Tarkowskiho. Poprv\u00e9 v t\u00e9to sez\u00f3n\u011b. Prok\u00e1zala se kompaktnost t\u00fdmu, kter\u00fd se s absenc\u00ed vypo\u0159\u00e1dal dob\u0159e. Vedle Keanea zastupuj\u00edc\u00edho nedol\u00e9\u010den\u00e9ho Branthwaitea jako v tetrisu zaplul O\u2019Brien, jeho zastoupil napravo Garner a jeho m\u00edsto ve st\u0159edu p\u0159evzal Iroegbunam. Zm\u011bny zapadly hladce.<\/p>\n<h4>Prvn\u00ed polo\u010das<\/h4>\n<p>Ji\u017e po n\u011bkolik\u00e1t\u00e9 zah\u00e1jil hru Everton sv\u00edc\u00ed, ve stylu \u201enechejme je to pod\u011blat\u201c. Tentokr\u00e1t se chytil Rice, kdy\u017e si nev\u0161iml, \u017ee je v\u00a0souboji s\u00a0Iroegbunamem a ten mu vyzul kopa\u010dku. Arsenal kontroval svou hrou na rohy, ale obrana Toffees se s\u00a0t\u00edm dvakr\u00e1t popasovala, nu chvalitebn\u011b. P\u0159i druh\u00e9m pokusu se toti\u017e m\u00ed\u010d vr\u00e1til do v\u00e1pna, ale Calafiori v\u00fdzvu od spoluhr\u00e1\u010de p\u0159esp\u0159\u00edli\u0161 podebral.<\/p>\n<p>Pickford se brilantn\u011b v\u00a0podd\u0159epu nat\u00e1hl k\u00a0hlavi\u010dce Saky. Zbyte\u010dn\u011b, Saka byl mimo hru. Tak jako skoro cel\u00fd z\u00e1pas. Host\u00e9 se dob\u0159e vypo\u0159\u00e1dali s\u00a0k\u0159\u00eddeln\u00edky soupe\u0159e a za\u010dali se tak\u00e9 osm\u011blovat. Ndiaye se hbit\u011b uvolnil na k\u0159\u00eddle. Centr pozdravil Raya, st\u00e1hl si ho McNeil a sv\u00e9ho brank\u00e1\u0159e zastoupil sek\u00e1\u010d Calafiori. Jeho dlouh\u00e1 noha vyst\u0159elila v\u010das nad hlavu.<\/p>\n<p>Mo\u017enost zprvu dohr\u00e1t akci zhatila Iroegbunamova hloup\u00e1 p\u0159ihr\u00e1vka na nikoho. Jen\u017ee Everton udr\u017eel momentum, McNeil se dost\u00e1v\u00e1 do sv\u00e9 nejlep\u0161\u00ed formy. Vyu\u017eil praskliny v\u00a0defenziv\u011b Gunners a jeho trademark r\u00e1na leva\u010dkou uhodila na Rayovu \u017er\u010f. Odra\u017een\u00fd m\u00ed\u010d zas\u00e1hl Ndiayeho, ale p\u0159\u00edpadn\u00e9 pohotov\u011bj\u0161\u00ed zakon\u010den\u00ed by beztak bylo odvol\u00e1no.<\/p>\n<p>Raya se nudit nemohl, tentokr\u00e1t ji\u017e natr\u017eenou obranou vyp\u00e1lil KDH a Raya se pou\u010dil z pape\u017eovy chyby a dal si z\u00e1le\u017eet, aby vyr\u00e1\u017eel pokus co nejv\u00edce do strany. P\u0159esto dostal Rice mo\u017enost vyt\u00e1hnout se z p\u0159\u00edm\u011bho kopu, ale narazil do zdi. Pro zran\u011bn\u00ed odstoupil Timber a Mosquera mu ur\u010dit\u011b za p\u0159\u00edle\u017eitost br\u00e1nit Ndiayeho ned\u011bkoval. Arsenal p\u016fsobil mal\u00e1tn\u011b. Raya p\u0159i boxov\u00e1n\u00ed necht\u00edc nap\u00e1lil Salibu. Alespo\u0148 n\u011bkdo potrestal Salibu za bezuzdn\u00e9 dr\u017een\u00ed Beta p\u00e1r moment\u016f p\u0159ed t\u00edm.<\/p>\n<h4>Druh\u00fd polo\u010das<\/h4>\n<p>Everton op\u011bt p\u0159ipnul Rayovi met\u00e1l. \u0160pan\u011blsk\u00fd brank\u00e1\u0159 vyst\u0159elil sv\u016fj beton k\u00a0ty\u010di proti pohotov\u00e9mu zakon\u010den\u00ed Beta. To n\u00e1sledovalo po rohov\u00e9m kopu Garnera a McNeilov\u011b posunut\u00ed. Na pom\u011bry Evertonu tolik \u0161anc\u00ed a nic z toho. Kyvadlo se od te\u010f ale p\u0159esouvalo na polovinu modr\u00fdch.<\/p>\n<p>Saka vyp\u00e1lil p\u0159\u00edzemn\u00ed r\u00e1nu, Pickford m\u011bl pokryto, ale m\u00ed\u010d se pov\u00e1\u017eliv\u011b potuloval p\u0159ed brankou. Arsenal se nedok\u00e1zal p\u0159es obrann\u00fd val dostat k dal\u0161\u00edm v\u00e1\u017en\u011bj\u0161\u00edm hrozb\u00e1m. Eze, Calafiori nebo Gabriel tak p\u00e1lili z \u00factyhodn\u00e9 d\u00e1lky. Na druh\u00e9 stran\u011b je\u0161t\u011b zahrozil Keane nebo n\u011bkdo Keanem vyveden\u00fd z komfortn\u00ed z\u00f3ny, m\u00ed\u010d ale zapadl jen vedle branky.<\/p>\n<p>Arteta prost\u0159\u00eddal. Po h\u0159i\u0161ti ji\u017e plou\u017eili Gy\u00f6keres a Martinelli, kdy\u017e na lev\u00e9m beku za\u010dal l\u00e9tat Hincapi\u00e9 a Zubimendiho nahradil Dowman. Nezd\u00e1lo se ale, \u017ee by to byl ten spr\u00e1vn\u00fd recept. Moyes op\u011bt vy\u010dk\u00e1val. Dvacet minut p\u0159ed koncem sice poslal do hry Barryho, ale tomu nevy\u0161lo p\u00e1r souboj\u016f a vytratil se a\u017e do neviditelnosti. A\u017e p\u00e1r minutek p\u0159ed koncem se dal sv\u00e9st Moyes k v\u011bt\u0161\u00edm zm\u011bn\u00e1m a na h\u0159i\u0161ti se objevili R\u00f6hl s Armstrongem.<\/p>\n<p>Velk\u00e1 nervozita na stadionu u\u017e pomalu p\u0159ech\u00e1zela do f\u00e1ze sm\u00ed\u0159en\u00ed se s\u00a0osudem. Nev\u00fdrazn\u00fd tlak p\u0159eci jen na\u0161el cestu skrz. Dowman odcentroval a Pickford mo\u017en\u00e1 zbyte\u010dn\u011b, mo\u017en\u00e1 pozd\u011b vyb\u011bhl a m\u00ed\u010d jen pohladil. Ten p\u0159ist\u00e1l v\u00a0kl\u00edn\u011b Hincapi\u00e9mu a Ekv\u00e1dorec u\u017easle sledoval, jak se odr\u00e1\u017e\u00ed Gy\u00f6keresovi p\u0159ed pr\u00e1zdnou kasu \u2013 <strong>1:0<\/strong>. V\u00fdborn\u00fd v\u00fdkon poka\u017een\u00fd jako kdy\u017e ud\u011bl\u00e1te hrubku v\u00a0posledn\u00ed v\u011bt\u011b dikt\u00e1tu.<\/p>\n<p>Pickford se sna\u017eil napravit sv\u00e9 zav\u00e1h\u00e1n\u00ed, nezvykle \u0161el na posledn\u00ed roh do v\u00e1pna soupe\u0159e, ale tam vlastn\u011b jen odst\u00ednoval souboj s Martinellim, snad si nebyl jist\u00fd, zda i tady m\u016f\u017ee rukama. M\u00ed\u010d si \u0161ikovn\u011b postr\u010dil hlavou za Mykolenka Dowman a pak u\u017e mu sta\u010dilo udr\u017eet rychlost a dov\u00e9st m\u00ed\u010d p\u0159es cel\u00e9 h\u0159i\u0161t\u011b do pr\u00e1zdn\u00e9 branky. Nikdo z pron\u00e1sledovatel\u016f mu nesta\u010dil \u2013 <strong>2:0<\/strong>.<\/p>\n<h4>Shrnut\u00ed<\/h4>\n<p>Smutn\u00e9 na tom je, \u017ee o 200 dn\u00ed p\u0159ekonal v\u00edce ne\u017e 20let\u00fd rekord Jamese Vaughana v\u00a0tabulce nejmlad\u0161\u00edch st\u0159elc\u016f Premier League. Mou bolest m\u00edrn\u00ed fakt, \u017ee si nep\u0159eji, aby City je\u0161t\u011b chytli slinu. Taky na Pickforda se zlobit nedok\u00e1\u017eu. Tolik slibn\u00fdch \u0161anc\u00ed ale Everton na Emirates u\u017e dlouho nem\u011bl. Artetovi spadl o\u010dividn\u011b k\u00e1men ze srdce, na tiskovce z\u00e1\u0159il jako slun\u00ed\u010dko. Moyes, naopak zklaman\u00fd a unaven\u00fd, odtrhl heroick\u00e9 z\u00e1kroky Rayy a Calafioriho.<\/p>\n<p style=\"text-align: right;\"><span style=\"font-size: 8pt;\">fotozdroj: toffeeweb.com\u00a0 \u00a0<\/span><\/p>\n<p><strong>Branky<\/strong>: 89\u2018 Gy\u00f6keres, 90+7\u2018 Dowman<\/p>\n<p>Bez karet<\/p>\n<p><strong>Dr\u017een\u00ed<\/strong> <strong>m\u00ed\u010de<\/strong>: 64% &#8211; 36% <strong>St\u0159ely\/na branku<\/strong>: 25\/7 \u2013 9\/3 <strong>Rohy<\/strong>: 8 \u2013 3 <strong>xG<\/strong>: 2,70 \u2013 1,05<\/p>\n<p><strong>Arsenal<\/strong>: Raya \u2013 Timber (38\u2018 Mosquera), Saliba, Gabriel, Calafiori (74\u2018 Hincapie) \u2013 Rice, Zubimendi (74\u2018 Dowman) \u2013 Saka, Eze, Madueke(61\u2018 Martinelli) \u2013 Havertz (61\u2018 Gy\u00f6keres)<\/p>\n<p><strong>Everton<\/strong>: Pickford \u2013 Garner, O\u2019Brien, Keane, Mykoleno \u2013 Iroegbunam (86\u2018 R\u00f6hl), Gueye (90+5\u2018 George) \u2013 McNeil (86\u2018 Amrstrong), Dewsbury-Hall, Ndiaye \u2013 Beto (69\u2018 Barry)<\/p>\n<p><strong>Rozhod\u010d\u00ed<\/strong>: Andy Madley <strong>Div\u00e1k\u016f<\/strong>: 60 176<\/p>\n","protected":false},"excerpt":{"rendered":"<p>Jim ten titul u\u017e dejte, a\u0165 to skon\u010d\u00ed. Everton dok\u00e1zal na p\u016fd\u011b kandid\u00e1ta titulu odehr\u00e1t vyrovnanou partii s\u00a0nevesel\u00fdm koncem.<\/p>\n","protected":false},"author":10,"featured_media":28543,"comment_status":"open","ping_status":"closed","sticky":false,"template":"","format":"standard","meta":{"_eb_attr":"","_monsterinsights_skip_tracking":false,"_monsterinsights_sitenote_active":false,"_monsterinsights_sitenote_note":"","_monsterinsights_sitenote_category":0,"footnotes":""},"categories":[4],"tags":[],"yoast_head":"<!-- This site is optimized with the Yoast SEO plugin v23.4 - https:\/\/yoast.com\/wordpress\/plugins\/seo\/ -->\n<title>Arsenal - Everton 2:0 - Official Czech &amp; Slovak Everton Supporters&#039; Club<\/title>\n<meta name=\"robots\" content=\"index, follow, max-snippet:-1, max-image-preview:large, max-video-preview:-1\" \/>\n<link rel=\"canonical\" href=\"https:\/\/evertonfc.cz\/index.php\/2026\/03\/15\/arsenal-everton-20-4\/\" \/>\n<meta property=\"og:locale\" content=\"cs_CZ\" \/>\n<meta property=\"og:type\" content=\"article\" \/>\n<meta property=\"og:title\" content=\"Arsenal - Everton 2:0 - Official Czech &amp; Slovak Everton Supporters&#039; Club\" \/>\n<meta property=\"og:description\" content=\"Jim ten titul u\u017e dejte, a\u0165 to skon\u010d\u00ed. Everton dok\u00e1zal na p\u016fd\u011b kandid\u00e1ta titulu odehr\u00e1t vyrovnanou partii s\u00a0nevesel\u00fdm koncem.\" \/>\n<meta property=\"og:url\" content=\"https:\/\/evertonfc.cz\/index.php\/2026\/03\/15\/arsenal-everton-20-4\/\" \/>\n<meta property=\"og:site_name\" content=\"Official Czech &amp; Slovak Everton Supporters&#039; Club\" \/>\n<meta property=\"article:publisher\" content=\"https:\/\/www.facebook.com\/everton.fans.cz.sk\" \/>\n<meta property=\"article:published_time\" content=\"2026-03-15T11:22:37+00:00\" \/>\n<meta property=\"article:modified_time\" content=\"2026-03-15T18:45:34+00:00\" \/>\n<meta property=\"og:image\" content=\"https:\/\/evertonfc.cz\/wp-content\/uploads\/2026\/03\/arsenal_mcneil.jpg\" \/>\n\t<meta property=\"og:image:width\" content=\"720\" \/>\n\t<meta property=\"og:image:height\" content=\"405\" \/>\n\t<meta property=\"og:image:type\" content=\"image\/jpeg\" \/>\n<meta name=\"author\" content=\"Fip\" \/>\n<meta name=\"twitter:card\" content=\"summary_large_image\" \/>\n<meta name=\"twitter:label1\" content=\"Napsal(a)\" \/>\n\t<meta name=\"twitter:data1\" content=\"Fip\" \/>\n\t<meta name=\"twitter:label2\" content=\"Odhadovan\u00e1 doba \u010dten\u00ed\" \/>\n\t<meta name=\"twitter:data2\" content=\"5 minut\" \/>\n<script type=\"application\/ld+json\" class=\"yoast-schema-graph\">{\"@context\":\"https:\/\/schema.org\",\"@graph\":[{\"@type\":\"Article\",\"@id\":\"https:\/\/evertonfc.cz\/index.php\/2026\/03\/15\/arsenal-everton-20-4\/#article\",\"isPartOf\":{\"@id\":\"https:\/\/evertonfc.cz\/index.php\/2026\/03\/15\/arsenal-everton-20-4\/\"},\"author\":{\"name\":\"Fip\",\"@id\":\"https:\/\/evertonfc.cz\/#\/schema\/person\/35904009755e8eaa0dc1a5f5f0419002\"},\"headline\":\"Arsenal &#8211; Everton 2:0\",\"datePublished\":\"2026-03-15T11:22:37+00:00\",\"dateModified\":\"2026-03-15T18:45:34+00:00\",\"mainEntityOfPage\":{\"@id\":\"https:\/\/evertonfc.cz\/index.php\/2026\/03\/15\/arsenal-everton-20-4\/\"},\"wordCount\":1042,\"commentCount\":4,\"publisher\":{\"@id\":\"https:\/\/evertonfc.cz\/#organization\"},\"image\":{\"@id\":\"https:\/\/evertonfc.cz\/index.php\/2026\/03\/15\/arsenal-everton-20-4\/#primaryimage\"},\"thumbnailUrl\":\"https:\/\/evertonfc.cz\/wp-content\/uploads\/2026\/03\/arsenal_mcneil.jpg\",\"articleSection\":[\"Z\u00e1pasy\"],\"inLanguage\":\"cs\",\"potentialAction\":[{\"@type\":\"CommentAction\",\"name\":\"Comment\",\"target\":[\"https:\/\/evertonfc.cz\/index.php\/2026\/03\/15\/arsenal-everton-20-4\/#respond\"]}]},{\"@type\":\"WebPage\",\"@id\":\"https:\/\/evertonfc.cz\/index.php\/2026\/03\/15\/arsenal-everton-20-4\/\",\"url\":\"https:\/\/evertonfc.cz\/index.php\/2026\/03\/15\/arsenal-everton-20-4\/\",\"name\":\"Arsenal - Everton 2:0 - Official Czech &amp; Slovak Everton Supporters&#039; Club\",\"isPartOf\":{\"@id\":\"https:\/\/evertonfc.cz\/#website\"},\"primaryImageOfPage\":{\"@id\":\"https:\/\/evertonfc.cz\/index.php\/2026\/03\/15\/arsenal-everton-20-4\/#primaryimage\"},\"image\":{\"@id\":\"https:\/\/evertonfc.cz\/index.php\/2026\/03\/15\/arsenal-everton-20-4\/#primaryimage\"},\"thumbnailUrl\":\"https:\/\/evertonfc.cz\/wp-content\/uploads\/2026\/03\/arsenal_mcneil.jpg\",\"datePublished\":\"2026-03-15T11:22:37+00:00\",\"dateModified\":\"2026-03-15T18:45:34+00:00\",\"breadcrumb\":{\"@id\":\"https:\/\/evertonfc.cz\/index.php\/2026\/03\/15\/arsenal-everton-20-4\/#breadcrumb\"},\"inLanguage\":\"cs\",\"potentialAction\":[{\"@type\":\"ReadAction\",\"target\":[\"https:\/\/evertonfc.cz\/index.php\/2026\/03\/15\/arsenal-everton-20-4\/\"]}]},{\"@type\":\"ImageObject\",\"inLanguage\":\"cs\",\"@id\":\"https:\/\/evertonfc.cz\/index.php\/2026\/03\/15\/arsenal-everton-20-4\/#primaryimage\",\"url\":\"https:\/\/evertonfc.cz\/wp-content\/uploads\/2026\/03\/arsenal_mcneil.jpg\",\"contentUrl\":\"https:\/\/evertonfc.cz\/wp-content\/uploads\/2026\/03\/arsenal_mcneil.jpg\",\"width\":720,\"height\":405},{\"@type\":\"BreadcrumbList\",\"@id\":\"https:\/\/evertonfc.cz\/index.php\/2026\/03\/15\/arsenal-everton-20-4\/#breadcrumb\",\"itemListElement\":[{\"@type\":\"ListItem\",\"position\":1,\"name\":\"Home\",\"item\":\"https:\/\/evertonfc.cz\/\"},{\"@type\":\"ListItem\",\"position\":2,\"name\":\"Arsenal &#8211; Everton 2:0\"}]},{\"@type\":\"WebSite\",\"@id\":\"https:\/\/evertonfc.cz\/#website\",\"url\":\"https:\/\/evertonfc.cz\/\",\"name\":\"Official Czech &amp; Slovak Everton Supporters&#039; Club\",\"description\":\"\",\"publisher\":{\"@id\":\"https:\/\/evertonfc.cz\/#organization\"},\"potentialAction\":[{\"@type\":\"SearchAction\",\"target\":{\"@type\":\"EntryPoint\",\"urlTemplate\":\"https:\/\/evertonfc.cz\/?s={search_term_string}\"},\"query-input\":{\"@type\":\"PropertyValueSpecification\",\"valueRequired\":true,\"valueName\":\"search_term_string\"}}],\"inLanguage\":\"cs\"},{\"@type\":\"Organization\",\"@id\":\"https:\/\/evertonfc.cz\/#organization\",\"name\":\"Official Czech & Slovak Everton Supporters' Club\",\"url\":\"https:\/\/evertonfc.cz\/\",\"logo\":{\"@type\":\"ImageObject\",\"inLanguage\":\"cs\",\"@id\":\"https:\/\/evertonfc.cz\/#\/schema\/logo\/image\/\",\"url\":\"https:\/\/evertonfc.cz\/wp-content\/uploads\/2019\/05\/logo.png\",\"contentUrl\":\"https:\/\/evertonfc.cz\/wp-content\/uploads\/2019\/05\/logo.png\",\"width\":112,\"height\":112,\"caption\":\"Official Czech & Slovak Everton Supporters' Club\"},\"image\":{\"@id\":\"https:\/\/evertonfc.cz\/#\/schema\/logo\/image\/\"},\"sameAs\":[\"https:\/\/www.facebook.com\/everton.fans.cz.sk\"]},{\"@type\":\"Person\",\"@id\":\"https:\/\/evertonfc.cz\/#\/schema\/person\/35904009755e8eaa0dc1a5f5f0419002\",\"name\":\"Fip\",\"url\":\"https:\/\/evertonfc.cz\/index.php\/author\/fip\/\"}]}<\/script>\n<!-- \/ Yoast SEO plugin. -->","yoast_head_json":{"title":"Arsenal - Everton 2:0 - Official Czech &amp; Slovak Everton Supporters&#039; Club","robots":{"index":"index","follow":"follow","max-snippet":"max-snippet:-1","max-image-preview":"max-image-preview:large","max-video-preview":"max-video-preview:-1"},"canonical":"https:\/\/evertonfc.cz\/index.php\/2026\/03\/15\/arsenal-everton-20-4\/","og_locale":"cs_CZ","og_type":"article","og_title":"Arsenal - Everton 2:0 - Official Czech &amp; Slovak Everton Supporters&#039; Club","og_description":"Jim ten titul u\u017e dejte, a\u0165 to skon\u010d\u00ed. Everton dok\u00e1zal na p\u016fd\u011b kandid\u00e1ta titulu odehr\u00e1t vyrovnanou partii s\u00a0nevesel\u00fdm koncem.","og_url":"https:\/\/evertonfc.cz\/index.php\/2026\/03\/15\/arsenal-everton-20-4\/","og_site_name":"Official Czech &amp; Slovak Everton Supporters&#039; Club","article_publisher":"https:\/\/www.facebook.com\/everton.fans.cz.sk","article_published_time":"2026-03-15T11:22:37+00:00","article_modified_time":"2026-03-15T18:45:34+00:00","og_image":[{"width":720,"height":405,"url":"https:\/\/evertonfc.cz\/wp-content\/uploads\/2026\/03\/arsenal_mcneil.jpg","type":"image\/jpeg"}],"author":"Fip","twitter_card":"summary_large_image","twitter_misc":{"Napsal(a)":"Fip","Odhadovan\u00e1 doba \u010dten\u00ed":"5 minut"},"schema":{"@context":"https:\/\/schema.org","@graph":[{"@type":"Article","@id":"https:\/\/evertonfc.cz\/index.php\/2026\/03\/15\/arsenal-everton-20-4\/#article","isPartOf":{"@id":"https:\/\/evertonfc.cz\/index.php\/2026\/03\/15\/arsenal-everton-20-4\/"},"author":{"name":"Fip","@id":"https:\/\/evertonfc.cz\/#\/schema\/person\/35904009755e8eaa0dc1a5f5f0419002"},"headline":"Arsenal &#8211; Everton 2:0","datePublished":"2026-03-15T11:22:37+00:00","dateModified":"2026-03-15T18:45:34+00:00","mainEntityOfPage":{"@id":"https:\/\/evertonfc.cz\/index.php\/2026\/03\/15\/arsenal-everton-20-4\/"},"wordCount":1042,"commentCount":4,"publisher":{"@id":"https:\/\/evertonfc.cz\/#organization"},"image":{"@id":"https:\/\/evertonfc.cz\/index.php\/2026\/03\/15\/arsenal-everton-20-4\/#primaryimage"},"thumbnailUrl":"https:\/\/evertonfc.cz\/wp-content\/uploads\/2026\/03\/arsenal_mcneil.jpg","articleSection":["Z\u00e1pasy"],"inLanguage":"cs","potentialAction":[{"@type":"CommentAction","name":"Comment","target":["https:\/\/evertonfc.cz\/index.php\/2026\/03\/15\/arsenal-everton-20-4\/#respond"]}]},{"@type":"WebPage","@id":"https:\/\/evertonfc.cz\/index.php\/2026\/03\/15\/arsenal-everton-20-4\/","url":"https:\/\/evertonfc.cz\/index.php\/2026\/03\/15\/arsenal-everton-20-4\/","name":"Arsenal - Everton 2:0 - Official Czech &amp; Slovak Everton Supporters&#039; Club","isPartOf":{"@id":"https:\/\/evertonfc.cz\/#website"},"primaryImageOfPage":{"@id":"https:\/\/evertonfc.cz\/index.php\/2026\/03\/15\/arsenal-everton-20-4\/#primaryimage"},"image":{"@id":"https:\/\/evertonfc.cz\/index.php\/2026\/03\/15\/arsenal-everton-20-4\/#primaryimage"},"thumbnailUrl":"https:\/\/evertonfc.cz\/wp-content\/uploads\/2026\/03\/arsenal_mcneil.jpg","datePublished":"2026-03-15T11:22:37+00:00","dateModified":"2026-03-15T18:45:34+00:00","breadcrumb":{"@id":"https:\/\/evertonfc.cz\/index.php\/2026\/03\/15\/arsenal-everton-20-4\/#breadcrumb"},"inLanguage":"cs","potentialAction":[{"@type":"ReadAction","target":["https:\/\/evertonfc.cz\/index.php\/2026\/03\/15\/arsenal-everton-20-4\/"]}]},{"@type":"ImageObject","inLanguage":"cs","@id":"https:\/\/evertonfc.cz\/index.php\/2026\/03\/15\/arsenal-everton-20-4\/#primaryimage","url":"https:\/\/evertonfc.cz\/wp-content\/uploads\/2026\/03\/arsenal_mcneil.jpg","contentUrl":"https:\/\/evertonfc.cz\/wp-content\/uploads\/2026\/03\/arsenal_mcneil.jpg","width":720,"height":405},{"@type":"BreadcrumbList","@id":"https:\/\/evertonfc.cz\/index.php\/2026\/03\/15\/arsenal-everton-20-4\/#breadcrumb","itemListElement":[{"@type":"ListItem","position":1,"name":"Home","item":"https:\/\/evertonfc.cz\/"},{"@type":"ListItem","position":2,"name":"Arsenal &#8211; Everton 2:0"}]},{"@type":"WebSite","@id":"https:\/\/evertonfc.cz\/#website","url":"https:\/\/evertonfc.cz\/","name":"Official Czech &amp; Slovak Everton Supporters&#039; Club","description":"","publisher":{"@id":"https:\/\/evertonfc.cz\/#organization"},"potentialAction":[{"@type":"SearchAction","target":{"@type":"EntryPoint","urlTemplate":"https:\/\/evertonfc.cz\/?s={search_term_string}"},"query-input":{"@type":"PropertyValueSpecification","valueRequired":true,"valueName":"search_term_string"}}],"inLanguage":"cs"},{"@type":"Organization","@id":"https:\/\/evertonfc.cz\/#organization","name":"Official Czech & Slovak Everton Supporters' Club","url":"https:\/\/evertonfc.cz\/","logo":{"@type":"ImageObject","inLanguage":"cs","@id":"https:\/\/evertonfc.cz\/#\/schema\/logo\/image\/","url":"https:\/\/evertonfc.cz\/wp-content\/uploads\/2019\/05\/logo.png","contentUrl":"https:\/\/evertonfc.cz\/wp-content\/uploads\/2019\/05\/logo.png","width":112,"height":112,"caption":"Official Czech & Slovak Everton Supporters' Club"},"image":{"@id":"https:\/\/evertonfc.cz\/#\/schema\/logo\/image\/"},"sameAs":["https:\/\/www.facebook.com\/everton.fans.cz.sk"]},{"@type":"Person","@id":"https:\/\/evertonfc.cz\/#\/schema\/person\/35904009755e8eaa0dc1a5f5f0419002","name":"Fip","url":"https:\/\/evertonfc.cz\/index.php\/author\/fip\/"}]}},"_links":{"self":[{"href":"https:\/\/evertonfc.cz\/index.php\/wp-json\/wp\/v2\/posts\/28544"}],"collection":[{"href":"https:\/\/evertonfc.cz\/index.php\/wp-json\/wp\/v2\/posts"}],"about":[{"href":"https:\/\/evertonfc.cz\/index.php\/wp-json\/wp\/v2\/types\/post"}],"author":[{"embeddable":true,"href":"https:\/\/evertonfc.cz\/index.php\/wp-json\/wp\/v2\/users\/10"}],"replies":[{"embeddable":true,"href":"https:\/\/evertonfc.cz\/index.php\/wp-json\/wp\/v2\/comments?post=28544"}],"version-history":[{"count":3,"href":"https:\/\/evertonfc.cz\/index.php\/wp-json\/wp\/v2\/posts\/28544\/revisions"}],"predecessor-version":[{"id":28552,"href":"https:\/\/evertonfc.cz\/index.php\/wp-json\/wp\/v2\/posts\/28544\/revisions\/28552"}],"wp:featuredmedia":[{"embeddable":true,"href":"https:\/\/evertonfc.cz\/index.php\/wp-json\/wp\/v2\/media\/28543"}],"wp:attachment":[{"href":"https:\/\/evertonfc.cz\/index.php\/wp-json\/wp\/v2\/media?parent=28544"}],"wp:term":[{"taxonomy":"category","embeddable":true,"href":"https:\/\/evertonfc.cz\/index.php\/wp-json\/wp\/v2\/categories?post=28544"},{"taxonomy":"post_tag","embeddable":true,"href":"https:\/\/evertonfc.cz\/index.php\/wp-json\/wp\/v2\/tags?post=28544"}],"curies":[{"name":"wp","href":"https:\/\/api.w.org\/{rel}","templated":true}]}}