{"id":28546,"date":"2026-03-16T00:35:06","date_gmt":"2026-03-15T23:35:06","guid":{"rendered":"https:\/\/evertonfc.cz\/?p=28546"},"modified":"2026-03-21T14:24:06","modified_gmt":"2026-03-21T13:24:06","slug":"tottenham-w-everton-w-12","status":"publish","type":"post","link":"https:\/\/evertonfc.cz\/index.php\/2026\/03\/16\/tottenham-w-everton-w-12\/","title":{"rendered":"Tottenham W &#8211; Everton W 1:2"},"content":{"rendered":"<h4>Tottenham je letos ve v\u00fdborn\u00e9 form\u011b, v tabulce je p\u00e1t\u00fd a evropsk\u00e9 sout\u011b\u017ee m\u00e1 na dohled. N\u00e1m se s nov\u00fdm do\u010dasn\u00fdm mana\u017eerem tak\u00e9 vede a r\u00e1di bychom prodlou\u017eili \u0161\u0148\u016fru vyhran\u00fdch ligov\u00fdch z\u00e1pas\u016f. P\u0159edz\u00e1pasov\u00e1 o\u010dek\u00e1v\u00e1n\u00ed tedy na obou stran\u00e1ch byla zna\u010dn\u00e1.<\/h4>\n<p>Skon\u010dila reprezenat\u010dn\u00ed pauza, ale Asijsk\u00fd poh\u00e1r st\u00e1le b\u011b\u017e\u00ed. Pro n\u00e1s to znamenalo absenci Wheeler, Hayashi, Kitagawy a Ishikawy, kter\u00e9 v n\u011bm reprezentuj\u00ed sv\u00e9 zem\u011b, p\u0159esn\u011bji Austr\u00e1lii a Japonsko. Ishikawa si nav\u00edc p\u0159i pln\u011bn\u00ed reprezenta\u010dn\u00edch povinnost\u00ed zranila kotn\u00edk, tak\u017ee bohu\u017eel n\u00e1m bude chyb\u011bt zat\u00edm nespecifikovanou del\u0161\u00ed dobu. Reprezentovalo se i v U23, kde se st\u0159etly Mace a van Gool v roli kapit\u00e1nek sv\u00fdch v\u00fdb\u011br\u016f (vz\u00e1jemn\u00e9 utk\u00e1n\u00ed skon\u010dilo sm\u00edrn\u011b 1:1), ty ov\u0161em u\u017e\u00a0 pro z\u00e1pas k dispozici byly. Pro \u00faplnost zmi\u0148me i povol\u00e1n\u00ed k p\u0159\u00edslu\u0161n\u00fdm v\u00fdb\u011br\u016fm pro Kram\u017ear, Vignolu a Gabarro.\u00a0 Rovn\u011b\u017e Tottenham byl v z\u00e1kladn\u00ed sestav\u011b oslaben, kdy\u017e se musel obej\u00edt bez sv\u00fdch asijsko-oce\u00e1nsk\u00fdch reprezentantek Hunt, Hamano a Kogy.<\/p>\n<h4>Prvn\u00ed polo\u010das<\/h4>\n<p>Aktivita pat\u0159ila dom\u00e1c\u00edm, ale po prvn\u00ed p\u016fli jsme se p\u0159esto radovali my. V sestav\u011b byla Payne, tak\u017ee nen\u00ed divu, \u017ee \u0159ada na\u0161ich akc\u00ed \u0161la p\u0159es pravou stranu a jej\u00ed rychl\u00e9 nohy. Zejm\u00e9na Vignola j\u00ed serv\u00edrovala lah\u016fdkov\u00e9 p\u0159ihr\u00e1vky, kter\u00e9 bohu\u017eel z\u016fstaly nevyu\u017eit\u00e9. Payne dnes nem\u011bla st\u0159elecky \u00fasp\u011b\u0161n\u00fd den, i tak\u0159ka g\u00f3lov\u00e9 pokusy j\u00ed kon\u010dily bu\u010f mimo nebo v n\u00e1ru\u010d\u00ed dom\u00e1c\u00ed brank\u00e1\u0159ky. Na\u0161t\u011bst\u00ed akce z 12. minuty byla z jin\u00e9ho soudku.<\/p>\n<p>Po asistenci Kram\u017ear si dok\u00e1zala Momiki poradit s obranou Spurs a p\u0159ekonala Kop v dom\u00e1c\u00ed brance &#8211; <strong>0:1<\/strong>. Po g\u00f3lu se Tottenham sna\u017eil o vyrovn\u00e1n\u00ed, ale akce b\u011blostn\u00fdch byly pozoruhodn\u011b bezzub\u00e9. A nebo si zuby vyl\u00e1maly na na\u0161\u00ed dob\u0159e organizovan\u00e9 obran\u011b. P\u0159esto si Holdt dok\u00e1zala poradit s trojic\u00ed na\u0161ich obr\u00e1nky\u0148, co\u017e bylo varovn\u00fdm znamen\u00edm. My jsme spol\u00e9hali na proti\u00fatoky ze zaji\u0161t\u011bn\u00e9 obrany, nicm\u00e9n\u011b fin\u00e1ln\u00ed f\u00e1ze, jak bylo zm\u00edn\u011bno v\u00fd\u0161e v\u00e1zla. Nicm\u00e9n\u011b Vignola s Kranm\u017ear v z\u00e1loze nebo Blundell s Pacheco jako fullbeci odvedly slu\u0161nou ofenzivn\u00ed pr\u00e1ci.<\/p>\n<h4>Druh\u00fd polo\u010das<\/h4>\n<p>Nep\u0159ijeli jsme do Lond\u00fdna h\u00e1jit jednog\u00f3lov\u00fd n\u00e1skok a bylo to vid\u011bt. I dom\u00e1c\u00ed si v kabin\u011b nejsp\u00ed\u0161 vyslechly svoje a do druh\u00e9ho polo\u010dasu vl\u00e9tly mnohem nebezpe\u010dn\u011bji, ne\u017e do prvn\u00edho. V 76. minut\u011b na\u0161e obrana zav\u00e1hala, zejm\u00e9na Fern\u00e1ndez nebyla dostate\u010dn\u011b d\u016frazn\u00e1 a Gaupset tak vyrovnala &#8211; <strong>1:1<\/strong>. G\u00f3l, nebo p\u0159esn\u011bji laxn\u00ed br\u00e1n\u011bn\u00ed Fern\u00e1ndez opr\u00e1vn\u011bn\u011b rozl\u00edtilo Brosnan v dvojroli brank\u00e1\u0159ky a kapit\u00e1nky.<\/p>\n<p>Phelan zareagoval sta\u017een\u00edm Momiki a Kram\u017ear ve prosp\u011bch dua Gago &#8211; Gabarro (a p\u0159ed t\u00edm je\u0161t\u011b posadil Payne a nasadil Lawley). St\u0159\u00ed\u00e1d\u00e1n\u00ed p\u0159i\u0161lo v prav\u00fd \u010das. Gabarro nejprve svoji \u0161anci nevyu\u017eila, ale o p\u00e1r minut pozd\u011bji u\u017e na\u0161la p\u0159ed brankou Gago a ta se z prvn\u00ed zbl\u00edzka nem\u00fdlila &#8211; <strong>1:2<\/strong>. T\u0159et\u00ed g\u00f3l mohla dodat Lawley, ale jej\u00ed st\u0159elu si brank\u00e1\u0159ka Spurs srazila jen do ty\u010dky, ne do branky. Posledn\u00ed z\u00e1sah z\u00e1pasu pat\u0159il Brosnan, kter\u00e1 je\u0161t\u011b stihla v posledn\u00ed sekund\u011b ma\u010de pokr\u00fdt m\u00ed\u010d p\u0159ed nab\u00edhaj\u00edc\u00ed Blackstad.<\/p>\n<p><strong>Shrnut\u00ed<\/strong><\/p>\n<p>T\u0159i body jsou doma, v tabulce jsme \u0161est\u00ed, dev\u011bt bod\u016f za Tottenhamem a bod p\u0159ed Lionesses. Velmi poveden\u00fd v\u00fdkon i bez n\u011bkter\u00fdch opor z\u00e1kladn\u00ed sestavy pot\u011b\u0161il. Zd\u00e1 se, \u017ee z\u00e1chrann\u00e9 pr\u00e1ce bychom si letos mohli odpustit, i kdy\u017e zat\u00edm j\u00e1sejme jen opatrn\u011b, bod\u016f k rozd\u011blen\u00ed je je\u0161t\u011b spousta. V p\u0159\u00ed\u0161t\u00edm kole n\u00e1s \u010dekaj\u00ed United, kter\u00e9 \u010derstv\u011b prohr\u00e1ly s Chelsea souboj o Ligov\u00fd poh\u00e1r (0:2) a jist\u011b si budou cht\u00edt spravit chu\u0165. Tak\u017ee v sobotu 21.3. n\u00e1s \u010dek\u00e1 p\u011bkn\u00e1 d\u0159ina. Nicm\u00e9n\u011b moment\u00e1ln\u011b se vezeme na \u00fasp\u011b\u0161n\u00e9 vln\u011b, tak lze doufat ve slu\u0161n\u00fd v\u00fdsledek. <strong><span style=\"color: #0000ff;\">COYBG!<\/span><\/strong><\/p>\n<p style=\"text-align: right;\"><span style=\"font-size: 8pt;\"><em>Fotografie: Kelly Gago (zdroj: bbc.com)<\/em><\/span><\/p>\n<p><strong>G\u00f3ly:<\/strong> Gaupset (76\u00b4) &#8211; Momiki (12\u00b4), Gago (83\u00b4)\u00a0 <strong>\u017dK:<\/strong> Gabarro<\/p>\n<p><strong>Spurs (4-4-2):\u00a0<\/strong>Kop; Rybrink, Bartrip, Wijk, Blakstad; Gunning-Williams (Spence 59\u00b4), Summanen (Ahtinen 58\u00b4, Gaupset, Vinberg (England 58\u00b4); Holdt (Nild\u00e9n 77\u00b4), Tandberg<\/p>\n<p><strong>Toffees (4-4-2): <\/strong>Brosnan; Blundell, Mace, Fen\u00e1ndez, Pacheco; Kram\u017ear (Gabarro 80\u00b4), van Gool, Galli, Momiki (Gago\u00a0 \u00a0 79\u00b4); Payne (Lawley 65\u00b4), Vignola<\/p>\n<p><strong>Rozhod\u010d\u00ed:<\/strong> Lisa Benn\u00a0 <strong>Div\u00e1ci:<\/strong> 4 816 (Tottenham Stadium)<\/p>\n<p><iframe loading=\"lazy\" title=\"FULL MATCH: Tottenham Hotspur v Everton | Barclays WSL 25\/26\" width=\"1140\" height=\"641\" src=\"https:\/\/www.youtube.com\/embed\/V11OY3zmjwk?feature=oembed\" frameborder=\"0\" allow=\"accelerometer; autoplay; clipboard-write; encrypted-media; gyroscope; picture-in-picture; web-share\" referrerpolicy=\"strict-origin-when-cross-origin\" allowfullscreen><\/iframe><\/p>\n","protected":false},"excerpt":{"rendered":"<p>Tottenham je letos ve v\u00fdborn\u00e9 form\u011b, v tabulce je p\u00e1t\u00fd a evropsk\u00e9 sout\u011b\u017ee m\u00e1 na dohled. N\u00e1m se s nov\u00fdm do\u010dasn\u00fdm mana\u017eerem tak\u00e9 vede a r\u00e1di bychom prodlou\u017eili \u0161\u0148\u016fru vyhran\u00fdch ligov\u00fdch z\u00e1pas\u016f. P\u0159edz\u00e1pasov\u00e1 o\u010dek\u00e1v\u00e1n\u00ed tedy na obou stran\u00e1ch byla zna\u010dn\u00e1.<\/p>\n","protected":false},"author":26,"featured_media":28557,"comment_status":"open","ping_status":"closed","sticky":false,"template":"","format":"standard","meta":{"_eb_attr":"","_monsterinsights_skip_tracking":false,"_monsterinsights_sitenote_active":false,"_monsterinsights_sitenote_note":"","_monsterinsights_sitenote_category":0,"footnotes":""},"categories":[110],"tags":[],"yoast_head":"<!-- This site is optimized with the Yoast SEO plugin v23.4 - https:\/\/yoast.com\/wordpress\/plugins\/seo\/ -->\n<title>Tottenham W - Everton W 1:2 - Official Czech &amp; Slovak Everton Supporters&#039; Club<\/title>\n<meta name=\"robots\" content=\"index, follow, max-snippet:-1, max-image-preview:large, max-video-preview:-1\" \/>\n<link rel=\"canonical\" href=\"https:\/\/evertonfc.cz\/index.php\/2026\/03\/16\/tottenham-w-everton-w-12\/\" \/>\n<meta property=\"og:locale\" content=\"cs_CZ\" \/>\n<meta property=\"og:type\" content=\"article\" \/>\n<meta property=\"og:title\" content=\"Tottenham W - Everton W 1:2 - Official Czech &amp; Slovak Everton Supporters&#039; Club\" \/>\n<meta property=\"og:description\" content=\"Tottenham je letos ve v\u00fdborn\u00e9 form\u011b, v tabulce je p\u00e1t\u00fd a evropsk\u00e9 sout\u011b\u017ee m\u00e1 na dohled. N\u00e1m se s nov\u00fdm do\u010dasn\u00fdm mana\u017eerem tak\u00e9 vede a r\u00e1di bychom prodlou\u017eili \u0161\u0148\u016fru vyhran\u00fdch ligov\u00fdch z\u00e1pas\u016f. P\u0159edz\u00e1pasov\u00e1 o\u010dek\u00e1v\u00e1n\u00ed tedy na obou stran\u00e1ch byla zna\u010dn\u00e1.\" \/>\n<meta property=\"og:url\" content=\"https:\/\/evertonfc.cz\/index.php\/2026\/03\/16\/tottenham-w-everton-w-12\/\" \/>\n<meta property=\"og:site_name\" content=\"Official Czech &amp; Slovak Everton Supporters&#039; Club\" \/>\n<meta property=\"article:publisher\" content=\"https:\/\/www.facebook.com\/everton.fans.cz.sk\" \/>\n<meta property=\"article:published_time\" content=\"2026-03-15T23:35:06+00:00\" \/>\n<meta property=\"article:modified_time\" content=\"2026-03-21T13:24:06+00:00\" \/>\n<meta property=\"og:image\" content=\"https:\/\/evertonfc.cz\/wp-content\/uploads\/2026\/03\/Gago-vs-Spurs.jpg\" \/>\n\t<meta property=\"og:image:width\" content=\"1024\" \/>\n\t<meta property=\"og:image:height\" content=\"575\" \/>\n\t<meta property=\"og:image:type\" content=\"image\/jpeg\" \/>\n<meta name=\"author\" content=\"Karamela\" \/>\n<meta name=\"twitter:card\" content=\"summary_large_image\" \/>\n<meta name=\"twitter:label1\" content=\"Napsal(a)\" \/>\n\t<meta name=\"twitter:data1\" content=\"Karamela\" \/>\n\t<meta name=\"twitter:label2\" content=\"Odhadovan\u00e1 doba \u010dten\u00ed\" \/>\n\t<meta name=\"twitter:data2\" content=\"4 minuty\" \/>\n<script type=\"application\/ld+json\" class=\"yoast-schema-graph\">{\"@context\":\"https:\/\/schema.org\",\"@graph\":[{\"@type\":\"Article\",\"@id\":\"https:\/\/evertonfc.cz\/index.php\/2026\/03\/16\/tottenham-w-everton-w-12\/#article\",\"isPartOf\":{\"@id\":\"https:\/\/evertonfc.cz\/index.php\/2026\/03\/16\/tottenham-w-everton-w-12\/\"},\"author\":{\"name\":\"Karamela\",\"@id\":\"https:\/\/evertonfc.cz\/#\/schema\/person\/e9a24a80a32efa1344dd2c4e5882185c\"},\"headline\":\"Tottenham W &#8211; Everton W 1:2\",\"datePublished\":\"2026-03-15T23:35:06+00:00\",\"dateModified\":\"2026-03-21T13:24:06+00:00\",\"mainEntityOfPage\":{\"@id\":\"https:\/\/evertonfc.cz\/index.php\/2026\/03\/16\/tottenham-w-everton-w-12\/\"},\"wordCount\":831,\"commentCount\":1,\"publisher\":{\"@id\":\"https:\/\/evertonfc.cz\/#organization\"},\"image\":{\"@id\":\"https:\/\/evertonfc.cz\/index.php\/2026\/03\/16\/tottenham-w-everton-w-12\/#primaryimage\"},\"thumbnailUrl\":\"https:\/\/evertonfc.cz\/wp-content\/uploads\/2026\/03\/Gago-vs-Spurs.jpg\",\"articleSection\":[\"Everton Women\"],\"inLanguage\":\"cs\",\"potentialAction\":[{\"@type\":\"CommentAction\",\"name\":\"Comment\",\"target\":[\"https:\/\/evertonfc.cz\/index.php\/2026\/03\/16\/tottenham-w-everton-w-12\/#respond\"]}]},{\"@type\":\"WebPage\",\"@id\":\"https:\/\/evertonfc.cz\/index.php\/2026\/03\/16\/tottenham-w-everton-w-12\/\",\"url\":\"https:\/\/evertonfc.cz\/index.php\/2026\/03\/16\/tottenham-w-everton-w-12\/\",\"name\":\"Tottenham W - Everton W 1:2 - Official Czech &amp; Slovak Everton Supporters&#039; Club\",\"isPartOf\":{\"@id\":\"https:\/\/evertonfc.cz\/#website\"},\"primaryImageOfPage\":{\"@id\":\"https:\/\/evertonfc.cz\/index.php\/2026\/03\/16\/tottenham-w-everton-w-12\/#primaryimage\"},\"image\":{\"@id\":\"https:\/\/evertonfc.cz\/index.php\/2026\/03\/16\/tottenham-w-everton-w-12\/#primaryimage\"},\"thumbnailUrl\":\"https:\/\/evertonfc.cz\/wp-content\/uploads\/2026\/03\/Gago-vs-Spurs.jpg\",\"datePublished\":\"2026-03-15T23:35:06+00:00\",\"dateModified\":\"2026-03-21T13:24:06+00:00\",\"breadcrumb\":{\"@id\":\"https:\/\/evertonfc.cz\/index.php\/2026\/03\/16\/tottenham-w-everton-w-12\/#breadcrumb\"},\"inLanguage\":\"cs\",\"potentialAction\":[{\"@type\":\"ReadAction\",\"target\":[\"https:\/\/evertonfc.cz\/index.php\/2026\/03\/16\/tottenham-w-everton-w-12\/\"]}]},{\"@type\":\"ImageObject\",\"inLanguage\":\"cs\",\"@id\":\"https:\/\/evertonfc.cz\/index.php\/2026\/03\/16\/tottenham-w-everton-w-12\/#primaryimage\",\"url\":\"https:\/\/evertonfc.cz\/wp-content\/uploads\/2026\/03\/Gago-vs-Spurs.jpg\",\"contentUrl\":\"https:\/\/evertonfc.cz\/wp-content\/uploads\/2026\/03\/Gago-vs-Spurs.jpg\",\"width\":1024,\"height\":575},{\"@type\":\"BreadcrumbList\",\"@id\":\"https:\/\/evertonfc.cz\/index.php\/2026\/03\/16\/tottenham-w-everton-w-12\/#breadcrumb\",\"itemListElement\":[{\"@type\":\"ListItem\",\"position\":1,\"name\":\"Home\",\"item\":\"https:\/\/evertonfc.cz\/\"},{\"@type\":\"ListItem\",\"position\":2,\"name\":\"Tottenham W &#8211; Everton W 1:2\"}]},{\"@type\":\"WebSite\",\"@id\":\"https:\/\/evertonfc.cz\/#website\",\"url\":\"https:\/\/evertonfc.cz\/\",\"name\":\"Official Czech &amp; Slovak Everton Supporters&#039; Club\",\"description\":\"\",\"publisher\":{\"@id\":\"https:\/\/evertonfc.cz\/#organization\"},\"potentialAction\":[{\"@type\":\"SearchAction\",\"target\":{\"@type\":\"EntryPoint\",\"urlTemplate\":\"https:\/\/evertonfc.cz\/?s={search_term_string}\"},\"query-input\":{\"@type\":\"PropertyValueSpecification\",\"valueRequired\":true,\"valueName\":\"search_term_string\"}}],\"inLanguage\":\"cs\"},{\"@type\":\"Organization\",\"@id\":\"https:\/\/evertonfc.cz\/#organization\",\"name\":\"Official Czech & Slovak Everton Supporters' Club\",\"url\":\"https:\/\/evertonfc.cz\/\",\"logo\":{\"@type\":\"ImageObject\",\"inLanguage\":\"cs\",\"@id\":\"https:\/\/evertonfc.cz\/#\/schema\/logo\/image\/\",\"url\":\"https:\/\/evertonfc.cz\/wp-content\/uploads\/2019\/05\/logo.png\",\"contentUrl\":\"https:\/\/evertonfc.cz\/wp-content\/uploads\/2019\/05\/logo.png\",\"width\":112,\"height\":112,\"caption\":\"Official Czech & Slovak Everton Supporters' Club\"},\"image\":{\"@id\":\"https:\/\/evertonfc.cz\/#\/schema\/logo\/image\/\"},\"sameAs\":[\"https:\/\/www.facebook.com\/everton.fans.cz.sk\"]},{\"@type\":\"Person\",\"@id\":\"https:\/\/evertonfc.cz\/#\/schema\/person\/e9a24a80a32efa1344dd2c4e5882185c\",\"name\":\"Karamela\",\"url\":\"https:\/\/evertonfc.cz\/index.php\/author\/karamela\/\"}]}<\/script>\n<!-- \/ Yoast SEO plugin. -->","yoast_head_json":{"title":"Tottenham W - Everton W 1:2 - Official Czech &amp; Slovak Everton Supporters&#039; Club","robots":{"index":"index","follow":"follow","max-snippet":"max-snippet:-1","max-image-preview":"max-image-preview:large","max-video-preview":"max-video-preview:-1"},"canonical":"https:\/\/evertonfc.cz\/index.php\/2026\/03\/16\/tottenham-w-everton-w-12\/","og_locale":"cs_CZ","og_type":"article","og_title":"Tottenham W - Everton W 1:2 - Official Czech &amp; Slovak Everton Supporters&#039; Club","og_description":"Tottenham je letos ve v\u00fdborn\u00e9 form\u011b, v tabulce je p\u00e1t\u00fd a evropsk\u00e9 sout\u011b\u017ee m\u00e1 na dohled. N\u00e1m se s nov\u00fdm do\u010dasn\u00fdm mana\u017eerem tak\u00e9 vede a r\u00e1di bychom prodlou\u017eili \u0161\u0148\u016fru vyhran\u00fdch ligov\u00fdch z\u00e1pas\u016f. P\u0159edz\u00e1pasov\u00e1 o\u010dek\u00e1v\u00e1n\u00ed tedy na obou stran\u00e1ch byla zna\u010dn\u00e1.","og_url":"https:\/\/evertonfc.cz\/index.php\/2026\/03\/16\/tottenham-w-everton-w-12\/","og_site_name":"Official Czech &amp; Slovak Everton Supporters&#039; Club","article_publisher":"https:\/\/www.facebook.com\/everton.fans.cz.sk","article_published_time":"2026-03-15T23:35:06+00:00","article_modified_time":"2026-03-21T13:24:06+00:00","og_image":[{"width":1024,"height":575,"url":"https:\/\/evertonfc.cz\/wp-content\/uploads\/2026\/03\/Gago-vs-Spurs.jpg","type":"image\/jpeg"}],"author":"Karamela","twitter_card":"summary_large_image","twitter_misc":{"Napsal(a)":"Karamela","Odhadovan\u00e1 doba \u010dten\u00ed":"4 minuty"},"schema":{"@context":"https:\/\/schema.org","@graph":[{"@type":"Article","@id":"https:\/\/evertonfc.cz\/index.php\/2026\/03\/16\/tottenham-w-everton-w-12\/#article","isPartOf":{"@id":"https:\/\/evertonfc.cz\/index.php\/2026\/03\/16\/tottenham-w-everton-w-12\/"},"author":{"name":"Karamela","@id":"https:\/\/evertonfc.cz\/#\/schema\/person\/e9a24a80a32efa1344dd2c4e5882185c"},"headline":"Tottenham W &#8211; Everton W 1:2","datePublished":"2026-03-15T23:35:06+00:00","dateModified":"2026-03-21T13:24:06+00:00","mainEntityOfPage":{"@id":"https:\/\/evertonfc.cz\/index.php\/2026\/03\/16\/tottenham-w-everton-w-12\/"},"wordCount":831,"commentCount":1,"publisher":{"@id":"https:\/\/evertonfc.cz\/#organization"},"image":{"@id":"https:\/\/evertonfc.cz\/index.php\/2026\/03\/16\/tottenham-w-everton-w-12\/#primaryimage"},"thumbnailUrl":"https:\/\/evertonfc.cz\/wp-content\/uploads\/2026\/03\/Gago-vs-Spurs.jpg","articleSection":["Everton Women"],"inLanguage":"cs","potentialAction":[{"@type":"CommentAction","name":"Comment","target":["https:\/\/evertonfc.cz\/index.php\/2026\/03\/16\/tottenham-w-everton-w-12\/#respond"]}]},{"@type":"WebPage","@id":"https:\/\/evertonfc.cz\/index.php\/2026\/03\/16\/tottenham-w-everton-w-12\/","url":"https:\/\/evertonfc.cz\/index.php\/2026\/03\/16\/tottenham-w-everton-w-12\/","name":"Tottenham W - Everton W 1:2 - Official Czech &amp; Slovak Everton Supporters&#039; Club","isPartOf":{"@id":"https:\/\/evertonfc.cz\/#website"},"primaryImageOfPage":{"@id":"https:\/\/evertonfc.cz\/index.php\/2026\/03\/16\/tottenham-w-everton-w-12\/#primaryimage"},"image":{"@id":"https:\/\/evertonfc.cz\/index.php\/2026\/03\/16\/tottenham-w-everton-w-12\/#primaryimage"},"thumbnailUrl":"https:\/\/evertonfc.cz\/wp-content\/uploads\/2026\/03\/Gago-vs-Spurs.jpg","datePublished":"2026-03-15T23:35:06+00:00","dateModified":"2026-03-21T13:24:06+00:00","breadcrumb":{"@id":"https:\/\/evertonfc.cz\/index.php\/2026\/03\/16\/tottenham-w-everton-w-12\/#breadcrumb"},"inLanguage":"cs","potentialAction":[{"@type":"ReadAction","target":["https:\/\/evertonfc.cz\/index.php\/2026\/03\/16\/tottenham-w-everton-w-12\/"]}]},{"@type":"ImageObject","inLanguage":"cs","@id":"https:\/\/evertonfc.cz\/index.php\/2026\/03\/16\/tottenham-w-everton-w-12\/#primaryimage","url":"https:\/\/evertonfc.cz\/wp-content\/uploads\/2026\/03\/Gago-vs-Spurs.jpg","contentUrl":"https:\/\/evertonfc.cz\/wp-content\/uploads\/2026\/03\/Gago-vs-Spurs.jpg","width":1024,"height":575},{"@type":"BreadcrumbList","@id":"https:\/\/evertonfc.cz\/index.php\/2026\/03\/16\/tottenham-w-everton-w-12\/#breadcrumb","itemListElement":[{"@type":"ListItem","position":1,"name":"Home","item":"https:\/\/evertonfc.cz\/"},{"@type":"ListItem","position":2,"name":"Tottenham W &#8211; Everton W 1:2"}]},{"@type":"WebSite","@id":"https:\/\/evertonfc.cz\/#website","url":"https:\/\/evertonfc.cz\/","name":"Official Czech &amp; Slovak Everton Supporters&#039; Club","description":"","publisher":{"@id":"https:\/\/evertonfc.cz\/#organization"},"potentialAction":[{"@type":"SearchAction","target":{"@type":"EntryPoint","urlTemplate":"https:\/\/evertonfc.cz\/?s={search_term_string}"},"query-input":{"@type":"PropertyValueSpecification","valueRequired":true,"valueName":"search_term_string"}}],"inLanguage":"cs"},{"@type":"Organization","@id":"https:\/\/evertonfc.cz\/#organization","name":"Official Czech & Slovak Everton Supporters' Club","url":"https:\/\/evertonfc.cz\/","logo":{"@type":"ImageObject","inLanguage":"cs","@id":"https:\/\/evertonfc.cz\/#\/schema\/logo\/image\/","url":"https:\/\/evertonfc.cz\/wp-content\/uploads\/2019\/05\/logo.png","contentUrl":"https:\/\/evertonfc.cz\/wp-content\/uploads\/2019\/05\/logo.png","width":112,"height":112,"caption":"Official Czech & Slovak Everton Supporters' Club"},"image":{"@id":"https:\/\/evertonfc.cz\/#\/schema\/logo\/image\/"},"sameAs":["https:\/\/www.facebook.com\/everton.fans.cz.sk"]},{"@type":"Person","@id":"https:\/\/evertonfc.cz\/#\/schema\/person\/e9a24a80a32efa1344dd2c4e5882185c","name":"Karamela","url":"https:\/\/evertonfc.cz\/index.php\/author\/karamela\/"}]}},"_links":{"self":[{"href":"https:\/\/evertonfc.cz\/index.php\/wp-json\/wp\/v2\/posts\/28546"}],"collection":[{"href":"https:\/\/evertonfc.cz\/index.php\/wp-json\/wp\/v2\/posts"}],"about":[{"href":"https:\/\/evertonfc.cz\/index.php\/wp-json\/wp\/v2\/types\/post"}],"author":[{"embeddable":true,"href":"https:\/\/evertonfc.cz\/index.php\/wp-json\/wp\/v2\/users\/26"}],"replies":[{"embeddable":true,"href":"https:\/\/evertonfc.cz\/index.php\/wp-json\/wp\/v2\/comments?post=28546"}],"version-history":[{"count":13,"href":"https:\/\/evertonfc.cz\/index.php\/wp-json\/wp\/v2\/posts\/28546\/revisions"}],"predecessor-version":[{"id":28569,"href":"https:\/\/evertonfc.cz\/index.php\/wp-json\/wp\/v2\/posts\/28546\/revisions\/28569"}],"wp:featuredmedia":[{"embeddable":true,"href":"https:\/\/evertonfc.cz\/index.php\/wp-json\/wp\/v2\/media\/28557"}],"wp:attachment":[{"href":"https:\/\/evertonfc.cz\/index.php\/wp-json\/wp\/v2\/media?parent=28546"}],"wp:term":[{"taxonomy":"category","embeddable":true,"href":"https:\/\/evertonfc.cz\/index.php\/wp-json\/wp\/v2\/categories?post=28546"},{"taxonomy":"post_tag","embeddable":true,"href":"https:\/\/evertonfc.cz\/index.php\/wp-json\/wp\/v2\/tags?post=28546"}],"curies":[{"name":"wp","href":"https:\/\/api.w.org\/{rel}","templated":true}]}}