{"id":28700,"date":"2026-04-27T14:37:59","date_gmt":"2026-04-27T12:37:59","guid":{"rendered":"https:\/\/evertonfc.cz\/?p=28700"},"modified":"2026-04-27T14:42:09","modified_gmt":"2026-04-27T12:42:09","slug":"west-ham-united-everton-21","status":"publish","type":"post","link":"https:\/\/evertonfc.cz\/index.php\/2026\/04\/27\/west-ham-united-everton-21\/","title":{"rendered":"West Ham United \u2013 Everton 2:1"},"content":{"rendered":"<h4>\u0160tyri z\u00e1pasy do konca a sme na 11. mieste. Hoci n\u00e1s od 6. miesta delia st\u00e1le len 3 body, s takouto defenz\u00edvou v z\u00e1veroch z\u00e1pasov to bude nesmierne \u0165a\u017ek\u00e9.<\/h4>\n<p>Everton sa t\u00fato sobotu vybral do hlavn\u00e9ho mesta s jasn\u00fdm cie\u013eom. Hodi\u0165 za hlavu bolestiv\u00e9 derby a udr\u017ea\u0165 si n\u00e1dej na eur\u00f3pske poh\u00e1re. Pre Davida Moyesa to bol \u0161peci\u00e1lny n\u00e1vrat na \u201emiesto \u010dinu\u201c \u2013 jeho 750. z\u00e1pas v Premier League v \u00falohe mana\u017e\u00e9ra. Bohu\u017eia\u013e, oslava (aj naroden\u00edn, d\u00fafam) sa nekonala. Scen\u00e1r bol a\u017e pr\u00edli\u0161 povedom\u00fd. Inkasovan\u00fd g\u00f3l z rohu, vybojovan\u00e9 vyrovnanie v z\u00e1vere a n\u00e1sledne tot\u00e1lny kolaps v nadstavenom \u010dase, ktor\u00fd pripom\u00ednal sk\u00f4r grotesku ne\u017e profesion\u00e1lnu obranu&#8230;<\/p>\n<p>U\u017e pred v\u00fdkopom bolo jasn\u00e9, \u017ee to bude bolie\u0165. Branthwaite je do konca sez\u00f3ny mimo, tak\u017ee do stop\u00e9rskej dvojice k Tarkowsk\u00e9mu sa vr\u00e1til Keane. Na hrote ch\u00fdbal Beto, ktor\u00fd si z derby odniesol otras mozgu, a tak \u0161ancu v z\u00e1klade dostal Barry. Zvy\u0161ok zostavy Moyes nemenil, pri\u010dom lavi\u010dka op\u00e4\u0165 prekypovala mlad\u00fdm talentom, ktor\u00fd kou\u010d tradi\u010dne nechal \u201evyr\u00e1s\u0165\u201c sledovan\u00edm z\u00e1pasu v bunde&#8230; spolu s Colemanom.<\/p>\n<h4><strong>Prv\u00fd pol\u010das<\/strong><\/h4>\n<p>Z\u00e1pas od\u0161tartoval v typickom poobed\u0148aj\u0161om tempe pod jarn\u00fdm slnkom. Everton vo vonkaj\u0161ej sade dresov p\u00f4sobil v \u00favode celkom kompaktne. Mykolenko sa sna\u017eil od za\u010diatku vys\u00fava\u0165 Thierna Barryho, ktor\u00fd v \u00favode p\u00f4sobil o poznanie agilnej\u0161ie ne\u017e v ne\u0161\u0165astnom derby. No fyzick\u00e1 absencia Beta bola na ihrisku pozna\u0165.<\/p>\n<p>Prv\u00e9 nebezpe\u010denstvo v\u0161ak musel hasil pr\u00e1ve Mykolenko, ke\u010f v\u010das zablokoval nebezpe\u010dn\u00e9ho Bowena. Hne\u010f na to sa uk\u00e1zal Summerville, no Garner mu \u010disto vypichol loptu. Nepochopite\u013ene sa v\u0161ak p\u00edskal faul, \u010do Tarkowsk\u00e9ho vyto\u010dilo do biela. Na druhej strane sa do akrobacie sna\u017eil pusti\u0165 Barry po centri McNeila, ale no\u017eni\u010dky mu nevy\u0161li.<\/p>\n<p>Najv\u00e4\u010d\u0161ia frustr\u00e1cia pri\u0161la po polhodine hry. Kiernan Dewsbury-Hall predviedol fam\u00f3zny brejk a poslal Barrymu loptu, ktor\u00fa sta\u010dilo len zasiahnu\u0165 v sklze a uprata\u0165 do pr\u00e1zdnej br\u00e1ny. Thierno v\u0161ak namiesto v\u00fdpadu \u201ezastavil stroje\u201c a nechal Hermansena loptu pokojne skry\u0165 v n\u00e1ru\u010d\u00ed. Ten chlapec si nevie na\u010dasova\u0165 veci, ani vybra\u0165 miesto. Chv\u00ed\u013eami Barry v s\u00fabojoch s Disasim p\u00f4sobil ako \u017eia\u010dik proti chlapovi.<\/p>\n<p>V poli to bolo vyrovnan\u00e9, Ndiaye sa sna\u017eil tvori\u0165, Keane schytal p\u00e1r r\u00e1n, ale do \u0161atn\u00ed sa i\u0161lo za bezg\u00f3lov\u00e9ho stavu, ktor\u00fd odzrkad\u013eoval neschopnos\u0165 oboch t\u00edmov premeni\u0165 n\u00e1znaky \u0161anc\u00ed na nie\u010do poriadne. Pri\u010dom, mali sme pocit, \u017ee West Ham je hrate\u013en\u00fd, ak by sme vpredu neboli tak\u00ed bojazliv\u00ed, a\u00a0v\u00a0krajoch tak\u00ed zatiahnut\u00ed.<\/p>\n<h4><strong>Druh\u00fd pol\u010das<\/strong><\/h4>\n<p>Druh\u00e1 polhodina za\u010dala pre Toffees najhor\u0161\u00edm mo\u017en\u00fdm sp\u00f4sobom. Pickford s\u00edce v 50. min\u00fate z\u00e1zra\u010dne vychytal Castellanosa v situ\u00e1cii jeden na jedn\u00e9ho (VAR dokonca sk\u00famal mo\u017en\u00fa penaltu po kontakte, ale na\u0161\u0165astie ni\u010d), no z n\u00e1sledn\u00e9ho rohu udrelo. Bowen poslal prudk\u00fd center na predn\u00fa ty\u010d a Tom\u00e1\u0161 Sou\u010dek sa hlavou nepom\u00fdlil \u2013 1:0. Op\u00e4\u0165 raz sme inkasovali g\u00f3l z kateg\u00f3rie \u201ev\u0161etci o tom vedia, ale nikto mu nebr\u00e1ni\u201c.<\/p>\n<p>Hoci bolo u\u017e v pol\u010dase jasn\u00e9, \u017ee O\u2019Brien nest\u00edha Summervilla a Barry je v \u00fatoku nev\u00fdrazn\u00fd, Moyes \u010dakal so striedaniami a\u017e do momentu, kedy sme museli doh\u00e1\u0148a\u0165 v\u00fdsledok, a to bola hodina pre\u010d. Postupne pri\u0161li Iroegbunam a mlad\u00fd Tyrique George, \u010do na\u0161u hru rozh\u00fdbalo. Tlak Evertonu silnel. Barryho hlavi\u010dku vyblokoval Sou\u010dek tie\u017e hlavou z br\u00e1nkovej \u010diary na brvno a cel\u00fd \u0161tadi\u00f3n sa do\u017eadoval penalty po jasnej ruke Fernandesa, no rozhodca ostal neoblomne slep\u00fd, rovnako ako in\u0161tit\u00facia VAR, kde u\u017e nikto ni\u010d negarantuje.<\/p>\n<p>Ke\u010f u\u017e sa zdalo, \u017ee od\u00eddeme napr\u00e1zdno, v 88. min\u00fate Tarkowski geni\u00e1lne hlavou sklepol loptu a Kiernan Dewsbury-Hall ju nekompromisn\u00fdm volejom poslal do siete \u2013 1:1! Limbs v sektore host\u00ed! Bod bol na dosah. Rados\u0165 v\u0161ak trvala len p\u00e1r min\u00fat. Konkr\u00e9tne \u0161tyri, preto\u017ee pri\u0161iel skrat v nadstavenom \u010dase. Namiesto kontrolovania bodu sme predviedli v obrane tot\u00e1lny chaos. Lopta prepadla na zadn\u00fa ty\u010d, kde ju Bowen sklepol a Wilson zbl\u00edzka pochoval na\u0161e n\u00e1deje na st\u00e1ly kontakt s\u00a0eur\u00f3pskymi prie\u010dkami.<\/p>\n<h4><strong>Ponau\u010denie?<\/strong><\/h4>\n<p>Br\u00e1nenie \u0161tandardiek je op\u00e4\u0165 horor. Zdalo sa, \u017ee s Branthwaiteom sme tento probl\u00e9m vyrie\u0161ili, ale bez neho a bez Beta (ktor\u00fd zvy\u010dajne str\u00e1\u017ei predn\u00fa ty\u010d) sme op\u00e4\u0165 zranite\u013en\u00ed. Van Dijk minul\u00fd t\u00fd\u017ede\u0148, Sou\u010dek teraz. Pickford je skvel\u00fd na \u010diare, ale ak pred n\u00edm stop\u00e9ri spia, nem\u00e1 \u0161ancu. Toto absol\u00fatna priorita na n\u00e1pravu.<\/p>\n<p>A James Garner? Potrebuje dovolenku a paradoxne vtedy, ke\u010f ho najviac potrebujeme. Jimmy m\u00e1 za sebou fantastick\u00fa sez\u00f3nu a zasl\u00fa\u017ei si nomin\u00e1ciu na MS, ale v posledn\u00fdch dvoch z\u00e1pasoch p\u00f4sob\u00ed \u201eodp\u00e1lene\u201c. Niet sa \u010do divi\u0165, odohral tret\u00ed najvy\u0161\u0161\u00ed po\u010det min\u00fat z hr\u00e1\u010dov v poli v celej lige.<\/p>\n<p>Pozit\u00edvum na z\u00e1ver? Dewsbury-Hall je prestupom roka. Aj ke\u010f t\u00edmovo stagnujeme, Kiernan doru\u010duje v\u00fdsledky. 8 g\u00f3lov a 4 asistencie hovoria jasnou re\u010dou. Bol to on, kto n\u00e1s vr\u00e1til do z\u00e1pasu v Brentforde, on asistoval Betovi v derby a on teraz vyrovnal. Ak n\u00e1m Eur\u00f3pa ujde, nebude to jeho chyba. A\u00e1\u00e1&#8230; koho teda?<\/p>\n<p>Moyes sa nemen\u00ed. Jeho najv\u00e4\u010d\u0161ia dev\u00edza \u2013 pragmatizmus, je z\u00e1rove\u0148 jeho najv\u00e4\u010d\u0161\u00edm prekliat\u00edm. Proti Kladiv\u00e1rom nast\u00fapil s cie\u013eom \u201eneprehra\u0165\u201c, \u010do sa odrazilo na letargickom v\u00fdkone bez tempa a naliehavosti. Karamelky str\u00e1caj\u00fa na 6. miesto len tri body, ale \u0161ance n\u00e1m pretekaj\u00fa medzi prstami. Moyes teraz stoj\u00ed pred ot\u00e1zkou, \u010di m\u00e1 v\u00f4bec in\u00fa mo\u017enos\u0165, ne\u017e v posledn\u00fdch \u0161tyroch kol\u00e1ch odhodi\u0165 strach a za\u010da\u0165 hra\u0165 \u00fato\u010dnej\u0161ie? Ak chce udr\u017ea\u0165 eur\u00f3psky sen pri \u017eivote, mus\u00ed presta\u0165 hra\u0165 na istotu. Je \u010das zlo\u017ei\u0165 nohu z brzdy, lebo po dlhej dobe kone\u010dne niet \u010do strati\u0165&#8230;<\/p>\n<p style=\"text-align: right;\"><span style=\"font-size: 8pt;\">(fotozdroj: Jonathan Brady\/PA)<\/span><\/p>\n<h3 style=\"text-align: center;\"><span style=\"color: #3366ff;\"><em><strong>Come on you Blues !!!<\/strong><\/em><\/span><\/h3>\n<p><strong>G\u00f3l:\u00a0<\/strong>51\u00b4 Sou\u010dek (Bowen), 88\u00b4 Dewsbury-Hall (Tarkowski), 90+2\u00b4 Wilson (Bowen)<\/p>\n<p><strong>\u017dlt\u00e9 karty:\u00a0<\/strong>38\u00b4 O&#8217;Brien, 47\u00b4 Tarkowski, 63\u00b4 Garner, 70\u00b4 Castellanos, 90+3\u00b4 Disasi, 90+5\u00b4 Wilson, 90+9\u00b4 Alcaraz<\/p>\n<p><strong>West Ham United FC:\u00a0<\/strong>Hermansen \u2013 Walker-Peters, Mavropanos, Disasi, Diouf \u2013 Fernandes, Sou\u010dek \u2013 Summerville, Bowen, Pablo (81&#8242; Wilson) \u2013 Castellanos (79&#8242; Potts)<\/p>\n<p><strong>Everton FC:\u00a0<\/strong>Pickford \u2013 O&#8217;Brien (65&#8242; Iroegbunam), Tarkowski, Keane, Mykolenko \u2013 Garner, Gueye\u00a0(86&#8242; Alcaraz) \u2013 McNeil\u00a0(65&#8242; George), Dewsbury-Hall, Ndiaye \u2013 Barry.<\/p>\n<p><strong>Rozhodca:\u00a0<\/strong>Stuart Attwell\u00a0 <strong>Div\u00e1ci:<\/strong>\u00a062 454 (London Stadium)\u00a0\u00a0<strong>Mu\u017e z\u00e1pasu EFC:<\/strong>\u00a0Kiernan Dewsbury-Hall<\/p>\n","protected":false},"excerpt":{"rendered":"<p>\u0160tyri z\u00e1pasy do konca a sme na 11. mieste. Hoci n\u00e1s od 6. miesta delia st\u00e1le len 3 body, s takouto defenz\u00edvou v z\u00e1veroch z\u00e1pasov to bude nesmierne \u0165a\u017ek\u00e9.<\/p>\n","protected":false},"author":1,"featured_media":28701,"comment_status":"open","ping_status":"closed","sticky":false,"template":"","format":"standard","meta":{"_eb_attr":"","_monsterinsights_skip_tracking":false,"_monsterinsights_sitenote_active":false,"_monsterinsights_sitenote_note":"","_monsterinsights_sitenote_category":0,"footnotes":""},"categories":[4],"tags":[],"yoast_head":"<!-- This site is optimized with the Yoast SEO plugin v23.4 - https:\/\/yoast.com\/wordpress\/plugins\/seo\/ -->\n<title>West Ham United \u2013 Everton 2:1 - Official Czech &amp; Slovak Everton Supporters&#039; Club<\/title>\n<meta name=\"robots\" content=\"index, follow, max-snippet:-1, max-image-preview:large, max-video-preview:-1\" \/>\n<link rel=\"canonical\" href=\"https:\/\/evertonfc.cz\/index.php\/2026\/04\/27\/west-ham-united-everton-21\/\" \/>\n<meta property=\"og:locale\" content=\"cs_CZ\" \/>\n<meta property=\"og:type\" content=\"article\" \/>\n<meta property=\"og:title\" content=\"West Ham United \u2013 Everton 2:1 - Official Czech &amp; Slovak Everton Supporters&#039; Club\" \/>\n<meta property=\"og:description\" content=\"\u0160tyri z\u00e1pasy do konca a sme na 11. mieste. Hoci n\u00e1s od 6. miesta delia st\u00e1le len 3 body, s takouto defenz\u00edvou v z\u00e1veroch z\u00e1pasov to bude nesmierne \u0165a\u017ek\u00e9.\" \/>\n<meta property=\"og:url\" content=\"https:\/\/evertonfc.cz\/index.php\/2026\/04\/27\/west-ham-united-everton-21\/\" \/>\n<meta property=\"og:site_name\" content=\"Official Czech &amp; Slovak Everton Supporters&#039; Club\" \/>\n<meta property=\"article:publisher\" content=\"https:\/\/www.facebook.com\/everton.fans.cz.sk\" \/>\n<meta property=\"article:published_time\" content=\"2026-04-27T12:37:59+00:00\" \/>\n<meta property=\"article:modified_time\" content=\"2026-04-27T12:42:09+00:00\" \/>\n<meta property=\"og:image\" content=\"https:\/\/evertonfc.cz\/wp-content\/uploads\/2026\/04\/West-Ham-2-1-Everton-by-Jonathan-Brady-PA-5-4-2026.jpg\" \/>\n\t<meta property=\"og:image:width\" content=\"720\" \/>\n\t<meta property=\"og:image:height\" content=\"405\" \/>\n\t<meta property=\"og:image:type\" content=\"image\/jpeg\" \/>\n<meta name=\"author\" content=\"BlueBlooded\" \/>\n<meta name=\"twitter:card\" content=\"summary_large_image\" \/>\n<meta name=\"twitter:label1\" content=\"Napsal(a)\" \/>\n\t<meta name=\"twitter:data1\" content=\"BlueBlooded\" \/>\n\t<meta name=\"twitter:label2\" content=\"Odhadovan\u00e1 doba \u010dten\u00ed\" \/>\n\t<meta name=\"twitter:data2\" content=\"6 minut\" \/>\n<script type=\"application\/ld+json\" class=\"yoast-schema-graph\">{\"@context\":\"https:\/\/schema.org\",\"@graph\":[{\"@type\":\"Article\",\"@id\":\"https:\/\/evertonfc.cz\/index.php\/2026\/04\/27\/west-ham-united-everton-21\/#article\",\"isPartOf\":{\"@id\":\"https:\/\/evertonfc.cz\/index.php\/2026\/04\/27\/west-ham-united-everton-21\/\"},\"author\":{\"name\":\"BlueBlooded\",\"@id\":\"https:\/\/evertonfc.cz\/#\/schema\/person\/d4493b8cbea51532597fbc4685698916\"},\"headline\":\"West Ham United \u2013 Everton 2:1\",\"datePublished\":\"2026-04-27T12:37:59+00:00\",\"dateModified\":\"2026-04-27T12:42:09+00:00\",\"mainEntityOfPage\":{\"@id\":\"https:\/\/evertonfc.cz\/index.php\/2026\/04\/27\/west-ham-united-everton-21\/\"},\"wordCount\":1137,\"commentCount\":2,\"publisher\":{\"@id\":\"https:\/\/evertonfc.cz\/#organization\"},\"image\":{\"@id\":\"https:\/\/evertonfc.cz\/index.php\/2026\/04\/27\/west-ham-united-everton-21\/#primaryimage\"},\"thumbnailUrl\":\"https:\/\/evertonfc.cz\/wp-content\/uploads\/2026\/04\/West-Ham-2-1-Everton-by-Jonathan-Brady-PA-5-4-2026.jpg\",\"articleSection\":[\"Z\u00e1pasy\"],\"inLanguage\":\"cs\",\"potentialAction\":[{\"@type\":\"CommentAction\",\"name\":\"Comment\",\"target\":[\"https:\/\/evertonfc.cz\/index.php\/2026\/04\/27\/west-ham-united-everton-21\/#respond\"]}]},{\"@type\":\"WebPage\",\"@id\":\"https:\/\/evertonfc.cz\/index.php\/2026\/04\/27\/west-ham-united-everton-21\/\",\"url\":\"https:\/\/evertonfc.cz\/index.php\/2026\/04\/27\/west-ham-united-everton-21\/\",\"name\":\"West Ham United \u2013 Everton 2:1 - Official Czech &amp; Slovak Everton Supporters&#039; Club\",\"isPartOf\":{\"@id\":\"https:\/\/evertonfc.cz\/#website\"},\"primaryImageOfPage\":{\"@id\":\"https:\/\/evertonfc.cz\/index.php\/2026\/04\/27\/west-ham-united-everton-21\/#primaryimage\"},\"image\":{\"@id\":\"https:\/\/evertonfc.cz\/index.php\/2026\/04\/27\/west-ham-united-everton-21\/#primaryimage\"},\"thumbnailUrl\":\"https:\/\/evertonfc.cz\/wp-content\/uploads\/2026\/04\/West-Ham-2-1-Everton-by-Jonathan-Brady-PA-5-4-2026.jpg\",\"datePublished\":\"2026-04-27T12:37:59+00:00\",\"dateModified\":\"2026-04-27T12:42:09+00:00\",\"breadcrumb\":{\"@id\":\"https:\/\/evertonfc.cz\/index.php\/2026\/04\/27\/west-ham-united-everton-21\/#breadcrumb\"},\"inLanguage\":\"cs\",\"potentialAction\":[{\"@type\":\"ReadAction\",\"target\":[\"https:\/\/evertonfc.cz\/index.php\/2026\/04\/27\/west-ham-united-everton-21\/\"]}]},{\"@type\":\"ImageObject\",\"inLanguage\":\"cs\",\"@id\":\"https:\/\/evertonfc.cz\/index.php\/2026\/04\/27\/west-ham-united-everton-21\/#primaryimage\",\"url\":\"https:\/\/evertonfc.cz\/wp-content\/uploads\/2026\/04\/West-Ham-2-1-Everton-by-Jonathan-Brady-PA-5-4-2026.jpg\",\"contentUrl\":\"https:\/\/evertonfc.cz\/wp-content\/uploads\/2026\/04\/West-Ham-2-1-Everton-by-Jonathan-Brady-PA-5-4-2026.jpg\",\"width\":720,\"height\":405},{\"@type\":\"BreadcrumbList\",\"@id\":\"https:\/\/evertonfc.cz\/index.php\/2026\/04\/27\/west-ham-united-everton-21\/#breadcrumb\",\"itemListElement\":[{\"@type\":\"ListItem\",\"position\":1,\"name\":\"Home\",\"item\":\"https:\/\/evertonfc.cz\/\"},{\"@type\":\"ListItem\",\"position\":2,\"name\":\"West Ham United \u2013 Everton 2:1\"}]},{\"@type\":\"WebSite\",\"@id\":\"https:\/\/evertonfc.cz\/#website\",\"url\":\"https:\/\/evertonfc.cz\/\",\"name\":\"Official Czech &amp; Slovak Everton Supporters&#039; Club\",\"description\":\"\",\"publisher\":{\"@id\":\"https:\/\/evertonfc.cz\/#organization\"},\"potentialAction\":[{\"@type\":\"SearchAction\",\"target\":{\"@type\":\"EntryPoint\",\"urlTemplate\":\"https:\/\/evertonfc.cz\/?s={search_term_string}\"},\"query-input\":{\"@type\":\"PropertyValueSpecification\",\"valueRequired\":true,\"valueName\":\"search_term_string\"}}],\"inLanguage\":\"cs\"},{\"@type\":\"Organization\",\"@id\":\"https:\/\/evertonfc.cz\/#organization\",\"name\":\"Official Czech & Slovak Everton Supporters' Club\",\"url\":\"https:\/\/evertonfc.cz\/\",\"logo\":{\"@type\":\"ImageObject\",\"inLanguage\":\"cs\",\"@id\":\"https:\/\/evertonfc.cz\/#\/schema\/logo\/image\/\",\"url\":\"https:\/\/evertonfc.cz\/wp-content\/uploads\/2019\/05\/logo.png\",\"contentUrl\":\"https:\/\/evertonfc.cz\/wp-content\/uploads\/2019\/05\/logo.png\",\"width\":112,\"height\":112,\"caption\":\"Official Czech & Slovak Everton Supporters' Club\"},\"image\":{\"@id\":\"https:\/\/evertonfc.cz\/#\/schema\/logo\/image\/\"},\"sameAs\":[\"https:\/\/www.facebook.com\/everton.fans.cz.sk\"]},{\"@type\":\"Person\",\"@id\":\"https:\/\/evertonfc.cz\/#\/schema\/person\/d4493b8cbea51532597fbc4685698916\",\"name\":\"BlueBlooded\",\"url\":\"https:\/\/evertonfc.cz\/index.php\/author\/admin\/\"}]}<\/script>\n<!-- \/ Yoast SEO plugin. -->","yoast_head_json":{"title":"West Ham United \u2013 Everton 2:1 - Official Czech &amp; Slovak Everton Supporters&#039; Club","robots":{"index":"index","follow":"follow","max-snippet":"max-snippet:-1","max-image-preview":"max-image-preview:large","max-video-preview":"max-video-preview:-1"},"canonical":"https:\/\/evertonfc.cz\/index.php\/2026\/04\/27\/west-ham-united-everton-21\/","og_locale":"cs_CZ","og_type":"article","og_title":"West Ham United \u2013 Everton 2:1 - Official Czech &amp; Slovak Everton Supporters&#039; Club","og_description":"\u0160tyri z\u00e1pasy do konca a sme na 11. mieste. Hoci n\u00e1s od 6. miesta delia st\u00e1le len 3 body, s takouto defenz\u00edvou v z\u00e1veroch z\u00e1pasov to bude nesmierne \u0165a\u017ek\u00e9.","og_url":"https:\/\/evertonfc.cz\/index.php\/2026\/04\/27\/west-ham-united-everton-21\/","og_site_name":"Official Czech &amp; Slovak Everton Supporters&#039; Club","article_publisher":"https:\/\/www.facebook.com\/everton.fans.cz.sk","article_published_time":"2026-04-27T12:37:59+00:00","article_modified_time":"2026-04-27T12:42:09+00:00","og_image":[{"width":720,"height":405,"url":"https:\/\/evertonfc.cz\/wp-content\/uploads\/2026\/04\/West-Ham-2-1-Everton-by-Jonathan-Brady-PA-5-4-2026.jpg","type":"image\/jpeg"}],"author":"BlueBlooded","twitter_card":"summary_large_image","twitter_misc":{"Napsal(a)":"BlueBlooded","Odhadovan\u00e1 doba \u010dten\u00ed":"6 minut"},"schema":{"@context":"https:\/\/schema.org","@graph":[{"@type":"Article","@id":"https:\/\/evertonfc.cz\/index.php\/2026\/04\/27\/west-ham-united-everton-21\/#article","isPartOf":{"@id":"https:\/\/evertonfc.cz\/index.php\/2026\/04\/27\/west-ham-united-everton-21\/"},"author":{"name":"BlueBlooded","@id":"https:\/\/evertonfc.cz\/#\/schema\/person\/d4493b8cbea51532597fbc4685698916"},"headline":"West Ham United \u2013 Everton 2:1","datePublished":"2026-04-27T12:37:59+00:00","dateModified":"2026-04-27T12:42:09+00:00","mainEntityOfPage":{"@id":"https:\/\/evertonfc.cz\/index.php\/2026\/04\/27\/west-ham-united-everton-21\/"},"wordCount":1137,"commentCount":2,"publisher":{"@id":"https:\/\/evertonfc.cz\/#organization"},"image":{"@id":"https:\/\/evertonfc.cz\/index.php\/2026\/04\/27\/west-ham-united-everton-21\/#primaryimage"},"thumbnailUrl":"https:\/\/evertonfc.cz\/wp-content\/uploads\/2026\/04\/West-Ham-2-1-Everton-by-Jonathan-Brady-PA-5-4-2026.jpg","articleSection":["Z\u00e1pasy"],"inLanguage":"cs","potentialAction":[{"@type":"CommentAction","name":"Comment","target":["https:\/\/evertonfc.cz\/index.php\/2026\/04\/27\/west-ham-united-everton-21\/#respond"]}]},{"@type":"WebPage","@id":"https:\/\/evertonfc.cz\/index.php\/2026\/04\/27\/west-ham-united-everton-21\/","url":"https:\/\/evertonfc.cz\/index.php\/2026\/04\/27\/west-ham-united-everton-21\/","name":"West Ham United \u2013 Everton 2:1 - Official Czech &amp; Slovak Everton Supporters&#039; Club","isPartOf":{"@id":"https:\/\/evertonfc.cz\/#website"},"primaryImageOfPage":{"@id":"https:\/\/evertonfc.cz\/index.php\/2026\/04\/27\/west-ham-united-everton-21\/#primaryimage"},"image":{"@id":"https:\/\/evertonfc.cz\/index.php\/2026\/04\/27\/west-ham-united-everton-21\/#primaryimage"},"thumbnailUrl":"https:\/\/evertonfc.cz\/wp-content\/uploads\/2026\/04\/West-Ham-2-1-Everton-by-Jonathan-Brady-PA-5-4-2026.jpg","datePublished":"2026-04-27T12:37:59+00:00","dateModified":"2026-04-27T12:42:09+00:00","breadcrumb":{"@id":"https:\/\/evertonfc.cz\/index.php\/2026\/04\/27\/west-ham-united-everton-21\/#breadcrumb"},"inLanguage":"cs","potentialAction":[{"@type":"ReadAction","target":["https:\/\/evertonfc.cz\/index.php\/2026\/04\/27\/west-ham-united-everton-21\/"]}]},{"@type":"ImageObject","inLanguage":"cs","@id":"https:\/\/evertonfc.cz\/index.php\/2026\/04\/27\/west-ham-united-everton-21\/#primaryimage","url":"https:\/\/evertonfc.cz\/wp-content\/uploads\/2026\/04\/West-Ham-2-1-Everton-by-Jonathan-Brady-PA-5-4-2026.jpg","contentUrl":"https:\/\/evertonfc.cz\/wp-content\/uploads\/2026\/04\/West-Ham-2-1-Everton-by-Jonathan-Brady-PA-5-4-2026.jpg","width":720,"height":405},{"@type":"BreadcrumbList","@id":"https:\/\/evertonfc.cz\/index.php\/2026\/04\/27\/west-ham-united-everton-21\/#breadcrumb","itemListElement":[{"@type":"ListItem","position":1,"name":"Home","item":"https:\/\/evertonfc.cz\/"},{"@type":"ListItem","position":2,"name":"West Ham United \u2013 Everton 2:1"}]},{"@type":"WebSite","@id":"https:\/\/evertonfc.cz\/#website","url":"https:\/\/evertonfc.cz\/","name":"Official Czech &amp; Slovak Everton Supporters&#039; Club","description":"","publisher":{"@id":"https:\/\/evertonfc.cz\/#organization"},"potentialAction":[{"@type":"SearchAction","target":{"@type":"EntryPoint","urlTemplate":"https:\/\/evertonfc.cz\/?s={search_term_string}"},"query-input":{"@type":"PropertyValueSpecification","valueRequired":true,"valueName":"search_term_string"}}],"inLanguage":"cs"},{"@type":"Organization","@id":"https:\/\/evertonfc.cz\/#organization","name":"Official Czech & Slovak Everton Supporters' Club","url":"https:\/\/evertonfc.cz\/","logo":{"@type":"ImageObject","inLanguage":"cs","@id":"https:\/\/evertonfc.cz\/#\/schema\/logo\/image\/","url":"https:\/\/evertonfc.cz\/wp-content\/uploads\/2019\/05\/logo.png","contentUrl":"https:\/\/evertonfc.cz\/wp-content\/uploads\/2019\/05\/logo.png","width":112,"height":112,"caption":"Official Czech & Slovak Everton Supporters' Club"},"image":{"@id":"https:\/\/evertonfc.cz\/#\/schema\/logo\/image\/"},"sameAs":["https:\/\/www.facebook.com\/everton.fans.cz.sk"]},{"@type":"Person","@id":"https:\/\/evertonfc.cz\/#\/schema\/person\/d4493b8cbea51532597fbc4685698916","name":"BlueBlooded","url":"https:\/\/evertonfc.cz\/index.php\/author\/admin\/"}]}},"_links":{"self":[{"href":"https:\/\/evertonfc.cz\/index.php\/wp-json\/wp\/v2\/posts\/28700"}],"collection":[{"href":"https:\/\/evertonfc.cz\/index.php\/wp-json\/wp\/v2\/posts"}],"about":[{"href":"https:\/\/evertonfc.cz\/index.php\/wp-json\/wp\/v2\/types\/post"}],"author":[{"embeddable":true,"href":"https:\/\/evertonfc.cz\/index.php\/wp-json\/wp\/v2\/users\/1"}],"replies":[{"embeddable":true,"href":"https:\/\/evertonfc.cz\/index.php\/wp-json\/wp\/v2\/comments?post=28700"}],"version-history":[{"count":8,"href":"https:\/\/evertonfc.cz\/index.php\/wp-json\/wp\/v2\/posts\/28700\/revisions"}],"predecessor-version":[{"id":28709,"href":"https:\/\/evertonfc.cz\/index.php\/wp-json\/wp\/v2\/posts\/28700\/revisions\/28709"}],"wp:featuredmedia":[{"embeddable":true,"href":"https:\/\/evertonfc.cz\/index.php\/wp-json\/wp\/v2\/media\/28701"}],"wp:attachment":[{"href":"https:\/\/evertonfc.cz\/index.php\/wp-json\/wp\/v2\/media?parent=28700"}],"wp:term":[{"taxonomy":"category","embeddable":true,"href":"https:\/\/evertonfc.cz\/index.php\/wp-json\/wp\/v2\/categories?post=28700"},{"taxonomy":"post_tag","embeddable":true,"href":"https:\/\/evertonfc.cz\/index.php\/wp-json\/wp\/v2\/tags?post=28700"}],"curies":[{"name":"wp","href":"https:\/\/api.w.org\/{rel}","templated":true}]}}