{"id":28711,"date":"2026-04-28T09:40:21","date_gmt":"2026-04-28T07:40:21","guid":{"rendered":"https:\/\/evertonfc.cz\/?p=28711"},"modified":"2026-04-28T09:40:21","modified_gmt":"2026-04-28T07:40:21","slug":"everton-w-chelsea-w-14","status":"publish","type":"post","link":"https:\/\/evertonfc.cz\/index.php\/2026\/04\/28\/everton-w-chelsea-w-14\/","title":{"rendered":"Everton W &#8211; Chelsea W 1:4"},"content":{"rendered":"<h4>Po reprezenta\u010dn\u00ed pauze op\u011bt v akci! \u0160koda, \u017ee se z\u00e1pasy nehraj\u00ed jen na 45 minut, mohl to b\u00fdt d\u016fstojn\u00fd n\u00e1vrat do akce. Bohu\u017eel nebyl.<\/h4>\n<p>Chelsea jsme \u010delili s pro\u0159\u00eddlou obranou. K dlouhodob\u011b zran\u011bn\u00e9 Finnigan se p\u0159ipojila i suspendovan\u00e1 Mace, jej\u00ed\u017e m\u00edsto na stoperu zaujala zotaven\u00e1 Stenevik. \u00datok se musel obej\u00edt bez p\u0159\u00edsp\u011bvku Gabarro, kter\u00e1 prod\u011blala \u00fasp\u011b\u0161nou operaci p\u0159edn\u00edho zk\u0159\u00ed\u017een\u00e9ho vazu, ale sez\u00f3na pro ni skon\u010dila. Megan Finnigan v roli kapit\u00e1nky a respektovan\u00e9 veter\u00e1nky Toffees p\u0159ed z\u00e1pasem vyz\u00fdvala hr\u00e1\u010dky k maxim\u00e1ln\u00ed snaze v dosa\u017een\u00ed co nejlep\u0161\u00edho v\u00fdsledku v z\u00e1v\u011bru premi\u00e9rov\u00e9 sez\u00f3ny na Goodison Park, v\u00edce pro n\u00e1\u0161 \u00fasp\u011bch ud\u011blat nemohla. Chelsea sice nepro\u017e\u00edv\u00e1 na sv\u00e9 pom\u011bry \u00fas\u011b\u0161nou sez\u00f3nu, o \u010delo tabulky se rve s Citizens a Arsenalem a ani m\u00edsto v Champions League nem\u00e1 jist\u00e9, nicm\u00e9n\u011b st\u00e1le jde o jeden z nejlep\u0161\u00edch t\u00fdm\u016f v Evrop\u011b. Bylo jasn\u00e9, \u017ee slu\u0161n\u00fd v\u00fdsledek m\u016f\u017ee p\u0159in\u00e9st jen maxim\u00e1ln\u00ed nasazen\u00ed a velk\u00e1 d\u00e1vka \u0161t\u011bst\u00ed. Plus snad i magie Leightona Bainese a Merlina R\u00f6hla, kte\u0159\u00ed p\u0159ihl\u00ed\u017eeli z\u00e1pasu z tribuny.<\/p>\n<h4>Prvn\u00ed p\u016fle<\/h4>\n<p>Chelsea si s na\u0161\u00ed obranou pohr\u00e1la \u010dasn\u011b a u\u017e v 6. minut\u011b Kerr z bl\u00edzka otev\u0159ela sk\u00f3re &#8211; <strong>0:1<\/strong>. Na tento g\u00f3l jsme na\u0161li ide\u00e1ln\u00ed odpov\u011b\u010f: v 10. minut\u011b zachytila Payne nep\u0159esnou p\u0159ihr\u00e1vku Walsh (i \u0161pi\u010dkov\u00e1 z\u00e1lo\u017enice se n\u011bkdy utne) a p\u0159es Wheeler doputoval bal\u00f3n k Momiki, kter\u00e1 perfektn\u00ed st\u0159elou spoza v\u00e1pna srovnala &#8211; <strong>1:1<\/strong>. A\u017e se bude vyb\u00edrat evertonsk\u00fd g\u00f3l sez\u00f3ny, je tento \u017ehav\u00fdm kandid\u00e1tem. Ve zbytku polo\u010dasu ob\u011btav\u00e1 obrana a v\u00fdborn\u00e9 z\u00e1kroky Brosnan dr\u017eely nad\u011bje na slu\u0161n\u00fd v\u00fdsledek p\u0159i \u017eivot\u011b.<\/p>\n<h4>Druh\u00e1 p\u016fle<\/h4>\n<p>Po p\u0159est\u00e1vce se zmi\u0148ovan\u00e9 n\u011bd\u011bje mohly je\u0161t\u011b zintenzivnit, kdyby Pacheco zbl\u00edzka neminula prakticky pr\u00e1zdnou branku. A potom u\u017e za\u010dala \u00fa\u0159adovat Chelsea. Ve 47. minut\u011b dala Kerr zapomenout na sv\u00e9 leto\u0161n\u00ed v\u00fdpadky formy a mimofotbalov\u00e9 peripetie a zv\u00fd\u0161ila na <strong>1:2<\/strong>. Tento g\u00f3l byl jej\u00edm 63. v dresu Chelsea, \u010d\u00edm\u017e srovnala rekord Fran Kirby. Mo\u017en\u00e1, kdyby Stenevik m\u00edsto m\u00e1v\u00e1n\u00ed ofsajdu rad\u011bji hr\u00e1la, mohla si Kerr na rekordn\u00ed g\u00f3l je\u0161t\u011b chv\u00edli po\u010dkat. Zakr\u00e1tko si Kerr n\u00e1rokovala dal\u0161\u00ed g\u00f3l, kdy\u017e Brosnan zastavila m\u00ed\u010d snad na lajn\u011b a promptn\u011b jej rozehr\u00e1la. Vzhledem k absenci VAR v \u017eensk\u00fdch z\u00e1pasech se u\u017e nedozv\u00edme, zda skute\u010dn\u011b o g\u00f3l \u0161lo, nebo ne. Tvrzen\u00ed tren\u00e9rky Chelsea Bompastor, \u017ee to &#8222;bylo nepochybn\u00e9&#8220; je pon\u011bkud \u00fasm\u011bvn\u00e9. \u017de rozhod\u010d\u00ed ve WSL 1 zjevn\u011b nepou\u017e\u00edvaj\u00ed hodinky s elektonickou signalizac\u00ed je u\u017e \u00fasm\u011bvn\u00e9 m\u00e9n\u011b.<\/p>\n<p>Zbytek polo\u010dasu bylo z na\u0161\u00ed strany \u010dist\u00e9 tr\u00e1pen\u00ed, Chelsea n\u00e1s p\u0159ehr\u00e1vala po v\u0161ech str\u00e1nk\u00e1ch. Dal\u0161\u00ed g\u00f3ly proto byly jen ot\u00e1zkou \u010dasu. Dostalo se n\u00e1m jich v 53. minut\u011b, kdy zbl\u00edzka zav\u011bsila Carpenter (<strong>1:3<\/strong>) a na kone\u010dn\u00fdch <strong>1:4<\/strong> pe\u010detila v 70. minut\u011b Cuthbert.\u00a0 My jsme mohli nab\u00eddnout jen snahu, kter\u00e1 s postupuj\u00edc\u00edm \u010dasem byla tlumena postupuj\u00edc\u00ed \u00favanou a z\u00e1v\u011bre\u010dn\u00fd hvizd taky byl pro n\u00e1s vysvobozen\u00edm.<\/p>\n<h4>Kone\u010dn\u00e9 slovo<\/h4>\n<p>I p\u0159es ob\u010dasn\u00e9 lapsy jsme hr\u00e1li v r\u00e1mci sv\u00fdch mo\u017enost\u00ed, kter\u00e9 bohu\u017eel nejsou takov\u00e9, abychom s nimi dok\u00e1zali dr\u017eet krok s nejlep\u0161\u00edmi t\u00fdmi ligy. M\u016f\u017eeme se sice dohadovat, co by se stalo, kdybychom se po \u0161anci Pacheco dostali do veden\u00ed, ale to jsou \u00favahy nav\u00fdsost akademick\u00e9. Mace v obran\u011b vysloven\u011b chyb\u011bla, jej\u00ed n\u00e1hrada Stenevik nen\u00ed dostate\u010dn\u00e1. Obrana byla chaotick\u00e1, mezihru v z\u00e1loze jsme v podstat\u011b \u017e\u00e1dnou nep\u0159edvedli a ob\u010dasn\u00e9 z\u00e1chv\u011bvy fotbalovosti na korekci sk\u00f3re nesta\u010dily. Pot\u00ed\u017e je, \u017ee 13.5. n\u00e1s \u010dek\u00e1 v\u00fdjezd za Arsenalem, a to nebude soupe\u0159 o nic leh\u010d\u00ed. Mo\u017en\u00e1 sp\u00ed\u0161e naopak. Tak se v\u011bnujme zenov\u00e9 meditaci a dr\u017eme palce. <strong><span style=\"color: #0000ff;\">COYBG!<\/span><\/strong><\/p>\n<p><strong>G\u00f3ly:<\/strong> Momiki (10\u00b4) &#8211; Kerr (6\u00b4, 47 \u00b4), Carpenter (53\u00b4), Cuthbert 70\u00b4\u00a0 \u00a0<strong>\u017dK:<\/strong> Stenevik &#8211; Charles+w<\/p>\n<p><strong>Everton (4-4-2): <\/strong>Brosnan; Blundell, Fern\u00e1ndez, Stenevik, Pacheco; Payne, Wheeler, Galli (Hayashi 68\u00b4), Vignola (Snoeijs 78\u00b4); Momiki (Harbert 85\u00b4), Gago<\/p>\n<p><strong>Chelsea (4-1-4-1): <\/strong>Hampton; Carpenter, Bronze, Buurman (Sarwie 78\u00b4), Charles (Buchanan 61\u00b4); Walsh (Potter 71\u00b4); Thompson (Ratting Kaneryd 61\u00b4), Curthbert, N\u00fcsken, James (Baltimore 71\u00b4); Kerr<\/p>\n<p><strong>Sud\u00ed:<\/strong> Ross Martin<\/p>\n<p style=\"text-align: right;\"><span style=\"font-size: 10pt;\"><em>Fotografie: Claire Wheeler bojuje se Sjoeke N\u00fcsken (Zdroj: Getty Images via https:\/\/royalbluemersey.sbnation.com)<\/em><\/span><\/p>\n","protected":false},"excerpt":{"rendered":"<p>Po reprezenta\u010dn\u00ed pauze op\u011bt v akci! \u0160koda, \u017ee se z\u00e1pasy nehraj\u00ed jen na 45 minut, mohl to b\u00fdt d\u016fstojn\u00fd n\u00e1vrat do akce. Bohu\u017eel nebyl.\u00a0<\/p>\n","protected":false},"author":26,"featured_media":28714,"comment_status":"open","ping_status":"closed","sticky":false,"template":"","format":"standard","meta":{"_eb_attr":"","_monsterinsights_skip_tracking":false,"_monsterinsights_sitenote_active":false,"_monsterinsights_sitenote_note":"","_monsterinsights_sitenote_category":0,"footnotes":""},"categories":[110,4],"tags":[],"yoast_head":"<!-- This site is optimized with the Yoast SEO plugin v23.4 - https:\/\/yoast.com\/wordpress\/plugins\/seo\/ -->\n<title>Everton W - Chelsea W 1:4 - Official Czech &amp; Slovak Everton Supporters&#039; Club<\/title>\n<meta name=\"robots\" content=\"index, follow, max-snippet:-1, max-image-preview:large, max-video-preview:-1\" \/>\n<link rel=\"canonical\" href=\"https:\/\/evertonfc.cz\/index.php\/2026\/04\/28\/everton-w-chelsea-w-14\/\" \/>\n<meta property=\"og:locale\" content=\"cs_CZ\" \/>\n<meta property=\"og:type\" content=\"article\" \/>\n<meta property=\"og:title\" content=\"Everton W - Chelsea W 1:4 - Official Czech &amp; Slovak Everton Supporters&#039; Club\" \/>\n<meta property=\"og:description\" content=\"Po reprezenta\u010dn\u00ed pauze op\u011bt v akci! \u0160koda, \u017ee se z\u00e1pasy nehraj\u00ed jen na 45 minut, mohl to b\u00fdt d\u016fstojn\u00fd n\u00e1vrat do akce. Bohu\u017eel nebyl.\u00a0\" \/>\n<meta property=\"og:url\" content=\"https:\/\/evertonfc.cz\/index.php\/2026\/04\/28\/everton-w-chelsea-w-14\/\" \/>\n<meta property=\"og:site_name\" content=\"Official Czech &amp; Slovak Everton Supporters&#039; Club\" \/>\n<meta property=\"article:publisher\" content=\"https:\/\/www.facebook.com\/everton.fans.cz.sk\" \/>\n<meta property=\"article:published_time\" content=\"2026-04-28T07:40:21+00:00\" \/>\n<meta property=\"og:image\" content=\"https:\/\/evertonfc.cz\/wp-content\/uploads\/2026\/04\/Wheeler-vs-Chelsea-26_04_26-web.jpg\" \/>\n\t<meta property=\"og:image:width\" content=\"1080\" \/>\n\t<meta property=\"og:image:height\" content=\"608\" \/>\n\t<meta property=\"og:image:type\" content=\"image\/jpeg\" \/>\n<meta name=\"author\" content=\"Karamela\" \/>\n<meta name=\"twitter:card\" content=\"summary_large_image\" \/>\n<meta name=\"twitter:label1\" content=\"Napsal(a)\" \/>\n\t<meta name=\"twitter:data1\" content=\"Karamela\" \/>\n\t<meta name=\"twitter:label2\" content=\"Odhadovan\u00e1 doba \u010dten\u00ed\" \/>\n\t<meta name=\"twitter:data2\" content=\"4 minuty\" \/>\n<script type=\"application\/ld+json\" class=\"yoast-schema-graph\">{\"@context\":\"https:\/\/schema.org\",\"@graph\":[{\"@type\":\"Article\",\"@id\":\"https:\/\/evertonfc.cz\/index.php\/2026\/04\/28\/everton-w-chelsea-w-14\/#article\",\"isPartOf\":{\"@id\":\"https:\/\/evertonfc.cz\/index.php\/2026\/04\/28\/everton-w-chelsea-w-14\/\"},\"author\":{\"name\":\"Karamela\",\"@id\":\"https:\/\/evertonfc.cz\/#\/schema\/person\/e9a24a80a32efa1344dd2c4e5882185c\"},\"headline\":\"Everton W &#8211; Chelsea W 1:4\",\"datePublished\":\"2026-04-28T07:40:21+00:00\",\"dateModified\":\"2026-04-28T07:40:21+00:00\",\"mainEntityOfPage\":{\"@id\":\"https:\/\/evertonfc.cz\/index.php\/2026\/04\/28\/everton-w-chelsea-w-14\/\"},\"wordCount\":796,\"commentCount\":0,\"publisher\":{\"@id\":\"https:\/\/evertonfc.cz\/#organization\"},\"image\":{\"@id\":\"https:\/\/evertonfc.cz\/index.php\/2026\/04\/28\/everton-w-chelsea-w-14\/#primaryimage\"},\"thumbnailUrl\":\"https:\/\/evertonfc.cz\/wp-content\/uploads\/2026\/04\/Wheeler-vs-Chelsea-26_04_26-web.jpg\",\"articleSection\":[\"Everton Women\",\"Z\u00e1pasy\"],\"inLanguage\":\"cs\",\"potentialAction\":[{\"@type\":\"CommentAction\",\"name\":\"Comment\",\"target\":[\"https:\/\/evertonfc.cz\/index.php\/2026\/04\/28\/everton-w-chelsea-w-14\/#respond\"]}]},{\"@type\":\"WebPage\",\"@id\":\"https:\/\/evertonfc.cz\/index.php\/2026\/04\/28\/everton-w-chelsea-w-14\/\",\"url\":\"https:\/\/evertonfc.cz\/index.php\/2026\/04\/28\/everton-w-chelsea-w-14\/\",\"name\":\"Everton W - Chelsea W 1:4 - Official Czech &amp; Slovak Everton Supporters&#039; Club\",\"isPartOf\":{\"@id\":\"https:\/\/evertonfc.cz\/#website\"},\"primaryImageOfPage\":{\"@id\":\"https:\/\/evertonfc.cz\/index.php\/2026\/04\/28\/everton-w-chelsea-w-14\/#primaryimage\"},\"image\":{\"@id\":\"https:\/\/evertonfc.cz\/index.php\/2026\/04\/28\/everton-w-chelsea-w-14\/#primaryimage\"},\"thumbnailUrl\":\"https:\/\/evertonfc.cz\/wp-content\/uploads\/2026\/04\/Wheeler-vs-Chelsea-26_04_26-web.jpg\",\"datePublished\":\"2026-04-28T07:40:21+00:00\",\"dateModified\":\"2026-04-28T07:40:21+00:00\",\"breadcrumb\":{\"@id\":\"https:\/\/evertonfc.cz\/index.php\/2026\/04\/28\/everton-w-chelsea-w-14\/#breadcrumb\"},\"inLanguage\":\"cs\",\"potentialAction\":[{\"@type\":\"ReadAction\",\"target\":[\"https:\/\/evertonfc.cz\/index.php\/2026\/04\/28\/everton-w-chelsea-w-14\/\"]}]},{\"@type\":\"ImageObject\",\"inLanguage\":\"cs\",\"@id\":\"https:\/\/evertonfc.cz\/index.php\/2026\/04\/28\/everton-w-chelsea-w-14\/#primaryimage\",\"url\":\"https:\/\/evertonfc.cz\/wp-content\/uploads\/2026\/04\/Wheeler-vs-Chelsea-26_04_26-web.jpg\",\"contentUrl\":\"https:\/\/evertonfc.cz\/wp-content\/uploads\/2026\/04\/Wheeler-vs-Chelsea-26_04_26-web.jpg\",\"width\":1080,\"height\":608},{\"@type\":\"BreadcrumbList\",\"@id\":\"https:\/\/evertonfc.cz\/index.php\/2026\/04\/28\/everton-w-chelsea-w-14\/#breadcrumb\",\"itemListElement\":[{\"@type\":\"ListItem\",\"position\":1,\"name\":\"Home\",\"item\":\"https:\/\/evertonfc.cz\/\"},{\"@type\":\"ListItem\",\"position\":2,\"name\":\"Everton W &#8211; Chelsea W 1:4\"}]},{\"@type\":\"WebSite\",\"@id\":\"https:\/\/evertonfc.cz\/#website\",\"url\":\"https:\/\/evertonfc.cz\/\",\"name\":\"Official Czech &amp; Slovak Everton Supporters&#039; Club\",\"description\":\"\",\"publisher\":{\"@id\":\"https:\/\/evertonfc.cz\/#organization\"},\"potentialAction\":[{\"@type\":\"SearchAction\",\"target\":{\"@type\":\"EntryPoint\",\"urlTemplate\":\"https:\/\/evertonfc.cz\/?s={search_term_string}\"},\"query-input\":{\"@type\":\"PropertyValueSpecification\",\"valueRequired\":true,\"valueName\":\"search_term_string\"}}],\"inLanguage\":\"cs\"},{\"@type\":\"Organization\",\"@id\":\"https:\/\/evertonfc.cz\/#organization\",\"name\":\"Official Czech & Slovak Everton Supporters' Club\",\"url\":\"https:\/\/evertonfc.cz\/\",\"logo\":{\"@type\":\"ImageObject\",\"inLanguage\":\"cs\",\"@id\":\"https:\/\/evertonfc.cz\/#\/schema\/logo\/image\/\",\"url\":\"https:\/\/evertonfc.cz\/wp-content\/uploads\/2019\/05\/logo.png\",\"contentUrl\":\"https:\/\/evertonfc.cz\/wp-content\/uploads\/2019\/05\/logo.png\",\"width\":112,\"height\":112,\"caption\":\"Official Czech & Slovak Everton Supporters' Club\"},\"image\":{\"@id\":\"https:\/\/evertonfc.cz\/#\/schema\/logo\/image\/\"},\"sameAs\":[\"https:\/\/www.facebook.com\/everton.fans.cz.sk\"]},{\"@type\":\"Person\",\"@id\":\"https:\/\/evertonfc.cz\/#\/schema\/person\/e9a24a80a32efa1344dd2c4e5882185c\",\"name\":\"Karamela\",\"url\":\"https:\/\/evertonfc.cz\/index.php\/author\/karamela\/\"}]}<\/script>\n<!-- \/ Yoast SEO plugin. -->","yoast_head_json":{"title":"Everton W - Chelsea W 1:4 - Official Czech &amp; Slovak Everton Supporters&#039; Club","robots":{"index":"index","follow":"follow","max-snippet":"max-snippet:-1","max-image-preview":"max-image-preview:large","max-video-preview":"max-video-preview:-1"},"canonical":"https:\/\/evertonfc.cz\/index.php\/2026\/04\/28\/everton-w-chelsea-w-14\/","og_locale":"cs_CZ","og_type":"article","og_title":"Everton W - Chelsea W 1:4 - Official Czech &amp; Slovak Everton Supporters&#039; Club","og_description":"Po reprezenta\u010dn\u00ed pauze op\u011bt v akci! \u0160koda, \u017ee se z\u00e1pasy nehraj\u00ed jen na 45 minut, mohl to b\u00fdt d\u016fstojn\u00fd n\u00e1vrat do akce. Bohu\u017eel nebyl.\u00a0","og_url":"https:\/\/evertonfc.cz\/index.php\/2026\/04\/28\/everton-w-chelsea-w-14\/","og_site_name":"Official Czech &amp; Slovak Everton Supporters&#039; Club","article_publisher":"https:\/\/www.facebook.com\/everton.fans.cz.sk","article_published_time":"2026-04-28T07:40:21+00:00","og_image":[{"width":1080,"height":608,"url":"https:\/\/evertonfc.cz\/wp-content\/uploads\/2026\/04\/Wheeler-vs-Chelsea-26_04_26-web.jpg","type":"image\/jpeg"}],"author":"Karamela","twitter_card":"summary_large_image","twitter_misc":{"Napsal(a)":"Karamela","Odhadovan\u00e1 doba \u010dten\u00ed":"4 minuty"},"schema":{"@context":"https:\/\/schema.org","@graph":[{"@type":"Article","@id":"https:\/\/evertonfc.cz\/index.php\/2026\/04\/28\/everton-w-chelsea-w-14\/#article","isPartOf":{"@id":"https:\/\/evertonfc.cz\/index.php\/2026\/04\/28\/everton-w-chelsea-w-14\/"},"author":{"name":"Karamela","@id":"https:\/\/evertonfc.cz\/#\/schema\/person\/e9a24a80a32efa1344dd2c4e5882185c"},"headline":"Everton W &#8211; Chelsea W 1:4","datePublished":"2026-04-28T07:40:21+00:00","dateModified":"2026-04-28T07:40:21+00:00","mainEntityOfPage":{"@id":"https:\/\/evertonfc.cz\/index.php\/2026\/04\/28\/everton-w-chelsea-w-14\/"},"wordCount":796,"commentCount":0,"publisher":{"@id":"https:\/\/evertonfc.cz\/#organization"},"image":{"@id":"https:\/\/evertonfc.cz\/index.php\/2026\/04\/28\/everton-w-chelsea-w-14\/#primaryimage"},"thumbnailUrl":"https:\/\/evertonfc.cz\/wp-content\/uploads\/2026\/04\/Wheeler-vs-Chelsea-26_04_26-web.jpg","articleSection":["Everton Women","Z\u00e1pasy"],"inLanguage":"cs","potentialAction":[{"@type":"CommentAction","name":"Comment","target":["https:\/\/evertonfc.cz\/index.php\/2026\/04\/28\/everton-w-chelsea-w-14\/#respond"]}]},{"@type":"WebPage","@id":"https:\/\/evertonfc.cz\/index.php\/2026\/04\/28\/everton-w-chelsea-w-14\/","url":"https:\/\/evertonfc.cz\/index.php\/2026\/04\/28\/everton-w-chelsea-w-14\/","name":"Everton W - Chelsea W 1:4 - Official Czech &amp; Slovak Everton Supporters&#039; Club","isPartOf":{"@id":"https:\/\/evertonfc.cz\/#website"},"primaryImageOfPage":{"@id":"https:\/\/evertonfc.cz\/index.php\/2026\/04\/28\/everton-w-chelsea-w-14\/#primaryimage"},"image":{"@id":"https:\/\/evertonfc.cz\/index.php\/2026\/04\/28\/everton-w-chelsea-w-14\/#primaryimage"},"thumbnailUrl":"https:\/\/evertonfc.cz\/wp-content\/uploads\/2026\/04\/Wheeler-vs-Chelsea-26_04_26-web.jpg","datePublished":"2026-04-28T07:40:21+00:00","dateModified":"2026-04-28T07:40:21+00:00","breadcrumb":{"@id":"https:\/\/evertonfc.cz\/index.php\/2026\/04\/28\/everton-w-chelsea-w-14\/#breadcrumb"},"inLanguage":"cs","potentialAction":[{"@type":"ReadAction","target":["https:\/\/evertonfc.cz\/index.php\/2026\/04\/28\/everton-w-chelsea-w-14\/"]}]},{"@type":"ImageObject","inLanguage":"cs","@id":"https:\/\/evertonfc.cz\/index.php\/2026\/04\/28\/everton-w-chelsea-w-14\/#primaryimage","url":"https:\/\/evertonfc.cz\/wp-content\/uploads\/2026\/04\/Wheeler-vs-Chelsea-26_04_26-web.jpg","contentUrl":"https:\/\/evertonfc.cz\/wp-content\/uploads\/2026\/04\/Wheeler-vs-Chelsea-26_04_26-web.jpg","width":1080,"height":608},{"@type":"BreadcrumbList","@id":"https:\/\/evertonfc.cz\/index.php\/2026\/04\/28\/everton-w-chelsea-w-14\/#breadcrumb","itemListElement":[{"@type":"ListItem","position":1,"name":"Home","item":"https:\/\/evertonfc.cz\/"},{"@type":"ListItem","position":2,"name":"Everton W &#8211; Chelsea W 1:4"}]},{"@type":"WebSite","@id":"https:\/\/evertonfc.cz\/#website","url":"https:\/\/evertonfc.cz\/","name":"Official Czech &amp; Slovak Everton Supporters&#039; Club","description":"","publisher":{"@id":"https:\/\/evertonfc.cz\/#organization"},"potentialAction":[{"@type":"SearchAction","target":{"@type":"EntryPoint","urlTemplate":"https:\/\/evertonfc.cz\/?s={search_term_string}"},"query-input":{"@type":"PropertyValueSpecification","valueRequired":true,"valueName":"search_term_string"}}],"inLanguage":"cs"},{"@type":"Organization","@id":"https:\/\/evertonfc.cz\/#organization","name":"Official Czech & Slovak Everton Supporters' Club","url":"https:\/\/evertonfc.cz\/","logo":{"@type":"ImageObject","inLanguage":"cs","@id":"https:\/\/evertonfc.cz\/#\/schema\/logo\/image\/","url":"https:\/\/evertonfc.cz\/wp-content\/uploads\/2019\/05\/logo.png","contentUrl":"https:\/\/evertonfc.cz\/wp-content\/uploads\/2019\/05\/logo.png","width":112,"height":112,"caption":"Official Czech & Slovak Everton Supporters' Club"},"image":{"@id":"https:\/\/evertonfc.cz\/#\/schema\/logo\/image\/"},"sameAs":["https:\/\/www.facebook.com\/everton.fans.cz.sk"]},{"@type":"Person","@id":"https:\/\/evertonfc.cz\/#\/schema\/person\/e9a24a80a32efa1344dd2c4e5882185c","name":"Karamela","url":"https:\/\/evertonfc.cz\/index.php\/author\/karamela\/"}]}},"_links":{"self":[{"href":"https:\/\/evertonfc.cz\/index.php\/wp-json\/wp\/v2\/posts\/28711"}],"collection":[{"href":"https:\/\/evertonfc.cz\/index.php\/wp-json\/wp\/v2\/posts"}],"about":[{"href":"https:\/\/evertonfc.cz\/index.php\/wp-json\/wp\/v2\/types\/post"}],"author":[{"embeddable":true,"href":"https:\/\/evertonfc.cz\/index.php\/wp-json\/wp\/v2\/users\/26"}],"replies":[{"embeddable":true,"href":"https:\/\/evertonfc.cz\/index.php\/wp-json\/wp\/v2\/comments?post=28711"}],"version-history":[{"count":2,"href":"https:\/\/evertonfc.cz\/index.php\/wp-json\/wp\/v2\/posts\/28711\/revisions"}],"predecessor-version":[{"id":28715,"href":"https:\/\/evertonfc.cz\/index.php\/wp-json\/wp\/v2\/posts\/28711\/revisions\/28715"}],"wp:featuredmedia":[{"embeddable":true,"href":"https:\/\/evertonfc.cz\/index.php\/wp-json\/wp\/v2\/media\/28714"}],"wp:attachment":[{"href":"https:\/\/evertonfc.cz\/index.php\/wp-json\/wp\/v2\/media?parent=28711"}],"wp:term":[{"taxonomy":"category","embeddable":true,"href":"https:\/\/evertonfc.cz\/index.php\/wp-json\/wp\/v2\/categories?post=28711"},{"taxonomy":"post_tag","embeddable":true,"href":"https:\/\/evertonfc.cz\/index.php\/wp-json\/wp\/v2\/tags?post=28711"}],"curies":[{"name":"wp","href":"https:\/\/api.w.org\/{rel}","templated":true}]}}