{"id":2876,"date":"2010-06-21T13:17:32","date_gmt":"2010-06-21T11:17:32","guid":{"rendered":"http:\/\/evertonfc.cz\/?p=2876"},"modified":"2019-02-10T13:18:48","modified_gmt":"2019-02-10T12:18:48","slug":"los-premier-league-2010-11","status":"publish","type":"post","link":"https:\/\/evertonfc.cz\/index.php\/2010\/06\/21\/los-premier-league-2010-11\/","title":{"rendered":"Los Premier League 2010\/11"},"content":{"rendered":"<h4>U\u017e za necel\u00e9 dva m\u011bs\u00edce za\u010dne nov\u00e1 sez\u00f3na anglick\u00e9 Premier League, od n\u00ed\u017e fanou\u0161ci Evertonu o\u010dek\u00e1vaj\u00ed velk\u00e9 v\u011bci. Svou pou\u0165 za ligov\u00fdm \u00fasp\u011bchem za\u010d\u00ednaj\u00ed Toffees na h\u0159i\u0161ti Blackburnu Rovers.14.08 &#8211; Blackburn Rovers (v)<\/h4>\n<p>21.08 &#8211; Wolverhampton (d)<br \/>\n28.08 &#8211; Aston Villa (v)<\/p>\n<p>11.09 &#8211; Manchester United (d)<br \/>\n18.09 &#8211; Newcastle United (d)<br \/>\n25.09 &#8211; Fulham (v)<\/p>\n<p>2.10 &#8211; Birmingham City (v)<br \/>\n<strong>16.10 &#8211; Liverpool (d)<\/strong><br \/>\n23.10 &#8211; Tottenham (v)<br \/>\n30.10 &#8211; Stoke City (d)<\/p>\n<p>6.11 &#8211; Blackpool (v)<br \/>\n10.11 &#8211; Bolton (d)<br \/>\n13.11 &#8211; Arsenal (d)<br \/>\n20.11 &#8211; Sunderland (v)<br \/>\n27.11 &#8211; West Bromwich Albion (d)<\/p>\n<p>4.12 &#8211; Chelsea (v)<br \/>\n11.12 &#8211; Wigan (d)<br \/>\n18.12 &#8211; Manchester City (v)<br \/>\n26.12 &#8211; Birmingham City (d)<br \/>\n28.12 &#8211; West Ham (v)<\/p>\n<p>1.01 &#8211; Stoke City (v)<br \/>\n5.01 &#8211; Tottenham (d)<br \/>\n<strong>15.01 &#8211; Liverpool (v)<\/strong><br \/>\n22.01 &#8211; West Ham (d)<\/p>\n<p>1.02 &#8211; Arsenal (w)<br \/>\n5.02 &#8211; Blackpool (d)<br \/>\n12.02 &#8211; Bolton (v)<br \/>\n26.02 &#8211; Sunderland (v)<\/p>\n<p>5.03 &#8211; Newcastle (v)<br \/>\n19.03 &#8211; Fulham (d)<\/p>\n<p>2.04 &#8211; Aston Villa (d)<br \/>\n9.04 &#8211; Wolverhampton (v)<br \/>\n16.04 &#8211; Blackburn (d)<br \/>\n23.04 &#8211; Manchester United (v)<br \/>\n30.04 &#8211; Wigan (v)<\/p>\n<div>7.05 &#8211; Manchester City (d)<br \/>\n14.05 &#8211; West Bromwich Albion (v)<br \/>\n22.05 &#8211; Chelsea (d)<\/div>\n","protected":false},"excerpt":{"rendered":"<p>U\u017e za necel\u00e9 dva m\u011bs\u00edce za\u010dne nov\u00e1 sez\u00f3na anglick\u00e9 Premier League, od n\u00ed\u017e fanou\u0161ci Evertonu o\u010dek\u00e1vaj\u00ed velk\u00e9 v\u011bci. Svou pou\u0165&hellip;<\/p>\n","protected":false},"author":6,"featured_media":1313,"comment_status":"open","ping_status":"closed","sticky":false,"template":"","format":"standard","meta":{"_eb_attr":"","_monsterinsights_skip_tracking":false,"_monsterinsights_sitenote_active":false,"_monsterinsights_sitenote_note":"","_monsterinsights_sitenote_category":0,"footnotes":""},"categories":[42],"tags":[],"yoast_head":"<!-- This site is optimized with the Yoast SEO plugin v23.4 - https:\/\/yoast.com\/wordpress\/plugins\/seo\/ -->\n<title>Los Premier League 2010\/11 - Official Czech &amp; Slovak Everton Supporters&#039; Club<\/title>\n<meta name=\"robots\" content=\"index, follow, max-snippet:-1, max-image-preview:large, max-video-preview:-1\" \/>\n<link rel=\"canonical\" href=\"https:\/\/evertonfc.cz\/index.php\/2010\/06\/21\/los-premier-league-2010-11\/\" \/>\n<meta property=\"og:locale\" content=\"cs_CZ\" \/>\n<meta property=\"og:type\" content=\"article\" \/>\n<meta property=\"og:title\" content=\"Los Premier League 2010\/11 - Official Czech &amp; Slovak Everton Supporters&#039; Club\" \/>\n<meta property=\"og:description\" content=\"U\u017e za necel\u00e9 dva m\u011bs\u00edce za\u010dne nov\u00e1 sez\u00f3na anglick\u00e9 Premier League, od n\u00ed\u017e fanou\u0161ci Evertonu o\u010dek\u00e1vaj\u00ed velk\u00e9 v\u011bci. Svou pou\u0165&hellip;\" \/>\n<meta property=\"og:url\" content=\"https:\/\/evertonfc.cz\/index.php\/2010\/06\/21\/los-premier-league-2010-11\/\" \/>\n<meta property=\"og:site_name\" content=\"Official Czech &amp; Slovak Everton Supporters&#039; Club\" \/>\n<meta property=\"article:publisher\" content=\"https:\/\/www.facebook.com\/everton.fans.cz.sk\" \/>\n<meta property=\"article:published_time\" content=\"2010-06-21T11:17:32+00:00\" \/>\n<meta property=\"article:modified_time\" content=\"2019-02-10T12:18:48+00:00\" \/>\n<meta property=\"og:image\" content=\"https:\/\/evertonfc.cz\/wp-content\/uploads\/2019\/01\/news.jpg\" \/>\n\t<meta property=\"og:image:width\" content=\"720\" \/>\n\t<meta property=\"og:image:height\" content=\"405\" \/>\n\t<meta property=\"og:image:type\" content=\"image\/jpeg\" \/>\n<meta name=\"author\" content=\"Ri\u010di\" \/>\n<meta name=\"twitter:card\" content=\"summary_large_image\" \/>\n<meta name=\"twitter:creator\" content=\"@rbrejsa\" \/>\n<meta name=\"twitter:label1\" content=\"Napsal(a)\" \/>\n\t<meta name=\"twitter:data1\" content=\"Ri\u010di\" \/>\n\t<meta name=\"twitter:label2\" content=\"Odhadovan\u00e1 doba \u010dten\u00ed\" \/>\n\t<meta name=\"twitter:data2\" content=\"1 minuta\" \/>\n<script type=\"application\/ld+json\" class=\"yoast-schema-graph\">{\"@context\":\"https:\/\/schema.org\",\"@graph\":[{\"@type\":\"Article\",\"@id\":\"https:\/\/evertonfc.cz\/index.php\/2010\/06\/21\/los-premier-league-2010-11\/#article\",\"isPartOf\":{\"@id\":\"https:\/\/evertonfc.cz\/index.php\/2010\/06\/21\/los-premier-league-2010-11\/\"},\"author\":{\"name\":\"Ri\u010di\",\"@id\":\"https:\/\/evertonfc.cz\/#\/schema\/person\/f7a5daedb2ffee98480bc70e191aaef1\"},\"headline\":\"Los Premier League 2010\/11\",\"datePublished\":\"2010-06-21T11:17:32+00:00\",\"dateModified\":\"2019-02-10T12:18:48+00:00\",\"mainEntityOfPage\":{\"@id\":\"https:\/\/evertonfc.cz\/index.php\/2010\/06\/21\/los-premier-league-2010-11\/\"},\"wordCount\":177,\"commentCount\":0,\"publisher\":{\"@id\":\"https:\/\/evertonfc.cz\/#organization\"},\"image\":{\"@id\":\"https:\/\/evertonfc.cz\/index.php\/2010\/06\/21\/los-premier-league-2010-11\/#primaryimage\"},\"thumbnailUrl\":\"https:\/\/evertonfc.cz\/wp-content\/uploads\/2019\/01\/news.jpg\",\"articleSection\":[\"Aktuality\"],\"inLanguage\":\"cs\",\"potentialAction\":[{\"@type\":\"CommentAction\",\"name\":\"Comment\",\"target\":[\"https:\/\/evertonfc.cz\/index.php\/2010\/06\/21\/los-premier-league-2010-11\/#respond\"]}]},{\"@type\":\"WebPage\",\"@id\":\"https:\/\/evertonfc.cz\/index.php\/2010\/06\/21\/los-premier-league-2010-11\/\",\"url\":\"https:\/\/evertonfc.cz\/index.php\/2010\/06\/21\/los-premier-league-2010-11\/\",\"name\":\"Los Premier League 2010\/11 - Official Czech &amp; Slovak Everton Supporters&#039; Club\",\"isPartOf\":{\"@id\":\"https:\/\/evertonfc.cz\/#website\"},\"primaryImageOfPage\":{\"@id\":\"https:\/\/evertonfc.cz\/index.php\/2010\/06\/21\/los-premier-league-2010-11\/#primaryimage\"},\"image\":{\"@id\":\"https:\/\/evertonfc.cz\/index.php\/2010\/06\/21\/los-premier-league-2010-11\/#primaryimage\"},\"thumbnailUrl\":\"https:\/\/evertonfc.cz\/wp-content\/uploads\/2019\/01\/news.jpg\",\"datePublished\":\"2010-06-21T11:17:32+00:00\",\"dateModified\":\"2019-02-10T12:18:48+00:00\",\"breadcrumb\":{\"@id\":\"https:\/\/evertonfc.cz\/index.php\/2010\/06\/21\/los-premier-league-2010-11\/#breadcrumb\"},\"inLanguage\":\"cs\",\"potentialAction\":[{\"@type\":\"ReadAction\",\"target\":[\"https:\/\/evertonfc.cz\/index.php\/2010\/06\/21\/los-premier-league-2010-11\/\"]}]},{\"@type\":\"ImageObject\",\"inLanguage\":\"cs\",\"@id\":\"https:\/\/evertonfc.cz\/index.php\/2010\/06\/21\/los-premier-league-2010-11\/#primaryimage\",\"url\":\"https:\/\/evertonfc.cz\/wp-content\/uploads\/2019\/01\/news.jpg\",\"contentUrl\":\"https:\/\/evertonfc.cz\/wp-content\/uploads\/2019\/01\/news.jpg\",\"width\":720,\"height\":405},{\"@type\":\"BreadcrumbList\",\"@id\":\"https:\/\/evertonfc.cz\/index.php\/2010\/06\/21\/los-premier-league-2010-11\/#breadcrumb\",\"itemListElement\":[{\"@type\":\"ListItem\",\"position\":1,\"name\":\"Home\",\"item\":\"https:\/\/evertonfc.cz\/\"},{\"@type\":\"ListItem\",\"position\":2,\"name\":\"Los Premier League 2010\/11\"}]},{\"@type\":\"WebSite\",\"@id\":\"https:\/\/evertonfc.cz\/#website\",\"url\":\"https:\/\/evertonfc.cz\/\",\"name\":\"Official Czech &amp; Slovak Everton Supporters&#039; Club\",\"description\":\"\",\"publisher\":{\"@id\":\"https:\/\/evertonfc.cz\/#organization\"},\"potentialAction\":[{\"@type\":\"SearchAction\",\"target\":{\"@type\":\"EntryPoint\",\"urlTemplate\":\"https:\/\/evertonfc.cz\/?s={search_term_string}\"},\"query-input\":{\"@type\":\"PropertyValueSpecification\",\"valueRequired\":true,\"valueName\":\"search_term_string\"}}],\"inLanguage\":\"cs\"},{\"@type\":\"Organization\",\"@id\":\"https:\/\/evertonfc.cz\/#organization\",\"name\":\"Official Czech & Slovak Everton Supporters' Club\",\"url\":\"https:\/\/evertonfc.cz\/\",\"logo\":{\"@type\":\"ImageObject\",\"inLanguage\":\"cs\",\"@id\":\"https:\/\/evertonfc.cz\/#\/schema\/logo\/image\/\",\"url\":\"https:\/\/evertonfc.cz\/wp-content\/uploads\/2019\/05\/logo.png\",\"contentUrl\":\"https:\/\/evertonfc.cz\/wp-content\/uploads\/2019\/05\/logo.png\",\"width\":112,\"height\":112,\"caption\":\"Official Czech & Slovak Everton Supporters' Club\"},\"image\":{\"@id\":\"https:\/\/evertonfc.cz\/#\/schema\/logo\/image\/\"},\"sameAs\":[\"https:\/\/www.facebook.com\/everton.fans.cz.sk\"]},{\"@type\":\"Person\",\"@id\":\"https:\/\/evertonfc.cz\/#\/schema\/person\/f7a5daedb2ffee98480bc70e191aaef1\",\"name\":\"Ri\u010di\",\"sameAs\":[\"https:\/\/x.com\/rbrejsa\"],\"url\":\"https:\/\/evertonfc.cz\/index.php\/author\/rici\/\"}]}<\/script>\n<!-- \/ Yoast SEO plugin. -->","yoast_head_json":{"title":"Los Premier League 2010\/11 - Official Czech &amp; Slovak Everton Supporters&#039; Club","robots":{"index":"index","follow":"follow","max-snippet":"max-snippet:-1","max-image-preview":"max-image-preview:large","max-video-preview":"max-video-preview:-1"},"canonical":"https:\/\/evertonfc.cz\/index.php\/2010\/06\/21\/los-premier-league-2010-11\/","og_locale":"cs_CZ","og_type":"article","og_title":"Los Premier League 2010\/11 - Official Czech &amp; Slovak Everton Supporters&#039; Club","og_description":"U\u017e za necel\u00e9 dva m\u011bs\u00edce za\u010dne nov\u00e1 sez\u00f3na anglick\u00e9 Premier League, od n\u00ed\u017e fanou\u0161ci Evertonu o\u010dek\u00e1vaj\u00ed velk\u00e9 v\u011bci. Svou pou\u0165&hellip;","og_url":"https:\/\/evertonfc.cz\/index.php\/2010\/06\/21\/los-premier-league-2010-11\/","og_site_name":"Official Czech &amp; Slovak Everton Supporters&#039; Club","article_publisher":"https:\/\/www.facebook.com\/everton.fans.cz.sk","article_published_time":"2010-06-21T11:17:32+00:00","article_modified_time":"2019-02-10T12:18:48+00:00","og_image":[{"width":720,"height":405,"url":"https:\/\/evertonfc.cz\/wp-content\/uploads\/2019\/01\/news.jpg","type":"image\/jpeg"}],"author":"Ri\u010di","twitter_card":"summary_large_image","twitter_creator":"@rbrejsa","twitter_misc":{"Napsal(a)":"Ri\u010di","Odhadovan\u00e1 doba \u010dten\u00ed":"1 minuta"},"schema":{"@context":"https:\/\/schema.org","@graph":[{"@type":"Article","@id":"https:\/\/evertonfc.cz\/index.php\/2010\/06\/21\/los-premier-league-2010-11\/#article","isPartOf":{"@id":"https:\/\/evertonfc.cz\/index.php\/2010\/06\/21\/los-premier-league-2010-11\/"},"author":{"name":"Ri\u010di","@id":"https:\/\/evertonfc.cz\/#\/schema\/person\/f7a5daedb2ffee98480bc70e191aaef1"},"headline":"Los Premier League 2010\/11","datePublished":"2010-06-21T11:17:32+00:00","dateModified":"2019-02-10T12:18:48+00:00","mainEntityOfPage":{"@id":"https:\/\/evertonfc.cz\/index.php\/2010\/06\/21\/los-premier-league-2010-11\/"},"wordCount":177,"commentCount":0,"publisher":{"@id":"https:\/\/evertonfc.cz\/#organization"},"image":{"@id":"https:\/\/evertonfc.cz\/index.php\/2010\/06\/21\/los-premier-league-2010-11\/#primaryimage"},"thumbnailUrl":"https:\/\/evertonfc.cz\/wp-content\/uploads\/2019\/01\/news.jpg","articleSection":["Aktuality"],"inLanguage":"cs","potentialAction":[{"@type":"CommentAction","name":"Comment","target":["https:\/\/evertonfc.cz\/index.php\/2010\/06\/21\/los-premier-league-2010-11\/#respond"]}]},{"@type":"WebPage","@id":"https:\/\/evertonfc.cz\/index.php\/2010\/06\/21\/los-premier-league-2010-11\/","url":"https:\/\/evertonfc.cz\/index.php\/2010\/06\/21\/los-premier-league-2010-11\/","name":"Los Premier League 2010\/11 - Official Czech &amp; Slovak Everton Supporters&#039; Club","isPartOf":{"@id":"https:\/\/evertonfc.cz\/#website"},"primaryImageOfPage":{"@id":"https:\/\/evertonfc.cz\/index.php\/2010\/06\/21\/los-premier-league-2010-11\/#primaryimage"},"image":{"@id":"https:\/\/evertonfc.cz\/index.php\/2010\/06\/21\/los-premier-league-2010-11\/#primaryimage"},"thumbnailUrl":"https:\/\/evertonfc.cz\/wp-content\/uploads\/2019\/01\/news.jpg","datePublished":"2010-06-21T11:17:32+00:00","dateModified":"2019-02-10T12:18:48+00:00","breadcrumb":{"@id":"https:\/\/evertonfc.cz\/index.php\/2010\/06\/21\/los-premier-league-2010-11\/#breadcrumb"},"inLanguage":"cs","potentialAction":[{"@type":"ReadAction","target":["https:\/\/evertonfc.cz\/index.php\/2010\/06\/21\/los-premier-league-2010-11\/"]}]},{"@type":"ImageObject","inLanguage":"cs","@id":"https:\/\/evertonfc.cz\/index.php\/2010\/06\/21\/los-premier-league-2010-11\/#primaryimage","url":"https:\/\/evertonfc.cz\/wp-content\/uploads\/2019\/01\/news.jpg","contentUrl":"https:\/\/evertonfc.cz\/wp-content\/uploads\/2019\/01\/news.jpg","width":720,"height":405},{"@type":"BreadcrumbList","@id":"https:\/\/evertonfc.cz\/index.php\/2010\/06\/21\/los-premier-league-2010-11\/#breadcrumb","itemListElement":[{"@type":"ListItem","position":1,"name":"Home","item":"https:\/\/evertonfc.cz\/"},{"@type":"ListItem","position":2,"name":"Los Premier League 2010\/11"}]},{"@type":"WebSite","@id":"https:\/\/evertonfc.cz\/#website","url":"https:\/\/evertonfc.cz\/","name":"Official Czech &amp; Slovak Everton Supporters&#039; Club","description":"","publisher":{"@id":"https:\/\/evertonfc.cz\/#organization"},"potentialAction":[{"@type":"SearchAction","target":{"@type":"EntryPoint","urlTemplate":"https:\/\/evertonfc.cz\/?s={search_term_string}"},"query-input":{"@type":"PropertyValueSpecification","valueRequired":true,"valueName":"search_term_string"}}],"inLanguage":"cs"},{"@type":"Organization","@id":"https:\/\/evertonfc.cz\/#organization","name":"Official Czech & Slovak Everton Supporters' Club","url":"https:\/\/evertonfc.cz\/","logo":{"@type":"ImageObject","inLanguage":"cs","@id":"https:\/\/evertonfc.cz\/#\/schema\/logo\/image\/","url":"https:\/\/evertonfc.cz\/wp-content\/uploads\/2019\/05\/logo.png","contentUrl":"https:\/\/evertonfc.cz\/wp-content\/uploads\/2019\/05\/logo.png","width":112,"height":112,"caption":"Official Czech & Slovak Everton Supporters' Club"},"image":{"@id":"https:\/\/evertonfc.cz\/#\/schema\/logo\/image\/"},"sameAs":["https:\/\/www.facebook.com\/everton.fans.cz.sk"]},{"@type":"Person","@id":"https:\/\/evertonfc.cz\/#\/schema\/person\/f7a5daedb2ffee98480bc70e191aaef1","name":"Ri\u010di","sameAs":["https:\/\/x.com\/rbrejsa"],"url":"https:\/\/evertonfc.cz\/index.php\/author\/rici\/"}]}},"_links":{"self":[{"href":"https:\/\/evertonfc.cz\/index.php\/wp-json\/wp\/v2\/posts\/2876"}],"collection":[{"href":"https:\/\/evertonfc.cz\/index.php\/wp-json\/wp\/v2\/posts"}],"about":[{"href":"https:\/\/evertonfc.cz\/index.php\/wp-json\/wp\/v2\/types\/post"}],"author":[{"embeddable":true,"href":"https:\/\/evertonfc.cz\/index.php\/wp-json\/wp\/v2\/users\/6"}],"replies":[{"embeddable":true,"href":"https:\/\/evertonfc.cz\/index.php\/wp-json\/wp\/v2\/comments?post=2876"}],"version-history":[{"count":1,"href":"https:\/\/evertonfc.cz\/index.php\/wp-json\/wp\/v2\/posts\/2876\/revisions"}],"predecessor-version":[{"id":2877,"href":"https:\/\/evertonfc.cz\/index.php\/wp-json\/wp\/v2\/posts\/2876\/revisions\/2877"}],"wp:featuredmedia":[{"embeddable":true,"href":"https:\/\/evertonfc.cz\/index.php\/wp-json\/wp\/v2\/media\/1313"}],"wp:attachment":[{"href":"https:\/\/evertonfc.cz\/index.php\/wp-json\/wp\/v2\/media?parent=2876"}],"wp:term":[{"taxonomy":"category","embeddable":true,"href":"https:\/\/evertonfc.cz\/index.php\/wp-json\/wp\/v2\/categories?post=2876"},{"taxonomy":"post_tag","embeddable":true,"href":"https:\/\/evertonfc.cz\/index.php\/wp-json\/wp\/v2\/tags?post=2876"}],"curies":[{"name":"wp","href":"https:\/\/api.w.org\/{rel}","templated":true}]}}