{"id":2878,"date":"2010-06-27T13:19:01","date_gmt":"2010-06-27T11:19:01","guid":{"rendered":"http:\/\/evertonfc.cz\/?p=2878"},"modified":"2020-05-14T12:29:11","modified_gmt":"2020-05-14T10:29:11","slug":"ohlednuti-za-srazem-fanousku","status":"publish","type":"post","link":"https:\/\/evertonfc.cz\/index.php\/2010\/06\/27\/ohlednuti-za-srazem-fanousku\/","title":{"rendered":"Ohl\u00e9dnut\u00ed za srazem fanou\u0161k\u016f"},"content":{"rendered":"<h4>Jako ji\u017e tradi\u010dn\u011b se alespo\u0148 hrstka zdej\u0161\u00edch Evertonians z\u00fa\u010dastnila dal\u0161\u00edho srazu fanou\u0161k\u016f anglick\u00e9ho fotbalu v Libchav\u00e1ch u \u00dast\u00ed nad Orlic\u00ed.<\/h4>\n<p>Sice \u0161lo \u0159adov\u011b ji\u017e o \u010dtvrtou podobnou akci, p\u0159esto Everton po jedin\u00e9 v\u00fdjimce z lo\u0148sk\u00e9 Prahy sv\u016fj vlastn\u00ed man\u010daft neslo\u017eil. Na m\u00edsto kon\u00e1n\u00ed jsme v p\u00e1tek dorazili jen j\u00e1, Ri\u010di a Javor, a tak bylo jasn\u00e9, \u017ee v sobotu se bude znovu mixovat. V\u00edkendov\u00fd fotb\u00e1lek byl ale a\u017e na druh\u00e9 koleji. P\u00e1te\u010dn\u00ed ve\u010der jsme si zp\u0159\u00edjemnili jak jinak, ne\u017e u pivka sledov\u00e1n\u00edm z\u00e1pasu Chile versus \u0160pan\u011blsko. Na\u0161li se ale i tac\u00ed, kte\u0159\u00ed si no\u010dn\u00ed j\u00edzdu prot\u00e1hli a\u017e tak\u0159ka do sv\u00edt\u00e1n\u00ed.<\/p>\n<p>R\u00e1no jsme tedy vyrazili na libchavskou um\u011blku. Obecn\u011b na sraz dorazilo v porovn\u00e1n\u00ed s minul\u00fdm rokem podstatn\u011b m\u00e9n\u011b fand\u016f, a tak se nejprve musela vy\u0159e\u0161it ot\u00e1zka &#8222;kdo se s k\u00fdm spoj\u00ed&#8220;. Krom Liverpoolu a Tottenhamu, kte\u0159\u00ed utvo\u0159ili vlastn\u00ed t\u00fdmy, vznikly dva mix t\u00fdmy. Ten prvn\u00ed reprezentovali dva fandov\u00e9 Manchesteru United, n\u011bkolik p\u0159\u00edznivc\u016f Newcastlu United a po jednom p\u0159isp\u011bl svou trochou do ml\u00fdna Fulham s Chelsea.<\/p>\n<p>Nejv\u011bt\u0161\u00ed absence ale s\u010d\u00edtal West Ham. Loni dokonce mohl slo\u017eit dva t\u00fdmy, letos p\u0159ijela Kladiv\u00e1\u0159e h\u00e1jit jedin\u00e1 trojice. A pr\u00e1v\u011b s borci pod p\u0159ezd\u00edvkami Jabko, Kundis a Ted jsme utvo\u0159ili zb\u00fdvaj\u00edc\u00ed \u010dtvrt\u00fd t\u00fdm.<\/p>\n<p>Premi\u00e9rov\u00e9 utk\u00e1n\u00ed t\u00fdmu pod n\u00e1zvem WESTON n\u00e1m v\u016fbec nevy\u0161el. \u0160lo sice o nesout\u011b\u017en\u00ed duel proti parti\u010dce ze St\u0159\u00edbra, kter\u00e1 si bez jak\u00fdchkoliv vazeb k n\u011bj\u00e1k\u00e9mu anglick\u00e9mu klubu p\u0159ijela do Libchav jen za\u010dutat, ale sk\u00f3re z\u00e1pasu mluvilo jednozna\u010dn\u011b v n\u00e1\u0161 neprosp\u011bch. Prohra 0-8 byla jasn\u011b nejvy\u0161\u0161\u00ed por\u00e1\u017ekou turnaje. Nepo\u0161t\u011bstilo se ani ve druh\u00e9m z\u00e1pase. P\u0159edv\u00e1d\u011bli jsme sice slu\u0161n\u00fd fotbal, ale jako jedin\u00ed jsme d\u00edky omezen\u00e9mu po\u010dtu hr\u00e1\u010d\u016f nemohli st\u0159\u00eddat, a tak byla na sv\u011bt\u011b dal\u0161\u00ed prohra. Javor sv\u00fdm g\u00f3lem jenom korigoval na kone\u010dn\u00fdch 3-1 pro druh\u00fd mix t\u00fdm, kter\u00fd si \u0159\u00edkal MANEFU.<\/p>\n<p>V dal\u0161\u00edm z\u00e1pase, ve kter\u00e9m se za n\u00e1s jednou g\u00f3lov\u011b prosadil Ri\u010di, n\u00e1m Tottenham nad\u011blil je\u0161t\u011b o g\u00f3l v\u00edc, a tak o spokojenosti nemohla b\u00fdt \u0159e\u010d. V\u0161e se ale zlomilo v tu nejvhodn\u011bj\u0161\u00ed chv\u00edli. T\u00fdm \u010derstv\u011b a zna\u010dn\u011b posiln\u011bn o brank\u00e1\u0159e Pepu vyb\u011bhnul na Liverpool s velkou motivac\u00ed, a najednou se za\u010dalo da\u0159it. V utk\u00e1n\u00ed jsme dokonce vedli o \u010dty\u0159i g\u00f3ly, ale i kone\u010dn\u00fd v\u00fdsledek 5-3 ve prosp\u011bch WESTONu byl velkou satisfakc\u00ed.<\/p>\n<p>Do semifin\u00e1le jsme tak \u0161li ze t\u0159et\u00edho m\u00edsta a st\u00e1l p\u0159ed n\u00e1mi MANEFU. Po Ri\u010diho g\u00f3lu jsme se ocitili ve veden\u00ed a byli jsme blizkou\u010dko postupu do fin\u00e1le. Dv\u011b minuty p\u0159ed koncem jsme ale dostali g\u00f3l, a tak se \u0161lo na penalty. V t\u011bch byl \u00fasp\u011b\u0161n\u011bj\u0161\u00ed soupe\u0159, za n\u00e1s se trefil jen Kundis. \u010cekal n\u00e1s tak boj alespo\u0148 o bronzov\u00fd flek.<\/p>\n<p>V tom jsme s Tottenhamem pom\u011brn\u011b brzy inkasovali, ale z\u00e1sluhou dvou g\u00f3l\u016f, ve kter\u00fdch m\u011bl prsty Ri\u010di, jsme obsadili t\u0159et\u00ed m\u00edsto. Ve fin\u00e1le si to pak rozdal Liverpool s druh\u00fdm mixem, a a\u010dkoliv si trouf\u00e1m \u0159\u00edct, \u017ee LFC nebyl nejlep\u0161\u00edm t\u00fdmem dne, n\u011bj\u00e1k\u00fdm zp\u016fsobem se mu dovedlo prokousat se p\u0159es nerozhodn\u00fd stav do pokutov\u00fdch kop\u016f, kter\u00e9 n\u00e1sledn\u011b zvl\u00e1dl. N\u00e1sledovalo p\u0159ed\u00e1n\u00ed poh\u00e1r\u016f pro v\u00edt\u011bze a p\u0159esun do penzionu k vychlazen\u00e9mu pivku.<\/p>\n<p>Hlavn\u00edm t\u00e9matem byl znovu fotbal i jeho sledov\u00e1n\u00ed. Obzvl\u00e1\u0161t\u011b jsme se t\u011b\u0161ili na duel USA a Ghany, kter\u00fd bohu\u017eel nedopadl podle p\u0159edstav v\u011bt\u0161iny osazenstva. I tak jsme si ale u\u017eili p\u0159\u00edjemn\u00fd ve\u010der pln\u00fd dobr\u00e9 z\u00e1bavy, kter\u00fd i po zav\u00edra\u010dce zvesela pokra\u010doval na pokoj\u00edch. A n\u00e1m nezb\u00fdv\u00e1 ne\u017e se pomalu za\u010d\u00edt \u0161et\u0159it na dal\u0161\u00ed sraz. Ten je toti\u017e v Moravsk\u00e9 T\u0159ebov\u00e9 u\u017e za t\u0159i t\u00fddny \ud83d\ude09<\/p>\n<p><img loading=\"lazy\" decoding=\"async\" class=\"size-full wp-image-2882 aligncenter\" src=\"http:\/\/evertonfc.cz\/wp-content\/uploads\/2019\/02\/26062010750.jpg\" alt=\"\" width=\"490\" height=\"390\" srcset=\"https:\/\/evertonfc.cz\/wp-content\/uploads\/2019\/02\/26062010750.jpg 490w, https:\/\/evertonfc.cz\/wp-content\/uploads\/2019\/02\/26062010750-300x239.jpg 300w\" sizes=\"(max-width: 490px) 100vw, 490px\" \/><\/p>\n","protected":false},"excerpt":{"rendered":"<p>Jako ji\u017e tradi\u010dn\u011b se alespo\u0148 hrstka zdej\u0161\u00edch Evertonians z\u00fa\u010dastnila dal\u0161\u00edho srazu fanou\u0161k\u016f anglick\u00e9ho fotbalu v Libchav\u00e1ch u \u00dast\u00ed nad Orlic\u00ed.&hellip;<\/p>\n","protected":false},"author":7,"featured_media":1313,"comment_status":"open","ping_status":"closed","sticky":false,"template":"","format":"standard","meta":{"_eb_attr":"","_monsterinsights_skip_tracking":false,"_monsterinsights_sitenote_active":false,"_monsterinsights_sitenote_note":"","_monsterinsights_sitenote_category":0,"footnotes":""},"categories":[85],"tags":[],"yoast_head":"<!-- This site is optimized with the Yoast SEO plugin v23.4 - https:\/\/yoast.com\/wordpress\/plugins\/seo\/ -->\n<title>Ohl\u00e9dnut\u00ed za srazem fanou\u0161k\u016f - Official Czech &amp; Slovak Everton Supporters&#039; Club<\/title>\n<meta name=\"robots\" content=\"index, follow, max-snippet:-1, max-image-preview:large, max-video-preview:-1\" \/>\n<link rel=\"canonical\" href=\"https:\/\/evertonfc.cz\/index.php\/2010\/06\/27\/ohlednuti-za-srazem-fanousku\/\" \/>\n<meta property=\"og:locale\" content=\"cs_CZ\" \/>\n<meta property=\"og:type\" content=\"article\" \/>\n<meta property=\"og:title\" content=\"Ohl\u00e9dnut\u00ed za srazem fanou\u0161k\u016f - Official Czech &amp; Slovak Everton Supporters&#039; Club\" \/>\n<meta property=\"og:description\" content=\"Jako ji\u017e tradi\u010dn\u011b se alespo\u0148 hrstka zdej\u0161\u00edch Evertonians z\u00fa\u010dastnila dal\u0161\u00edho srazu fanou\u0161k\u016f anglick\u00e9ho fotbalu v Libchav\u00e1ch u \u00dast\u00ed nad Orlic\u00ed.&hellip;\" \/>\n<meta property=\"og:url\" content=\"https:\/\/evertonfc.cz\/index.php\/2010\/06\/27\/ohlednuti-za-srazem-fanousku\/\" \/>\n<meta property=\"og:site_name\" content=\"Official Czech &amp; Slovak Everton Supporters&#039; Club\" \/>\n<meta property=\"article:publisher\" content=\"https:\/\/www.facebook.com\/everton.fans.cz.sk\" \/>\n<meta property=\"article:published_time\" content=\"2010-06-27T11:19:01+00:00\" \/>\n<meta property=\"article:modified_time\" content=\"2020-05-14T10:29:11+00:00\" \/>\n<meta property=\"og:image\" content=\"https:\/\/evertonfc.cz\/wp-content\/uploads\/2019\/01\/news.jpg\" \/>\n\t<meta property=\"og:image:width\" content=\"720\" \/>\n\t<meta property=\"og:image:height\" content=\"405\" \/>\n\t<meta property=\"og:image:type\" content=\"image\/jpeg\" \/>\n<meta name=\"author\" content=\"Me\u0148a\" \/>\n<meta name=\"twitter:card\" content=\"summary_large_image\" \/>\n<meta name=\"twitter:label1\" content=\"Napsal(a)\" \/>\n\t<meta name=\"twitter:data1\" content=\"Me\u0148a\" \/>\n\t<meta name=\"twitter:label2\" content=\"Odhadovan\u00e1 doba \u010dten\u00ed\" \/>\n\t<meta name=\"twitter:data2\" content=\"4 minuty\" \/>\n<script type=\"application\/ld+json\" class=\"yoast-schema-graph\">{\"@context\":\"https:\/\/schema.org\",\"@graph\":[{\"@type\":\"Article\",\"@id\":\"https:\/\/evertonfc.cz\/index.php\/2010\/06\/27\/ohlednuti-za-srazem-fanousku\/#article\",\"isPartOf\":{\"@id\":\"https:\/\/evertonfc.cz\/index.php\/2010\/06\/27\/ohlednuti-za-srazem-fanousku\/\"},\"author\":{\"name\":\"Me\u0148a\",\"@id\":\"https:\/\/evertonfc.cz\/#\/schema\/person\/cd6328a75577de2add7793fd4b0930c3\"},\"headline\":\"Ohl\u00e9dnut\u00ed za srazem fanou\u0161k\u016f\",\"datePublished\":\"2010-06-27T11:19:01+00:00\",\"dateModified\":\"2020-05-14T10:29:11+00:00\",\"mainEntityOfPage\":{\"@id\":\"https:\/\/evertonfc.cz\/index.php\/2010\/06\/27\/ohlednuti-za-srazem-fanousku\/\"},\"wordCount\":768,\"commentCount\":0,\"publisher\":{\"@id\":\"https:\/\/evertonfc.cz\/#organization\"},\"image\":{\"@id\":\"https:\/\/evertonfc.cz\/index.php\/2010\/06\/27\/ohlednuti-za-srazem-fanousku\/#primaryimage\"},\"thumbnailUrl\":\"https:\/\/evertonfc.cz\/wp-content\/uploads\/2019\/01\/news.jpg\",\"articleSection\":[\"Supporters' Club\"],\"inLanguage\":\"cs\",\"potentialAction\":[{\"@type\":\"CommentAction\",\"name\":\"Comment\",\"target\":[\"https:\/\/evertonfc.cz\/index.php\/2010\/06\/27\/ohlednuti-za-srazem-fanousku\/#respond\"]}]},{\"@type\":\"WebPage\",\"@id\":\"https:\/\/evertonfc.cz\/index.php\/2010\/06\/27\/ohlednuti-za-srazem-fanousku\/\",\"url\":\"https:\/\/evertonfc.cz\/index.php\/2010\/06\/27\/ohlednuti-za-srazem-fanousku\/\",\"name\":\"Ohl\u00e9dnut\u00ed za srazem fanou\u0161k\u016f - Official Czech &amp; Slovak Everton Supporters&#039; Club\",\"isPartOf\":{\"@id\":\"https:\/\/evertonfc.cz\/#website\"},\"primaryImageOfPage\":{\"@id\":\"https:\/\/evertonfc.cz\/index.php\/2010\/06\/27\/ohlednuti-za-srazem-fanousku\/#primaryimage\"},\"image\":{\"@id\":\"https:\/\/evertonfc.cz\/index.php\/2010\/06\/27\/ohlednuti-za-srazem-fanousku\/#primaryimage\"},\"thumbnailUrl\":\"https:\/\/evertonfc.cz\/wp-content\/uploads\/2019\/01\/news.jpg\",\"datePublished\":\"2010-06-27T11:19:01+00:00\",\"dateModified\":\"2020-05-14T10:29:11+00:00\",\"breadcrumb\":{\"@id\":\"https:\/\/evertonfc.cz\/index.php\/2010\/06\/27\/ohlednuti-za-srazem-fanousku\/#breadcrumb\"},\"inLanguage\":\"cs\",\"potentialAction\":[{\"@type\":\"ReadAction\",\"target\":[\"https:\/\/evertonfc.cz\/index.php\/2010\/06\/27\/ohlednuti-za-srazem-fanousku\/\"]}]},{\"@type\":\"ImageObject\",\"inLanguage\":\"cs\",\"@id\":\"https:\/\/evertonfc.cz\/index.php\/2010\/06\/27\/ohlednuti-za-srazem-fanousku\/#primaryimage\",\"url\":\"https:\/\/evertonfc.cz\/wp-content\/uploads\/2019\/01\/news.jpg\",\"contentUrl\":\"https:\/\/evertonfc.cz\/wp-content\/uploads\/2019\/01\/news.jpg\",\"width\":720,\"height\":405},{\"@type\":\"BreadcrumbList\",\"@id\":\"https:\/\/evertonfc.cz\/index.php\/2010\/06\/27\/ohlednuti-za-srazem-fanousku\/#breadcrumb\",\"itemListElement\":[{\"@type\":\"ListItem\",\"position\":1,\"name\":\"Home\",\"item\":\"https:\/\/evertonfc.cz\/\"},{\"@type\":\"ListItem\",\"position\":2,\"name\":\"Ohl\u00e9dnut\u00ed za srazem fanou\u0161k\u016f\"}]},{\"@type\":\"WebSite\",\"@id\":\"https:\/\/evertonfc.cz\/#website\",\"url\":\"https:\/\/evertonfc.cz\/\",\"name\":\"Official Czech &amp; Slovak Everton Supporters&#039; Club\",\"description\":\"\",\"publisher\":{\"@id\":\"https:\/\/evertonfc.cz\/#organization\"},\"potentialAction\":[{\"@type\":\"SearchAction\",\"target\":{\"@type\":\"EntryPoint\",\"urlTemplate\":\"https:\/\/evertonfc.cz\/?s={search_term_string}\"},\"query-input\":{\"@type\":\"PropertyValueSpecification\",\"valueRequired\":true,\"valueName\":\"search_term_string\"}}],\"inLanguage\":\"cs\"},{\"@type\":\"Organization\",\"@id\":\"https:\/\/evertonfc.cz\/#organization\",\"name\":\"Official Czech & Slovak Everton Supporters' Club\",\"url\":\"https:\/\/evertonfc.cz\/\",\"logo\":{\"@type\":\"ImageObject\",\"inLanguage\":\"cs\",\"@id\":\"https:\/\/evertonfc.cz\/#\/schema\/logo\/image\/\",\"url\":\"https:\/\/evertonfc.cz\/wp-content\/uploads\/2019\/05\/logo.png\",\"contentUrl\":\"https:\/\/evertonfc.cz\/wp-content\/uploads\/2019\/05\/logo.png\",\"width\":112,\"height\":112,\"caption\":\"Official Czech & Slovak Everton Supporters' Club\"},\"image\":{\"@id\":\"https:\/\/evertonfc.cz\/#\/schema\/logo\/image\/\"},\"sameAs\":[\"https:\/\/www.facebook.com\/everton.fans.cz.sk\"]},{\"@type\":\"Person\",\"@id\":\"https:\/\/evertonfc.cz\/#\/schema\/person\/cd6328a75577de2add7793fd4b0930c3\",\"name\":\"Me\u0148a\",\"url\":\"https:\/\/evertonfc.cz\/index.php\/author\/mena\/\"}]}<\/script>\n<!-- \/ Yoast SEO plugin. -->","yoast_head_json":{"title":"Ohl\u00e9dnut\u00ed za srazem fanou\u0161k\u016f - Official Czech &amp; Slovak Everton Supporters&#039; Club","robots":{"index":"index","follow":"follow","max-snippet":"max-snippet:-1","max-image-preview":"max-image-preview:large","max-video-preview":"max-video-preview:-1"},"canonical":"https:\/\/evertonfc.cz\/index.php\/2010\/06\/27\/ohlednuti-za-srazem-fanousku\/","og_locale":"cs_CZ","og_type":"article","og_title":"Ohl\u00e9dnut\u00ed za srazem fanou\u0161k\u016f - Official Czech &amp; Slovak Everton Supporters&#039; Club","og_description":"Jako ji\u017e tradi\u010dn\u011b se alespo\u0148 hrstka zdej\u0161\u00edch Evertonians z\u00fa\u010dastnila dal\u0161\u00edho srazu fanou\u0161k\u016f anglick\u00e9ho fotbalu v Libchav\u00e1ch u \u00dast\u00ed nad Orlic\u00ed.&hellip;","og_url":"https:\/\/evertonfc.cz\/index.php\/2010\/06\/27\/ohlednuti-za-srazem-fanousku\/","og_site_name":"Official Czech &amp; Slovak Everton Supporters&#039; Club","article_publisher":"https:\/\/www.facebook.com\/everton.fans.cz.sk","article_published_time":"2010-06-27T11:19:01+00:00","article_modified_time":"2020-05-14T10:29:11+00:00","og_image":[{"width":720,"height":405,"url":"https:\/\/evertonfc.cz\/wp-content\/uploads\/2019\/01\/news.jpg","type":"image\/jpeg"}],"author":"Me\u0148a","twitter_card":"summary_large_image","twitter_misc":{"Napsal(a)":"Me\u0148a","Odhadovan\u00e1 doba \u010dten\u00ed":"4 minuty"},"schema":{"@context":"https:\/\/schema.org","@graph":[{"@type":"Article","@id":"https:\/\/evertonfc.cz\/index.php\/2010\/06\/27\/ohlednuti-za-srazem-fanousku\/#article","isPartOf":{"@id":"https:\/\/evertonfc.cz\/index.php\/2010\/06\/27\/ohlednuti-za-srazem-fanousku\/"},"author":{"name":"Me\u0148a","@id":"https:\/\/evertonfc.cz\/#\/schema\/person\/cd6328a75577de2add7793fd4b0930c3"},"headline":"Ohl\u00e9dnut\u00ed za srazem fanou\u0161k\u016f","datePublished":"2010-06-27T11:19:01+00:00","dateModified":"2020-05-14T10:29:11+00:00","mainEntityOfPage":{"@id":"https:\/\/evertonfc.cz\/index.php\/2010\/06\/27\/ohlednuti-za-srazem-fanousku\/"},"wordCount":768,"commentCount":0,"publisher":{"@id":"https:\/\/evertonfc.cz\/#organization"},"image":{"@id":"https:\/\/evertonfc.cz\/index.php\/2010\/06\/27\/ohlednuti-za-srazem-fanousku\/#primaryimage"},"thumbnailUrl":"https:\/\/evertonfc.cz\/wp-content\/uploads\/2019\/01\/news.jpg","articleSection":["Supporters' Club"],"inLanguage":"cs","potentialAction":[{"@type":"CommentAction","name":"Comment","target":["https:\/\/evertonfc.cz\/index.php\/2010\/06\/27\/ohlednuti-za-srazem-fanousku\/#respond"]}]},{"@type":"WebPage","@id":"https:\/\/evertonfc.cz\/index.php\/2010\/06\/27\/ohlednuti-za-srazem-fanousku\/","url":"https:\/\/evertonfc.cz\/index.php\/2010\/06\/27\/ohlednuti-za-srazem-fanousku\/","name":"Ohl\u00e9dnut\u00ed za srazem fanou\u0161k\u016f - Official Czech &amp; Slovak Everton Supporters&#039; Club","isPartOf":{"@id":"https:\/\/evertonfc.cz\/#website"},"primaryImageOfPage":{"@id":"https:\/\/evertonfc.cz\/index.php\/2010\/06\/27\/ohlednuti-za-srazem-fanousku\/#primaryimage"},"image":{"@id":"https:\/\/evertonfc.cz\/index.php\/2010\/06\/27\/ohlednuti-za-srazem-fanousku\/#primaryimage"},"thumbnailUrl":"https:\/\/evertonfc.cz\/wp-content\/uploads\/2019\/01\/news.jpg","datePublished":"2010-06-27T11:19:01+00:00","dateModified":"2020-05-14T10:29:11+00:00","breadcrumb":{"@id":"https:\/\/evertonfc.cz\/index.php\/2010\/06\/27\/ohlednuti-za-srazem-fanousku\/#breadcrumb"},"inLanguage":"cs","potentialAction":[{"@type":"ReadAction","target":["https:\/\/evertonfc.cz\/index.php\/2010\/06\/27\/ohlednuti-za-srazem-fanousku\/"]}]},{"@type":"ImageObject","inLanguage":"cs","@id":"https:\/\/evertonfc.cz\/index.php\/2010\/06\/27\/ohlednuti-za-srazem-fanousku\/#primaryimage","url":"https:\/\/evertonfc.cz\/wp-content\/uploads\/2019\/01\/news.jpg","contentUrl":"https:\/\/evertonfc.cz\/wp-content\/uploads\/2019\/01\/news.jpg","width":720,"height":405},{"@type":"BreadcrumbList","@id":"https:\/\/evertonfc.cz\/index.php\/2010\/06\/27\/ohlednuti-za-srazem-fanousku\/#breadcrumb","itemListElement":[{"@type":"ListItem","position":1,"name":"Home","item":"https:\/\/evertonfc.cz\/"},{"@type":"ListItem","position":2,"name":"Ohl\u00e9dnut\u00ed za srazem fanou\u0161k\u016f"}]},{"@type":"WebSite","@id":"https:\/\/evertonfc.cz\/#website","url":"https:\/\/evertonfc.cz\/","name":"Official Czech &amp; Slovak Everton Supporters&#039; Club","description":"","publisher":{"@id":"https:\/\/evertonfc.cz\/#organization"},"potentialAction":[{"@type":"SearchAction","target":{"@type":"EntryPoint","urlTemplate":"https:\/\/evertonfc.cz\/?s={search_term_string}"},"query-input":{"@type":"PropertyValueSpecification","valueRequired":true,"valueName":"search_term_string"}}],"inLanguage":"cs"},{"@type":"Organization","@id":"https:\/\/evertonfc.cz\/#organization","name":"Official Czech & Slovak Everton Supporters' Club","url":"https:\/\/evertonfc.cz\/","logo":{"@type":"ImageObject","inLanguage":"cs","@id":"https:\/\/evertonfc.cz\/#\/schema\/logo\/image\/","url":"https:\/\/evertonfc.cz\/wp-content\/uploads\/2019\/05\/logo.png","contentUrl":"https:\/\/evertonfc.cz\/wp-content\/uploads\/2019\/05\/logo.png","width":112,"height":112,"caption":"Official Czech & Slovak Everton Supporters' Club"},"image":{"@id":"https:\/\/evertonfc.cz\/#\/schema\/logo\/image\/"},"sameAs":["https:\/\/www.facebook.com\/everton.fans.cz.sk"]},{"@type":"Person","@id":"https:\/\/evertonfc.cz\/#\/schema\/person\/cd6328a75577de2add7793fd4b0930c3","name":"Me\u0148a","url":"https:\/\/evertonfc.cz\/index.php\/author\/mena\/"}]}},"_links":{"self":[{"href":"https:\/\/evertonfc.cz\/index.php\/wp-json\/wp\/v2\/posts\/2878"}],"collection":[{"href":"https:\/\/evertonfc.cz\/index.php\/wp-json\/wp\/v2\/posts"}],"about":[{"href":"https:\/\/evertonfc.cz\/index.php\/wp-json\/wp\/v2\/types\/post"}],"author":[{"embeddable":true,"href":"https:\/\/evertonfc.cz\/index.php\/wp-json\/wp\/v2\/users\/7"}],"replies":[{"embeddable":true,"href":"https:\/\/evertonfc.cz\/index.php\/wp-json\/wp\/v2\/comments?post=2878"}],"version-history":[{"count":2,"href":"https:\/\/evertonfc.cz\/index.php\/wp-json\/wp\/v2\/posts\/2878\/revisions"}],"predecessor-version":[{"id":2884,"href":"https:\/\/evertonfc.cz\/index.php\/wp-json\/wp\/v2\/posts\/2878\/revisions\/2884"}],"wp:featuredmedia":[{"embeddable":true,"href":"https:\/\/evertonfc.cz\/index.php\/wp-json\/wp\/v2\/media\/1313"}],"wp:attachment":[{"href":"https:\/\/evertonfc.cz\/index.php\/wp-json\/wp\/v2\/media?parent=2878"}],"wp:term":[{"taxonomy":"category","embeddable":true,"href":"https:\/\/evertonfc.cz\/index.php\/wp-json\/wp\/v2\/categories?post=2878"},{"taxonomy":"post_tag","embeddable":true,"href":"https:\/\/evertonfc.cz\/index.php\/wp-json\/wp\/v2\/tags?post=2878"}],"curies":[{"name":"wp","href":"https:\/\/api.w.org\/{rel}","templated":true}]}}