{"id":2901,"date":"2010-07-10T13:38:19","date_gmt":"2010-07-10T11:38:19","guid":{"rendered":"http:\/\/evertonfc.cz\/?p=2901"},"modified":"2019-02-10T13:39:32","modified_gmt":"2019-02-10T12:39:32","slug":"sydney-fc-everton-fc-01","status":"publish","type":"post","link":"https:\/\/evertonfc.cz\/index.php\/2010\/07\/10\/sydney-fc-everton-fc-01\/","title":{"rendered":"Sydney FC &#8211; Everton FC 0:1"},"content":{"rendered":"<h4>Everton vkro\u010dil do nov\u00e9 sez\u00f3ny \u00fasp\u011b\u0161n\u011b, v p\u0159\u00edpravn\u00e9m z\u00e1pase proti Sydney FC zv\u00edt\u011bzil 1:0, jedinou branku utk\u00e1n\u00ed vst\u0159elil Victor Anichebe.<\/h4>\n<p>Toffees nastoupili poprv\u00e9 v r\u016f\u017eov\u00fdch dresech, jeliko\u017e Sydney vyzn\u00e1v\u00e1 sv\u011btle modr\u00e9 barvy.<\/p>\n<p>Prvn\u00ed \u0161anci m\u011bl u\u017e v p\u00e1t\u00e9 minut\u011b dom\u00e1c\u00ed Alex Brosque, kdy\u017e st\u0159\u00edlel po chyb\u011b Leightona Bainese na p\u0159ipraven\u00e9ho Iana Turnera.<\/p>\n<p>Hned o minutu pozd\u011bji odpov\u011bd\u011bl trochu slab\u0161\u00ed ranou po dobr\u00e9 p\u0159ihr\u00e1vce od Osmana James Vaughan. N\u00e1sledn\u011b p\u00e1lil levou nohou Jack Rodwell, ke g\u00f3lu mu v\u0161ak chyb\u011blo v\u00edce p\u0159esnosti.<\/p>\n<p>P\u0159esnost nepostr\u00e1dala st\u0159ela Alexe Brosqueho, Ian Turner se ale op\u011bt nenechal p\u0159ekvapit.<\/p>\n<p>Ve 34. minut\u011b po nahr\u00e1vce Bainese m\u011bl solidn\u00ed mo\u017enost Victor Anichebe, branka\u0159 Necevski ov\u0161em jeho pokus vyrazil nohami.<\/p>\n<p>V polo\u010dase nasko\u010dil do utk\u00e1n\u00ed Tim Cahill, kter\u00e9ho publikum p\u0159ijalo bou\u0159liv\u00fdm potleskem. Australan tak\u00e9 hned navl\u00e9kl kapit\u00e1nskou p\u00e1sku, mimo Cahilla \u0161el na h\u0159i\u0161t\u011b i Magaye Gueye, pro n\u011bho\u017e to byl debut za Everton. Na ten si bude muset je\u0161t\u011b po\u010dkat Jermaine Beckford, jeho\u017e vy\u0159adilo ze hry zran\u011bn\u00ed<\/p>\n<p>Vstup do druh\u00e9 p\u016fli m\u011bli Toffees ide\u00e1ln\u00ed, Leighton Baines centrem na\u0161el Vica Anichebeho, kter\u00fd po skv\u011bl\u00e9m uvoln\u011bn\u00ed st\u0159elou pod b\u0159evno otev\u0159el sk\u00f3re &#8211; 0:1.<\/p>\n<p>Dom\u00e1c\u00ed se sna\u017eili vyrovnat z p\u0159\u00edm\u00e9ho kopu, zase z toho ale nic nebylo. Na druh\u00e9 stran\u011b st\u0159\u00edlel je\u0161t\u011b Baxter, Arteta \u010di Gueye, av\u0161ak ani oni branku nedali. Everton tak zv\u00edt\u011bzil a nav\u00edc neinkasoval branku<\/p>\n<p>Na adresu utk\u00e1n\u00ed se vyj\u00e1d\u0159il i David Moyes:<em>\u00a0\u201eDnes jsme odvedli dobrou pr\u00e1ci, hr\u00e1li jsme proti solidn\u00edmi soupe\u0159i, kter\u00fd je v p\u0159\u00edprav\u011b trochu d\u00e1l ne\u017e my, ale podle m\u011b jsme dnes nezklamali. L\u00edbil se mi styl, jak\u00fdm jsme se v utk\u00e1n\u00ed prezentovali. P\u0159ipom\u00ednalo mi to na\u0161i hru z posledn\u00edch kol minul\u00e9 sez\u00f3ny.<\/em><\/p>\n<p><em>\u201eDiv\u00e1ci mohli vid\u011bt slu\u0161n\u00fd t\u00fdm z Premier League, po\u010det div\u00e1k\u016f 40 000 je hezk\u00e9 n\u00e1v\u0161t\u011bva. Lid\u00e9 mohli vid\u011bt p\u00e1r dobr\u00fdch fotbalov\u00fdch akc\u00ed. Sydney m\u011bla jednu nebo dv\u011b nad\u011bjn\u00e9 \u0161ance, tak\u017ee celkov\u011b lze nazvat z\u00e1pas jako dobr\u00fd.<\/em><\/p>\n<p><em>\u201eUtk\u00e1n\u00ed jsme v\u011bt\u0161inou m\u011bli pod kontrolou, soupe\u0159e jsme neust\u00e1le ohro\u017eovali. Nemysl\u00edm si ale, \u017ee Sydney je \u0161patn\u00e9 mu\u017estvo. Naopak dle m\u00e9ho pat\u0159\u00ed mezi ta lep\u0161\u00ed mu\u017estva, s nimi\u017e se v p\u0159edsez\u00f3nn\u00ed p\u0159\u00edprav\u011b utk\u00e1me.\u201c<\/em><\/p>\n<p><strong>Sydney FC:<\/strong>\u00a0Necevski &#8211; Ryall, Keller, Gan (67. Antonis), Bridge (83. Powell), Cole, Brosque, McFlynn, Yorke (62. Moriyasu), Jamieson (86. Petratos), Byun<br \/>\n<strong>Everton FC:<\/strong>\u00a0Turner &#8211; Hibbert, Baines, Distin, Jagielka, Bilyaletdinov (64. Baxter), Osman, Arteta, Rodwell (46. Gueye), Vaughan (46. Cahill), Anichebe (70. Saha), na lavi\u010dce: Coleman, Silva, Mustafi, Jutkiewicz<br \/>\n<strong>Branka:<\/strong>\u00a046. Victor Anichebe<br \/>\n<strong>Div\u00e1k\u016f<\/strong>: 40 466<\/p>\n","protected":false},"excerpt":{"rendered":"<p>Everton vkro\u010dil do nov\u00e9 sez\u00f3ny \u00fasp\u011b\u0161n\u011b, v p\u0159\u00edpravn\u00e9m z\u00e1pase proti Sydney FC zv\u00edt\u011bzil 1:0, jedinou branku utk\u00e1n\u00ed vst\u0159elil Victor Anichebe.&hellip;<\/p>\n","protected":false},"author":6,"featured_media":1315,"comment_status":"open","ping_status":"closed","sticky":false,"template":"","format":"standard","meta":{"_eb_attr":"","_monsterinsights_skip_tracking":false,"_monsterinsights_sitenote_active":false,"_monsterinsights_sitenote_note":"","_monsterinsights_sitenote_category":0,"footnotes":""},"categories":[4],"tags":[],"yoast_head":"<!-- This site is optimized with the Yoast SEO plugin v23.4 - https:\/\/yoast.com\/wordpress\/plugins\/seo\/ -->\n<title>Sydney FC - Everton FC 0:1 - Official Czech &amp; Slovak Everton Supporters&#039; Club<\/title>\n<meta name=\"robots\" content=\"index, follow, max-snippet:-1, max-image-preview:large, max-video-preview:-1\" \/>\n<link rel=\"canonical\" href=\"https:\/\/evertonfc.cz\/index.php\/2010\/07\/10\/sydney-fc-everton-fc-01\/\" \/>\n<meta property=\"og:locale\" content=\"cs_CZ\" \/>\n<meta property=\"og:type\" content=\"article\" \/>\n<meta property=\"og:title\" content=\"Sydney FC - Everton FC 0:1 - Official Czech &amp; Slovak Everton Supporters&#039; Club\" \/>\n<meta property=\"og:description\" content=\"Everton vkro\u010dil do nov\u00e9 sez\u00f3ny \u00fasp\u011b\u0161n\u011b, v p\u0159\u00edpravn\u00e9m z\u00e1pase proti Sydney FC zv\u00edt\u011bzil 1:0, jedinou branku utk\u00e1n\u00ed vst\u0159elil Victor Anichebe.&hellip;\" \/>\n<meta property=\"og:url\" content=\"https:\/\/evertonfc.cz\/index.php\/2010\/07\/10\/sydney-fc-everton-fc-01\/\" \/>\n<meta property=\"og:site_name\" content=\"Official Czech &amp; Slovak Everton Supporters&#039; Club\" \/>\n<meta property=\"article:publisher\" content=\"https:\/\/www.facebook.com\/everton.fans.cz.sk\" \/>\n<meta property=\"article:published_time\" content=\"2010-07-10T11:38:19+00:00\" \/>\n<meta property=\"article:modified_time\" content=\"2019-02-10T12:39:32+00:00\" \/>\n<meta property=\"og:image\" content=\"https:\/\/evertonfc.cz\/wp-content\/uploads\/2019\/01\/report.jpg\" \/>\n\t<meta property=\"og:image:width\" content=\"720\" \/>\n\t<meta property=\"og:image:height\" content=\"405\" \/>\n\t<meta property=\"og:image:type\" content=\"image\/jpeg\" \/>\n<meta name=\"author\" content=\"Ri\u010di\" \/>\n<meta name=\"twitter:card\" content=\"summary_large_image\" \/>\n<meta name=\"twitter:creator\" content=\"@rbrejsa\" \/>\n<meta name=\"twitter:label1\" content=\"Napsal(a)\" \/>\n\t<meta name=\"twitter:data1\" content=\"Ri\u010di\" \/>\n\t<meta name=\"twitter:label2\" content=\"Odhadovan\u00e1 doba \u010dten\u00ed\" \/>\n\t<meta name=\"twitter:data2\" content=\"3 minuty\" \/>\n<script type=\"application\/ld+json\" class=\"yoast-schema-graph\">{\"@context\":\"https:\/\/schema.org\",\"@graph\":[{\"@type\":\"Article\",\"@id\":\"https:\/\/evertonfc.cz\/index.php\/2010\/07\/10\/sydney-fc-everton-fc-01\/#article\",\"isPartOf\":{\"@id\":\"https:\/\/evertonfc.cz\/index.php\/2010\/07\/10\/sydney-fc-everton-fc-01\/\"},\"author\":{\"name\":\"Ri\u010di\",\"@id\":\"https:\/\/evertonfc.cz\/#\/schema\/person\/f7a5daedb2ffee98480bc70e191aaef1\"},\"headline\":\"Sydney FC &#8211; Everton FC 0:1\",\"datePublished\":\"2010-07-10T11:38:19+00:00\",\"dateModified\":\"2019-02-10T12:39:32+00:00\",\"mainEntityOfPage\":{\"@id\":\"https:\/\/evertonfc.cz\/index.php\/2010\/07\/10\/sydney-fc-everton-fc-01\/\"},\"wordCount\":512,\"commentCount\":0,\"publisher\":{\"@id\":\"https:\/\/evertonfc.cz\/#organization\"},\"image\":{\"@id\":\"https:\/\/evertonfc.cz\/index.php\/2010\/07\/10\/sydney-fc-everton-fc-01\/#primaryimage\"},\"thumbnailUrl\":\"https:\/\/evertonfc.cz\/wp-content\/uploads\/2019\/01\/report.jpg\",\"articleSection\":[\"Z\u00e1pasy\"],\"inLanguage\":\"cs\",\"potentialAction\":[{\"@type\":\"CommentAction\",\"name\":\"Comment\",\"target\":[\"https:\/\/evertonfc.cz\/index.php\/2010\/07\/10\/sydney-fc-everton-fc-01\/#respond\"]}]},{\"@type\":\"WebPage\",\"@id\":\"https:\/\/evertonfc.cz\/index.php\/2010\/07\/10\/sydney-fc-everton-fc-01\/\",\"url\":\"https:\/\/evertonfc.cz\/index.php\/2010\/07\/10\/sydney-fc-everton-fc-01\/\",\"name\":\"Sydney FC - Everton FC 0:1 - Official Czech &amp; Slovak Everton Supporters&#039; Club\",\"isPartOf\":{\"@id\":\"https:\/\/evertonfc.cz\/#website\"},\"primaryImageOfPage\":{\"@id\":\"https:\/\/evertonfc.cz\/index.php\/2010\/07\/10\/sydney-fc-everton-fc-01\/#primaryimage\"},\"image\":{\"@id\":\"https:\/\/evertonfc.cz\/index.php\/2010\/07\/10\/sydney-fc-everton-fc-01\/#primaryimage\"},\"thumbnailUrl\":\"https:\/\/evertonfc.cz\/wp-content\/uploads\/2019\/01\/report.jpg\",\"datePublished\":\"2010-07-10T11:38:19+00:00\",\"dateModified\":\"2019-02-10T12:39:32+00:00\",\"breadcrumb\":{\"@id\":\"https:\/\/evertonfc.cz\/index.php\/2010\/07\/10\/sydney-fc-everton-fc-01\/#breadcrumb\"},\"inLanguage\":\"cs\",\"potentialAction\":[{\"@type\":\"ReadAction\",\"target\":[\"https:\/\/evertonfc.cz\/index.php\/2010\/07\/10\/sydney-fc-everton-fc-01\/\"]}]},{\"@type\":\"ImageObject\",\"inLanguage\":\"cs\",\"@id\":\"https:\/\/evertonfc.cz\/index.php\/2010\/07\/10\/sydney-fc-everton-fc-01\/#primaryimage\",\"url\":\"https:\/\/evertonfc.cz\/wp-content\/uploads\/2019\/01\/report.jpg\",\"contentUrl\":\"https:\/\/evertonfc.cz\/wp-content\/uploads\/2019\/01\/report.jpg\",\"width\":720,\"height\":405},{\"@type\":\"BreadcrumbList\",\"@id\":\"https:\/\/evertonfc.cz\/index.php\/2010\/07\/10\/sydney-fc-everton-fc-01\/#breadcrumb\",\"itemListElement\":[{\"@type\":\"ListItem\",\"position\":1,\"name\":\"Home\",\"item\":\"https:\/\/evertonfc.cz\/\"},{\"@type\":\"ListItem\",\"position\":2,\"name\":\"Sydney FC &#8211; Everton FC 0:1\"}]},{\"@type\":\"WebSite\",\"@id\":\"https:\/\/evertonfc.cz\/#website\",\"url\":\"https:\/\/evertonfc.cz\/\",\"name\":\"Official Czech &amp; Slovak Everton Supporters&#039; Club\",\"description\":\"\",\"publisher\":{\"@id\":\"https:\/\/evertonfc.cz\/#organization\"},\"potentialAction\":[{\"@type\":\"SearchAction\",\"target\":{\"@type\":\"EntryPoint\",\"urlTemplate\":\"https:\/\/evertonfc.cz\/?s={search_term_string}\"},\"query-input\":{\"@type\":\"PropertyValueSpecification\",\"valueRequired\":true,\"valueName\":\"search_term_string\"}}],\"inLanguage\":\"cs\"},{\"@type\":\"Organization\",\"@id\":\"https:\/\/evertonfc.cz\/#organization\",\"name\":\"Official Czech & Slovak Everton Supporters' Club\",\"url\":\"https:\/\/evertonfc.cz\/\",\"logo\":{\"@type\":\"ImageObject\",\"inLanguage\":\"cs\",\"@id\":\"https:\/\/evertonfc.cz\/#\/schema\/logo\/image\/\",\"url\":\"https:\/\/evertonfc.cz\/wp-content\/uploads\/2019\/05\/logo.png\",\"contentUrl\":\"https:\/\/evertonfc.cz\/wp-content\/uploads\/2019\/05\/logo.png\",\"width\":112,\"height\":112,\"caption\":\"Official Czech & Slovak Everton Supporters' Club\"},\"image\":{\"@id\":\"https:\/\/evertonfc.cz\/#\/schema\/logo\/image\/\"},\"sameAs\":[\"https:\/\/www.facebook.com\/everton.fans.cz.sk\"]},{\"@type\":\"Person\",\"@id\":\"https:\/\/evertonfc.cz\/#\/schema\/person\/f7a5daedb2ffee98480bc70e191aaef1\",\"name\":\"Ri\u010di\",\"sameAs\":[\"https:\/\/x.com\/rbrejsa\"],\"url\":\"https:\/\/evertonfc.cz\/index.php\/author\/rici\/\"}]}<\/script>\n<!-- \/ Yoast SEO plugin. -->","yoast_head_json":{"title":"Sydney FC - Everton FC 0:1 - Official Czech &amp; Slovak Everton Supporters&#039; Club","robots":{"index":"index","follow":"follow","max-snippet":"max-snippet:-1","max-image-preview":"max-image-preview:large","max-video-preview":"max-video-preview:-1"},"canonical":"https:\/\/evertonfc.cz\/index.php\/2010\/07\/10\/sydney-fc-everton-fc-01\/","og_locale":"cs_CZ","og_type":"article","og_title":"Sydney FC - Everton FC 0:1 - Official Czech &amp; Slovak Everton Supporters&#039; Club","og_description":"Everton vkro\u010dil do nov\u00e9 sez\u00f3ny \u00fasp\u011b\u0161n\u011b, v p\u0159\u00edpravn\u00e9m z\u00e1pase proti Sydney FC zv\u00edt\u011bzil 1:0, jedinou branku utk\u00e1n\u00ed vst\u0159elil Victor Anichebe.&hellip;","og_url":"https:\/\/evertonfc.cz\/index.php\/2010\/07\/10\/sydney-fc-everton-fc-01\/","og_site_name":"Official Czech &amp; Slovak Everton Supporters&#039; Club","article_publisher":"https:\/\/www.facebook.com\/everton.fans.cz.sk","article_published_time":"2010-07-10T11:38:19+00:00","article_modified_time":"2019-02-10T12:39:32+00:00","og_image":[{"width":720,"height":405,"url":"https:\/\/evertonfc.cz\/wp-content\/uploads\/2019\/01\/report.jpg","type":"image\/jpeg"}],"author":"Ri\u010di","twitter_card":"summary_large_image","twitter_creator":"@rbrejsa","twitter_misc":{"Napsal(a)":"Ri\u010di","Odhadovan\u00e1 doba \u010dten\u00ed":"3 minuty"},"schema":{"@context":"https:\/\/schema.org","@graph":[{"@type":"Article","@id":"https:\/\/evertonfc.cz\/index.php\/2010\/07\/10\/sydney-fc-everton-fc-01\/#article","isPartOf":{"@id":"https:\/\/evertonfc.cz\/index.php\/2010\/07\/10\/sydney-fc-everton-fc-01\/"},"author":{"name":"Ri\u010di","@id":"https:\/\/evertonfc.cz\/#\/schema\/person\/f7a5daedb2ffee98480bc70e191aaef1"},"headline":"Sydney FC &#8211; Everton FC 0:1","datePublished":"2010-07-10T11:38:19+00:00","dateModified":"2019-02-10T12:39:32+00:00","mainEntityOfPage":{"@id":"https:\/\/evertonfc.cz\/index.php\/2010\/07\/10\/sydney-fc-everton-fc-01\/"},"wordCount":512,"commentCount":0,"publisher":{"@id":"https:\/\/evertonfc.cz\/#organization"},"image":{"@id":"https:\/\/evertonfc.cz\/index.php\/2010\/07\/10\/sydney-fc-everton-fc-01\/#primaryimage"},"thumbnailUrl":"https:\/\/evertonfc.cz\/wp-content\/uploads\/2019\/01\/report.jpg","articleSection":["Z\u00e1pasy"],"inLanguage":"cs","potentialAction":[{"@type":"CommentAction","name":"Comment","target":["https:\/\/evertonfc.cz\/index.php\/2010\/07\/10\/sydney-fc-everton-fc-01\/#respond"]}]},{"@type":"WebPage","@id":"https:\/\/evertonfc.cz\/index.php\/2010\/07\/10\/sydney-fc-everton-fc-01\/","url":"https:\/\/evertonfc.cz\/index.php\/2010\/07\/10\/sydney-fc-everton-fc-01\/","name":"Sydney FC - Everton FC 0:1 - Official Czech &amp; Slovak Everton Supporters&#039; Club","isPartOf":{"@id":"https:\/\/evertonfc.cz\/#website"},"primaryImageOfPage":{"@id":"https:\/\/evertonfc.cz\/index.php\/2010\/07\/10\/sydney-fc-everton-fc-01\/#primaryimage"},"image":{"@id":"https:\/\/evertonfc.cz\/index.php\/2010\/07\/10\/sydney-fc-everton-fc-01\/#primaryimage"},"thumbnailUrl":"https:\/\/evertonfc.cz\/wp-content\/uploads\/2019\/01\/report.jpg","datePublished":"2010-07-10T11:38:19+00:00","dateModified":"2019-02-10T12:39:32+00:00","breadcrumb":{"@id":"https:\/\/evertonfc.cz\/index.php\/2010\/07\/10\/sydney-fc-everton-fc-01\/#breadcrumb"},"inLanguage":"cs","potentialAction":[{"@type":"ReadAction","target":["https:\/\/evertonfc.cz\/index.php\/2010\/07\/10\/sydney-fc-everton-fc-01\/"]}]},{"@type":"ImageObject","inLanguage":"cs","@id":"https:\/\/evertonfc.cz\/index.php\/2010\/07\/10\/sydney-fc-everton-fc-01\/#primaryimage","url":"https:\/\/evertonfc.cz\/wp-content\/uploads\/2019\/01\/report.jpg","contentUrl":"https:\/\/evertonfc.cz\/wp-content\/uploads\/2019\/01\/report.jpg","width":720,"height":405},{"@type":"BreadcrumbList","@id":"https:\/\/evertonfc.cz\/index.php\/2010\/07\/10\/sydney-fc-everton-fc-01\/#breadcrumb","itemListElement":[{"@type":"ListItem","position":1,"name":"Home","item":"https:\/\/evertonfc.cz\/"},{"@type":"ListItem","position":2,"name":"Sydney FC &#8211; Everton FC 0:1"}]},{"@type":"WebSite","@id":"https:\/\/evertonfc.cz\/#website","url":"https:\/\/evertonfc.cz\/","name":"Official Czech &amp; Slovak Everton Supporters&#039; Club","description":"","publisher":{"@id":"https:\/\/evertonfc.cz\/#organization"},"potentialAction":[{"@type":"SearchAction","target":{"@type":"EntryPoint","urlTemplate":"https:\/\/evertonfc.cz\/?s={search_term_string}"},"query-input":{"@type":"PropertyValueSpecification","valueRequired":true,"valueName":"search_term_string"}}],"inLanguage":"cs"},{"@type":"Organization","@id":"https:\/\/evertonfc.cz\/#organization","name":"Official Czech & Slovak Everton Supporters' Club","url":"https:\/\/evertonfc.cz\/","logo":{"@type":"ImageObject","inLanguage":"cs","@id":"https:\/\/evertonfc.cz\/#\/schema\/logo\/image\/","url":"https:\/\/evertonfc.cz\/wp-content\/uploads\/2019\/05\/logo.png","contentUrl":"https:\/\/evertonfc.cz\/wp-content\/uploads\/2019\/05\/logo.png","width":112,"height":112,"caption":"Official Czech & Slovak Everton Supporters' Club"},"image":{"@id":"https:\/\/evertonfc.cz\/#\/schema\/logo\/image\/"},"sameAs":["https:\/\/www.facebook.com\/everton.fans.cz.sk"]},{"@type":"Person","@id":"https:\/\/evertonfc.cz\/#\/schema\/person\/f7a5daedb2ffee98480bc70e191aaef1","name":"Ri\u010di","sameAs":["https:\/\/x.com\/rbrejsa"],"url":"https:\/\/evertonfc.cz\/index.php\/author\/rici\/"}]}},"_links":{"self":[{"href":"https:\/\/evertonfc.cz\/index.php\/wp-json\/wp\/v2\/posts\/2901"}],"collection":[{"href":"https:\/\/evertonfc.cz\/index.php\/wp-json\/wp\/v2\/posts"}],"about":[{"href":"https:\/\/evertonfc.cz\/index.php\/wp-json\/wp\/v2\/types\/post"}],"author":[{"embeddable":true,"href":"https:\/\/evertonfc.cz\/index.php\/wp-json\/wp\/v2\/users\/6"}],"replies":[{"embeddable":true,"href":"https:\/\/evertonfc.cz\/index.php\/wp-json\/wp\/v2\/comments?post=2901"}],"version-history":[{"count":1,"href":"https:\/\/evertonfc.cz\/index.php\/wp-json\/wp\/v2\/posts\/2901\/revisions"}],"predecessor-version":[{"id":2902,"href":"https:\/\/evertonfc.cz\/index.php\/wp-json\/wp\/v2\/posts\/2901\/revisions\/2902"}],"wp:featuredmedia":[{"embeddable":true,"href":"https:\/\/evertonfc.cz\/index.php\/wp-json\/wp\/v2\/media\/1315"}],"wp:attachment":[{"href":"https:\/\/evertonfc.cz\/index.php\/wp-json\/wp\/v2\/media?parent=2901"}],"wp:term":[{"taxonomy":"category","embeddable":true,"href":"https:\/\/evertonfc.cz\/index.php\/wp-json\/wp\/v2\/categories?post=2901"},{"taxonomy":"post_tag","embeddable":true,"href":"https:\/\/evertonfc.cz\/index.php\/wp-json\/wp\/v2\/tags?post=2901"}],"curies":[{"name":"wp","href":"https:\/\/api.w.org\/{rel}","templated":true}]}}