{"id":2906,"date":"2010-07-12T13:41:56","date_gmt":"2010-07-12T11:41:56","guid":{"rendered":"http:\/\/evertonfc.cz\/?p=2906"},"modified":"2019-02-10T13:42:58","modified_gmt":"2019-02-10T12:42:58","slug":"coleman-odpovidal","status":"publish","type":"post","link":"https:\/\/evertonfc.cz\/index.php\/2010\/07\/12\/coleman-odpovidal\/","title":{"rendered":"Coleman odpov\u00eddal"},"content":{"rendered":"<h4>P\u0159esto\u017ee si Everton d\u00e1v\u00e1 v Austr\u00e1lii po\u0159\u00e1dn\u011b do t\u011bla, \u010das se najde i pro fanou\u0161ky. Seamus Coleman v\u010dera na webchatu \u010delil r\u016fznorod\u00fdm ot\u00e1zk\u00e1m.<\/h4>\n<p><strong>6arteta<\/strong><strong><br \/>\nSeamusi, jak\u00e9 bylo zahr\u00e1t si ve Wembley?<\/strong><\/p>\n<p>Z fotbalov\u00e9 str\u00e1nky to byl prozat\u00edm jeden z nejv\u011bt\u0161\u00edch okam\u017eik\u016f m\u00e9 kari\u00e9ry. Zahr\u00e1t si ve Wembley je snem v\u011bt\u0161iny mlad\u00fdch fotbalist\u016f a dostat se tam v takhle brzk\u00e9m v\u011bku je skv\u011bl\u00e9. Nav\u00edc jsme vyhr\u00e1li, a to celou ud\u00e1lost \u010din\u00ed je\u0161t\u011b lep\u0161\u00ed.<\/p>\n<p><strong>Sarah19duke<br \/>\nMysl\u00ed\u0161, \u017ee si v nov\u00e9 sezon\u011b zahraje\u0161 v\u00edc v prvn\u00edm t\u00fdmu, nebo p\u016fjde\u0161 na dal\u0161\u00ed hostov\u00e1n\u00ed?<\/strong><\/p>\n<p>Ud\u011bl\u00e1m maximum abych mana\u017eera v tr\u00e9ninku p\u0159esv\u011bd\u010dil. To douf\u00e1m povede k v\u00edce \u0161anc\u00edm. Tak\u00e9 chci hr\u00e1t pravideln\u011b za svoji zem, a k tomu pot\u0159ebuji pravideln\u011b nastupovat za Everton.<\/p>\n<p><strong>Lee<br \/>\nT\u011b\u0161\u00ed\u0161 se na p\u0159\u00e1telsk\u00e9 utk\u00e1n\u00ed proti Sligo p\u0159\u00ed\u0161t\u00ed m\u011bs\u00edc?<\/strong><\/p>\n<p>T\u011b\u0161\u00edm, ode\u0161el jsem odsud p\u0159ed rokem a p\u016fl, tak\u017ee bude skv\u011bl\u00e9 se vr\u00e1tit zp\u011bt. Fanou\u0161ci ke m\u011b byli skv\u011bl\u00ed, bude hezk\u00e9 je znovu vid\u011bt, stejn\u011b jako mana\u017eera a hr\u00e1\u010de.<\/p>\n<p><strong>katie94xx<\/strong><br \/>\n<strong>Kdo je nejlep\u0161\u00ed hr\u00e1\u010d, se kter\u00fdm v Evertonu hraje\u0161?<\/strong><\/p>\n<p>Nemohl bych vybrat jen jednoho. V\u0161ichni kluci jsou \u0161pi\u010dkov\u00ed fotbalist\u00e9. Je moc p\u0159\u00ednosn\u00e9 s nimi ka\u017ed\u00fd den tr\u00e9novat.<\/p>\n<p><strong>efc_1995<\/strong><br \/>\n<strong>Jak se ti l\u00edbily v\u00fdkony tv\u00fdch spoluhr\u00e1\u010d\u016f na mistrovstv\u00ed sv\u011bta?<\/strong><\/p>\n<p>Johnny se dostal a\u017e do fin\u00e1le a v holandsk\u00e9 obran\u011b hr\u00e1l d\u016fle\u017eitou roli. I ostatn\u00ed kluci hr\u00e1li celkem dob\u0159e.<\/p>\n<p><strong>Joe Tarpey<\/strong><br \/>\n<strong>Jak zat\u00edm hodnot\u00ed\u0161 zku\u0161enosti z australsk\u00e9 p\u0159\u00edpravy?<\/strong><\/p>\n<p>Zat\u00edm je to super, v\u0161ichni si to tu u\u017e\u00edv\u00e1me. Z m\u00e9ho pohledu jde rozhodn\u011b o poveden\u011bj\u0161\u00ed soust\u0159ed\u011bn\u00ed, proto\u017ee loni jsem kv\u016fli zran\u011bn\u00ed ani nevylezl z pokoje.<\/p>\n<p><strong>iggo<\/strong><br \/>\n<strong>Jak\u00fd je Ian Holloway?<\/strong><\/p>\n<p>Takov\u00fd, jako v televizi. Trochu \u0161\u00edlenec, po\u0159\u00e1d sr\u0161\u00ed vtipem a rozesm\u00edv\u00e1 v\u00e1s. Ale pokud jde o fotbal, v\u017edy je perfektn\u011b p\u0159ipraven\u00fd a ur\u010dit\u011b byste mu jako mana\u017eer necht\u011bli \u010delit.<\/p>\n<p><strong>neilyhayes<\/strong><br \/>\n<strong>Hr\u00e1l jsi na ml\u00e1de\u017enick\u00e9 \u00farovni v\u017edycky krajn\u00edho beka?<\/strong><\/p>\n<p>V m\u00e9m prvn\u00edm klubu jsem hr\u00e1l ve st\u0159edu z\u00e1lohy, to bylo kdy\u017e mi bylo kolem 16. O rok pozd\u011bji jsem p\u0159e\u0161el do rezervy v m\u00edstn\u00edm klubu, a tam jsem se do z\u00e1lohy neprotla\u010dil. Od t\u00e9 doby jsem prav\u00fd bek.<\/p>\n<p><strong>Joe Tarpey<br \/>\nT\u011b\u0161\u00ed\u0161 se, a\u017e na Blackpool naraz\u00ed\u0161 v Premier League?<\/strong><\/p>\n<p>Rozhodn\u011b. Nem\u016f\u017eu se do\u010dakt, a\u017e uvid\u00edm kluky a mana\u017eera. Bude to trochu zvl\u00e1\u0161tn\u00ed, p\u0159ece jen jsem tam str\u00e1vil n\u011bkolik vyda\u0159en\u00fdch m\u011bs\u00edc\u016f.<\/p>\n<p><strong>alii<br \/>\nPo \u010dem se ti z Irska st\u00fdsk\u00e1?<\/strong><\/p>\n<p>Po m\u00e1min\u00fdch dobrot\u00e1ch! Chyb\u00ed mi kamar\u00e1di a rodina, ale te\u010f d\u011bl\u00e1m n\u011bco, co jsem v\u017edycky cht\u011bl a nic bych na tom necht\u011bl zm\u011bnit.<\/p>\n<p><strong>Stephen Coleman (Seamus\u016fv bratr)<br \/>\n\u010cau Seamie&#8230; Mysl\u00ed\u0161, \u017ee jsem lep\u0161\u00ed fotbalista ne\u017e ty?<\/strong><\/p>\n<p>Samoz\u0159ejm\u011b \u017ee jsi &#8211; m\u00e1\u0161 v\u00edc medail\u00ed ne\u017e j\u00e1.<\/p>\n<p><strong>Andrew Potter<br \/>\nJak se ti l\u00edbil sobotn\u00ed v\u00fdkon proti Sydney?<\/strong><\/p>\n<p>Byl to dobr\u00fd z\u00e1pas. Na z\u00e1pas a na Tima se p\u0159i\u0161lo pod\u00edvat hodn\u011b lid\u00ed, nav\u00edc kluci podali solidn\u00ed v\u00fdkon.<\/p>\n<p><strong>Benjamin Volynchook<br \/>\nKdo je nejlep\u0161\u00edm hr\u00e1\u010dem, kter\u00e9ho jsi zat\u00edm br\u00e1nil?<\/strong><\/p>\n<p>Kdy\u017e jsem hr\u00e1l proti Newcastlu, Guttierez byl skv\u011bl\u00fd. T\u011b\u017ek\u00fd byl ur\u010dit\u011b i z\u00e1pas proti Benfice. U\u017e\u00edv\u00e1m si prov\u011b\u0159ov\u00e1n\u00ed sv\u00fdch schopnost\u00ed proti top hr\u00e1\u010d\u016fm. Douf\u00e1m, \u017ee mi to pom\u00e1h\u00e1 ve zlep\u0161ov\u00e1n\u00ed.<\/p>\n<p><strong>alli<\/strong><br \/>\n<strong>Tv\u016fj fotbalov\u00fd idol?<\/strong><\/p>\n<p>Vyr\u016fstal jsem v Irsku, tak\u017ee to bude Roy Keane.<\/p>\n<p><strong>David Martin<br \/>\nPova\u017euje\u0161 za mo\u017en\u00e9, \u017ee bys n\u011bkdy hr\u00e1l na prav\u00e9m k\u0159\u00eddle? Mysl\u00edm, \u017ee rychlost a technika ti k tomu nechyb\u00ed.<\/strong><\/p>\n<p>\u0158\u00edk\u00e1 mi to hodn\u011b lid\u00ed, ale jsem \u0161\u0165astn\u00fd na prav\u00e9m beku.<\/p>\n<p><strong>David Martin<br \/>\nCo by pro Everton byla dobr\u00e1 sezona?<\/strong><\/p>\n<p>S mu\u017estvem kter\u00e9 m\u00e1me, mysl\u00edm \u017ee m\u00e1me \u0161anci na prvn\u00ed \u010dty\u0159ku. Jasn\u00fdm c\u00edlem je skon\u010dit l\u00e9pe, ne\u017e loni.<\/p>\n<p><strong>Landon Donovan<br \/>\nKolik jsi toho o Evertonu v\u011bd\u011bl p\u0159edt\u00edm, ne\u017e jsi p\u0159estoupil?<\/strong><\/p>\n<p>Docela hodn\u011b, proto\u017ee Everton je velk\u00fd klub, a v nejvy\u0161\u0161\u00ed sout\u011b\u017ei m\u00e1 dlouhou tradici. N\u011bkte\u0159\u00ed m\u00ed kamar\u00e1di jsou nav\u00edc Evertonians.<\/p>\n<p><strong>MalcB<br \/>\nJakou jednotlivou \u010d\u00e1st tvoj\u00ed hry bys cht\u011bl vylep\u0161it?<\/strong><\/p>\n<p>\u0158ekl bych \u017ee rozhodov\u00e1n\u00ed &#8211; kdy vyrazit dop\u0159edu a kdy ne. Zapracovat bych taky cht\u011bl na br\u00e1n\u011bn\u00ed.<\/p>\n","protected":false},"excerpt":{"rendered":"<p>P\u0159esto\u017ee si Everton d\u00e1v\u00e1 v Austr\u00e1lii po\u0159\u00e1dn\u011b do t\u011bla, \u010das se najde i pro fanou\u0161ky. Seamus Coleman v\u010dera na webchatu&hellip;<\/p>\n","protected":false},"author":7,"featured_media":1312,"comment_status":"open","ping_status":"closed","sticky":false,"template":"","format":"standard","meta":{"_eb_attr":"","_monsterinsights_skip_tracking":false,"_monsterinsights_sitenote_active":false,"_monsterinsights_sitenote_note":"","_monsterinsights_sitenote_category":0,"footnotes":""},"categories":[1],"tags":[],"yoast_head":"<!-- This site is optimized with the Yoast SEO plugin v23.4 - https:\/\/yoast.com\/wordpress\/plugins\/seo\/ -->\n<title>Coleman odpov\u00eddal - Official Czech &amp; Slovak Everton Supporters&#039; Club<\/title>\n<meta name=\"robots\" content=\"index, follow, max-snippet:-1, max-image-preview:large, max-video-preview:-1\" \/>\n<link rel=\"canonical\" href=\"https:\/\/evertonfc.cz\/index.php\/2010\/07\/12\/coleman-odpovidal\/\" \/>\n<meta property=\"og:locale\" content=\"cs_CZ\" \/>\n<meta property=\"og:type\" content=\"article\" \/>\n<meta property=\"og:title\" content=\"Coleman odpov\u00eddal - Official Czech &amp; Slovak Everton Supporters&#039; Club\" \/>\n<meta property=\"og:description\" content=\"P\u0159esto\u017ee si Everton d\u00e1v\u00e1 v Austr\u00e1lii po\u0159\u00e1dn\u011b do t\u011bla, \u010das se najde i pro fanou\u0161ky. Seamus Coleman v\u010dera na webchatu&hellip;\" \/>\n<meta property=\"og:url\" content=\"https:\/\/evertonfc.cz\/index.php\/2010\/07\/12\/coleman-odpovidal\/\" \/>\n<meta property=\"og:site_name\" content=\"Official Czech &amp; Slovak Everton Supporters&#039; Club\" \/>\n<meta property=\"article:publisher\" content=\"https:\/\/www.facebook.com\/everton.fans.cz.sk\" \/>\n<meta property=\"article:published_time\" content=\"2010-07-12T11:41:56+00:00\" \/>\n<meta property=\"article:modified_time\" content=\"2019-02-10T12:42:58+00:00\" \/>\n<meta property=\"og:image\" content=\"https:\/\/evertonfc.cz\/wp-content\/uploads\/2019\/01\/interview.jpg\" \/>\n\t<meta property=\"og:image:width\" content=\"720\" \/>\n\t<meta property=\"og:image:height\" content=\"405\" \/>\n\t<meta property=\"og:image:type\" content=\"image\/jpeg\" \/>\n<meta name=\"author\" content=\"Me\u0148a\" \/>\n<meta name=\"twitter:card\" content=\"summary_large_image\" \/>\n<meta name=\"twitter:label1\" content=\"Napsal(a)\" \/>\n\t<meta name=\"twitter:data1\" content=\"Me\u0148a\" \/>\n\t<meta name=\"twitter:label2\" content=\"Odhadovan\u00e1 doba \u010dten\u00ed\" \/>\n\t<meta name=\"twitter:data2\" content=\"4 minuty\" \/>\n<script type=\"application\/ld+json\" class=\"yoast-schema-graph\">{\"@context\":\"https:\/\/schema.org\",\"@graph\":[{\"@type\":\"Article\",\"@id\":\"https:\/\/evertonfc.cz\/index.php\/2010\/07\/12\/coleman-odpovidal\/#article\",\"isPartOf\":{\"@id\":\"https:\/\/evertonfc.cz\/index.php\/2010\/07\/12\/coleman-odpovidal\/\"},\"author\":{\"name\":\"Me\u0148a\",\"@id\":\"https:\/\/evertonfc.cz\/#\/schema\/person\/cd6328a75577de2add7793fd4b0930c3\"},\"headline\":\"Coleman odpov\u00eddal\",\"datePublished\":\"2010-07-12T11:41:56+00:00\",\"dateModified\":\"2019-02-10T12:42:58+00:00\",\"mainEntityOfPage\":{\"@id\":\"https:\/\/evertonfc.cz\/index.php\/2010\/07\/12\/coleman-odpovidal\/\"},\"wordCount\":832,\"commentCount\":0,\"publisher\":{\"@id\":\"https:\/\/evertonfc.cz\/#organization\"},\"image\":{\"@id\":\"https:\/\/evertonfc.cz\/index.php\/2010\/07\/12\/coleman-odpovidal\/#primaryimage\"},\"thumbnailUrl\":\"https:\/\/evertonfc.cz\/wp-content\/uploads\/2019\/01\/interview.jpg\",\"articleSection\":[\"Rozhovory\"],\"inLanguage\":\"cs\",\"potentialAction\":[{\"@type\":\"CommentAction\",\"name\":\"Comment\",\"target\":[\"https:\/\/evertonfc.cz\/index.php\/2010\/07\/12\/coleman-odpovidal\/#respond\"]}]},{\"@type\":\"WebPage\",\"@id\":\"https:\/\/evertonfc.cz\/index.php\/2010\/07\/12\/coleman-odpovidal\/\",\"url\":\"https:\/\/evertonfc.cz\/index.php\/2010\/07\/12\/coleman-odpovidal\/\",\"name\":\"Coleman odpov\u00eddal - Official Czech &amp; Slovak Everton Supporters&#039; Club\",\"isPartOf\":{\"@id\":\"https:\/\/evertonfc.cz\/#website\"},\"primaryImageOfPage\":{\"@id\":\"https:\/\/evertonfc.cz\/index.php\/2010\/07\/12\/coleman-odpovidal\/#primaryimage\"},\"image\":{\"@id\":\"https:\/\/evertonfc.cz\/index.php\/2010\/07\/12\/coleman-odpovidal\/#primaryimage\"},\"thumbnailUrl\":\"https:\/\/evertonfc.cz\/wp-content\/uploads\/2019\/01\/interview.jpg\",\"datePublished\":\"2010-07-12T11:41:56+00:00\",\"dateModified\":\"2019-02-10T12:42:58+00:00\",\"breadcrumb\":{\"@id\":\"https:\/\/evertonfc.cz\/index.php\/2010\/07\/12\/coleman-odpovidal\/#breadcrumb\"},\"inLanguage\":\"cs\",\"potentialAction\":[{\"@type\":\"ReadAction\",\"target\":[\"https:\/\/evertonfc.cz\/index.php\/2010\/07\/12\/coleman-odpovidal\/\"]}]},{\"@type\":\"ImageObject\",\"inLanguage\":\"cs\",\"@id\":\"https:\/\/evertonfc.cz\/index.php\/2010\/07\/12\/coleman-odpovidal\/#primaryimage\",\"url\":\"https:\/\/evertonfc.cz\/wp-content\/uploads\/2019\/01\/interview.jpg\",\"contentUrl\":\"https:\/\/evertonfc.cz\/wp-content\/uploads\/2019\/01\/interview.jpg\",\"width\":720,\"height\":405},{\"@type\":\"BreadcrumbList\",\"@id\":\"https:\/\/evertonfc.cz\/index.php\/2010\/07\/12\/coleman-odpovidal\/#breadcrumb\",\"itemListElement\":[{\"@type\":\"ListItem\",\"position\":1,\"name\":\"Home\",\"item\":\"https:\/\/evertonfc.cz\/\"},{\"@type\":\"ListItem\",\"position\":2,\"name\":\"Coleman odpov\u00eddal\"}]},{\"@type\":\"WebSite\",\"@id\":\"https:\/\/evertonfc.cz\/#website\",\"url\":\"https:\/\/evertonfc.cz\/\",\"name\":\"Official Czech &amp; Slovak Everton Supporters&#039; Club\",\"description\":\"\",\"publisher\":{\"@id\":\"https:\/\/evertonfc.cz\/#organization\"},\"potentialAction\":[{\"@type\":\"SearchAction\",\"target\":{\"@type\":\"EntryPoint\",\"urlTemplate\":\"https:\/\/evertonfc.cz\/?s={search_term_string}\"},\"query-input\":{\"@type\":\"PropertyValueSpecification\",\"valueRequired\":true,\"valueName\":\"search_term_string\"}}],\"inLanguage\":\"cs\"},{\"@type\":\"Organization\",\"@id\":\"https:\/\/evertonfc.cz\/#organization\",\"name\":\"Official Czech & Slovak Everton Supporters' Club\",\"url\":\"https:\/\/evertonfc.cz\/\",\"logo\":{\"@type\":\"ImageObject\",\"inLanguage\":\"cs\",\"@id\":\"https:\/\/evertonfc.cz\/#\/schema\/logo\/image\/\",\"url\":\"https:\/\/evertonfc.cz\/wp-content\/uploads\/2019\/05\/logo.png\",\"contentUrl\":\"https:\/\/evertonfc.cz\/wp-content\/uploads\/2019\/05\/logo.png\",\"width\":112,\"height\":112,\"caption\":\"Official Czech & Slovak Everton Supporters' Club\"},\"image\":{\"@id\":\"https:\/\/evertonfc.cz\/#\/schema\/logo\/image\/\"},\"sameAs\":[\"https:\/\/www.facebook.com\/everton.fans.cz.sk\"]},{\"@type\":\"Person\",\"@id\":\"https:\/\/evertonfc.cz\/#\/schema\/person\/cd6328a75577de2add7793fd4b0930c3\",\"name\":\"Me\u0148a\",\"url\":\"https:\/\/evertonfc.cz\/index.php\/author\/mena\/\"}]}<\/script>\n<!-- \/ Yoast SEO plugin. -->","yoast_head_json":{"title":"Coleman odpov\u00eddal - Official Czech &amp; Slovak Everton Supporters&#039; Club","robots":{"index":"index","follow":"follow","max-snippet":"max-snippet:-1","max-image-preview":"max-image-preview:large","max-video-preview":"max-video-preview:-1"},"canonical":"https:\/\/evertonfc.cz\/index.php\/2010\/07\/12\/coleman-odpovidal\/","og_locale":"cs_CZ","og_type":"article","og_title":"Coleman odpov\u00eddal - Official Czech &amp; Slovak Everton Supporters&#039; Club","og_description":"P\u0159esto\u017ee si Everton d\u00e1v\u00e1 v Austr\u00e1lii po\u0159\u00e1dn\u011b do t\u011bla, \u010das se najde i pro fanou\u0161ky. Seamus Coleman v\u010dera na webchatu&hellip;","og_url":"https:\/\/evertonfc.cz\/index.php\/2010\/07\/12\/coleman-odpovidal\/","og_site_name":"Official Czech &amp; Slovak Everton Supporters&#039; Club","article_publisher":"https:\/\/www.facebook.com\/everton.fans.cz.sk","article_published_time":"2010-07-12T11:41:56+00:00","article_modified_time":"2019-02-10T12:42:58+00:00","og_image":[{"width":720,"height":405,"url":"https:\/\/evertonfc.cz\/wp-content\/uploads\/2019\/01\/interview.jpg","type":"image\/jpeg"}],"author":"Me\u0148a","twitter_card":"summary_large_image","twitter_misc":{"Napsal(a)":"Me\u0148a","Odhadovan\u00e1 doba \u010dten\u00ed":"4 minuty"},"schema":{"@context":"https:\/\/schema.org","@graph":[{"@type":"Article","@id":"https:\/\/evertonfc.cz\/index.php\/2010\/07\/12\/coleman-odpovidal\/#article","isPartOf":{"@id":"https:\/\/evertonfc.cz\/index.php\/2010\/07\/12\/coleman-odpovidal\/"},"author":{"name":"Me\u0148a","@id":"https:\/\/evertonfc.cz\/#\/schema\/person\/cd6328a75577de2add7793fd4b0930c3"},"headline":"Coleman odpov\u00eddal","datePublished":"2010-07-12T11:41:56+00:00","dateModified":"2019-02-10T12:42:58+00:00","mainEntityOfPage":{"@id":"https:\/\/evertonfc.cz\/index.php\/2010\/07\/12\/coleman-odpovidal\/"},"wordCount":832,"commentCount":0,"publisher":{"@id":"https:\/\/evertonfc.cz\/#organization"},"image":{"@id":"https:\/\/evertonfc.cz\/index.php\/2010\/07\/12\/coleman-odpovidal\/#primaryimage"},"thumbnailUrl":"https:\/\/evertonfc.cz\/wp-content\/uploads\/2019\/01\/interview.jpg","articleSection":["Rozhovory"],"inLanguage":"cs","potentialAction":[{"@type":"CommentAction","name":"Comment","target":["https:\/\/evertonfc.cz\/index.php\/2010\/07\/12\/coleman-odpovidal\/#respond"]}]},{"@type":"WebPage","@id":"https:\/\/evertonfc.cz\/index.php\/2010\/07\/12\/coleman-odpovidal\/","url":"https:\/\/evertonfc.cz\/index.php\/2010\/07\/12\/coleman-odpovidal\/","name":"Coleman odpov\u00eddal - Official Czech &amp; Slovak Everton Supporters&#039; Club","isPartOf":{"@id":"https:\/\/evertonfc.cz\/#website"},"primaryImageOfPage":{"@id":"https:\/\/evertonfc.cz\/index.php\/2010\/07\/12\/coleman-odpovidal\/#primaryimage"},"image":{"@id":"https:\/\/evertonfc.cz\/index.php\/2010\/07\/12\/coleman-odpovidal\/#primaryimage"},"thumbnailUrl":"https:\/\/evertonfc.cz\/wp-content\/uploads\/2019\/01\/interview.jpg","datePublished":"2010-07-12T11:41:56+00:00","dateModified":"2019-02-10T12:42:58+00:00","breadcrumb":{"@id":"https:\/\/evertonfc.cz\/index.php\/2010\/07\/12\/coleman-odpovidal\/#breadcrumb"},"inLanguage":"cs","potentialAction":[{"@type":"ReadAction","target":["https:\/\/evertonfc.cz\/index.php\/2010\/07\/12\/coleman-odpovidal\/"]}]},{"@type":"ImageObject","inLanguage":"cs","@id":"https:\/\/evertonfc.cz\/index.php\/2010\/07\/12\/coleman-odpovidal\/#primaryimage","url":"https:\/\/evertonfc.cz\/wp-content\/uploads\/2019\/01\/interview.jpg","contentUrl":"https:\/\/evertonfc.cz\/wp-content\/uploads\/2019\/01\/interview.jpg","width":720,"height":405},{"@type":"BreadcrumbList","@id":"https:\/\/evertonfc.cz\/index.php\/2010\/07\/12\/coleman-odpovidal\/#breadcrumb","itemListElement":[{"@type":"ListItem","position":1,"name":"Home","item":"https:\/\/evertonfc.cz\/"},{"@type":"ListItem","position":2,"name":"Coleman odpov\u00eddal"}]},{"@type":"WebSite","@id":"https:\/\/evertonfc.cz\/#website","url":"https:\/\/evertonfc.cz\/","name":"Official Czech &amp; Slovak Everton Supporters&#039; Club","description":"","publisher":{"@id":"https:\/\/evertonfc.cz\/#organization"},"potentialAction":[{"@type":"SearchAction","target":{"@type":"EntryPoint","urlTemplate":"https:\/\/evertonfc.cz\/?s={search_term_string}"},"query-input":{"@type":"PropertyValueSpecification","valueRequired":true,"valueName":"search_term_string"}}],"inLanguage":"cs"},{"@type":"Organization","@id":"https:\/\/evertonfc.cz\/#organization","name":"Official Czech & Slovak Everton Supporters' Club","url":"https:\/\/evertonfc.cz\/","logo":{"@type":"ImageObject","inLanguage":"cs","@id":"https:\/\/evertonfc.cz\/#\/schema\/logo\/image\/","url":"https:\/\/evertonfc.cz\/wp-content\/uploads\/2019\/05\/logo.png","contentUrl":"https:\/\/evertonfc.cz\/wp-content\/uploads\/2019\/05\/logo.png","width":112,"height":112,"caption":"Official Czech & Slovak Everton Supporters' Club"},"image":{"@id":"https:\/\/evertonfc.cz\/#\/schema\/logo\/image\/"},"sameAs":["https:\/\/www.facebook.com\/everton.fans.cz.sk"]},{"@type":"Person","@id":"https:\/\/evertonfc.cz\/#\/schema\/person\/cd6328a75577de2add7793fd4b0930c3","name":"Me\u0148a","url":"https:\/\/evertonfc.cz\/index.php\/author\/mena\/"}]}},"_links":{"self":[{"href":"https:\/\/evertonfc.cz\/index.php\/wp-json\/wp\/v2\/posts\/2906"}],"collection":[{"href":"https:\/\/evertonfc.cz\/index.php\/wp-json\/wp\/v2\/posts"}],"about":[{"href":"https:\/\/evertonfc.cz\/index.php\/wp-json\/wp\/v2\/types\/post"}],"author":[{"embeddable":true,"href":"https:\/\/evertonfc.cz\/index.php\/wp-json\/wp\/v2\/users\/7"}],"replies":[{"embeddable":true,"href":"https:\/\/evertonfc.cz\/index.php\/wp-json\/wp\/v2\/comments?post=2906"}],"version-history":[{"count":1,"href":"https:\/\/evertonfc.cz\/index.php\/wp-json\/wp\/v2\/posts\/2906\/revisions"}],"predecessor-version":[{"id":2907,"href":"https:\/\/evertonfc.cz\/index.php\/wp-json\/wp\/v2\/posts\/2906\/revisions\/2907"}],"wp:featuredmedia":[{"embeddable":true,"href":"https:\/\/evertonfc.cz\/index.php\/wp-json\/wp\/v2\/media\/1312"}],"wp:attachment":[{"href":"https:\/\/evertonfc.cz\/index.php\/wp-json\/wp\/v2\/media?parent=2906"}],"wp:term":[{"taxonomy":"category","embeddable":true,"href":"https:\/\/evertonfc.cz\/index.php\/wp-json\/wp\/v2\/categories?post=2906"},{"taxonomy":"post_tag","embeddable":true,"href":"https:\/\/evertonfc.cz\/index.php\/wp-json\/wp\/v2\/tags?post=2906"}],"curies":[{"name":"wp","href":"https:\/\/api.w.org\/{rel}","templated":true}]}}