{"id":2908,"date":"2010-07-14T13:43:06","date_gmt":"2010-07-14T11:43:06","guid":{"rendered":"http:\/\/evertonfc.cz\/?p=2908"},"modified":"2019-02-10T13:48:58","modified_gmt":"2019-02-10T12:48:58","slug":"melbourne-heart-everton-fc-02","status":"publish","type":"post","link":"https:\/\/evertonfc.cz\/index.php\/2010\/07\/14\/melbourne-heart-everton-fc-02\/","title":{"rendered":"Melbourne Heart &#8211; Everton FC 0:2"},"content":{"rendered":"<h4>I v druh\u00e9m p\u0159\u00edpravn\u00e9m z\u00e1pase Everton zv\u00edt\u011bzil. Nov\u00e1\u010dka australsk\u00e9 nejvy\u0161\u0161\u00ed sout\u011b\u017ee z Melbourne, po dal\u0161\u00edm slu\u0161n\u00e9m v\u00fdkonu p\u0159ehr\u00e1l o dva g\u00f3ly.<\/h4>\n<p>Oproti d\u0159\u00edv\u011bj\u0161\u00edmu duelu proti Sydney se z\u00e1kladn\u00ed sestava p\u0159\u00edli\u0161 neli\u0161ila. \u0160anci tak znovu dostal nap\u0159\u00edklad Victor Anichebe, nebo novic Magaye Gueye. Zaj\u00edmavou zm\u011bnou naopak bylo nasazen\u00ed Seamuse Colemana na pravou obranu, zat\u00edmco Tony Hibbert si svoje odkopal na lev\u00e9 stran\u011b.<\/p>\n<p>A pr\u00e1v\u011b mlad\u00fd irsk\u00fd rychl\u00edk hr\u00e1l hlavn\u00ed roli v \u00favodn\u00ed akci Toffees. Obr\u00e1nce Melbourne Rutger Worm si v pokutov\u00e9m \u00fazem\u00ed po\u010d\u00ednal nedovolen\u011b a tak Coleman vybojoval pokutov\u00fd kop. K exekuci se postavil Louis Saha, ale znovu prok\u00e1zal, \u017ee penalty jsou jeho slabinou &#8211; branku minul.<\/p>\n<p>O deset minut pozd\u011bji se po p\u0159evzet\u00ed m\u00ed\u010de po trase Anichebe &#8211; Coleman, v \u0161anci zjevil Leon Osman. M\u00ed\u010d ale netrefil, a tak se p\u0159\u00edle\u017eitost n\u00e1hle zjevila p\u0159ed Gueyem. Obrana Heart si ale v\u010dasn\u00fdm zblokov\u00e1n\u00edm dok\u00e1zala poradit.<\/p>\n<p>Dom\u00e1c\u00ed se ale tak\u00e9 vydali do \u00fatoku. Dvakr\u00e1t se v kr\u00e1tk\u00e9m \u010dasov\u00e9m sledu v \u0161anci objevil Gerald Sibon, Iain Turner v\u0161ak v obou p\u0159\u00edpadech spolehliv\u011b zakro\u010dil. Nejv\u011bt\u0161\u00ed \u0161anci Melbourne si ale po p\u016flhodin\u011b hry vypracoval n\u011bkdej\u0161\u00ed australsk\u00fd reprezentant Josip Skoko. Jeho prudkou volej Turner vy\u0161kr\u00e1bl nad b\u0159evno.<\/p>\n<p>Jen o moment pozd\u011bji se v\u0161ak sk\u00f3re m\u011bnilo na druh\u00e9 stran\u011b. Aktivn\u00ed Coleman se znovu vydal vp\u0159ed, p\u0159esn\u00fdm centrem na\u0161el Jacka Rodwella, a ten poslal Blues do veden\u00ed.<\/p>\n<p>V druh\u00e9m polo\u010dase Everton veden\u00ed zdvojn\u00e1sobil. Zpoza pokutov\u00e9ho \u00fazem\u00ed zam\u00ed\u0159il Louis Saha a trefil p\u0159esn\u011b k lev\u00e9 ty\u010di. Nedlouho pot\u00e9 se sv\u00fdch premi\u00e9rov\u00fdch minut v modr\u00e9m dresu do\u010dkali Joao Silva a Jermaine Beckford. A byl to pr\u00e1v\u011b b\u00fdval\u00fd kanon\u00fdr Leedsu, kdo se v z\u00e1v\u011bre\u010dn\u00fdch minut\u00e1ch z\u00e1pasu mohl p\u0159edv\u00e9st t\u00edm nejlep\u0161\u00edm mo\u017en\u00fdm zp\u016fsobem. Jeho v\u00fdstavn\u00ed st\u0159ela jen o centimetry minula branku.<\/p>\n<p><em>\u201eNehr\u00e1li jsme sice tak dob\u0159e jako proti Sydney, ale jsme si v\u011bdomi toho, \u017ee to m\u016f\u017ee b\u00fdt cestov\u00e1n\u00edm,\u201c <\/em>\u0159ekl po z\u00e1pase David Moyes.<em> \u201eM\u00e1m ale radost, \u017ee jsme vyhr\u00e1li, a tak\u00e9 \u017ee jsme vid\u011bli n\u011bkolik dobr\u00fdch v\u00fdkon\u016f, zejm\u00e9na od Phila Jagielky a Seamuse Colemana.<\/em><\/p>\n<p><em>Soupe\u0159 m\u011bl n\u011bkolik \u0161anc\u00ed, ale celkov\u011b jsme z\u00e1pas pohodln\u011b zvl\u00e1dli,&#8220;\u00a0pokra\u010duje mana\u017eer.\u00a0&#8222;Cht\u011bl jsem abychom hru kontrolovali trochu l\u00e9pe, ale celkov\u011b jsme si vedli dob\u0159e.\u201c<\/em><\/p>\n<p><strong>Melbourne Heart:\u00a0<\/strong>Bolton, Marrone, Hamill (75. Hamill), Colosino, Beauchamp, Worm (63. Babalj), Sibon, Terra (55. Ibrahim), Behich (67. Zahra), Skoko (45. Kalmar), Heffernan<br \/>\n<strong>Everton:\u00a0<\/strong>Turner, Coleman, Jagielka, Distin (84. Mustafi), Hibbert (46. Neville), Rodwell, Osman (61. Beckford), Gueye (46. Cahill), Anichebe (73. Jutkiewicz), Bilyaletdinov (73. Baxter), Saha (61. Silva)<br \/>\n<strong>Branky:\u00a0<\/strong>34. Rodwell, 60. Saha<\/p>\n","protected":false},"excerpt":{"rendered":"<p>I v druh\u00e9m p\u0159\u00edpravn\u00e9m z\u00e1pase Everton zv\u00edt\u011bzil. Nov\u00e1\u010dka australsk\u00e9 nejvy\u0161\u0161\u00ed sout\u011b\u017ee z Melbourne, po dal\u0161\u00edm slu\u0161n\u00e9m v\u00fdkonu p\u0159ehr\u00e1l o dva&hellip;<\/p>\n","protected":false},"author":7,"featured_media":1315,"comment_status":"open","ping_status":"closed","sticky":false,"template":"","format":"standard","meta":{"_eb_attr":"","_monsterinsights_skip_tracking":false,"_monsterinsights_sitenote_active":false,"_monsterinsights_sitenote_note":"","_monsterinsights_sitenote_category":0,"footnotes":""},"categories":[4],"tags":[],"yoast_head":"<!-- This site is optimized with the Yoast SEO plugin v23.4 - https:\/\/yoast.com\/wordpress\/plugins\/seo\/ -->\n<title>Melbourne Heart - Everton FC 0:2 - Official Czech &amp; Slovak Everton Supporters&#039; Club<\/title>\n<meta name=\"robots\" content=\"index, follow, max-snippet:-1, max-image-preview:large, max-video-preview:-1\" \/>\n<link rel=\"canonical\" href=\"https:\/\/evertonfc.cz\/index.php\/2010\/07\/14\/melbourne-heart-everton-fc-02\/\" \/>\n<meta property=\"og:locale\" content=\"cs_CZ\" \/>\n<meta property=\"og:type\" content=\"article\" \/>\n<meta property=\"og:title\" content=\"Melbourne Heart - Everton FC 0:2 - Official Czech &amp; Slovak Everton Supporters&#039; Club\" \/>\n<meta property=\"og:description\" content=\"I v druh\u00e9m p\u0159\u00edpravn\u00e9m z\u00e1pase Everton zv\u00edt\u011bzil. Nov\u00e1\u010dka australsk\u00e9 nejvy\u0161\u0161\u00ed sout\u011b\u017ee z Melbourne, po dal\u0161\u00edm slu\u0161n\u00e9m v\u00fdkonu p\u0159ehr\u00e1l o dva&hellip;\" \/>\n<meta property=\"og:url\" content=\"https:\/\/evertonfc.cz\/index.php\/2010\/07\/14\/melbourne-heart-everton-fc-02\/\" \/>\n<meta property=\"og:site_name\" content=\"Official Czech &amp; Slovak Everton Supporters&#039; Club\" \/>\n<meta property=\"article:publisher\" content=\"https:\/\/www.facebook.com\/everton.fans.cz.sk\" \/>\n<meta property=\"article:published_time\" content=\"2010-07-14T11:43:06+00:00\" \/>\n<meta property=\"article:modified_time\" content=\"2019-02-10T12:48:58+00:00\" \/>\n<meta property=\"og:image\" content=\"https:\/\/evertonfc.cz\/wp-content\/uploads\/2019\/01\/report.jpg\" \/>\n\t<meta property=\"og:image:width\" content=\"720\" \/>\n\t<meta property=\"og:image:height\" content=\"405\" \/>\n\t<meta property=\"og:image:type\" content=\"image\/jpeg\" \/>\n<meta name=\"author\" content=\"Me\u0148a\" \/>\n<meta name=\"twitter:card\" content=\"summary_large_image\" \/>\n<meta name=\"twitter:label1\" content=\"Napsal(a)\" \/>\n\t<meta name=\"twitter:data1\" content=\"Me\u0148a\" \/>\n\t<meta name=\"twitter:label2\" content=\"Odhadovan\u00e1 doba \u010dten\u00ed\" \/>\n\t<meta name=\"twitter:data2\" content=\"3 minuty\" \/>\n<script type=\"application\/ld+json\" class=\"yoast-schema-graph\">{\"@context\":\"https:\/\/schema.org\",\"@graph\":[{\"@type\":\"Article\",\"@id\":\"https:\/\/evertonfc.cz\/index.php\/2010\/07\/14\/melbourne-heart-everton-fc-02\/#article\",\"isPartOf\":{\"@id\":\"https:\/\/evertonfc.cz\/index.php\/2010\/07\/14\/melbourne-heart-everton-fc-02\/\"},\"author\":{\"name\":\"Me\u0148a\",\"@id\":\"https:\/\/evertonfc.cz\/#\/schema\/person\/cd6328a75577de2add7793fd4b0930c3\"},\"headline\":\"Melbourne Heart &#8211; Everton FC 0:2\",\"datePublished\":\"2010-07-14T11:43:06+00:00\",\"dateModified\":\"2019-02-10T12:48:58+00:00\",\"mainEntityOfPage\":{\"@id\":\"https:\/\/evertonfc.cz\/index.php\/2010\/07\/14\/melbourne-heart-everton-fc-02\/\"},\"wordCount\":512,\"commentCount\":0,\"publisher\":{\"@id\":\"https:\/\/evertonfc.cz\/#organization\"},\"image\":{\"@id\":\"https:\/\/evertonfc.cz\/index.php\/2010\/07\/14\/melbourne-heart-everton-fc-02\/#primaryimage\"},\"thumbnailUrl\":\"https:\/\/evertonfc.cz\/wp-content\/uploads\/2019\/01\/report.jpg\",\"articleSection\":[\"Z\u00e1pasy\"],\"inLanguage\":\"cs\",\"potentialAction\":[{\"@type\":\"CommentAction\",\"name\":\"Comment\",\"target\":[\"https:\/\/evertonfc.cz\/index.php\/2010\/07\/14\/melbourne-heart-everton-fc-02\/#respond\"]}]},{\"@type\":\"WebPage\",\"@id\":\"https:\/\/evertonfc.cz\/index.php\/2010\/07\/14\/melbourne-heart-everton-fc-02\/\",\"url\":\"https:\/\/evertonfc.cz\/index.php\/2010\/07\/14\/melbourne-heart-everton-fc-02\/\",\"name\":\"Melbourne Heart - Everton FC 0:2 - Official Czech &amp; Slovak Everton Supporters&#039; Club\",\"isPartOf\":{\"@id\":\"https:\/\/evertonfc.cz\/#website\"},\"primaryImageOfPage\":{\"@id\":\"https:\/\/evertonfc.cz\/index.php\/2010\/07\/14\/melbourne-heart-everton-fc-02\/#primaryimage\"},\"image\":{\"@id\":\"https:\/\/evertonfc.cz\/index.php\/2010\/07\/14\/melbourne-heart-everton-fc-02\/#primaryimage\"},\"thumbnailUrl\":\"https:\/\/evertonfc.cz\/wp-content\/uploads\/2019\/01\/report.jpg\",\"datePublished\":\"2010-07-14T11:43:06+00:00\",\"dateModified\":\"2019-02-10T12:48:58+00:00\",\"breadcrumb\":{\"@id\":\"https:\/\/evertonfc.cz\/index.php\/2010\/07\/14\/melbourne-heart-everton-fc-02\/#breadcrumb\"},\"inLanguage\":\"cs\",\"potentialAction\":[{\"@type\":\"ReadAction\",\"target\":[\"https:\/\/evertonfc.cz\/index.php\/2010\/07\/14\/melbourne-heart-everton-fc-02\/\"]}]},{\"@type\":\"ImageObject\",\"inLanguage\":\"cs\",\"@id\":\"https:\/\/evertonfc.cz\/index.php\/2010\/07\/14\/melbourne-heart-everton-fc-02\/#primaryimage\",\"url\":\"https:\/\/evertonfc.cz\/wp-content\/uploads\/2019\/01\/report.jpg\",\"contentUrl\":\"https:\/\/evertonfc.cz\/wp-content\/uploads\/2019\/01\/report.jpg\",\"width\":720,\"height\":405},{\"@type\":\"BreadcrumbList\",\"@id\":\"https:\/\/evertonfc.cz\/index.php\/2010\/07\/14\/melbourne-heart-everton-fc-02\/#breadcrumb\",\"itemListElement\":[{\"@type\":\"ListItem\",\"position\":1,\"name\":\"Home\",\"item\":\"https:\/\/evertonfc.cz\/\"},{\"@type\":\"ListItem\",\"position\":2,\"name\":\"Melbourne Heart &#8211; Everton FC 0:2\"}]},{\"@type\":\"WebSite\",\"@id\":\"https:\/\/evertonfc.cz\/#website\",\"url\":\"https:\/\/evertonfc.cz\/\",\"name\":\"Official Czech &amp; Slovak Everton Supporters&#039; Club\",\"description\":\"\",\"publisher\":{\"@id\":\"https:\/\/evertonfc.cz\/#organization\"},\"potentialAction\":[{\"@type\":\"SearchAction\",\"target\":{\"@type\":\"EntryPoint\",\"urlTemplate\":\"https:\/\/evertonfc.cz\/?s={search_term_string}\"},\"query-input\":{\"@type\":\"PropertyValueSpecification\",\"valueRequired\":true,\"valueName\":\"search_term_string\"}}],\"inLanguage\":\"cs\"},{\"@type\":\"Organization\",\"@id\":\"https:\/\/evertonfc.cz\/#organization\",\"name\":\"Official Czech & Slovak Everton Supporters' Club\",\"url\":\"https:\/\/evertonfc.cz\/\",\"logo\":{\"@type\":\"ImageObject\",\"inLanguage\":\"cs\",\"@id\":\"https:\/\/evertonfc.cz\/#\/schema\/logo\/image\/\",\"url\":\"https:\/\/evertonfc.cz\/wp-content\/uploads\/2019\/05\/logo.png\",\"contentUrl\":\"https:\/\/evertonfc.cz\/wp-content\/uploads\/2019\/05\/logo.png\",\"width\":112,\"height\":112,\"caption\":\"Official Czech & Slovak Everton Supporters' Club\"},\"image\":{\"@id\":\"https:\/\/evertonfc.cz\/#\/schema\/logo\/image\/\"},\"sameAs\":[\"https:\/\/www.facebook.com\/everton.fans.cz.sk\"]},{\"@type\":\"Person\",\"@id\":\"https:\/\/evertonfc.cz\/#\/schema\/person\/cd6328a75577de2add7793fd4b0930c3\",\"name\":\"Me\u0148a\",\"url\":\"https:\/\/evertonfc.cz\/index.php\/author\/mena\/\"}]}<\/script>\n<!-- \/ Yoast SEO plugin. -->","yoast_head_json":{"title":"Melbourne Heart - Everton FC 0:2 - Official Czech &amp; Slovak Everton Supporters&#039; Club","robots":{"index":"index","follow":"follow","max-snippet":"max-snippet:-1","max-image-preview":"max-image-preview:large","max-video-preview":"max-video-preview:-1"},"canonical":"https:\/\/evertonfc.cz\/index.php\/2010\/07\/14\/melbourne-heart-everton-fc-02\/","og_locale":"cs_CZ","og_type":"article","og_title":"Melbourne Heart - Everton FC 0:2 - Official Czech &amp; Slovak Everton Supporters&#039; Club","og_description":"I v druh\u00e9m p\u0159\u00edpravn\u00e9m z\u00e1pase Everton zv\u00edt\u011bzil. Nov\u00e1\u010dka australsk\u00e9 nejvy\u0161\u0161\u00ed sout\u011b\u017ee z Melbourne, po dal\u0161\u00edm slu\u0161n\u00e9m v\u00fdkonu p\u0159ehr\u00e1l o dva&hellip;","og_url":"https:\/\/evertonfc.cz\/index.php\/2010\/07\/14\/melbourne-heart-everton-fc-02\/","og_site_name":"Official Czech &amp; Slovak Everton Supporters&#039; Club","article_publisher":"https:\/\/www.facebook.com\/everton.fans.cz.sk","article_published_time":"2010-07-14T11:43:06+00:00","article_modified_time":"2019-02-10T12:48:58+00:00","og_image":[{"width":720,"height":405,"url":"https:\/\/evertonfc.cz\/wp-content\/uploads\/2019\/01\/report.jpg","type":"image\/jpeg"}],"author":"Me\u0148a","twitter_card":"summary_large_image","twitter_misc":{"Napsal(a)":"Me\u0148a","Odhadovan\u00e1 doba \u010dten\u00ed":"3 minuty"},"schema":{"@context":"https:\/\/schema.org","@graph":[{"@type":"Article","@id":"https:\/\/evertonfc.cz\/index.php\/2010\/07\/14\/melbourne-heart-everton-fc-02\/#article","isPartOf":{"@id":"https:\/\/evertonfc.cz\/index.php\/2010\/07\/14\/melbourne-heart-everton-fc-02\/"},"author":{"name":"Me\u0148a","@id":"https:\/\/evertonfc.cz\/#\/schema\/person\/cd6328a75577de2add7793fd4b0930c3"},"headline":"Melbourne Heart &#8211; Everton FC 0:2","datePublished":"2010-07-14T11:43:06+00:00","dateModified":"2019-02-10T12:48:58+00:00","mainEntityOfPage":{"@id":"https:\/\/evertonfc.cz\/index.php\/2010\/07\/14\/melbourne-heart-everton-fc-02\/"},"wordCount":512,"commentCount":0,"publisher":{"@id":"https:\/\/evertonfc.cz\/#organization"},"image":{"@id":"https:\/\/evertonfc.cz\/index.php\/2010\/07\/14\/melbourne-heart-everton-fc-02\/#primaryimage"},"thumbnailUrl":"https:\/\/evertonfc.cz\/wp-content\/uploads\/2019\/01\/report.jpg","articleSection":["Z\u00e1pasy"],"inLanguage":"cs","potentialAction":[{"@type":"CommentAction","name":"Comment","target":["https:\/\/evertonfc.cz\/index.php\/2010\/07\/14\/melbourne-heart-everton-fc-02\/#respond"]}]},{"@type":"WebPage","@id":"https:\/\/evertonfc.cz\/index.php\/2010\/07\/14\/melbourne-heart-everton-fc-02\/","url":"https:\/\/evertonfc.cz\/index.php\/2010\/07\/14\/melbourne-heart-everton-fc-02\/","name":"Melbourne Heart - Everton FC 0:2 - Official Czech &amp; Slovak Everton Supporters&#039; Club","isPartOf":{"@id":"https:\/\/evertonfc.cz\/#website"},"primaryImageOfPage":{"@id":"https:\/\/evertonfc.cz\/index.php\/2010\/07\/14\/melbourne-heart-everton-fc-02\/#primaryimage"},"image":{"@id":"https:\/\/evertonfc.cz\/index.php\/2010\/07\/14\/melbourne-heart-everton-fc-02\/#primaryimage"},"thumbnailUrl":"https:\/\/evertonfc.cz\/wp-content\/uploads\/2019\/01\/report.jpg","datePublished":"2010-07-14T11:43:06+00:00","dateModified":"2019-02-10T12:48:58+00:00","breadcrumb":{"@id":"https:\/\/evertonfc.cz\/index.php\/2010\/07\/14\/melbourne-heart-everton-fc-02\/#breadcrumb"},"inLanguage":"cs","potentialAction":[{"@type":"ReadAction","target":["https:\/\/evertonfc.cz\/index.php\/2010\/07\/14\/melbourne-heart-everton-fc-02\/"]}]},{"@type":"ImageObject","inLanguage":"cs","@id":"https:\/\/evertonfc.cz\/index.php\/2010\/07\/14\/melbourne-heart-everton-fc-02\/#primaryimage","url":"https:\/\/evertonfc.cz\/wp-content\/uploads\/2019\/01\/report.jpg","contentUrl":"https:\/\/evertonfc.cz\/wp-content\/uploads\/2019\/01\/report.jpg","width":720,"height":405},{"@type":"BreadcrumbList","@id":"https:\/\/evertonfc.cz\/index.php\/2010\/07\/14\/melbourne-heart-everton-fc-02\/#breadcrumb","itemListElement":[{"@type":"ListItem","position":1,"name":"Home","item":"https:\/\/evertonfc.cz\/"},{"@type":"ListItem","position":2,"name":"Melbourne Heart &#8211; Everton FC 0:2"}]},{"@type":"WebSite","@id":"https:\/\/evertonfc.cz\/#website","url":"https:\/\/evertonfc.cz\/","name":"Official Czech &amp; Slovak Everton Supporters&#039; Club","description":"","publisher":{"@id":"https:\/\/evertonfc.cz\/#organization"},"potentialAction":[{"@type":"SearchAction","target":{"@type":"EntryPoint","urlTemplate":"https:\/\/evertonfc.cz\/?s={search_term_string}"},"query-input":{"@type":"PropertyValueSpecification","valueRequired":true,"valueName":"search_term_string"}}],"inLanguage":"cs"},{"@type":"Organization","@id":"https:\/\/evertonfc.cz\/#organization","name":"Official Czech & Slovak Everton Supporters' Club","url":"https:\/\/evertonfc.cz\/","logo":{"@type":"ImageObject","inLanguage":"cs","@id":"https:\/\/evertonfc.cz\/#\/schema\/logo\/image\/","url":"https:\/\/evertonfc.cz\/wp-content\/uploads\/2019\/05\/logo.png","contentUrl":"https:\/\/evertonfc.cz\/wp-content\/uploads\/2019\/05\/logo.png","width":112,"height":112,"caption":"Official Czech & Slovak Everton Supporters' Club"},"image":{"@id":"https:\/\/evertonfc.cz\/#\/schema\/logo\/image\/"},"sameAs":["https:\/\/www.facebook.com\/everton.fans.cz.sk"]},{"@type":"Person","@id":"https:\/\/evertonfc.cz\/#\/schema\/person\/cd6328a75577de2add7793fd4b0930c3","name":"Me\u0148a","url":"https:\/\/evertonfc.cz\/index.php\/author\/mena\/"}]}},"_links":{"self":[{"href":"https:\/\/evertonfc.cz\/index.php\/wp-json\/wp\/v2\/posts\/2908"}],"collection":[{"href":"https:\/\/evertonfc.cz\/index.php\/wp-json\/wp\/v2\/posts"}],"about":[{"href":"https:\/\/evertonfc.cz\/index.php\/wp-json\/wp\/v2\/types\/post"}],"author":[{"embeddable":true,"href":"https:\/\/evertonfc.cz\/index.php\/wp-json\/wp\/v2\/users\/7"}],"replies":[{"embeddable":true,"href":"https:\/\/evertonfc.cz\/index.php\/wp-json\/wp\/v2\/comments?post=2908"}],"version-history":[{"count":1,"href":"https:\/\/evertonfc.cz\/index.php\/wp-json\/wp\/v2\/posts\/2908\/revisions"}],"predecessor-version":[{"id":2909,"href":"https:\/\/evertonfc.cz\/index.php\/wp-json\/wp\/v2\/posts\/2908\/revisions\/2909"}],"wp:featuredmedia":[{"embeddable":true,"href":"https:\/\/evertonfc.cz\/index.php\/wp-json\/wp\/v2\/media\/1315"}],"wp:attachment":[{"href":"https:\/\/evertonfc.cz\/index.php\/wp-json\/wp\/v2\/media?parent=2908"}],"wp:term":[{"taxonomy":"category","embeddable":true,"href":"https:\/\/evertonfc.cz\/index.php\/wp-json\/wp\/v2\/categories?post=2908"},{"taxonomy":"post_tag","embeddable":true,"href":"https:\/\/evertonfc.cz\/index.php\/wp-json\/wp\/v2\/tags?post=2908"}],"curies":[{"name":"wp","href":"https:\/\/api.w.org\/{rel}","templated":true}]}}