{"id":2910,"date":"2010-07-15T13:49:09","date_gmt":"2010-07-15T11:49:09","guid":{"rendered":"http:\/\/evertonfc.cz\/?p=2910"},"modified":"2020-05-14T12:29:05","modified_gmt":"2020-05-14T10:29:05","slug":"letni-sraz-evertonians","status":"publish","type":"post","link":"https:\/\/evertonfc.cz\/index.php\/2010\/07\/15\/letni-sraz-evertonians\/","title":{"rendered":"Letn\u00ed sraz Evertonians"},"content":{"rendered":"<h4>Stejn\u011b jako loni, kdy si Evertonians z r\u016fzn\u00fdch z\u00e1kout\u00ed \u010ceska i Slovenska uspo\u0159\u00e1dali spole\u010dn\u00e9 dvoudenn\u00ed dostaven\u00ed\u010dko, je podobn\u00e1 letn\u00ed akce zam\u00fd\u0161lena i letos.<\/h4>\n<h4><strong>Zpr\u00e1va od Pepa.EFC, organiz\u00e1tora srazu<\/strong><\/h4>\n<p>N\u00e1\u0161 sraz se rychle bl\u00ed\u017e\u00ed a proto p\u00e1r informac\u00ed. V p\u00e1tek v odpoledn\u00edch pop\u0159. ve\u010dern\u00edch hodin\u00e1ch ubytov\u00e1n\u00ed jako vloni v hotelu Morava. Po nezbytn\u00fdch formalit\u00e1ch jako uv\u00edt\u00e1n\u00ed, ob\u010derstven\u00ed a pod., kdo bude m\u00edt z\u00e1jem, tak m\u016f\u017eeme od 19 hod. odej\u00edt kousek od hotelu na h\u0159i\u0161t\u011b na mal\u00fd fotbal a lehce si d\u00e1t seznamovac\u00ed tr\u00e9ning se spoluhr\u00e1\u010di, kte\u0159\u00ed n\u00e1s pop\u0159\u00edpad\u011b dopln\u00ed v sobotu na z\u00e1pas. Asi po hodince \/v\u0161e z\u00e1le\u017e\u00ed na n\u00e1s\/ se vr\u00e1t\u00edme zp\u011bt do m\u00edst ubytov\u00e1n\u00ed, zde po nezbytn\u00e9 spr\u0161e a pod. m\u00e1m p\u0159\u00edmo v tomto objektu domluveno m\u00edsto k posezen\u00ed. Sou\u010d\u00e1st\u00ed tohoto bude samoz\u0159ejm\u011b ob\u010derstven\u00ed, velkoplo\u0161n\u00e1 televize s DVD a p\u0159ipraven bude i kan\u010d\u00ed gul\u00e1\u0161 za &#8222;lidovou cenu&#8220;. Samoz\u0159ejmost\u00ed je v\u00fd\u010dep. Jak bude ve\u010der d\u00e1l pokra\u010dovat z\u00e1le\u017e\u00ed na n\u00e1s, rozhodn\u011b se ale nebudeme nudit&#8230;<\/p>\n<p>V sobotu po klidn\u00e9m probuzen\u00ed o zaslou\u017een\u00e9m odpo\u010dinku v cca 15.30 hod. sraz a odjezd do nedalek\u00e9ho Boru\u0161ova, kde sehrajeme stejn\u011b jako vloni fotbalov\u00fd z\u00e1pas. Jedn\u00e1 se o klasick\u00e9 travnat\u00e9 fotb. h\u0159i\u0161t\u011b trochu men\u0161\u00edch rozm\u011br\u016f, vhodn\u00e9 kopa\u010dky \/na p\u00e1te\u010dn\u00ed fotb\u00e1lek lep\u0161\u00ed hladn\u00e1 sport. obuv\/. Zde znovu zaji\u0161t\u011bno ob\u010derstven\u00ed, minim\u00e1ln\u011b pivo a klob\u00e1sky z ud\u00edrny. Po fotb\u00e1lku a ob\u010derstven\u00ed n\u00e1vrat na Moravu a zde pokra\u010dov\u00e1n\u00ed ve\u010dera na stejn\u00e9m m\u00edst\u011b jako v p\u00e1tek a nav\u00edc pot\u00e9 mo\u017en\u00fd p\u0159esun do vedlej\u0161\u00ed kav\u00e1rny Morava, kde bude prob\u00edhat diskot\u00e9ka&#8230; V\u0161e tedy situov\u00e1no do jednoho m\u00edsta hotelu Morava.<\/p>\n<p>Douf\u00e1m, \u017ee v\u0161e co uv\u00e1d\u00edm a moj\u00ed spolupo\u0159adatel\u00e9 p\u0159isl\u00edbili dopadne, m\u00e1m v\u0161ak p\u0159ipraven\u00e9 i n\u00e1hradn\u00ed varianty. Nudit se nebudeme.<\/p>\n<p>Kdo m\u00e1 mo\u017enost vemte n\u011bjak\u00e9 DVD, nejl\u00e9pe souhrn posledn\u00edch sez\u00f3n, pop\u0159. dal\u0161\u00ed v\u011bci jako vlajky, dresy a pod.<\/p>\n<p>Jinak po\u010d\u00edt\u00e1m se stejn\u00fdmi\u00a0 \u00fa\u010dastn\u00edky jako minul\u00fd rok, k tomu j\u011b\u0161t\u011b s Kubou. Mo\u017en\u00e1 doraz\u00ed i dal\u0161\u00ed, kte\u0159\u00ed j\u011b\u0161t\u011b nejsou rozhodnuti, tak nev\u00e1hejte, nebudete litovat a dejte v\u011bd\u011bt na moji mail.adresu pepamalek@seznam.cz, zde odpov\u00edm i p\u0159\u00edpadn\u00e9 dotazy.<\/p>\n<p>Ke spole\u010dn\u00e9mu posezen\u00ed jsem pozval i na\u0161e fotbalov\u00e9 partnery, se kter\u00fdmi v p\u00e1tek a sobotu budeme hr\u00e1t, ozvalo se mi i p\u00e1r fanou\u0161k\u016f z jin\u00fdch klub\u016f PL, kte\u0159\u00ed se mo\u017en\u00e1 p\u0159ijedou pod\u00edvat.<\/p>\n<p>Zdrav\u00ed V\u00e1s v\u0161echny Pepa.EFC, r\u00e1d bych uv\u00edtal v\u00edce fanou\u0161k\u016f, aspo\u0148 tak jak v Olomouci vloni v srpnu.. Co vy v\u0161ichni na to. Zdar.<\/p>\n<hr \/>\n<p>Sedmi\u010dka Evertonians, kter\u00e1 do Moravsk\u00e9 T\u0159ebov\u00e9 dorazila ji\u017e loni, rozhodn\u011b nelitovala. B\u011bhem dvoudenn\u00ed \u010dervencov\u00e9 akce jsme toho stihli (nejen pop\u00edt) opravdu hodn\u011b, a nejinak tomu bude i letos. Term\u00edn srazu bude t\u00e9m\u011b\u0159 na chlup stejn\u00fd jako loni. Tentokr\u00e1t p\u016fjde o term\u00edn 16. &#8211; 18. 7., tedy p\u00e1tek a\u017e ned\u011ble.<\/p>\n<p>Sou\u010d\u00e1st\u00ed srazu budou nejen p\u0159\u00edjemn\u00e1 posezen\u00ed v hosp\u016fdce t\u0159eba i za prom\u00edt\u00e1n\u00ed r\u016fzn\u00fdch &#8222;d\u00e9v\u00e9d\u00e9\u010dek&#8220; ale pozadu nez\u016fstane ani sportovn\u00ed str\u00e1nka v\u011bci. Po\u0159adatel Pepa, jen\u017e n\u00e1s v Moravsk\u00e9 T\u0159ebov\u00e9 hostil i loni, op\u011bt domluv\u00ed sranda ma\u010d s m\u00edstn\u00edmi fotbalov\u00fdmi nad\u0161enci, tak\u017ee se nebojte, \u017ee byste se neprot\u00e1hli. Hraje se za ka\u017ed\u00e9ho po\u010das\u00ed \ud83d\ude42 Nechyb\u011bt pravd\u011bpodobn\u011b nebude ani ob\u010derstven\u00ed.<\/p>\n<p>Ubytov\u00e1n\u00ed bude rovn\u011b\u017e beze zm\u011bny. Nocleh a stravov\u00e1n\u00ed bude znovu poskytovat penzion Morava, situov\u00e1n ide\u00e1ln\u011b v centru m\u011bsta. Cena za jedno l\u016f\u017eko na dv\u011b noci se pohybuje kolem 500 korun, co\u017e nen\u00ed \u017e\u00e1dn\u00e1 z\u00e1vratn\u00e1 \u010d\u00e1stka.<\/p>\n<p>\u010casu je sice je\u0161t\u011b relativn\u011b dost, ale vy z\u00e1jemci, kte\u0159\u00ed jste chyb\u011bli loni a m\u011bli byste z\u00e1jem dorazit letos, dejte jistojist\u011b v\u011bd\u011bt. Dve\u0159e jsou tak\u00e9 otev\u0159eny i fanou\u0161k\u016fm jin\u00fdch klub\u016f, nemus\u00ed se jednat o z\u00e1le\u017eitost \u010dist\u011b evertonskou. Fandov\u00e9 anglick\u00e9ho fotbalu jsou na sraze v\u00edt\u00e1ni.<\/p>\n<p>P\u0159\u00edpadn\u00e9 dotazy sm\u011b\u0159ujte bu\u010f do koment\u00e1\u0159\u016f, nebo na maily mena.efc@seznam.cz \u010di rici.efc@gmail.com.<\/p>\n","protected":false},"excerpt":{"rendered":"<p>Stejn\u011b jako loni, kdy si Evertonians z r\u016fzn\u00fdch z\u00e1kout\u00ed \u010ceska i Slovenska uspo\u0159\u00e1dali spole\u010dn\u00e9 dvoudenn\u00ed dostaven\u00ed\u010dko, je podobn\u00e1 letn\u00ed akce&hellip;<\/p>\n","protected":false},"author":7,"featured_media":1313,"comment_status":"open","ping_status":"closed","sticky":false,"template":"","format":"standard","meta":{"_eb_attr":"","_monsterinsights_skip_tracking":false,"_monsterinsights_sitenote_active":false,"_monsterinsights_sitenote_note":"","_monsterinsights_sitenote_category":0,"footnotes":""},"categories":[85],"tags":[],"yoast_head":"<!-- This site is optimized with the Yoast SEO plugin v23.4 - https:\/\/yoast.com\/wordpress\/plugins\/seo\/ -->\n<title>Letn\u00ed sraz Evertonians - Official Czech &amp; Slovak Everton Supporters&#039; Club<\/title>\n<meta name=\"robots\" content=\"index, follow, max-snippet:-1, max-image-preview:large, max-video-preview:-1\" \/>\n<link rel=\"canonical\" href=\"https:\/\/evertonfc.cz\/index.php\/2010\/07\/15\/letni-sraz-evertonians\/\" \/>\n<meta property=\"og:locale\" content=\"cs_CZ\" \/>\n<meta property=\"og:type\" content=\"article\" \/>\n<meta property=\"og:title\" content=\"Letn\u00ed sraz Evertonians - Official Czech &amp; Slovak Everton Supporters&#039; Club\" \/>\n<meta property=\"og:description\" content=\"Stejn\u011b jako loni, kdy si Evertonians z r\u016fzn\u00fdch z\u00e1kout\u00ed \u010ceska i Slovenska uspo\u0159\u00e1dali spole\u010dn\u00e9 dvoudenn\u00ed dostaven\u00ed\u010dko, je podobn\u00e1 letn\u00ed akce&hellip;\" \/>\n<meta property=\"og:url\" content=\"https:\/\/evertonfc.cz\/index.php\/2010\/07\/15\/letni-sraz-evertonians\/\" \/>\n<meta property=\"og:site_name\" content=\"Official Czech &amp; Slovak Everton Supporters&#039; Club\" \/>\n<meta property=\"article:publisher\" content=\"https:\/\/www.facebook.com\/everton.fans.cz.sk\" \/>\n<meta property=\"article:published_time\" content=\"2010-07-15T11:49:09+00:00\" \/>\n<meta property=\"article:modified_time\" content=\"2020-05-14T10:29:05+00:00\" \/>\n<meta property=\"og:image\" content=\"https:\/\/evertonfc.cz\/wp-content\/uploads\/2019\/01\/news.jpg\" \/>\n\t<meta property=\"og:image:width\" content=\"720\" \/>\n\t<meta property=\"og:image:height\" content=\"405\" \/>\n\t<meta property=\"og:image:type\" content=\"image\/jpeg\" \/>\n<meta name=\"author\" content=\"Me\u0148a\" \/>\n<meta name=\"twitter:card\" content=\"summary_large_image\" \/>\n<meta name=\"twitter:label1\" content=\"Napsal(a)\" \/>\n\t<meta name=\"twitter:data1\" content=\"Me\u0148a\" \/>\n\t<meta name=\"twitter:label2\" content=\"Odhadovan\u00e1 doba \u010dten\u00ed\" \/>\n\t<meta name=\"twitter:data2\" content=\"4 minuty\" \/>\n<script type=\"application\/ld+json\" class=\"yoast-schema-graph\">{\"@context\":\"https:\/\/schema.org\",\"@graph\":[{\"@type\":\"Article\",\"@id\":\"https:\/\/evertonfc.cz\/index.php\/2010\/07\/15\/letni-sraz-evertonians\/#article\",\"isPartOf\":{\"@id\":\"https:\/\/evertonfc.cz\/index.php\/2010\/07\/15\/letni-sraz-evertonians\/\"},\"author\":{\"name\":\"Me\u0148a\",\"@id\":\"https:\/\/evertonfc.cz\/#\/schema\/person\/cd6328a75577de2add7793fd4b0930c3\"},\"headline\":\"Letn\u00ed sraz Evertonians\",\"datePublished\":\"2010-07-15T11:49:09+00:00\",\"dateModified\":\"2020-05-14T10:29:05+00:00\",\"mainEntityOfPage\":{\"@id\":\"https:\/\/evertonfc.cz\/index.php\/2010\/07\/15\/letni-sraz-evertonians\/\"},\"wordCount\":792,\"commentCount\":0,\"publisher\":{\"@id\":\"https:\/\/evertonfc.cz\/#organization\"},\"image\":{\"@id\":\"https:\/\/evertonfc.cz\/index.php\/2010\/07\/15\/letni-sraz-evertonians\/#primaryimage\"},\"thumbnailUrl\":\"https:\/\/evertonfc.cz\/wp-content\/uploads\/2019\/01\/news.jpg\",\"articleSection\":[\"Supporters' Club\"],\"inLanguage\":\"cs\",\"potentialAction\":[{\"@type\":\"CommentAction\",\"name\":\"Comment\",\"target\":[\"https:\/\/evertonfc.cz\/index.php\/2010\/07\/15\/letni-sraz-evertonians\/#respond\"]}]},{\"@type\":\"WebPage\",\"@id\":\"https:\/\/evertonfc.cz\/index.php\/2010\/07\/15\/letni-sraz-evertonians\/\",\"url\":\"https:\/\/evertonfc.cz\/index.php\/2010\/07\/15\/letni-sraz-evertonians\/\",\"name\":\"Letn\u00ed sraz Evertonians - Official Czech &amp; Slovak Everton Supporters&#039; Club\",\"isPartOf\":{\"@id\":\"https:\/\/evertonfc.cz\/#website\"},\"primaryImageOfPage\":{\"@id\":\"https:\/\/evertonfc.cz\/index.php\/2010\/07\/15\/letni-sraz-evertonians\/#primaryimage\"},\"image\":{\"@id\":\"https:\/\/evertonfc.cz\/index.php\/2010\/07\/15\/letni-sraz-evertonians\/#primaryimage\"},\"thumbnailUrl\":\"https:\/\/evertonfc.cz\/wp-content\/uploads\/2019\/01\/news.jpg\",\"datePublished\":\"2010-07-15T11:49:09+00:00\",\"dateModified\":\"2020-05-14T10:29:05+00:00\",\"breadcrumb\":{\"@id\":\"https:\/\/evertonfc.cz\/index.php\/2010\/07\/15\/letni-sraz-evertonians\/#breadcrumb\"},\"inLanguage\":\"cs\",\"potentialAction\":[{\"@type\":\"ReadAction\",\"target\":[\"https:\/\/evertonfc.cz\/index.php\/2010\/07\/15\/letni-sraz-evertonians\/\"]}]},{\"@type\":\"ImageObject\",\"inLanguage\":\"cs\",\"@id\":\"https:\/\/evertonfc.cz\/index.php\/2010\/07\/15\/letni-sraz-evertonians\/#primaryimage\",\"url\":\"https:\/\/evertonfc.cz\/wp-content\/uploads\/2019\/01\/news.jpg\",\"contentUrl\":\"https:\/\/evertonfc.cz\/wp-content\/uploads\/2019\/01\/news.jpg\",\"width\":720,\"height\":405},{\"@type\":\"BreadcrumbList\",\"@id\":\"https:\/\/evertonfc.cz\/index.php\/2010\/07\/15\/letni-sraz-evertonians\/#breadcrumb\",\"itemListElement\":[{\"@type\":\"ListItem\",\"position\":1,\"name\":\"Home\",\"item\":\"https:\/\/evertonfc.cz\/\"},{\"@type\":\"ListItem\",\"position\":2,\"name\":\"Letn\u00ed sraz Evertonians\"}]},{\"@type\":\"WebSite\",\"@id\":\"https:\/\/evertonfc.cz\/#website\",\"url\":\"https:\/\/evertonfc.cz\/\",\"name\":\"Official Czech &amp; Slovak Everton Supporters&#039; Club\",\"description\":\"\",\"publisher\":{\"@id\":\"https:\/\/evertonfc.cz\/#organization\"},\"potentialAction\":[{\"@type\":\"SearchAction\",\"target\":{\"@type\":\"EntryPoint\",\"urlTemplate\":\"https:\/\/evertonfc.cz\/?s={search_term_string}\"},\"query-input\":{\"@type\":\"PropertyValueSpecification\",\"valueRequired\":true,\"valueName\":\"search_term_string\"}}],\"inLanguage\":\"cs\"},{\"@type\":\"Organization\",\"@id\":\"https:\/\/evertonfc.cz\/#organization\",\"name\":\"Official Czech & Slovak Everton Supporters' Club\",\"url\":\"https:\/\/evertonfc.cz\/\",\"logo\":{\"@type\":\"ImageObject\",\"inLanguage\":\"cs\",\"@id\":\"https:\/\/evertonfc.cz\/#\/schema\/logo\/image\/\",\"url\":\"https:\/\/evertonfc.cz\/wp-content\/uploads\/2019\/05\/logo.png\",\"contentUrl\":\"https:\/\/evertonfc.cz\/wp-content\/uploads\/2019\/05\/logo.png\",\"width\":112,\"height\":112,\"caption\":\"Official Czech & Slovak Everton Supporters' Club\"},\"image\":{\"@id\":\"https:\/\/evertonfc.cz\/#\/schema\/logo\/image\/\"},\"sameAs\":[\"https:\/\/www.facebook.com\/everton.fans.cz.sk\"]},{\"@type\":\"Person\",\"@id\":\"https:\/\/evertonfc.cz\/#\/schema\/person\/cd6328a75577de2add7793fd4b0930c3\",\"name\":\"Me\u0148a\",\"url\":\"https:\/\/evertonfc.cz\/index.php\/author\/mena\/\"}]}<\/script>\n<!-- \/ Yoast SEO plugin. -->","yoast_head_json":{"title":"Letn\u00ed sraz Evertonians - Official Czech &amp; Slovak Everton Supporters&#039; Club","robots":{"index":"index","follow":"follow","max-snippet":"max-snippet:-1","max-image-preview":"max-image-preview:large","max-video-preview":"max-video-preview:-1"},"canonical":"https:\/\/evertonfc.cz\/index.php\/2010\/07\/15\/letni-sraz-evertonians\/","og_locale":"cs_CZ","og_type":"article","og_title":"Letn\u00ed sraz Evertonians - Official Czech &amp; Slovak Everton Supporters&#039; Club","og_description":"Stejn\u011b jako loni, kdy si Evertonians z r\u016fzn\u00fdch z\u00e1kout\u00ed \u010ceska i Slovenska uspo\u0159\u00e1dali spole\u010dn\u00e9 dvoudenn\u00ed dostaven\u00ed\u010dko, je podobn\u00e1 letn\u00ed akce&hellip;","og_url":"https:\/\/evertonfc.cz\/index.php\/2010\/07\/15\/letni-sraz-evertonians\/","og_site_name":"Official Czech &amp; Slovak Everton Supporters&#039; Club","article_publisher":"https:\/\/www.facebook.com\/everton.fans.cz.sk","article_published_time":"2010-07-15T11:49:09+00:00","article_modified_time":"2020-05-14T10:29:05+00:00","og_image":[{"width":720,"height":405,"url":"https:\/\/evertonfc.cz\/wp-content\/uploads\/2019\/01\/news.jpg","type":"image\/jpeg"}],"author":"Me\u0148a","twitter_card":"summary_large_image","twitter_misc":{"Napsal(a)":"Me\u0148a","Odhadovan\u00e1 doba \u010dten\u00ed":"4 minuty"},"schema":{"@context":"https:\/\/schema.org","@graph":[{"@type":"Article","@id":"https:\/\/evertonfc.cz\/index.php\/2010\/07\/15\/letni-sraz-evertonians\/#article","isPartOf":{"@id":"https:\/\/evertonfc.cz\/index.php\/2010\/07\/15\/letni-sraz-evertonians\/"},"author":{"name":"Me\u0148a","@id":"https:\/\/evertonfc.cz\/#\/schema\/person\/cd6328a75577de2add7793fd4b0930c3"},"headline":"Letn\u00ed sraz Evertonians","datePublished":"2010-07-15T11:49:09+00:00","dateModified":"2020-05-14T10:29:05+00:00","mainEntityOfPage":{"@id":"https:\/\/evertonfc.cz\/index.php\/2010\/07\/15\/letni-sraz-evertonians\/"},"wordCount":792,"commentCount":0,"publisher":{"@id":"https:\/\/evertonfc.cz\/#organization"},"image":{"@id":"https:\/\/evertonfc.cz\/index.php\/2010\/07\/15\/letni-sraz-evertonians\/#primaryimage"},"thumbnailUrl":"https:\/\/evertonfc.cz\/wp-content\/uploads\/2019\/01\/news.jpg","articleSection":["Supporters' Club"],"inLanguage":"cs","potentialAction":[{"@type":"CommentAction","name":"Comment","target":["https:\/\/evertonfc.cz\/index.php\/2010\/07\/15\/letni-sraz-evertonians\/#respond"]}]},{"@type":"WebPage","@id":"https:\/\/evertonfc.cz\/index.php\/2010\/07\/15\/letni-sraz-evertonians\/","url":"https:\/\/evertonfc.cz\/index.php\/2010\/07\/15\/letni-sraz-evertonians\/","name":"Letn\u00ed sraz Evertonians - Official Czech &amp; Slovak Everton Supporters&#039; Club","isPartOf":{"@id":"https:\/\/evertonfc.cz\/#website"},"primaryImageOfPage":{"@id":"https:\/\/evertonfc.cz\/index.php\/2010\/07\/15\/letni-sraz-evertonians\/#primaryimage"},"image":{"@id":"https:\/\/evertonfc.cz\/index.php\/2010\/07\/15\/letni-sraz-evertonians\/#primaryimage"},"thumbnailUrl":"https:\/\/evertonfc.cz\/wp-content\/uploads\/2019\/01\/news.jpg","datePublished":"2010-07-15T11:49:09+00:00","dateModified":"2020-05-14T10:29:05+00:00","breadcrumb":{"@id":"https:\/\/evertonfc.cz\/index.php\/2010\/07\/15\/letni-sraz-evertonians\/#breadcrumb"},"inLanguage":"cs","potentialAction":[{"@type":"ReadAction","target":["https:\/\/evertonfc.cz\/index.php\/2010\/07\/15\/letni-sraz-evertonians\/"]}]},{"@type":"ImageObject","inLanguage":"cs","@id":"https:\/\/evertonfc.cz\/index.php\/2010\/07\/15\/letni-sraz-evertonians\/#primaryimage","url":"https:\/\/evertonfc.cz\/wp-content\/uploads\/2019\/01\/news.jpg","contentUrl":"https:\/\/evertonfc.cz\/wp-content\/uploads\/2019\/01\/news.jpg","width":720,"height":405},{"@type":"BreadcrumbList","@id":"https:\/\/evertonfc.cz\/index.php\/2010\/07\/15\/letni-sraz-evertonians\/#breadcrumb","itemListElement":[{"@type":"ListItem","position":1,"name":"Home","item":"https:\/\/evertonfc.cz\/"},{"@type":"ListItem","position":2,"name":"Letn\u00ed sraz Evertonians"}]},{"@type":"WebSite","@id":"https:\/\/evertonfc.cz\/#website","url":"https:\/\/evertonfc.cz\/","name":"Official Czech &amp; Slovak Everton Supporters&#039; Club","description":"","publisher":{"@id":"https:\/\/evertonfc.cz\/#organization"},"potentialAction":[{"@type":"SearchAction","target":{"@type":"EntryPoint","urlTemplate":"https:\/\/evertonfc.cz\/?s={search_term_string}"},"query-input":{"@type":"PropertyValueSpecification","valueRequired":true,"valueName":"search_term_string"}}],"inLanguage":"cs"},{"@type":"Organization","@id":"https:\/\/evertonfc.cz\/#organization","name":"Official Czech & Slovak Everton Supporters' Club","url":"https:\/\/evertonfc.cz\/","logo":{"@type":"ImageObject","inLanguage":"cs","@id":"https:\/\/evertonfc.cz\/#\/schema\/logo\/image\/","url":"https:\/\/evertonfc.cz\/wp-content\/uploads\/2019\/05\/logo.png","contentUrl":"https:\/\/evertonfc.cz\/wp-content\/uploads\/2019\/05\/logo.png","width":112,"height":112,"caption":"Official Czech & Slovak Everton Supporters' Club"},"image":{"@id":"https:\/\/evertonfc.cz\/#\/schema\/logo\/image\/"},"sameAs":["https:\/\/www.facebook.com\/everton.fans.cz.sk"]},{"@type":"Person","@id":"https:\/\/evertonfc.cz\/#\/schema\/person\/cd6328a75577de2add7793fd4b0930c3","name":"Me\u0148a","url":"https:\/\/evertonfc.cz\/index.php\/author\/mena\/"}]}},"_links":{"self":[{"href":"https:\/\/evertonfc.cz\/index.php\/wp-json\/wp\/v2\/posts\/2910"}],"collection":[{"href":"https:\/\/evertonfc.cz\/index.php\/wp-json\/wp\/v2\/posts"}],"about":[{"href":"https:\/\/evertonfc.cz\/index.php\/wp-json\/wp\/v2\/types\/post"}],"author":[{"embeddable":true,"href":"https:\/\/evertonfc.cz\/index.php\/wp-json\/wp\/v2\/users\/7"}],"replies":[{"embeddable":true,"href":"https:\/\/evertonfc.cz\/index.php\/wp-json\/wp\/v2\/comments?post=2910"}],"version-history":[{"count":1,"href":"https:\/\/evertonfc.cz\/index.php\/wp-json\/wp\/v2\/posts\/2910\/revisions"}],"predecessor-version":[{"id":2911,"href":"https:\/\/evertonfc.cz\/index.php\/wp-json\/wp\/v2\/posts\/2910\/revisions\/2911"}],"wp:featuredmedia":[{"embeddable":true,"href":"https:\/\/evertonfc.cz\/index.php\/wp-json\/wp\/v2\/media\/1313"}],"wp:attachment":[{"href":"https:\/\/evertonfc.cz\/index.php\/wp-json\/wp\/v2\/media?parent=2910"}],"wp:term":[{"taxonomy":"category","embeddable":true,"href":"https:\/\/evertonfc.cz\/index.php\/wp-json\/wp\/v2\/categories?post=2910"},{"taxonomy":"post_tag","embeddable":true,"href":"https:\/\/evertonfc.cz\/index.php\/wp-json\/wp\/v2\/tags?post=2910"}],"curies":[{"name":"wp","href":"https:\/\/api.w.org\/{rel}","templated":true}]}}